{"id":167463,"date":"2026-05-23T15:33:28","date_gmt":"2026-05-23T12:33:28","guid":{"rendered":"https:\/\/epochtimestr.com\/?p=167463"},"modified":"2026-05-23T15:33:31","modified_gmt":"2026-05-23T12:33:31","slug":"ab-iran-yaptirimlarini-genisletti","status":"publish","type":"post","link":"https:\/\/epochtimestr.com\/index.php\/ab-iran-yaptirimlarini-genisletti","title":{"rendered":"AB \u0130ran Yapt\u0131r\u0131mlar\u0131n\u0131 Geni\u015fletti"},"content":{"rendered":"<div class=\"wp-block-image\">\n<figure class=\"aligncenter size-full\"><img loading=\"lazy\" decoding=\"async\" width=\"1200\" height=\"750\" src=\"https:\/\/epochtimestr.com\/wp-content\/uploads\/2011y\/1000039185.jpg\" alt=\"AB \u0130ran ile ilgili yapt\u0131r\u0131mlar\u0131 geni\u015fleterek H\u00fcrm\u00fcz Bo\u011faz\u0131\u2019ndaki deniz g\u00fcvenli\u011fi ve ge\u00e7i\u015f serbestisine y\u00f6nelik ihlalleri kapsama ald\u0131. Dosya foto\u011fraf\u0131: Avrupa Birli\u011fi bayraklar\u0131, Bel\u00e7ika\u2019n\u0131n Br\u00fcksel kentinde AB Komisyonu merkez binas\u0131 d\u0131\u015f\u0131nda dalgalan\u0131yor. 19 Eyl\u00fcl 2019. (REUTERS\/Yves Herman\/Dosya foto\u011fraf\u0131\/Epoch Times arac\u0131yla)\" class=\"wp-image-167466\" srcset=\"https:\/\/epochtimestr.com\/wp-content\/uploads\/2011y\/1000039185.jpg 1200w, https:\/\/epochtimestr.com\/wp-content\/uploads\/2011y\/1000039185-300x188.jpg 300w, https:\/\/epochtimestr.com\/wp-content\/uploads\/2011y\/1000039185-150x94.jpg 150w, https:\/\/epochtimestr.com\/wp-content\/uploads\/2011y\/1000039185-768x480.jpg 768w\" sizes=\"(max-width: 1200px) 100vw, 1200px\" \/><figcaption class=\"wp-element-caption\">AB \u0130ran ile ilgili yapt\u0131r\u0131mlar\u0131 geni\u015fleterek H\u00fcrm\u00fcz Bo\u011faz\u0131\u2019ndaki deniz g\u00fcvenli\u011fi ve ge\u00e7i\u015f serbestisine y\u00f6nelik ihlalleri kapsama ald\u0131. Avrupa Birli\u011fi bayraklar\u0131, Bel\u00e7ika\u2019n\u0131n Br\u00fcksel kentinde AB Komisyonu merkez binas\u0131 d\u0131\u015f\u0131nda dalgalan\u0131yor. 19 Eyl\u00fcl 2019. (Foto\u011fraf: Yves Herman, Reuters, The Epoch Times arac\u0131l\u0131\u011f\u0131yla)<\/figcaption><\/figure><\/div>\n\n\n<p>Avrupa Birli\u011fi, \u0130ran yapt\u0131r\u0131mlar\u0131n\u0131 deniz g\u00fcvenli\u011fi alan\u0131nda geni\u015fletti. AB Konseyi, <a href=\"https:\/\/www.theepochtimes.com\/world\/eu-expands-iran-sanctions-to-include-threats-to-freedom-of-navigation-in-the-middle-east-6036375\">22 May\u0131s 2026 tarihinde<\/a> oy birli\u011fiyle al\u0131nan, yapt\u0131r\u0131m \u00e7er\u00e7evesini de\u011fi\u015ftirme karar\u0131n\u0131 duyurdu. Karar, H\u00fcrm\u00fcz Bo\u011faz\u0131\u2019ndaki tehditleri, deniz g\u00fcvenli\u011fi ve ge\u00e7i\u015f serbestisine y\u00f6nelik ihlalleri kaps\u0131yor.<\/p>\n\n\n\n<p>Yeni d\u00fczenleme ile, \u0130ran ba\u011flant\u0131l\u0131 ki\u015fi ve kurulu\u015flar\u0131n deniz ula\u015f\u0131m\u0131n\u0131 engelleyen faaliyetleri yapt\u0131r\u0131m kapsam\u0131na girecek. AB Konseyinin yay\u0131mlad\u0131\u011f\u0131 a\u00e7\u0131klamada ayr\u0131ca \u0130ran\u2019\u0131n H\u00fcrm\u00fcz Bo\u011faz\u0131\u2019ndaki uygulamalar\u0131 ele\u015ftirildi. Konsey, bu ad\u0131mlar\u0131n uluslararas\u0131 hukuka ayk\u0131r\u0131 oldu\u011funu, transit ge\u00e7i\u015f ve zarars\u0131z ge\u00e7i\u015f haklar\u0131n\u0131n ihlal edildi\u011fini bildirdi. Bununla birlikte AB, yeni yapt\u0131r\u0131mlar\u0131n hukuki temelini olu\u015fturdu.<\/p>\n\n\n\n<p>Yapt\u0131r\u0131mlar aras\u0131nda seyahat yasaklar\u0131 ile baz\u0131 ki\u015fi ve kurulu\u015flar\u0131n mal varl\u0131klar\u0131n\u0131n dondurmas\u0131 yer al\u0131yor. Bunlara ek olarak AB vatanda\u015flar\u0131 ve \u015firketleri de finansal kaynak sa\u011flayamayacak.<\/p>\n\n\n\n<p>AB&#8217;nin ilk kez 2023 y\u0131l\u0131nda olu\u015fturdu\u011fu <a href=\"https:\/\/epochtimestr.com\/index.php\/ab-iran-yaptirimlarini-yeniden-baslatti\" target=\"_blank\" rel=\"noreferrer noopener\">yapt\u0131r\u0131m mekanizmas\u0131<\/a>, \u0130ran\u2019\u0131n Rusya\u2019ya askeri deste\u011fini hedef ald\u0131. Ayr\u0131ca Orta Do\u011fu\u2019daki silahl\u0131 gruplar\u0131n faaliyetleri de kapsama dahil oldu.<\/p>\n\n\n\n<p><strong>H\u00fcrm\u00fcz Bo\u011faz\u0131 Gerilimi B\u00fcy\u00fcyor<\/strong><\/p>\n\n\n\n<p>AB, son olaylar\u0131n ard\u0131ndan \u0130ran yapt\u0131r\u0131mlar\u0131nda g\u00fcndeme gelen de\u011fi\u015fiklikle deniz ticaretini odak noktas\u0131na ald\u0131. \u00c7\u00fcnk\u00fc d\u00fcnya petrol ve gaz\u0131n\u0131n \u00f6nemli b\u00f6l\u00fcm\u00fcn\u00fcn ge\u00e7ti\u011fi H\u00fcrm\u00fcz Bo\u011faz\u0131, k\u00fcresel enerji sevkiyat\u0131nda kritik \u00f6nem ta\u015f\u0131yor.<\/p>\n\n\n\n<p>\u0130ran, \u015fubat ay\u0131nda ba\u015flayan ABD-\u0130srail operasyonlar\u0131 sonras\u0131 ge\u00e7i\u015fleri s\u0131n\u0131rlad\u0131. Ancak Tahran y\u00f6netimi kendi ticaret a\u011f\u0131na ba\u011fl\u0131 gemilere izin verdi. Ayr\u0131ca ABD&#8217;nin ge\u00e7en ay \u0130ran limanlar\u0131na y\u00f6nelik ba\u015flatt\u0131\u011f\u0131 abluka nedeniyle b\u00f6lgedeki ticari hareketlilik azald\u0131.<\/p>\n\n\n\n<p>\u0130ran, may\u0131s ay\u0131nda yeni bir deniz otoritesi kurdu\u011funu a\u00e7\u0131klad\u0131. Persian Gulf Strait Authority adl\u0131 kurum, ge\u00e7i\u015f izinlerini y\u00f6netecek. \u00d6te yandan \u0130ran Devrim Muhaf\u0131zlar\u0131 Donanmas\u0131n\u0131n a\u00e7\u0131klamas\u0131na g\u00f6re bo\u011fazdan son 24 saatte 35 gemi ge\u00e7ti. IRNA, ge\u00e7i\u015flerin Devrim Muhaf\u0131zlar\u0131 koordinasyonunda ger\u00e7ekle\u015fti\u011fini duyurdu.<\/p>\n","protected":false},"excerpt":{"rendered":"<p>Avrupa Birli\u011fi, \u0130ran yapt\u0131r\u0131mlar\u0131n\u0131 deniz g\u00fcvenli\u011fi alan\u0131nda geni\u015fletti. AB Konseyi, 22 May\u0131s 2026 tarihinde oy birli\u011fiyle al\u0131nan, yapt\u0131r\u0131m \u00e7er\u00e7evesini de\u011fi\u015ftirme karar\u0131n\u0131 duyurdu. Karar, H\u00fcrm\u00fcz Bo\u011faz\u0131\u2019ndaki tehditleri, deniz g\u00fcvenli\u011fi ve ge\u00e7i\u015f serbestisine y\u00f6nelik ihlalleri kaps\u0131yor. Yeni d\u00fczenleme ile, \u0130ran ba\u011flant\u0131l\u0131 ki\u015fi ve kurulu\u015flar\u0131n deniz ula\u015f\u0131m\u0131n\u0131 engelleyen faaliyetleri yapt\u0131r\u0131m kapsam\u0131na girecek. AB Konseyinin yay\u0131mlad\u0131\u011f\u0131 a\u00e7\u0131klamada ayr\u0131ca \u0130ran\u2019\u0131n [&hellip;]<\/p>\n","protected":false},"author":13996,"featured_media":167466,"comment_status":"open","ping_status":"open","sticky":false,"template":"","format":"standard","meta":{"_yoast_wpseo_focuskw":"AB - \u0130ran","_yoast_wpseo_title":"","_yoast_wpseo_metadesc":"AB \u0130ran ile ilgili yapt\u0131r\u0131mlar\u0131 geni\u015fleterek H\u00fcrm\u00fcz Bo\u011faz\u0131\u2019ndaki deniz g\u00fcvenli\u011fi ve ge\u00e7i\u015f serbestisine y\u00f6nelik ihlalleri kapsama ald\u0131.","_bbp_topic_count":0,"_bbp_reply_count":0,"_bbp_total_topic_count":0,"_bbp_total_reply_count":0,"_bbp_voice_count":0,"_bbp_anonymous_reply_count":0,"_bbp_topic_count_hidden":0,"_bbp_reply_count_hidden":0,"_bbp_forum_subforum_count":0,"footnotes":"","_yoast_wpseo_focuskw_text_input":""},"categories":[5,1,8138],"tags":[1652,11444,11451,329,10522,1086,6520],"yoast_head":"<!-- This site is optimized with the Yoast SEO plugin v23.0 - https:\/\/yoast.com\/wordpress\/plugins\/seo\/ -->\n<title>AB \u0130ran Yapt\u0131r\u0131mlar\u0131n\u0131 Geni\u015fletti - The Epoch Times TR<\/title>\n<meta name=\"description\" content=\"AB \u0130ran ile ilgili yapt\u0131r\u0131mlar\u0131 geni\u015fleterek H\u00fcrm\u00fcz Bo\u011faz\u0131\u2019ndaki deniz g\u00fcvenli\u011fi ve ge\u00e7i\u015f serbestisine y\u00f6nelik ihlalleri kapsama ald\u0131.\" \/>\n<meta name=\"robots\" content=\"index, follow, max-snippet:-1, max-image-preview:large, max-video-preview:-1\" \/>\n<link rel=\"canonical\" href=\"https:\/\/epochtimestr.com\/index.php\/ab-iran-yaptirimlarini-genisletti\" \/>\n<meta property=\"og:locale\" content=\"tr_TR\" \/>\n<meta property=\"og:type\" content=\"article\" \/>\n<meta property=\"og:title\" content=\"AB \u0130ran Yapt\u0131r\u0131mlar\u0131n\u0131 Geni\u015fletti - The Epoch Times TR\" \/>\n<meta property=\"og:description\" content=\"AB \u0130ran ile ilgili yapt\u0131r\u0131mlar\u0131 geni\u015fleterek H\u00fcrm\u00fcz Bo\u011faz\u0131\u2019ndaki deniz g\u00fcvenli\u011fi ve ge\u00e7i\u015f serbestisine y\u00f6nelik ihlalleri kapsama ald\u0131.\" \/>\n<meta property=\"og:url\" content=\"https:\/\/epochtimestr.com\/index.php\/ab-iran-yaptirimlarini-genisletti\" \/>\n<meta property=\"og:site_name\" content=\"The Epoch Times TR\" \/>\n<meta property=\"article:publisher\" content=\"https:\/\/www.facebook.com\/theepochtimestr\" \/>\n<meta property=\"article:published_time\" content=\"2026-05-23T12:33:28+00:00\" \/>\n<meta property=\"article:modified_time\" content=\"2026-05-23T12:33:31+00:00\" \/>\n<meta property=\"og:image\" content=\"https:\/\/epochtimestr.com\/wp-content\/uploads\/2011y\/1000039185.jpg\" \/>\n\t<meta property=\"og:image:width\" content=\"1200\" \/>\n\t<meta property=\"og:image:height\" content=\"750\" \/>\n\t<meta property=\"og:image:type\" content=\"image\/jpeg\" \/>\n<meta name=\"author\" content=\"Leo Bajelan\" \/>\n<meta name=\"twitter:card\" content=\"summary_large_image\" \/>\n<meta name=\"twitter:creator\" content=\"@TheEpochTimesTR\" \/>\n<meta name=\"twitter:site\" content=\"@TheEpochTimesTR\" \/>\n<meta name=\"twitter:label1\" content=\"Yazan:\" \/>\n\t<meta name=\"twitter:data1\" content=\"Leo Bajelan\" \/>\n\t<meta name=\"twitter:label2\" content=\"Tahmini okuma s\u00fcresi\" \/>\n\t<meta name=\"twitter:data2\" content=\"3 dakika\" \/>\n<script type=\"application\/ld+json\" class=\"yoast-schema-graph\">{\"@context\":\"https:\/\/schema.org\",\"@graph\":[{\"@type\":\"Article\",\"@id\":\"https:\/\/epochtimestr.com\/index.php\/ab-iran-yaptirimlarini-genisletti#article\",\"isPartOf\":{\"@id\":\"https:\/\/epochtimestr.com\/index.php\/ab-iran-yaptirimlarini-genisletti\"},\"author\":{\"name\":\"Leo Bajelan\",\"@id\":\"https:\/\/epochtimestr.com\/#\/schema\/person\/5fef218711d76d8f232b0e1f1d7e4c0d\"},\"headline\":\"AB \u0130ran Yapt\u0131r\u0131mlar\u0131n\u0131 Geni\u015fletti\",\"datePublished\":\"2026-05-23T12:33:28+00:00\",\"dateModified\":\"2026-05-23T12:33:31+00:00\",\"mainEntityOfPage\":{\"@id\":\"https:\/\/epochtimestr.com\/index.php\/ab-iran-yaptirimlarini-genisletti\"},\"wordCount\":452,\"commentCount\":0,\"publisher\":{\"@id\":\"https:\/\/epochtimestr.com\/#organization\"},\"image\":{\"@id\":\"https:\/\/epochtimestr.com\/index.php\/ab-iran-yaptirimlarini-genisletti#primaryimage\"},\"thumbnailUrl\":\"https:\/\/epochtimestr.com\/wp-content\/uploads\/2011y\/1000039185.jpg\",\"keywords\":[\"AB\",\"AB \u0130ran Yapt\u0131r\u0131mlar\u0131\",\"ABD-\u0130srail\",\"avrupa birli\u011fi\",\"H\u00fcrm\u00fcz bo\u011faz\u0131\",\"\u0130ran\",\"\u0130ran Devrim Muhaf\u0131zlar\u0131\"],\"articleSection\":[\"D\u00dcNYA\",\"G\u00dcNDEM\",\"MAN\u015eET\"],\"inLanguage\":\"tr\",\"potentialAction\":[{\"@type\":\"CommentAction\",\"name\":\"Comment\",\"target\":[\"https:\/\/epochtimestr.com\/index.php\/ab-iran-yaptirimlarini-genisletti#respond\"]}]},{\"@type\":\"WebPage\",\"@id\":\"https:\/\/epochtimestr.com\/index.php\/ab-iran-yaptirimlarini-genisletti\",\"url\":\"https:\/\/epochtimestr.com\/index.php\/ab-iran-yaptirimlarini-genisletti\",\"name\":\"AB \u0130ran Yapt\u0131r\u0131mlar\u0131n\u0131 Geni\u015fletti - The Epoch Times TR\",\"isPartOf\":{\"@id\":\"https:\/\/epochtimestr.com\/#website\"},\"primaryImageOfPage\":{\"@id\":\"https:\/\/epochtimestr.com\/index.php\/ab-iran-yaptirimlarini-genisletti#primaryimage\"},\"image\":{\"@id\":\"https:\/\/epochtimestr.com\/index.php\/ab-iran-yaptirimlarini-genisletti#primaryimage\"},\"thumbnailUrl\":\"https:\/\/epochtimestr.com\/wp-content\/uploads\/2011y\/1000039185.jpg\",\"datePublished\":\"2026-05-23T12:33:28+00:00\",\"dateModified\":\"2026-05-23T12:33:31+00:00\",\"description\":\"AB \u0130ran ile ilgili yapt\u0131r\u0131mlar\u0131 geni\u015fleterek H\u00fcrm\u00fcz Bo\u011faz\u0131\u2019ndaki deniz g\u00fcvenli\u011fi ve ge\u00e7i\u015f serbestisine y\u00f6nelik ihlalleri kapsama ald\u0131.\",\"inLanguage\":\"tr\",\"potentialAction\":[{\"@type\":\"ReadAction\",\"target\":[\"https:\/\/epochtimestr.com\/index.php\/ab-iran-yaptirimlarini-genisletti\"]}]},{\"@type\":\"ImageObject\",\"inLanguage\":\"tr\",\"@id\":\"https:\/\/epochtimestr.com\/index.php\/ab-iran-yaptirimlarini-genisletti#primaryimage\",\"url\":\"https:\/\/epochtimestr.com\/wp-content\/uploads\/2011y\/1000039185.jpg\",\"contentUrl\":\"https:\/\/epochtimestr.com\/wp-content\/uploads\/2011y\/1000039185.jpg\",\"width\":1200,\"height\":750},{\"@type\":\"WebSite\",\"@id\":\"https:\/\/epochtimestr.com\/#website\",\"url\":\"https:\/\/epochtimestr.com\/\",\"name\":\"The Epoch Times TR\",\"description\":\"De\u011fi\u015fen D\u00fcnyam\u0131za Taze Bir Bak\u0131\u015f\",\"publisher\":{\"@id\":\"https:\/\/epochtimestr.com\/#organization\"},\"potentialAction\":[{\"@type\":\"SearchAction\",\"target\":{\"@type\":\"EntryPoint\",\"urlTemplate\":\"https:\/\/epochtimestr.com\/?s={search_term_string}\"},\"query-input\":\"required name=search_term_string\"}],\"inLanguage\":\"tr\"},{\"@type\":\"Organization\",\"@id\":\"https:\/\/epochtimestr.com\/#organization\",\"name\":\"The EpochTimes T\u00fcrkiye\",\"url\":\"https:\/\/epochtimestr.com\/\",\"logo\":{\"@type\":\"ImageObject\",\"inLanguage\":\"tr\",\"@id\":\"https:\/\/epochtimestr.com\/#\/schema\/logo\/image\/\",\"url\":\"https:\/\/epochtimestr.com\/wp-content\/uploads\/2011y\/ET-Logo-YG.jpg\",\"contentUrl\":\"https:\/\/epochtimestr.com\/wp-content\/uploads\/2011y\/ET-Logo-YG.jpg\",\"width\":346,\"height\":29,\"caption\":\"The EpochTimes T\u00fcrkiye\"},\"image\":{\"@id\":\"https:\/\/epochtimestr.com\/#\/schema\/logo\/image\/\"},\"sameAs\":[\"https:\/\/www.facebook.com\/theepochtimestr\",\"https:\/\/x.com\/TheEpochTimesTR\",\"https:\/\/www.instagram.com\/epochtimestr\"]},{\"@type\":\"Person\",\"@id\":\"https:\/\/epochtimestr.com\/#\/schema\/person\/5fef218711d76d8f232b0e1f1d7e4c0d\",\"name\":\"Leo Bajelan\",\"image\":{\"@type\":\"ImageObject\",\"inLanguage\":\"tr\",\"@id\":\"https:\/\/epochtimestr.com\/#\/schema\/person\/image\/\",\"url\":\"https:\/\/secure.gravatar.com\/avatar\/917669146f489549e548a2e9af272df5?s=96&d=mm&r=g\",\"contentUrl\":\"https:\/\/secure.gravatar.com\/avatar\/917669146f489549e548a2e9af272df5?s=96&d=mm&r=g\",\"caption\":\"Leo Bajelan\"},\"url\":\"https:\/\/epochtimestr.com\/index.php\/author\/leo\"}]}<\/script>\n<!-- \/ Yoast SEO plugin. -->","yoast_head_json":{"title":"AB \u0130ran Yapt\u0131r\u0131mlar\u0131n\u0131 Geni\u015fletti - The Epoch Times TR","description":"AB \u0130ran ile ilgili yapt\u0131r\u0131mlar\u0131 geni\u015fleterek H\u00fcrm\u00fcz Bo\u011faz\u0131\u2019ndaki deniz g\u00fcvenli\u011fi ve ge\u00e7i\u015f serbestisine y\u00f6nelik ihlalleri kapsama ald\u0131.","robots":{"index":"index","follow":"follow","max-snippet":"max-snippet:-1","max-image-preview":"max-image-preview:large","max-video-preview":"max-video-preview:-1"},"canonical":"https:\/\/epochtimestr.com\/index.php\/ab-iran-yaptirimlarini-genisletti","og_locale":"tr_TR","og_type":"article","og_title":"AB \u0130ran Yapt\u0131r\u0131mlar\u0131n\u0131 Geni\u015fletti - The Epoch Times TR","og_description":"AB \u0130ran ile ilgili yapt\u0131r\u0131mlar\u0131 geni\u015fleterek H\u00fcrm\u00fcz Bo\u011faz\u0131\u2019ndaki deniz g\u00fcvenli\u011fi ve ge\u00e7i\u015f serbestisine y\u00f6nelik ihlalleri kapsama ald\u0131.","og_url":"https:\/\/epochtimestr.com\/index.php\/ab-iran-yaptirimlarini-genisletti","og_site_name":"The Epoch Times TR","article_publisher":"https:\/\/www.facebook.com\/theepochtimestr","article_published_time":"2026-05-23T12:33:28+00:00","article_modified_time":"2026-05-23T12:33:31+00:00","og_image":[{"width":1200,"height":750,"url":"https:\/\/epochtimestr.com\/wp-content\/uploads\/2011y\/1000039185.jpg","type":"image\/jpeg"}],"author":"Leo Bajelan","twitter_card":"summary_large_image","twitter_creator":"@TheEpochTimesTR","twitter_site":"@TheEpochTimesTR","twitter_misc":{"Yazan:":"Leo Bajelan","Tahmini okuma s\u00fcresi":"3 dakika"},"schema":{"@context":"https:\/\/schema.org","@graph":[{"@type":"Article","@id":"https:\/\/epochtimestr.com\/index.php\/ab-iran-yaptirimlarini-genisletti#article","isPartOf":{"@id":"https:\/\/epochtimestr.com\/index.php\/ab-iran-yaptirimlarini-genisletti"},"author":{"name":"Leo Bajelan","@id":"https:\/\/epochtimestr.com\/#\/schema\/person\/5fef218711d76d8f232b0e1f1d7e4c0d"},"headline":"AB \u0130ran Yapt\u0131r\u0131mlar\u0131n\u0131 Geni\u015fletti","datePublished":"2026-05-23T12:33:28+00:00","dateModified":"2026-05-23T12:33:31+00:00","mainEntityOfPage":{"@id":"https:\/\/epochtimestr.com\/index.php\/ab-iran-yaptirimlarini-genisletti"},"wordCount":452,"commentCount":0,"publisher":{"@id":"https:\/\/epochtimestr.com\/#organization"},"image":{"@id":"https:\/\/epochtimestr.com\/index.php\/ab-iran-yaptirimlarini-genisletti#primaryimage"},"thumbnailUrl":"https:\/\/epochtimestr.com\/wp-content\/uploads\/2011y\/1000039185.jpg","keywords":["AB","AB \u0130ran Yapt\u0131r\u0131mlar\u0131","ABD-\u0130srail","avrupa birli\u011fi","H\u00fcrm\u00fcz bo\u011faz\u0131","\u0130ran","\u0130ran Devrim Muhaf\u0131zlar\u0131"],"articleSection":["D\u00dcNYA","G\u00dcNDEM","MAN\u015eET"],"inLanguage":"tr","potentialAction":[{"@type":"CommentAction","name":"Comment","target":["https:\/\/epochtimestr.com\/index.php\/ab-iran-yaptirimlarini-genisletti#respond"]}]},{"@type":"WebPage","@id":"https:\/\/epochtimestr.com\/index.php\/ab-iran-yaptirimlarini-genisletti","url":"https:\/\/epochtimestr.com\/index.php\/ab-iran-yaptirimlarini-genisletti","name":"AB \u0130ran Yapt\u0131r\u0131mlar\u0131n\u0131 Geni\u015fletti - The Epoch Times TR","isPartOf":{"@id":"https:\/\/epochtimestr.com\/#website"},"primaryImageOfPage":{"@id":"https:\/\/epochtimestr.com\/index.php\/ab-iran-yaptirimlarini-genisletti#primaryimage"},"image":{"@id":"https:\/\/epochtimestr.com\/index.php\/ab-iran-yaptirimlarini-genisletti#primaryimage"},"thumbnailUrl":"https:\/\/epochtimestr.com\/wp-content\/uploads\/2011y\/1000039185.jpg","datePublished":"2026-05-23T12:33:28+00:00","dateModified":"2026-05-23T12:33:31+00:00","description":"AB \u0130ran ile ilgili yapt\u0131r\u0131mlar\u0131 geni\u015fleterek H\u00fcrm\u00fcz Bo\u011faz\u0131\u2019ndaki deniz g\u00fcvenli\u011fi ve ge\u00e7i\u015f serbestisine y\u00f6nelik ihlalleri kapsama ald\u0131.","inLanguage":"tr","potentialAction":[{"@type":"ReadAction","target":["https:\/\/epochtimestr.com\/index.php\/ab-iran-yaptirimlarini-genisletti"]}]},{"@type":"ImageObject","inLanguage":"tr","@id":"https:\/\/epochtimestr.com\/index.php\/ab-iran-yaptirimlarini-genisletti#primaryimage","url":"https:\/\/epochtimestr.com\/wp-content\/uploads\/2011y\/1000039185.jpg","contentUrl":"https:\/\/epochtimestr.com\/wp-content\/uploads\/2011y\/1000039185.jpg","width":1200,"height":750},{"@type":"WebSite","@id":"https:\/\/epochtimestr.com\/#website","url":"https:\/\/epochtimestr.com\/","name":"The Epoch Times TR","description":"De\u011fi\u015fen D\u00fcnyam\u0131za Taze Bir Bak\u0131\u015f","publisher":{"@id":"https:\/\/epochtimestr.com\/#organization"},"potentialAction":[{"@type":"SearchAction","target":{"@type":"EntryPoint","urlTemplate":"https:\/\/epochtimestr.com\/?s={search_term_string}"},"query-input":"required name=search_term_string"}],"inLanguage":"tr"},{"@type":"Organization","@id":"https:\/\/epochtimestr.com\/#organization","name":"The EpochTimes T\u00fcrkiye","url":"https:\/\/epochtimestr.com\/","logo":{"@type":"ImageObject","inLanguage":"tr","@id":"https:\/\/epochtimestr.com\/#\/schema\/logo\/image\/","url":"https:\/\/epochtimestr.com\/wp-content\/uploads\/2011y\/ET-Logo-YG.jpg","contentUrl":"https:\/\/epochtimestr.com\/wp-content\/uploads\/2011y\/ET-Logo-YG.jpg","width":346,"height":29,"caption":"The EpochTimes T\u00fcrkiye"},"image":{"@id":"https:\/\/epochtimestr.com\/#\/schema\/logo\/image\/"},"sameAs":["https:\/\/www.facebook.com\/theepochtimestr","https:\/\/x.com\/TheEpochTimesTR","https:\/\/www.instagram.com\/epochtimestr"]},{"@type":"Person","@id":"https:\/\/epochtimestr.com\/#\/schema\/person\/5fef218711d76d8f232b0e1f1d7e4c0d","name":"Leo Bajelan","image":{"@type":"ImageObject","inLanguage":"tr","@id":"https:\/\/epochtimestr.com\/#\/schema\/person\/image\/","url":"https:\/\/secure.gravatar.com\/avatar\/917669146f489549e548a2e9af272df5?s=96&d=mm&r=g","contentUrl":"https:\/\/secure.gravatar.com\/avatar\/917669146f489549e548a2e9af272df5?s=96&d=mm&r=g","caption":"Leo Bajelan"},"url":"https:\/\/epochtimestr.com\/index.php\/author\/leo"}]}},"_links":{"self":[{"href":"https:\/\/epochtimestr.com\/index.php\/wp-json\/wp\/v2\/posts\/167463"}],"collection":[{"href":"https:\/\/epochtimestr.com\/index.php\/wp-json\/wp\/v2\/posts"}],"about":[{"href":"https:\/\/epochtimestr.com\/index.php\/wp-json\/wp\/v2\/types\/post"}],"author":[{"embeddable":true,"href":"https:\/\/epochtimestr.com\/index.php\/wp-json\/wp\/v2\/users\/13996"}],"replies":[{"embeddable":true,"href":"https:\/\/epochtimestr.com\/index.php\/wp-json\/wp\/v2\/comments?post=167463"}],"version-history":[{"count":2,"href":"https:\/\/epochtimestr.com\/index.php\/wp-json\/wp\/v2\/posts\/167463\/revisions"}],"predecessor-version":[{"id":167471,"href":"https:\/\/epochtimestr.com\/index.php\/wp-json\/wp\/v2\/posts\/167463\/revisions\/167471"}],"wp:featuredmedia":[{"embeddable":true,"href":"https:\/\/epochtimestr.com\/index.php\/wp-json\/wp\/v2\/media\/167466"}],"wp:attachment":[{"href":"https:\/\/epochtimestr.com\/index.php\/wp-json\/wp\/v2\/media?parent=167463"}],"wp:term":[{"taxonomy":"category","embeddable":true,"href":"https:\/\/epochtimestr.com\/index.php\/wp-json\/wp\/v2\/categories?post=167463"},{"taxonomy":"post_tag","embeddable":true,"href":"https:\/\/epochtimestr.com\/index.php\/wp-json\/wp\/v2\/tags?post=167463"}],"curies":[{"name":"wp","href":"https:\/\/api.w.org\/{rel}","templated":true}]}}