{"id":167472,"date":"2026-05-24T08:30:00","date_gmt":"2026-05-24T05:30:00","guid":{"rendered":"https:\/\/epochtimestr.com\/?p=167472"},"modified":"2026-05-23T16:06:06","modified_gmt":"2026-05-23T13:06:06","slug":"aylardan-necip-fazil","status":"publish","type":"post","link":"https:\/\/epochtimestr.com\/index.php\/aylardan-necip-fazil","title":{"rendered":"Aylardan Necip Faz\u0131l"},"content":{"rendered":"\n<h2 class=\"wp-block-heading\"><em>Hangi Necip Faz\u0131l<\/em><\/h2>\n\n\n\n<p>Kelam\u0131n (yani fikrin) ustalar\u0131na dair bir \u015feyler kaleme alacaksan\u0131z s\u00f6z\u00fc iki kere tartman\u0131z ihtiyat icab\u0131d\u0131r. Bahis mevzuu \u015fah\u0131s erbab-\u0131 s\u00fchandan ise, \u00fcstelik Sultan\u00fc\u2019\u015f-\u015fuara (\u015fairlerin sultan\u0131) unvan\u0131na sahipse, titreyip kendinize gelmeniz hem edep, hem ak\u0131l gere\u011fidir. H\u00e2l b\u00f6yle olunca \u2018\u00dcstat Necip Faz\u0131l\u2019 hakk\u0131nda bir yaz\u0131ya giri\u015fmenin g\u00fc\u00e7l\u00fc\u011f\u00fcn\u00fc takdir edersiniz. Gelgelelim T\u00fcrk \u015fiirinin ve irfan\u0131n\u0131n kutup y\u0131ld\u0131zlar\u0131ndan \u015eeyh Galib\u2019in ifadesiyle; \u2018Yine nevbet-i tahamm\u00fcl dil-i bi-kar\u00e2re d\u00fc\u015ft\u00fc.\u2019<\/p>\n\n\n\n<p>Ruh portresini birka\u00e7 f\u0131r\u00e7a darbesiyle \u00e7izmeye c\u00fcret edece\u011fim <em>\u00fcsta<\/em><em>t<\/em> \u00f6yle \u00e7ok boyutlu ve \u00f6yle katmanl\u0131 bir yap\u0131ya sahip ki hangi y\u00f6n\u00fcn\u00fc ele alacak olsam resmin bir taraf\u0131 eksik kalacak. \u015eair Necip Faz\u0131l m\u0131, m\u00fctefekkir Necip Faz\u0131l m\u0131, aksiyon adam\u0131 Necip Faz\u0131l m\u0131, iman abidesi Necip Faz\u0131l m\u0131, muharrir Necip Faz\u0131l m\u0131, ele\u015ftirmen Necip Faz\u0131l m\u0131, tiyatro yazar\u0131 Necip Faz\u0131l m\u0131, mazlum Necip Faz\u0131l m\u0131, roman yazar\u0131 Necip Faz\u0131l m\u0131, ideolog Necip Faz\u0131l m\u0131&#8230;?<\/p>\n\n\n\n<p>\u2018Denizden al\u0131nan bir kova su, deniz de\u011fildir ama denizdendir\u2019 \u00f6l\u00e7\u00fcs\u00fcyle bahsedebilirim \u00fcstad\u0131mdan, belki bendeki yank\u0131s\u0131ndan.<\/p>\n\n\n\n<h3 class=\"wp-block-heading\"><em>\u0130yi \u015eair Olmak Yetmez mi, Onun Fark\u0131 Ne?<\/em><\/h3>\n\n\n\n<p>Hen\u00fcz yirmili ya\u015flar\u0131ndayken onun hakk\u0131nda \u2018bir m\u0131sra\u0131 bir millete \u015feref verecek \u015fair\u2019 diyorlard\u0131. Otuzlu (o, tuzlu) ya\u015flar\u0131nda \u2018\u015fiirine yaz\u0131k eden sab\u0131k \u015fair!&#8217;.<\/p>\n\n\n\n<p>Evet, y\u00fczy\u0131llard\u0131r s\u00fcregelen T\u00fcrk \u015fiirine yepyeni bir ses ve soluk getirmi\u015fti; evet, \u00f6zg\u00fcn ve kendinden emindi, hatta biraz k\u00fcstah ve \u00e7okbilmi\u015f (!)\u2026 Ama bu y\u00fczden el \u00fcst\u00fcnde tutulmam\u0131\u015f m\u0131yd\u0131 onca y\u0131l; neden d\u0131\u015flay\u0131verdi sanat camias\u0131 onu bir anda? Neden bir s\u00fcre \u00f6nce g\u00f6klere \u00e7\u0131kard\u0131klar\u0131 (bat\u0131 hayranlar\u0131n\u0131n moda s\u00f6yleyi\u015fiyle \u2018avangart\u2019) \u015fairi \u015fimdi yere \u00e7al\u0131yorlard\u0131? Neden itibars\u0131zla\u015ft\u0131r\u0131lmaya \u00e7al\u0131\u015f\u0131ld\u0131, neden hapislere yolland\u0131? \u015eiir yazman\u0131n bedeli bu mu olmal\u0131yd\u0131?<\/p>\n\n\n\n<p>\u015eimdi buraya bir parantez a\u00e7al\u0131m ve soluklanal\u0131m. Evet, bunlar cevab\u0131 malum sorular ama sorulmazsa anlay\u0131\u015f eksik kal\u0131r. Hepimiz ya\u015fayarak g\u00f6rd\u00fck ki d\u00fc\u015f\u00fcnmenin bedeli a\u011f\u0131rd\u0131r d\u00fcnyan\u0131n her yerinde. \u0130smet \u00d6zel\u2019in deyi\u015fiyle\u2018 Uyanman\u0131n bedeli seraplar\u0131 fedad\u0131r.\u2019<\/p>\n\n\n\n<p>Hele bizim \u00fclkemizde d\u00fc\u015f\u00fcnmek, \u00f6zellikle egemen g\u00fc\u00e7ler taraf\u0131ndan gereksiz bir l\u00fcks, pahas\u0131 canla \u00f6denen bir isyan, haks\u0131z bir varolu\u015f \u015feklinde alg\u0131lan\u0131r. \u00d6rnek isterseniz bir \u00e7\u0131rp\u0131da Kemal Tahir\u2019i, Said Nursi\u2019yi, Salih Mirzabeyo\u011flu\u2019nu, Naz\u0131m Hikmet\u2019i, Ahmet Kaya\u2019y\u0131, Sabahattin Ali\u2019yi saymam yeter san\u0131r\u0131m.<\/p>\n\n\n\n<p>Necip Faz\u0131l\u2019\u0131n &#8220;ben&#8221; meselesi \u00fczerinden ba\u015flad\u0131\u011f\u0131 sanat ve hayat \u00e7ilesinde vard\u0131\u011f\u0131 nokta, onun di\u011ferlerinden en bariz fark\u0131n\u0131 ortaya koyuyordu: \u2018<em>Sanat Allah i\u00e7indir!<\/em>\u2019<\/p>\n\n\n\n<p>Ve bu, onun ba\u015f\u0131n\u0131n belaya girmesi i\u00e7in yeter de artard\u0131.<\/p>\n\n\n\n<p>Yukar\u0131da ismini and\u0131\u011f\u0131m \u015eeyh Galib olsun ya da bir di\u011fer Sultan\u00fc\u2019\u015f-\u015fuara Baki, Fuzuli olsun, hepsi s\u00f6z\u00fcn g\u00fczelini g\u00fczel s\u00f6yleyen b\u00fcy\u00fcklerdi; birini di\u011feriyle mukayese etmek haddimiz de\u011fil. Hepsi mutlaka e\u015fsiz ruh yorgunluklar\u0131ndan ge\u00e7tiler, amenna. B\u00fcy\u00fck \u015fairlerin b\u00fcy\u00fck \u00e7ileleri ve b\u00fcy\u00fck ikballeri oldu, biliriz.<\/p>\n\n\n\n<p>Ama<em> \u00fcsta<\/em><em>t,<\/em> zahiri planda hepsinden zor bir hayat s\u00fcrd\u00fc ve bunun temel nedeni hakikatin topyek\u00fbn reddedildi\u011fi bir \u00e7a\u011fda (<em>Allah<\/em><em>\u2019<\/em><em>tan ve ahlaktan bahsetmek yasakt\u0131r!<\/em>) fikrin ve erdemin namusunu satanlara y\u00fcksek sesle ve meydan yerinde yapt\u0131\u011f\u0131 itirazd\u0131: \u2018<em>Durun kalabal\u0131klar, bu cadde \u00e7\u0131kmaz sokak!<\/em>\u2019<\/p>\n\n\n\n<p>Ama bal\u0131\u011fa sudan ba\u015fka yerde hayat olmad\u0131\u011f\u0131 gibi bir \u015feydi onun ka\u00e7\u0131n\u0131lmaz ger\u00e7e\u011fi. Kendi \u015fiirinin ruh iklimini in\u015fa etmeliydi. Aksi m\u00fcmk\u00fcn de\u011fildi, dehas\u0131n\u0131 ucuza bozduramazd\u0131. Bu u\u011furda buzda\u011f\u0131n\u0131 ci\u011ferinden \u00e7ekti\u011fi nefesle hohlaya hohlaya eritmeye koyuldu ve bundan \u00f6lene dek caymad\u0131.<\/p>\n\n\n\n<p>Onun b\u00fcy\u00fckl\u00fc\u011f\u00fcn\u00fcn belki en k\u00fc\u00e7\u00fck sebebi budur.<\/p>\n\n\n\n<h3 class=\"wp-block-heading\"><em>Olmasayd\u0131 Olur Muyduk?<\/em><\/h3>\n\n\n\n<p>Varl\u0131\u011f\u0131 neleri de\u011fi\u015ftirdi, yoklu\u011fu neleri eksiltti yazmasam da bilirsiniz. Bu sat\u0131rlara ilgi g\u00f6steren herkes tan\u0131yor onu zaten. Herkes onu kendinden bir par\u00e7ayla b\u00fct\u00fcnle\u015ftirmi\u015ftir. Kimine g\u00f6re e\u015fine az rastlan\u0131r bir sanat ve fikir dehas\u0131d\u0131r o. Kimilerince son y\u00fczy\u0131l\u0131n en \u00f6nemli dava adamlar\u0131n\u0131n \u00f6nc\u00fcs\u00fcd\u00fcr. Elhak, \u00f6yledir. Ya\u015fad\u0131\u011f\u0131 \u00e7a\u011fa damgas\u0131n\u0131 vurdu\u011fu tart\u0131\u015fma g\u00f6t\u00fcrmez bir ger\u00e7ektir. Bug\u00fcn \u00fclkemiz, sanat ve siyasetinin b\u00fct\u00fcn \u00f6nde gelen isimlerinde (\u0130n\u00f6n\u00fc, Menderes, T\u00fcrke\u015f, Erbakan, \u00d6zal, Demirel, G\u00fcl, Erdo\u011fan\u2019dan tutun da, Sezai Karako\u00e7, Cahit Zarifo\u011flu, Abdurrahim-Bahattin Karako\u00e7, Fethi Gemuhluo\u011flu, Salih Mirzabeyo\u011flu, \u0130smet \u00d6zel\u2019e \u2026 varana dek hemen herkes \u00fczerinde) ama az, ama \u00e7ok, eme\u011fi ve tesiri vard\u0131r.<\/p>\n\n\n\n<p>G\u00fcn\u00fcm\u00fcz T\u00fcrkiye\u2019sini \u00e7ekip \u00e7eviren, sar\u0131p sarmalayan, \u0131rgalayan ya da h\u0131rpalayan siyasi kadro ve akt\u00f6rlerin yan\u0131 s\u0131ra, harekete ge\u00e7iren ya da durduran her fikir ve aksiyon hamlesi bir y\u00f6n\u00fcyle onun eser ve etkisinin bir s\u00fcre\u011fidir.<\/p>\n\n\n\n<p>T\u00fcrkiye\u2019de (dolay\u0131s\u0131yla d\u00fcnyada) son as\u0131rda bir \u0130slami m\u00fccadeleden bahsedildi\u011fi zaman Necip Faz\u0131l\u2019\u0131 c\u00fcmlenin ba\u015f\u0131nda anmamak, bo\u015fa konu\u015fmakt\u0131r.<\/p>\n\n\n\n<p>Kendisi de bu durumu bir \u015fiirinde \u015f\u00f6yle dile getirmi\u015fti zaten:<\/p>\n\n\n\n<p>\u2018Ben Allah diyenlerin boyunlar\u0131nda vebal<br \/>Ben bug\u00fcnk\u00fcne mazi, yar\u0131nkine istikbal\u2019<\/p>\n\n\n\n<h3 class=\"wp-block-heading\"><em>Her Y\u00f6n\u00fcyle Muhte\u015fem<\/em><\/h3>\n\n\n\n<p>\u015eair Metin \u00dcst\u00fcnda\u011f\u2019\u0131n a\u015fa\u011f\u0131da al\u0131nt\u0131lad\u0131\u011f\u0131m \u015fiiri sanki ona yaz\u0131lm\u0131\u015f gibidir:<\/p>\n\n\n\n<p>\u2018T\u0131rt\u0131l\u0131n kaderi<br \/>Kelebek olmak<br \/>Ve<br \/>G\u00fczel \u00f6lmektir\u2019<\/p>\n\n\n\n<p>Madde plan\u0131nda ihti\u015fam, mana plan\u0131nda sefalet i\u00e7inde ya\u015fad\u0131\u011f\u0131; d\u0131\u015f\u0131 bal kapl\u0131 bir zehre benzeyen s\u00fcr\u00fcngen bir hayattan, kanatlanarak u\u00e7an nadir kahramanlardand\u0131r o.<\/p>\n\n\n\n<p>\u015ea\u015faa dolu, mutantan, alk\u0131\u015flarla ve hak etti\u011fi \u00f6vg\u00fclerle s\u00fcregiden bir hayat\u0131 elinin tersiyle itip, hor g\u00f6r\u00fcld\u00fc\u011f\u00fc, a\u015fa\u011f\u0131land\u0131\u011f\u0131, cezaland\u0131r\u0131ld\u0131\u011f\u0131 bir yaln\u0131zl\u0131\u011f\u0131 tercih etmesi, size de \u0130brahim Ethem hazretlerinin yazg\u0131s\u0131n\u0131 hat\u0131rlatm\u0131yor mu?<\/p>\n\n\n\n<p>\u0130slam\u2019\u0131n b\u00fct\u00fcn m\u00fcesseseleriyle ret ve ink\u00e2r edildi\u011fi, toplumsal ve bireysel hayattan kopar\u0131l\u0131p ayaklar alt\u0131na al\u0131nd\u0131\u011f\u0131 bir d\u00f6nem, onun \u00fczerinden b\u00fct\u00fcn vandall\u0131\u011f\u0131, husumeti ve hu\u015funetiyle ge\u00e7ti.<\/p>\n\n\n\n<p>Ve fakat o \u2018bir elime ay\u0131, di\u011ferine g\u00fcne\u015fi verseniz, davamdan d\u00f6nmem\u2019 diyen anlay\u0131\u015f\u0131n izinden, tek ayakla sekerek bile olsa y\u00fcr\u00fcmekten y\u0131lmad\u0131.<\/p>\n\n\n\n<p>Ba\u015fka bir d\u00fcnyan\u0131n m\u00fcmk\u00fcn oldu\u011funu biliyor ve bu ideal d\u00fcnya hayalini ger\u00e7e\u011fe tahvil etmenin m\u00fccadelesine hammadde yap\u0131yordu \u00f6mr\u00fcn\u00fc.<\/p>\n\n\n\n<p>A\u015fk\u0131nda ve iddias\u0131nda bir \u00e7ocuk gibi saf ve samimiydi.<\/p>\n\n\n\n<p>K\u00f6leli\u011fin sultan\u0131yd\u0131.<\/p>\n\n\n\n<p>Ve bu onun en paha bi\u00e7ilmez taraf\u0131yd\u0131.<\/p>\n\n\n\n<h3 class=\"wp-block-heading\"><em>Saatleri Necip Faz\u0131l\u2019a Ayarlamal\u0131<\/em><\/h3>\n\n\n\n<p>Necip Faz\u0131l.<\/p>\n\n\n\n<p>Kay\u0131plar ve kazan\u00e7lar, zaferler ve ma\u011flubiyetler, kederler ve sevin\u00e7ler aras\u0131nda inip \u00e7\u0131kan bir tahterevalliye benzeyen hayat\u0131nda, d\u00fc\u015ferken soylu (Necip), \u00e7\u0131karken faziletli (Faz\u0131l) kalmay\u0131 ba\u015fard\u0131.<\/p>\n\n\n\n<p>Ben onu tan\u0131d\u0131\u011f\u0131mda on yedi ya\u015f\u0131mdayd\u0131m; tan\u0131d\u0131\u011f\u0131m g\u00fcnlerde vefat haberini alm\u0131\u015ft\u0131m.<\/p>\n\n\n\n<p>Ben onunla yeni bir hayata do\u011farken, o benden habersiz \u00f6l\u00fcyordu.<\/p>\n\n\n\n<p>Saate bakt\u0131m, hayli ge\u00e7 kalm\u0131\u015ft\u0131m.<\/p>\n\n\n\n<p>\u2018On yedi y\u0131l saatim i\u015flemi\u015f, ben durmu\u015fum \/ G\u00f6ky\u00fcz\u00fcnden habersiz u\u00e7urtma u\u00e7urmu\u015fum\u2019&nbsp; dedim kendi kendime.<\/p>\n\n\n\n<p>Ve \u015fimdi saatimi yeniden kuruyorum.<\/p>\n","protected":false},"excerpt":{"rendered":"<p>Hangi Necip Faz\u0131l Kelam\u0131n (yani fikrin) ustalar\u0131na dair bir \u015feyler kaleme alacaksan\u0131z s\u00f6z\u00fc iki kere tartman\u0131z ihtiyat icab\u0131d\u0131r. Bahis mevzuu \u015fah\u0131s erbab-\u0131 s\u00fchandan ise, \u00fcstelik Sultan\u00fc\u2019\u015f-\u015fuara (\u015fairlerin sultan\u0131) unvan\u0131na sahipse, titreyip kendinize gelmeniz hem edep, hem ak\u0131l gere\u011fidir. H\u00e2l b\u00f6yle olunca \u2018\u00dcstat Necip Faz\u0131l\u2019 hakk\u0131nda bir yaz\u0131ya giri\u015fmenin g\u00fc\u00e7l\u00fc\u011f\u00fcn\u00fc takdir edersiniz. Gelgelelim T\u00fcrk \u015fiirinin ve [&hellip;]<\/p>\n","protected":false},"author":14002,"featured_media":161248,"comment_status":"open","ping_status":"open","sticky":false,"template":"","format":"standard","meta":{"_yoast_wpseo_focuskw":"Necip Faz\u0131l","_yoast_wpseo_title":"","_yoast_wpseo_metadesc":"Kelam\u0131n (yani fikrin) ustalar\u0131na dair bir \u015feyler kaleme alacaksan\u0131z s\u00f6z\u00fc iki kere tartman\u0131z ihtiyat icab\u0131d\u0131r.","_bbp_topic_count":0,"_bbp_reply_count":0,"_bbp_total_topic_count":0,"_bbp_total_reply_count":0,"_bbp_voice_count":0,"_bbp_anonymous_reply_count":0,"_bbp_topic_count_hidden":0,"_bbp_reply_count_hidden":0,"_bbp_forum_subforum_count":0,"footnotes":"","_yoast_wpseo_focuskw_text_input":""},"categories":[9240],"tags":[],"yoast_head":"<!-- This site is optimized with the Yoast SEO plugin v23.0 - https:\/\/yoast.com\/wordpress\/plugins\/seo\/ -->\n<title>Aylardan Necip Faz\u0131l - The Epoch Times TR<\/title>\n<meta name=\"description\" content=\"Kelam\u0131n (yani fikrin) ustalar\u0131na dair bir \u015feyler kaleme alacaksan\u0131z s\u00f6z\u00fc iki kere tartman\u0131z ihtiyat icab\u0131d\u0131r.\" \/>\n<meta name=\"robots\" content=\"index, follow, max-snippet:-1, max-image-preview:large, max-video-preview:-1\" \/>\n<link rel=\"canonical\" href=\"https:\/\/epochtimestr.com\/index.php\/aylardan-necip-fazil\" \/>\n<meta property=\"og:locale\" content=\"tr_TR\" \/>\n<meta property=\"og:type\" content=\"article\" \/>\n<meta property=\"og:title\" content=\"Aylardan Necip Faz\u0131l - The Epoch Times TR\" \/>\n<meta property=\"og:description\" content=\"Kelam\u0131n (yani fikrin) ustalar\u0131na dair bir \u015feyler kaleme alacaksan\u0131z s\u00f6z\u00fc iki kere tartman\u0131z ihtiyat icab\u0131d\u0131r.\" \/>\n<meta property=\"og:url\" content=\"https:\/\/epochtimestr.com\/index.php\/aylardan-necip-fazil\" \/>\n<meta property=\"og:site_name\" content=\"The Epoch Times TR\" \/>\n<meta property=\"article:publisher\" content=\"https:\/\/www.facebook.com\/theepochtimestr\" \/>\n<meta property=\"article:published_time\" content=\"2026-05-24T05:30:00+00:00\" \/>\n<meta property=\"article:modified_time\" content=\"2026-05-23T13:06:06+00:00\" \/>\n<meta property=\"og:image\" content=\"https:\/\/epochtimestr.com\/wp-content\/uploads\/2011y\/Omer-Karayilan-SM-2.jpg\" \/>\n\t<meta property=\"og:image:width\" content=\"1200\" \/>\n\t<meta property=\"og:image:height\" content=\"630\" \/>\n\t<meta property=\"og:image:type\" content=\"image\/jpeg\" \/>\n<meta name=\"author\" content=\"\u00d6mer Karay\u0131lan\" \/>\n<meta name=\"twitter:card\" content=\"summary_large_image\" \/>\n<meta name=\"twitter:creator\" content=\"@TheEpochTimesTR\" \/>\n<meta name=\"twitter:site\" content=\"@TheEpochTimesTR\" \/>\n<meta name=\"twitter:label1\" content=\"Yazan:\" \/>\n\t<meta name=\"twitter:data1\" content=\"\u00d6mer Karay\u0131lan\" \/>\n\t<meta name=\"twitter:label2\" content=\"Tahmini okuma s\u00fcresi\" \/>\n\t<meta name=\"twitter:data2\" content=\"6 dakika\" \/>\n<script type=\"application\/ld+json\" class=\"yoast-schema-graph\">{\"@context\":\"https:\/\/schema.org\",\"@graph\":[{\"@type\":\"Article\",\"@id\":\"https:\/\/epochtimestr.com\/index.php\/aylardan-necip-fazil#article\",\"isPartOf\":{\"@id\":\"https:\/\/epochtimestr.com\/index.php\/aylardan-necip-fazil\"},\"author\":{\"name\":\"\u00d6mer Karay\u0131lan\",\"@id\":\"https:\/\/epochtimestr.com\/#\/schema\/person\/ee101079be4d8fb9fb88cca6784e219b\"},\"headline\":\"Aylardan Necip Faz\u0131l\",\"datePublished\":\"2026-05-24T05:30:00+00:00\",\"dateModified\":\"2026-05-23T13:06:06+00:00\",\"mainEntityOfPage\":{\"@id\":\"https:\/\/epochtimestr.com\/index.php\/aylardan-necip-fazil\"},\"wordCount\":1276,\"commentCount\":1,\"publisher\":{\"@id\":\"https:\/\/epochtimestr.com\/#organization\"},\"image\":{\"@id\":\"https:\/\/epochtimestr.com\/index.php\/aylardan-necip-fazil#primaryimage\"},\"thumbnailUrl\":\"https:\/\/epochtimestr.com\/wp-content\/uploads\/2011y\/Karayilan-Profil.png\",\"articleSection\":[\"K\u00f6\u015fe Yaz\u0131lar\u0131 \u00d6mer Karay\u0131lan\"],\"inLanguage\":\"tr\",\"potentialAction\":[{\"@type\":\"CommentAction\",\"name\":\"Comment\",\"target\":[\"https:\/\/epochtimestr.com\/index.php\/aylardan-necip-fazil#respond\"]}]},{\"@type\":\"WebPage\",\"@id\":\"https:\/\/epochtimestr.com\/index.php\/aylardan-necip-fazil\",\"url\":\"https:\/\/epochtimestr.com\/index.php\/aylardan-necip-fazil\",\"name\":\"Aylardan Necip Faz\u0131l - The Epoch Times TR\",\"isPartOf\":{\"@id\":\"https:\/\/epochtimestr.com\/#website\"},\"primaryImageOfPage\":{\"@id\":\"https:\/\/epochtimestr.com\/index.php\/aylardan-necip-fazil#primaryimage\"},\"image\":{\"@id\":\"https:\/\/epochtimestr.com\/index.php\/aylardan-necip-fazil#primaryimage\"},\"thumbnailUrl\":\"https:\/\/epochtimestr.com\/wp-content\/uploads\/2011y\/Karayilan-Profil.png\",\"datePublished\":\"2026-05-24T05:30:00+00:00\",\"dateModified\":\"2026-05-23T13:06:06+00:00\",\"description\":\"Kelam\u0131n (yani fikrin) ustalar\u0131na dair bir \u015feyler kaleme alacaksan\u0131z s\u00f6z\u00fc iki kere tartman\u0131z ihtiyat icab\u0131d\u0131r.\",\"inLanguage\":\"tr\",\"potentialAction\":[{\"@type\":\"ReadAction\",\"target\":[\"https:\/\/epochtimestr.com\/index.php\/aylardan-necip-fazil\"]}]},{\"@type\":\"ImageObject\",\"inLanguage\":\"tr\",\"@id\":\"https:\/\/epochtimestr.com\/index.php\/aylardan-necip-fazil#primaryimage\",\"url\":\"https:\/\/epochtimestr.com\/wp-content\/uploads\/2011y\/Karayilan-Profil.png\",\"contentUrl\":\"https:\/\/epochtimestr.com\/wp-content\/uploads\/2011y\/Karayilan-Profil.png\",\"width\":600,\"height\":600},{\"@type\":\"WebSite\",\"@id\":\"https:\/\/epochtimestr.com\/#website\",\"url\":\"https:\/\/epochtimestr.com\/\",\"name\":\"The Epoch Times TR\",\"description\":\"De\u011fi\u015fen D\u00fcnyam\u0131za Taze Bir Bak\u0131\u015f\",\"publisher\":{\"@id\":\"https:\/\/epochtimestr.com\/#organization\"},\"potentialAction\":[{\"@type\":\"SearchAction\",\"target\":{\"@type\":\"EntryPoint\",\"urlTemplate\":\"https:\/\/epochtimestr.com\/?s={search_term_string}\"},\"query-input\":\"required name=search_term_string\"}],\"inLanguage\":\"tr\"},{\"@type\":\"Organization\",\"@id\":\"https:\/\/epochtimestr.com\/#organization\",\"name\":\"The EpochTimes T\u00fcrkiye\",\"url\":\"https:\/\/epochtimestr.com\/\",\"logo\":{\"@type\":\"ImageObject\",\"inLanguage\":\"tr\",\"@id\":\"https:\/\/epochtimestr.com\/#\/schema\/logo\/image\/\",\"url\":\"https:\/\/epochtimestr.com\/wp-content\/uploads\/2011y\/ET-Logo-YG.jpg\",\"contentUrl\":\"https:\/\/epochtimestr.com\/wp-content\/uploads\/2011y\/ET-Logo-YG.jpg\",\"width\":346,\"height\":29,\"caption\":\"The EpochTimes T\u00fcrkiye\"},\"image\":{\"@id\":\"https:\/\/epochtimestr.com\/#\/schema\/logo\/image\/\"},\"sameAs\":[\"https:\/\/www.facebook.com\/theepochtimestr\",\"https:\/\/x.com\/TheEpochTimesTR\",\"https:\/\/www.instagram.com\/epochtimestr\"]},{\"@type\":\"Person\",\"@id\":\"https:\/\/epochtimestr.com\/#\/schema\/person\/ee101079be4d8fb9fb88cca6784e219b\",\"name\":\"\u00d6mer Karay\u0131lan\",\"image\":{\"@type\":\"ImageObject\",\"inLanguage\":\"tr\",\"@id\":\"https:\/\/epochtimestr.com\/#\/schema\/person\/image\/\",\"url\":\"https:\/\/secure.gravatar.com\/avatar\/23a8932f0189c3fe4c0e2731cb5eb5dd?s=96&d=mm&r=g\",\"contentUrl\":\"https:\/\/secure.gravatar.com\/avatar\/23a8932f0189c3fe4c0e2731cb5eb5dd?s=96&d=mm&r=g\",\"caption\":\"\u00d6mer Karay\u0131lan\"},\"url\":\"https:\/\/epochtimestr.com\/index.php\/author\/omer\"}]}<\/script>\n<!-- \/ Yoast SEO plugin. -->","yoast_head_json":{"title":"Aylardan Necip Faz\u0131l - The Epoch Times TR","description":"Kelam\u0131n (yani fikrin) ustalar\u0131na dair bir \u015feyler kaleme alacaksan\u0131z s\u00f6z\u00fc iki kere tartman\u0131z ihtiyat icab\u0131d\u0131r.","robots":{"index":"index","follow":"follow","max-snippet":"max-snippet:-1","max-image-preview":"max-image-preview:large","max-video-preview":"max-video-preview:-1"},"canonical":"https:\/\/epochtimestr.com\/index.php\/aylardan-necip-fazil","og_locale":"tr_TR","og_type":"article","og_title":"Aylardan Necip Faz\u0131l - The Epoch Times TR","og_description":"Kelam\u0131n (yani fikrin) ustalar\u0131na dair bir \u015feyler kaleme alacaksan\u0131z s\u00f6z\u00fc iki kere tartman\u0131z ihtiyat icab\u0131d\u0131r.","og_url":"https:\/\/epochtimestr.com\/index.php\/aylardan-necip-fazil","og_site_name":"The Epoch Times TR","article_publisher":"https:\/\/www.facebook.com\/theepochtimestr","article_published_time":"2026-05-24T05:30:00+00:00","article_modified_time":"2026-05-23T13:06:06+00:00","og_image":[{"width":1200,"height":630,"url":"https:\/\/epochtimestr.com\/wp-content\/uploads\/2011y\/Omer-Karayilan-SM-2.jpg","type":"image\/jpeg"}],"author":"\u00d6mer Karay\u0131lan","twitter_card":"summary_large_image","twitter_creator":"@TheEpochTimesTR","twitter_site":"@TheEpochTimesTR","twitter_misc":{"Yazan:":"\u00d6mer Karay\u0131lan","Tahmini okuma s\u00fcresi":"6 dakika"},"schema":{"@context":"https:\/\/schema.org","@graph":[{"@type":"Article","@id":"https:\/\/epochtimestr.com\/index.php\/aylardan-necip-fazil#article","isPartOf":{"@id":"https:\/\/epochtimestr.com\/index.php\/aylardan-necip-fazil"},"author":{"name":"\u00d6mer Karay\u0131lan","@id":"https:\/\/epochtimestr.com\/#\/schema\/person\/ee101079be4d8fb9fb88cca6784e219b"},"headline":"Aylardan Necip Faz\u0131l","datePublished":"2026-05-24T05:30:00+00:00","dateModified":"2026-05-23T13:06:06+00:00","mainEntityOfPage":{"@id":"https:\/\/epochtimestr.com\/index.php\/aylardan-necip-fazil"},"wordCount":1276,"commentCount":1,"publisher":{"@id":"https:\/\/epochtimestr.com\/#organization"},"image":{"@id":"https:\/\/epochtimestr.com\/index.php\/aylardan-necip-fazil#primaryimage"},"thumbnailUrl":"https:\/\/epochtimestr.com\/wp-content\/uploads\/2011y\/Karayilan-Profil.png","articleSection":["K\u00f6\u015fe Yaz\u0131lar\u0131 \u00d6mer Karay\u0131lan"],"inLanguage":"tr","potentialAction":[{"@type":"CommentAction","name":"Comment","target":["https:\/\/epochtimestr.com\/index.php\/aylardan-necip-fazil#respond"]}]},{"@type":"WebPage","@id":"https:\/\/epochtimestr.com\/index.php\/aylardan-necip-fazil","url":"https:\/\/epochtimestr.com\/index.php\/aylardan-necip-fazil","name":"Aylardan Necip Faz\u0131l - The Epoch Times TR","isPartOf":{"@id":"https:\/\/epochtimestr.com\/#website"},"primaryImageOfPage":{"@id":"https:\/\/epochtimestr.com\/index.php\/aylardan-necip-fazil#primaryimage"},"image":{"@id":"https:\/\/epochtimestr.com\/index.php\/aylardan-necip-fazil#primaryimage"},"thumbnailUrl":"https:\/\/epochtimestr.com\/wp-content\/uploads\/2011y\/Karayilan-Profil.png","datePublished":"2026-05-24T05:30:00+00:00","dateModified":"2026-05-23T13:06:06+00:00","description":"Kelam\u0131n (yani fikrin) ustalar\u0131na dair bir \u015feyler kaleme alacaksan\u0131z s\u00f6z\u00fc iki kere tartman\u0131z ihtiyat icab\u0131d\u0131r.","inLanguage":"tr","potentialAction":[{"@type":"ReadAction","target":["https:\/\/epochtimestr.com\/index.php\/aylardan-necip-fazil"]}]},{"@type":"ImageObject","inLanguage":"tr","@id":"https:\/\/epochtimestr.com\/index.php\/aylardan-necip-fazil#primaryimage","url":"https:\/\/epochtimestr.com\/wp-content\/uploads\/2011y\/Karayilan-Profil.png","contentUrl":"https:\/\/epochtimestr.com\/wp-content\/uploads\/2011y\/Karayilan-Profil.png","width":600,"height":600},{"@type":"WebSite","@id":"https:\/\/epochtimestr.com\/#website","url":"https:\/\/epochtimestr.com\/","name":"The Epoch Times TR","description":"De\u011fi\u015fen D\u00fcnyam\u0131za Taze Bir Bak\u0131\u015f","publisher":{"@id":"https:\/\/epochtimestr.com\/#organization"},"potentialAction":[{"@type":"SearchAction","target":{"@type":"EntryPoint","urlTemplate":"https:\/\/epochtimestr.com\/?s={search_term_string}"},"query-input":"required name=search_term_string"}],"inLanguage":"tr"},{"@type":"Organization","@id":"https:\/\/epochtimestr.com\/#organization","name":"The EpochTimes T\u00fcrkiye","url":"https:\/\/epochtimestr.com\/","logo":{"@type":"ImageObject","inLanguage":"tr","@id":"https:\/\/epochtimestr.com\/#\/schema\/logo\/image\/","url":"https:\/\/epochtimestr.com\/wp-content\/uploads\/2011y\/ET-Logo-YG.jpg","contentUrl":"https:\/\/epochtimestr.com\/wp-content\/uploads\/2011y\/ET-Logo-YG.jpg","width":346,"height":29,"caption":"The EpochTimes T\u00fcrkiye"},"image":{"@id":"https:\/\/epochtimestr.com\/#\/schema\/logo\/image\/"},"sameAs":["https:\/\/www.facebook.com\/theepochtimestr","https:\/\/x.com\/TheEpochTimesTR","https:\/\/www.instagram.com\/epochtimestr"]},{"@type":"Person","@id":"https:\/\/epochtimestr.com\/#\/schema\/person\/ee101079be4d8fb9fb88cca6784e219b","name":"\u00d6mer Karay\u0131lan","image":{"@type":"ImageObject","inLanguage":"tr","@id":"https:\/\/epochtimestr.com\/#\/schema\/person\/image\/","url":"https:\/\/secure.gravatar.com\/avatar\/23a8932f0189c3fe4c0e2731cb5eb5dd?s=96&d=mm&r=g","contentUrl":"https:\/\/secure.gravatar.com\/avatar\/23a8932f0189c3fe4c0e2731cb5eb5dd?s=96&d=mm&r=g","caption":"\u00d6mer Karay\u0131lan"},"url":"https:\/\/epochtimestr.com\/index.php\/author\/omer"}]}},"_links":{"self":[{"href":"https:\/\/epochtimestr.com\/index.php\/wp-json\/wp\/v2\/posts\/167472"}],"collection":[{"href":"https:\/\/epochtimestr.com\/index.php\/wp-json\/wp\/v2\/posts"}],"about":[{"href":"https:\/\/epochtimestr.com\/index.php\/wp-json\/wp\/v2\/types\/post"}],"author":[{"embeddable":true,"href":"https:\/\/epochtimestr.com\/index.php\/wp-json\/wp\/v2\/users\/14002"}],"replies":[{"embeddable":true,"href":"https:\/\/epochtimestr.com\/index.php\/wp-json\/wp\/v2\/comments?post=167472"}],"version-history":[{"count":1,"href":"https:\/\/epochtimestr.com\/index.php\/wp-json\/wp\/v2\/posts\/167472\/revisions"}],"predecessor-version":[{"id":167473,"href":"https:\/\/epochtimestr.com\/index.php\/wp-json\/wp\/v2\/posts\/167472\/revisions\/167473"}],"wp:featuredmedia":[{"embeddable":true,"href":"https:\/\/epochtimestr.com\/index.php\/wp-json\/wp\/v2\/media\/161248"}],"wp:attachment":[{"href":"https:\/\/epochtimestr.com\/index.php\/wp-json\/wp\/v2\/media?parent=167472"}],"wp:term":[{"taxonomy":"category","embeddable":true,"href":"https:\/\/epochtimestr.com\/index.php\/wp-json\/wp\/v2\/categories?post=167472"},{"taxonomy":"post_tag","embeddable":true,"href":"https:\/\/epochtimestr.com\/index.php\/wp-json\/wp\/v2\/tags?post=167472"}],"curies":[{"name":"wp","href":"https:\/\/api.w.org\/{rel}","templated":true}]}}