{"id":167474,"date":"2026-05-24T08:43:46","date_gmt":"2026-05-24T05:43:46","guid":{"rendered":"https:\/\/epochtimestr.com\/?p=167474"},"modified":"2026-05-24T08:43:47","modified_gmt":"2026-05-24T05:43:47","slug":"balik-vermek-degil-cadir-kurmak","status":"publish","type":"post","link":"https:\/\/epochtimestr.com\/index.php\/balik-vermek-degil-cadir-kurmak","title":{"rendered":"Bal\u0131k Vermek De\u011fil \u00c7ad\u0131r Kurmak"},"content":{"rendered":"\n<p>Kurban Bayram\u0131 yakla\u015f\u0131yor. Sokaklar yine ba\u011f\u0131\u015f kutular\u0131yla, &#8220;Kurban\u0131n\u0131z berekete d\u00f6n\u00fc\u015fs\u00fcn&#8221; sloganlar\u0131yla dolacak. Milyonlarca kurban kesilecek, tonlarca et da\u011f\u0131t\u0131lacak, milyonlarca liral\u0131k deri ve sakatat toplanacak. Peki, bu muazzam inan\u00e7 ekonomisi, bayram bitti\u011finde geriye ne b\u0131rakacak? Birka\u00e7 haftal\u0131k g\u0131da g\u00fcvencesi ve ard\u0131ndan kald\u0131\u011f\u0131 yerden devam eden kronik bir yoksulluk.<\/p>\n\n\n\n<p>Oysa inanc\u0131n ve toplumsal dayan\u0131\u015fman\u0131n bu en tepe noktas\u0131n\u0131, sadece anl\u0131k bir t\u00fcketim festivali olmaktan \u00e7\u0131kar\u0131p, kal\u0131c\u0131 bir refah modeline d\u00f6n\u00fc\u015ft\u00fcrmek m\u00fcmk\u00fcn. Hem de \u00e7ok basit, ak\u0131lc\u0131 ve adil bir form\u00fclle: \u0130\u015fsizlere Mikro \u0130\u015fletme Kurma Derne\u011fi.<\/p>\n\n\n\n<p>Gelin hayal edelim: vatanda\u015f bayramda kurban derisini, sakat\u0131n\u0131, zekat\u0131n\u0131 ve sadakas\u0131n\u0131 bu derne\u011fe teslim ediyor. Dernek, toplanan kurban derilerini nakde \u00e7eviriyor. Ancak bu paray\u0131 yoksullara zarf i\u00e7inde nakit olarak da\u011f\u0131tm\u0131yor. O parayla gidiyor, i\u015fsiz bir ailenin bah\u00e7esine 100 metrekarelik yal\u0131t\u0131ml\u0131, tam te\u015fekk\u00fcll\u00fc bir k\u00fclt\u00fcr mantar\u0131 \u00fcretim \u00e7ad\u0131r\u0131 kuruyor.<\/p>\n\n\n\n<p>\u00dcstelik suistimalleri \u00f6nlemek i\u00e7in kusursuz bir hukuki emniyet supab\u0131 koyuyor: 5 y\u0131l boyunca satamaz, devredemez, kiraya verilemez \u015ferhi!<\/p>\n\n\n\n<p>\u0130\u015fsiz vatanda\u015fa zekat ve fitre havuzundan ilk \u00fcretim kompostu ve tohumu hibe ediliyor. Derne\u011fin istihdam etti\u011fi ziraat m\u00fchendisi her hafta gelip, teknik deste\u011fini \u00fccretsiz veriyor. Bu a\u015famadan sonra dernek ticari hi\u00e7bir i\u015fe kar\u0131\u015fm\u0131yor. O i\u015fsiz vatanda\u015f, kendi \u015fah\u0131s \u015firketini kurup i\u015finin patronu oluyor; kompostunu kendisi al\u0131yor, \u00fcretti\u011fi mantar\u0131 markete, manava, otele kendisi fatura keserek sat\u0131yor. Kazand\u0131\u011f\u0131 her kuru\u015f do\u011frudan kendi evine giriyor.<\/p>\n\n\n\n<p>Bu modelde ne dernek ticari bir risk al\u0131yor ne de devletin s\u0131rt\u0131na yeni bir b\u00fcrokratik y\u00fck biniyor. Dernek sadece kurban\u0131n bereketiyle do\u011fru bir &#8220;sermaye aktar\u0131m\u0131&#8221; yap\u0131yor. Vatanda\u015f ise yard\u0131ma muhta\u00e7, boynu b\u00fck\u00fck bir &#8220;ihtiya\u00e7 sahibi&#8221; konumundan \u00e7\u0131k\u0131p, vergisini \u00f6deyen, \u00fcreten ve kendi ayaklar\u0131 \u00fczerinde duran gururlu bir esnafa d\u00f6n\u00fc\u015f\u00fcyor.<\/p>\n\n\n\n<p>Sadaka k\u00fclt\u00fcr\u00fcyle yoksullu\u011fu y\u00f6netmek yerine, kurban\u0131n bereketiyle yoksullu\u011fu yok etmek bizim elimizde. Bal\u0131k vermeyi de bal\u0131k tutmay\u0131 \u00f6\u011fretmeyi de bir kenara b\u0131rakal\u0131m; biz o insana bal\u0131\u011f\u0131 b\u00fcy\u00fctece\u011fi o \u00e7ad\u0131r\u0131 kural\u0131m. 5 y\u0131l sonra kar\u015f\u0131m\u0131zda yard\u0131ma muhta\u00e7 bir i\u015fsiz de\u011fil, kendi mahallesine istihdam sa\u011flayan bir \u00fcretici bulaca\u011f\u0131z.<\/p>\n\n\n\n<p>Bundan daha b\u00fcy\u00fck bir ibadet, bundan daha b\u00fcy\u00fck bir toplumsal bar\u0131\u015f projesi olabilir mi?<\/p>\n","protected":false},"excerpt":{"rendered":"<p>Kurban Bayram\u0131 yakla\u015f\u0131yor. Sokaklar yine ba\u011f\u0131\u015f kutular\u0131yla, &#8220;Kurban\u0131n\u0131z berekete d\u00f6n\u00fc\u015fs\u00fcn&#8221; sloganlar\u0131yla dolacak. Milyonlarca kurban kesilecek, tonlarca et da\u011f\u0131t\u0131lacak, milyonlarca liral\u0131k deri ve sakatat toplanacak. Peki, bu muazzam inan\u00e7 ekonomisi, bayram bitti\u011finde geriye ne b\u0131rakacak? Birka\u00e7 haftal\u0131k g\u0131da g\u00fcvencesi ve ard\u0131ndan kald\u0131\u011f\u0131 yerden devam eden kronik bir yoksulluk. Oysa inanc\u0131n ve toplumsal dayan\u0131\u015fman\u0131n bu en tepe [&hellip;]<\/p>\n","protected":false},"author":14013,"featured_media":167144,"comment_status":"open","ping_status":"open","sticky":false,"template":"","format":"standard","meta":{"_yoast_wpseo_focuskw":"Kurban Bayram\u0131","_yoast_wpseo_title":"","_yoast_wpseo_metadesc":"Kurban Bayram\u0131 yakla\u015f\u0131yor. Sokaklar yine ba\u011f\u0131\u015f kutular\u0131yla, \"Kurban\u0131n\u0131z berekete d\u00f6n\u00fc\u015fs\u00fcn\" sloganlar\u0131yla dolacak.","_bbp_topic_count":0,"_bbp_reply_count":0,"_bbp_total_topic_count":0,"_bbp_total_reply_count":0,"_bbp_voice_count":0,"_bbp_anonymous_reply_count":0,"_bbp_topic_count_hidden":0,"_bbp_reply_count_hidden":0,"_bbp_forum_subforum_count":0,"footnotes":"","_yoast_wpseo_focuskw_text_input":""},"categories":[11361],"tags":[],"yoast_head":"<!-- This site is optimized with the Yoast SEO plugin v23.0 - https:\/\/yoast.com\/wordpress\/plugins\/seo\/ -->\n<title>Bal\u0131k Vermek De\u011fil \u00c7ad\u0131r Kurmak - The Epoch Times TR<\/title>\n<meta name=\"description\" content=\"Kurban Bayram\u0131 yakla\u015f\u0131yor. Sokaklar yine ba\u011f\u0131\u015f kutular\u0131yla, &quot;Kurban\u0131n\u0131z berekete d\u00f6n\u00fc\u015fs\u00fcn&quot; sloganlar\u0131yla dolacak.\" \/>\n<meta name=\"robots\" content=\"index, follow, max-snippet:-1, max-image-preview:large, max-video-preview:-1\" \/>\n<link rel=\"canonical\" href=\"https:\/\/epochtimestr.com\/index.php\/balik-vermek-degil-cadir-kurmak\" \/>\n<meta property=\"og:locale\" content=\"tr_TR\" \/>\n<meta property=\"og:type\" content=\"article\" \/>\n<meta property=\"og:title\" content=\"Bal\u0131k Vermek De\u011fil \u00c7ad\u0131r Kurmak - The Epoch Times TR\" \/>\n<meta property=\"og:description\" content=\"Kurban Bayram\u0131 yakla\u015f\u0131yor. Sokaklar yine ba\u011f\u0131\u015f kutular\u0131yla, &quot;Kurban\u0131n\u0131z berekete d\u00f6n\u00fc\u015fs\u00fcn&quot; sloganlar\u0131yla dolacak.\" \/>\n<meta property=\"og:url\" content=\"https:\/\/epochtimestr.com\/index.php\/balik-vermek-degil-cadir-kurmak\" \/>\n<meta property=\"og:site_name\" content=\"The Epoch Times TR\" \/>\n<meta property=\"article:publisher\" content=\"https:\/\/www.facebook.com\/theepochtimestr\" \/>\n<meta property=\"article:published_time\" content=\"2026-05-24T05:43:46+00:00\" \/>\n<meta property=\"article:modified_time\" content=\"2026-05-24T05:43:47+00:00\" \/>\n<meta property=\"og:image\" content=\"https:\/\/epochtimestr.com\/wp-content\/uploads\/2011y\/ali-kekliktepe-SM.jpeg\" \/>\n\t<meta property=\"og:image:width\" content=\"1200\" \/>\n\t<meta property=\"og:image:height\" content=\"630\" \/>\n\t<meta property=\"og:image:type\" content=\"image\/jpeg\" \/>\n<meta name=\"author\" content=\"Ali Kekliktepe\" \/>\n<meta name=\"twitter:card\" content=\"summary_large_image\" \/>\n<meta name=\"twitter:creator\" content=\"@TheEpochTimesTR\" \/>\n<meta name=\"twitter:site\" content=\"@TheEpochTimesTR\" \/>\n<meta name=\"twitter:label1\" content=\"Yazan:\" \/>\n\t<meta name=\"twitter:data1\" content=\"Ali Kekliktepe\" \/>\n\t<meta name=\"twitter:label2\" content=\"Tahmini okuma s\u00fcresi\" \/>\n\t<meta name=\"twitter:data2\" content=\"2 dakika\" \/>\n<script type=\"application\/ld+json\" class=\"yoast-schema-graph\">{\"@context\":\"https:\/\/schema.org\",\"@graph\":[{\"@type\":\"Article\",\"@id\":\"https:\/\/epochtimestr.com\/index.php\/balik-vermek-degil-cadir-kurmak#article\",\"isPartOf\":{\"@id\":\"https:\/\/epochtimestr.com\/index.php\/balik-vermek-degil-cadir-kurmak\"},\"author\":{\"name\":\"Ali Kekliktepe\",\"@id\":\"https:\/\/epochtimestr.com\/#\/schema\/person\/da94a416fed1aed029d0a47e85673b95\"},\"headline\":\"Bal\u0131k Vermek De\u011fil \u00c7ad\u0131r Kurmak\",\"datePublished\":\"2026-05-24T05:43:46+00:00\",\"dateModified\":\"2026-05-24T05:43:47+00:00\",\"mainEntityOfPage\":{\"@id\":\"https:\/\/epochtimestr.com\/index.php\/balik-vermek-degil-cadir-kurmak\"},\"wordCount\":436,\"commentCount\":0,\"publisher\":{\"@id\":\"https:\/\/epochtimestr.com\/#organization\"},\"image\":{\"@id\":\"https:\/\/epochtimestr.com\/index.php\/balik-vermek-degil-cadir-kurmak#primaryimage\"},\"thumbnailUrl\":\"https:\/\/epochtimestr.com\/wp-content\/uploads\/2011y\/Ali-Kekliktepe.jpg\",\"articleSection\":[\"K\u00f6\u015fe Yaz\u0131lar\u0131 Ali Kekliktepe\"],\"inLanguage\":\"tr\",\"potentialAction\":[{\"@type\":\"CommentAction\",\"name\":\"Comment\",\"target\":[\"https:\/\/epochtimestr.com\/index.php\/balik-vermek-degil-cadir-kurmak#respond\"]}]},{\"@type\":\"WebPage\",\"@id\":\"https:\/\/epochtimestr.com\/index.php\/balik-vermek-degil-cadir-kurmak\",\"url\":\"https:\/\/epochtimestr.com\/index.php\/balik-vermek-degil-cadir-kurmak\",\"name\":\"Bal\u0131k Vermek De\u011fil \u00c7ad\u0131r Kurmak - The Epoch Times TR\",\"isPartOf\":{\"@id\":\"https:\/\/epochtimestr.com\/#website\"},\"primaryImageOfPage\":{\"@id\":\"https:\/\/epochtimestr.com\/index.php\/balik-vermek-degil-cadir-kurmak#primaryimage\"},\"image\":{\"@id\":\"https:\/\/epochtimestr.com\/index.php\/balik-vermek-degil-cadir-kurmak#primaryimage\"},\"thumbnailUrl\":\"https:\/\/epochtimestr.com\/wp-content\/uploads\/2011y\/Ali-Kekliktepe.jpg\",\"datePublished\":\"2026-05-24T05:43:46+00:00\",\"dateModified\":\"2026-05-24T05:43:47+00:00\",\"description\":\"Kurban Bayram\u0131 yakla\u015f\u0131yor. Sokaklar yine ba\u011f\u0131\u015f kutular\u0131yla, \\\"Kurban\u0131n\u0131z berekete d\u00f6n\u00fc\u015fs\u00fcn\\\" sloganlar\u0131yla dolacak.\",\"inLanguage\":\"tr\",\"potentialAction\":[{\"@type\":\"ReadAction\",\"target\":[\"https:\/\/epochtimestr.com\/index.php\/balik-vermek-degil-cadir-kurmak\"]}]},{\"@type\":\"ImageObject\",\"inLanguage\":\"tr\",\"@id\":\"https:\/\/epochtimestr.com\/index.php\/balik-vermek-degil-cadir-kurmak#primaryimage\",\"url\":\"https:\/\/epochtimestr.com\/wp-content\/uploads\/2011y\/Ali-Kekliktepe.jpg\",\"contentUrl\":\"https:\/\/epochtimestr.com\/wp-content\/uploads\/2011y\/Ali-Kekliktepe.jpg\",\"width\":600,\"height\":600},{\"@type\":\"WebSite\",\"@id\":\"https:\/\/epochtimestr.com\/#website\",\"url\":\"https:\/\/epochtimestr.com\/\",\"name\":\"The Epoch Times TR\",\"description\":\"De\u011fi\u015fen D\u00fcnyam\u0131za Taze Bir Bak\u0131\u015f\",\"publisher\":{\"@id\":\"https:\/\/epochtimestr.com\/#organization\"},\"potentialAction\":[{\"@type\":\"SearchAction\",\"target\":{\"@type\":\"EntryPoint\",\"urlTemplate\":\"https:\/\/epochtimestr.com\/?s={search_term_string}\"},\"query-input\":\"required name=search_term_string\"}],\"inLanguage\":\"tr\"},{\"@type\":\"Organization\",\"@id\":\"https:\/\/epochtimestr.com\/#organization\",\"name\":\"The EpochTimes T\u00fcrkiye\",\"url\":\"https:\/\/epochtimestr.com\/\",\"logo\":{\"@type\":\"ImageObject\",\"inLanguage\":\"tr\",\"@id\":\"https:\/\/epochtimestr.com\/#\/schema\/logo\/image\/\",\"url\":\"https:\/\/epochtimestr.com\/wp-content\/uploads\/2011y\/ET-Logo-YG.jpg\",\"contentUrl\":\"https:\/\/epochtimestr.com\/wp-content\/uploads\/2011y\/ET-Logo-YG.jpg\",\"width\":346,\"height\":29,\"caption\":\"The EpochTimes T\u00fcrkiye\"},\"image\":{\"@id\":\"https:\/\/epochtimestr.com\/#\/schema\/logo\/image\/\"},\"sameAs\":[\"https:\/\/www.facebook.com\/theepochtimestr\",\"https:\/\/x.com\/TheEpochTimesTR\",\"https:\/\/www.instagram.com\/epochtimestr\"]},{\"@type\":\"Person\",\"@id\":\"https:\/\/epochtimestr.com\/#\/schema\/person\/da94a416fed1aed029d0a47e85673b95\",\"name\":\"Ali Kekliktepe\",\"image\":{\"@type\":\"ImageObject\",\"inLanguage\":\"tr\",\"@id\":\"https:\/\/epochtimestr.com\/#\/schema\/person\/image\/\",\"url\":\"https:\/\/secure.gravatar.com\/avatar\/6c965c3fc374c8f4af759baef4f38bcd?s=96&d=mm&r=g\",\"contentUrl\":\"https:\/\/secure.gravatar.com\/avatar\/6c965c3fc374c8f4af759baef4f38bcd?s=96&d=mm&r=g\",\"caption\":\"Ali Kekliktepe\"},\"description\":\"Ben Ali Kekliktepe; hayat\u0131n\u0131 \u00f6\u011frenmeye, \u00f6\u011fretmeye ve toplumsal fayda yaratmaya adam\u0131\u015f bir yazar ve profesyonelim. Kalemi sadece ka\u011f\u0131da dokunan bir ara\u00e7 de\u011fil, toplumun aksayan y\u00f6nlerine \u015fifa olan bir enstr\u00fcman olarak g\u00f6r\u00fcyorum.\",\"sameAs\":[\"https:\/\/alikekliktepemersin33.blogspot.com\/\"],\"url\":\"https:\/\/epochtimestr.com\/index.php\/author\/ali\"}]}<\/script>\n<!-- \/ Yoast SEO plugin. -->","yoast_head_json":{"title":"Bal\u0131k Vermek De\u011fil \u00c7ad\u0131r Kurmak - The Epoch Times TR","description":"Kurban Bayram\u0131 yakla\u015f\u0131yor. Sokaklar yine ba\u011f\u0131\u015f kutular\u0131yla, \"Kurban\u0131n\u0131z berekete d\u00f6n\u00fc\u015fs\u00fcn\" sloganlar\u0131yla dolacak.","robots":{"index":"index","follow":"follow","max-snippet":"max-snippet:-1","max-image-preview":"max-image-preview:large","max-video-preview":"max-video-preview:-1"},"canonical":"https:\/\/epochtimestr.com\/index.php\/balik-vermek-degil-cadir-kurmak","og_locale":"tr_TR","og_type":"article","og_title":"Bal\u0131k Vermek De\u011fil \u00c7ad\u0131r Kurmak - The Epoch Times TR","og_description":"Kurban Bayram\u0131 yakla\u015f\u0131yor. Sokaklar yine ba\u011f\u0131\u015f kutular\u0131yla, \"Kurban\u0131n\u0131z berekete d\u00f6n\u00fc\u015fs\u00fcn\" sloganlar\u0131yla dolacak.","og_url":"https:\/\/epochtimestr.com\/index.php\/balik-vermek-degil-cadir-kurmak","og_site_name":"The Epoch Times TR","article_publisher":"https:\/\/www.facebook.com\/theepochtimestr","article_published_time":"2026-05-24T05:43:46+00:00","article_modified_time":"2026-05-24T05:43:47+00:00","og_image":[{"width":1200,"height":630,"url":"https:\/\/epochtimestr.com\/wp-content\/uploads\/2011y\/ali-kekliktepe-SM.jpeg","type":"image\/jpeg"}],"author":"Ali Kekliktepe","twitter_card":"summary_large_image","twitter_creator":"@TheEpochTimesTR","twitter_site":"@TheEpochTimesTR","twitter_misc":{"Yazan:":"Ali Kekliktepe","Tahmini okuma s\u00fcresi":"2 dakika"},"schema":{"@context":"https:\/\/schema.org","@graph":[{"@type":"Article","@id":"https:\/\/epochtimestr.com\/index.php\/balik-vermek-degil-cadir-kurmak#article","isPartOf":{"@id":"https:\/\/epochtimestr.com\/index.php\/balik-vermek-degil-cadir-kurmak"},"author":{"name":"Ali Kekliktepe","@id":"https:\/\/epochtimestr.com\/#\/schema\/person\/da94a416fed1aed029d0a47e85673b95"},"headline":"Bal\u0131k Vermek De\u011fil \u00c7ad\u0131r Kurmak","datePublished":"2026-05-24T05:43:46+00:00","dateModified":"2026-05-24T05:43:47+00:00","mainEntityOfPage":{"@id":"https:\/\/epochtimestr.com\/index.php\/balik-vermek-degil-cadir-kurmak"},"wordCount":436,"commentCount":0,"publisher":{"@id":"https:\/\/epochtimestr.com\/#organization"},"image":{"@id":"https:\/\/epochtimestr.com\/index.php\/balik-vermek-degil-cadir-kurmak#primaryimage"},"thumbnailUrl":"https:\/\/epochtimestr.com\/wp-content\/uploads\/2011y\/Ali-Kekliktepe.jpg","articleSection":["K\u00f6\u015fe Yaz\u0131lar\u0131 Ali Kekliktepe"],"inLanguage":"tr","potentialAction":[{"@type":"CommentAction","name":"Comment","target":["https:\/\/epochtimestr.com\/index.php\/balik-vermek-degil-cadir-kurmak#respond"]}]},{"@type":"WebPage","@id":"https:\/\/epochtimestr.com\/index.php\/balik-vermek-degil-cadir-kurmak","url":"https:\/\/epochtimestr.com\/index.php\/balik-vermek-degil-cadir-kurmak","name":"Bal\u0131k Vermek De\u011fil \u00c7ad\u0131r Kurmak - The Epoch Times TR","isPartOf":{"@id":"https:\/\/epochtimestr.com\/#website"},"primaryImageOfPage":{"@id":"https:\/\/epochtimestr.com\/index.php\/balik-vermek-degil-cadir-kurmak#primaryimage"},"image":{"@id":"https:\/\/epochtimestr.com\/index.php\/balik-vermek-degil-cadir-kurmak#primaryimage"},"thumbnailUrl":"https:\/\/epochtimestr.com\/wp-content\/uploads\/2011y\/Ali-Kekliktepe.jpg","datePublished":"2026-05-24T05:43:46+00:00","dateModified":"2026-05-24T05:43:47+00:00","description":"Kurban Bayram\u0131 yakla\u015f\u0131yor. Sokaklar yine ba\u011f\u0131\u015f kutular\u0131yla, \"Kurban\u0131n\u0131z berekete d\u00f6n\u00fc\u015fs\u00fcn\" sloganlar\u0131yla dolacak.","inLanguage":"tr","potentialAction":[{"@type":"ReadAction","target":["https:\/\/epochtimestr.com\/index.php\/balik-vermek-degil-cadir-kurmak"]}]},{"@type":"ImageObject","inLanguage":"tr","@id":"https:\/\/epochtimestr.com\/index.php\/balik-vermek-degil-cadir-kurmak#primaryimage","url":"https:\/\/epochtimestr.com\/wp-content\/uploads\/2011y\/Ali-Kekliktepe.jpg","contentUrl":"https:\/\/epochtimestr.com\/wp-content\/uploads\/2011y\/Ali-Kekliktepe.jpg","width":600,"height":600},{"@type":"WebSite","@id":"https:\/\/epochtimestr.com\/#website","url":"https:\/\/epochtimestr.com\/","name":"The Epoch Times TR","description":"De\u011fi\u015fen D\u00fcnyam\u0131za Taze Bir Bak\u0131\u015f","publisher":{"@id":"https:\/\/epochtimestr.com\/#organization"},"potentialAction":[{"@type":"SearchAction","target":{"@type":"EntryPoint","urlTemplate":"https:\/\/epochtimestr.com\/?s={search_term_string}"},"query-input":"required name=search_term_string"}],"inLanguage":"tr"},{"@type":"Organization","@id":"https:\/\/epochtimestr.com\/#organization","name":"The EpochTimes T\u00fcrkiye","url":"https:\/\/epochtimestr.com\/","logo":{"@type":"ImageObject","inLanguage":"tr","@id":"https:\/\/epochtimestr.com\/#\/schema\/logo\/image\/","url":"https:\/\/epochtimestr.com\/wp-content\/uploads\/2011y\/ET-Logo-YG.jpg","contentUrl":"https:\/\/epochtimestr.com\/wp-content\/uploads\/2011y\/ET-Logo-YG.jpg","width":346,"height":29,"caption":"The EpochTimes T\u00fcrkiye"},"image":{"@id":"https:\/\/epochtimestr.com\/#\/schema\/logo\/image\/"},"sameAs":["https:\/\/www.facebook.com\/theepochtimestr","https:\/\/x.com\/TheEpochTimesTR","https:\/\/www.instagram.com\/epochtimestr"]},{"@type":"Person","@id":"https:\/\/epochtimestr.com\/#\/schema\/person\/da94a416fed1aed029d0a47e85673b95","name":"Ali Kekliktepe","image":{"@type":"ImageObject","inLanguage":"tr","@id":"https:\/\/epochtimestr.com\/#\/schema\/person\/image\/","url":"https:\/\/secure.gravatar.com\/avatar\/6c965c3fc374c8f4af759baef4f38bcd?s=96&d=mm&r=g","contentUrl":"https:\/\/secure.gravatar.com\/avatar\/6c965c3fc374c8f4af759baef4f38bcd?s=96&d=mm&r=g","caption":"Ali Kekliktepe"},"description":"Ben Ali Kekliktepe; hayat\u0131n\u0131 \u00f6\u011frenmeye, \u00f6\u011fretmeye ve toplumsal fayda yaratmaya adam\u0131\u015f bir yazar ve profesyonelim. Kalemi sadece ka\u011f\u0131da dokunan bir ara\u00e7 de\u011fil, toplumun aksayan y\u00f6nlerine \u015fifa olan bir enstr\u00fcman olarak g\u00f6r\u00fcyorum.","sameAs":["https:\/\/alikekliktepemersin33.blogspot.com\/"],"url":"https:\/\/epochtimestr.com\/index.php\/author\/ali"}]}},"_links":{"self":[{"href":"https:\/\/epochtimestr.com\/index.php\/wp-json\/wp\/v2\/posts\/167474"}],"collection":[{"href":"https:\/\/epochtimestr.com\/index.php\/wp-json\/wp\/v2\/posts"}],"about":[{"href":"https:\/\/epochtimestr.com\/index.php\/wp-json\/wp\/v2\/types\/post"}],"author":[{"embeddable":true,"href":"https:\/\/epochtimestr.com\/index.php\/wp-json\/wp\/v2\/users\/14013"}],"replies":[{"embeddable":true,"href":"https:\/\/epochtimestr.com\/index.php\/wp-json\/wp\/v2\/comments?post=167474"}],"version-history":[{"count":1,"href":"https:\/\/epochtimestr.com\/index.php\/wp-json\/wp\/v2\/posts\/167474\/revisions"}],"predecessor-version":[{"id":167475,"href":"https:\/\/epochtimestr.com\/index.php\/wp-json\/wp\/v2\/posts\/167474\/revisions\/167475"}],"wp:featuredmedia":[{"embeddable":true,"href":"https:\/\/epochtimestr.com\/index.php\/wp-json\/wp\/v2\/media\/167144"}],"wp:attachment":[{"href":"https:\/\/epochtimestr.com\/index.php\/wp-json\/wp\/v2\/media?parent=167474"}],"wp:term":[{"taxonomy":"category","embeddable":true,"href":"https:\/\/epochtimestr.com\/index.php\/wp-json\/wp\/v2\/categories?post=167474"},{"taxonomy":"post_tag","embeddable":true,"href":"https:\/\/epochtimestr.com\/index.php\/wp-json\/wp\/v2\/tags?post=167474"}],"curies":[{"name":"wp","href":"https:\/\/api.w.org\/{rel}","templated":true}]}}