{"id":167493,"date":"2026-05-24T13:10:21","date_gmt":"2026-05-24T10:10:21","guid":{"rendered":"https:\/\/epochtimestr.com\/?p=167493"},"modified":"2026-05-24T13:10:25","modified_gmt":"2026-05-24T10:10:25","slug":"kirli-siyasetin-golgesinde-gelecegi-aramak","status":"publish","type":"post","link":"https:\/\/epochtimestr.com\/index.php\/kirli-siyasetin-golgesinde-gelecegi-aramak","title":{"rendered":"Kirli Siyasetin G\u00f6lgesinde Gelece\u011fi Aramak"},"content":{"rendered":"\n<p>Hayat dedi\u011fimiz uzun yolculukta hi\u00e7bir insan, hi\u00e7bir toplum ve hi\u00e7bir devlet b\u00fct\u00fcn isteklerine kolayl\u0131kla ula\u015famaz. \u00c7\u00fcnk\u00fc ya\u015fam\u0131n kendisi m\u00fccadeledir. Kimi zaman g\u00fcne\u015fli yollar \u00e7\u0131kar \u00f6n\u00fcm\u00fcze, kimi zaman sarp kayal\u0131klar\u2026 Bazen umutla y\u00fcr\u00fcr\u00fcz, bazen de a\u011f\u0131r y\u00fcklerin alt\u0131nda yoruluruz. Fakat de\u011fi\u015fmeyen tek ger\u00e7ek \u015fudur: Hi\u00e7bir kudret, ezeli kanunlar\u0131n d\u0131\u015f\u0131na \u00e7\u0131kamaz. Do\u011fan\u0131n, vicdan\u0131n ve adaletin \u00fcst\u00fcnde hi\u00e7bir g\u00fc\u00e7 sonsuza kadar h\u00fck\u00fcm s\u00fcremez.<\/p>\n\n\n\n<p>\u0130nsanl\u0131k tarihi bunun say\u0131s\u0131z \u00f6rnekleriyle doludur. Nice iktidarlar, nice g\u00fc\u00e7l\u00fc g\u00f6r\u00fcnen y\u00f6netimler zaman\u0131n kar\u015f\u0131s\u0131nda yenilmi\u015f, halk\u0131n iradesi ve de\u011fi\u015fim arzusu sonunda galip gelmi\u015ftir. \u00c7\u00fcnk\u00fc toplumlar bir noktadan sonra nefes almak, yenilenmek ve umut g\u00f6rmek ister. \u00d6zellikle siyasette uzun y\u0131llar ayn\u0131 koltuklara tutunma arzusu, beraberinde yozla\u015fmay\u0131, korkuyu ve \u00e7\u0131kar hesaplar\u0131n\u0131 getirmektedir.<\/p>\n\n\n\n<p>Bug\u00fcn \u00fclkemizde ya\u015fanan siyasi tart\u0131\u015fmalara bakt\u0131\u011f\u0131m\u0131zda da ne yaz\u0131k ki benzer manzaralar g\u00f6r\u00fcyoruz. Ya\u015f alm\u0131\u015f baz\u0131 siyasi temsilcilerin, halk\u0131n beklentilerini anlamak yerine koltuklar\u0131n\u0131 koruma tela\u015f\u0131yla hareket etmeleri, toplum vicdan\u0131nda derin yaralar a\u00e7maktad\u0131r. Oysa siyaset, halka hizmet etme sanat\u0131d\u0131r; \u015fahsi saltanat kurma alan\u0131 de\u011fildir. \u0130nsanlar art\u0131k kavga de\u011fil \u00e7\u00f6z\u00fcm, kutupla\u015fma de\u011fil birlik g\u00f6rmek istiyor.<\/p>\n\n\n\n<p>Fakat ne yaz\u0131k ki baz\u0131 \u00e7evreler h\u00e2l\u00e2 eski al\u0131\u015fkanl\u0131klarla hareket ediyor. Kumpaslar, gizli hesaplar, kirli ittifaklar ve kurnaz siyasi oyunlar \u00fclkenin ger\u00e7ek meselelerinin \u00f6n\u00fcne ge\u00e7iyor. Ekonomik s\u0131k\u0131nt\u0131larla m\u00fccadele eden vatanda\u015f\u0131n sesi duyulmazken, siyaset sahnesinde g\u00fc\u00e7 sava\u015flar\u0131n\u0131n ya\u015fanmas\u0131 toplumun umudunu k\u0131r\u0131yor. Gen\u00e7ler gelecek kayg\u0131s\u0131yla ya\u015farken, \u00e7ift\u00e7iler, emekliler ge\u00e7im derdiyle bo\u011fu\u015furken, halk\u0131n g\u00fcndemi ile siyasetin g\u00fcndemi birbirinden uzakla\u015f\u0131yor.<\/p>\n\n\n\n<p>Oysa bu topraklar\u0131n insan\u0131 m\u00fccadele etmeyi bilir. Anadolu insan\u0131 tarih boyunca yoklukla, sava\u015fla, ac\u0131yla s\u0131nanm\u0131\u015f, ama her defas\u0131nda aya\u011fa kalkmay\u0131 ba\u015farm\u0131\u015ft\u0131r. \u00c7\u00fcnk\u00fc bu milletin mayas\u0131nda sab\u0131r kadar diren\u00e7 de vard\u0131r. En zor g\u00fcnlerde bile umudunu kaybetmeyen insanlar sayesinde bu \u00fclke bug\u00fcnlere gelmi\u015ftir.<\/p>\n\n\n\n<p>Siyasetin de art\u0131k bu ger\u00e7e\u011fi g\u00f6rmesi gerekiyor. Toplum de\u011fi\u015fiyor, d\u00fcnya de\u011fi\u015fiyor, gen\u00e7 ku\u015faklar\u0131n beklentileri de\u011fi\u015fiyor. Eskinin korku diliyle, bask\u0131c\u0131 anlay\u0131\u015f\u0131yla ve koltuk sevdas\u0131yla gelece\u011fi y\u00f6netmek m\u00fcmk\u00fcn de\u011fildir. \u0130nsanlar art\u0131k daha \u015feffaf, daha adil ve daha samimi bir siyaset anlay\u0131\u015f\u0131 istiyor. Kimsenin dokunulmaz olmad\u0131\u011f\u0131, hukukun herkese e\u015fit uyguland\u0131\u011f\u0131 bir d\u00fczen ar\u0131yor.<\/p>\n\n\n\n<p>Demokrasi yaln\u0131zca se\u00e7im kazanmak de\u011fildir. Demokrasi, gerekti\u011finde yerini gen\u00e7lere b\u0131rakabilme erdemidir. Halk\u0131n iradesine g\u00fcvenebilmek, ele\u015ftiriye tahamm\u00fcl g\u00f6sterebilmek ve farkl\u0131 seslere sayg\u0131 duyabilmektir. Fakat ne yaz\u0131k ki baz\u0131 siyaset\u00e7iler y\u0131llar ge\u00e7tik\u00e7e halktan uzakla\u015f\u0131yor, \u00e7evresindeki dar \u00e7\u0131kar gruplar\u0131n\u0131n etkisi alt\u0131nda kal\u0131yor. B\u00f6yle olunca da milletin ger\u00e7ek sorunlar\u0131 ikinci plana itiliyor.<\/p>\n\n\n\n<p>Bug\u00fcn insanlar\u0131m\u0131z\u0131n en \u00e7ok ihtiya\u00e7 duydu\u011fu \u015fey umut ve g\u00fcvendir. \u00c7ocuklar\u0131m\u0131z\u0131n yar\u0131nlara korkuyla de\u011fil heyecanla bakabilmesi gerekiyor. \u00dcniversite mezunu gen\u00e7lerin ba\u015fka \u00fclkelerde gelecek aramak zorunda kalmad\u0131\u011f\u0131, kad\u0131nlar\u0131n g\u00fcven i\u00e7inde ya\u015fayabildi\u011fi, emeklinin maa\u015f\u0131yla huzur i\u00e7inde ge\u00e7inebildi\u011fi bir \u00fclke \u00f6zlemi b\u00fcy\u00fcyor. Bunun yolu ise kirli siyasi hesaplardan de\u011fil, liyakatten, adaletten ve vicdandan ge\u00e7iyor.<\/p>\n\n\n\n<p>Unutulmamal\u0131d\u0131r ki hi\u00e7bir makam sonsuz de\u011fildir. G\u00fc\u00e7 ge\u00e7icidir, koltuk ge\u00e7icidir fakat halk\u0131n haf\u0131zas\u0131 kal\u0131c\u0131d\u0131r. \u0130nsanlar kendilerine hizmet edenleri de unutmuyor, kendi \u00e7\u0131kar\u0131 u\u011fruna \u00fclkeyi yoranlar\u0131 da\u2026 Tarih boyunca oldu\u011fu gibi bug\u00fcn de zaman, ger\u00e7e\u011fi mutlaka ortaya \u00e7\u0131karacakt\u0131r.<\/p>\n\n\n\n<p>Bu y\u00fczden art\u0131k siyasetin dili de\u011fi\u015fmelidir. \u0130nsanlar\u0131 birbirine d\u00fc\u015f\u00fcren de\u011fil birle\u015ftiren, korku \u00fcreten de\u011fil umut veren bir anlay\u0131\u015fa ihtiya\u00e7 vard\u0131r. \u00c7\u00fcnk\u00fc bu \u00fclke hepimizin ortak evidir. Ayn\u0131 g\u00f6ky\u00fcz\u00fcn\u00fcn alt\u0131nda ya\u015fayan insanlar olarak ayr\u0131\u015fmaya de\u011fil dayan\u0131\u015fmaya mecburuz.<\/p>\n\n\n\n<p>Ve biliyoruz ki en sert kayal\u0131k yollar bile sab\u0131rla, ak\u0131lla ve m\u00fccadeleyle a\u015f\u0131l\u0131r. Yeter ki adalet duygusu kaybolmas\u0131n, yeter ki insan vicdan\u0131n\u0131 susturmas\u0131n. \u00c7\u00fcnk\u00fc sonunda kazanan, kumpaslar de\u011fil, hakikat olacakt\u0131r.<\/p>\n","protected":false},"excerpt":{"rendered":"<p>Hayat dedi\u011fimiz uzun yolculukta hi\u00e7bir insan, hi\u00e7bir toplum ve hi\u00e7bir devlet b\u00fct\u00fcn isteklerine kolayl\u0131kla ula\u015famaz. \u00c7\u00fcnk\u00fc ya\u015fam\u0131n kendisi m\u00fccadeledir. Kimi zaman g\u00fcne\u015fli yollar \u00e7\u0131kar \u00f6n\u00fcm\u00fcze, kimi zaman sarp kayal\u0131klar\u2026 Bazen umutla y\u00fcr\u00fcr\u00fcz, bazen de a\u011f\u0131r y\u00fcklerin alt\u0131nda yoruluruz. Fakat de\u011fi\u015fmeyen tek ger\u00e7ek \u015fudur: Hi\u00e7bir kudret, ezeli kanunlar\u0131n d\u0131\u015f\u0131na \u00e7\u0131kamaz. Do\u011fan\u0131n, vicdan\u0131n ve adaletin \u00fcst\u00fcnde hi\u00e7bir [&hellip;]<\/p>\n","protected":false},"author":13998,"featured_media":160116,"comment_status":"open","ping_status":"open","sticky":false,"template":"","format":"standard","meta":{"_yoast_wpseo_focuskw":"kirli siyaset","_yoast_wpseo_title":"","_yoast_wpseo_metadesc":"Hayat dedi\u011fimiz uzun yolculukta hi\u00e7bir insan, hi\u00e7bir toplum ve hi\u00e7bir devlet b\u00fct\u00fcn isteklerine kolayl\u0131kla ula\u015famaz.","_bbp_topic_count":0,"_bbp_reply_count":0,"_bbp_total_topic_count":0,"_bbp_total_reply_count":0,"_bbp_voice_count":0,"_bbp_anonymous_reply_count":0,"_bbp_topic_count_hidden":0,"_bbp_reply_count_hidden":0,"_bbp_forum_subforum_count":0,"footnotes":"","_yoast_wpseo_focuskw_text_input":""},"categories":[8889],"tags":[],"yoast_head":"<!-- This site is optimized with the Yoast SEO plugin v23.0 - https:\/\/yoast.com\/wordpress\/plugins\/seo\/ -->\n<title>Kirli Siyasetin G\u00f6lgesinde Gelece\u011fi Aramak - The Epoch Times TR<\/title>\n<meta name=\"description\" content=\"Hayat dedi\u011fimiz uzun yolculukta hi\u00e7bir insan, hi\u00e7bir toplum ve hi\u00e7bir devlet b\u00fct\u00fcn isteklerine kolayl\u0131kla ula\u015famaz.\" \/>\n<meta name=\"robots\" content=\"index, follow, max-snippet:-1, max-image-preview:large, max-video-preview:-1\" \/>\n<link rel=\"canonical\" href=\"https:\/\/epochtimestr.com\/index.php\/kirli-siyasetin-golgesinde-gelecegi-aramak\" \/>\n<meta property=\"og:locale\" content=\"tr_TR\" \/>\n<meta property=\"og:type\" content=\"article\" \/>\n<meta property=\"og:title\" content=\"Kirli Siyasetin G\u00f6lgesinde Gelece\u011fi Aramak - The Epoch Times TR\" \/>\n<meta property=\"og:description\" content=\"Hayat dedi\u011fimiz uzun yolculukta hi\u00e7bir insan, hi\u00e7bir toplum ve hi\u00e7bir devlet b\u00fct\u00fcn isteklerine kolayl\u0131kla ula\u015famaz.\" \/>\n<meta property=\"og:url\" content=\"https:\/\/epochtimestr.com\/index.php\/kirli-siyasetin-golgesinde-gelecegi-aramak\" \/>\n<meta property=\"og:site_name\" content=\"The Epoch Times TR\" \/>\n<meta property=\"article:publisher\" content=\"https:\/\/www.facebook.com\/theepochtimestr\" \/>\n<meta property=\"article:published_time\" content=\"2026-05-24T10:10:21+00:00\" \/>\n<meta property=\"article:modified_time\" content=\"2026-05-24T10:10:25+00:00\" \/>\n<meta property=\"og:image\" content=\"https:\/\/epochtimestr.com\/wp-content\/uploads\/2011y\/SERIFE-ESER-SM.png\" \/>\n\t<meta property=\"og:image:width\" content=\"1200\" \/>\n\t<meta property=\"og:image:height\" content=\"630\" \/>\n\t<meta property=\"og:image:type\" content=\"image\/png\" \/>\n<meta name=\"author\" content=\"\u015eerife Eser\" \/>\n<meta name=\"twitter:card\" content=\"summary_large_image\" \/>\n<meta name=\"twitter:creator\" content=\"@TheEpochTimesTR\" \/>\n<meta name=\"twitter:site\" content=\"@TheEpochTimesTR\" \/>\n<meta name=\"twitter:label1\" content=\"Yazan:\" \/>\n\t<meta name=\"twitter:data1\" content=\"\u015eerife Eser\" \/>\n\t<meta name=\"twitter:label2\" content=\"Tahmini okuma s\u00fcresi\" \/>\n\t<meta name=\"twitter:data2\" content=\"4 dakika\" \/>\n<script type=\"application\/ld+json\" class=\"yoast-schema-graph\">{\"@context\":\"https:\/\/schema.org\",\"@graph\":[{\"@type\":\"Article\",\"@id\":\"https:\/\/epochtimestr.com\/index.php\/kirli-siyasetin-golgesinde-gelecegi-aramak#article\",\"isPartOf\":{\"@id\":\"https:\/\/epochtimestr.com\/index.php\/kirli-siyasetin-golgesinde-gelecegi-aramak\"},\"author\":{\"name\":\"\u015eerife Eser\",\"@id\":\"https:\/\/epochtimestr.com\/#\/schema\/person\/82b65a1390e2b0717a679b57ed38d466\"},\"headline\":\"Kirli Siyasetin G\u00f6lgesinde Gelece\u011fi Aramak\",\"datePublished\":\"2026-05-24T10:10:21+00:00\",\"dateModified\":\"2026-05-24T10:10:25+00:00\",\"mainEntityOfPage\":{\"@id\":\"https:\/\/epochtimestr.com\/index.php\/kirli-siyasetin-golgesinde-gelecegi-aramak\"},\"wordCount\":765,\"commentCount\":1,\"publisher\":{\"@id\":\"https:\/\/epochtimestr.com\/#organization\"},\"image\":{\"@id\":\"https:\/\/epochtimestr.com\/index.php\/kirli-siyasetin-golgesinde-gelecegi-aramak#primaryimage\"},\"thumbnailUrl\":\"https:\/\/epochtimestr.com\/wp-content\/uploads\/2011y\/Serife-Eser-Profil-1.png\",\"articleSection\":[\"K\u00f6\u015fe Yaz\u0131lar\u0131 \u015eerife Eser\"],\"inLanguage\":\"tr\",\"potentialAction\":[{\"@type\":\"CommentAction\",\"name\":\"Comment\",\"target\":[\"https:\/\/epochtimestr.com\/index.php\/kirli-siyasetin-golgesinde-gelecegi-aramak#respond\"]}]},{\"@type\":\"WebPage\",\"@id\":\"https:\/\/epochtimestr.com\/index.php\/kirli-siyasetin-golgesinde-gelecegi-aramak\",\"url\":\"https:\/\/epochtimestr.com\/index.php\/kirli-siyasetin-golgesinde-gelecegi-aramak\",\"name\":\"Kirli Siyasetin G\u00f6lgesinde Gelece\u011fi Aramak - The Epoch Times TR\",\"isPartOf\":{\"@id\":\"https:\/\/epochtimestr.com\/#website\"},\"primaryImageOfPage\":{\"@id\":\"https:\/\/epochtimestr.com\/index.php\/kirli-siyasetin-golgesinde-gelecegi-aramak#primaryimage\"},\"image\":{\"@id\":\"https:\/\/epochtimestr.com\/index.php\/kirli-siyasetin-golgesinde-gelecegi-aramak#primaryimage\"},\"thumbnailUrl\":\"https:\/\/epochtimestr.com\/wp-content\/uploads\/2011y\/Serife-Eser-Profil-1.png\",\"datePublished\":\"2026-05-24T10:10:21+00:00\",\"dateModified\":\"2026-05-24T10:10:25+00:00\",\"description\":\"Hayat dedi\u011fimiz uzun yolculukta hi\u00e7bir insan, hi\u00e7bir toplum ve hi\u00e7bir devlet b\u00fct\u00fcn isteklerine kolayl\u0131kla ula\u015famaz.\",\"inLanguage\":\"tr\",\"potentialAction\":[{\"@type\":\"ReadAction\",\"target\":[\"https:\/\/epochtimestr.com\/index.php\/kirli-siyasetin-golgesinde-gelecegi-aramak\"]}]},{\"@type\":\"ImageObject\",\"inLanguage\":\"tr\",\"@id\":\"https:\/\/epochtimestr.com\/index.php\/kirli-siyasetin-golgesinde-gelecegi-aramak#primaryimage\",\"url\":\"https:\/\/epochtimestr.com\/wp-content\/uploads\/2011y\/Serife-Eser-Profil-1.png\",\"contentUrl\":\"https:\/\/epochtimestr.com\/wp-content\/uploads\/2011y\/Serife-Eser-Profil-1.png\",\"width\":600,\"height\":600},{\"@type\":\"WebSite\",\"@id\":\"https:\/\/epochtimestr.com\/#website\",\"url\":\"https:\/\/epochtimestr.com\/\",\"name\":\"The Epoch Times TR\",\"description\":\"De\u011fi\u015fen D\u00fcnyam\u0131za Taze Bir Bak\u0131\u015f\",\"publisher\":{\"@id\":\"https:\/\/epochtimestr.com\/#organization\"},\"potentialAction\":[{\"@type\":\"SearchAction\",\"target\":{\"@type\":\"EntryPoint\",\"urlTemplate\":\"https:\/\/epochtimestr.com\/?s={search_term_string}\"},\"query-input\":\"required name=search_term_string\"}],\"inLanguage\":\"tr\"},{\"@type\":\"Organization\",\"@id\":\"https:\/\/epochtimestr.com\/#organization\",\"name\":\"The EpochTimes T\u00fcrkiye\",\"url\":\"https:\/\/epochtimestr.com\/\",\"logo\":{\"@type\":\"ImageObject\",\"inLanguage\":\"tr\",\"@id\":\"https:\/\/epochtimestr.com\/#\/schema\/logo\/image\/\",\"url\":\"https:\/\/epochtimestr.com\/wp-content\/uploads\/2011y\/ET-Logo-YG.jpg\",\"contentUrl\":\"https:\/\/epochtimestr.com\/wp-content\/uploads\/2011y\/ET-Logo-YG.jpg\",\"width\":346,\"height\":29,\"caption\":\"The EpochTimes T\u00fcrkiye\"},\"image\":{\"@id\":\"https:\/\/epochtimestr.com\/#\/schema\/logo\/image\/\"},\"sameAs\":[\"https:\/\/www.facebook.com\/theepochtimestr\",\"https:\/\/x.com\/TheEpochTimesTR\",\"https:\/\/www.instagram.com\/epochtimestr\"]},{\"@type\":\"Person\",\"@id\":\"https:\/\/epochtimestr.com\/#\/schema\/person\/82b65a1390e2b0717a679b57ed38d466\",\"name\":\"\u015eerife Eser\",\"image\":{\"@type\":\"ImageObject\",\"inLanguage\":\"tr\",\"@id\":\"https:\/\/epochtimestr.com\/#\/schema\/person\/image\/\",\"url\":\"https:\/\/secure.gravatar.com\/avatar\/240b2d469e089f3ae0f677fcc7925228?s=96&d=mm&r=g\",\"contentUrl\":\"https:\/\/secure.gravatar.com\/avatar\/240b2d469e089f3ae0f677fcc7925228?s=96&d=mm&r=g\",\"caption\":\"\u015eerife Eser\"},\"url\":\"https:\/\/epochtimestr.com\/index.php\/author\/serife\"}]}<\/script>\n<!-- \/ Yoast SEO plugin. -->","yoast_head_json":{"title":"Kirli Siyasetin G\u00f6lgesinde Gelece\u011fi Aramak - The Epoch Times TR","description":"Hayat dedi\u011fimiz uzun yolculukta hi\u00e7bir insan, hi\u00e7bir toplum ve hi\u00e7bir devlet b\u00fct\u00fcn isteklerine kolayl\u0131kla ula\u015famaz.","robots":{"index":"index","follow":"follow","max-snippet":"max-snippet:-1","max-image-preview":"max-image-preview:large","max-video-preview":"max-video-preview:-1"},"canonical":"https:\/\/epochtimestr.com\/index.php\/kirli-siyasetin-golgesinde-gelecegi-aramak","og_locale":"tr_TR","og_type":"article","og_title":"Kirli Siyasetin G\u00f6lgesinde Gelece\u011fi Aramak - The Epoch Times TR","og_description":"Hayat dedi\u011fimiz uzun yolculukta hi\u00e7bir insan, hi\u00e7bir toplum ve hi\u00e7bir devlet b\u00fct\u00fcn isteklerine kolayl\u0131kla ula\u015famaz.","og_url":"https:\/\/epochtimestr.com\/index.php\/kirli-siyasetin-golgesinde-gelecegi-aramak","og_site_name":"The Epoch Times TR","article_publisher":"https:\/\/www.facebook.com\/theepochtimestr","article_published_time":"2026-05-24T10:10:21+00:00","article_modified_time":"2026-05-24T10:10:25+00:00","og_image":[{"width":1200,"height":630,"url":"https:\/\/epochtimestr.com\/wp-content\/uploads\/2011y\/SERIFE-ESER-SM.png","type":"image\/png"}],"author":"\u015eerife Eser","twitter_card":"summary_large_image","twitter_creator":"@TheEpochTimesTR","twitter_site":"@TheEpochTimesTR","twitter_misc":{"Yazan:":"\u015eerife Eser","Tahmini okuma s\u00fcresi":"4 dakika"},"schema":{"@context":"https:\/\/schema.org","@graph":[{"@type":"Article","@id":"https:\/\/epochtimestr.com\/index.php\/kirli-siyasetin-golgesinde-gelecegi-aramak#article","isPartOf":{"@id":"https:\/\/epochtimestr.com\/index.php\/kirli-siyasetin-golgesinde-gelecegi-aramak"},"author":{"name":"\u015eerife Eser","@id":"https:\/\/epochtimestr.com\/#\/schema\/person\/82b65a1390e2b0717a679b57ed38d466"},"headline":"Kirli Siyasetin G\u00f6lgesinde Gelece\u011fi Aramak","datePublished":"2026-05-24T10:10:21+00:00","dateModified":"2026-05-24T10:10:25+00:00","mainEntityOfPage":{"@id":"https:\/\/epochtimestr.com\/index.php\/kirli-siyasetin-golgesinde-gelecegi-aramak"},"wordCount":765,"commentCount":1,"publisher":{"@id":"https:\/\/epochtimestr.com\/#organization"},"image":{"@id":"https:\/\/epochtimestr.com\/index.php\/kirli-siyasetin-golgesinde-gelecegi-aramak#primaryimage"},"thumbnailUrl":"https:\/\/epochtimestr.com\/wp-content\/uploads\/2011y\/Serife-Eser-Profil-1.png","articleSection":["K\u00f6\u015fe Yaz\u0131lar\u0131 \u015eerife Eser"],"inLanguage":"tr","potentialAction":[{"@type":"CommentAction","name":"Comment","target":["https:\/\/epochtimestr.com\/index.php\/kirli-siyasetin-golgesinde-gelecegi-aramak#respond"]}]},{"@type":"WebPage","@id":"https:\/\/epochtimestr.com\/index.php\/kirli-siyasetin-golgesinde-gelecegi-aramak","url":"https:\/\/epochtimestr.com\/index.php\/kirli-siyasetin-golgesinde-gelecegi-aramak","name":"Kirli Siyasetin G\u00f6lgesinde Gelece\u011fi Aramak - The Epoch Times TR","isPartOf":{"@id":"https:\/\/epochtimestr.com\/#website"},"primaryImageOfPage":{"@id":"https:\/\/epochtimestr.com\/index.php\/kirli-siyasetin-golgesinde-gelecegi-aramak#primaryimage"},"image":{"@id":"https:\/\/epochtimestr.com\/index.php\/kirli-siyasetin-golgesinde-gelecegi-aramak#primaryimage"},"thumbnailUrl":"https:\/\/epochtimestr.com\/wp-content\/uploads\/2011y\/Serife-Eser-Profil-1.png","datePublished":"2026-05-24T10:10:21+00:00","dateModified":"2026-05-24T10:10:25+00:00","description":"Hayat dedi\u011fimiz uzun yolculukta hi\u00e7bir insan, hi\u00e7bir toplum ve hi\u00e7bir devlet b\u00fct\u00fcn isteklerine kolayl\u0131kla ula\u015famaz.","inLanguage":"tr","potentialAction":[{"@type":"ReadAction","target":["https:\/\/epochtimestr.com\/index.php\/kirli-siyasetin-golgesinde-gelecegi-aramak"]}]},{"@type":"ImageObject","inLanguage":"tr","@id":"https:\/\/epochtimestr.com\/index.php\/kirli-siyasetin-golgesinde-gelecegi-aramak#primaryimage","url":"https:\/\/epochtimestr.com\/wp-content\/uploads\/2011y\/Serife-Eser-Profil-1.png","contentUrl":"https:\/\/epochtimestr.com\/wp-content\/uploads\/2011y\/Serife-Eser-Profil-1.png","width":600,"height":600},{"@type":"WebSite","@id":"https:\/\/epochtimestr.com\/#website","url":"https:\/\/epochtimestr.com\/","name":"The Epoch Times TR","description":"De\u011fi\u015fen D\u00fcnyam\u0131za Taze Bir Bak\u0131\u015f","publisher":{"@id":"https:\/\/epochtimestr.com\/#organization"},"potentialAction":[{"@type":"SearchAction","target":{"@type":"EntryPoint","urlTemplate":"https:\/\/epochtimestr.com\/?s={search_term_string}"},"query-input":"required name=search_term_string"}],"inLanguage":"tr"},{"@type":"Organization","@id":"https:\/\/epochtimestr.com\/#organization","name":"The EpochTimes T\u00fcrkiye","url":"https:\/\/epochtimestr.com\/","logo":{"@type":"ImageObject","inLanguage":"tr","@id":"https:\/\/epochtimestr.com\/#\/schema\/logo\/image\/","url":"https:\/\/epochtimestr.com\/wp-content\/uploads\/2011y\/ET-Logo-YG.jpg","contentUrl":"https:\/\/epochtimestr.com\/wp-content\/uploads\/2011y\/ET-Logo-YG.jpg","width":346,"height":29,"caption":"The EpochTimes T\u00fcrkiye"},"image":{"@id":"https:\/\/epochtimestr.com\/#\/schema\/logo\/image\/"},"sameAs":["https:\/\/www.facebook.com\/theepochtimestr","https:\/\/x.com\/TheEpochTimesTR","https:\/\/www.instagram.com\/epochtimestr"]},{"@type":"Person","@id":"https:\/\/epochtimestr.com\/#\/schema\/person\/82b65a1390e2b0717a679b57ed38d466","name":"\u015eerife Eser","image":{"@type":"ImageObject","inLanguage":"tr","@id":"https:\/\/epochtimestr.com\/#\/schema\/person\/image\/","url":"https:\/\/secure.gravatar.com\/avatar\/240b2d469e089f3ae0f677fcc7925228?s=96&d=mm&r=g","contentUrl":"https:\/\/secure.gravatar.com\/avatar\/240b2d469e089f3ae0f677fcc7925228?s=96&d=mm&r=g","caption":"\u015eerife Eser"},"url":"https:\/\/epochtimestr.com\/index.php\/author\/serife"}]}},"_links":{"self":[{"href":"https:\/\/epochtimestr.com\/index.php\/wp-json\/wp\/v2\/posts\/167493"}],"collection":[{"href":"https:\/\/epochtimestr.com\/index.php\/wp-json\/wp\/v2\/posts"}],"about":[{"href":"https:\/\/epochtimestr.com\/index.php\/wp-json\/wp\/v2\/types\/post"}],"author":[{"embeddable":true,"href":"https:\/\/epochtimestr.com\/index.php\/wp-json\/wp\/v2\/users\/13998"}],"replies":[{"embeddable":true,"href":"https:\/\/epochtimestr.com\/index.php\/wp-json\/wp\/v2\/comments?post=167493"}],"version-history":[{"count":1,"href":"https:\/\/epochtimestr.com\/index.php\/wp-json\/wp\/v2\/posts\/167493\/revisions"}],"predecessor-version":[{"id":167497,"href":"https:\/\/epochtimestr.com\/index.php\/wp-json\/wp\/v2\/posts\/167493\/revisions\/167497"}],"wp:featuredmedia":[{"embeddable":true,"href":"https:\/\/epochtimestr.com\/index.php\/wp-json\/wp\/v2\/media\/160116"}],"wp:attachment":[{"href":"https:\/\/epochtimestr.com\/index.php\/wp-json\/wp\/v2\/media?parent=167493"}],"wp:term":[{"taxonomy":"category","embeddable":true,"href":"https:\/\/epochtimestr.com\/index.php\/wp-json\/wp\/v2\/categories?post=167493"},{"taxonomy":"post_tag","embeddable":true,"href":"https:\/\/epochtimestr.com\/index.php\/wp-json\/wp\/v2\/tags?post=167493"}],"curies":[{"name":"wp","href":"https:\/\/api.w.org\/{rel}","templated":true}]}}