{"id":167501,"date":"2026-05-25T07:00:00","date_gmt":"2026-05-25T04:00:00","guid":{"rendered":"https:\/\/epochtimestr.com\/?p=167501"},"modified":"2026-05-24T13:24:13","modified_gmt":"2026-05-24T10:24:13","slug":"kirgiz-suvarilerinin-istiklal-destani","status":"publish","type":"post","link":"https:\/\/epochtimestr.com\/index.php\/kirgiz-suvarilerinin-istiklal-destani","title":{"rendered":"K\u0131rg\u0131z S\u00fcvarilerinin \u0130stiklal Destan\u0131"},"content":{"rendered":"\n<p>Tarih sayfalar\u0131, destan yazan nice kahraman\u0131n hik\u00e2yesiyle doludur. Ancak baz\u0131lar\u0131 vard\u0131r ki co\u011frafyan\u0131n ve zaman\u0131n s\u0131n\u0131rlar\u0131n\u0131 a\u015farak, sadece \u201ckarde\u015flik\u201d u\u011fruna \u00f6l\u00fcme meydan okur. \u0130\u015fte T\u00fcrk\u2019\u00fcn varl\u0131k m\u00fccadelesi olan \u0130stiklal Sava\u015f\u0131\u2019n\u0131n ba\u011fr\u0131nda yatan, fakat zaman\u0131n tozlu raflar\u0131nda unutulmaya y\u00fcz tutmu\u015f, en asil hik\u00e2yelerden biri de K\u0131rg\u0131z s\u00fcvarilerine aittir.<\/p>\n\n\n\n<p>Anadolu d\u00fc\u015fman postal\u0131n\u0131n alt\u0131nda inlerken, binlerce kilometre \u00f6tede, ata topra\u011f\u0131 K\u0131rg\u0131zistan\u2019da bir grup gencin y\u00fcre\u011fi bu ac\u0131yla kavruluyordu. \u201cKarde\u015fimiz zordayken oturmak bize yak\u0131\u015fmaz\u201d diyen birka\u00e7 y\u00fcrekli insanla ba\u015flayan k\u0131v\u0131lc\u0131m, k\u0131sa s\u00fcrede \u00e7\u0131\u011f gibi b\u00fcy\u00fcd\u00fc. Kap\u0131 kap\u0131 dola\u015farak toplad\u0131klar\u0131 yard\u0131mlarla, cephanelerle ve en \u00f6nemlisi iman dolu sine deryas\u0131yla iki bin ki\u015filik devasa bir g\u00f6n\u00fcll\u00fc ordusuna d\u00f6n\u00fc\u015ft\u00fcler.<\/p>\n\n\n\n<p>\u00d6nlerinde ak\u0131lalmaz, insan\u00fcst\u00fc bir engel vard\u0131: Tam alt\u0131 bin kilometre!<\/p>\n\n\n\n<p>\u201cDeh dediler bir tarihe, y\u00fcr\u00fc sava\u015fa! Kanda\u015flar\u0131m vuru\u015furmu\u015f ayr\u0131 d\u00fc\u015fmek yak\u0131\u015fmaz karda\u015fa&#8230;\u201d<\/p>\n\n\n\n<p>At s\u0131rt\u0131nda, ka\u011fn\u0131lar\u0131n g\u00f6lgesinde, \u00e7etin do\u011fa \u015fartlar\u0131na ve yol boyu kar\u015f\u0131la\u015ft\u0131klar\u0131 i\u015fgalci pusular\u0131na inat, amans\u0131z bir yolculu\u011fa \u00e7\u0131kt\u0131lar. Adriyatik\u2019ten \u00c7in Seddi\u2019ne uzanan o kadim T\u00fcrk ba\u011f\u0131n\u0131n sadece s\u00f6zde olmad\u0131\u011f\u0131n\u0131, nallar\u0131 yere her vurdu\u011funda, t\u00fcm d\u00fcnyaya hayk\u0131rd\u0131lar.<\/p>\n\n\n\n<p>Anadolu\u2019ya ula\u015ft\u0131klar\u0131nda yorgundular, uykusuzdular; ancak g\u00f6zlerindeki istiklal ate\u015fi bir an bile s\u00f6nmemi\u015fti. Dinlenmeyi ak\u0131llar\u0131ndan bile ge\u00e7irmeden, Mustafa Kemal Atat\u00fcrk\u2019\u00fcn ordusunun en \u00f6n saflar\u0131na at\u0131ld\u0131lar. Onlar\u0131n bu g\u00f6z\u00fc kara cesareti, cephede yorulan, umutsuzlu\u011fa kap\u0131lan Anadolu mehmet\u00e7i\u011fine de muazzam bir ruh ve moral a\u015f\u0131lad\u0131. K\u0131rg\u0131z atl\u0131lar\u0131, vatan savunmas\u0131n\u0131n en kritik k\u0131r\u0131lma noktalar\u0131nda adeta birer \u00e7elik kale gibi durdular.<\/p>\n\n\n\n<p>Sava\u015f bitti\u011finde, o ihti\u015faml\u0131 iki bin atl\u0131dan geriye sadece \u00e7ok az bir az\u0131nl\u0131k kalm\u0131\u015ft\u0131. Canlar\u0131n\u0131 bu topraklara, hi\u00e7bir kar\u015f\u0131l\u0131k beklemeden feda etmi\u015flerdi. Geri d\u00f6nmeyi hi\u00e7 d\u00fc\u015f\u00fcnmediler. Sava\u015ftan sa\u011f \u00e7\u0131kan o bir avu\u00e7 kahraman ise bug\u00fcn h\u00e2l\u00e2 hat\u0131ralar\u0131n\u0131 ya\u015fatan \u0130znik b\u00f6lgesine yerle\u015ferek Anadolu\u2019yu ebedi yurt edindi.<\/p>\n\n\n\n<p>Bug\u00fcn bizler \u00f6zg\u00fcr bir g\u00f6ky\u00fcz\u00fcn\u00fcn alt\u0131nda nefes alabiliyorsak, bunda pay\u0131 olan o uzaktaki karde\u015flerimizi, alt\u0131 bin kilometrelik mesafeyi kalbiyle s\u0131f\u0131rlayan K\u0131rg\u0131z yi\u011fitlerini unutmamak boynumuzun borcudur. Ruhlar\u0131 \u015fad olsun.<\/p>\n","protected":false},"excerpt":{"rendered":"<p>Tarih sayfalar\u0131, destan yazan nice kahraman\u0131n hik\u00e2yesiyle doludur. Ancak baz\u0131lar\u0131 vard\u0131r ki co\u011frafyan\u0131n ve zaman\u0131n s\u0131n\u0131rlar\u0131n\u0131 a\u015farak, sadece \u201ckarde\u015flik\u201d u\u011fruna \u00f6l\u00fcme meydan okur. \u0130\u015fte T\u00fcrk\u2019\u00fcn varl\u0131k m\u00fccadelesi olan \u0130stiklal Sava\u015f\u0131\u2019n\u0131n ba\u011fr\u0131nda yatan, fakat zaman\u0131n tozlu raflar\u0131nda unutulmaya y\u00fcz tutmu\u015f, en asil hik\u00e2yelerden biri de K\u0131rg\u0131z s\u00fcvarilerine aittir. Anadolu d\u00fc\u015fman postal\u0131n\u0131n alt\u0131nda inlerken, binlerce kilometre \u00f6tede, [&hellip;]<\/p>\n","protected":false},"author":14013,"featured_media":167144,"comment_status":"open","ping_status":"open","sticky":false,"template":"","format":"standard","meta":{"_yoast_wpseo_focuskw":"K\u0131rg\u0131z s\u00fcvarileri","_yoast_wpseo_title":"","_yoast_wpseo_metadesc":"\u0130stiklal Sava\u015f\u0131\u2019n\u0131n ba\u011fr\u0131nda yatan, zaman\u0131n tozlu raflar\u0131nda unutulmaya y\u00fcz tutmu\u015f, en asil hik\u00e2yelerden biri de K\u0131rg\u0131z s\u00fcvarilerine aittir.","_bbp_topic_count":0,"_bbp_reply_count":0,"_bbp_total_topic_count":0,"_bbp_total_reply_count":0,"_bbp_voice_count":0,"_bbp_anonymous_reply_count":0,"_bbp_topic_count_hidden":0,"_bbp_reply_count_hidden":0,"_bbp_forum_subforum_count":0,"footnotes":"","_yoast_wpseo_focuskw_text_input":""},"categories":[11361],"tags":[],"yoast_head":"<!-- This site is optimized with the Yoast SEO plugin v23.0 - https:\/\/yoast.com\/wordpress\/plugins\/seo\/ -->\n<title>K\u0131rg\u0131z S\u00fcvarilerinin \u0130stiklal Destan\u0131 - The Epoch Times TR<\/title>\n<meta name=\"description\" content=\"\u0130stiklal Sava\u015f\u0131\u2019n\u0131n ba\u011fr\u0131nda yatan, zaman\u0131n tozlu raflar\u0131nda unutulmaya y\u00fcz tutmu\u015f, en asil hik\u00e2yelerden biri de K\u0131rg\u0131z s\u00fcvarilerine aittir.\" \/>\n<meta name=\"robots\" content=\"index, follow, max-snippet:-1, max-image-preview:large, max-video-preview:-1\" \/>\n<link rel=\"canonical\" href=\"https:\/\/epochtimestr.com\/index.php\/kirgiz-suvarilerinin-istiklal-destani\" \/>\n<meta property=\"og:locale\" content=\"tr_TR\" \/>\n<meta property=\"og:type\" content=\"article\" \/>\n<meta property=\"og:title\" content=\"K\u0131rg\u0131z S\u00fcvarilerinin \u0130stiklal Destan\u0131 - The Epoch Times TR\" \/>\n<meta property=\"og:description\" content=\"\u0130stiklal Sava\u015f\u0131\u2019n\u0131n ba\u011fr\u0131nda yatan, zaman\u0131n tozlu raflar\u0131nda unutulmaya y\u00fcz tutmu\u015f, en asil hik\u00e2yelerden biri de K\u0131rg\u0131z s\u00fcvarilerine aittir.\" \/>\n<meta property=\"og:url\" content=\"https:\/\/epochtimestr.com\/index.php\/kirgiz-suvarilerinin-istiklal-destani\" \/>\n<meta property=\"og:site_name\" content=\"The Epoch Times TR\" \/>\n<meta property=\"article:publisher\" content=\"https:\/\/www.facebook.com\/theepochtimestr\" \/>\n<meta property=\"article:published_time\" content=\"2026-05-25T04:00:00+00:00\" \/>\n<meta property=\"article:modified_time\" content=\"2026-05-24T10:24:13+00:00\" \/>\n<meta property=\"og:image\" content=\"https:\/\/epochtimestr.com\/wp-content\/uploads\/2011y\/ali-kekliktepe-SM.jpeg\" \/>\n\t<meta property=\"og:image:width\" content=\"1200\" \/>\n\t<meta property=\"og:image:height\" content=\"630\" \/>\n\t<meta property=\"og:image:type\" content=\"image\/jpeg\" \/>\n<meta name=\"author\" content=\"Ali Kekliktepe\" \/>\n<meta name=\"twitter:card\" content=\"summary_large_image\" \/>\n<meta name=\"twitter:creator\" content=\"@TheEpochTimesTR\" \/>\n<meta name=\"twitter:site\" content=\"@TheEpochTimesTR\" \/>\n<meta name=\"twitter:label1\" content=\"Yazan:\" \/>\n\t<meta name=\"twitter:data1\" content=\"Ali Kekliktepe\" \/>\n\t<meta name=\"twitter:label2\" content=\"Tahmini okuma s\u00fcresi\" \/>\n\t<meta name=\"twitter:data2\" content=\"2 dakika\" \/>\n<script type=\"application\/ld+json\" class=\"yoast-schema-graph\">{\"@context\":\"https:\/\/schema.org\",\"@graph\":[{\"@type\":\"Article\",\"@id\":\"https:\/\/epochtimestr.com\/index.php\/kirgiz-suvarilerinin-istiklal-destani#article\",\"isPartOf\":{\"@id\":\"https:\/\/epochtimestr.com\/index.php\/kirgiz-suvarilerinin-istiklal-destani\"},\"author\":{\"name\":\"Ali Kekliktepe\",\"@id\":\"https:\/\/epochtimestr.com\/#\/schema\/person\/da94a416fed1aed029d0a47e85673b95\"},\"headline\":\"K\u0131rg\u0131z S\u00fcvarilerinin \u0130stiklal Destan\u0131\",\"datePublished\":\"2026-05-25T04:00:00+00:00\",\"dateModified\":\"2026-05-24T10:24:13+00:00\",\"mainEntityOfPage\":{\"@id\":\"https:\/\/epochtimestr.com\/index.php\/kirgiz-suvarilerinin-istiklal-destani\"},\"wordCount\":459,\"commentCount\":0,\"publisher\":{\"@id\":\"https:\/\/epochtimestr.com\/#organization\"},\"image\":{\"@id\":\"https:\/\/epochtimestr.com\/index.php\/kirgiz-suvarilerinin-istiklal-destani#primaryimage\"},\"thumbnailUrl\":\"https:\/\/epochtimestr.com\/wp-content\/uploads\/2011y\/Ali-Kekliktepe.jpg\",\"articleSection\":[\"K\u00f6\u015fe Yaz\u0131lar\u0131 Ali Kekliktepe\"],\"inLanguage\":\"tr\",\"potentialAction\":[{\"@type\":\"CommentAction\",\"name\":\"Comment\",\"target\":[\"https:\/\/epochtimestr.com\/index.php\/kirgiz-suvarilerinin-istiklal-destani#respond\"]}]},{\"@type\":\"WebPage\",\"@id\":\"https:\/\/epochtimestr.com\/index.php\/kirgiz-suvarilerinin-istiklal-destani\",\"url\":\"https:\/\/epochtimestr.com\/index.php\/kirgiz-suvarilerinin-istiklal-destani\",\"name\":\"K\u0131rg\u0131z S\u00fcvarilerinin \u0130stiklal Destan\u0131 - The Epoch Times TR\",\"isPartOf\":{\"@id\":\"https:\/\/epochtimestr.com\/#website\"},\"primaryImageOfPage\":{\"@id\":\"https:\/\/epochtimestr.com\/index.php\/kirgiz-suvarilerinin-istiklal-destani#primaryimage\"},\"image\":{\"@id\":\"https:\/\/epochtimestr.com\/index.php\/kirgiz-suvarilerinin-istiklal-destani#primaryimage\"},\"thumbnailUrl\":\"https:\/\/epochtimestr.com\/wp-content\/uploads\/2011y\/Ali-Kekliktepe.jpg\",\"datePublished\":\"2026-05-25T04:00:00+00:00\",\"dateModified\":\"2026-05-24T10:24:13+00:00\",\"description\":\"\u0130stiklal Sava\u015f\u0131\u2019n\u0131n ba\u011fr\u0131nda yatan, zaman\u0131n tozlu raflar\u0131nda unutulmaya y\u00fcz tutmu\u015f, en asil hik\u00e2yelerden biri de K\u0131rg\u0131z s\u00fcvarilerine aittir.\",\"inLanguage\":\"tr\",\"potentialAction\":[{\"@type\":\"ReadAction\",\"target\":[\"https:\/\/epochtimestr.com\/index.php\/kirgiz-suvarilerinin-istiklal-destani\"]}]},{\"@type\":\"ImageObject\",\"inLanguage\":\"tr\",\"@id\":\"https:\/\/epochtimestr.com\/index.php\/kirgiz-suvarilerinin-istiklal-destani#primaryimage\",\"url\":\"https:\/\/epochtimestr.com\/wp-content\/uploads\/2011y\/Ali-Kekliktepe.jpg\",\"contentUrl\":\"https:\/\/epochtimestr.com\/wp-content\/uploads\/2011y\/Ali-Kekliktepe.jpg\",\"width\":600,\"height\":600},{\"@type\":\"WebSite\",\"@id\":\"https:\/\/epochtimestr.com\/#website\",\"url\":\"https:\/\/epochtimestr.com\/\",\"name\":\"The Epoch Times TR\",\"description\":\"De\u011fi\u015fen D\u00fcnyam\u0131za Taze Bir Bak\u0131\u015f\",\"publisher\":{\"@id\":\"https:\/\/epochtimestr.com\/#organization\"},\"potentialAction\":[{\"@type\":\"SearchAction\",\"target\":{\"@type\":\"EntryPoint\",\"urlTemplate\":\"https:\/\/epochtimestr.com\/?s={search_term_string}\"},\"query-input\":\"required name=search_term_string\"}],\"inLanguage\":\"tr\"},{\"@type\":\"Organization\",\"@id\":\"https:\/\/epochtimestr.com\/#organization\",\"name\":\"The EpochTimes T\u00fcrkiye\",\"url\":\"https:\/\/epochtimestr.com\/\",\"logo\":{\"@type\":\"ImageObject\",\"inLanguage\":\"tr\",\"@id\":\"https:\/\/epochtimestr.com\/#\/schema\/logo\/image\/\",\"url\":\"https:\/\/epochtimestr.com\/wp-content\/uploads\/2011y\/ET-Logo-YG.jpg\",\"contentUrl\":\"https:\/\/epochtimestr.com\/wp-content\/uploads\/2011y\/ET-Logo-YG.jpg\",\"width\":346,\"height\":29,\"caption\":\"The EpochTimes T\u00fcrkiye\"},\"image\":{\"@id\":\"https:\/\/epochtimestr.com\/#\/schema\/logo\/image\/\"},\"sameAs\":[\"https:\/\/www.facebook.com\/theepochtimestr\",\"https:\/\/x.com\/TheEpochTimesTR\",\"https:\/\/www.instagram.com\/epochtimestr\"]},{\"@type\":\"Person\",\"@id\":\"https:\/\/epochtimestr.com\/#\/schema\/person\/da94a416fed1aed029d0a47e85673b95\",\"name\":\"Ali Kekliktepe\",\"image\":{\"@type\":\"ImageObject\",\"inLanguage\":\"tr\",\"@id\":\"https:\/\/epochtimestr.com\/#\/schema\/person\/image\/\",\"url\":\"https:\/\/secure.gravatar.com\/avatar\/6c965c3fc374c8f4af759baef4f38bcd?s=96&d=mm&r=g\",\"contentUrl\":\"https:\/\/secure.gravatar.com\/avatar\/6c965c3fc374c8f4af759baef4f38bcd?s=96&d=mm&r=g\",\"caption\":\"Ali Kekliktepe\"},\"description\":\"Ben Ali Kekliktepe; hayat\u0131n\u0131 \u00f6\u011frenmeye, \u00f6\u011fretmeye ve toplumsal fayda yaratmaya adam\u0131\u015f bir yazar ve profesyonelim. Kalemi sadece ka\u011f\u0131da dokunan bir ara\u00e7 de\u011fil, toplumun aksayan y\u00f6nlerine \u015fifa olan bir enstr\u00fcman olarak g\u00f6r\u00fcyorum.\",\"sameAs\":[\"https:\/\/alikekliktepemersin33.blogspot.com\/\"],\"url\":\"https:\/\/epochtimestr.com\/index.php\/author\/ali\"}]}<\/script>\n<!-- \/ Yoast SEO plugin. -->","yoast_head_json":{"title":"K\u0131rg\u0131z S\u00fcvarilerinin \u0130stiklal Destan\u0131 - The Epoch Times TR","description":"\u0130stiklal Sava\u015f\u0131\u2019n\u0131n ba\u011fr\u0131nda yatan, zaman\u0131n tozlu raflar\u0131nda unutulmaya y\u00fcz tutmu\u015f, en asil hik\u00e2yelerden biri de K\u0131rg\u0131z s\u00fcvarilerine aittir.","robots":{"index":"index","follow":"follow","max-snippet":"max-snippet:-1","max-image-preview":"max-image-preview:large","max-video-preview":"max-video-preview:-1"},"canonical":"https:\/\/epochtimestr.com\/index.php\/kirgiz-suvarilerinin-istiklal-destani","og_locale":"tr_TR","og_type":"article","og_title":"K\u0131rg\u0131z S\u00fcvarilerinin \u0130stiklal Destan\u0131 - The Epoch Times TR","og_description":"\u0130stiklal Sava\u015f\u0131\u2019n\u0131n ba\u011fr\u0131nda yatan, zaman\u0131n tozlu raflar\u0131nda unutulmaya y\u00fcz tutmu\u015f, en asil hik\u00e2yelerden biri de K\u0131rg\u0131z s\u00fcvarilerine aittir.","og_url":"https:\/\/epochtimestr.com\/index.php\/kirgiz-suvarilerinin-istiklal-destani","og_site_name":"The Epoch Times TR","article_publisher":"https:\/\/www.facebook.com\/theepochtimestr","article_published_time":"2026-05-25T04:00:00+00:00","article_modified_time":"2026-05-24T10:24:13+00:00","og_image":[{"width":1200,"height":630,"url":"https:\/\/epochtimestr.com\/wp-content\/uploads\/2011y\/ali-kekliktepe-SM.jpeg","type":"image\/jpeg"}],"author":"Ali Kekliktepe","twitter_card":"summary_large_image","twitter_creator":"@TheEpochTimesTR","twitter_site":"@TheEpochTimesTR","twitter_misc":{"Yazan:":"Ali Kekliktepe","Tahmini okuma s\u00fcresi":"2 dakika"},"schema":{"@context":"https:\/\/schema.org","@graph":[{"@type":"Article","@id":"https:\/\/epochtimestr.com\/index.php\/kirgiz-suvarilerinin-istiklal-destani#article","isPartOf":{"@id":"https:\/\/epochtimestr.com\/index.php\/kirgiz-suvarilerinin-istiklal-destani"},"author":{"name":"Ali Kekliktepe","@id":"https:\/\/epochtimestr.com\/#\/schema\/person\/da94a416fed1aed029d0a47e85673b95"},"headline":"K\u0131rg\u0131z S\u00fcvarilerinin \u0130stiklal Destan\u0131","datePublished":"2026-05-25T04:00:00+00:00","dateModified":"2026-05-24T10:24:13+00:00","mainEntityOfPage":{"@id":"https:\/\/epochtimestr.com\/index.php\/kirgiz-suvarilerinin-istiklal-destani"},"wordCount":459,"commentCount":0,"publisher":{"@id":"https:\/\/epochtimestr.com\/#organization"},"image":{"@id":"https:\/\/epochtimestr.com\/index.php\/kirgiz-suvarilerinin-istiklal-destani#primaryimage"},"thumbnailUrl":"https:\/\/epochtimestr.com\/wp-content\/uploads\/2011y\/Ali-Kekliktepe.jpg","articleSection":["K\u00f6\u015fe Yaz\u0131lar\u0131 Ali Kekliktepe"],"inLanguage":"tr","potentialAction":[{"@type":"CommentAction","name":"Comment","target":["https:\/\/epochtimestr.com\/index.php\/kirgiz-suvarilerinin-istiklal-destani#respond"]}]},{"@type":"WebPage","@id":"https:\/\/epochtimestr.com\/index.php\/kirgiz-suvarilerinin-istiklal-destani","url":"https:\/\/epochtimestr.com\/index.php\/kirgiz-suvarilerinin-istiklal-destani","name":"K\u0131rg\u0131z S\u00fcvarilerinin \u0130stiklal Destan\u0131 - The Epoch Times TR","isPartOf":{"@id":"https:\/\/epochtimestr.com\/#website"},"primaryImageOfPage":{"@id":"https:\/\/epochtimestr.com\/index.php\/kirgiz-suvarilerinin-istiklal-destani#primaryimage"},"image":{"@id":"https:\/\/epochtimestr.com\/index.php\/kirgiz-suvarilerinin-istiklal-destani#primaryimage"},"thumbnailUrl":"https:\/\/epochtimestr.com\/wp-content\/uploads\/2011y\/Ali-Kekliktepe.jpg","datePublished":"2026-05-25T04:00:00+00:00","dateModified":"2026-05-24T10:24:13+00:00","description":"\u0130stiklal Sava\u015f\u0131\u2019n\u0131n ba\u011fr\u0131nda yatan, zaman\u0131n tozlu raflar\u0131nda unutulmaya y\u00fcz tutmu\u015f, en asil hik\u00e2yelerden biri de K\u0131rg\u0131z s\u00fcvarilerine aittir.","inLanguage":"tr","potentialAction":[{"@type":"ReadAction","target":["https:\/\/epochtimestr.com\/index.php\/kirgiz-suvarilerinin-istiklal-destani"]}]},{"@type":"ImageObject","inLanguage":"tr","@id":"https:\/\/epochtimestr.com\/index.php\/kirgiz-suvarilerinin-istiklal-destani#primaryimage","url":"https:\/\/epochtimestr.com\/wp-content\/uploads\/2011y\/Ali-Kekliktepe.jpg","contentUrl":"https:\/\/epochtimestr.com\/wp-content\/uploads\/2011y\/Ali-Kekliktepe.jpg","width":600,"height":600},{"@type":"WebSite","@id":"https:\/\/epochtimestr.com\/#website","url":"https:\/\/epochtimestr.com\/","name":"The Epoch Times TR","description":"De\u011fi\u015fen D\u00fcnyam\u0131za Taze Bir Bak\u0131\u015f","publisher":{"@id":"https:\/\/epochtimestr.com\/#organization"},"potentialAction":[{"@type":"SearchAction","target":{"@type":"EntryPoint","urlTemplate":"https:\/\/epochtimestr.com\/?s={search_term_string}"},"query-input":"required name=search_term_string"}],"inLanguage":"tr"},{"@type":"Organization","@id":"https:\/\/epochtimestr.com\/#organization","name":"The EpochTimes T\u00fcrkiye","url":"https:\/\/epochtimestr.com\/","logo":{"@type":"ImageObject","inLanguage":"tr","@id":"https:\/\/epochtimestr.com\/#\/schema\/logo\/image\/","url":"https:\/\/epochtimestr.com\/wp-content\/uploads\/2011y\/ET-Logo-YG.jpg","contentUrl":"https:\/\/epochtimestr.com\/wp-content\/uploads\/2011y\/ET-Logo-YG.jpg","width":346,"height":29,"caption":"The EpochTimes T\u00fcrkiye"},"image":{"@id":"https:\/\/epochtimestr.com\/#\/schema\/logo\/image\/"},"sameAs":["https:\/\/www.facebook.com\/theepochtimestr","https:\/\/x.com\/TheEpochTimesTR","https:\/\/www.instagram.com\/epochtimestr"]},{"@type":"Person","@id":"https:\/\/epochtimestr.com\/#\/schema\/person\/da94a416fed1aed029d0a47e85673b95","name":"Ali Kekliktepe","image":{"@type":"ImageObject","inLanguage":"tr","@id":"https:\/\/epochtimestr.com\/#\/schema\/person\/image\/","url":"https:\/\/secure.gravatar.com\/avatar\/6c965c3fc374c8f4af759baef4f38bcd?s=96&d=mm&r=g","contentUrl":"https:\/\/secure.gravatar.com\/avatar\/6c965c3fc374c8f4af759baef4f38bcd?s=96&d=mm&r=g","caption":"Ali Kekliktepe"},"description":"Ben Ali Kekliktepe; hayat\u0131n\u0131 \u00f6\u011frenmeye, \u00f6\u011fretmeye ve toplumsal fayda yaratmaya adam\u0131\u015f bir yazar ve profesyonelim. Kalemi sadece ka\u011f\u0131da dokunan bir ara\u00e7 de\u011fil, toplumun aksayan y\u00f6nlerine \u015fifa olan bir enstr\u00fcman olarak g\u00f6r\u00fcyorum.","sameAs":["https:\/\/alikekliktepemersin33.blogspot.com\/"],"url":"https:\/\/epochtimestr.com\/index.php\/author\/ali"}]}},"_links":{"self":[{"href":"https:\/\/epochtimestr.com\/index.php\/wp-json\/wp\/v2\/posts\/167501"}],"collection":[{"href":"https:\/\/epochtimestr.com\/index.php\/wp-json\/wp\/v2\/posts"}],"about":[{"href":"https:\/\/epochtimestr.com\/index.php\/wp-json\/wp\/v2\/types\/post"}],"author":[{"embeddable":true,"href":"https:\/\/epochtimestr.com\/index.php\/wp-json\/wp\/v2\/users\/14013"}],"replies":[{"embeddable":true,"href":"https:\/\/epochtimestr.com\/index.php\/wp-json\/wp\/v2\/comments?post=167501"}],"version-history":[{"count":1,"href":"https:\/\/epochtimestr.com\/index.php\/wp-json\/wp\/v2\/posts\/167501\/revisions"}],"predecessor-version":[{"id":167502,"href":"https:\/\/epochtimestr.com\/index.php\/wp-json\/wp\/v2\/posts\/167501\/revisions\/167502"}],"wp:featuredmedia":[{"embeddable":true,"href":"https:\/\/epochtimestr.com\/index.php\/wp-json\/wp\/v2\/media\/167144"}],"wp:attachment":[{"href":"https:\/\/epochtimestr.com\/index.php\/wp-json\/wp\/v2\/media?parent=167501"}],"wp:term":[{"taxonomy":"category","embeddable":true,"href":"https:\/\/epochtimestr.com\/index.php\/wp-json\/wp\/v2\/categories?post=167501"},{"taxonomy":"post_tag","embeddable":true,"href":"https:\/\/epochtimestr.com\/index.php\/wp-json\/wp\/v2\/tags?post=167501"}],"curies":[{"name":"wp","href":"https:\/\/api.w.org\/{rel}","templated":true}]}}