{"id":167517,"date":"2026-05-26T07:00:00","date_gmt":"2026-05-26T04:00:00","guid":{"rendered":"https:\/\/epochtimestr.com\/?p=167517"},"modified":"2026-05-25T20:50:21","modified_gmt":"2026-05-25T17:50:21","slug":"ekrandaki-pranga","status":"publish","type":"post","link":"https:\/\/epochtimestr.com\/index.php\/ekrandaki-pranga","title":{"rendered":"Ekrandaki Pranga"},"content":{"rendered":"\n<p>Sabah g\u00f6z\u00fcm\u00fcz\u00fc a\u00e7t\u0131\u011f\u0131m\u0131z an ile gece kapat\u0131\u015f\u0131m\u0131z aras\u0131ndaki o upuzun k\u00f6pr\u00fc, art\u0131k mavi bir \u0131\u015f\u0131kla ayd\u0131nlan\u0131yor. \u0130tiraf edelim: g\u00fcne uyanm\u0131yoruz, \u00f6nce telefonumuza uyan\u0131yoruz.<\/p>\n\n\n\n<p>G\u00fcn i\u00e7inde fark\u0131nda olmadan, adeta mekanik bir refleksle y\u00fczlerce kez elimiz ekrana gidiyor. Gelen bir be\u011feni, d\u00fc\u015fen bir e-posta, hi\u00e7 tan\u0131mad\u0131\u011f\u0131m\u0131z birinin hayat\u0131na dair anl\u0131k bir hik\u00e2ye ya da son dakika geli\u015fmeleri&#8230; Her bildirimle birlikte beynimizde salg\u0131lanan o k\u00fc\u00e7\u00fck dopamin dozunun pe\u015finde, modern d\u00fcnyan\u0131n g\u00f6n\u00fcll\u00fc k\u00f6lelerine d\u00f6n\u00fc\u015f\u00fcyoruz.<\/p>\n\n\n\n<p>Peki, bu dijital ill\u00fczyonun i\u00e7inde neleri ka\u00e7\u0131r\u0131yoruz?<\/p>\n\n\n\n<p>En ba\u015fta \u201can\u201d\u0131 ve \u201codaklanma yetene\u011fimizi\u201d kaybediyoruz. Bir kitab\u0131 kesintisiz yar\u0131m saat okumak, derin bir sohbetin i\u00e7inde kaybolmak, hatta sadece dalgalar\u0131n sesini dinleyerek sessizce oturmak art\u0131k bir l\u00fcks, neredeyse imk\u00e2ns\u0131z bir disiplin haline geldi. Zihnimiz o kadar par\u00e7al\u0131, o kadar sab\u0131rs\u0131z ki birka\u00e7 saniye bile ekrans\u0131z kalmak gizli bir huzursuzluk yarat\u0131yor. \u00c7ocuklar\u0131m\u0131z\u0131n g\u00f6zlerinin i\u00e7ine bakarak dinleyece\u011fimiz o saf hik\u00e2yeleri, sokaktaki bir kedinin ad\u0131mlar\u0131n\u0131, g\u00f6ky\u00fcz\u00fcn\u00fcn ak\u015fam\u00fcst\u00fc b\u00fcr\u00fcnd\u00fc\u011f\u00fc o e\u015fsiz k\u0131z\u0131ll\u0131\u011f\u0131, ekrana bakarken \u0131skal\u0131yoruz.<\/p>\n\n\n\n<p>Hayat, o be\u015f in\u00e7lik cam ekran\u0131n arkas\u0131nda de\u011fil; tam kar\u015f\u0131m\u0131zda, akan zaman\u0131n i\u00e7inde ak\u0131p gidiyor.<\/p>\n\n\n\n<p>Bildirim \u00e7a\u011f\u0131nda odaklanmak, art\u0131k sadece bir dikkat meselesi de\u011fil, zihinsel bir direni\u015f, bir \u00f6zg\u00fcrl\u00fck sanat\u0131. Telefonlar\u0131m\u0131z\u0131n bizi y\u00f6netmesine izin vermeyi b\u0131rakt\u0131\u011f\u0131m\u0131z, o hayali prangay\u0131 k\u0131rd\u0131\u011f\u0131m\u0131z an, ger\u00e7ek hayat\u0131n sesini yeniden duymaya ba\u015flayaca\u011f\u0131z.<\/p>\n\n\n\n<p>Bug\u00fcn kendinize k\u00fc\u00e7\u00fck bir \u00f6zg\u00fcrl\u00fck alan\u0131 yarat\u0131n: Ekran\u0131 ters \u00e7evirin ve sadece etraf\u0131n\u0131za bak\u0131n. Ka\u00e7\u0131rd\u0131\u011f\u0131n\u0131z d\u00fcnya, d\u00f6nmeniz i\u00e7in sizi bekliyor.<\/p>\n","protected":false},"excerpt":{"rendered":"<p>Sabah g\u00f6z\u00fcm\u00fcz\u00fc a\u00e7t\u0131\u011f\u0131m\u0131z an ile gece kapat\u0131\u015f\u0131m\u0131z aras\u0131ndaki o upuzun k\u00f6pr\u00fc, art\u0131k mavi bir \u0131\u015f\u0131kla ayd\u0131nlan\u0131yor. \u0130tiraf edelim: g\u00fcne uyanm\u0131yoruz, \u00f6nce telefonumuza uyan\u0131yoruz. G\u00fcn i\u00e7inde fark\u0131nda olmadan, adeta mekanik bir refleksle y\u00fczlerce kez elimiz ekrana gidiyor. Gelen bir be\u011feni, d\u00fc\u015fen bir e-posta, hi\u00e7 tan\u0131mad\u0131\u011f\u0131m\u0131z birinin hayat\u0131na dair anl\u0131k bir hik\u00e2ye ya da son dakika geli\u015fmeleri&#8230; [&hellip;]<\/p>\n","protected":false},"author":14013,"featured_media":167144,"comment_status":"open","ping_status":"open","sticky":false,"template":"","format":"standard","meta":{"_yoast_wpseo_focuskw":"ekran","_yoast_wpseo_title":"","_yoast_wpseo_metadesc":"Sabah g\u00f6z\u00fcm\u00fcz\u00fc a\u00e7t\u0131\u011f\u0131m\u0131z an ile gece kapat\u0131\u015f\u0131m\u0131z aras\u0131ndaki o upuzun k\u00f6pr\u00fc, art\u0131k mavi bir \u0131\u015f\u0131kla ayd\u0131nlan\u0131yor.","_bbp_topic_count":0,"_bbp_reply_count":0,"_bbp_total_topic_count":0,"_bbp_total_reply_count":0,"_bbp_voice_count":0,"_bbp_anonymous_reply_count":0,"_bbp_topic_count_hidden":0,"_bbp_reply_count_hidden":0,"_bbp_forum_subforum_count":0,"footnotes":"","_yoast_wpseo_focuskw_text_input":""},"categories":[11361],"tags":[],"yoast_head":"<!-- This site is optimized with the Yoast SEO plugin v23.0 - https:\/\/yoast.com\/wordpress\/plugins\/seo\/ -->\n<title>Ekrandaki Pranga - The Epoch Times TR<\/title>\n<meta name=\"description\" content=\"Sabah g\u00f6z\u00fcm\u00fcz\u00fc a\u00e7t\u0131\u011f\u0131m\u0131z an ile gece kapat\u0131\u015f\u0131m\u0131z aras\u0131ndaki o upuzun k\u00f6pr\u00fc, art\u0131k mavi bir \u0131\u015f\u0131kla ayd\u0131nlan\u0131yor.\" \/>\n<meta name=\"robots\" content=\"index, follow, max-snippet:-1, max-image-preview:large, max-video-preview:-1\" \/>\n<link rel=\"canonical\" href=\"https:\/\/epochtimestr.com\/index.php\/ekrandaki-pranga\" \/>\n<meta property=\"og:locale\" content=\"tr_TR\" \/>\n<meta property=\"og:type\" content=\"article\" \/>\n<meta property=\"og:title\" content=\"Ekrandaki Pranga - The Epoch Times TR\" \/>\n<meta property=\"og:description\" content=\"Sabah g\u00f6z\u00fcm\u00fcz\u00fc a\u00e7t\u0131\u011f\u0131m\u0131z an ile gece kapat\u0131\u015f\u0131m\u0131z aras\u0131ndaki o upuzun k\u00f6pr\u00fc, art\u0131k mavi bir \u0131\u015f\u0131kla ayd\u0131nlan\u0131yor.\" \/>\n<meta property=\"og:url\" content=\"https:\/\/epochtimestr.com\/index.php\/ekrandaki-pranga\" \/>\n<meta property=\"og:site_name\" content=\"The Epoch Times TR\" \/>\n<meta property=\"article:publisher\" content=\"https:\/\/www.facebook.com\/theepochtimestr\" \/>\n<meta property=\"article:published_time\" content=\"2026-05-26T04:00:00+00:00\" \/>\n<meta property=\"article:modified_time\" content=\"2026-05-25T17:50:21+00:00\" \/>\n<meta property=\"og:image\" content=\"https:\/\/epochtimestr.com\/wp-content\/uploads\/2011y\/ali-kekliktepe-SM.jpeg\" \/>\n\t<meta property=\"og:image:width\" content=\"1200\" \/>\n\t<meta property=\"og:image:height\" content=\"630\" \/>\n\t<meta property=\"og:image:type\" content=\"image\/jpeg\" \/>\n<meta name=\"author\" content=\"Ali Kekliktepe\" \/>\n<meta name=\"twitter:card\" content=\"summary_large_image\" \/>\n<meta name=\"twitter:creator\" content=\"@TheEpochTimesTR\" \/>\n<meta name=\"twitter:site\" content=\"@TheEpochTimesTR\" \/>\n<meta name=\"twitter:label1\" content=\"Yazan:\" \/>\n\t<meta name=\"twitter:data1\" content=\"Ali Kekliktepe\" \/>\n\t<meta name=\"twitter:label2\" content=\"Tahmini okuma s\u00fcresi\" \/>\n\t<meta name=\"twitter:data2\" content=\"2 dakika\" \/>\n<script type=\"application\/ld+json\" class=\"yoast-schema-graph\">{\"@context\":\"https:\/\/schema.org\",\"@graph\":[{\"@type\":\"Article\",\"@id\":\"https:\/\/epochtimestr.com\/index.php\/ekrandaki-pranga#article\",\"isPartOf\":{\"@id\":\"https:\/\/epochtimestr.com\/index.php\/ekrandaki-pranga\"},\"author\":{\"name\":\"Ali Kekliktepe\",\"@id\":\"https:\/\/epochtimestr.com\/#\/schema\/person\/da94a416fed1aed029d0a47e85673b95\"},\"headline\":\"Ekrandaki Pranga\",\"datePublished\":\"2026-05-26T04:00:00+00:00\",\"dateModified\":\"2026-05-25T17:50:21+00:00\",\"mainEntityOfPage\":{\"@id\":\"https:\/\/epochtimestr.com\/index.php\/ekrandaki-pranga\"},\"wordCount\":338,\"commentCount\":0,\"publisher\":{\"@id\":\"https:\/\/epochtimestr.com\/#organization\"},\"image\":{\"@id\":\"https:\/\/epochtimestr.com\/index.php\/ekrandaki-pranga#primaryimage\"},\"thumbnailUrl\":\"https:\/\/epochtimestr.com\/wp-content\/uploads\/2011y\/Ali-Kekliktepe.jpg\",\"articleSection\":[\"K\u00f6\u015fe Yaz\u0131lar\u0131 Ali Kekliktepe\"],\"inLanguage\":\"tr\",\"potentialAction\":[{\"@type\":\"CommentAction\",\"name\":\"Comment\",\"target\":[\"https:\/\/epochtimestr.com\/index.php\/ekrandaki-pranga#respond\"]}]},{\"@type\":\"WebPage\",\"@id\":\"https:\/\/epochtimestr.com\/index.php\/ekrandaki-pranga\",\"url\":\"https:\/\/epochtimestr.com\/index.php\/ekrandaki-pranga\",\"name\":\"Ekrandaki Pranga - The Epoch Times TR\",\"isPartOf\":{\"@id\":\"https:\/\/epochtimestr.com\/#website\"},\"primaryImageOfPage\":{\"@id\":\"https:\/\/epochtimestr.com\/index.php\/ekrandaki-pranga#primaryimage\"},\"image\":{\"@id\":\"https:\/\/epochtimestr.com\/index.php\/ekrandaki-pranga#primaryimage\"},\"thumbnailUrl\":\"https:\/\/epochtimestr.com\/wp-content\/uploads\/2011y\/Ali-Kekliktepe.jpg\",\"datePublished\":\"2026-05-26T04:00:00+00:00\",\"dateModified\":\"2026-05-25T17:50:21+00:00\",\"description\":\"Sabah g\u00f6z\u00fcm\u00fcz\u00fc a\u00e7t\u0131\u011f\u0131m\u0131z an ile gece kapat\u0131\u015f\u0131m\u0131z aras\u0131ndaki o upuzun k\u00f6pr\u00fc, art\u0131k mavi bir \u0131\u015f\u0131kla ayd\u0131nlan\u0131yor.\",\"inLanguage\":\"tr\",\"potentialAction\":[{\"@type\":\"ReadAction\",\"target\":[\"https:\/\/epochtimestr.com\/index.php\/ekrandaki-pranga\"]}]},{\"@type\":\"ImageObject\",\"inLanguage\":\"tr\",\"@id\":\"https:\/\/epochtimestr.com\/index.php\/ekrandaki-pranga#primaryimage\",\"url\":\"https:\/\/epochtimestr.com\/wp-content\/uploads\/2011y\/Ali-Kekliktepe.jpg\",\"contentUrl\":\"https:\/\/epochtimestr.com\/wp-content\/uploads\/2011y\/Ali-Kekliktepe.jpg\",\"width\":600,\"height\":600},{\"@type\":\"WebSite\",\"@id\":\"https:\/\/epochtimestr.com\/#website\",\"url\":\"https:\/\/epochtimestr.com\/\",\"name\":\"The Epoch Times TR\",\"description\":\"De\u011fi\u015fen D\u00fcnyam\u0131za Taze Bir Bak\u0131\u015f\",\"publisher\":{\"@id\":\"https:\/\/epochtimestr.com\/#organization\"},\"potentialAction\":[{\"@type\":\"SearchAction\",\"target\":{\"@type\":\"EntryPoint\",\"urlTemplate\":\"https:\/\/epochtimestr.com\/?s={search_term_string}\"},\"query-input\":\"required name=search_term_string\"}],\"inLanguage\":\"tr\"},{\"@type\":\"Organization\",\"@id\":\"https:\/\/epochtimestr.com\/#organization\",\"name\":\"The EpochTimes T\u00fcrkiye\",\"url\":\"https:\/\/epochtimestr.com\/\",\"logo\":{\"@type\":\"ImageObject\",\"inLanguage\":\"tr\",\"@id\":\"https:\/\/epochtimestr.com\/#\/schema\/logo\/image\/\",\"url\":\"https:\/\/epochtimestr.com\/wp-content\/uploads\/2011y\/ET-Logo-YG.jpg\",\"contentUrl\":\"https:\/\/epochtimestr.com\/wp-content\/uploads\/2011y\/ET-Logo-YG.jpg\",\"width\":346,\"height\":29,\"caption\":\"The EpochTimes T\u00fcrkiye\"},\"image\":{\"@id\":\"https:\/\/epochtimestr.com\/#\/schema\/logo\/image\/\"},\"sameAs\":[\"https:\/\/www.facebook.com\/theepochtimestr\",\"https:\/\/x.com\/TheEpochTimesTR\",\"https:\/\/www.instagram.com\/epochtimestr\"]},{\"@type\":\"Person\",\"@id\":\"https:\/\/epochtimestr.com\/#\/schema\/person\/da94a416fed1aed029d0a47e85673b95\",\"name\":\"Ali Kekliktepe\",\"image\":{\"@type\":\"ImageObject\",\"inLanguage\":\"tr\",\"@id\":\"https:\/\/epochtimestr.com\/#\/schema\/person\/image\/\",\"url\":\"https:\/\/secure.gravatar.com\/avatar\/6c965c3fc374c8f4af759baef4f38bcd?s=96&d=mm&r=g\",\"contentUrl\":\"https:\/\/secure.gravatar.com\/avatar\/6c965c3fc374c8f4af759baef4f38bcd?s=96&d=mm&r=g\",\"caption\":\"Ali Kekliktepe\"},\"description\":\"Ben Ali Kekliktepe; hayat\u0131n\u0131 \u00f6\u011frenmeye, \u00f6\u011fretmeye ve toplumsal fayda yaratmaya adam\u0131\u015f bir yazar ve profesyonelim. Kalemi sadece ka\u011f\u0131da dokunan bir ara\u00e7 de\u011fil, toplumun aksayan y\u00f6nlerine \u015fifa olan bir enstr\u00fcman olarak g\u00f6r\u00fcyorum.\",\"sameAs\":[\"https:\/\/alikekliktepemersin33.blogspot.com\/\"],\"url\":\"https:\/\/epochtimestr.com\/index.php\/author\/ali\"}]}<\/script>\n<!-- \/ Yoast SEO plugin. -->","yoast_head_json":{"title":"Ekrandaki Pranga - The Epoch Times TR","description":"Sabah g\u00f6z\u00fcm\u00fcz\u00fc a\u00e7t\u0131\u011f\u0131m\u0131z an ile gece kapat\u0131\u015f\u0131m\u0131z aras\u0131ndaki o upuzun k\u00f6pr\u00fc, art\u0131k mavi bir \u0131\u015f\u0131kla ayd\u0131nlan\u0131yor.","robots":{"index":"index","follow":"follow","max-snippet":"max-snippet:-1","max-image-preview":"max-image-preview:large","max-video-preview":"max-video-preview:-1"},"canonical":"https:\/\/epochtimestr.com\/index.php\/ekrandaki-pranga","og_locale":"tr_TR","og_type":"article","og_title":"Ekrandaki Pranga - The Epoch Times TR","og_description":"Sabah g\u00f6z\u00fcm\u00fcz\u00fc a\u00e7t\u0131\u011f\u0131m\u0131z an ile gece kapat\u0131\u015f\u0131m\u0131z aras\u0131ndaki o upuzun k\u00f6pr\u00fc, art\u0131k mavi bir \u0131\u015f\u0131kla ayd\u0131nlan\u0131yor.","og_url":"https:\/\/epochtimestr.com\/index.php\/ekrandaki-pranga","og_site_name":"The Epoch Times TR","article_publisher":"https:\/\/www.facebook.com\/theepochtimestr","article_published_time":"2026-05-26T04:00:00+00:00","article_modified_time":"2026-05-25T17:50:21+00:00","og_image":[{"width":1200,"height":630,"url":"https:\/\/epochtimestr.com\/wp-content\/uploads\/2011y\/ali-kekliktepe-SM.jpeg","type":"image\/jpeg"}],"author":"Ali Kekliktepe","twitter_card":"summary_large_image","twitter_creator":"@TheEpochTimesTR","twitter_site":"@TheEpochTimesTR","twitter_misc":{"Yazan:":"Ali Kekliktepe","Tahmini okuma s\u00fcresi":"2 dakika"},"schema":{"@context":"https:\/\/schema.org","@graph":[{"@type":"Article","@id":"https:\/\/epochtimestr.com\/index.php\/ekrandaki-pranga#article","isPartOf":{"@id":"https:\/\/epochtimestr.com\/index.php\/ekrandaki-pranga"},"author":{"name":"Ali Kekliktepe","@id":"https:\/\/epochtimestr.com\/#\/schema\/person\/da94a416fed1aed029d0a47e85673b95"},"headline":"Ekrandaki Pranga","datePublished":"2026-05-26T04:00:00+00:00","dateModified":"2026-05-25T17:50:21+00:00","mainEntityOfPage":{"@id":"https:\/\/epochtimestr.com\/index.php\/ekrandaki-pranga"},"wordCount":338,"commentCount":0,"publisher":{"@id":"https:\/\/epochtimestr.com\/#organization"},"image":{"@id":"https:\/\/epochtimestr.com\/index.php\/ekrandaki-pranga#primaryimage"},"thumbnailUrl":"https:\/\/epochtimestr.com\/wp-content\/uploads\/2011y\/Ali-Kekliktepe.jpg","articleSection":["K\u00f6\u015fe Yaz\u0131lar\u0131 Ali Kekliktepe"],"inLanguage":"tr","potentialAction":[{"@type":"CommentAction","name":"Comment","target":["https:\/\/epochtimestr.com\/index.php\/ekrandaki-pranga#respond"]}]},{"@type":"WebPage","@id":"https:\/\/epochtimestr.com\/index.php\/ekrandaki-pranga","url":"https:\/\/epochtimestr.com\/index.php\/ekrandaki-pranga","name":"Ekrandaki Pranga - The Epoch Times TR","isPartOf":{"@id":"https:\/\/epochtimestr.com\/#website"},"primaryImageOfPage":{"@id":"https:\/\/epochtimestr.com\/index.php\/ekrandaki-pranga#primaryimage"},"image":{"@id":"https:\/\/epochtimestr.com\/index.php\/ekrandaki-pranga#primaryimage"},"thumbnailUrl":"https:\/\/epochtimestr.com\/wp-content\/uploads\/2011y\/Ali-Kekliktepe.jpg","datePublished":"2026-05-26T04:00:00+00:00","dateModified":"2026-05-25T17:50:21+00:00","description":"Sabah g\u00f6z\u00fcm\u00fcz\u00fc a\u00e7t\u0131\u011f\u0131m\u0131z an ile gece kapat\u0131\u015f\u0131m\u0131z aras\u0131ndaki o upuzun k\u00f6pr\u00fc, art\u0131k mavi bir \u0131\u015f\u0131kla ayd\u0131nlan\u0131yor.","inLanguage":"tr","potentialAction":[{"@type":"ReadAction","target":["https:\/\/epochtimestr.com\/index.php\/ekrandaki-pranga"]}]},{"@type":"ImageObject","inLanguage":"tr","@id":"https:\/\/epochtimestr.com\/index.php\/ekrandaki-pranga#primaryimage","url":"https:\/\/epochtimestr.com\/wp-content\/uploads\/2011y\/Ali-Kekliktepe.jpg","contentUrl":"https:\/\/epochtimestr.com\/wp-content\/uploads\/2011y\/Ali-Kekliktepe.jpg","width":600,"height":600},{"@type":"WebSite","@id":"https:\/\/epochtimestr.com\/#website","url":"https:\/\/epochtimestr.com\/","name":"The Epoch Times TR","description":"De\u011fi\u015fen D\u00fcnyam\u0131za Taze Bir Bak\u0131\u015f","publisher":{"@id":"https:\/\/epochtimestr.com\/#organization"},"potentialAction":[{"@type":"SearchAction","target":{"@type":"EntryPoint","urlTemplate":"https:\/\/epochtimestr.com\/?s={search_term_string}"},"query-input":"required name=search_term_string"}],"inLanguage":"tr"},{"@type":"Organization","@id":"https:\/\/epochtimestr.com\/#organization","name":"The EpochTimes T\u00fcrkiye","url":"https:\/\/epochtimestr.com\/","logo":{"@type":"ImageObject","inLanguage":"tr","@id":"https:\/\/epochtimestr.com\/#\/schema\/logo\/image\/","url":"https:\/\/epochtimestr.com\/wp-content\/uploads\/2011y\/ET-Logo-YG.jpg","contentUrl":"https:\/\/epochtimestr.com\/wp-content\/uploads\/2011y\/ET-Logo-YG.jpg","width":346,"height":29,"caption":"The EpochTimes T\u00fcrkiye"},"image":{"@id":"https:\/\/epochtimestr.com\/#\/schema\/logo\/image\/"},"sameAs":["https:\/\/www.facebook.com\/theepochtimestr","https:\/\/x.com\/TheEpochTimesTR","https:\/\/www.instagram.com\/epochtimestr"]},{"@type":"Person","@id":"https:\/\/epochtimestr.com\/#\/schema\/person\/da94a416fed1aed029d0a47e85673b95","name":"Ali Kekliktepe","image":{"@type":"ImageObject","inLanguage":"tr","@id":"https:\/\/epochtimestr.com\/#\/schema\/person\/image\/","url":"https:\/\/secure.gravatar.com\/avatar\/6c965c3fc374c8f4af759baef4f38bcd?s=96&d=mm&r=g","contentUrl":"https:\/\/secure.gravatar.com\/avatar\/6c965c3fc374c8f4af759baef4f38bcd?s=96&d=mm&r=g","caption":"Ali Kekliktepe"},"description":"Ben Ali Kekliktepe; hayat\u0131n\u0131 \u00f6\u011frenmeye, \u00f6\u011fretmeye ve toplumsal fayda yaratmaya adam\u0131\u015f bir yazar ve profesyonelim. Kalemi sadece ka\u011f\u0131da dokunan bir ara\u00e7 de\u011fil, toplumun aksayan y\u00f6nlerine \u015fifa olan bir enstr\u00fcman olarak g\u00f6r\u00fcyorum.","sameAs":["https:\/\/alikekliktepemersin33.blogspot.com\/"],"url":"https:\/\/epochtimestr.com\/index.php\/author\/ali"}]}},"_links":{"self":[{"href":"https:\/\/epochtimestr.com\/index.php\/wp-json\/wp\/v2\/posts\/167517"}],"collection":[{"href":"https:\/\/epochtimestr.com\/index.php\/wp-json\/wp\/v2\/posts"}],"about":[{"href":"https:\/\/epochtimestr.com\/index.php\/wp-json\/wp\/v2\/types\/post"}],"author":[{"embeddable":true,"href":"https:\/\/epochtimestr.com\/index.php\/wp-json\/wp\/v2\/users\/14013"}],"replies":[{"embeddable":true,"href":"https:\/\/epochtimestr.com\/index.php\/wp-json\/wp\/v2\/comments?post=167517"}],"version-history":[{"count":1,"href":"https:\/\/epochtimestr.com\/index.php\/wp-json\/wp\/v2\/posts\/167517\/revisions"}],"predecessor-version":[{"id":167518,"href":"https:\/\/epochtimestr.com\/index.php\/wp-json\/wp\/v2\/posts\/167517\/revisions\/167518"}],"wp:featuredmedia":[{"embeddable":true,"href":"https:\/\/epochtimestr.com\/index.php\/wp-json\/wp\/v2\/media\/167144"}],"wp:attachment":[{"href":"https:\/\/epochtimestr.com\/index.php\/wp-json\/wp\/v2\/media?parent=167517"}],"wp:term":[{"taxonomy":"category","embeddable":true,"href":"https:\/\/epochtimestr.com\/index.php\/wp-json\/wp\/v2\/categories?post=167517"},{"taxonomy":"post_tag","embeddable":true,"href":"https:\/\/epochtimestr.com\/index.php\/wp-json\/wp\/v2\/tags?post=167517"}],"curies":[{"name":"wp","href":"https:\/\/api.w.org\/{rel}","templated":true}]}}