{"id":167519,"date":"2026-05-26T08:30:00","date_gmt":"2026-05-26T05:30:00","guid":{"rendered":"https:\/\/epochtimestr.com\/?p=167519"},"modified":"2026-05-25T21:10:49","modified_gmt":"2026-05-25T18:10:49","slug":"aydin-entelektuel-ve-digerleri","status":"publish","type":"post","link":"https:\/\/epochtimestr.com\/index.php\/aydin-entelektuel-ve-digerleri","title":{"rendered":"Ayd\u0131n Entelekt\u00fcel ve Di\u011ferleri"},"content":{"rendered":"\n<p class=\"has-text-align-right\">\u201cD\u00fcnyadaki en i\u011fneleyici insanlar, hayat\u0131 en az tan\u0131yanlard\u0131r\u201d<\/p>\n\n\n\n<p>Bitimsiz tart\u0131\u015fma yeniden alevlendi. Mersinli ele\u015ftirmen Kaz\u0131m Aldo\u011fan\u2019\u0131n, moderat\u00f6rl\u00fc\u011f\u00fcn\u00fc Abuzer Kiraz\u2019\u0131n yapt\u0131\u011f\u0131 s\u00f6yle\u015fisinin ard\u0131ndan, konu Abuzer Kiraz\u2019\u0131n sosyal medya sayfas\u0131nda devam etti. Na\u00e7izane ben de orada k\u00fc\u00e7\u00fck bir yorum ile katk\u0131 verdim. Ancak mesele kadim ve bitimsiz oldu\u011fundan daha fazla yazma ihtiyac\u0131 duydum.<\/p>\n\n\n\n<p>\u00d6ncelikle demem laz\u0131m ki bir konunun, ismin veya kavram\u0131n iki t\u00fcrl\u00fc anlam\u0131 vard\u0131r. \u0130lki onun orijinal-k\u00f6k anlam\u0131; di\u011feri ve de bana g\u00f6re daha \u00f6nemlisi, halk\u0131n bunu nas\u0131l anlad\u0131\u011f\u0131, alg\u0131lad\u0131\u011f\u0131 ve bildi\u011fidir. Elbette ve daha \u00e7ok akademik ortamlarda k\u00f6k anlam esast\u0131r. Ama halk\u0131n anlad\u0131\u011f\u0131 bi\u00e7imi ge\u00e7erlidir, sat\u0131n al\u0131nand\u0131r.<\/p>\n\n\n\n<p>\u0130\u015fte bu y\u00fczdendir ki bir\u00e7ok meselemiz halk\u0131n d\u00fczeyinde anlat\u0131lmad\u0131\u011f\u0131 ve tart\u0131\u015f\u0131lmad\u0131\u011f\u0131 i\u00e7in genelde havada kal\u0131r, i\u015flevsiz durur. Bu gibi konularda art\u0131k nur topu gibi bir yapay zek\u00e2m\u0131z var. Hemen her konuda imdada o yeti\u015fiyor. Benim yorumumda bahsetti\u011fim \u015feyler, yapay zek\u00e2da da hemen hemen ayn\u0131 \u00e7\u0131kt\u0131 denilebilir. Zaten yapay zek\u00e2 da oraya y\u00fcklenen bilgileri \u2018sat\u0131yor\u2019 bizlere.<\/p>\n\n\n\n<p>Nas\u0131l ki delikli demirin \u00e7\u0131kmas\u0131yla mertlik \u00f6ld\u00fcyse, g\u00fcn\u00fcm\u00fczde de yapay zek\u00e2 ile birlikte ba\u015fta yazarl\u0131k- gazetecilik olmak \u00fczere bir\u00e7ok meslek \u00f6lecektir. Tabii bir \u015feyin \u00f6zg\u00fcnl\u00fc\u011f\u00fc ayr\u0131 ve farkl\u0131d\u0131r. \u00d6zg\u00fcn eserler, i\u015fler talep g\u00f6recektir. Olay, hormonlu kitlesel \u00fcretim ile hormonsuz organik \u00fcretim aras\u0131ndaki fark gibidir. Fakat bunu geni\u015f kitleler fark edemez. Sadece o konuyla yak\u0131ndan ilgilenenler ancak anlar. Fakat \u2018at\u0131 alan \u00dcsk\u00fcdar\u2019\u0131 ge\u00e7mi\u015ftir\u2019 bir kere. Fikir h\u0131rs\u0131zl\u0131\u011f\u0131 yapan kazan\u0131r, prim toplar. Di\u011ferleri, sahipsizler, \u015f\u00f6hret olmayanlar nal toplar, avucunu yalar.<\/p>\n\n\n\n<p>Abuzer Kiraz\u2019\u0131n sayfas\u0131ndaki yorumumda yapay zek\u00e2 tan\u0131m\u0131ndan \u00f6nce: \u201cher ayd\u0131n bir entelekt\u00fceldir ama her entelekt\u00fcel bir ayd\u0131n de\u011fildir\u201d demi\u015fim &#8211; ki bu genellikle kabul g\u00f6ren bir tespittir. Ayd\u0131n, kitabi anlam\u0131yla, \u201ckendi alan\u0131nda uzmanla\u015fm\u0131\u015f, akl\u0131 ve bilimi rehber edinmi\u015f, sorumluluk sahibi ve toplumu ayd\u0131nlatmakla m\u00fckellef ki\u015fidir\u201d.<\/p>\n\n\n\n<p>Entelekt\u00fcel ise Latince k\u00f6kenli (anlamak) bir s\u00f6zc\u00fck olup, bizdeki kitabi anlam\u0131, \u201cgeni\u015f bilgi sahibi olan ve bildiklerini sorgulayan, dogmalara ve stat\u00fckoya kar\u015f\u0131 duran, hakikati s\u00f6yleme cesareti g\u00f6steren ki\u015fidir\u201d.<\/p>\n\n\n\n<p>Yukar\u0131da da g\u00f6r\u00fcld\u00fc\u011f\u00fc \u00fczere ayd\u0131n\u0131n toplumu ayd\u0131nlatma g\u00f6revi varken, entelekt\u00fcelin b\u00f6yle bir sorumlulu\u011fu yoktur. Entelekt\u00fcel ayd\u0131na g\u00f6re daha \u00f6zg\u00fcr tak\u0131l\u0131r. Ayd\u0131n sanki daha tutarl\u0131 ve sorumlu iken, entelekt\u00fcel tekinsiz ve ne zaman ne yapaca\u011f\u0131 belli olmayan ki\u015fili\u011fe sahiptir.<\/p>\n\n\n\n<p>\u00d6yle ki halk aras\u0131nda \u2018entel-dantel\u2019 gibi yak\u0131\u015ft\u0131rmalara tabi tutulur ve \u00e7ok ciddiye al\u0131nmaz. Ayd\u0131n ise daha ciddiye al\u0131n\u0131r ve belli bir a\u011f\u0131rl\u0131\u011f\u0131 vard\u0131r toplum nezdinde. Entelekt\u00fcel, kestirilemez karakterdedir. Ayd\u0131n ise sanki biraz resm\u00ee bir kimlik ta\u015f\u0131r.<\/p>\n\n\n\n<p>T\u00fcm bu tespitler, k\u00f6k anlamlar\u0131 d\u0131\u015f\u0131nda halkta kar\u015f\u0131l\u0131k bulan tespitlerdir. Misal, \u2018ayd\u0131n sorumlulu\u011fu\u2019 denir de \u2018entelekt\u00fcel sorumlulu\u011fu\u2019 pek denmez. Halk, ayd\u0131na daha fazla misyon y\u00fckler. Entelekt\u00fcelle aras\u0131 kopuktur. Entelekt\u00fcel de zaten halk ile ili\u015fkilenmek istemez; onu \u2018makarnac\u0131-k\u00f6m\u00fcrc\u00fc- faydac\u0131\u2019 olarak g\u00f6r\u00fcr. Ayd\u0131n daha mill\u00ee &#8211; halk\u00e7\u0131 bir duru\u015f sergilerken, entelekt\u00fcel enternasyonal duru\u015f sergiler.<\/p>\n\n\n\n<p>K\u0131saca T\u00fcrk halk\u0131n\u0131n g\u00f6z\u00fcnde entelekt\u00fcel, kaypak ve g\u00fcvensiz tiptir. Hangi bayra\u011fa selam durdu\u011fu belirsizdir. Ayd\u0131n, sayg\u0131 duyulan ve belli bir ciddiyeti, sorumlulu\u011fu oland\u0131r.<\/p>\n\n\n\n<p>Yaz\u0131m\u0131z\u0131 \u00fcnl\u00fc Frans\u0131z d\u00fc\u015f\u00fcn\u00fcr Sartre\u2019\u0131n entelekt\u00fcel tarifi ile bitirelim: \u201cEntelekt\u00fcel \u00fczerine vazife olmayan i\u015flere burnunu sokan ki\u015fidir\u201d.<\/p>\n","protected":false},"excerpt":{"rendered":"<p>\u201cD\u00fcnyadaki en i\u011fneleyici insanlar, hayat\u0131 en az tan\u0131yanlard\u0131r\u201d Bitimsiz tart\u0131\u015fma yeniden alevlendi. Mersinli ele\u015ftirmen Kaz\u0131m Aldo\u011fan\u2019\u0131n, moderat\u00f6rl\u00fc\u011f\u00fcn\u00fc Abuzer Kiraz\u2019\u0131n yapt\u0131\u011f\u0131 s\u00f6yle\u015fisinin ard\u0131ndan, konu Abuzer Kiraz\u2019\u0131n sosyal medya sayfas\u0131nda devam etti. Na\u00e7izane ben de orada k\u00fc\u00e7\u00fck bir yorum ile katk\u0131 verdim. Ancak mesele kadim ve bitimsiz oldu\u011fundan daha fazla yazma ihtiyac\u0131 duydum. \u00d6ncelikle demem laz\u0131m ki [&hellip;]<\/p>\n","protected":false},"author":14001,"featured_media":161038,"comment_status":"open","ping_status":"open","sticky":false,"template":"","format":"standard","meta":{"_yoast_wpseo_focuskw":"ayd\u0131n - entelekt\u00fcel","_yoast_wpseo_title":"","_yoast_wpseo_metadesc":"Ayd\u0131n\u0131n toplumu ayd\u0131nlatma g\u00f6revi varken, entelekt\u00fcelin b\u00f6yle bir sorumlulu\u011fu yoktur. Entelekt\u00fcel ayd\u0131na g\u00f6re daha \u00f6zg\u00fcr tak\u0131l\u0131r.","_bbp_topic_count":0,"_bbp_reply_count":0,"_bbp_total_topic_count":0,"_bbp_total_reply_count":0,"_bbp_voice_count":0,"_bbp_anonymous_reply_count":0,"_bbp_topic_count_hidden":0,"_bbp_reply_count_hidden":0,"_bbp_forum_subforum_count":0,"footnotes":"","_yoast_wpseo_focuskw_text_input":""},"categories":[9170],"tags":[],"yoast_head":"<!-- This site is optimized with the Yoast SEO plugin v23.0 - https:\/\/yoast.com\/wordpress\/plugins\/seo\/ -->\n<title>Ayd\u0131n Entelekt\u00fcel ve Di\u011ferleri - The Epoch Times TR<\/title>\n<meta name=\"description\" content=\"Ayd\u0131n\u0131n toplumu ayd\u0131nlatma g\u00f6revi varken, entelekt\u00fcelin b\u00f6yle bir sorumlulu\u011fu yoktur. Entelekt\u00fcel ayd\u0131na g\u00f6re daha \u00f6zg\u00fcr tak\u0131l\u0131r.\" \/>\n<meta name=\"robots\" content=\"index, follow, max-snippet:-1, max-image-preview:large, max-video-preview:-1\" \/>\n<link rel=\"canonical\" href=\"https:\/\/epochtimestr.com\/index.php\/aydin-entelektuel-ve-digerleri\" \/>\n<meta property=\"og:locale\" content=\"tr_TR\" \/>\n<meta property=\"og:type\" content=\"article\" \/>\n<meta property=\"og:title\" content=\"Ayd\u0131n Entelekt\u00fcel ve Di\u011ferleri - The Epoch Times TR\" \/>\n<meta property=\"og:description\" content=\"Ayd\u0131n\u0131n toplumu ayd\u0131nlatma g\u00f6revi varken, entelekt\u00fcelin b\u00f6yle bir sorumlulu\u011fu yoktur. Entelekt\u00fcel ayd\u0131na g\u00f6re daha \u00f6zg\u00fcr tak\u0131l\u0131r.\" \/>\n<meta property=\"og:url\" content=\"https:\/\/epochtimestr.com\/index.php\/aydin-entelektuel-ve-digerleri\" \/>\n<meta property=\"og:site_name\" content=\"The Epoch Times TR\" \/>\n<meta property=\"article:publisher\" content=\"https:\/\/www.facebook.com\/theepochtimestr\" \/>\n<meta property=\"article:published_time\" content=\"2026-05-26T05:30:00+00:00\" \/>\n<meta property=\"article:modified_time\" content=\"2026-05-25T18:10:49+00:00\" \/>\n<meta property=\"og:image\" content=\"https:\/\/epochtimestr.com\/wp-content\/uploads\/2011y\/BEKIR-ZORBA-SM-2.png\" \/>\n\t<meta property=\"og:image:width\" content=\"1200\" \/>\n\t<meta property=\"og:image:height\" content=\"630\" \/>\n\t<meta property=\"og:image:type\" content=\"image\/png\" \/>\n<meta name=\"author\" content=\"Bekir Zorba\" \/>\n<meta name=\"twitter:card\" content=\"summary_large_image\" \/>\n<meta name=\"twitter:creator\" content=\"@TheEpochTimesTR\" \/>\n<meta name=\"twitter:site\" content=\"@TheEpochTimesTR\" \/>\n<meta name=\"twitter:label1\" content=\"Yazan:\" \/>\n\t<meta name=\"twitter:data1\" content=\"Bekir Zorba\" \/>\n\t<meta name=\"twitter:label2\" content=\"Tahmini okuma s\u00fcresi\" \/>\n\t<meta name=\"twitter:data2\" content=\"4 dakika\" \/>\n<script type=\"application\/ld+json\" class=\"yoast-schema-graph\">{\"@context\":\"https:\/\/schema.org\",\"@graph\":[{\"@type\":\"Article\",\"@id\":\"https:\/\/epochtimestr.com\/index.php\/aydin-entelektuel-ve-digerleri#article\",\"isPartOf\":{\"@id\":\"https:\/\/epochtimestr.com\/index.php\/aydin-entelektuel-ve-digerleri\"},\"author\":{\"name\":\"Bekir Zorba\",\"@id\":\"https:\/\/epochtimestr.com\/#\/schema\/person\/da1ad104599611965442ed3e7e9acb2b\"},\"headline\":\"Ayd\u0131n Entelekt\u00fcel ve Di\u011ferleri\",\"datePublished\":\"2026-05-26T05:30:00+00:00\",\"dateModified\":\"2026-05-25T18:10:49+00:00\",\"mainEntityOfPage\":{\"@id\":\"https:\/\/epochtimestr.com\/index.php\/aydin-entelektuel-ve-digerleri\"},\"wordCount\":660,\"commentCount\":0,\"publisher\":{\"@id\":\"https:\/\/epochtimestr.com\/#organization\"},\"image\":{\"@id\":\"https:\/\/epochtimestr.com\/index.php\/aydin-entelektuel-ve-digerleri#primaryimage\"},\"thumbnailUrl\":\"https:\/\/epochtimestr.com\/wp-content\/uploads\/2011y\/Bekir-Zorba.png\",\"articleSection\":[\"K\u00f6\u015fe Yaz\u0131lar\u0131 Bekir Zorba\"],\"inLanguage\":\"tr\",\"potentialAction\":[{\"@type\":\"CommentAction\",\"name\":\"Comment\",\"target\":[\"https:\/\/epochtimestr.com\/index.php\/aydin-entelektuel-ve-digerleri#respond\"]}]},{\"@type\":\"WebPage\",\"@id\":\"https:\/\/epochtimestr.com\/index.php\/aydin-entelektuel-ve-digerleri\",\"url\":\"https:\/\/epochtimestr.com\/index.php\/aydin-entelektuel-ve-digerleri\",\"name\":\"Ayd\u0131n Entelekt\u00fcel ve Di\u011ferleri - The Epoch Times TR\",\"isPartOf\":{\"@id\":\"https:\/\/epochtimestr.com\/#website\"},\"primaryImageOfPage\":{\"@id\":\"https:\/\/epochtimestr.com\/index.php\/aydin-entelektuel-ve-digerleri#primaryimage\"},\"image\":{\"@id\":\"https:\/\/epochtimestr.com\/index.php\/aydin-entelektuel-ve-digerleri#primaryimage\"},\"thumbnailUrl\":\"https:\/\/epochtimestr.com\/wp-content\/uploads\/2011y\/Bekir-Zorba.png\",\"datePublished\":\"2026-05-26T05:30:00+00:00\",\"dateModified\":\"2026-05-25T18:10:49+00:00\",\"description\":\"Ayd\u0131n\u0131n toplumu ayd\u0131nlatma g\u00f6revi varken, entelekt\u00fcelin b\u00f6yle bir sorumlulu\u011fu yoktur. Entelekt\u00fcel ayd\u0131na g\u00f6re daha \u00f6zg\u00fcr tak\u0131l\u0131r.\",\"inLanguage\":\"tr\",\"potentialAction\":[{\"@type\":\"ReadAction\",\"target\":[\"https:\/\/epochtimestr.com\/index.php\/aydin-entelektuel-ve-digerleri\"]}]},{\"@type\":\"ImageObject\",\"inLanguage\":\"tr\",\"@id\":\"https:\/\/epochtimestr.com\/index.php\/aydin-entelektuel-ve-digerleri#primaryimage\",\"url\":\"https:\/\/epochtimestr.com\/wp-content\/uploads\/2011y\/Bekir-Zorba.png\",\"contentUrl\":\"https:\/\/epochtimestr.com\/wp-content\/uploads\/2011y\/Bekir-Zorba.png\",\"width\":600,\"height\":600},{\"@type\":\"WebSite\",\"@id\":\"https:\/\/epochtimestr.com\/#website\",\"url\":\"https:\/\/epochtimestr.com\/\",\"name\":\"The Epoch Times TR\",\"description\":\"De\u011fi\u015fen D\u00fcnyam\u0131za Taze Bir Bak\u0131\u015f\",\"publisher\":{\"@id\":\"https:\/\/epochtimestr.com\/#organization\"},\"potentialAction\":[{\"@type\":\"SearchAction\",\"target\":{\"@type\":\"EntryPoint\",\"urlTemplate\":\"https:\/\/epochtimestr.com\/?s={search_term_string}\"},\"query-input\":\"required name=search_term_string\"}],\"inLanguage\":\"tr\"},{\"@type\":\"Organization\",\"@id\":\"https:\/\/epochtimestr.com\/#organization\",\"name\":\"The EpochTimes T\u00fcrkiye\",\"url\":\"https:\/\/epochtimestr.com\/\",\"logo\":{\"@type\":\"ImageObject\",\"inLanguage\":\"tr\",\"@id\":\"https:\/\/epochtimestr.com\/#\/schema\/logo\/image\/\",\"url\":\"https:\/\/epochtimestr.com\/wp-content\/uploads\/2011y\/ET-Logo-YG.jpg\",\"contentUrl\":\"https:\/\/epochtimestr.com\/wp-content\/uploads\/2011y\/ET-Logo-YG.jpg\",\"width\":346,\"height\":29,\"caption\":\"The EpochTimes T\u00fcrkiye\"},\"image\":{\"@id\":\"https:\/\/epochtimestr.com\/#\/schema\/logo\/image\/\"},\"sameAs\":[\"https:\/\/www.facebook.com\/theepochtimestr\",\"https:\/\/x.com\/TheEpochTimesTR\",\"https:\/\/www.instagram.com\/epochtimestr\"]},{\"@type\":\"Person\",\"@id\":\"https:\/\/epochtimestr.com\/#\/schema\/person\/da1ad104599611965442ed3e7e9acb2b\",\"name\":\"Bekir Zorba\",\"image\":{\"@type\":\"ImageObject\",\"inLanguage\":\"tr\",\"@id\":\"https:\/\/epochtimestr.com\/#\/schema\/person\/image\/\",\"url\":\"https:\/\/secure.gravatar.com\/avatar\/eafd40d9b77b1fbf7c565a3d4916b79c?s=96&d=mm&r=g\",\"contentUrl\":\"https:\/\/secure.gravatar.com\/avatar\/eafd40d9b77b1fbf7c565a3d4916b79c?s=96&d=mm&r=g\",\"caption\":\"Bekir Zorba\"},\"url\":\"https:\/\/epochtimestr.com\/index.php\/author\/bekir\"}]}<\/script>\n<!-- \/ Yoast SEO plugin. -->","yoast_head_json":{"title":"Ayd\u0131n Entelekt\u00fcel ve Di\u011ferleri - The Epoch Times TR","description":"Ayd\u0131n\u0131n toplumu ayd\u0131nlatma g\u00f6revi varken, entelekt\u00fcelin b\u00f6yle bir sorumlulu\u011fu yoktur. Entelekt\u00fcel ayd\u0131na g\u00f6re daha \u00f6zg\u00fcr tak\u0131l\u0131r.","robots":{"index":"index","follow":"follow","max-snippet":"max-snippet:-1","max-image-preview":"max-image-preview:large","max-video-preview":"max-video-preview:-1"},"canonical":"https:\/\/epochtimestr.com\/index.php\/aydin-entelektuel-ve-digerleri","og_locale":"tr_TR","og_type":"article","og_title":"Ayd\u0131n Entelekt\u00fcel ve Di\u011ferleri - The Epoch Times TR","og_description":"Ayd\u0131n\u0131n toplumu ayd\u0131nlatma g\u00f6revi varken, entelekt\u00fcelin b\u00f6yle bir sorumlulu\u011fu yoktur. Entelekt\u00fcel ayd\u0131na g\u00f6re daha \u00f6zg\u00fcr tak\u0131l\u0131r.","og_url":"https:\/\/epochtimestr.com\/index.php\/aydin-entelektuel-ve-digerleri","og_site_name":"The Epoch Times TR","article_publisher":"https:\/\/www.facebook.com\/theepochtimestr","article_published_time":"2026-05-26T05:30:00+00:00","article_modified_time":"2026-05-25T18:10:49+00:00","og_image":[{"width":1200,"height":630,"url":"https:\/\/epochtimestr.com\/wp-content\/uploads\/2011y\/BEKIR-ZORBA-SM-2.png","type":"image\/png"}],"author":"Bekir Zorba","twitter_card":"summary_large_image","twitter_creator":"@TheEpochTimesTR","twitter_site":"@TheEpochTimesTR","twitter_misc":{"Yazan:":"Bekir Zorba","Tahmini okuma s\u00fcresi":"4 dakika"},"schema":{"@context":"https:\/\/schema.org","@graph":[{"@type":"Article","@id":"https:\/\/epochtimestr.com\/index.php\/aydin-entelektuel-ve-digerleri#article","isPartOf":{"@id":"https:\/\/epochtimestr.com\/index.php\/aydin-entelektuel-ve-digerleri"},"author":{"name":"Bekir Zorba","@id":"https:\/\/epochtimestr.com\/#\/schema\/person\/da1ad104599611965442ed3e7e9acb2b"},"headline":"Ayd\u0131n Entelekt\u00fcel ve Di\u011ferleri","datePublished":"2026-05-26T05:30:00+00:00","dateModified":"2026-05-25T18:10:49+00:00","mainEntityOfPage":{"@id":"https:\/\/epochtimestr.com\/index.php\/aydin-entelektuel-ve-digerleri"},"wordCount":660,"commentCount":0,"publisher":{"@id":"https:\/\/epochtimestr.com\/#organization"},"image":{"@id":"https:\/\/epochtimestr.com\/index.php\/aydin-entelektuel-ve-digerleri#primaryimage"},"thumbnailUrl":"https:\/\/epochtimestr.com\/wp-content\/uploads\/2011y\/Bekir-Zorba.png","articleSection":["K\u00f6\u015fe Yaz\u0131lar\u0131 Bekir Zorba"],"inLanguage":"tr","potentialAction":[{"@type":"CommentAction","name":"Comment","target":["https:\/\/epochtimestr.com\/index.php\/aydin-entelektuel-ve-digerleri#respond"]}]},{"@type":"WebPage","@id":"https:\/\/epochtimestr.com\/index.php\/aydin-entelektuel-ve-digerleri","url":"https:\/\/epochtimestr.com\/index.php\/aydin-entelektuel-ve-digerleri","name":"Ayd\u0131n Entelekt\u00fcel ve Di\u011ferleri - The Epoch Times TR","isPartOf":{"@id":"https:\/\/epochtimestr.com\/#website"},"primaryImageOfPage":{"@id":"https:\/\/epochtimestr.com\/index.php\/aydin-entelektuel-ve-digerleri#primaryimage"},"image":{"@id":"https:\/\/epochtimestr.com\/index.php\/aydin-entelektuel-ve-digerleri#primaryimage"},"thumbnailUrl":"https:\/\/epochtimestr.com\/wp-content\/uploads\/2011y\/Bekir-Zorba.png","datePublished":"2026-05-26T05:30:00+00:00","dateModified":"2026-05-25T18:10:49+00:00","description":"Ayd\u0131n\u0131n toplumu ayd\u0131nlatma g\u00f6revi varken, entelekt\u00fcelin b\u00f6yle bir sorumlulu\u011fu yoktur. Entelekt\u00fcel ayd\u0131na g\u00f6re daha \u00f6zg\u00fcr tak\u0131l\u0131r.","inLanguage":"tr","potentialAction":[{"@type":"ReadAction","target":["https:\/\/epochtimestr.com\/index.php\/aydin-entelektuel-ve-digerleri"]}]},{"@type":"ImageObject","inLanguage":"tr","@id":"https:\/\/epochtimestr.com\/index.php\/aydin-entelektuel-ve-digerleri#primaryimage","url":"https:\/\/epochtimestr.com\/wp-content\/uploads\/2011y\/Bekir-Zorba.png","contentUrl":"https:\/\/epochtimestr.com\/wp-content\/uploads\/2011y\/Bekir-Zorba.png","width":600,"height":600},{"@type":"WebSite","@id":"https:\/\/epochtimestr.com\/#website","url":"https:\/\/epochtimestr.com\/","name":"The Epoch Times TR","description":"De\u011fi\u015fen D\u00fcnyam\u0131za Taze Bir Bak\u0131\u015f","publisher":{"@id":"https:\/\/epochtimestr.com\/#organization"},"potentialAction":[{"@type":"SearchAction","target":{"@type":"EntryPoint","urlTemplate":"https:\/\/epochtimestr.com\/?s={search_term_string}"},"query-input":"required name=search_term_string"}],"inLanguage":"tr"},{"@type":"Organization","@id":"https:\/\/epochtimestr.com\/#organization","name":"The EpochTimes T\u00fcrkiye","url":"https:\/\/epochtimestr.com\/","logo":{"@type":"ImageObject","inLanguage":"tr","@id":"https:\/\/epochtimestr.com\/#\/schema\/logo\/image\/","url":"https:\/\/epochtimestr.com\/wp-content\/uploads\/2011y\/ET-Logo-YG.jpg","contentUrl":"https:\/\/epochtimestr.com\/wp-content\/uploads\/2011y\/ET-Logo-YG.jpg","width":346,"height":29,"caption":"The EpochTimes T\u00fcrkiye"},"image":{"@id":"https:\/\/epochtimestr.com\/#\/schema\/logo\/image\/"},"sameAs":["https:\/\/www.facebook.com\/theepochtimestr","https:\/\/x.com\/TheEpochTimesTR","https:\/\/www.instagram.com\/epochtimestr"]},{"@type":"Person","@id":"https:\/\/epochtimestr.com\/#\/schema\/person\/da1ad104599611965442ed3e7e9acb2b","name":"Bekir Zorba","image":{"@type":"ImageObject","inLanguage":"tr","@id":"https:\/\/epochtimestr.com\/#\/schema\/person\/image\/","url":"https:\/\/secure.gravatar.com\/avatar\/eafd40d9b77b1fbf7c565a3d4916b79c?s=96&d=mm&r=g","contentUrl":"https:\/\/secure.gravatar.com\/avatar\/eafd40d9b77b1fbf7c565a3d4916b79c?s=96&d=mm&r=g","caption":"Bekir Zorba"},"url":"https:\/\/epochtimestr.com\/index.php\/author\/bekir"}]}},"_links":{"self":[{"href":"https:\/\/epochtimestr.com\/index.php\/wp-json\/wp\/v2\/posts\/167519"}],"collection":[{"href":"https:\/\/epochtimestr.com\/index.php\/wp-json\/wp\/v2\/posts"}],"about":[{"href":"https:\/\/epochtimestr.com\/index.php\/wp-json\/wp\/v2\/types\/post"}],"author":[{"embeddable":true,"href":"https:\/\/epochtimestr.com\/index.php\/wp-json\/wp\/v2\/users\/14001"}],"replies":[{"embeddable":true,"href":"https:\/\/epochtimestr.com\/index.php\/wp-json\/wp\/v2\/comments?post=167519"}],"version-history":[{"count":2,"href":"https:\/\/epochtimestr.com\/index.php\/wp-json\/wp\/v2\/posts\/167519\/revisions"}],"predecessor-version":[{"id":167521,"href":"https:\/\/epochtimestr.com\/index.php\/wp-json\/wp\/v2\/posts\/167519\/revisions\/167521"}],"wp:featuredmedia":[{"embeddable":true,"href":"https:\/\/epochtimestr.com\/index.php\/wp-json\/wp\/v2\/media\/161038"}],"wp:attachment":[{"href":"https:\/\/epochtimestr.com\/index.php\/wp-json\/wp\/v2\/media?parent=167519"}],"wp:term":[{"taxonomy":"category","embeddable":true,"href":"https:\/\/epochtimestr.com\/index.php\/wp-json\/wp\/v2\/categories?post=167519"},{"taxonomy":"post_tag","embeddable":true,"href":"https:\/\/epochtimestr.com\/index.php\/wp-json\/wp\/v2\/tags?post=167519"}],"curies":[{"name":"wp","href":"https:\/\/api.w.org\/{rel}","templated":true}]}}