{"id":167526,"date":"2026-05-26T14:30:47","date_gmt":"2026-05-26T11:30:47","guid":{"rendered":"https:\/\/epochtimestr.com\/?p=167526"},"modified":"2026-05-26T14:30:49","modified_gmt":"2026-05-26T11:30:49","slug":"kongoda-ebola-salgini-buyuyor","status":"publish","type":"post","link":"https:\/\/epochtimestr.com\/index.php\/kongoda-ebola-salgini-buyuyor","title":{"rendered":"Kongo&#8217;da Ebola Salg\u0131n\u0131 B\u00fcy\u00fcyor"},"content":{"rendered":"<div class=\"wp-block-image\">\n<figure class=\"aligncenter size-large\"><img loading=\"lazy\" decoding=\"async\" width=\"1600\" height=\"1200\" src=\"https:\/\/epochtimestr.com\/wp-content\/uploads\/2011y\/1000039323-1600x1200.jpg\" alt=\"Kongo\u2019daki Ebola salg\u0131n\u0131nda \u015f\u00fcpheli vaka say\u0131s\u0131 900\u2019\u00fc ge\u00e7ti. Baz\u0131 binalara giri\u015fte ziyaret\u00e7ilerin ate\u015f kontrol\u00fcnden ge\u00e7irilmesi gerekiyor. V\u00fccut s\u0131cakl\u0131\u011f\u0131 38,6 derecenin \u00fczerinde \u00e7\u0131kanlar binaya giremiyor. (Foto\u011fraf: Wikimedia)\" class=\"wp-image-167527\" srcset=\"https:\/\/epochtimestr.com\/wp-content\/uploads\/2011y\/1000039323-1600x1200.jpg 1600w, https:\/\/epochtimestr.com\/wp-content\/uploads\/2011y\/1000039323-300x225.jpg 300w, https:\/\/epochtimestr.com\/wp-content\/uploads\/2011y\/1000039323-150x113.jpg 150w, https:\/\/epochtimestr.com\/wp-content\/uploads\/2011y\/1000039323-768x576.jpg 768w, https:\/\/epochtimestr.com\/wp-content\/uploads\/2011y\/1000039323-1536x1152.jpg 1536w, https:\/\/epochtimestr.com\/wp-content\/uploads\/2011y\/1000039323-86x64.jpg 86w, https:\/\/epochtimestr.com\/wp-content\/uploads\/2011y\/1000039323.jpg 1920w\" sizes=\"(max-width: 1600px) 100vw, 1600px\" \/><figcaption class=\"wp-element-caption\">Kongo\u2019daki Ebola salg\u0131n\u0131nda \u015f\u00fcpheli vaka say\u0131s\u0131 900\u2019\u00fc ge\u00e7ti. Baz\u0131 binalara giri\u015fte ziyaret\u00e7ilerin ate\u015f kontrol\u00fcnden ge\u00e7irilmesi gerekiyor. V\u00fccut s\u0131cakl\u0131\u011f\u0131 38,6 derecenin \u00fczerinde \u00e7\u0131kanlar binaya giremiyor. (Foto\u011fraf: Wikimedia)<\/figcaption><\/figure><\/div>\n\n\n<p>Demoktatik Kongo Cumhuriyetinde etkisini s\u00fcrd\u00fcren Ebola salg\u0131n\u0131nda, vaka say\u0131s\u0131 art\u0131yor. \u00dclke yetkilileri, 24 May\u0131s&#8217;ta <a href=\"https:\/\/www.theepochtimes.com\/world\/ebola-outbreak-increases-to-more-than-900-suspected-cases-6038200\" target=\"_blank\" rel=\"noreferrer noopener\">900\u2019den fazla \u015f\u00fcpheli<\/a> vaka tespit edildi\u011fini duyurdu. D\u00fcnya Sa\u011fl\u0131k \u00d6rg\u00fct\u00fc verilerine g\u00f6re \u00fclkede ayr\u0131ca salg\u0131n nedeniyle 220 \u015f\u00fcpheli \u00f6l\u00fcm ve 101 do\u011frulanm\u0131\u015f vaka var. <\/p>\n\n\n\n<p>Vakalar\u0131n b\u00fcy\u00fck b\u00f6l\u00fcm\u00fc Ituri, Kuzey Kivu ve G\u00fcney Kivu b\u00f6lgelerinde kay\u0131tlara girdi. Yetkililer, salg\u0131n\u0131n ilk olarak Ituri\u2019de ortaya \u00e7\u0131kt\u0131\u011f\u0131n\u0131 belirttiler. Bununla birlikte son g\u00fcnlerde yeni b\u00f6lgelere yay\u0131l\u0131m tespit edilmedi\u011fini a\u00e7\u0131klad\u0131lar.<\/p>\n\n\n\n<p>Kongo \u0130leti\u015fim Bakan\u0131 Patrick Muyaya, sa\u011fl\u0131k ekiplerinin saha \u00e7al\u0131\u015fmalar\u0131n\u0131 yo\u011funla\u015ft\u0131rd\u0131\u011f\u0131n\u0131 s\u00f6yledi. Muyaya, toplu test uygulamalar\u0131n\u0131n s\u00fcrd\u00fc\u011f\u00fcn\u00fc, ayr\u0131ca temasl\u0131 takibi ve halk\u0131 bilgilendirme faaliyetlerinin art\u0131r\u0131ld\u0131\u011f\u0131n\u0131 ifade etti.<\/p>\n\n\n\n<p>Uganda Sa\u011fl\u0131k Bakanl\u0131\u011f\u0131 ise ba\u015fkent Kampala\u2019daki \u00f6zel bir sa\u011fl\u0131k kurulu\u015funda \u00e7al\u0131\u015fan iki ki\u015fide <a href=\"https:\/\/epochtimestr.com\/index.php\/abdde-ebola-vakasi-tespit-edildi\" target=\"_blank\" rel=\"noreferrer noopener\">Ebola tespit edildi\u011fini<\/a> a\u00e7\u0131klad\u0131. B\u00f6ylece \u00fclkedeki do\u011frulanm\u0131\u015f vaka say\u0131s\u0131 yediye y\u00fckseldi. Yetkililer, hastalarla temas eden ki\u015filerin yak\u0131ndan izlendi\u011fini bildirdi.<\/p>\n\n\n\n<p>Ebola vir\u00fcs\u00fc ate\u015f, kusma ve a\u00e7\u0131klanamayan kanamalara yol a\u00e7\u0131yor. Ancak mevcut salg\u0131na neden olan Bundibugyo t\u00fcr\u00fcne kar\u015f\u0131 onayl\u0131 herhangi bir a\u015f\u0131 veya tedavi yok.<\/p>\n\n\n\n<p>World Health Organization, 22 May\u0131s 2026 tarihinde Kongo\u2019daki risk seviyesini \u201c\u00e7ok y\u00fcksek\u201d olarak g\u00fcncelledi. Kurulu\u015f, Ituri\u2019de devam eden \u015fiddet olaylar\u0131n\u0131n sa\u011fl\u0131k \u00e7al\u0131\u015fmalar\u0131n\u0131 zorla\u015ft\u0131rd\u0131\u011f\u0131n\u0131 belirtti. Bu nedenle baz\u0131 sa\u011fl\u0131k \u00e7al\u0131\u015fanlar\u0131n\u0131n b\u00f6lgeden ayr\u0131ld\u0131\u011f\u0131 a\u00e7\u0131kland\u0131.<\/p>\n\n\n\n<p>\u00d6te yandan Afrika \u00fclkelerinden sa\u011fl\u0131k yetkilileri, 23 May\u0131s 2026 tarihinde Uganda\u2019da bir araya geldi. Toplant\u0131da Ebola ve kolera salg\u0131nlar\u0131na kar\u015f\u0131 ortak m\u00fccadele y\u00f6ntemleri de\u011ferlendirildi. Son olarak yetkililer, salg\u0131n\u0131n yaln\u0131zca Kongo\u2019yu de\u011fil t\u00fcm b\u00f6lgeyi etkileyen bir tehdit oldu\u011funu vurgulad\u0131.<\/p>\n","protected":false},"excerpt":{"rendered":"<p>Demoktatik Kongo Cumhuriyetinde etkisini s\u00fcrd\u00fcren Ebola salg\u0131n\u0131nda, vaka say\u0131s\u0131 art\u0131yor. \u00dclke yetkilileri, 24 May\u0131s&#8217;ta 900\u2019den fazla \u015f\u00fcpheli vaka tespit edildi\u011fini duyurdu. D\u00fcnya Sa\u011fl\u0131k \u00d6rg\u00fct\u00fc verilerine g\u00f6re \u00fclkede ayr\u0131ca salg\u0131n nedeniyle 220 \u015f\u00fcpheli \u00f6l\u00fcm ve 101 do\u011frulanm\u0131\u015f vaka var. Vakalar\u0131n b\u00fcy\u00fck b\u00f6l\u00fcm\u00fc Ituri, Kuzey Kivu ve G\u00fcney Kivu b\u00f6lgelerinde kay\u0131tlara girdi. Yetkililer, salg\u0131n\u0131n ilk olarak Ituri\u2019de [&hellip;]<\/p>\n","protected":false},"author":13996,"featured_media":167527,"comment_status":"open","ping_status":"open","sticky":false,"template":"","format":"standard","meta":{"_yoast_wpseo_focuskw":"Ebola","_yoast_wpseo_title":"","_yoast_wpseo_metadesc":"Kongo\u2019daki Ebola salg\u0131n\u0131nda \u015f\u00fcpheli vaka say\u0131s\u0131 900\u2019\u00fc ge\u00e7ti. D\u00fcnya Sa\u011fl\u0131k \u00d6rg\u00fct\u00fc, b\u00f6lgedeki risk seviyesini \u201c\u00e7ok y\u00fcksek\u201d olarak g\u00fcncelledi.","_bbp_topic_count":0,"_bbp_reply_count":0,"_bbp_total_topic_count":0,"_bbp_total_reply_count":0,"_bbp_voice_count":0,"_bbp_anonymous_reply_count":0,"_bbp_topic_count_hidden":0,"_bbp_reply_count_hidden":0,"_bbp_forum_subforum_count":0,"footnotes":"","_yoast_wpseo_focuskw_text_input":""},"categories":[5,1,8138],"tags":[407,228,9131,4760,11458],"yoast_head":"<!-- This site is optimized with the Yoast SEO plugin v23.0 - https:\/\/yoast.com\/wordpress\/plugins\/seo\/ -->\n<title>Kongo&#039;da Ebola Salg\u0131n\u0131 B\u00fcy\u00fcyor - The Epoch Times TR<\/title>\n<meta name=\"description\" content=\"Kongo\u2019daki Ebola salg\u0131n\u0131nda \u015f\u00fcpheli vaka say\u0131s\u0131 900\u2019\u00fc ge\u00e7ti. D\u00fcnya Sa\u011fl\u0131k \u00d6rg\u00fct\u00fc, b\u00f6lgedeki risk seviyesini \u201c\u00e7ok y\u00fcksek\u201d olarak g\u00fcncelledi.\" \/>\n<meta name=\"robots\" content=\"index, follow, max-snippet:-1, max-image-preview:large, max-video-preview:-1\" \/>\n<link rel=\"canonical\" href=\"https:\/\/epochtimestr.com\/index.php\/kongoda-ebola-salgini-buyuyor\" \/>\n<meta property=\"og:locale\" content=\"tr_TR\" \/>\n<meta property=\"og:type\" content=\"article\" \/>\n<meta property=\"og:title\" content=\"Kongo&#039;da Ebola Salg\u0131n\u0131 B\u00fcy\u00fcyor - The Epoch Times TR\" \/>\n<meta property=\"og:description\" content=\"Kongo\u2019daki Ebola salg\u0131n\u0131nda \u015f\u00fcpheli vaka say\u0131s\u0131 900\u2019\u00fc ge\u00e7ti. D\u00fcnya Sa\u011fl\u0131k \u00d6rg\u00fct\u00fc, b\u00f6lgedeki risk seviyesini \u201c\u00e7ok y\u00fcksek\u201d olarak g\u00fcncelledi.\" \/>\n<meta property=\"og:url\" content=\"https:\/\/epochtimestr.com\/index.php\/kongoda-ebola-salgini-buyuyor\" \/>\n<meta property=\"og:site_name\" content=\"The Epoch Times TR\" \/>\n<meta property=\"article:publisher\" content=\"https:\/\/www.facebook.com\/theepochtimestr\" \/>\n<meta property=\"article:published_time\" content=\"2026-05-26T11:30:47+00:00\" \/>\n<meta property=\"article:modified_time\" content=\"2026-05-26T11:30:49+00:00\" \/>\n<meta property=\"og:image\" content=\"https:\/\/epochtimestr.com\/wp-content\/uploads\/2011y\/1000039323.jpg\" \/>\n\t<meta property=\"og:image:width\" content=\"1920\" \/>\n\t<meta property=\"og:image:height\" content=\"1440\" \/>\n\t<meta property=\"og:image:type\" content=\"image\/jpeg\" \/>\n<meta name=\"author\" content=\"Leo Bajelan\" \/>\n<meta name=\"twitter:card\" content=\"summary_large_image\" \/>\n<meta name=\"twitter:creator\" content=\"@TheEpochTimesTR\" \/>\n<meta name=\"twitter:site\" content=\"@TheEpochTimesTR\" \/>\n<meta name=\"twitter:label1\" content=\"Yazan:\" \/>\n\t<meta name=\"twitter:data1\" content=\"Leo Bajelan\" \/>\n\t<meta name=\"twitter:label2\" content=\"Tahmini okuma s\u00fcresi\" \/>\n\t<meta name=\"twitter:data2\" content=\"2 dakika\" \/>\n<script type=\"application\/ld+json\" class=\"yoast-schema-graph\">{\"@context\":\"https:\/\/schema.org\",\"@graph\":[{\"@type\":\"Article\",\"@id\":\"https:\/\/epochtimestr.com\/index.php\/kongoda-ebola-salgini-buyuyor#article\",\"isPartOf\":{\"@id\":\"https:\/\/epochtimestr.com\/index.php\/kongoda-ebola-salgini-buyuyor\"},\"author\":{\"name\":\"Leo Bajelan\",\"@id\":\"https:\/\/epochtimestr.com\/#\/schema\/person\/5fef218711d76d8f232b0e1f1d7e4c0d\"},\"headline\":\"Kongo&#8217;da Ebola Salg\u0131n\u0131 B\u00fcy\u00fcyor\",\"datePublished\":\"2026-05-26T11:30:47+00:00\",\"dateModified\":\"2026-05-26T11:30:49+00:00\",\"mainEntityOfPage\":{\"@id\":\"https:\/\/epochtimestr.com\/index.php\/kongoda-ebola-salgini-buyuyor\"},\"wordCount\":374,\"commentCount\":0,\"publisher\":{\"@id\":\"https:\/\/epochtimestr.com\/#organization\"},\"image\":{\"@id\":\"https:\/\/epochtimestr.com\/index.php\/kongoda-ebola-salgini-buyuyor#primaryimage\"},\"thumbnailUrl\":\"https:\/\/epochtimestr.com\/wp-content\/uploads\/2011y\/1000039323.jpg\",\"keywords\":[\"ABD\",\"Afrika\",\"Demokratik Kongo Cumhuriyeti\",\"d\u00fcnya sa\u011fl\u0131k \u00f6rg\u00fct\u00fc\",\"Ebola salg\u0131n\u0131\"],\"articleSection\":[\"D\u00dcNYA\",\"G\u00dcNDEM\",\"MAN\u015eET\"],\"inLanguage\":\"tr\",\"potentialAction\":[{\"@type\":\"CommentAction\",\"name\":\"Comment\",\"target\":[\"https:\/\/epochtimestr.com\/index.php\/kongoda-ebola-salgini-buyuyor#respond\"]}]},{\"@type\":\"WebPage\",\"@id\":\"https:\/\/epochtimestr.com\/index.php\/kongoda-ebola-salgini-buyuyor\",\"url\":\"https:\/\/epochtimestr.com\/index.php\/kongoda-ebola-salgini-buyuyor\",\"name\":\"Kongo'da Ebola Salg\u0131n\u0131 B\u00fcy\u00fcyor - The Epoch Times TR\",\"isPartOf\":{\"@id\":\"https:\/\/epochtimestr.com\/#website\"},\"primaryImageOfPage\":{\"@id\":\"https:\/\/epochtimestr.com\/index.php\/kongoda-ebola-salgini-buyuyor#primaryimage\"},\"image\":{\"@id\":\"https:\/\/epochtimestr.com\/index.php\/kongoda-ebola-salgini-buyuyor#primaryimage\"},\"thumbnailUrl\":\"https:\/\/epochtimestr.com\/wp-content\/uploads\/2011y\/1000039323.jpg\",\"datePublished\":\"2026-05-26T11:30:47+00:00\",\"dateModified\":\"2026-05-26T11:30:49+00:00\",\"description\":\"Kongo\u2019daki Ebola salg\u0131n\u0131nda \u015f\u00fcpheli vaka say\u0131s\u0131 900\u2019\u00fc ge\u00e7ti. D\u00fcnya Sa\u011fl\u0131k \u00d6rg\u00fct\u00fc, b\u00f6lgedeki risk seviyesini \u201c\u00e7ok y\u00fcksek\u201d olarak g\u00fcncelledi.\",\"inLanguage\":\"tr\",\"potentialAction\":[{\"@type\":\"ReadAction\",\"target\":[\"https:\/\/epochtimestr.com\/index.php\/kongoda-ebola-salgini-buyuyor\"]}]},{\"@type\":\"ImageObject\",\"inLanguage\":\"tr\",\"@id\":\"https:\/\/epochtimestr.com\/index.php\/kongoda-ebola-salgini-buyuyor#primaryimage\",\"url\":\"https:\/\/epochtimestr.com\/wp-content\/uploads\/2011y\/1000039323.jpg\",\"contentUrl\":\"https:\/\/epochtimestr.com\/wp-content\/uploads\/2011y\/1000039323.jpg\",\"width\":1920,\"height\":1440},{\"@type\":\"WebSite\",\"@id\":\"https:\/\/epochtimestr.com\/#website\",\"url\":\"https:\/\/epochtimestr.com\/\",\"name\":\"The Epoch Times TR\",\"description\":\"De\u011fi\u015fen D\u00fcnyam\u0131za Taze Bir Bak\u0131\u015f\",\"publisher\":{\"@id\":\"https:\/\/epochtimestr.com\/#organization\"},\"potentialAction\":[{\"@type\":\"SearchAction\",\"target\":{\"@type\":\"EntryPoint\",\"urlTemplate\":\"https:\/\/epochtimestr.com\/?s={search_term_string}\"},\"query-input\":\"required name=search_term_string\"}],\"inLanguage\":\"tr\"},{\"@type\":\"Organization\",\"@id\":\"https:\/\/epochtimestr.com\/#organization\",\"name\":\"The EpochTimes T\u00fcrkiye\",\"url\":\"https:\/\/epochtimestr.com\/\",\"logo\":{\"@type\":\"ImageObject\",\"inLanguage\":\"tr\",\"@id\":\"https:\/\/epochtimestr.com\/#\/schema\/logo\/image\/\",\"url\":\"https:\/\/epochtimestr.com\/wp-content\/uploads\/2011y\/ET-Logo-YG.jpg\",\"contentUrl\":\"https:\/\/epochtimestr.com\/wp-content\/uploads\/2011y\/ET-Logo-YG.jpg\",\"width\":346,\"height\":29,\"caption\":\"The EpochTimes T\u00fcrkiye\"},\"image\":{\"@id\":\"https:\/\/epochtimestr.com\/#\/schema\/logo\/image\/\"},\"sameAs\":[\"https:\/\/www.facebook.com\/theepochtimestr\",\"https:\/\/x.com\/TheEpochTimesTR\",\"https:\/\/www.instagram.com\/epochtimestr\"]},{\"@type\":\"Person\",\"@id\":\"https:\/\/epochtimestr.com\/#\/schema\/person\/5fef218711d76d8f232b0e1f1d7e4c0d\",\"name\":\"Leo Bajelan\",\"image\":{\"@type\":\"ImageObject\",\"inLanguage\":\"tr\",\"@id\":\"https:\/\/epochtimestr.com\/#\/schema\/person\/image\/\",\"url\":\"https:\/\/secure.gravatar.com\/avatar\/917669146f489549e548a2e9af272df5?s=96&d=mm&r=g\",\"contentUrl\":\"https:\/\/secure.gravatar.com\/avatar\/917669146f489549e548a2e9af272df5?s=96&d=mm&r=g\",\"caption\":\"Leo Bajelan\"},\"url\":\"https:\/\/epochtimestr.com\/index.php\/author\/leo\"}]}<\/script>\n<!-- \/ Yoast SEO plugin. -->","yoast_head_json":{"title":"Kongo'da Ebola Salg\u0131n\u0131 B\u00fcy\u00fcyor - The Epoch Times TR","description":"Kongo\u2019daki Ebola salg\u0131n\u0131nda \u015f\u00fcpheli vaka say\u0131s\u0131 900\u2019\u00fc ge\u00e7ti. D\u00fcnya Sa\u011fl\u0131k \u00d6rg\u00fct\u00fc, b\u00f6lgedeki risk seviyesini \u201c\u00e7ok y\u00fcksek\u201d olarak g\u00fcncelledi.","robots":{"index":"index","follow":"follow","max-snippet":"max-snippet:-1","max-image-preview":"max-image-preview:large","max-video-preview":"max-video-preview:-1"},"canonical":"https:\/\/epochtimestr.com\/index.php\/kongoda-ebola-salgini-buyuyor","og_locale":"tr_TR","og_type":"article","og_title":"Kongo'da Ebola Salg\u0131n\u0131 B\u00fcy\u00fcyor - The Epoch Times TR","og_description":"Kongo\u2019daki Ebola salg\u0131n\u0131nda \u015f\u00fcpheli vaka say\u0131s\u0131 900\u2019\u00fc ge\u00e7ti. D\u00fcnya Sa\u011fl\u0131k \u00d6rg\u00fct\u00fc, b\u00f6lgedeki risk seviyesini \u201c\u00e7ok y\u00fcksek\u201d olarak g\u00fcncelledi.","og_url":"https:\/\/epochtimestr.com\/index.php\/kongoda-ebola-salgini-buyuyor","og_site_name":"The Epoch Times TR","article_publisher":"https:\/\/www.facebook.com\/theepochtimestr","article_published_time":"2026-05-26T11:30:47+00:00","article_modified_time":"2026-05-26T11:30:49+00:00","og_image":[{"width":1920,"height":1440,"url":"https:\/\/epochtimestr.com\/wp-content\/uploads\/2011y\/1000039323.jpg","type":"image\/jpeg"}],"author":"Leo Bajelan","twitter_card":"summary_large_image","twitter_creator":"@TheEpochTimesTR","twitter_site":"@TheEpochTimesTR","twitter_misc":{"Yazan:":"Leo Bajelan","Tahmini okuma s\u00fcresi":"2 dakika"},"schema":{"@context":"https:\/\/schema.org","@graph":[{"@type":"Article","@id":"https:\/\/epochtimestr.com\/index.php\/kongoda-ebola-salgini-buyuyor#article","isPartOf":{"@id":"https:\/\/epochtimestr.com\/index.php\/kongoda-ebola-salgini-buyuyor"},"author":{"name":"Leo Bajelan","@id":"https:\/\/epochtimestr.com\/#\/schema\/person\/5fef218711d76d8f232b0e1f1d7e4c0d"},"headline":"Kongo&#8217;da Ebola Salg\u0131n\u0131 B\u00fcy\u00fcyor","datePublished":"2026-05-26T11:30:47+00:00","dateModified":"2026-05-26T11:30:49+00:00","mainEntityOfPage":{"@id":"https:\/\/epochtimestr.com\/index.php\/kongoda-ebola-salgini-buyuyor"},"wordCount":374,"commentCount":0,"publisher":{"@id":"https:\/\/epochtimestr.com\/#organization"},"image":{"@id":"https:\/\/epochtimestr.com\/index.php\/kongoda-ebola-salgini-buyuyor#primaryimage"},"thumbnailUrl":"https:\/\/epochtimestr.com\/wp-content\/uploads\/2011y\/1000039323.jpg","keywords":["ABD","Afrika","Demokratik Kongo Cumhuriyeti","d\u00fcnya sa\u011fl\u0131k \u00f6rg\u00fct\u00fc","Ebola salg\u0131n\u0131"],"articleSection":["D\u00dcNYA","G\u00dcNDEM","MAN\u015eET"],"inLanguage":"tr","potentialAction":[{"@type":"CommentAction","name":"Comment","target":["https:\/\/epochtimestr.com\/index.php\/kongoda-ebola-salgini-buyuyor#respond"]}]},{"@type":"WebPage","@id":"https:\/\/epochtimestr.com\/index.php\/kongoda-ebola-salgini-buyuyor","url":"https:\/\/epochtimestr.com\/index.php\/kongoda-ebola-salgini-buyuyor","name":"Kongo'da Ebola Salg\u0131n\u0131 B\u00fcy\u00fcyor - The Epoch Times TR","isPartOf":{"@id":"https:\/\/epochtimestr.com\/#website"},"primaryImageOfPage":{"@id":"https:\/\/epochtimestr.com\/index.php\/kongoda-ebola-salgini-buyuyor#primaryimage"},"image":{"@id":"https:\/\/epochtimestr.com\/index.php\/kongoda-ebola-salgini-buyuyor#primaryimage"},"thumbnailUrl":"https:\/\/epochtimestr.com\/wp-content\/uploads\/2011y\/1000039323.jpg","datePublished":"2026-05-26T11:30:47+00:00","dateModified":"2026-05-26T11:30:49+00:00","description":"Kongo\u2019daki Ebola salg\u0131n\u0131nda \u015f\u00fcpheli vaka say\u0131s\u0131 900\u2019\u00fc ge\u00e7ti. D\u00fcnya Sa\u011fl\u0131k \u00d6rg\u00fct\u00fc, b\u00f6lgedeki risk seviyesini \u201c\u00e7ok y\u00fcksek\u201d olarak g\u00fcncelledi.","inLanguage":"tr","potentialAction":[{"@type":"ReadAction","target":["https:\/\/epochtimestr.com\/index.php\/kongoda-ebola-salgini-buyuyor"]}]},{"@type":"ImageObject","inLanguage":"tr","@id":"https:\/\/epochtimestr.com\/index.php\/kongoda-ebola-salgini-buyuyor#primaryimage","url":"https:\/\/epochtimestr.com\/wp-content\/uploads\/2011y\/1000039323.jpg","contentUrl":"https:\/\/epochtimestr.com\/wp-content\/uploads\/2011y\/1000039323.jpg","width":1920,"height":1440},{"@type":"WebSite","@id":"https:\/\/epochtimestr.com\/#website","url":"https:\/\/epochtimestr.com\/","name":"The Epoch Times TR","description":"De\u011fi\u015fen D\u00fcnyam\u0131za Taze Bir Bak\u0131\u015f","publisher":{"@id":"https:\/\/epochtimestr.com\/#organization"},"potentialAction":[{"@type":"SearchAction","target":{"@type":"EntryPoint","urlTemplate":"https:\/\/epochtimestr.com\/?s={search_term_string}"},"query-input":"required name=search_term_string"}],"inLanguage":"tr"},{"@type":"Organization","@id":"https:\/\/epochtimestr.com\/#organization","name":"The EpochTimes T\u00fcrkiye","url":"https:\/\/epochtimestr.com\/","logo":{"@type":"ImageObject","inLanguage":"tr","@id":"https:\/\/epochtimestr.com\/#\/schema\/logo\/image\/","url":"https:\/\/epochtimestr.com\/wp-content\/uploads\/2011y\/ET-Logo-YG.jpg","contentUrl":"https:\/\/epochtimestr.com\/wp-content\/uploads\/2011y\/ET-Logo-YG.jpg","width":346,"height":29,"caption":"The EpochTimes T\u00fcrkiye"},"image":{"@id":"https:\/\/epochtimestr.com\/#\/schema\/logo\/image\/"},"sameAs":["https:\/\/www.facebook.com\/theepochtimestr","https:\/\/x.com\/TheEpochTimesTR","https:\/\/www.instagram.com\/epochtimestr"]},{"@type":"Person","@id":"https:\/\/epochtimestr.com\/#\/schema\/person\/5fef218711d76d8f232b0e1f1d7e4c0d","name":"Leo Bajelan","image":{"@type":"ImageObject","inLanguage":"tr","@id":"https:\/\/epochtimestr.com\/#\/schema\/person\/image\/","url":"https:\/\/secure.gravatar.com\/avatar\/917669146f489549e548a2e9af272df5?s=96&d=mm&r=g","contentUrl":"https:\/\/secure.gravatar.com\/avatar\/917669146f489549e548a2e9af272df5?s=96&d=mm&r=g","caption":"Leo Bajelan"},"url":"https:\/\/epochtimestr.com\/index.php\/author\/leo"}]}},"_links":{"self":[{"href":"https:\/\/epochtimestr.com\/index.php\/wp-json\/wp\/v2\/posts\/167526"}],"collection":[{"href":"https:\/\/epochtimestr.com\/index.php\/wp-json\/wp\/v2\/posts"}],"about":[{"href":"https:\/\/epochtimestr.com\/index.php\/wp-json\/wp\/v2\/types\/post"}],"author":[{"embeddable":true,"href":"https:\/\/epochtimestr.com\/index.php\/wp-json\/wp\/v2\/users\/13996"}],"replies":[{"embeddable":true,"href":"https:\/\/epochtimestr.com\/index.php\/wp-json\/wp\/v2\/comments?post=167526"}],"version-history":[{"count":3,"href":"https:\/\/epochtimestr.com\/index.php\/wp-json\/wp\/v2\/posts\/167526\/revisions"}],"predecessor-version":[{"id":167537,"href":"https:\/\/epochtimestr.com\/index.php\/wp-json\/wp\/v2\/posts\/167526\/revisions\/167537"}],"wp:featuredmedia":[{"embeddable":true,"href":"https:\/\/epochtimestr.com\/index.php\/wp-json\/wp\/v2\/media\/167527"}],"wp:attachment":[{"href":"https:\/\/epochtimestr.com\/index.php\/wp-json\/wp\/v2\/media?parent=167526"}],"wp:term":[{"taxonomy":"category","embeddable":true,"href":"https:\/\/epochtimestr.com\/index.php\/wp-json\/wp\/v2\/categories?post=167526"},{"taxonomy":"post_tag","embeddable":true,"href":"https:\/\/epochtimestr.com\/index.php\/wp-json\/wp\/v2\/tags?post=167526"}],"curies":[{"name":"wp","href":"https:\/\/api.w.org\/{rel}","templated":true}]}}