{"id":167530,"date":"2026-05-26T11:57:00","date_gmt":"2026-05-26T08:57:00","guid":{"rendered":"https:\/\/epochtimestr.com\/?p=167530"},"modified":"2026-05-26T11:57:03","modified_gmt":"2026-05-26T08:57:03","slug":"kendi-parti-binasina-polis-gucuyle-girmeye-calisan-adam","status":"publish","type":"post","link":"https:\/\/epochtimestr.com\/index.php\/kendi-parti-binasina-polis-gucuyle-girmeye-calisan-adam","title":{"rendered":"Kendi Parti Binas\u0131na Polis G\u00fcc\u00fcyle Girmeye \u00c7al\u0131\u015fan Adam"},"content":{"rendered":"\n<p>T\u00fcrkiye uzun zamand\u0131r yaln\u0131zca ekonomik krizlerle, adalet tart\u0131\u015fmalar\u0131yla ya da kutupla\u015fmayla m\u00fccadele etmiyor. Daha derin, daha a\u011f\u0131r bir sorunla kar\u015f\u0131 kar\u015f\u0131yay\u0131z: siyasetin me\u015fruiyet kriziyle.<\/p>\n\n\n\n<p>Bug\u00fcn ya\u015fananlar art\u0131k bir parti i\u00e7i \u00e7eki\u015fmenin s\u0131n\u0131rlar\u0131n\u0131 a\u015fm\u0131\u015ft\u0131r. Cumhuriyet Halk Partisi\u2019nde ya\u015fanan gerilim yaln\u0131zca bir koltuk kavgas\u0131 de\u011fil, T\u00fcrkiye\u2019de demokrasinin nas\u0131l alg\u0131land\u0131\u011f\u0131n\u0131, halk iradesinin ne kadar \u00f6nemsendi\u011fini ve siyasetin hangi zeminde y\u00fcr\u00fct\u00fcld\u00fc\u011f\u00fcn\u00fc g\u00f6steren a\u011f\u0131r bir k\u0131r\u0131lmad\u0131r.<\/p>\n\n\n\n<p>\u201cMutlak butlan\u201d gibi hukuk terminolojileriyle ba\u015flayan tart\u0131\u015fma, polis m\u00fcdahalesi, plastik mermi ve biber gaz\u0131 g\u00f6r\u00fcnt\u00fcleriyle bamba\u015fka bir noktaya ta\u015f\u0131nd\u0131. \u00c7\u00fcnk\u00fc hukuk tart\u0131\u015fmas\u0131 mahkeme salonlar\u0131nda yap\u0131l\u0131r, halk\u0131n iradesine kar\u015f\u0131 g\u00fcvenlik kalkanlar\u0131n\u0131n g\u00f6lgesinde de\u011fil. O andan itibaren mesele yaln\u0131zca CHP\u2019nin i\u00e7 meselesi olmaktan \u00e7\u0131kt\u0131. T\u00fcrkiye\u2019nin topal demokrasisinin aynas\u0131na d\u00f6n\u00fc\u015ft\u00fc.<\/p>\n\n\n\n<p>Kemal K\u0131l\u0131\u00e7daro\u011flu\u2019nun bug\u00fcn ya\u015fad\u0131\u011f\u0131 en b\u00fcy\u00fck problem art\u0131k se\u00e7im kaybetmi\u015f olmas\u0131 de\u011fildir. Siyasette se\u00e7im kaybetmek m\u00fcmk\u00fcnd\u00fcr, her lider yenilebilir. Ancak as\u0131l k\u0131r\u0131lma, kendi taban\u0131n\u0131n duygusunu okuyamamakta ba\u015flar. Bir siyaset\u00e7inin en b\u00fcy\u00fck g\u00fcc\u00fc makam\u0131 de\u011fil, se\u00e7meninin g\u00f6nl\u00fcndeki yeridir. O ba\u011f koptu\u011funda, geriye yaln\u0131zca unvan kal\u0131r.<\/p>\n\n\n\n<p>Toplumun b\u00fcy\u00fck bir k\u0131sm\u0131 bug\u00fcn K\u0131l\u0131\u00e7daro\u011flu\u2019nu, kendi taban\u0131n\u0131n iradesine ra\u011fmen koltu\u011fa tutunmaya \u00e7al\u0131\u015fan eski siyaset refleksinin bir temsilcisi gibi g\u00f6r\u00fcyor. Bu alg\u0131 do\u011fru ya da yanl\u0131\u015f olabilir, fakat siyasette alg\u0131 \u00e7o\u011fu zaman ger\u00e7e\u011fin \u00f6n\u00fcne ge\u00e7er. Hele ki insanlar umutlar\u0131n\u0131 kaybettiklerinde\u2026<\/p>\n\n\n\n<p>Bir zamanlar \u201cAdalet Y\u00fcr\u00fcy\u00fc\u015f\u00fc\u201d ile milyonlar\u0131n vicdan\u0131nda yer bulan bir siyaset\u00e7inin, bug\u00fcn kendi partisine polis g\u00f6lgesinde d\u00f6nmeye \u00e7al\u0131\u015ft\u0131\u011f\u0131 g\u00f6r\u00fcnt\u00fc, tarihsel bir \u00e7eli\u015fki olarak haf\u0131zalara kaz\u0131nd\u0131. \u00c7\u00fcnk\u00fc siyaset yaln\u0131zca g\u00fc\u00e7 m\u00fccadelesi de\u011fildir, ayn\u0131 zamanda semboller d\u00fcnyas\u0131d\u0131r. D\u00fcn adaletin sesi olan bir fig\u00fcr\u00fcn bug\u00fcn otorite g\u00f6r\u00fcnt\u00fcs\u00fcyle yan yana an\u0131lmas\u0131, toplum vicdan\u0131nda derin bir k\u0131r\u0131lma yaratm\u0131\u015ft\u0131r.<\/p>\n\n\n\n<p>As\u0131l ac\u0131 olan ise \u015fudur: Bir lideri en sert bi\u00e7imde rakipleri de\u011fil, kendi se\u00e7meni terk eder. \u00c7\u00fcnk\u00fc se\u00e7men yaln\u0131zca oy vermez; umut verir, inan\u00e7 verir, y\u0131llar\u0131n\u0131 verir. E\u011fer o umut k\u0131r\u0131l\u0131rsa geriye b\u00fcy\u00fck bir hayal k\u0131r\u0131kl\u0131\u011f\u0131 kal\u0131r.<\/p>\n\n\n\n<p>Bug\u00fcn CHP taban\u0131nda hissedilen \u00f6fke tam da budur. \u0130nsanlar yaln\u0131zca siyasi bir yenilgiyi de\u011fil, duygusal bir kopu\u015fu ya\u015f\u0131yor. Bu y\u00fczden kullan\u0131lan dil sertle\u015fiyor, k\u0131rg\u0131nl\u0131k b\u00fcy\u00fcyor. \u00c7\u00fcnk\u00fc umut y\u0131k\u0131ld\u0131\u011f\u0131nda geriye k\u00fcller kal\u0131r.<\/p>\n\n\n\n<p>Fakat tarih bize bir \u015feyi defalarca g\u00f6stermi\u015ftir: Toplumlar bazen en b\u00fcy\u00fck yenilgilerden sonra yeniden aya\u011fa kalkar. Demokrasi yaln\u0131zca liderlerden ibaret de\u011fildir. Partiler ge\u00e7er, isimler de\u011fi\u015fir, d\u00f6nemler kapan\u0131r. Ama halk\u0131n iradesi, bir g\u00fcn mutlaka kendi yolunu yeniden bulur.<\/p>\n\n\n\n<p>Bug\u00fcn T\u00fcrkiye\u2019nin ihtiyac\u0131 olan \u015fey k\u00f6r sadakat de\u011fil, samimi \u00f6zele\u015ftiridir. Siyaseti yeniden ahlakla, hukukla ve vicdanla bulu\u015fturabilmektir. \u00c7\u00fcnk\u00fc demokrasi yaln\u0131zca sand\u0131k kurmak de\u011fildir, sand\u0131\u011f\u0131n ruhuna da sahip \u00e7\u0131kmakt\u0131r.<\/p>\n\n\n\n<p>Ve unutulmamal\u0131d\u0131r ki milyonlar\u0131n umudu kolay kurulmaz. Ama bir kez y\u0131k\u0131ld\u0131\u011f\u0131nda, ard\u0131nda \u00e7ok a\u011f\u0131r bir sessizlik b\u0131rak\u0131r.<\/p>\n\n\n\n<p>Belki bug\u00fcn b\u00fcy\u00fck bir k\u0131rg\u0131nl\u0131\u011f\u0131n i\u00e7indeyiz. Belki \u00f6fke h\u00e2kim. Ama k\u00fcller bazen yeniden do\u011fu\u015fun ba\u015flang\u0131c\u0131d\u0131r. T\u00fcrkiye\u2019de yaral\u0131 demokrasinin de, halk\u0131n vicdan\u0131n\u0131n da bir g\u00fcn yeniden aya\u011fa kalkmas\u0131 dile\u011fimle.<\/p>\n","protected":false},"excerpt":{"rendered":"<p>T\u00fcrkiye uzun zamand\u0131r yaln\u0131zca ekonomik krizlerle, adalet tart\u0131\u015fmalar\u0131yla ya da kutupla\u015fmayla m\u00fccadele etmiyor. Daha derin, daha a\u011f\u0131r bir sorunla kar\u015f\u0131 kar\u015f\u0131yay\u0131z: siyasetin me\u015fruiyet kriziyle. Bug\u00fcn ya\u015fananlar art\u0131k bir parti i\u00e7i \u00e7eki\u015fmenin s\u0131n\u0131rlar\u0131n\u0131 a\u015fm\u0131\u015ft\u0131r. Cumhuriyet Halk Partisi\u2019nde ya\u015fanan gerilim yaln\u0131zca bir koltuk kavgas\u0131 de\u011fil, T\u00fcrkiye\u2019de demokrasinin nas\u0131l alg\u0131land\u0131\u011f\u0131n\u0131, halk iradesinin ne kadar \u00f6nemsendi\u011fini ve siyasetin hangi [&hellip;]<\/p>\n","protected":false},"author":13998,"featured_media":160116,"comment_status":"open","ping_status":"open","sticky":false,"template":"","format":"standard","meta":{"_yoast_wpseo_focuskw":"Parti","_yoast_wpseo_title":"","_yoast_wpseo_metadesc":"T\u00fcrkiye ekonomik krizden, adalet tart\u0131\u015fmalar\u0131ndan ya da kutupla\u015fmadan daha a\u011f\u0131r bir sorunla kar\u015f\u0131 kar\u015f\u0131ya: siyasetin me\u015fruiyet kriziyle.","_bbp_topic_count":0,"_bbp_reply_count":0,"_bbp_total_topic_count":0,"_bbp_total_reply_count":0,"_bbp_voice_count":0,"_bbp_anonymous_reply_count":0,"_bbp_topic_count_hidden":0,"_bbp_reply_count_hidden":0,"_bbp_forum_subforum_count":0,"footnotes":"","_yoast_wpseo_focuskw_text_input":""},"categories":[8889],"tags":[],"yoast_head":"<!-- This site is optimized with the Yoast SEO plugin v23.0 - https:\/\/yoast.com\/wordpress\/plugins\/seo\/ -->\n<title>Kendi Parti Binas\u0131na Polis G\u00fcc\u00fcyle Girmeye \u00c7al\u0131\u015fan Adam - The Epoch Times TR<\/title>\n<meta name=\"description\" content=\"T\u00fcrkiye ekonomik krizden, adalet tart\u0131\u015fmalar\u0131ndan ya da kutupla\u015fmadan daha a\u011f\u0131r bir sorunla kar\u015f\u0131 kar\u015f\u0131ya: siyasetin me\u015fruiyet kriziyle.\" \/>\n<meta name=\"robots\" content=\"index, follow, max-snippet:-1, max-image-preview:large, max-video-preview:-1\" \/>\n<link rel=\"canonical\" href=\"https:\/\/epochtimestr.com\/index.php\/kendi-parti-binasina-polis-gucuyle-girmeye-calisan-adam\" \/>\n<meta property=\"og:locale\" content=\"tr_TR\" \/>\n<meta property=\"og:type\" content=\"article\" \/>\n<meta property=\"og:title\" content=\"Kendi Parti Binas\u0131na Polis G\u00fcc\u00fcyle Girmeye \u00c7al\u0131\u015fan Adam - The Epoch Times TR\" \/>\n<meta property=\"og:description\" content=\"T\u00fcrkiye ekonomik krizden, adalet tart\u0131\u015fmalar\u0131ndan ya da kutupla\u015fmadan daha a\u011f\u0131r bir sorunla kar\u015f\u0131 kar\u015f\u0131ya: siyasetin me\u015fruiyet kriziyle.\" \/>\n<meta property=\"og:url\" content=\"https:\/\/epochtimestr.com\/index.php\/kendi-parti-binasina-polis-gucuyle-girmeye-calisan-adam\" \/>\n<meta property=\"og:site_name\" content=\"The Epoch Times TR\" \/>\n<meta property=\"article:publisher\" content=\"https:\/\/www.facebook.com\/theepochtimestr\" \/>\n<meta property=\"article:published_time\" content=\"2026-05-26T08:57:00+00:00\" \/>\n<meta property=\"article:modified_time\" content=\"2026-05-26T08:57:03+00:00\" \/>\n<meta property=\"og:image\" content=\"https:\/\/epochtimestr.com\/wp-content\/uploads\/2011y\/SERIFE-ESER-SM.png\" \/>\n\t<meta property=\"og:image:width\" content=\"1200\" \/>\n\t<meta property=\"og:image:height\" content=\"630\" \/>\n\t<meta property=\"og:image:type\" content=\"image\/png\" \/>\n<meta name=\"author\" content=\"\u015eerife Eser\" \/>\n<meta name=\"twitter:card\" content=\"summary_large_image\" \/>\n<meta name=\"twitter:creator\" content=\"@TheEpochTimesTR\" \/>\n<meta name=\"twitter:site\" content=\"@TheEpochTimesTR\" \/>\n<meta name=\"twitter:label1\" content=\"Yazan:\" \/>\n\t<meta name=\"twitter:data1\" content=\"\u015eerife Eser\" \/>\n\t<meta name=\"twitter:label2\" content=\"Tahmini okuma s\u00fcresi\" \/>\n\t<meta name=\"twitter:data2\" content=\"3 dakika\" \/>\n<script type=\"application\/ld+json\" class=\"yoast-schema-graph\">{\"@context\":\"https:\/\/schema.org\",\"@graph\":[{\"@type\":\"Article\",\"@id\":\"https:\/\/epochtimestr.com\/index.php\/kendi-parti-binasina-polis-gucuyle-girmeye-calisan-adam#article\",\"isPartOf\":{\"@id\":\"https:\/\/epochtimestr.com\/index.php\/kendi-parti-binasina-polis-gucuyle-girmeye-calisan-adam\"},\"author\":{\"name\":\"\u015eerife Eser\",\"@id\":\"https:\/\/epochtimestr.com\/#\/schema\/person\/82b65a1390e2b0717a679b57ed38d466\"},\"headline\":\"Kendi Parti Binas\u0131na Polis G\u00fcc\u00fcyle Girmeye \u00c7al\u0131\u015fan Adam\",\"datePublished\":\"2026-05-26T08:57:00+00:00\",\"dateModified\":\"2026-05-26T08:57:03+00:00\",\"mainEntityOfPage\":{\"@id\":\"https:\/\/epochtimestr.com\/index.php\/kendi-parti-binasina-polis-gucuyle-girmeye-calisan-adam\"},\"wordCount\":684,\"commentCount\":1,\"publisher\":{\"@id\":\"https:\/\/epochtimestr.com\/#organization\"},\"image\":{\"@id\":\"https:\/\/epochtimestr.com\/index.php\/kendi-parti-binasina-polis-gucuyle-girmeye-calisan-adam#primaryimage\"},\"thumbnailUrl\":\"https:\/\/epochtimestr.com\/wp-content\/uploads\/2011y\/Serife-Eser-Profil-1.png\",\"articleSection\":[\"K\u00f6\u015fe Yaz\u0131lar\u0131 \u015eerife Eser\"],\"inLanguage\":\"tr\",\"potentialAction\":[{\"@type\":\"CommentAction\",\"name\":\"Comment\",\"target\":[\"https:\/\/epochtimestr.com\/index.php\/kendi-parti-binasina-polis-gucuyle-girmeye-calisan-adam#respond\"]}]},{\"@type\":\"WebPage\",\"@id\":\"https:\/\/epochtimestr.com\/index.php\/kendi-parti-binasina-polis-gucuyle-girmeye-calisan-adam\",\"url\":\"https:\/\/epochtimestr.com\/index.php\/kendi-parti-binasina-polis-gucuyle-girmeye-calisan-adam\",\"name\":\"Kendi Parti Binas\u0131na Polis G\u00fcc\u00fcyle Girmeye \u00c7al\u0131\u015fan Adam - The Epoch Times TR\",\"isPartOf\":{\"@id\":\"https:\/\/epochtimestr.com\/#website\"},\"primaryImageOfPage\":{\"@id\":\"https:\/\/epochtimestr.com\/index.php\/kendi-parti-binasina-polis-gucuyle-girmeye-calisan-adam#primaryimage\"},\"image\":{\"@id\":\"https:\/\/epochtimestr.com\/index.php\/kendi-parti-binasina-polis-gucuyle-girmeye-calisan-adam#primaryimage\"},\"thumbnailUrl\":\"https:\/\/epochtimestr.com\/wp-content\/uploads\/2011y\/Serife-Eser-Profil-1.png\",\"datePublished\":\"2026-05-26T08:57:00+00:00\",\"dateModified\":\"2026-05-26T08:57:03+00:00\",\"description\":\"T\u00fcrkiye ekonomik krizden, adalet tart\u0131\u015fmalar\u0131ndan ya da kutupla\u015fmadan daha a\u011f\u0131r bir sorunla kar\u015f\u0131 kar\u015f\u0131ya: siyasetin me\u015fruiyet kriziyle.\",\"inLanguage\":\"tr\",\"potentialAction\":[{\"@type\":\"ReadAction\",\"target\":[\"https:\/\/epochtimestr.com\/index.php\/kendi-parti-binasina-polis-gucuyle-girmeye-calisan-adam\"]}]},{\"@type\":\"ImageObject\",\"inLanguage\":\"tr\",\"@id\":\"https:\/\/epochtimestr.com\/index.php\/kendi-parti-binasina-polis-gucuyle-girmeye-calisan-adam#primaryimage\",\"url\":\"https:\/\/epochtimestr.com\/wp-content\/uploads\/2011y\/Serife-Eser-Profil-1.png\",\"contentUrl\":\"https:\/\/epochtimestr.com\/wp-content\/uploads\/2011y\/Serife-Eser-Profil-1.png\",\"width\":600,\"height\":600},{\"@type\":\"WebSite\",\"@id\":\"https:\/\/epochtimestr.com\/#website\",\"url\":\"https:\/\/epochtimestr.com\/\",\"name\":\"The Epoch Times TR\",\"description\":\"De\u011fi\u015fen D\u00fcnyam\u0131za Taze Bir Bak\u0131\u015f\",\"publisher\":{\"@id\":\"https:\/\/epochtimestr.com\/#organization\"},\"potentialAction\":[{\"@type\":\"SearchAction\",\"target\":{\"@type\":\"EntryPoint\",\"urlTemplate\":\"https:\/\/epochtimestr.com\/?s={search_term_string}\"},\"query-input\":\"required name=search_term_string\"}],\"inLanguage\":\"tr\"},{\"@type\":\"Organization\",\"@id\":\"https:\/\/epochtimestr.com\/#organization\",\"name\":\"The EpochTimes T\u00fcrkiye\",\"url\":\"https:\/\/epochtimestr.com\/\",\"logo\":{\"@type\":\"ImageObject\",\"inLanguage\":\"tr\",\"@id\":\"https:\/\/epochtimestr.com\/#\/schema\/logo\/image\/\",\"url\":\"https:\/\/epochtimestr.com\/wp-content\/uploads\/2011y\/ET-Logo-YG.jpg\",\"contentUrl\":\"https:\/\/epochtimestr.com\/wp-content\/uploads\/2011y\/ET-Logo-YG.jpg\",\"width\":346,\"height\":29,\"caption\":\"The EpochTimes T\u00fcrkiye\"},\"image\":{\"@id\":\"https:\/\/epochtimestr.com\/#\/schema\/logo\/image\/\"},\"sameAs\":[\"https:\/\/www.facebook.com\/theepochtimestr\",\"https:\/\/x.com\/TheEpochTimesTR\",\"https:\/\/www.instagram.com\/epochtimestr\"]},{\"@type\":\"Person\",\"@id\":\"https:\/\/epochtimestr.com\/#\/schema\/person\/82b65a1390e2b0717a679b57ed38d466\",\"name\":\"\u015eerife Eser\",\"image\":{\"@type\":\"ImageObject\",\"inLanguage\":\"tr\",\"@id\":\"https:\/\/epochtimestr.com\/#\/schema\/person\/image\/\",\"url\":\"https:\/\/secure.gravatar.com\/avatar\/240b2d469e089f3ae0f677fcc7925228?s=96&d=mm&r=g\",\"contentUrl\":\"https:\/\/secure.gravatar.com\/avatar\/240b2d469e089f3ae0f677fcc7925228?s=96&d=mm&r=g\",\"caption\":\"\u015eerife Eser\"},\"url\":\"https:\/\/epochtimestr.com\/index.php\/author\/serife\"}]}<\/script>\n<!-- \/ Yoast SEO plugin. -->","yoast_head_json":{"title":"Kendi Parti Binas\u0131na Polis G\u00fcc\u00fcyle Girmeye \u00c7al\u0131\u015fan Adam - The Epoch Times TR","description":"T\u00fcrkiye ekonomik krizden, adalet tart\u0131\u015fmalar\u0131ndan ya da kutupla\u015fmadan daha a\u011f\u0131r bir sorunla kar\u015f\u0131 kar\u015f\u0131ya: siyasetin me\u015fruiyet kriziyle.","robots":{"index":"index","follow":"follow","max-snippet":"max-snippet:-1","max-image-preview":"max-image-preview:large","max-video-preview":"max-video-preview:-1"},"canonical":"https:\/\/epochtimestr.com\/index.php\/kendi-parti-binasina-polis-gucuyle-girmeye-calisan-adam","og_locale":"tr_TR","og_type":"article","og_title":"Kendi Parti Binas\u0131na Polis G\u00fcc\u00fcyle Girmeye \u00c7al\u0131\u015fan Adam - The Epoch Times TR","og_description":"T\u00fcrkiye ekonomik krizden, adalet tart\u0131\u015fmalar\u0131ndan ya da kutupla\u015fmadan daha a\u011f\u0131r bir sorunla kar\u015f\u0131 kar\u015f\u0131ya: siyasetin me\u015fruiyet kriziyle.","og_url":"https:\/\/epochtimestr.com\/index.php\/kendi-parti-binasina-polis-gucuyle-girmeye-calisan-adam","og_site_name":"The Epoch Times TR","article_publisher":"https:\/\/www.facebook.com\/theepochtimestr","article_published_time":"2026-05-26T08:57:00+00:00","article_modified_time":"2026-05-26T08:57:03+00:00","og_image":[{"width":1200,"height":630,"url":"https:\/\/epochtimestr.com\/wp-content\/uploads\/2011y\/SERIFE-ESER-SM.png","type":"image\/png"}],"author":"\u015eerife Eser","twitter_card":"summary_large_image","twitter_creator":"@TheEpochTimesTR","twitter_site":"@TheEpochTimesTR","twitter_misc":{"Yazan:":"\u015eerife Eser","Tahmini okuma s\u00fcresi":"3 dakika"},"schema":{"@context":"https:\/\/schema.org","@graph":[{"@type":"Article","@id":"https:\/\/epochtimestr.com\/index.php\/kendi-parti-binasina-polis-gucuyle-girmeye-calisan-adam#article","isPartOf":{"@id":"https:\/\/epochtimestr.com\/index.php\/kendi-parti-binasina-polis-gucuyle-girmeye-calisan-adam"},"author":{"name":"\u015eerife Eser","@id":"https:\/\/epochtimestr.com\/#\/schema\/person\/82b65a1390e2b0717a679b57ed38d466"},"headline":"Kendi Parti Binas\u0131na Polis G\u00fcc\u00fcyle Girmeye \u00c7al\u0131\u015fan Adam","datePublished":"2026-05-26T08:57:00+00:00","dateModified":"2026-05-26T08:57:03+00:00","mainEntityOfPage":{"@id":"https:\/\/epochtimestr.com\/index.php\/kendi-parti-binasina-polis-gucuyle-girmeye-calisan-adam"},"wordCount":684,"commentCount":1,"publisher":{"@id":"https:\/\/epochtimestr.com\/#organization"},"image":{"@id":"https:\/\/epochtimestr.com\/index.php\/kendi-parti-binasina-polis-gucuyle-girmeye-calisan-adam#primaryimage"},"thumbnailUrl":"https:\/\/epochtimestr.com\/wp-content\/uploads\/2011y\/Serife-Eser-Profil-1.png","articleSection":["K\u00f6\u015fe Yaz\u0131lar\u0131 \u015eerife Eser"],"inLanguage":"tr","potentialAction":[{"@type":"CommentAction","name":"Comment","target":["https:\/\/epochtimestr.com\/index.php\/kendi-parti-binasina-polis-gucuyle-girmeye-calisan-adam#respond"]}]},{"@type":"WebPage","@id":"https:\/\/epochtimestr.com\/index.php\/kendi-parti-binasina-polis-gucuyle-girmeye-calisan-adam","url":"https:\/\/epochtimestr.com\/index.php\/kendi-parti-binasina-polis-gucuyle-girmeye-calisan-adam","name":"Kendi Parti Binas\u0131na Polis G\u00fcc\u00fcyle Girmeye \u00c7al\u0131\u015fan Adam - The Epoch Times TR","isPartOf":{"@id":"https:\/\/epochtimestr.com\/#website"},"primaryImageOfPage":{"@id":"https:\/\/epochtimestr.com\/index.php\/kendi-parti-binasina-polis-gucuyle-girmeye-calisan-adam#primaryimage"},"image":{"@id":"https:\/\/epochtimestr.com\/index.php\/kendi-parti-binasina-polis-gucuyle-girmeye-calisan-adam#primaryimage"},"thumbnailUrl":"https:\/\/epochtimestr.com\/wp-content\/uploads\/2011y\/Serife-Eser-Profil-1.png","datePublished":"2026-05-26T08:57:00+00:00","dateModified":"2026-05-26T08:57:03+00:00","description":"T\u00fcrkiye ekonomik krizden, adalet tart\u0131\u015fmalar\u0131ndan ya da kutupla\u015fmadan daha a\u011f\u0131r bir sorunla kar\u015f\u0131 kar\u015f\u0131ya: siyasetin me\u015fruiyet kriziyle.","inLanguage":"tr","potentialAction":[{"@type":"ReadAction","target":["https:\/\/epochtimestr.com\/index.php\/kendi-parti-binasina-polis-gucuyle-girmeye-calisan-adam"]}]},{"@type":"ImageObject","inLanguage":"tr","@id":"https:\/\/epochtimestr.com\/index.php\/kendi-parti-binasina-polis-gucuyle-girmeye-calisan-adam#primaryimage","url":"https:\/\/epochtimestr.com\/wp-content\/uploads\/2011y\/Serife-Eser-Profil-1.png","contentUrl":"https:\/\/epochtimestr.com\/wp-content\/uploads\/2011y\/Serife-Eser-Profil-1.png","width":600,"height":600},{"@type":"WebSite","@id":"https:\/\/epochtimestr.com\/#website","url":"https:\/\/epochtimestr.com\/","name":"The Epoch Times TR","description":"De\u011fi\u015fen D\u00fcnyam\u0131za Taze Bir Bak\u0131\u015f","publisher":{"@id":"https:\/\/epochtimestr.com\/#organization"},"potentialAction":[{"@type":"SearchAction","target":{"@type":"EntryPoint","urlTemplate":"https:\/\/epochtimestr.com\/?s={search_term_string}"},"query-input":"required name=search_term_string"}],"inLanguage":"tr"},{"@type":"Organization","@id":"https:\/\/epochtimestr.com\/#organization","name":"The EpochTimes T\u00fcrkiye","url":"https:\/\/epochtimestr.com\/","logo":{"@type":"ImageObject","inLanguage":"tr","@id":"https:\/\/epochtimestr.com\/#\/schema\/logo\/image\/","url":"https:\/\/epochtimestr.com\/wp-content\/uploads\/2011y\/ET-Logo-YG.jpg","contentUrl":"https:\/\/epochtimestr.com\/wp-content\/uploads\/2011y\/ET-Logo-YG.jpg","width":346,"height":29,"caption":"The EpochTimes T\u00fcrkiye"},"image":{"@id":"https:\/\/epochtimestr.com\/#\/schema\/logo\/image\/"},"sameAs":["https:\/\/www.facebook.com\/theepochtimestr","https:\/\/x.com\/TheEpochTimesTR","https:\/\/www.instagram.com\/epochtimestr"]},{"@type":"Person","@id":"https:\/\/epochtimestr.com\/#\/schema\/person\/82b65a1390e2b0717a679b57ed38d466","name":"\u015eerife Eser","image":{"@type":"ImageObject","inLanguage":"tr","@id":"https:\/\/epochtimestr.com\/#\/schema\/person\/image\/","url":"https:\/\/secure.gravatar.com\/avatar\/240b2d469e089f3ae0f677fcc7925228?s=96&d=mm&r=g","contentUrl":"https:\/\/secure.gravatar.com\/avatar\/240b2d469e089f3ae0f677fcc7925228?s=96&d=mm&r=g","caption":"\u015eerife Eser"},"url":"https:\/\/epochtimestr.com\/index.php\/author\/serife"}]}},"_links":{"self":[{"href":"https:\/\/epochtimestr.com\/index.php\/wp-json\/wp\/v2\/posts\/167530"}],"collection":[{"href":"https:\/\/epochtimestr.com\/index.php\/wp-json\/wp\/v2\/posts"}],"about":[{"href":"https:\/\/epochtimestr.com\/index.php\/wp-json\/wp\/v2\/types\/post"}],"author":[{"embeddable":true,"href":"https:\/\/epochtimestr.com\/index.php\/wp-json\/wp\/v2\/users\/13998"}],"replies":[{"embeddable":true,"href":"https:\/\/epochtimestr.com\/index.php\/wp-json\/wp\/v2\/comments?post=167530"}],"version-history":[{"count":1,"href":"https:\/\/epochtimestr.com\/index.php\/wp-json\/wp\/v2\/posts\/167530\/revisions"}],"predecessor-version":[{"id":167532,"href":"https:\/\/epochtimestr.com\/index.php\/wp-json\/wp\/v2\/posts\/167530\/revisions\/167532"}],"wp:featuredmedia":[{"embeddable":true,"href":"https:\/\/epochtimestr.com\/index.php\/wp-json\/wp\/v2\/media\/160116"}],"wp:attachment":[{"href":"https:\/\/epochtimestr.com\/index.php\/wp-json\/wp\/v2\/media?parent=167530"}],"wp:term":[{"taxonomy":"category","embeddable":true,"href":"https:\/\/epochtimestr.com\/index.php\/wp-json\/wp\/v2\/categories?post=167530"},{"taxonomy":"post_tag","embeddable":true,"href":"https:\/\/epochtimestr.com\/index.php\/wp-json\/wp\/v2\/tags?post=167530"}],"curies":[{"name":"wp","href":"https:\/\/api.w.org\/{rel}","templated":true}]}}