{"id":167541,"date":"2026-05-27T07:00:00","date_gmt":"2026-05-27T04:00:00","guid":{"rendered":"https:\/\/epochtimestr.com\/?p=167541"},"modified":"2026-05-26T15:02:53","modified_gmt":"2026-05-26T12:02:53","slug":"vatanin-sessiz-kahramanlari","status":"publish","type":"post","link":"https:\/\/epochtimestr.com\/index.php\/vatanin-sessiz-kahramanlari","title":{"rendered":"Vatan\u0131n Sessiz Kahramanlar\u0131"},"content":{"rendered":"\n<p>Bir milletin bekas\u0131, yaln\u0131zca s\u0131n\u0131rlar\u0131n\u0131 koruyan askerlerin de\u011fil sokaklar\u0131nda huzuru tesis eden polislerin, yang\u0131nlara ko\u015fan itfaiyecilerin, gece g\u00fcnd\u00fcz n\u00f6bet tutan g\u00fcvenlik g\u00fc\u00e7lerinin omuzlar\u0131nda y\u00fckselir. Onlar, \u00e7o\u011fu zaman alk\u0131\u015fs\u0131z, \u00e7o\u011fu zaman g\u00f6r\u00fcnmez; ama her daim milletin kalbinde ya\u015fayan sessiz kahramanlard\u0131r.<\/p>\n\n\n\n<p>Bug\u00fcn bir kez daha hat\u0131rlatmak gerekir: Vatan sevgisi, yaln\u0131zca b\u00fcy\u00fck nutuklarda de\u011fil, k\u00fc\u00e7\u00fck fedak\u00e2rl\u0131klarda da kendini g\u00f6sterir. Bir polis memurunun bayram sabah\u0131 ailesinden ayr\u0131 n\u00f6bet tutmas\u0131nda, bir sa\u011fl\u0131k \u00e7al\u0131\u015fan\u0131n\u0131n gece yar\u0131s\u0131 hastas\u0131na ko\u015fmas\u0131nda, bir \u00f6\u011fretmenin \u00f6\u011frencisine \u0131\u015f\u0131k olmas\u0131nda\u2026 \u0130\u015fte bu k\u00fc\u00e7\u00fck fedak\u00e2rl\u0131klar, b\u00fcy\u00fck bir milletin harc\u0131n\u0131 yo\u011furur.<\/p>\n\n\n\n<p>Mersin\u2019in sokaklar\u0131nda dola\u015f\u0131rken, her k\u00f6\u015fe ba\u015f\u0131nda g\u00f6rev yapan bir polis memurunun g\u00f6zlerindeki kararl\u0131l\u0131\u011f\u0131 g\u00f6rmek m\u00fcmk\u00fcnd\u00fcr. O kararl\u0131l\u0131k, yaln\u0131zca kanunlar\u0131n g\u00fcc\u00fc de\u011fil ayn\u0131 zamanda vatan sevgisinin, halk\u0131na duydu\u011fu sorumlulu\u011fun tezah\u00fcr\u00fcd\u00fcr. Bizler, \u00e7o\u011fu zaman bu fedak\u00e2rl\u0131klar\u0131 g\u00f6rmezden geliriz. Oysa millet olman\u0131n en \u00f6nemli \u015fart\u0131, kahramanlar\u0131n\u0131 unutmamak, onlar\u0131n yan\u0131nda dimdik durmakt\u0131r.<\/p>\n\n\n\n<p>Bug\u00fcn kalemimden d\u00f6k\u00fclen bu sat\u0131rlar, bir te\u015fekk\u00fcr\u00fcn ifadesidir. Te\u015fekk\u00fcr, yaln\u0131zca bir nezaket s\u00f6z\u00fc de\u011fil ayn\u0131 zamanda bir borcun \u00f6denmesidir. \u00c7\u00fcnk\u00fc vatan i\u00e7in can verenler, vatan i\u00e7in ter d\u00f6kenler, vatan i\u00e7in uykusuz kalanlar, bizim borcumuzun en b\u00fcy\u00fck alacakl\u0131lar\u0131d\u0131r.<\/p>\n\n\n\n<p>Unutmayal\u0131m: Tarih, yaln\u0131zca b\u00fcy\u00fck sava\u015flar\u0131 de\u011fil, k\u00fc\u00e7\u00fck fedak\u00e2rl\u0131klar\u0131 da yazar. Ve bir g\u00fcn geldi\u011finde, bu fedak\u00e2rl\u0131klar\u0131n toplam\u0131, milletin kaderini belirler.<\/p>\n","protected":false},"excerpt":{"rendered":"<p>Bir milletin bekas\u0131, yaln\u0131zca s\u0131n\u0131rlar\u0131n\u0131 koruyan askerlerin de\u011fil sokaklar\u0131nda huzuru tesis eden polislerin, yang\u0131nlara ko\u015fan itfaiyecilerin, gece g\u00fcnd\u00fcz n\u00f6bet tutan g\u00fcvenlik g\u00fc\u00e7lerinin omuzlar\u0131nda y\u00fckselir. Onlar, \u00e7o\u011fu zaman alk\u0131\u015fs\u0131z, \u00e7o\u011fu zaman g\u00f6r\u00fcnmez; ama her daim milletin kalbinde ya\u015fayan sessiz kahramanlard\u0131r. Bug\u00fcn bir kez daha hat\u0131rlatmak gerekir: Vatan sevgisi, yaln\u0131zca b\u00fcy\u00fck nutuklarda de\u011fil, k\u00fc\u00e7\u00fck fedak\u00e2rl\u0131klarda da kendini [&hellip;]<\/p>\n","protected":false},"author":14013,"featured_media":167144,"comment_status":"open","ping_status":"open","sticky":false,"template":"","format":"standard","meta":{"_yoast_wpseo_focuskw":"vatan","_yoast_wpseo_title":"","_yoast_wpseo_metadesc":"Bug\u00fcn bir kez daha hat\u0131rlatmak gerekir: Vatan sevgisi, yaln\u0131zca b\u00fcy\u00fck nutuklarda de\u011fil, k\u00fc\u00e7\u00fck fedak\u00e2rl\u0131klarda da kendini g\u00f6sterir.","_bbp_topic_count":0,"_bbp_reply_count":0,"_bbp_total_topic_count":0,"_bbp_total_reply_count":0,"_bbp_voice_count":0,"_bbp_anonymous_reply_count":0,"_bbp_topic_count_hidden":0,"_bbp_reply_count_hidden":0,"_bbp_forum_subforum_count":0,"footnotes":"","_yoast_wpseo_focuskw_text_input":""},"categories":[11361],"tags":[],"yoast_head":"<!-- This site is optimized with the Yoast SEO plugin v23.0 - https:\/\/yoast.com\/wordpress\/plugins\/seo\/ -->\n<title>Vatan\u0131n Sessiz Kahramanlar\u0131 - The Epoch Times TR<\/title>\n<meta name=\"description\" content=\"Bug\u00fcn bir kez daha hat\u0131rlatmak gerekir: Vatan sevgisi, yaln\u0131zca b\u00fcy\u00fck nutuklarda de\u011fil, k\u00fc\u00e7\u00fck fedak\u00e2rl\u0131klarda da kendini g\u00f6sterir.\" \/>\n<meta name=\"robots\" content=\"index, follow, max-snippet:-1, max-image-preview:large, max-video-preview:-1\" \/>\n<link rel=\"canonical\" href=\"https:\/\/epochtimestr.com\/index.php\/vatanin-sessiz-kahramanlari\" \/>\n<meta property=\"og:locale\" content=\"tr_TR\" \/>\n<meta property=\"og:type\" content=\"article\" \/>\n<meta property=\"og:title\" content=\"Vatan\u0131n Sessiz Kahramanlar\u0131 - The Epoch Times TR\" \/>\n<meta property=\"og:description\" content=\"Bug\u00fcn bir kez daha hat\u0131rlatmak gerekir: Vatan sevgisi, yaln\u0131zca b\u00fcy\u00fck nutuklarda de\u011fil, k\u00fc\u00e7\u00fck fedak\u00e2rl\u0131klarda da kendini g\u00f6sterir.\" \/>\n<meta property=\"og:url\" content=\"https:\/\/epochtimestr.com\/index.php\/vatanin-sessiz-kahramanlari\" \/>\n<meta property=\"og:site_name\" content=\"The Epoch Times TR\" \/>\n<meta property=\"article:publisher\" content=\"https:\/\/www.facebook.com\/theepochtimestr\" \/>\n<meta property=\"article:published_time\" content=\"2026-05-27T04:00:00+00:00\" \/>\n<meta property=\"article:modified_time\" content=\"2026-05-26T12:02:53+00:00\" \/>\n<meta property=\"og:image\" content=\"https:\/\/epochtimestr.com\/wp-content\/uploads\/2011y\/ali-kekliktepe-SM.jpeg\" \/>\n\t<meta property=\"og:image:width\" content=\"1200\" \/>\n\t<meta property=\"og:image:height\" content=\"630\" \/>\n\t<meta property=\"og:image:type\" content=\"image\/jpeg\" \/>\n<meta name=\"author\" content=\"Ali Kekliktepe\" \/>\n<meta name=\"twitter:card\" content=\"summary_large_image\" \/>\n<meta name=\"twitter:creator\" content=\"@TheEpochTimesTR\" \/>\n<meta name=\"twitter:site\" content=\"@TheEpochTimesTR\" \/>\n<meta name=\"twitter:label1\" content=\"Yazan:\" \/>\n\t<meta name=\"twitter:data1\" content=\"Ali Kekliktepe\" \/>\n\t<meta name=\"twitter:label2\" content=\"Tahmini okuma s\u00fcresi\" \/>\n\t<meta name=\"twitter:data2\" content=\"2 dakika\" \/>\n<script type=\"application\/ld+json\" class=\"yoast-schema-graph\">{\"@context\":\"https:\/\/schema.org\",\"@graph\":[{\"@type\":\"Article\",\"@id\":\"https:\/\/epochtimestr.com\/index.php\/vatanin-sessiz-kahramanlari#article\",\"isPartOf\":{\"@id\":\"https:\/\/epochtimestr.com\/index.php\/vatanin-sessiz-kahramanlari\"},\"author\":{\"name\":\"Ali Kekliktepe\",\"@id\":\"https:\/\/epochtimestr.com\/#\/schema\/person\/da94a416fed1aed029d0a47e85673b95\"},\"headline\":\"Vatan\u0131n Sessiz Kahramanlar\u0131\",\"datePublished\":\"2026-05-27T04:00:00+00:00\",\"dateModified\":\"2026-05-26T12:02:53+00:00\",\"mainEntityOfPage\":{\"@id\":\"https:\/\/epochtimestr.com\/index.php\/vatanin-sessiz-kahramanlari\"},\"wordCount\":315,\"commentCount\":2,\"publisher\":{\"@id\":\"https:\/\/epochtimestr.com\/#organization\"},\"image\":{\"@id\":\"https:\/\/epochtimestr.com\/index.php\/vatanin-sessiz-kahramanlari#primaryimage\"},\"thumbnailUrl\":\"https:\/\/epochtimestr.com\/wp-content\/uploads\/2011y\/Ali-Kekliktepe.jpg\",\"articleSection\":[\"K\u00f6\u015fe Yaz\u0131lar\u0131 Ali Kekliktepe\"],\"inLanguage\":\"tr\",\"potentialAction\":[{\"@type\":\"CommentAction\",\"name\":\"Comment\",\"target\":[\"https:\/\/epochtimestr.com\/index.php\/vatanin-sessiz-kahramanlari#respond\"]}]},{\"@type\":\"WebPage\",\"@id\":\"https:\/\/epochtimestr.com\/index.php\/vatanin-sessiz-kahramanlari\",\"url\":\"https:\/\/epochtimestr.com\/index.php\/vatanin-sessiz-kahramanlari\",\"name\":\"Vatan\u0131n Sessiz Kahramanlar\u0131 - The Epoch Times TR\",\"isPartOf\":{\"@id\":\"https:\/\/epochtimestr.com\/#website\"},\"primaryImageOfPage\":{\"@id\":\"https:\/\/epochtimestr.com\/index.php\/vatanin-sessiz-kahramanlari#primaryimage\"},\"image\":{\"@id\":\"https:\/\/epochtimestr.com\/index.php\/vatanin-sessiz-kahramanlari#primaryimage\"},\"thumbnailUrl\":\"https:\/\/epochtimestr.com\/wp-content\/uploads\/2011y\/Ali-Kekliktepe.jpg\",\"datePublished\":\"2026-05-27T04:00:00+00:00\",\"dateModified\":\"2026-05-26T12:02:53+00:00\",\"description\":\"Bug\u00fcn bir kez daha hat\u0131rlatmak gerekir: Vatan sevgisi, yaln\u0131zca b\u00fcy\u00fck nutuklarda de\u011fil, k\u00fc\u00e7\u00fck fedak\u00e2rl\u0131klarda da kendini g\u00f6sterir.\",\"inLanguage\":\"tr\",\"potentialAction\":[{\"@type\":\"ReadAction\",\"target\":[\"https:\/\/epochtimestr.com\/index.php\/vatanin-sessiz-kahramanlari\"]}]},{\"@type\":\"ImageObject\",\"inLanguage\":\"tr\",\"@id\":\"https:\/\/epochtimestr.com\/index.php\/vatanin-sessiz-kahramanlari#primaryimage\",\"url\":\"https:\/\/epochtimestr.com\/wp-content\/uploads\/2011y\/Ali-Kekliktepe.jpg\",\"contentUrl\":\"https:\/\/epochtimestr.com\/wp-content\/uploads\/2011y\/Ali-Kekliktepe.jpg\",\"width\":600,\"height\":600},{\"@type\":\"WebSite\",\"@id\":\"https:\/\/epochtimestr.com\/#website\",\"url\":\"https:\/\/epochtimestr.com\/\",\"name\":\"The Epoch Times TR\",\"description\":\"De\u011fi\u015fen D\u00fcnyam\u0131za Taze Bir Bak\u0131\u015f\",\"publisher\":{\"@id\":\"https:\/\/epochtimestr.com\/#organization\"},\"potentialAction\":[{\"@type\":\"SearchAction\",\"target\":{\"@type\":\"EntryPoint\",\"urlTemplate\":\"https:\/\/epochtimestr.com\/?s={search_term_string}\"},\"query-input\":\"required name=search_term_string\"}],\"inLanguage\":\"tr\"},{\"@type\":\"Organization\",\"@id\":\"https:\/\/epochtimestr.com\/#organization\",\"name\":\"The EpochTimes T\u00fcrkiye\",\"url\":\"https:\/\/epochtimestr.com\/\",\"logo\":{\"@type\":\"ImageObject\",\"inLanguage\":\"tr\",\"@id\":\"https:\/\/epochtimestr.com\/#\/schema\/logo\/image\/\",\"url\":\"https:\/\/epochtimestr.com\/wp-content\/uploads\/2011y\/ET-Logo-YG.jpg\",\"contentUrl\":\"https:\/\/epochtimestr.com\/wp-content\/uploads\/2011y\/ET-Logo-YG.jpg\",\"width\":346,\"height\":29,\"caption\":\"The EpochTimes T\u00fcrkiye\"},\"image\":{\"@id\":\"https:\/\/epochtimestr.com\/#\/schema\/logo\/image\/\"},\"sameAs\":[\"https:\/\/www.facebook.com\/theepochtimestr\",\"https:\/\/x.com\/TheEpochTimesTR\",\"https:\/\/www.instagram.com\/epochtimestr\"]},{\"@type\":\"Person\",\"@id\":\"https:\/\/epochtimestr.com\/#\/schema\/person\/da94a416fed1aed029d0a47e85673b95\",\"name\":\"Ali Kekliktepe\",\"image\":{\"@type\":\"ImageObject\",\"inLanguage\":\"tr\",\"@id\":\"https:\/\/epochtimestr.com\/#\/schema\/person\/image\/\",\"url\":\"https:\/\/secure.gravatar.com\/avatar\/6c965c3fc374c8f4af759baef4f38bcd?s=96&d=mm&r=g\",\"contentUrl\":\"https:\/\/secure.gravatar.com\/avatar\/6c965c3fc374c8f4af759baef4f38bcd?s=96&d=mm&r=g\",\"caption\":\"Ali Kekliktepe\"},\"description\":\"Ben Ali Kekliktepe; hayat\u0131n\u0131 \u00f6\u011frenmeye, \u00f6\u011fretmeye ve toplumsal fayda yaratmaya adam\u0131\u015f bir yazar ve profesyonelim. Kalemi sadece ka\u011f\u0131da dokunan bir ara\u00e7 de\u011fil, toplumun aksayan y\u00f6nlerine \u015fifa olan bir enstr\u00fcman olarak g\u00f6r\u00fcyorum.\",\"sameAs\":[\"https:\/\/alikekliktepemersin33.blogspot.com\/\"],\"url\":\"https:\/\/epochtimestr.com\/index.php\/author\/ali\"}]}<\/script>\n<!-- \/ Yoast SEO plugin. -->","yoast_head_json":{"title":"Vatan\u0131n Sessiz Kahramanlar\u0131 - The Epoch Times TR","description":"Bug\u00fcn bir kez daha hat\u0131rlatmak gerekir: Vatan sevgisi, yaln\u0131zca b\u00fcy\u00fck nutuklarda de\u011fil, k\u00fc\u00e7\u00fck fedak\u00e2rl\u0131klarda da kendini g\u00f6sterir.","robots":{"index":"index","follow":"follow","max-snippet":"max-snippet:-1","max-image-preview":"max-image-preview:large","max-video-preview":"max-video-preview:-1"},"canonical":"https:\/\/epochtimestr.com\/index.php\/vatanin-sessiz-kahramanlari","og_locale":"tr_TR","og_type":"article","og_title":"Vatan\u0131n Sessiz Kahramanlar\u0131 - The Epoch Times TR","og_description":"Bug\u00fcn bir kez daha hat\u0131rlatmak gerekir: Vatan sevgisi, yaln\u0131zca b\u00fcy\u00fck nutuklarda de\u011fil, k\u00fc\u00e7\u00fck fedak\u00e2rl\u0131klarda da kendini g\u00f6sterir.","og_url":"https:\/\/epochtimestr.com\/index.php\/vatanin-sessiz-kahramanlari","og_site_name":"The Epoch Times TR","article_publisher":"https:\/\/www.facebook.com\/theepochtimestr","article_published_time":"2026-05-27T04:00:00+00:00","article_modified_time":"2026-05-26T12:02:53+00:00","og_image":[{"width":1200,"height":630,"url":"https:\/\/epochtimestr.com\/wp-content\/uploads\/2011y\/ali-kekliktepe-SM.jpeg","type":"image\/jpeg"}],"author":"Ali Kekliktepe","twitter_card":"summary_large_image","twitter_creator":"@TheEpochTimesTR","twitter_site":"@TheEpochTimesTR","twitter_misc":{"Yazan:":"Ali Kekliktepe","Tahmini okuma s\u00fcresi":"2 dakika"},"schema":{"@context":"https:\/\/schema.org","@graph":[{"@type":"Article","@id":"https:\/\/epochtimestr.com\/index.php\/vatanin-sessiz-kahramanlari#article","isPartOf":{"@id":"https:\/\/epochtimestr.com\/index.php\/vatanin-sessiz-kahramanlari"},"author":{"name":"Ali Kekliktepe","@id":"https:\/\/epochtimestr.com\/#\/schema\/person\/da94a416fed1aed029d0a47e85673b95"},"headline":"Vatan\u0131n Sessiz Kahramanlar\u0131","datePublished":"2026-05-27T04:00:00+00:00","dateModified":"2026-05-26T12:02:53+00:00","mainEntityOfPage":{"@id":"https:\/\/epochtimestr.com\/index.php\/vatanin-sessiz-kahramanlari"},"wordCount":315,"commentCount":2,"publisher":{"@id":"https:\/\/epochtimestr.com\/#organization"},"image":{"@id":"https:\/\/epochtimestr.com\/index.php\/vatanin-sessiz-kahramanlari#primaryimage"},"thumbnailUrl":"https:\/\/epochtimestr.com\/wp-content\/uploads\/2011y\/Ali-Kekliktepe.jpg","articleSection":["K\u00f6\u015fe Yaz\u0131lar\u0131 Ali Kekliktepe"],"inLanguage":"tr","potentialAction":[{"@type":"CommentAction","name":"Comment","target":["https:\/\/epochtimestr.com\/index.php\/vatanin-sessiz-kahramanlari#respond"]}]},{"@type":"WebPage","@id":"https:\/\/epochtimestr.com\/index.php\/vatanin-sessiz-kahramanlari","url":"https:\/\/epochtimestr.com\/index.php\/vatanin-sessiz-kahramanlari","name":"Vatan\u0131n Sessiz Kahramanlar\u0131 - The Epoch Times TR","isPartOf":{"@id":"https:\/\/epochtimestr.com\/#website"},"primaryImageOfPage":{"@id":"https:\/\/epochtimestr.com\/index.php\/vatanin-sessiz-kahramanlari#primaryimage"},"image":{"@id":"https:\/\/epochtimestr.com\/index.php\/vatanin-sessiz-kahramanlari#primaryimage"},"thumbnailUrl":"https:\/\/epochtimestr.com\/wp-content\/uploads\/2011y\/Ali-Kekliktepe.jpg","datePublished":"2026-05-27T04:00:00+00:00","dateModified":"2026-05-26T12:02:53+00:00","description":"Bug\u00fcn bir kez daha hat\u0131rlatmak gerekir: Vatan sevgisi, yaln\u0131zca b\u00fcy\u00fck nutuklarda de\u011fil, k\u00fc\u00e7\u00fck fedak\u00e2rl\u0131klarda da kendini g\u00f6sterir.","inLanguage":"tr","potentialAction":[{"@type":"ReadAction","target":["https:\/\/epochtimestr.com\/index.php\/vatanin-sessiz-kahramanlari"]}]},{"@type":"ImageObject","inLanguage":"tr","@id":"https:\/\/epochtimestr.com\/index.php\/vatanin-sessiz-kahramanlari#primaryimage","url":"https:\/\/epochtimestr.com\/wp-content\/uploads\/2011y\/Ali-Kekliktepe.jpg","contentUrl":"https:\/\/epochtimestr.com\/wp-content\/uploads\/2011y\/Ali-Kekliktepe.jpg","width":600,"height":600},{"@type":"WebSite","@id":"https:\/\/epochtimestr.com\/#website","url":"https:\/\/epochtimestr.com\/","name":"The Epoch Times TR","description":"De\u011fi\u015fen D\u00fcnyam\u0131za Taze Bir Bak\u0131\u015f","publisher":{"@id":"https:\/\/epochtimestr.com\/#organization"},"potentialAction":[{"@type":"SearchAction","target":{"@type":"EntryPoint","urlTemplate":"https:\/\/epochtimestr.com\/?s={search_term_string}"},"query-input":"required name=search_term_string"}],"inLanguage":"tr"},{"@type":"Organization","@id":"https:\/\/epochtimestr.com\/#organization","name":"The EpochTimes T\u00fcrkiye","url":"https:\/\/epochtimestr.com\/","logo":{"@type":"ImageObject","inLanguage":"tr","@id":"https:\/\/epochtimestr.com\/#\/schema\/logo\/image\/","url":"https:\/\/epochtimestr.com\/wp-content\/uploads\/2011y\/ET-Logo-YG.jpg","contentUrl":"https:\/\/epochtimestr.com\/wp-content\/uploads\/2011y\/ET-Logo-YG.jpg","width":346,"height":29,"caption":"The EpochTimes T\u00fcrkiye"},"image":{"@id":"https:\/\/epochtimestr.com\/#\/schema\/logo\/image\/"},"sameAs":["https:\/\/www.facebook.com\/theepochtimestr","https:\/\/x.com\/TheEpochTimesTR","https:\/\/www.instagram.com\/epochtimestr"]},{"@type":"Person","@id":"https:\/\/epochtimestr.com\/#\/schema\/person\/da94a416fed1aed029d0a47e85673b95","name":"Ali Kekliktepe","image":{"@type":"ImageObject","inLanguage":"tr","@id":"https:\/\/epochtimestr.com\/#\/schema\/person\/image\/","url":"https:\/\/secure.gravatar.com\/avatar\/6c965c3fc374c8f4af759baef4f38bcd?s=96&d=mm&r=g","contentUrl":"https:\/\/secure.gravatar.com\/avatar\/6c965c3fc374c8f4af759baef4f38bcd?s=96&d=mm&r=g","caption":"Ali Kekliktepe"},"description":"Ben Ali Kekliktepe; hayat\u0131n\u0131 \u00f6\u011frenmeye, \u00f6\u011fretmeye ve toplumsal fayda yaratmaya adam\u0131\u015f bir yazar ve profesyonelim. Kalemi sadece ka\u011f\u0131da dokunan bir ara\u00e7 de\u011fil, toplumun aksayan y\u00f6nlerine \u015fifa olan bir enstr\u00fcman olarak g\u00f6r\u00fcyorum.","sameAs":["https:\/\/alikekliktepemersin33.blogspot.com\/"],"url":"https:\/\/epochtimestr.com\/index.php\/author\/ali"}]}},"_links":{"self":[{"href":"https:\/\/epochtimestr.com\/index.php\/wp-json\/wp\/v2\/posts\/167541"}],"collection":[{"href":"https:\/\/epochtimestr.com\/index.php\/wp-json\/wp\/v2\/posts"}],"about":[{"href":"https:\/\/epochtimestr.com\/index.php\/wp-json\/wp\/v2\/types\/post"}],"author":[{"embeddable":true,"href":"https:\/\/epochtimestr.com\/index.php\/wp-json\/wp\/v2\/users\/14013"}],"replies":[{"embeddable":true,"href":"https:\/\/epochtimestr.com\/index.php\/wp-json\/wp\/v2\/comments?post=167541"}],"version-history":[{"count":1,"href":"https:\/\/epochtimestr.com\/index.php\/wp-json\/wp\/v2\/posts\/167541\/revisions"}],"predecessor-version":[{"id":167542,"href":"https:\/\/epochtimestr.com\/index.php\/wp-json\/wp\/v2\/posts\/167541\/revisions\/167542"}],"wp:featuredmedia":[{"embeddable":true,"href":"https:\/\/epochtimestr.com\/index.php\/wp-json\/wp\/v2\/media\/167144"}],"wp:attachment":[{"href":"https:\/\/epochtimestr.com\/index.php\/wp-json\/wp\/v2\/media?parent=167541"}],"wp:term":[{"taxonomy":"category","embeddable":true,"href":"https:\/\/epochtimestr.com\/index.php\/wp-json\/wp\/v2\/categories?post=167541"},{"taxonomy":"post_tag","embeddable":true,"href":"https:\/\/epochtimestr.com\/index.php\/wp-json\/wp\/v2\/tags?post=167541"}],"curies":[{"name":"wp","href":"https:\/\/api.w.org\/{rel}","templated":true}]}}