{"id":167545,"date":"2026-05-26T16:41:22","date_gmt":"2026-05-26T13:41:22","guid":{"rendered":"https:\/\/epochtimestr.com\/?p=167545"},"modified":"2026-05-29T11:49:18","modified_gmt":"2026-05-29T08:49:18","slug":"kastan-kalkan","status":"publish","type":"post","link":"https:\/\/epochtimestr.com\/index.php\/kastan-kalkan","title":{"rendered":"Ka\u015ftan Kalkan"},"content":{"rendered":"\n<p>Kendimi bo\u015flu\u011fa b\u0131rak\u0131yorum, sonsuzlu\u011fa u\u00e7uyorum, mavinin i\u00e7ine ye\u015filin \u00fcst\u00fcnden bir ta\u015f gibi d\u00fc\u015f\u00fcyorum, halka halka b\u00fcy\u00fcyorum. \u00c7a\u011flar bana geliyor. Beni mavinin i\u00e7inde g\u00f6ren Romal\u0131lar kafalar\u0131n\u0131 kald\u0131r\u0131p i\u015f\u00e7iler, \u00e7ift\u00e7iler yani yoksullar u\u00e7u\u015fa ge\u00e7mi\u015f san\u0131yorlar. Yunanl\u0131lar \u015farap rengi yukar\u0131lara \u00e7\u0131km\u0131\u015f diyerek ellerini uzat\u0131yorlar kan k\u0131rm\u0131z\u0131 i\u00e7ine. M\u0131s\u0131rl\u0131lar maviyi biz bulduk bak\u0131\u015f\u0131 at\u0131yorlar gururlanarak.<\/p>\n\n\n\n<p>Bir yan\u0131m mavi, bir yan\u0131m ye\u015fil; derinlere indik\u00e7e koyula\u015fan mavi, y\u00fckseklere \u00e7\u0131kt\u0131k\u00e7a koyula\u015fan ye\u015fil. \u0130nsanlar\u0131n ula\u015famad\u0131\u011f\u0131 derinlerdeki mavi, insanlar\u0131n ula\u015famad\u0131\u011f\u0131 y\u00fckseklerdeki ye\u015fil. Kayalara tutunarak mavinin i\u00e7ine giren ye\u015fil, sulara tutunarak ye\u015filin i\u00e7ine giren mavi. Koylar, k\u00f6rfezler, burunlar, adalar, yar\u0131madalar. Y\u00fckseklerden ge\u00e7ip maviyi daha mavi, ye\u015fili daha ye\u015fil yapan g\u00fcne\u015f, sabah do\u011farken ve ak\u015fam batarken k\u0131z\u0131ll\u0131klar b\u0131rakan g\u00fcne\u015f. G\u00fcn i\u00e7inde mavi, ye\u015fil ve olu\u015fturdu\u011fu t\u00fcm renkleri ve g\u00f6renleri mutluluktan \u00e7\u0131ld\u0131rtan g\u00fcne\u015f. U\u00e7suz bucaks\u0131z maviye alt\u0131n sar\u0131s\u0131 kolyeler takan g\u00fcne\u015f.<\/p>\n\n\n\n<blockquote class=\"wp-block-quote is-layout-flow wp-block-quote-is-layout-flow\">\n<p>&#8220;Mavi, bir renkten daha fazlas\u0131. Sonu olmayan bir g\u00f6ky\u00fcz\u00fc, umut dolu bir deniz.&#8221;<\/p>\n<cite>Cemal S\u00fcreyya<\/cite><\/blockquote>\n\n\n\n<p>Denizle da\u011f\u0131n, da\u011fla denizin a\u015fk\u0131na, insanlar\u0131n y\u0131llarca u\u011fra\u015f\u0131p kayalar\u0131 par\u00e7alayarak yapt\u0131klar\u0131 yollar bile engel olamam\u0131\u015ft\u0131. Da\u011flar\u0131n denize bakan yama\u00e7lar\u0131 \u00e7ok derin ve dar kanyonlarla doluydu. Binlerce y\u0131ld\u0131r da\u011flar\u0131n zirvelerinden denize do\u011fru akan sular \u00e7atlaklar\u0131 oymu\u015f kendine yatak olu\u015fturmu\u015ftu. Yol yap\u0131l\u0131rken en \u00e7ok bu koca \u00e7atlaklar insanlar\u0131 yormu\u015ftu. Baz\u0131lar\u0131n\u0131 doldurmu\u015flar baz\u0131lar\u0131n\u0131n \u00fczerine k\u00f6pr\u00fcler yapm\u0131\u015flard\u0131. \u0130\u015fte bu vadiler ve denizle birle\u015ftikleri yerlerdeki \u00e7ak\u0131ll\u0131 plajlar da\u011flar\u0131n denize a\u015fk\u0131n\u0131n meyvesiydi. Buralardan yama\u00e7lardaki kar ya\u011fmur sular\u0131 denize, denizden buharla\u015fan sular da da\u011flar\u0131n zirvesine, oradan g\u00f6ky\u00fcz\u00fcne \u00e7\u0131kard\u0131. Da\u011f m\u0131 denizi \u00e7ok sever, deniz mi da\u011f\u0131 \u00e7ok sever bilinmezdi ama koca da\u011flar\u0131 oyan engin denizlerde adalar olu\u015fturan bir g\u00fc\u00e7 vard\u0131 sonu\u00e7ta.<\/p>\n\n\n\n<p>Deniz, da\u011flar\u0131 dalgalar\u0131yla bazen ok\u015fam\u0131\u015f, bazen sevginin dozunu ka\u00e7\u0131rarak h\u0131rpalam\u0131\u015ft\u0131. Vadilerden da\u011flar\u0131n i\u00e7ine i\u00e7ine girmi\u015fti. \u0130rili ufakl\u0131 bir s\u00fcr\u00fc adac\u0131k da denizlerin da\u011flara olan a\u015fk\u0131n\u0131n \u00fcr\u00fcn\u00fc olmal\u0131yd\u0131.<\/p>\n\n\n\n<p>Bir yol vard\u0131; iki sevgiliyi ay\u0131ran, bir yol vard\u0131; yap\u0131lmaya direnen, bir yol vard\u0131; insanlara en g\u00fczel manzaray\u0131 sunan, bir yol vard\u0131; yap\u0131l\u0131rken insanlar\u0131n ya\u015fama veda etti\u011fi, en vah\u015fi g\u00fczelliklere kar\u015f\u0131.<\/p>\n\n\n\n<p>Do\u011fa ne yaparsa iyi yapar, do\u011fa ne yaparsa g\u00fczel yapar. Her \u015fey yerli yerindedir, her \u015fey d\u00f6ng\u00fcn\u00fcn i\u00e7indedir ve direnmez ama her \u015feye de evet demez. Yanl\u0131\u015f veya do\u011fru diye bir \u015fey yoktur, yer, zaman, canl\u0131, cans\u0131z t\u00fcm nesneler, hava durumu, ortamdaki enerji yani t\u00fcm enstr\u00fcmanlar uygunsa do\u011fru olan bir \u015fey, birinin uygun olmamas\u0131 sonucu yanl\u0131\u015fa d\u00f6n\u00fc\u015febilir.<\/p>\n\n\n\n<p>\u0130\u015fte denizle da\u011f\u0131n, ye\u015fille mavinin a\u015fk\u0131 ve bu a\u015fk\u0131n \u00e7ocuklar\u0131; deniz k\u0131y\u0131lar\u0131nda da\u011flar\u0131n ete\u011finden d\u00f6k\u00fclen ta\u015flardan olu\u015fan basmaya k\u0131yamad\u0131\u011f\u0131m\u0131z mavinin k\u0131y\u0131s\u0131ndaki plajlar, denizden gelip da\u011flar\u0131n tepesinde olu\u015fan bakmaya doyamad\u0131\u011f\u0131m\u0131z ye\u015filin \u00fcst\u00fcnde buluttan \u015fapkalar.<\/p>\n\n\n\n<p>Bir yanda bu g\u00fczelliklerin i\u00e7inden g\u00f6n\u00fcl g\u00f6z\u00fc a\u00e7\u0131k, mutlu ge\u00e7en insanlar, bir yanda karanl\u0131\u011f\u0131n\u0131 kendisiyle beraber her yere ta\u015f\u0131yan mutsuz insanlar.<\/p>\n\n\n\n<p>Shakespeare&#8217;in Macbeth&#8217;inde \u015fu s\u00f6zler ge\u00e7er: &#8220;Koca Poseidon&#8217;un b\u00fct\u00fcn denizleri, y\u0131kayabilir mi bu elleri? Y\u0131kayamaz! Ellerim kana boyar denizleri, k\u0131z\u0131la \u00e7evirir sonsuz ye\u015fil dalgalar\u0131.&#8221; (\u00c7eviri Sabahattin Ey\u00fcbo\u011flu)<\/p>\n\n\n\n<p>Antik \u00e7a\u011flarda Yunanl\u0131lar i\u00e7in deniz &#8220;\u015farap rengi&#8221; idi. Yine Yunanl\u0131lar i\u00e7in bug\u00fcn mavi olarak g\u00f6rd\u00fc\u011f\u00fcm\u00fcz renk, ye\u015filin tonlar\u0131nda daha koyu renkler aras\u0131nda bir yerde duran bir ara tondur.<\/p>\n\n\n\n<p>Romal\u0131larda yoksullar\u0131n giysi rengi olan maviden, Akdeniz k\u0131y\u0131lar\u0131ndaki t\u00fcm evlerin kap\u0131 ve pencerelerini renklendirerek \u00f6zg\u00fcrl\u00fc\u011f\u00fcn\u00fc hayk\u0131ran maviye.<\/p>\n\n\n\n<p>Antik \u00e7a\u011flarda yok say\u0131lan maviden, &#8220;D\u00fcnya ne kadar dedim. Mavi kadar.&#8221; diyen Mevlana&#8217;ya.<\/p>\n\n\n\n<p>&#8220;Mavi denizde bir yolculuk yapmal\u0131s\u0131n\u0131z ve mavi g\u00f6ky\u00fcz\u00fc alt\u0131nda u\u00e7mal\u0131s\u0131n\u0131z.&#8221; diyen Naz\u0131m Hikmet&#8217;e.<br \/>G\u00f6ky\u00fcz\u00fc, denizin mavisini \u00f6perek g\u00fcn bat\u0131m\u0131na d\u00f6n\u00fc\u015f\u00fcr; bu \u00f6p\u00fcc\u00fck, bir g\u00fcn\u00fcn sona eri\u015findeki h\u00fcz\u00fcn ve g\u00fczellikle dolu bir veda s\u00f6z\u00fcd\u00fcr.&#8221; diyen Victor Hugo&#8217;ya.<\/p>\n\n\n\n<p>Masmavi selamlar ge\u00e7mi\u015fe gelece\u011fe; buradan ge\u00e7en g\u00fcne\u015fle, buradan ge\u00e7en bulutla, ayla; y\u0131ld\u0131zla, mavi serinlikler \u00fcfleyen r\u00fczgarla\u2026<\/p>\n\n\n\n<p>Masmavi merhaba an\u0131 ya\u015fayanlara\u2026<\/p>\n","protected":false},"excerpt":{"rendered":"<p>Kendimi bo\u015flu\u011fa b\u0131rak\u0131yorum, sonsuzlu\u011fa u\u00e7uyorum, mavinin i\u00e7ine ye\u015filin \u00fcst\u00fcnden bir ta\u015f gibi d\u00fc\u015f\u00fcyorum, halka halka b\u00fcy\u00fcyorum. \u00c7a\u011flar bana geliyor. Beni mavinin i\u00e7inde g\u00f6ren Romal\u0131lar kafalar\u0131n\u0131 kald\u0131r\u0131p i\u015f\u00e7iler, \u00e7ift\u00e7iler yani yoksullar u\u00e7u\u015fa ge\u00e7mi\u015f san\u0131yorlar. Yunanl\u0131lar \u015farap rengi yukar\u0131lara \u00e7\u0131km\u0131\u015f diyerek ellerini uzat\u0131yorlar kan k\u0131rm\u0131z\u0131 i\u00e7ine. M\u0131s\u0131rl\u0131lar maviyi biz bulduk bak\u0131\u015f\u0131 at\u0131yorlar gururlanarak. Bir yan\u0131m mavi, bir [&hellip;]<\/p>\n","protected":false},"author":14014,"featured_media":167543,"comment_status":"open","ping_status":"open","sticky":false,"template":"","format":"standard","meta":{"_yoast_wpseo_focuskw":"Mavi","_yoast_wpseo_title":"","_yoast_wpseo_metadesc":"Kendimi bo\u015flu\u011fa b\u0131rak\u0131yorum, sonsuzlu\u011fa u\u00e7uyorum, mavinin i\u00e7ine ye\u015filin \u00fcst\u00fcnden bir ta\u015f gibi d\u00fc\u015f\u00fcyorum, halka halka b\u00fcy\u00fcyorum...","_bbp_topic_count":0,"_bbp_reply_count":0,"_bbp_total_topic_count":0,"_bbp_total_reply_count":0,"_bbp_voice_count":0,"_bbp_anonymous_reply_count":0,"_bbp_topic_count_hidden":0,"_bbp_reply_count_hidden":0,"_bbp_forum_subforum_count":0,"footnotes":"","_yoast_wpseo_focuskw_text_input":""},"categories":[11464],"tags":[],"yoast_head":"<!-- This site is optimized with the Yoast SEO plugin v23.0 - https:\/\/yoast.com\/wordpress\/plugins\/seo\/ -->\n<title>Ka\u015ftan Kalkan - The Epoch Times TR<\/title>\n<meta name=\"description\" content=\"Kendimi bo\u015flu\u011fa b\u0131rak\u0131yorum, sonsuzlu\u011fa u\u00e7uyorum, mavinin i\u00e7ine ye\u015filin \u00fcst\u00fcnden bir ta\u015f gibi d\u00fc\u015f\u00fcyorum, halka halka b\u00fcy\u00fcyorum...\" \/>\n<meta name=\"robots\" content=\"index, follow, max-snippet:-1, max-image-preview:large, max-video-preview:-1\" \/>\n<link rel=\"canonical\" href=\"https:\/\/epochtimestr.com\/index.php\/kastan-kalkan\" \/>\n<meta property=\"og:locale\" content=\"tr_TR\" \/>\n<meta property=\"og:type\" content=\"article\" \/>\n<meta property=\"og:title\" content=\"Ka\u015ftan Kalkan - The Epoch Times TR\" \/>\n<meta property=\"og:description\" content=\"Kendimi bo\u015flu\u011fa b\u0131rak\u0131yorum, sonsuzlu\u011fa u\u00e7uyorum, mavinin i\u00e7ine ye\u015filin \u00fcst\u00fcnden bir ta\u015f gibi d\u00fc\u015f\u00fcyorum, halka halka b\u00fcy\u00fcyorum...\" \/>\n<meta property=\"og:url\" content=\"https:\/\/epochtimestr.com\/index.php\/kastan-kalkan\" \/>\n<meta property=\"og:site_name\" content=\"The Epoch Times TR\" \/>\n<meta property=\"article:publisher\" content=\"https:\/\/www.facebook.com\/theepochtimestr\" \/>\n<meta property=\"article:published_time\" content=\"2026-05-26T13:41:22+00:00\" \/>\n<meta property=\"article:modified_time\" content=\"2026-05-29T08:49:18+00:00\" \/>\n<meta property=\"og:image\" content=\"https:\/\/epochtimestr.com\/wp-content\/uploads\/2011y\/Kemal-KIRMIZI-SM.jpg\" \/>\n\t<meta property=\"og:image:width\" content=\"1200\" \/>\n\t<meta property=\"og:image:height\" content=\"630\" \/>\n\t<meta property=\"og:image:type\" content=\"image\/jpeg\" \/>\n<meta name=\"author\" content=\"Kemal K\u0131rm\u0131z\u0131\" \/>\n<meta name=\"twitter:card\" content=\"summary_large_image\" \/>\n<meta name=\"twitter:creator\" content=\"@TheEpochTimesTR\" \/>\n<meta name=\"twitter:site\" content=\"@TheEpochTimesTR\" \/>\n<meta name=\"twitter:label1\" content=\"Yazan:\" \/>\n\t<meta name=\"twitter:data1\" content=\"Kemal K\u0131rm\u0131z\u0131\" \/>\n\t<meta name=\"twitter:label2\" content=\"Tahmini okuma s\u00fcresi\" \/>\n\t<meta name=\"twitter:data2\" content=\"4 dakika\" \/>\n<script type=\"application\/ld+json\" class=\"yoast-schema-graph\">{\"@context\":\"https:\/\/schema.org\",\"@graph\":[{\"@type\":\"Article\",\"@id\":\"https:\/\/epochtimestr.com\/index.php\/kastan-kalkan#article\",\"isPartOf\":{\"@id\":\"https:\/\/epochtimestr.com\/index.php\/kastan-kalkan\"},\"author\":{\"name\":\"Kemal K\u0131rm\u0131z\u0131\",\"@id\":\"https:\/\/epochtimestr.com\/#\/schema\/person\/de93b34838de3b9cf1568fef49b786d3\"},\"headline\":\"Ka\u015ftan Kalkan\",\"datePublished\":\"2026-05-26T13:41:22+00:00\",\"dateModified\":\"2026-05-29T08:49:18+00:00\",\"mainEntityOfPage\":{\"@id\":\"https:\/\/epochtimestr.com\/index.php\/kastan-kalkan\"},\"wordCount\":854,\"commentCount\":0,\"publisher\":{\"@id\":\"https:\/\/epochtimestr.com\/#organization\"},\"image\":{\"@id\":\"https:\/\/epochtimestr.com\/index.php\/kastan-kalkan#primaryimage\"},\"thumbnailUrl\":\"https:\/\/epochtimestr.com\/wp-content\/uploads\/2011y\/Kemal-Kirmizi-Profil.png\",\"articleSection\":[\"K\u00f6\u015fe Yaz\u0131lar\u0131 Kemal K\u0131rm\u0131z\u0131\"],\"inLanguage\":\"tr\",\"potentialAction\":[{\"@type\":\"CommentAction\",\"name\":\"Comment\",\"target\":[\"https:\/\/epochtimestr.com\/index.php\/kastan-kalkan#respond\"]}]},{\"@type\":\"WebPage\",\"@id\":\"https:\/\/epochtimestr.com\/index.php\/kastan-kalkan\",\"url\":\"https:\/\/epochtimestr.com\/index.php\/kastan-kalkan\",\"name\":\"Ka\u015ftan Kalkan - The Epoch Times TR\",\"isPartOf\":{\"@id\":\"https:\/\/epochtimestr.com\/#website\"},\"primaryImageOfPage\":{\"@id\":\"https:\/\/epochtimestr.com\/index.php\/kastan-kalkan#primaryimage\"},\"image\":{\"@id\":\"https:\/\/epochtimestr.com\/index.php\/kastan-kalkan#primaryimage\"},\"thumbnailUrl\":\"https:\/\/epochtimestr.com\/wp-content\/uploads\/2011y\/Kemal-Kirmizi-Profil.png\",\"datePublished\":\"2026-05-26T13:41:22+00:00\",\"dateModified\":\"2026-05-29T08:49:18+00:00\",\"description\":\"Kendimi bo\u015flu\u011fa b\u0131rak\u0131yorum, sonsuzlu\u011fa u\u00e7uyorum, mavinin i\u00e7ine ye\u015filin \u00fcst\u00fcnden bir ta\u015f gibi d\u00fc\u015f\u00fcyorum, halka halka b\u00fcy\u00fcyorum...\",\"inLanguage\":\"tr\",\"potentialAction\":[{\"@type\":\"ReadAction\",\"target\":[\"https:\/\/epochtimestr.com\/index.php\/kastan-kalkan\"]}]},{\"@type\":\"ImageObject\",\"inLanguage\":\"tr\",\"@id\":\"https:\/\/epochtimestr.com\/index.php\/kastan-kalkan#primaryimage\",\"url\":\"https:\/\/epochtimestr.com\/wp-content\/uploads\/2011y\/Kemal-Kirmizi-Profil.png\",\"contentUrl\":\"https:\/\/epochtimestr.com\/wp-content\/uploads\/2011y\/Kemal-Kirmizi-Profil.png\",\"width\":600,\"height\":600},{\"@type\":\"WebSite\",\"@id\":\"https:\/\/epochtimestr.com\/#website\",\"url\":\"https:\/\/epochtimestr.com\/\",\"name\":\"The Epoch Times TR\",\"description\":\"De\u011fi\u015fen D\u00fcnyam\u0131za Taze Bir Bak\u0131\u015f\",\"publisher\":{\"@id\":\"https:\/\/epochtimestr.com\/#organization\"},\"potentialAction\":[{\"@type\":\"SearchAction\",\"target\":{\"@type\":\"EntryPoint\",\"urlTemplate\":\"https:\/\/epochtimestr.com\/?s={search_term_string}\"},\"query-input\":\"required name=search_term_string\"}],\"inLanguage\":\"tr\"},{\"@type\":\"Organization\",\"@id\":\"https:\/\/epochtimestr.com\/#organization\",\"name\":\"The EpochTimes T\u00fcrkiye\",\"url\":\"https:\/\/epochtimestr.com\/\",\"logo\":{\"@type\":\"ImageObject\",\"inLanguage\":\"tr\",\"@id\":\"https:\/\/epochtimestr.com\/#\/schema\/logo\/image\/\",\"url\":\"https:\/\/epochtimestr.com\/wp-content\/uploads\/2011y\/ET-Logo-YG.jpg\",\"contentUrl\":\"https:\/\/epochtimestr.com\/wp-content\/uploads\/2011y\/ET-Logo-YG.jpg\",\"width\":346,\"height\":29,\"caption\":\"The EpochTimes T\u00fcrkiye\"},\"image\":{\"@id\":\"https:\/\/epochtimestr.com\/#\/schema\/logo\/image\/\"},\"sameAs\":[\"https:\/\/www.facebook.com\/theepochtimestr\",\"https:\/\/x.com\/TheEpochTimesTR\",\"https:\/\/www.instagram.com\/epochtimestr\"]},{\"@type\":\"Person\",\"@id\":\"https:\/\/epochtimestr.com\/#\/schema\/person\/de93b34838de3b9cf1568fef49b786d3\",\"name\":\"Kemal K\u0131rm\u0131z\u0131\",\"image\":{\"@type\":\"ImageObject\",\"inLanguage\":\"tr\",\"@id\":\"https:\/\/epochtimestr.com\/#\/schema\/person\/image\/\",\"url\":\"https:\/\/secure.gravatar.com\/avatar\/e99bdb2e05638e0a06bbe2847468ec66?s=96&d=mm&r=g\",\"contentUrl\":\"https:\/\/secure.gravatar.com\/avatar\/e99bdb2e05638e0a06bbe2847468ec66?s=96&d=mm&r=g\",\"caption\":\"Kemal K\u0131rm\u0131z\u0131\"},\"url\":\"https:\/\/epochtimestr.com\/index.php\/author\/kemal\"}]}<\/script>\n<!-- \/ Yoast SEO plugin. -->","yoast_head_json":{"title":"Ka\u015ftan Kalkan - The Epoch Times TR","description":"Kendimi bo\u015flu\u011fa b\u0131rak\u0131yorum, sonsuzlu\u011fa u\u00e7uyorum, mavinin i\u00e7ine ye\u015filin \u00fcst\u00fcnden bir ta\u015f gibi d\u00fc\u015f\u00fcyorum, halka halka b\u00fcy\u00fcyorum...","robots":{"index":"index","follow":"follow","max-snippet":"max-snippet:-1","max-image-preview":"max-image-preview:large","max-video-preview":"max-video-preview:-1"},"canonical":"https:\/\/epochtimestr.com\/index.php\/kastan-kalkan","og_locale":"tr_TR","og_type":"article","og_title":"Ka\u015ftan Kalkan - The Epoch Times TR","og_description":"Kendimi bo\u015flu\u011fa b\u0131rak\u0131yorum, sonsuzlu\u011fa u\u00e7uyorum, mavinin i\u00e7ine ye\u015filin \u00fcst\u00fcnden bir ta\u015f gibi d\u00fc\u015f\u00fcyorum, halka halka b\u00fcy\u00fcyorum...","og_url":"https:\/\/epochtimestr.com\/index.php\/kastan-kalkan","og_site_name":"The Epoch Times TR","article_publisher":"https:\/\/www.facebook.com\/theepochtimestr","article_published_time":"2026-05-26T13:41:22+00:00","article_modified_time":"2026-05-29T08:49:18+00:00","og_image":[{"width":1200,"height":630,"url":"https:\/\/epochtimestr.com\/wp-content\/uploads\/2011y\/Kemal-KIRMIZI-SM.jpg","type":"image\/jpeg"}],"author":"Kemal K\u0131rm\u0131z\u0131","twitter_card":"summary_large_image","twitter_creator":"@TheEpochTimesTR","twitter_site":"@TheEpochTimesTR","twitter_misc":{"Yazan:":"Kemal K\u0131rm\u0131z\u0131","Tahmini okuma s\u00fcresi":"4 dakika"},"schema":{"@context":"https:\/\/schema.org","@graph":[{"@type":"Article","@id":"https:\/\/epochtimestr.com\/index.php\/kastan-kalkan#article","isPartOf":{"@id":"https:\/\/epochtimestr.com\/index.php\/kastan-kalkan"},"author":{"name":"Kemal K\u0131rm\u0131z\u0131","@id":"https:\/\/epochtimestr.com\/#\/schema\/person\/de93b34838de3b9cf1568fef49b786d3"},"headline":"Ka\u015ftan Kalkan","datePublished":"2026-05-26T13:41:22+00:00","dateModified":"2026-05-29T08:49:18+00:00","mainEntityOfPage":{"@id":"https:\/\/epochtimestr.com\/index.php\/kastan-kalkan"},"wordCount":854,"commentCount":0,"publisher":{"@id":"https:\/\/epochtimestr.com\/#organization"},"image":{"@id":"https:\/\/epochtimestr.com\/index.php\/kastan-kalkan#primaryimage"},"thumbnailUrl":"https:\/\/epochtimestr.com\/wp-content\/uploads\/2011y\/Kemal-Kirmizi-Profil.png","articleSection":["K\u00f6\u015fe Yaz\u0131lar\u0131 Kemal K\u0131rm\u0131z\u0131"],"inLanguage":"tr","potentialAction":[{"@type":"CommentAction","name":"Comment","target":["https:\/\/epochtimestr.com\/index.php\/kastan-kalkan#respond"]}]},{"@type":"WebPage","@id":"https:\/\/epochtimestr.com\/index.php\/kastan-kalkan","url":"https:\/\/epochtimestr.com\/index.php\/kastan-kalkan","name":"Ka\u015ftan Kalkan - The Epoch Times TR","isPartOf":{"@id":"https:\/\/epochtimestr.com\/#website"},"primaryImageOfPage":{"@id":"https:\/\/epochtimestr.com\/index.php\/kastan-kalkan#primaryimage"},"image":{"@id":"https:\/\/epochtimestr.com\/index.php\/kastan-kalkan#primaryimage"},"thumbnailUrl":"https:\/\/epochtimestr.com\/wp-content\/uploads\/2011y\/Kemal-Kirmizi-Profil.png","datePublished":"2026-05-26T13:41:22+00:00","dateModified":"2026-05-29T08:49:18+00:00","description":"Kendimi bo\u015flu\u011fa b\u0131rak\u0131yorum, sonsuzlu\u011fa u\u00e7uyorum, mavinin i\u00e7ine ye\u015filin \u00fcst\u00fcnden bir ta\u015f gibi d\u00fc\u015f\u00fcyorum, halka halka b\u00fcy\u00fcyorum...","inLanguage":"tr","potentialAction":[{"@type":"ReadAction","target":["https:\/\/epochtimestr.com\/index.php\/kastan-kalkan"]}]},{"@type":"ImageObject","inLanguage":"tr","@id":"https:\/\/epochtimestr.com\/index.php\/kastan-kalkan#primaryimage","url":"https:\/\/epochtimestr.com\/wp-content\/uploads\/2011y\/Kemal-Kirmizi-Profil.png","contentUrl":"https:\/\/epochtimestr.com\/wp-content\/uploads\/2011y\/Kemal-Kirmizi-Profil.png","width":600,"height":600},{"@type":"WebSite","@id":"https:\/\/epochtimestr.com\/#website","url":"https:\/\/epochtimestr.com\/","name":"The Epoch Times TR","description":"De\u011fi\u015fen D\u00fcnyam\u0131za Taze Bir Bak\u0131\u015f","publisher":{"@id":"https:\/\/epochtimestr.com\/#organization"},"potentialAction":[{"@type":"SearchAction","target":{"@type":"EntryPoint","urlTemplate":"https:\/\/epochtimestr.com\/?s={search_term_string}"},"query-input":"required name=search_term_string"}],"inLanguage":"tr"},{"@type":"Organization","@id":"https:\/\/epochtimestr.com\/#organization","name":"The EpochTimes T\u00fcrkiye","url":"https:\/\/epochtimestr.com\/","logo":{"@type":"ImageObject","inLanguage":"tr","@id":"https:\/\/epochtimestr.com\/#\/schema\/logo\/image\/","url":"https:\/\/epochtimestr.com\/wp-content\/uploads\/2011y\/ET-Logo-YG.jpg","contentUrl":"https:\/\/epochtimestr.com\/wp-content\/uploads\/2011y\/ET-Logo-YG.jpg","width":346,"height":29,"caption":"The EpochTimes T\u00fcrkiye"},"image":{"@id":"https:\/\/epochtimestr.com\/#\/schema\/logo\/image\/"},"sameAs":["https:\/\/www.facebook.com\/theepochtimestr","https:\/\/x.com\/TheEpochTimesTR","https:\/\/www.instagram.com\/epochtimestr"]},{"@type":"Person","@id":"https:\/\/epochtimestr.com\/#\/schema\/person\/de93b34838de3b9cf1568fef49b786d3","name":"Kemal K\u0131rm\u0131z\u0131","image":{"@type":"ImageObject","inLanguage":"tr","@id":"https:\/\/epochtimestr.com\/#\/schema\/person\/image\/","url":"https:\/\/secure.gravatar.com\/avatar\/e99bdb2e05638e0a06bbe2847468ec66?s=96&d=mm&r=g","contentUrl":"https:\/\/secure.gravatar.com\/avatar\/e99bdb2e05638e0a06bbe2847468ec66?s=96&d=mm&r=g","caption":"Kemal K\u0131rm\u0131z\u0131"},"url":"https:\/\/epochtimestr.com\/index.php\/author\/kemal"}]}},"_links":{"self":[{"href":"https:\/\/epochtimestr.com\/index.php\/wp-json\/wp\/v2\/posts\/167545"}],"collection":[{"href":"https:\/\/epochtimestr.com\/index.php\/wp-json\/wp\/v2\/posts"}],"about":[{"href":"https:\/\/epochtimestr.com\/index.php\/wp-json\/wp\/v2\/types\/post"}],"author":[{"embeddable":true,"href":"https:\/\/epochtimestr.com\/index.php\/wp-json\/wp\/v2\/users\/14014"}],"replies":[{"embeddable":true,"href":"https:\/\/epochtimestr.com\/index.php\/wp-json\/wp\/v2\/comments?post=167545"}],"version-history":[{"count":2,"href":"https:\/\/epochtimestr.com\/index.php\/wp-json\/wp\/v2\/posts\/167545\/revisions"}],"predecessor-version":[{"id":167566,"href":"https:\/\/epochtimestr.com\/index.php\/wp-json\/wp\/v2\/posts\/167545\/revisions\/167566"}],"wp:featuredmedia":[{"embeddable":true,"href":"https:\/\/epochtimestr.com\/index.php\/wp-json\/wp\/v2\/media\/167543"}],"wp:attachment":[{"href":"https:\/\/epochtimestr.com\/index.php\/wp-json\/wp\/v2\/media?parent=167545"}],"wp:term":[{"taxonomy":"category","embeddable":true,"href":"https:\/\/epochtimestr.com\/index.php\/wp-json\/wp\/v2\/categories?post=167545"},{"taxonomy":"post_tag","embeddable":true,"href":"https:\/\/epochtimestr.com\/index.php\/wp-json\/wp\/v2\/tags?post=167545"}],"curies":[{"name":"wp","href":"https:\/\/api.w.org\/{rel}","templated":true}]}}