{"id":167549,"date":"2026-05-28T07:00:00","date_gmt":"2026-05-28T04:00:00","guid":{"rendered":"https:\/\/epochtimestr.com\/?p=167549"},"modified":"2026-05-27T21:09:57","modified_gmt":"2026-05-27T18:09:57","slug":"alti-ay-mi-alti-gun-mu","status":"publish","type":"post","link":"https:\/\/epochtimestr.com\/index.php\/alti-ay-mi-alti-gun-mu","title":{"rendered":"Alt\u0131 Ay m\u0131 Alt\u0131 G\u00fcn m\u00fc"},"content":{"rendered":"\n<p>Tarih, sadece silahlar\u0131n g\u00fcc\u00fcyle de\u011fil, zek\u00e2n\u0131n ve cesaretin s\u0131n\u0131rlar\u0131 zorlad\u0131\u011f\u0131 anlarla yaz\u0131l\u0131r. Bunun en \u00e7arp\u0131c\u0131 \u00f6rneklerinden biri, \u015f\u00fcphesiz Kurtulu\u015f Sava\u015f\u0131\u2019n\u0131n d\u00f6n\u00fcm noktas\u0131 olan B\u00fcy\u00fck Taarruz\u2019dur. D\u00f6nemin kibirli askeri otoriteleri i\u00e7in T\u00fcrk ordusunun imk\u00e2nlar\u0131, Yunan tahkimatlar\u0131n\u0131 a\u015fmaya yetersiz g\u00f6r\u00fcn\u00fcyordu. \u00d6yle ki, \u0130ngiliz General Townshend cepheyi gezdikten sonra kendinden son derece emin bir \u015fekilde \u015fu kehanette bulunmu\u015ftu: \u201cT\u00fcrkler buray\u0131 6 ayda al\u0131rlarsa, 6 g\u00fcnde ald\u0131k desinler.\u201d<\/p>\n\n\n\n<p>Bat\u0131\u2019n\u0131n bu kibirli asker\u00ee akl\u0131, kar\u015f\u0131lar\u0131ndaki dehan\u0131n satran\u00e7 hamlelerini \u00f6ng\u00f6remedi.<\/p>\n\n\n\n<p>Mustafa Kemal Atat\u00fcrk, asker\u00ee ezberleri alt\u00fcst eden bir strateji kurmu\u015ftu. Genel asker\u00ee \u00f6\u011freti, d\u00fc\u015fman\u0131n en zay\u0131f noktas\u0131ndan vurulmas\u0131n\u0131 s\u00f6yler. Ancak Atat\u00fcrk tam tersini yapt\u0131; d\u00fc\u015fman\u0131 en g\u00fc\u00e7l\u00fc, en g\u00fcvendi\u011fi yerinden vurmay\u0131 se\u00e7ti. \u00c7\u00fcnk\u00fc ona g\u00f6re d\u00fc\u015fman\u0131 zay\u0131f yerinden vurmak sava\u015f\u0131 uzatacak, en g\u00fc\u00e7l\u00fc yerinden vurup \u00e7\u00f6kertmek ise kesin ve h\u0131zl\u0131 bir zafer getirecekti.<\/p>\n\n\n\n<p>Bu plan b\u00fcy\u00fck bir kumar gibi g\u00f6r\u00fcn\u00fcyordu. Kuzeydeki ordunun silahlar\u0131n\u0131 ve g\u00fcc\u00fcn\u00fc g\u00fcneye kayd\u0131rma fikri, komutanlar aras\u0131nda ciddi endi\u015felere yol a\u00e7t\u0131. Yakup \u015eevki Pa\u015fa\u2019n\u0131n \u201cBeni zay\u0131f b\u0131rak\u0131yorsun, d\u00fc\u015fman fark ederse Ankara\u2019ya kadar y\u00fcr\u00fcr\u201d isyan\u0131na kar\u015f\u0131 Atat\u00fcrk, asker\u00ee dehas\u0131n\u0131n yan\u0131nda insan psikolojisini okuma becerisini koydu: D\u00fc\u015fman istihbarat\u0131n\u0131n hantall\u0131\u011f\u0131n\u0131 biliyordu.<\/p>\n\n\n\n<p>Sonras\u0131 ise bir askeri lojistik ve gizlilik \u015faheseridir. Gecenin karanl\u0131\u011f\u0131nda, toplar\u0131n tekerlekleri ses \u00e7\u0131karmas\u0131n diye bezlerle sar\u0131larak ordu g\u00fcneye kayd\u0131r\u0131ld\u0131. D\u00fc\u015fman uyurken, T\u00fcrk ordusu sessizce yerini ald\u0131.<\/p>\n\n\n\n<p>Taarruz ba\u015flad\u0131\u011f\u0131nda sadece cepheden bir h\u00fccum yap\u0131lmad\u0131, Fahrettin Altay komutas\u0131ndaki s\u00fcvari kolordusu bat\u0131dan dolanarak d\u00fc\u015fman\u0131n ka\u00e7\u0131\u015f yollar\u0131n\u0131 kesti. Yunan ordusu iki ate\u015f aras\u0131nda neye u\u011frad\u0131\u011f\u0131n\u0131 \u015fa\u015f\u0131rd\u0131.<\/p>\n\n\n\n<p>Sonu\u00e7 mu? \u0130ngiliz generalin \u201c6 ayda ge\u00e7emezler\u201d dedi\u011fi o a\u015f\u0131lmaz mevziler g\u00fcnler i\u00e7inde yerle bir oldu. T\u00fcrk piyadesi b\u00fcy\u00fck bir h\u0131zla U\u015fak\u2019a girdi\u011finde, Bat\u0131\u2019n\u0131n asker\u00ee teorileri de Anadolu topraklar\u0131na g\u00f6m\u00fclm\u00fc\u015ft\u00fc.<\/p>\n\n\n\n<p>Tarih bize g\u00f6steriyor ki askeri imk\u00e2nlar ne kadar b\u00fcy\u00fck olursa olsun, inan\u00e7la birle\u015fen dahi bir stratejinin kar\u015f\u0131s\u0131nda duramaz. 6 ay \u00f6m\u00fcr bi\u00e7ilen o duvarlar, bir milletin ba\u011f\u0131ms\u0131zl\u0131k azmi kar\u015f\u0131s\u0131nda sadece birka\u00e7 g\u00fcnde y\u0131k\u0131l\u0131p gitti.<\/p>\n","protected":false},"excerpt":{"rendered":"<p>Tarih, sadece silahlar\u0131n g\u00fcc\u00fcyle de\u011fil, zek\u00e2n\u0131n ve cesaretin s\u0131n\u0131rlar\u0131 zorlad\u0131\u011f\u0131 anlarla yaz\u0131l\u0131r. Bunun en \u00e7arp\u0131c\u0131 \u00f6rneklerinden biri, \u015f\u00fcphesiz Kurtulu\u015f Sava\u015f\u0131\u2019n\u0131n d\u00f6n\u00fcm noktas\u0131 olan B\u00fcy\u00fck Taarruz\u2019dur. D\u00f6nemin kibirli askeri otoriteleri i\u00e7in T\u00fcrk ordusunun imk\u00e2nlar\u0131, Yunan tahkimatlar\u0131n\u0131 a\u015fmaya yetersiz g\u00f6r\u00fcn\u00fcyordu. \u00d6yle ki, \u0130ngiliz General Townshend cepheyi gezdikten sonra kendinden son derece emin bir \u015fekilde \u015fu kehanette bulunmu\u015ftu: [&hellip;]<\/p>\n","protected":false},"author":14013,"featured_media":167144,"comment_status":"open","ping_status":"open","sticky":false,"template":"","format":"standard","meta":{"_yoast_wpseo_focuskw":"B\u00fcy\u00fck Taarruz","_yoast_wpseo_title":"","_yoast_wpseo_metadesc":"Tarih, sadece silahlar\u0131n g\u00fcc\u00fcyle de\u011fil, zek\u00e2n\u0131n ve cesaretin s\u0131n\u0131rlar\u0131 zorlad\u0131\u011f\u0131 anlarla yaz\u0131l\u0131r. Bunun en \u00e7arp\u0131c\u0131 \u00f6rne\u011fi B\u00fcy\u00fck Taarruz\u2019dur.","_bbp_topic_count":0,"_bbp_reply_count":0,"_bbp_total_topic_count":0,"_bbp_total_reply_count":0,"_bbp_voice_count":0,"_bbp_anonymous_reply_count":0,"_bbp_topic_count_hidden":0,"_bbp_reply_count_hidden":0,"_bbp_forum_subforum_count":0,"footnotes":"","_yoast_wpseo_focuskw_text_input":""},"categories":[11361],"tags":[],"yoast_head":"<!-- This site is optimized with the Yoast SEO plugin v23.0 - https:\/\/yoast.com\/wordpress\/plugins\/seo\/ -->\n<title>Alt\u0131 Ay m\u0131 Alt\u0131 G\u00fcn m\u00fc - The Epoch Times TR<\/title>\n<meta name=\"description\" content=\"Tarih, sadece silahlar\u0131n g\u00fcc\u00fcyle de\u011fil, zek\u00e2n\u0131n ve cesaretin s\u0131n\u0131rlar\u0131 zorlad\u0131\u011f\u0131 anlarla yaz\u0131l\u0131r. Bunun en \u00e7arp\u0131c\u0131 \u00f6rne\u011fi B\u00fcy\u00fck Taarruz\u2019dur.\" \/>\n<meta name=\"robots\" content=\"index, follow, max-snippet:-1, max-image-preview:large, max-video-preview:-1\" \/>\n<link rel=\"canonical\" href=\"https:\/\/epochtimestr.com\/index.php\/alti-ay-mi-alti-gun-mu\" \/>\n<meta property=\"og:locale\" content=\"tr_TR\" \/>\n<meta property=\"og:type\" content=\"article\" \/>\n<meta property=\"og:title\" content=\"Alt\u0131 Ay m\u0131 Alt\u0131 G\u00fcn m\u00fc - The Epoch Times TR\" \/>\n<meta property=\"og:description\" content=\"Tarih, sadece silahlar\u0131n g\u00fcc\u00fcyle de\u011fil, zek\u00e2n\u0131n ve cesaretin s\u0131n\u0131rlar\u0131 zorlad\u0131\u011f\u0131 anlarla yaz\u0131l\u0131r. Bunun en \u00e7arp\u0131c\u0131 \u00f6rne\u011fi B\u00fcy\u00fck Taarruz\u2019dur.\" \/>\n<meta property=\"og:url\" content=\"https:\/\/epochtimestr.com\/index.php\/alti-ay-mi-alti-gun-mu\" \/>\n<meta property=\"og:site_name\" content=\"The Epoch Times TR\" \/>\n<meta property=\"article:publisher\" content=\"https:\/\/www.facebook.com\/theepochtimestr\" \/>\n<meta property=\"article:published_time\" content=\"2026-05-28T04:00:00+00:00\" \/>\n<meta property=\"article:modified_time\" content=\"2026-05-27T18:09:57+00:00\" \/>\n<meta property=\"og:image\" content=\"https:\/\/epochtimestr.com\/wp-content\/uploads\/2011y\/ali-kekliktepe-SM.jpeg\" \/>\n\t<meta property=\"og:image:width\" content=\"1200\" \/>\n\t<meta property=\"og:image:height\" content=\"630\" \/>\n\t<meta property=\"og:image:type\" content=\"image\/jpeg\" \/>\n<meta name=\"author\" content=\"Ali Kekliktepe\" \/>\n<meta name=\"twitter:card\" content=\"summary_large_image\" \/>\n<meta name=\"twitter:creator\" content=\"@TheEpochTimesTR\" \/>\n<meta name=\"twitter:site\" content=\"@TheEpochTimesTR\" \/>\n<meta name=\"twitter:label1\" content=\"Yazan:\" \/>\n\t<meta name=\"twitter:data1\" content=\"Ali Kekliktepe\" \/>\n\t<meta name=\"twitter:label2\" content=\"Tahmini okuma s\u00fcresi\" \/>\n\t<meta name=\"twitter:data2\" content=\"2 dakika\" \/>\n<script type=\"application\/ld+json\" class=\"yoast-schema-graph\">{\"@context\":\"https:\/\/schema.org\",\"@graph\":[{\"@type\":\"Article\",\"@id\":\"https:\/\/epochtimestr.com\/index.php\/alti-ay-mi-alti-gun-mu#article\",\"isPartOf\":{\"@id\":\"https:\/\/epochtimestr.com\/index.php\/alti-ay-mi-alti-gun-mu\"},\"author\":{\"name\":\"Ali Kekliktepe\",\"@id\":\"https:\/\/epochtimestr.com\/#\/schema\/person\/da94a416fed1aed029d0a47e85673b95\"},\"headline\":\"Alt\u0131 Ay m\u0131 Alt\u0131 G\u00fcn m\u00fc\",\"datePublished\":\"2026-05-28T04:00:00+00:00\",\"dateModified\":\"2026-05-27T18:09:57+00:00\",\"mainEntityOfPage\":{\"@id\":\"https:\/\/epochtimestr.com\/index.php\/alti-ay-mi-alti-gun-mu\"},\"wordCount\":445,\"commentCount\":0,\"publisher\":{\"@id\":\"https:\/\/epochtimestr.com\/#organization\"},\"image\":{\"@id\":\"https:\/\/epochtimestr.com\/index.php\/alti-ay-mi-alti-gun-mu#primaryimage\"},\"thumbnailUrl\":\"https:\/\/epochtimestr.com\/wp-content\/uploads\/2011y\/Ali-Kekliktepe.jpg\",\"articleSection\":[\"K\u00f6\u015fe Yaz\u0131lar\u0131 Ali Kekliktepe\"],\"inLanguage\":\"tr\",\"potentialAction\":[{\"@type\":\"CommentAction\",\"name\":\"Comment\",\"target\":[\"https:\/\/epochtimestr.com\/index.php\/alti-ay-mi-alti-gun-mu#respond\"]}]},{\"@type\":\"WebPage\",\"@id\":\"https:\/\/epochtimestr.com\/index.php\/alti-ay-mi-alti-gun-mu\",\"url\":\"https:\/\/epochtimestr.com\/index.php\/alti-ay-mi-alti-gun-mu\",\"name\":\"Alt\u0131 Ay m\u0131 Alt\u0131 G\u00fcn m\u00fc - The Epoch Times TR\",\"isPartOf\":{\"@id\":\"https:\/\/epochtimestr.com\/#website\"},\"primaryImageOfPage\":{\"@id\":\"https:\/\/epochtimestr.com\/index.php\/alti-ay-mi-alti-gun-mu#primaryimage\"},\"image\":{\"@id\":\"https:\/\/epochtimestr.com\/index.php\/alti-ay-mi-alti-gun-mu#primaryimage\"},\"thumbnailUrl\":\"https:\/\/epochtimestr.com\/wp-content\/uploads\/2011y\/Ali-Kekliktepe.jpg\",\"datePublished\":\"2026-05-28T04:00:00+00:00\",\"dateModified\":\"2026-05-27T18:09:57+00:00\",\"description\":\"Tarih, sadece silahlar\u0131n g\u00fcc\u00fcyle de\u011fil, zek\u00e2n\u0131n ve cesaretin s\u0131n\u0131rlar\u0131 zorlad\u0131\u011f\u0131 anlarla yaz\u0131l\u0131r. Bunun en \u00e7arp\u0131c\u0131 \u00f6rne\u011fi B\u00fcy\u00fck Taarruz\u2019dur.\",\"inLanguage\":\"tr\",\"potentialAction\":[{\"@type\":\"ReadAction\",\"target\":[\"https:\/\/epochtimestr.com\/index.php\/alti-ay-mi-alti-gun-mu\"]}]},{\"@type\":\"ImageObject\",\"inLanguage\":\"tr\",\"@id\":\"https:\/\/epochtimestr.com\/index.php\/alti-ay-mi-alti-gun-mu#primaryimage\",\"url\":\"https:\/\/epochtimestr.com\/wp-content\/uploads\/2011y\/Ali-Kekliktepe.jpg\",\"contentUrl\":\"https:\/\/epochtimestr.com\/wp-content\/uploads\/2011y\/Ali-Kekliktepe.jpg\",\"width\":600,\"height\":600},{\"@type\":\"WebSite\",\"@id\":\"https:\/\/epochtimestr.com\/#website\",\"url\":\"https:\/\/epochtimestr.com\/\",\"name\":\"The Epoch Times TR\",\"description\":\"De\u011fi\u015fen D\u00fcnyam\u0131za Taze Bir Bak\u0131\u015f\",\"publisher\":{\"@id\":\"https:\/\/epochtimestr.com\/#organization\"},\"potentialAction\":[{\"@type\":\"SearchAction\",\"target\":{\"@type\":\"EntryPoint\",\"urlTemplate\":\"https:\/\/epochtimestr.com\/?s={search_term_string}\"},\"query-input\":\"required name=search_term_string\"}],\"inLanguage\":\"tr\"},{\"@type\":\"Organization\",\"@id\":\"https:\/\/epochtimestr.com\/#organization\",\"name\":\"The EpochTimes T\u00fcrkiye\",\"url\":\"https:\/\/epochtimestr.com\/\",\"logo\":{\"@type\":\"ImageObject\",\"inLanguage\":\"tr\",\"@id\":\"https:\/\/epochtimestr.com\/#\/schema\/logo\/image\/\",\"url\":\"https:\/\/epochtimestr.com\/wp-content\/uploads\/2011y\/ET-Logo-YG.jpg\",\"contentUrl\":\"https:\/\/epochtimestr.com\/wp-content\/uploads\/2011y\/ET-Logo-YG.jpg\",\"width\":346,\"height\":29,\"caption\":\"The EpochTimes T\u00fcrkiye\"},\"image\":{\"@id\":\"https:\/\/epochtimestr.com\/#\/schema\/logo\/image\/\"},\"sameAs\":[\"https:\/\/www.facebook.com\/theepochtimestr\",\"https:\/\/x.com\/TheEpochTimesTR\",\"https:\/\/www.instagram.com\/epochtimestr\"]},{\"@type\":\"Person\",\"@id\":\"https:\/\/epochtimestr.com\/#\/schema\/person\/da94a416fed1aed029d0a47e85673b95\",\"name\":\"Ali Kekliktepe\",\"image\":{\"@type\":\"ImageObject\",\"inLanguage\":\"tr\",\"@id\":\"https:\/\/epochtimestr.com\/#\/schema\/person\/image\/\",\"url\":\"https:\/\/secure.gravatar.com\/avatar\/6c965c3fc374c8f4af759baef4f38bcd?s=96&d=mm&r=g\",\"contentUrl\":\"https:\/\/secure.gravatar.com\/avatar\/6c965c3fc374c8f4af759baef4f38bcd?s=96&d=mm&r=g\",\"caption\":\"Ali Kekliktepe\"},\"description\":\"Ben Ali Kekliktepe; hayat\u0131n\u0131 \u00f6\u011frenmeye, \u00f6\u011fretmeye ve toplumsal fayda yaratmaya adam\u0131\u015f bir yazar ve profesyonelim. Kalemi sadece ka\u011f\u0131da dokunan bir ara\u00e7 de\u011fil, toplumun aksayan y\u00f6nlerine \u015fifa olan bir enstr\u00fcman olarak g\u00f6r\u00fcyorum.\",\"sameAs\":[\"https:\/\/alikekliktepemersin33.blogspot.com\/\"],\"url\":\"https:\/\/epochtimestr.com\/index.php\/author\/ali\"}]}<\/script>\n<!-- \/ Yoast SEO plugin. -->","yoast_head_json":{"title":"Alt\u0131 Ay m\u0131 Alt\u0131 G\u00fcn m\u00fc - The Epoch Times TR","description":"Tarih, sadece silahlar\u0131n g\u00fcc\u00fcyle de\u011fil, zek\u00e2n\u0131n ve cesaretin s\u0131n\u0131rlar\u0131 zorlad\u0131\u011f\u0131 anlarla yaz\u0131l\u0131r. Bunun en \u00e7arp\u0131c\u0131 \u00f6rne\u011fi B\u00fcy\u00fck Taarruz\u2019dur.","robots":{"index":"index","follow":"follow","max-snippet":"max-snippet:-1","max-image-preview":"max-image-preview:large","max-video-preview":"max-video-preview:-1"},"canonical":"https:\/\/epochtimestr.com\/index.php\/alti-ay-mi-alti-gun-mu","og_locale":"tr_TR","og_type":"article","og_title":"Alt\u0131 Ay m\u0131 Alt\u0131 G\u00fcn m\u00fc - The Epoch Times TR","og_description":"Tarih, sadece silahlar\u0131n g\u00fcc\u00fcyle de\u011fil, zek\u00e2n\u0131n ve cesaretin s\u0131n\u0131rlar\u0131 zorlad\u0131\u011f\u0131 anlarla yaz\u0131l\u0131r. Bunun en \u00e7arp\u0131c\u0131 \u00f6rne\u011fi B\u00fcy\u00fck Taarruz\u2019dur.","og_url":"https:\/\/epochtimestr.com\/index.php\/alti-ay-mi-alti-gun-mu","og_site_name":"The Epoch Times TR","article_publisher":"https:\/\/www.facebook.com\/theepochtimestr","article_published_time":"2026-05-28T04:00:00+00:00","article_modified_time":"2026-05-27T18:09:57+00:00","og_image":[{"width":1200,"height":630,"url":"https:\/\/epochtimestr.com\/wp-content\/uploads\/2011y\/ali-kekliktepe-SM.jpeg","type":"image\/jpeg"}],"author":"Ali Kekliktepe","twitter_card":"summary_large_image","twitter_creator":"@TheEpochTimesTR","twitter_site":"@TheEpochTimesTR","twitter_misc":{"Yazan:":"Ali Kekliktepe","Tahmini okuma s\u00fcresi":"2 dakika"},"schema":{"@context":"https:\/\/schema.org","@graph":[{"@type":"Article","@id":"https:\/\/epochtimestr.com\/index.php\/alti-ay-mi-alti-gun-mu#article","isPartOf":{"@id":"https:\/\/epochtimestr.com\/index.php\/alti-ay-mi-alti-gun-mu"},"author":{"name":"Ali Kekliktepe","@id":"https:\/\/epochtimestr.com\/#\/schema\/person\/da94a416fed1aed029d0a47e85673b95"},"headline":"Alt\u0131 Ay m\u0131 Alt\u0131 G\u00fcn m\u00fc","datePublished":"2026-05-28T04:00:00+00:00","dateModified":"2026-05-27T18:09:57+00:00","mainEntityOfPage":{"@id":"https:\/\/epochtimestr.com\/index.php\/alti-ay-mi-alti-gun-mu"},"wordCount":445,"commentCount":0,"publisher":{"@id":"https:\/\/epochtimestr.com\/#organization"},"image":{"@id":"https:\/\/epochtimestr.com\/index.php\/alti-ay-mi-alti-gun-mu#primaryimage"},"thumbnailUrl":"https:\/\/epochtimestr.com\/wp-content\/uploads\/2011y\/Ali-Kekliktepe.jpg","articleSection":["K\u00f6\u015fe Yaz\u0131lar\u0131 Ali Kekliktepe"],"inLanguage":"tr","potentialAction":[{"@type":"CommentAction","name":"Comment","target":["https:\/\/epochtimestr.com\/index.php\/alti-ay-mi-alti-gun-mu#respond"]}]},{"@type":"WebPage","@id":"https:\/\/epochtimestr.com\/index.php\/alti-ay-mi-alti-gun-mu","url":"https:\/\/epochtimestr.com\/index.php\/alti-ay-mi-alti-gun-mu","name":"Alt\u0131 Ay m\u0131 Alt\u0131 G\u00fcn m\u00fc - The Epoch Times TR","isPartOf":{"@id":"https:\/\/epochtimestr.com\/#website"},"primaryImageOfPage":{"@id":"https:\/\/epochtimestr.com\/index.php\/alti-ay-mi-alti-gun-mu#primaryimage"},"image":{"@id":"https:\/\/epochtimestr.com\/index.php\/alti-ay-mi-alti-gun-mu#primaryimage"},"thumbnailUrl":"https:\/\/epochtimestr.com\/wp-content\/uploads\/2011y\/Ali-Kekliktepe.jpg","datePublished":"2026-05-28T04:00:00+00:00","dateModified":"2026-05-27T18:09:57+00:00","description":"Tarih, sadece silahlar\u0131n g\u00fcc\u00fcyle de\u011fil, zek\u00e2n\u0131n ve cesaretin s\u0131n\u0131rlar\u0131 zorlad\u0131\u011f\u0131 anlarla yaz\u0131l\u0131r. Bunun en \u00e7arp\u0131c\u0131 \u00f6rne\u011fi B\u00fcy\u00fck Taarruz\u2019dur.","inLanguage":"tr","potentialAction":[{"@type":"ReadAction","target":["https:\/\/epochtimestr.com\/index.php\/alti-ay-mi-alti-gun-mu"]}]},{"@type":"ImageObject","inLanguage":"tr","@id":"https:\/\/epochtimestr.com\/index.php\/alti-ay-mi-alti-gun-mu#primaryimage","url":"https:\/\/epochtimestr.com\/wp-content\/uploads\/2011y\/Ali-Kekliktepe.jpg","contentUrl":"https:\/\/epochtimestr.com\/wp-content\/uploads\/2011y\/Ali-Kekliktepe.jpg","width":600,"height":600},{"@type":"WebSite","@id":"https:\/\/epochtimestr.com\/#website","url":"https:\/\/epochtimestr.com\/","name":"The Epoch Times TR","description":"De\u011fi\u015fen D\u00fcnyam\u0131za Taze Bir Bak\u0131\u015f","publisher":{"@id":"https:\/\/epochtimestr.com\/#organization"},"potentialAction":[{"@type":"SearchAction","target":{"@type":"EntryPoint","urlTemplate":"https:\/\/epochtimestr.com\/?s={search_term_string}"},"query-input":"required name=search_term_string"}],"inLanguage":"tr"},{"@type":"Organization","@id":"https:\/\/epochtimestr.com\/#organization","name":"The EpochTimes T\u00fcrkiye","url":"https:\/\/epochtimestr.com\/","logo":{"@type":"ImageObject","inLanguage":"tr","@id":"https:\/\/epochtimestr.com\/#\/schema\/logo\/image\/","url":"https:\/\/epochtimestr.com\/wp-content\/uploads\/2011y\/ET-Logo-YG.jpg","contentUrl":"https:\/\/epochtimestr.com\/wp-content\/uploads\/2011y\/ET-Logo-YG.jpg","width":346,"height":29,"caption":"The EpochTimes T\u00fcrkiye"},"image":{"@id":"https:\/\/epochtimestr.com\/#\/schema\/logo\/image\/"},"sameAs":["https:\/\/www.facebook.com\/theepochtimestr","https:\/\/x.com\/TheEpochTimesTR","https:\/\/www.instagram.com\/epochtimestr"]},{"@type":"Person","@id":"https:\/\/epochtimestr.com\/#\/schema\/person\/da94a416fed1aed029d0a47e85673b95","name":"Ali Kekliktepe","image":{"@type":"ImageObject","inLanguage":"tr","@id":"https:\/\/epochtimestr.com\/#\/schema\/person\/image\/","url":"https:\/\/secure.gravatar.com\/avatar\/6c965c3fc374c8f4af759baef4f38bcd?s=96&d=mm&r=g","contentUrl":"https:\/\/secure.gravatar.com\/avatar\/6c965c3fc374c8f4af759baef4f38bcd?s=96&d=mm&r=g","caption":"Ali Kekliktepe"},"description":"Ben Ali Kekliktepe; hayat\u0131n\u0131 \u00f6\u011frenmeye, \u00f6\u011fretmeye ve toplumsal fayda yaratmaya adam\u0131\u015f bir yazar ve profesyonelim. Kalemi sadece ka\u011f\u0131da dokunan bir ara\u00e7 de\u011fil, toplumun aksayan y\u00f6nlerine \u015fifa olan bir enstr\u00fcman olarak g\u00f6r\u00fcyorum.","sameAs":["https:\/\/alikekliktepemersin33.blogspot.com\/"],"url":"https:\/\/epochtimestr.com\/index.php\/author\/ali"}]}},"_links":{"self":[{"href":"https:\/\/epochtimestr.com\/index.php\/wp-json\/wp\/v2\/posts\/167549"}],"collection":[{"href":"https:\/\/epochtimestr.com\/index.php\/wp-json\/wp\/v2\/posts"}],"about":[{"href":"https:\/\/epochtimestr.com\/index.php\/wp-json\/wp\/v2\/types\/post"}],"author":[{"embeddable":true,"href":"https:\/\/epochtimestr.com\/index.php\/wp-json\/wp\/v2\/users\/14013"}],"replies":[{"embeddable":true,"href":"https:\/\/epochtimestr.com\/index.php\/wp-json\/wp\/v2\/comments?post=167549"}],"version-history":[{"count":1,"href":"https:\/\/epochtimestr.com\/index.php\/wp-json\/wp\/v2\/posts\/167549\/revisions"}],"predecessor-version":[{"id":167550,"href":"https:\/\/epochtimestr.com\/index.php\/wp-json\/wp\/v2\/posts\/167549\/revisions\/167550"}],"wp:featuredmedia":[{"embeddable":true,"href":"https:\/\/epochtimestr.com\/index.php\/wp-json\/wp\/v2\/media\/167144"}],"wp:attachment":[{"href":"https:\/\/epochtimestr.com\/index.php\/wp-json\/wp\/v2\/media?parent=167549"}],"wp:term":[{"taxonomy":"category","embeddable":true,"href":"https:\/\/epochtimestr.com\/index.php\/wp-json\/wp\/v2\/categories?post=167549"},{"taxonomy":"post_tag","embeddable":true,"href":"https:\/\/epochtimestr.com\/index.php\/wp-json\/wp\/v2\/tags?post=167549"}],"curies":[{"name":"wp","href":"https:\/\/api.w.org\/{rel}","templated":true}]}}