{"id":167551,"date":"2026-05-28T08:00:00","date_gmt":"2026-05-28T05:00:00","guid":{"rendered":"https:\/\/epochtimestr.com\/?p=167551"},"modified":"2026-05-27T21:17:34","modified_gmt":"2026-05-27T18:17:34","slug":"kurban-gosterisin-degil-samimiyetin-ibadetidir","status":"publish","type":"post","link":"https:\/\/epochtimestr.com\/index.php\/kurban-gosterisin-degil-samimiyetin-ibadetidir","title":{"rendered":"Kurban G\u00f6steri\u015fin De\u011fil Samimiyetin \u0130badetidir"},"content":{"rendered":"\n<p>Bug\u00fcn milyonlarca insan ayn\u0131 niyetle b\u0131\u00e7a\u011fa uzan\u0131yor\u2026<\/p>\n\n\n\n<p>Ama as\u0131l soru \u015fu:<\/p>\n\n\n\n<p>Kurban, ger\u00e7ekten neyi kesmektir?<\/p>\n\n\n\n<p>Kurban Bayram\u0131, sadece bir ibadet de\u011fil, insan\u0131n kendi nefsine tuttu\u011fu aynad\u0131r. \u00c7\u00fcnk\u00fc kurban, yaln\u0131zca bir hayvan\u0131n de\u011fil; i\u00e7imizde b\u00fcy\u00fctt\u00fc\u011f\u00fcm\u00fcz kibrin, h\u0131rs\u0131n, k\u00f6t\u00fcl\u00fc\u011f\u00fcn ve ta\u015fla\u015fm\u0131\u015f vicdan\u0131n da Allah r\u0131zas\u0131 i\u00e7in feda edilmesidir.<\/p>\n\n\n\n<p>\u00d6nce g\u0131ybeti kesmeliyiz.<\/p>\n\n\n\n<p>Sonra yalan\u0131\u2026<\/p>\n\n\n\n<p>Kul hakk\u0131n\u0131 yemeyi, haram lokmay\u0131, k\u00f6t\u00fc niyeti ve zehir gibi s\u00f6zleri kesmeliyiz.<\/p>\n\n\n\n<p>S\u00fcrekli ma\u011fdur olmay\u0131, herkesi su\u00e7lamay\u0131, manip\u00fclasyonu, sahte k\u0131rg\u0131nl\u0131klar\u0131 da kesmeliyiz. \u00c7\u00fcnk\u00fc insan bazen elindeki b\u0131\u00e7aktan \u00f6nce dilini ve egosunu kontrol etmeyi \u00f6\u011frenmelidir.<\/p>\n\n\n\n<p>Bug\u00fcn bir\u00e7ok sofrada et payla\u015f\u0131lacak. Ama mesele yaln\u0131zca eti b\u00f6l\u00fc\u015fmek de\u011fil, vicdan\u0131 payla\u015fabilmek, merhameti \u00e7o\u011faltabilmek, insan kalabilmektir.<\/p>\n\n\n\n<p>As\u0131l kurban;<\/p>\n\n\n\n<ul>\n<li>hasedi kesebilmektir,<\/li>\n\n\n\n<li>\u00f6fkeyi kesebilmektir,<\/li>\n\n\n\n<li>iki y\u00fczl\u00fcl\u00fc\u011f\u00fc kesebilmektir.<\/li>\n<\/ul>\n\n\n\n<p>B\u0131\u00e7a\u011f\u0131 sadece hayvana de\u011fil, i\u00e7imizde b\u00fcy\u00fctt\u00fc\u011f\u00fcm\u00fcz kibre, doymaz h\u0131rsa ve karanl\u0131k niyetlere vurabiliyor muyuz? \u0130\u015fte bayram\u0131n ger\u00e7ek anlam\u0131 tam da burada ba\u015fl\u0131yor.<\/p>\n\n\n\n<p>\u00c7\u00fcnk\u00fc Allah, kesilen etten \u00f6nce niyete bakar.<\/p>\n\n\n\n<p>G\u00f6steri\u015fe de\u011fil samimiyete\u2026 \u015eekle de\u011fil kalbe\u2026<\/p>\n\n\n\n<p>Kurban, insan\u0131n Allah\u2019a yakla\u015fma \u00e7abas\u0131d\u0131r. Ve insan, Rabbine en \u00e7ok, temizlenmi\u015f bir kalple yakla\u015f\u0131r.<\/p>\n\n\n\n<p>Bu vesileyle ba\u015fta \u00fclkemiz olmak \u00fczere t\u00fcm \u0130slam \u00e2leminin Kurban Bayram\u0131\u2019n\u0131 y\u00fcrekten kutluyor, bu m\u00fcbarek g\u00fcnlerin insanl\u0131\u011fa merhamet, vicdan, bereket ve ger\u00e7ek karde\u015flik getirmesini diliyorum.<\/p>\n","protected":false},"excerpt":{"rendered":"<p>Bug\u00fcn milyonlarca insan ayn\u0131 niyetle b\u0131\u00e7a\u011fa uzan\u0131yor\u2026 Ama as\u0131l soru \u015fu: Kurban, ger\u00e7ekten neyi kesmektir? Kurban Bayram\u0131, sadece bir ibadet de\u011fil, insan\u0131n kendi nefsine tuttu\u011fu aynad\u0131r. \u00c7\u00fcnk\u00fc kurban, yaln\u0131zca bir hayvan\u0131n de\u011fil; i\u00e7imizde b\u00fcy\u00fctt\u00fc\u011f\u00fcm\u00fcz kibrin, h\u0131rs\u0131n, k\u00f6t\u00fcl\u00fc\u011f\u00fcn ve ta\u015fla\u015fm\u0131\u015f vicdan\u0131n da Allah r\u0131zas\u0131 i\u00e7in feda edilmesidir. \u00d6nce g\u0131ybeti kesmeliyiz. Sonra yalan\u0131\u2026 Kul hakk\u0131n\u0131 yemeyi, haram [&hellip;]<\/p>\n","protected":false},"author":14012,"featured_media":166830,"comment_status":"open","ping_status":"open","sticky":false,"template":"","format":"standard","meta":{"_yoast_wpseo_focuskw":"Kurban","_yoast_wpseo_title":"","_yoast_wpseo_metadesc":"Bug\u00fcn milyonlarca insan ayn\u0131 niyetle b\u0131\u00e7a\u011fa uzan\u0131yor\u2026 Ama burada as\u0131l soru \u015fu: Kurban, ger\u00e7ekten neyi kesmektir?","_bbp_topic_count":0,"_bbp_reply_count":0,"_bbp_total_topic_count":0,"_bbp_total_reply_count":0,"_bbp_voice_count":0,"_bbp_anonymous_reply_count":0,"_bbp_topic_count_hidden":0,"_bbp_reply_count_hidden":0,"_bbp_forum_subforum_count":0,"footnotes":"","_yoast_wpseo_focuskw_text_input":""},"categories":[11249],"tags":[],"yoast_head":"<!-- This site is optimized with the Yoast SEO plugin v23.0 - https:\/\/yoast.com\/wordpress\/plugins\/seo\/ -->\n<title>Kurban G\u00f6steri\u015fin De\u011fil Samimiyetin \u0130badetidir - The Epoch Times TR<\/title>\n<meta name=\"description\" content=\"Bug\u00fcn milyonlarca insan ayn\u0131 niyetle b\u0131\u00e7a\u011fa uzan\u0131yor\u2026 Ama burada as\u0131l soru \u015fu: Kurban, ger\u00e7ekten neyi kesmektir?\" \/>\n<meta name=\"robots\" content=\"index, follow, max-snippet:-1, max-image-preview:large, max-video-preview:-1\" \/>\n<link rel=\"canonical\" href=\"https:\/\/epochtimestr.com\/index.php\/kurban-gosterisin-degil-samimiyetin-ibadetidir\" \/>\n<meta property=\"og:locale\" content=\"tr_TR\" \/>\n<meta property=\"og:type\" content=\"article\" \/>\n<meta property=\"og:title\" content=\"Kurban G\u00f6steri\u015fin De\u011fil Samimiyetin \u0130badetidir - The Epoch Times TR\" \/>\n<meta property=\"og:description\" content=\"Bug\u00fcn milyonlarca insan ayn\u0131 niyetle b\u0131\u00e7a\u011fa uzan\u0131yor\u2026 Ama burada as\u0131l soru \u015fu: Kurban, ger\u00e7ekten neyi kesmektir?\" \/>\n<meta property=\"og:url\" content=\"https:\/\/epochtimestr.com\/index.php\/kurban-gosterisin-degil-samimiyetin-ibadetidir\" \/>\n<meta property=\"og:site_name\" content=\"The Epoch Times TR\" \/>\n<meta property=\"article:publisher\" content=\"https:\/\/www.facebook.com\/theepochtimestr\" \/>\n<meta property=\"article:published_time\" content=\"2026-05-28T05:00:00+00:00\" \/>\n<meta property=\"article:modified_time\" content=\"2026-05-27T18:17:34+00:00\" \/>\n<meta property=\"og:image\" content=\"https:\/\/epochtimestr.com\/wp-content\/uploads\/2011y\/THE-EPOCH-TIMES-TR-1.png\" \/>\n\t<meta property=\"og:image:width\" content=\"1200\" \/>\n\t<meta property=\"og:image:height\" content=\"630\" \/>\n\t<meta property=\"og:image:type\" content=\"image\/png\" \/>\n<meta name=\"author\" content=\"G\u00f6khan Esmer\" \/>\n<meta name=\"twitter:card\" content=\"summary_large_image\" \/>\n<meta name=\"twitter:creator\" content=\"@TheEpochTimesTR\" \/>\n<meta name=\"twitter:site\" content=\"@TheEpochTimesTR\" \/>\n<meta name=\"twitter:label1\" content=\"Yazan:\" \/>\n\t<meta name=\"twitter:data1\" content=\"G\u00f6khan Esmer\" \/>\n\t<meta name=\"twitter:label2\" content=\"Tahmini okuma s\u00fcresi\" \/>\n\t<meta name=\"twitter:data2\" content=\"2 dakika\" \/>\n<script type=\"application\/ld+json\" class=\"yoast-schema-graph\">{\"@context\":\"https:\/\/schema.org\",\"@graph\":[{\"@type\":\"Article\",\"@id\":\"https:\/\/epochtimestr.com\/index.php\/kurban-gosterisin-degil-samimiyetin-ibadetidir#article\",\"isPartOf\":{\"@id\":\"https:\/\/epochtimestr.com\/index.php\/kurban-gosterisin-degil-samimiyetin-ibadetidir\"},\"author\":{\"name\":\"G\u00f6khan Esmer\",\"@id\":\"https:\/\/epochtimestr.com\/#\/schema\/person\/ad8713e51de3715ff1dbe182ea42878f\"},\"headline\":\"Kurban G\u00f6steri\u015fin De\u011fil Samimiyetin \u0130badetidir\",\"datePublished\":\"2026-05-28T05:00:00+00:00\",\"dateModified\":\"2026-05-27T18:17:34+00:00\",\"mainEntityOfPage\":{\"@id\":\"https:\/\/epochtimestr.com\/index.php\/kurban-gosterisin-degil-samimiyetin-ibadetidir\"},\"wordCount\":277,\"commentCount\":0,\"publisher\":{\"@id\":\"https:\/\/epochtimestr.com\/#organization\"},\"image\":{\"@id\":\"https:\/\/epochtimestr.com\/index.php\/kurban-gosterisin-degil-samimiyetin-ibadetidir#primaryimage\"},\"thumbnailUrl\":\"https:\/\/epochtimestr.com\/wp-content\/uploads\/2011y\/Gokhan-Esmer-Profil.png\",\"articleSection\":[\"K\u00f6\u015fe Yaz\u0131lar\u0131 G\u00f6khan Esmer\"],\"inLanguage\":\"tr\",\"potentialAction\":[{\"@type\":\"CommentAction\",\"name\":\"Comment\",\"target\":[\"https:\/\/epochtimestr.com\/index.php\/kurban-gosterisin-degil-samimiyetin-ibadetidir#respond\"]}]},{\"@type\":\"WebPage\",\"@id\":\"https:\/\/epochtimestr.com\/index.php\/kurban-gosterisin-degil-samimiyetin-ibadetidir\",\"url\":\"https:\/\/epochtimestr.com\/index.php\/kurban-gosterisin-degil-samimiyetin-ibadetidir\",\"name\":\"Kurban G\u00f6steri\u015fin De\u011fil Samimiyetin \u0130badetidir - The Epoch Times TR\",\"isPartOf\":{\"@id\":\"https:\/\/epochtimestr.com\/#website\"},\"primaryImageOfPage\":{\"@id\":\"https:\/\/epochtimestr.com\/index.php\/kurban-gosterisin-degil-samimiyetin-ibadetidir#primaryimage\"},\"image\":{\"@id\":\"https:\/\/epochtimestr.com\/index.php\/kurban-gosterisin-degil-samimiyetin-ibadetidir#primaryimage\"},\"thumbnailUrl\":\"https:\/\/epochtimestr.com\/wp-content\/uploads\/2011y\/Gokhan-Esmer-Profil.png\",\"datePublished\":\"2026-05-28T05:00:00+00:00\",\"dateModified\":\"2026-05-27T18:17:34+00:00\",\"description\":\"Bug\u00fcn milyonlarca insan ayn\u0131 niyetle b\u0131\u00e7a\u011fa uzan\u0131yor\u2026 Ama burada as\u0131l soru \u015fu: Kurban, ger\u00e7ekten neyi kesmektir?\",\"inLanguage\":\"tr\",\"potentialAction\":[{\"@type\":\"ReadAction\",\"target\":[\"https:\/\/epochtimestr.com\/index.php\/kurban-gosterisin-degil-samimiyetin-ibadetidir\"]}]},{\"@type\":\"ImageObject\",\"inLanguage\":\"tr\",\"@id\":\"https:\/\/epochtimestr.com\/index.php\/kurban-gosterisin-degil-samimiyetin-ibadetidir#primaryimage\",\"url\":\"https:\/\/epochtimestr.com\/wp-content\/uploads\/2011y\/Gokhan-Esmer-Profil.png\",\"contentUrl\":\"https:\/\/epochtimestr.com\/wp-content\/uploads\/2011y\/Gokhan-Esmer-Profil.png\",\"width\":600,\"height\":600},{\"@type\":\"WebSite\",\"@id\":\"https:\/\/epochtimestr.com\/#website\",\"url\":\"https:\/\/epochtimestr.com\/\",\"name\":\"The Epoch Times TR\",\"description\":\"De\u011fi\u015fen D\u00fcnyam\u0131za Taze Bir Bak\u0131\u015f\",\"publisher\":{\"@id\":\"https:\/\/epochtimestr.com\/#organization\"},\"potentialAction\":[{\"@type\":\"SearchAction\",\"target\":{\"@type\":\"EntryPoint\",\"urlTemplate\":\"https:\/\/epochtimestr.com\/?s={search_term_string}\"},\"query-input\":\"required name=search_term_string\"}],\"inLanguage\":\"tr\"},{\"@type\":\"Organization\",\"@id\":\"https:\/\/epochtimestr.com\/#organization\",\"name\":\"The EpochTimes T\u00fcrkiye\",\"url\":\"https:\/\/epochtimestr.com\/\",\"logo\":{\"@type\":\"ImageObject\",\"inLanguage\":\"tr\",\"@id\":\"https:\/\/epochtimestr.com\/#\/schema\/logo\/image\/\",\"url\":\"https:\/\/epochtimestr.com\/wp-content\/uploads\/2011y\/ET-Logo-YG.jpg\",\"contentUrl\":\"https:\/\/epochtimestr.com\/wp-content\/uploads\/2011y\/ET-Logo-YG.jpg\",\"width\":346,\"height\":29,\"caption\":\"The EpochTimes T\u00fcrkiye\"},\"image\":{\"@id\":\"https:\/\/epochtimestr.com\/#\/schema\/logo\/image\/\"},\"sameAs\":[\"https:\/\/www.facebook.com\/theepochtimestr\",\"https:\/\/x.com\/TheEpochTimesTR\",\"https:\/\/www.instagram.com\/epochtimestr\"]},{\"@type\":\"Person\",\"@id\":\"https:\/\/epochtimestr.com\/#\/schema\/person\/ad8713e51de3715ff1dbe182ea42878f\",\"name\":\"G\u00f6khan Esmer\",\"image\":{\"@type\":\"ImageObject\",\"inLanguage\":\"tr\",\"@id\":\"https:\/\/epochtimestr.com\/#\/schema\/person\/image\/\",\"url\":\"https:\/\/secure.gravatar.com\/avatar\/ad142c7c953b8d5e040adab07641de48?s=96&d=mm&r=g\",\"contentUrl\":\"https:\/\/secure.gravatar.com\/avatar\/ad142c7c953b8d5e040adab07641de48?s=96&d=mm&r=g\",\"caption\":\"G\u00f6khan Esmer\"},\"url\":\"https:\/\/epochtimestr.com\/index.php\/author\/esmer\"}]}<\/script>\n<!-- \/ Yoast SEO plugin. -->","yoast_head_json":{"title":"Kurban G\u00f6steri\u015fin De\u011fil Samimiyetin \u0130badetidir - The Epoch Times TR","description":"Bug\u00fcn milyonlarca insan ayn\u0131 niyetle b\u0131\u00e7a\u011fa uzan\u0131yor\u2026 Ama burada as\u0131l soru \u015fu: Kurban, ger\u00e7ekten neyi kesmektir?","robots":{"index":"index","follow":"follow","max-snippet":"max-snippet:-1","max-image-preview":"max-image-preview:large","max-video-preview":"max-video-preview:-1"},"canonical":"https:\/\/epochtimestr.com\/index.php\/kurban-gosterisin-degil-samimiyetin-ibadetidir","og_locale":"tr_TR","og_type":"article","og_title":"Kurban G\u00f6steri\u015fin De\u011fil Samimiyetin \u0130badetidir - The Epoch Times TR","og_description":"Bug\u00fcn milyonlarca insan ayn\u0131 niyetle b\u0131\u00e7a\u011fa uzan\u0131yor\u2026 Ama burada as\u0131l soru \u015fu: Kurban, ger\u00e7ekten neyi kesmektir?","og_url":"https:\/\/epochtimestr.com\/index.php\/kurban-gosterisin-degil-samimiyetin-ibadetidir","og_site_name":"The Epoch Times TR","article_publisher":"https:\/\/www.facebook.com\/theepochtimestr","article_published_time":"2026-05-28T05:00:00+00:00","article_modified_time":"2026-05-27T18:17:34+00:00","og_image":[{"width":1200,"height":630,"url":"https:\/\/epochtimestr.com\/wp-content\/uploads\/2011y\/THE-EPOCH-TIMES-TR-1.png","type":"image\/png"}],"author":"G\u00f6khan Esmer","twitter_card":"summary_large_image","twitter_creator":"@TheEpochTimesTR","twitter_site":"@TheEpochTimesTR","twitter_misc":{"Yazan:":"G\u00f6khan Esmer","Tahmini okuma s\u00fcresi":"2 dakika"},"schema":{"@context":"https:\/\/schema.org","@graph":[{"@type":"Article","@id":"https:\/\/epochtimestr.com\/index.php\/kurban-gosterisin-degil-samimiyetin-ibadetidir#article","isPartOf":{"@id":"https:\/\/epochtimestr.com\/index.php\/kurban-gosterisin-degil-samimiyetin-ibadetidir"},"author":{"name":"G\u00f6khan Esmer","@id":"https:\/\/epochtimestr.com\/#\/schema\/person\/ad8713e51de3715ff1dbe182ea42878f"},"headline":"Kurban G\u00f6steri\u015fin De\u011fil Samimiyetin \u0130badetidir","datePublished":"2026-05-28T05:00:00+00:00","dateModified":"2026-05-27T18:17:34+00:00","mainEntityOfPage":{"@id":"https:\/\/epochtimestr.com\/index.php\/kurban-gosterisin-degil-samimiyetin-ibadetidir"},"wordCount":277,"commentCount":0,"publisher":{"@id":"https:\/\/epochtimestr.com\/#organization"},"image":{"@id":"https:\/\/epochtimestr.com\/index.php\/kurban-gosterisin-degil-samimiyetin-ibadetidir#primaryimage"},"thumbnailUrl":"https:\/\/epochtimestr.com\/wp-content\/uploads\/2011y\/Gokhan-Esmer-Profil.png","articleSection":["K\u00f6\u015fe Yaz\u0131lar\u0131 G\u00f6khan Esmer"],"inLanguage":"tr","potentialAction":[{"@type":"CommentAction","name":"Comment","target":["https:\/\/epochtimestr.com\/index.php\/kurban-gosterisin-degil-samimiyetin-ibadetidir#respond"]}]},{"@type":"WebPage","@id":"https:\/\/epochtimestr.com\/index.php\/kurban-gosterisin-degil-samimiyetin-ibadetidir","url":"https:\/\/epochtimestr.com\/index.php\/kurban-gosterisin-degil-samimiyetin-ibadetidir","name":"Kurban G\u00f6steri\u015fin De\u011fil Samimiyetin \u0130badetidir - The Epoch Times TR","isPartOf":{"@id":"https:\/\/epochtimestr.com\/#website"},"primaryImageOfPage":{"@id":"https:\/\/epochtimestr.com\/index.php\/kurban-gosterisin-degil-samimiyetin-ibadetidir#primaryimage"},"image":{"@id":"https:\/\/epochtimestr.com\/index.php\/kurban-gosterisin-degil-samimiyetin-ibadetidir#primaryimage"},"thumbnailUrl":"https:\/\/epochtimestr.com\/wp-content\/uploads\/2011y\/Gokhan-Esmer-Profil.png","datePublished":"2026-05-28T05:00:00+00:00","dateModified":"2026-05-27T18:17:34+00:00","description":"Bug\u00fcn milyonlarca insan ayn\u0131 niyetle b\u0131\u00e7a\u011fa uzan\u0131yor\u2026 Ama burada as\u0131l soru \u015fu: Kurban, ger\u00e7ekten neyi kesmektir?","inLanguage":"tr","potentialAction":[{"@type":"ReadAction","target":["https:\/\/epochtimestr.com\/index.php\/kurban-gosterisin-degil-samimiyetin-ibadetidir"]}]},{"@type":"ImageObject","inLanguage":"tr","@id":"https:\/\/epochtimestr.com\/index.php\/kurban-gosterisin-degil-samimiyetin-ibadetidir#primaryimage","url":"https:\/\/epochtimestr.com\/wp-content\/uploads\/2011y\/Gokhan-Esmer-Profil.png","contentUrl":"https:\/\/epochtimestr.com\/wp-content\/uploads\/2011y\/Gokhan-Esmer-Profil.png","width":600,"height":600},{"@type":"WebSite","@id":"https:\/\/epochtimestr.com\/#website","url":"https:\/\/epochtimestr.com\/","name":"The Epoch Times TR","description":"De\u011fi\u015fen D\u00fcnyam\u0131za Taze Bir Bak\u0131\u015f","publisher":{"@id":"https:\/\/epochtimestr.com\/#organization"},"potentialAction":[{"@type":"SearchAction","target":{"@type":"EntryPoint","urlTemplate":"https:\/\/epochtimestr.com\/?s={search_term_string}"},"query-input":"required name=search_term_string"}],"inLanguage":"tr"},{"@type":"Organization","@id":"https:\/\/epochtimestr.com\/#organization","name":"The EpochTimes T\u00fcrkiye","url":"https:\/\/epochtimestr.com\/","logo":{"@type":"ImageObject","inLanguage":"tr","@id":"https:\/\/epochtimestr.com\/#\/schema\/logo\/image\/","url":"https:\/\/epochtimestr.com\/wp-content\/uploads\/2011y\/ET-Logo-YG.jpg","contentUrl":"https:\/\/epochtimestr.com\/wp-content\/uploads\/2011y\/ET-Logo-YG.jpg","width":346,"height":29,"caption":"The EpochTimes T\u00fcrkiye"},"image":{"@id":"https:\/\/epochtimestr.com\/#\/schema\/logo\/image\/"},"sameAs":["https:\/\/www.facebook.com\/theepochtimestr","https:\/\/x.com\/TheEpochTimesTR","https:\/\/www.instagram.com\/epochtimestr"]},{"@type":"Person","@id":"https:\/\/epochtimestr.com\/#\/schema\/person\/ad8713e51de3715ff1dbe182ea42878f","name":"G\u00f6khan Esmer","image":{"@type":"ImageObject","inLanguage":"tr","@id":"https:\/\/epochtimestr.com\/#\/schema\/person\/image\/","url":"https:\/\/secure.gravatar.com\/avatar\/ad142c7c953b8d5e040adab07641de48?s=96&d=mm&r=g","contentUrl":"https:\/\/secure.gravatar.com\/avatar\/ad142c7c953b8d5e040adab07641de48?s=96&d=mm&r=g","caption":"G\u00f6khan Esmer"},"url":"https:\/\/epochtimestr.com\/index.php\/author\/esmer"}]}},"_links":{"self":[{"href":"https:\/\/epochtimestr.com\/index.php\/wp-json\/wp\/v2\/posts\/167551"}],"collection":[{"href":"https:\/\/epochtimestr.com\/index.php\/wp-json\/wp\/v2\/posts"}],"about":[{"href":"https:\/\/epochtimestr.com\/index.php\/wp-json\/wp\/v2\/types\/post"}],"author":[{"embeddable":true,"href":"https:\/\/epochtimestr.com\/index.php\/wp-json\/wp\/v2\/users\/14012"}],"replies":[{"embeddable":true,"href":"https:\/\/epochtimestr.com\/index.php\/wp-json\/wp\/v2\/comments?post=167551"}],"version-history":[{"count":1,"href":"https:\/\/epochtimestr.com\/index.php\/wp-json\/wp\/v2\/posts\/167551\/revisions"}],"predecessor-version":[{"id":167552,"href":"https:\/\/epochtimestr.com\/index.php\/wp-json\/wp\/v2\/posts\/167551\/revisions\/167552"}],"wp:featuredmedia":[{"embeddable":true,"href":"https:\/\/epochtimestr.com\/index.php\/wp-json\/wp\/v2\/media\/166830"}],"wp:attachment":[{"href":"https:\/\/epochtimestr.com\/index.php\/wp-json\/wp\/v2\/media?parent=167551"}],"wp:term":[{"taxonomy":"category","embeddable":true,"href":"https:\/\/epochtimestr.com\/index.php\/wp-json\/wp\/v2\/categories?post=167551"},{"taxonomy":"post_tag","embeddable":true,"href":"https:\/\/epochtimestr.com\/index.php\/wp-json\/wp\/v2\/tags?post=167551"}],"curies":[{"name":"wp","href":"https:\/\/api.w.org\/{rel}","templated":true}]}}