{"id":167553,"date":"2026-05-28T13:05:17","date_gmt":"2026-05-28T10:05:17","guid":{"rendered":"https:\/\/epochtimestr.com\/?p=167553"},"modified":"2026-05-28T13:05:19","modified_gmt":"2026-05-28T10:05:19","slug":"hurmuz-bogazi-gerilimi-sonrasi-abd-iranda-hedefleri-vurdu","status":"publish","type":"post","link":"https:\/\/epochtimestr.com\/index.php\/hurmuz-bogazi-gerilimi-sonrasi-abd-iranda-hedefleri-vurdu","title":{"rendered":"H\u00fcrm\u00fcz Bo\u011faz\u0131 Gerilimi Sonras\u0131 ABD \u0130ran\u2019da Hedefleri Vurdu"},"content":{"rendered":"<div class=\"wp-block-image\">\n<figure class=\"aligncenter size-full\"><img loading=\"lazy\" decoding=\"async\" width=\"1200\" height=\"675\" src=\"https:\/\/epochtimestr.com\/wp-content\/uploads\/2011y\/1000039484.webp\" alt=\"H\u00fcrm\u00fcz Bo\u011faz\u0131, Musanlam, Umman\u2019daki gemiler ve tekneler, 1 May\u0131s 2026. (Foto\u011fraf: Stringer, Reuters, The Epoch Times arac\u0131yla)\" class=\"wp-image-167554\" srcset=\"https:\/\/epochtimestr.com\/wp-content\/uploads\/2011y\/1000039484.webp 1200w, https:\/\/epochtimestr.com\/wp-content\/uploads\/2011y\/1000039484-300x169.webp 300w, https:\/\/epochtimestr.com\/wp-content\/uploads\/2011y\/1000039484-150x84.webp 150w, https:\/\/epochtimestr.com\/wp-content\/uploads\/2011y\/1000039484-768x432.webp 768w\" sizes=\"(max-width: 1200px) 100vw, 1200px\" \/><figcaption class=\"wp-element-caption\"><em>H\u00fcrm\u00fcz Bo\u011faz\u0131, Musanlam, Umman\u2019daki gemiler ve tekneler, 1 May\u0131s 2026. (Foto\u011fraf: Stringer, Reuters, The Epoch Times arac\u0131l\u0131\u011f\u0131yla)<\/em><\/figcaption><\/figure><\/div>\n\n\n<p>ABD, \u0130ran ve H\u00fcrm\u00fcz Bo\u011faz\u0131 \u00e7evresinde savunma ama\u00e7l\u0131 operasyon d\u00fczenledi. ABD Merkez Komutanl\u0131\u011f\u0131 yetkilisi, d\u00f6rt \u0130ran yap\u0131m\u0131 tek y\u00f6nl\u00fc sald\u0131r\u0131 dronunun d\u00fc\u015f\u00fcr\u00fcld\u00fc\u011f\u00fcn\u00fc a\u00e7\u0131klad\u0131. Yetkili, ayr\u0131ca be\u015finci dronun f\u0131rlat\u0131laca\u011f\u0131 bir kontrol istasyonunun da vuruldu\u011funu bildirdi.<\/p>\n\n\n\n<p><a href=\"https:\/\/www.theepochtimes.com\/world\/us-carries-out-purely-defensive-strikes-in-iran-strait-of-hormuz-6039688\" target=\"_blank\" rel=\"noreferrer noopener\">ABD yetkilileri<\/a>, operasyonlar\u0131n mevcut ate\u015fkesi ihlal etmedi\u011fini belirtti. Ayr\u0131ca, eylemlerin \u201c\u00f6l\u00e7\u00fcl\u00fc, tamamen savunma ama\u00e7l\u0131 ve ate\u015fkesi korumaya y\u00f6nelik\u201d oldu\u011funu ifade etti.<\/p>\n\n\n\n<p>Operasyon, ABD ve \u0130ran aras\u0131nda devam eden bar\u0131\u015f g\u00f6r\u00fc\u015fmeleri s\u0131ras\u0131nda ger\u00e7ekle\u015ftirildi. Bununla birlikte \u00fc\u00e7 ayd\u0131r s\u00fcren sava\u015f, k\u00fcresel enerji fiyatlar\u0131n\u0131 ciddi bi\u00e7imde y\u00fckseltmi\u015f durumda.<\/p>\n\n\n\n<p>ABD Ba\u015fkan\u0131 Donald Trump, \u0130ran\u2019\u0131n m\u00fczakerelerde zay\u0131f bir konumda oldu\u011funu s\u00f6yledi. Trump, Bakanlar Kurulu toplant\u0131s\u0131nda anla\u015fma yolunda ilerleme sa\u011fland\u0131\u011f\u0131n\u0131 ifade etti. Ba\u015fkan ayr\u0131ca, \u0130ran ve Umman\u2019\u0131n <a href=\"https:\/\/epochtimestr.com\/index.php\/abd-hurmuz-bogazindaki-kontrolunu-artiriyor\" target=\"_blank\" rel=\"noreferrer noopener\">H\u00fcrm\u00fcz Bo\u011faz\u0131\u2019nda<\/a> ortak y\u00f6netim planlad\u0131\u011f\u0131 iddialar\u0131n\u0131 reddetti.<\/p>\n\n\n\n<p>ABD Ba\u015fkan\u0131, yakla\u015fan ara se\u00e7imlerin kararlar\u0131n\u0131 etkilemeyece\u011fini vurgulad\u0131. Trump, \u201cAra se\u00e7imlerle ilgili bir etkilenme yok\u201d dedi.<\/p>\n\n\n\n<p><strong>\u0130ran ile G\u00f6r\u00fc\u015fmeler Devam Ediyor<\/strong><\/p>\n\n\n\n<p>Trump, \u0130ran\u2019\u0131n anla\u015fmaya istekli oldu\u011funu ancak s\u00fcrecin belirsizli\u011fini korudu\u011funu belirtti. ABD, \u0130ran\u2019\u0131n y\u00fcksek oranda zenginle\u015ftirilmi\u015f uranyum stoklar\u0131n\u0131 tamamen teslim etmesini \u015fart ko\u015fuyor. Ba\u015fkan ge\u00e7mi\u015fte \u0130ran\u2019\u0131n sivil n\u00fckleer program\u0131n\u0131n kapat\u0131lmas\u0131n\u0131 da istemi\u015fti.<\/p>\n\n\n\n<p>Taraflar, \u0130srail\u2019in L\u00fcbnan\u2019daki Hizbullah\u2019a kar\u015f\u0131 y\u00fcr\u00fctt\u00fc\u011f\u00fc sava\u015f\u0131 da ate\u015fkes kapsam\u0131na al\u0131p almad\u0131\u011f\u0131 konusunda anla\u015fmazl\u0131k ya\u015f\u0131yor. ABD yetkilileri, bu konunun \u0130ran taraf\u0131ndan yanl\u0131\u015f anla\u015f\u0131ld\u0131\u011f\u0131n\u0131 a\u00e7\u0131klad\u0131.<\/p>\n\n\n\n<p>Hafta ba\u015f\u0131nda ABD, \u0130ran\u2019daki f\u00fcze rampalar\u0131n\u0131 ve may\u0131n d\u00f6\u015feyen tekneleri de hedef ald\u0131. Ancak yetkililer, operasyonlarda \u00f6l\u00e7\u00fcl\u00fc davran\u0131ld\u0131\u011f\u0131n\u0131 ve hassas ate\u015fkesin korunmaya \u00e7al\u0131\u015f\u0131ld\u0131\u011f\u0131n\u0131 vurgulad\u0131.<\/p>\n","protected":false},"excerpt":{"rendered":"<p>ABD, \u0130ran ve H\u00fcrm\u00fcz Bo\u011faz\u0131 \u00e7evresinde savunma ama\u00e7l\u0131 operasyon d\u00fczenledi. ABD Merkez Komutanl\u0131\u011f\u0131 yetkilisi, d\u00f6rt \u0130ran yap\u0131m\u0131 tek y\u00f6nl\u00fc sald\u0131r\u0131 dronunun d\u00fc\u015f\u00fcr\u00fcld\u00fc\u011f\u00fcn\u00fc a\u00e7\u0131klad\u0131. Yetkili, ayr\u0131ca be\u015finci dronun f\u0131rlat\u0131laca\u011f\u0131 bir kontrol istasyonunun da vuruldu\u011funu bildirdi. ABD yetkilileri, operasyonlar\u0131n mevcut ate\u015fkesi ihlal etmedi\u011fini belirtti. Ayr\u0131ca, eylemlerin \u201c\u00f6l\u00e7\u00fcl\u00fc, tamamen savunma ama\u00e7l\u0131 ve ate\u015fkesi korumaya y\u00f6nelik\u201d oldu\u011funu ifade etti. [&hellip;]<\/p>\n","protected":false},"author":13996,"featured_media":167554,"comment_status":"open","ping_status":"open","sticky":false,"template":"","format":"standard","meta":{"_yoast_wpseo_focuskw":"H\u00fcrm\u00fcz bo\u011faz\u0131","_yoast_wpseo_title":"","_yoast_wpseo_metadesc":"ABD\u2019nin \u0130ran ve H\u00fcrm\u00fcz Bo\u011faz\u0131 \u00e7evresindeki savunma operasyonlar\u0131 sonras\u0131, ate\u015fkes g\u00f6r\u00fc\u015fmeleri yeniden g\u00fcndeme geldi.","_bbp_topic_count":0,"_bbp_reply_count":0,"_bbp_total_topic_count":0,"_bbp_total_reply_count":0,"_bbp_voice_count":0,"_bbp_anonymous_reply_count":0,"_bbp_topic_count_hidden":0,"_bbp_reply_count_hidden":0,"_bbp_forum_subforum_count":0,"footnotes":"","_yoast_wpseo_focuskw_text_input":""},"categories":[5,1,8138],"tags":[10503,1663,6828,9876,10522,11143,10584],"yoast_head":"<!-- This site is optimized with the Yoast SEO plugin v23.0 - https:\/\/yoast.com\/wordpress\/plugins\/seo\/ -->\n<title>H\u00fcrm\u00fcz Bo\u011faz\u0131 Gerilimi Sonras\u0131 ABD \u0130ran\u2019da Hedefleri Vurdu - The Epoch Times TR<\/title>\n<meta name=\"description\" content=\"ABD\u2019nin \u0130ran ve H\u00fcrm\u00fcz Bo\u011faz\u0131 \u00e7evresindeki savunma operasyonlar\u0131 sonras\u0131, ate\u015fkes g\u00f6r\u00fc\u015fmeleri yeniden g\u00fcndeme geldi.\" \/>\n<meta name=\"robots\" content=\"index, follow, max-snippet:-1, max-image-preview:large, max-video-preview:-1\" \/>\n<link rel=\"canonical\" href=\"https:\/\/epochtimestr.com\/index.php\/hurmuz-bogazi-gerilimi-sonrasi-abd-iranda-hedefleri-vurdu\" \/>\n<meta property=\"og:locale\" content=\"tr_TR\" \/>\n<meta property=\"og:type\" content=\"article\" \/>\n<meta property=\"og:title\" content=\"H\u00fcrm\u00fcz Bo\u011faz\u0131 Gerilimi Sonras\u0131 ABD \u0130ran\u2019da Hedefleri Vurdu - The Epoch Times TR\" \/>\n<meta property=\"og:description\" content=\"ABD\u2019nin \u0130ran ve H\u00fcrm\u00fcz Bo\u011faz\u0131 \u00e7evresindeki savunma operasyonlar\u0131 sonras\u0131, ate\u015fkes g\u00f6r\u00fc\u015fmeleri yeniden g\u00fcndeme geldi.\" \/>\n<meta property=\"og:url\" content=\"https:\/\/epochtimestr.com\/index.php\/hurmuz-bogazi-gerilimi-sonrasi-abd-iranda-hedefleri-vurdu\" \/>\n<meta property=\"og:site_name\" content=\"The Epoch Times TR\" \/>\n<meta property=\"article:publisher\" content=\"https:\/\/www.facebook.com\/theepochtimestr\" \/>\n<meta property=\"article:published_time\" content=\"2026-05-28T10:05:17+00:00\" \/>\n<meta property=\"article:modified_time\" content=\"2026-05-28T10:05:19+00:00\" \/>\n<meta property=\"og:image\" content=\"https:\/\/epochtimestr.com\/wp-content\/uploads\/2011y\/1000039484.webp\" \/>\n\t<meta property=\"og:image:width\" content=\"1200\" \/>\n\t<meta property=\"og:image:height\" content=\"675\" \/>\n\t<meta property=\"og:image:type\" content=\"image\/webp\" \/>\n<meta name=\"author\" content=\"Leo Bajelan\" \/>\n<meta name=\"twitter:card\" content=\"summary_large_image\" \/>\n<meta name=\"twitter:creator\" content=\"@TheEpochTimesTR\" \/>\n<meta name=\"twitter:site\" content=\"@TheEpochTimesTR\" \/>\n<meta name=\"twitter:label1\" content=\"Yazan:\" \/>\n\t<meta name=\"twitter:data1\" content=\"Leo Bajelan\" \/>\n\t<meta name=\"twitter:label2\" content=\"Tahmini okuma s\u00fcresi\" \/>\n\t<meta name=\"twitter:data2\" content=\"2 dakika\" \/>\n<script type=\"application\/ld+json\" class=\"yoast-schema-graph\">{\"@context\":\"https:\/\/schema.org\",\"@graph\":[{\"@type\":\"Article\",\"@id\":\"https:\/\/epochtimestr.com\/index.php\/hurmuz-bogazi-gerilimi-sonrasi-abd-iranda-hedefleri-vurdu#article\",\"isPartOf\":{\"@id\":\"https:\/\/epochtimestr.com\/index.php\/hurmuz-bogazi-gerilimi-sonrasi-abd-iranda-hedefleri-vurdu\"},\"author\":{\"name\":\"Leo Bajelan\",\"@id\":\"https:\/\/epochtimestr.com\/#\/schema\/person\/5fef218711d76d8f232b0e1f1d7e4c0d\"},\"headline\":\"H\u00fcrm\u00fcz Bo\u011faz\u0131 Gerilimi Sonras\u0131 ABD \u0130ran\u2019da Hedefleri Vurdu\",\"datePublished\":\"2026-05-28T10:05:17+00:00\",\"dateModified\":\"2026-05-28T10:05:19+00:00\",\"mainEntityOfPage\":{\"@id\":\"https:\/\/epochtimestr.com\/index.php\/hurmuz-bogazi-gerilimi-sonrasi-abd-iranda-hedefleri-vurdu\"},\"wordCount\":363,\"commentCount\":0,\"publisher\":{\"@id\":\"https:\/\/epochtimestr.com\/#organization\"},\"image\":{\"@id\":\"https:\/\/epochtimestr.com\/index.php\/hurmuz-bogazi-gerilimi-sonrasi-abd-iranda-hedefleri-vurdu#primaryimage\"},\"thumbnailUrl\":\"https:\/\/epochtimestr.com\/wp-content\/uploads\/2011y\/1000039484.webp\",\"keywords\":[\"ABD \u0130ran sava\u015f\u0131\",\"Ate\u015fkes\",\"BAE\",\"CENTCOM\",\"H\u00fcrm\u00fcz bo\u011faz\u0131\",\"\u0130ran m\u00fczakereleri\",\"Umman\"],\"articleSection\":[\"D\u00dcNYA\",\"G\u00dcNDEM\",\"MAN\u015eET\"],\"inLanguage\":\"tr\",\"potentialAction\":[{\"@type\":\"CommentAction\",\"name\":\"Comment\",\"target\":[\"https:\/\/epochtimestr.com\/index.php\/hurmuz-bogazi-gerilimi-sonrasi-abd-iranda-hedefleri-vurdu#respond\"]}]},{\"@type\":\"WebPage\",\"@id\":\"https:\/\/epochtimestr.com\/index.php\/hurmuz-bogazi-gerilimi-sonrasi-abd-iranda-hedefleri-vurdu\",\"url\":\"https:\/\/epochtimestr.com\/index.php\/hurmuz-bogazi-gerilimi-sonrasi-abd-iranda-hedefleri-vurdu\",\"name\":\"H\u00fcrm\u00fcz Bo\u011faz\u0131 Gerilimi Sonras\u0131 ABD \u0130ran\u2019da Hedefleri Vurdu - The Epoch Times TR\",\"isPartOf\":{\"@id\":\"https:\/\/epochtimestr.com\/#website\"},\"primaryImageOfPage\":{\"@id\":\"https:\/\/epochtimestr.com\/index.php\/hurmuz-bogazi-gerilimi-sonrasi-abd-iranda-hedefleri-vurdu#primaryimage\"},\"image\":{\"@id\":\"https:\/\/epochtimestr.com\/index.php\/hurmuz-bogazi-gerilimi-sonrasi-abd-iranda-hedefleri-vurdu#primaryimage\"},\"thumbnailUrl\":\"https:\/\/epochtimestr.com\/wp-content\/uploads\/2011y\/1000039484.webp\",\"datePublished\":\"2026-05-28T10:05:17+00:00\",\"dateModified\":\"2026-05-28T10:05:19+00:00\",\"description\":\"ABD\u2019nin \u0130ran ve H\u00fcrm\u00fcz Bo\u011faz\u0131 \u00e7evresindeki savunma operasyonlar\u0131 sonras\u0131, ate\u015fkes g\u00f6r\u00fc\u015fmeleri yeniden g\u00fcndeme geldi.\",\"inLanguage\":\"tr\",\"potentialAction\":[{\"@type\":\"ReadAction\",\"target\":[\"https:\/\/epochtimestr.com\/index.php\/hurmuz-bogazi-gerilimi-sonrasi-abd-iranda-hedefleri-vurdu\"]}]},{\"@type\":\"ImageObject\",\"inLanguage\":\"tr\",\"@id\":\"https:\/\/epochtimestr.com\/index.php\/hurmuz-bogazi-gerilimi-sonrasi-abd-iranda-hedefleri-vurdu#primaryimage\",\"url\":\"https:\/\/epochtimestr.com\/wp-content\/uploads\/2011y\/1000039484.webp\",\"contentUrl\":\"https:\/\/epochtimestr.com\/wp-content\/uploads\/2011y\/1000039484.webp\",\"width\":1200,\"height\":675},{\"@type\":\"WebSite\",\"@id\":\"https:\/\/epochtimestr.com\/#website\",\"url\":\"https:\/\/epochtimestr.com\/\",\"name\":\"The Epoch Times TR\",\"description\":\"De\u011fi\u015fen D\u00fcnyam\u0131za Taze Bir Bak\u0131\u015f\",\"publisher\":{\"@id\":\"https:\/\/epochtimestr.com\/#organization\"},\"potentialAction\":[{\"@type\":\"SearchAction\",\"target\":{\"@type\":\"EntryPoint\",\"urlTemplate\":\"https:\/\/epochtimestr.com\/?s={search_term_string}\"},\"query-input\":\"required name=search_term_string\"}],\"inLanguage\":\"tr\"},{\"@type\":\"Organization\",\"@id\":\"https:\/\/epochtimestr.com\/#organization\",\"name\":\"The EpochTimes T\u00fcrkiye\",\"url\":\"https:\/\/epochtimestr.com\/\",\"logo\":{\"@type\":\"ImageObject\",\"inLanguage\":\"tr\",\"@id\":\"https:\/\/epochtimestr.com\/#\/schema\/logo\/image\/\",\"url\":\"https:\/\/epochtimestr.com\/wp-content\/uploads\/2011y\/ET-Logo-YG.jpg\",\"contentUrl\":\"https:\/\/epochtimestr.com\/wp-content\/uploads\/2011y\/ET-Logo-YG.jpg\",\"width\":346,\"height\":29,\"caption\":\"The EpochTimes T\u00fcrkiye\"},\"image\":{\"@id\":\"https:\/\/epochtimestr.com\/#\/schema\/logo\/image\/\"},\"sameAs\":[\"https:\/\/www.facebook.com\/theepochtimestr\",\"https:\/\/x.com\/TheEpochTimesTR\",\"https:\/\/www.instagram.com\/epochtimestr\"]},{\"@type\":\"Person\",\"@id\":\"https:\/\/epochtimestr.com\/#\/schema\/person\/5fef218711d76d8f232b0e1f1d7e4c0d\",\"name\":\"Leo Bajelan\",\"image\":{\"@type\":\"ImageObject\",\"inLanguage\":\"tr\",\"@id\":\"https:\/\/epochtimestr.com\/#\/schema\/person\/image\/\",\"url\":\"https:\/\/secure.gravatar.com\/avatar\/917669146f489549e548a2e9af272df5?s=96&d=mm&r=g\",\"contentUrl\":\"https:\/\/secure.gravatar.com\/avatar\/917669146f489549e548a2e9af272df5?s=96&d=mm&r=g\",\"caption\":\"Leo Bajelan\"},\"url\":\"https:\/\/epochtimestr.com\/index.php\/author\/leo\"}]}<\/script>\n<!-- \/ Yoast SEO plugin. -->","yoast_head_json":{"title":"H\u00fcrm\u00fcz Bo\u011faz\u0131 Gerilimi Sonras\u0131 ABD \u0130ran\u2019da Hedefleri Vurdu - The Epoch Times TR","description":"ABD\u2019nin \u0130ran ve H\u00fcrm\u00fcz Bo\u011faz\u0131 \u00e7evresindeki savunma operasyonlar\u0131 sonras\u0131, ate\u015fkes g\u00f6r\u00fc\u015fmeleri yeniden g\u00fcndeme geldi.","robots":{"index":"index","follow":"follow","max-snippet":"max-snippet:-1","max-image-preview":"max-image-preview:large","max-video-preview":"max-video-preview:-1"},"canonical":"https:\/\/epochtimestr.com\/index.php\/hurmuz-bogazi-gerilimi-sonrasi-abd-iranda-hedefleri-vurdu","og_locale":"tr_TR","og_type":"article","og_title":"H\u00fcrm\u00fcz Bo\u011faz\u0131 Gerilimi Sonras\u0131 ABD \u0130ran\u2019da Hedefleri Vurdu - The Epoch Times TR","og_description":"ABD\u2019nin \u0130ran ve H\u00fcrm\u00fcz Bo\u011faz\u0131 \u00e7evresindeki savunma operasyonlar\u0131 sonras\u0131, ate\u015fkes g\u00f6r\u00fc\u015fmeleri yeniden g\u00fcndeme geldi.","og_url":"https:\/\/epochtimestr.com\/index.php\/hurmuz-bogazi-gerilimi-sonrasi-abd-iranda-hedefleri-vurdu","og_site_name":"The Epoch Times TR","article_publisher":"https:\/\/www.facebook.com\/theepochtimestr","article_published_time":"2026-05-28T10:05:17+00:00","article_modified_time":"2026-05-28T10:05:19+00:00","og_image":[{"width":1200,"height":675,"url":"https:\/\/epochtimestr.com\/wp-content\/uploads\/2011y\/1000039484.webp","type":"image\/webp"}],"author":"Leo Bajelan","twitter_card":"summary_large_image","twitter_creator":"@TheEpochTimesTR","twitter_site":"@TheEpochTimesTR","twitter_misc":{"Yazan:":"Leo Bajelan","Tahmini okuma s\u00fcresi":"2 dakika"},"schema":{"@context":"https:\/\/schema.org","@graph":[{"@type":"Article","@id":"https:\/\/epochtimestr.com\/index.php\/hurmuz-bogazi-gerilimi-sonrasi-abd-iranda-hedefleri-vurdu#article","isPartOf":{"@id":"https:\/\/epochtimestr.com\/index.php\/hurmuz-bogazi-gerilimi-sonrasi-abd-iranda-hedefleri-vurdu"},"author":{"name":"Leo Bajelan","@id":"https:\/\/epochtimestr.com\/#\/schema\/person\/5fef218711d76d8f232b0e1f1d7e4c0d"},"headline":"H\u00fcrm\u00fcz Bo\u011faz\u0131 Gerilimi Sonras\u0131 ABD \u0130ran\u2019da Hedefleri Vurdu","datePublished":"2026-05-28T10:05:17+00:00","dateModified":"2026-05-28T10:05:19+00:00","mainEntityOfPage":{"@id":"https:\/\/epochtimestr.com\/index.php\/hurmuz-bogazi-gerilimi-sonrasi-abd-iranda-hedefleri-vurdu"},"wordCount":363,"commentCount":0,"publisher":{"@id":"https:\/\/epochtimestr.com\/#organization"},"image":{"@id":"https:\/\/epochtimestr.com\/index.php\/hurmuz-bogazi-gerilimi-sonrasi-abd-iranda-hedefleri-vurdu#primaryimage"},"thumbnailUrl":"https:\/\/epochtimestr.com\/wp-content\/uploads\/2011y\/1000039484.webp","keywords":["ABD \u0130ran sava\u015f\u0131","Ate\u015fkes","BAE","CENTCOM","H\u00fcrm\u00fcz bo\u011faz\u0131","\u0130ran m\u00fczakereleri","Umman"],"articleSection":["D\u00dcNYA","G\u00dcNDEM","MAN\u015eET"],"inLanguage":"tr","potentialAction":[{"@type":"CommentAction","name":"Comment","target":["https:\/\/epochtimestr.com\/index.php\/hurmuz-bogazi-gerilimi-sonrasi-abd-iranda-hedefleri-vurdu#respond"]}]},{"@type":"WebPage","@id":"https:\/\/epochtimestr.com\/index.php\/hurmuz-bogazi-gerilimi-sonrasi-abd-iranda-hedefleri-vurdu","url":"https:\/\/epochtimestr.com\/index.php\/hurmuz-bogazi-gerilimi-sonrasi-abd-iranda-hedefleri-vurdu","name":"H\u00fcrm\u00fcz Bo\u011faz\u0131 Gerilimi Sonras\u0131 ABD \u0130ran\u2019da Hedefleri Vurdu - The Epoch Times TR","isPartOf":{"@id":"https:\/\/epochtimestr.com\/#website"},"primaryImageOfPage":{"@id":"https:\/\/epochtimestr.com\/index.php\/hurmuz-bogazi-gerilimi-sonrasi-abd-iranda-hedefleri-vurdu#primaryimage"},"image":{"@id":"https:\/\/epochtimestr.com\/index.php\/hurmuz-bogazi-gerilimi-sonrasi-abd-iranda-hedefleri-vurdu#primaryimage"},"thumbnailUrl":"https:\/\/epochtimestr.com\/wp-content\/uploads\/2011y\/1000039484.webp","datePublished":"2026-05-28T10:05:17+00:00","dateModified":"2026-05-28T10:05:19+00:00","description":"ABD\u2019nin \u0130ran ve H\u00fcrm\u00fcz Bo\u011faz\u0131 \u00e7evresindeki savunma operasyonlar\u0131 sonras\u0131, ate\u015fkes g\u00f6r\u00fc\u015fmeleri yeniden g\u00fcndeme geldi.","inLanguage":"tr","potentialAction":[{"@type":"ReadAction","target":["https:\/\/epochtimestr.com\/index.php\/hurmuz-bogazi-gerilimi-sonrasi-abd-iranda-hedefleri-vurdu"]}]},{"@type":"ImageObject","inLanguage":"tr","@id":"https:\/\/epochtimestr.com\/index.php\/hurmuz-bogazi-gerilimi-sonrasi-abd-iranda-hedefleri-vurdu#primaryimage","url":"https:\/\/epochtimestr.com\/wp-content\/uploads\/2011y\/1000039484.webp","contentUrl":"https:\/\/epochtimestr.com\/wp-content\/uploads\/2011y\/1000039484.webp","width":1200,"height":675},{"@type":"WebSite","@id":"https:\/\/epochtimestr.com\/#website","url":"https:\/\/epochtimestr.com\/","name":"The Epoch Times TR","description":"De\u011fi\u015fen D\u00fcnyam\u0131za Taze Bir Bak\u0131\u015f","publisher":{"@id":"https:\/\/epochtimestr.com\/#organization"},"potentialAction":[{"@type":"SearchAction","target":{"@type":"EntryPoint","urlTemplate":"https:\/\/epochtimestr.com\/?s={search_term_string}"},"query-input":"required name=search_term_string"}],"inLanguage":"tr"},{"@type":"Organization","@id":"https:\/\/epochtimestr.com\/#organization","name":"The EpochTimes T\u00fcrkiye","url":"https:\/\/epochtimestr.com\/","logo":{"@type":"ImageObject","inLanguage":"tr","@id":"https:\/\/epochtimestr.com\/#\/schema\/logo\/image\/","url":"https:\/\/epochtimestr.com\/wp-content\/uploads\/2011y\/ET-Logo-YG.jpg","contentUrl":"https:\/\/epochtimestr.com\/wp-content\/uploads\/2011y\/ET-Logo-YG.jpg","width":346,"height":29,"caption":"The EpochTimes T\u00fcrkiye"},"image":{"@id":"https:\/\/epochtimestr.com\/#\/schema\/logo\/image\/"},"sameAs":["https:\/\/www.facebook.com\/theepochtimestr","https:\/\/x.com\/TheEpochTimesTR","https:\/\/www.instagram.com\/epochtimestr"]},{"@type":"Person","@id":"https:\/\/epochtimestr.com\/#\/schema\/person\/5fef218711d76d8f232b0e1f1d7e4c0d","name":"Leo Bajelan","image":{"@type":"ImageObject","inLanguage":"tr","@id":"https:\/\/epochtimestr.com\/#\/schema\/person\/image\/","url":"https:\/\/secure.gravatar.com\/avatar\/917669146f489549e548a2e9af272df5?s=96&d=mm&r=g","contentUrl":"https:\/\/secure.gravatar.com\/avatar\/917669146f489549e548a2e9af272df5?s=96&d=mm&r=g","caption":"Leo Bajelan"},"url":"https:\/\/epochtimestr.com\/index.php\/author\/leo"}]}},"_links":{"self":[{"href":"https:\/\/epochtimestr.com\/index.php\/wp-json\/wp\/v2\/posts\/167553"}],"collection":[{"href":"https:\/\/epochtimestr.com\/index.php\/wp-json\/wp\/v2\/posts"}],"about":[{"href":"https:\/\/epochtimestr.com\/index.php\/wp-json\/wp\/v2\/types\/post"}],"author":[{"embeddable":true,"href":"https:\/\/epochtimestr.com\/index.php\/wp-json\/wp\/v2\/users\/13996"}],"replies":[{"embeddable":true,"href":"https:\/\/epochtimestr.com\/index.php\/wp-json\/wp\/v2\/comments?post=167553"}],"version-history":[{"count":2,"href":"https:\/\/epochtimestr.com\/index.php\/wp-json\/wp\/v2\/posts\/167553\/revisions"}],"predecessor-version":[{"id":167557,"href":"https:\/\/epochtimestr.com\/index.php\/wp-json\/wp\/v2\/posts\/167553\/revisions\/167557"}],"wp:featuredmedia":[{"embeddable":true,"href":"https:\/\/epochtimestr.com\/index.php\/wp-json\/wp\/v2\/media\/167554"}],"wp:attachment":[{"href":"https:\/\/epochtimestr.com\/index.php\/wp-json\/wp\/v2\/media?parent=167553"}],"wp:term":[{"taxonomy":"category","embeddable":true,"href":"https:\/\/epochtimestr.com\/index.php\/wp-json\/wp\/v2\/categories?post=167553"},{"taxonomy":"post_tag","embeddable":true,"href":"https:\/\/epochtimestr.com\/index.php\/wp-json\/wp\/v2\/tags?post=167553"}],"curies":[{"name":"wp","href":"https:\/\/api.w.org\/{rel}","templated":true}]}}