{"id":167569,"date":"2026-05-30T07:00:00","date_gmt":"2026-05-30T04:00:00","guid":{"rendered":"https:\/\/epochtimestr.com\/?p=167569"},"modified":"2026-05-29T12:09:16","modified_gmt":"2026-05-29T09:09:16","slug":"afrikada-turk-donemi","status":"publish","type":"post","link":"https:\/\/epochtimestr.com\/index.php\/afrikada-turk-donemi","title":{"rendered":"Afrika\u2019da T\u00fcrk D\u00f6nemi"},"content":{"rendered":"\n<p>\u00c7ok de\u011fil, bundan on y\u0131l \u00f6nce birileri \u00e7\u0131k\u0131p \u201cFransa bir g\u00fcn Afrika k\u0131tas\u0131ndan adeta yaka pa\u00e7a d\u0131\u015flanacak ve bo\u015falan koltu\u011fu doldurmas\u0131 i\u00e7in T\u00fcrkiye\u2019nin kap\u0131s\u0131 \u00e7al\u0131nacak\u201d deseydi, uluslararas\u0131 ili\u015fkiler elitleri muhtemelen buna b\u0131y\u0131k alt\u0131ndan g\u00fclerdi. Ancak bug\u00fcn kar\u015f\u0131m\u0131zda duran ger\u00e7ek tam olarak bu. Londra merkezli Middle East Eye\u2019\u0131n ge\u00e7ti\u011fi son analiz, k\u00fcresel g\u00fc\u00e7 dengelerindeki bu b\u00fcy\u00fck k\u0131r\u0131lmay\u0131 bir kez daha g\u00f6zler \u00f6n\u00fcne seriyor: \u201cFransa\u2019n\u0131n art\u0131k Afrika\u2019da i\u015fi bitti. Afrika \u00fclkeleri T\u00fcrkiye ile anla\u015fmak istiyor.\u201d<\/p>\n\n\n\n<p>Peki, y\u00fczy\u0131llarca k\u0131tay\u0131 s\u00f6m\u00fcren, dillerini, k\u00fclt\u00fcrlerini ve kaynaklar\u0131n\u0131 gasp eden koca bir imparatorluk haf\u0131zas\u0131, nas\u0131l oldu da bu noktaya geldi? Ve daha da \u00f6nemlisi, T\u00fcrkiye neyi farkl\u0131 yapt\u0131?<\/p>\n\n\n\n<p><strong>\u201cS\u00f6m\u00fcrgeci\u201d Reflekslerin Sonu<\/strong><\/p>\n\n\n\n<p>Fransa, Afrika politikas\u0131n\u0131 uzun s\u00fcre \u201cFran\u00e7afrique\u201d denilen, g\u00f6r\u00fcn\u00fcrde ba\u011f\u0131ms\u0131z ama arka planda Paris\u2019e g\u00f6bekten ba\u011fl\u0131, kirli bir a\u011f \u00fczerine kurdu. Ne var ki yeni nesil Afrika liderleri ve uyanan halk kitleleri art\u0131k bu \u00fcstenci, buyurgan ve s\u00f6m\u00fcrgeci dili reddediyor. Mali\u2019den Nijer\u2019e, Burkina Faso\u2019dan \u00c7ad\u2019a kadar y\u00fckselen Frans\u0131z kar\u015f\u0131tl\u0131\u011f\u0131, Paris\u2019in asker\u00ee postallar\u0131n\u0131 k\u0131tadan \u00e7ekmesiyle sonu\u00e7land\u0131. Fransa\u2019n\u0131n g\u00fcvenlik vaadi fiyaskoyla sonu\u00e7lan\u0131rken, geride b\u0131rakt\u0131\u011f\u0131 ekonomik enkaz da barda\u011f\u0131 ta\u015f\u0131ran son damla oldu.<\/p>\n\n\n\n<p>\u0130\u015fte tam bu stratejik bo\u015flukta, k\u0131tan\u0131n kaderini de\u011fi\u015ftiren yepyeni bir akt\u00f6r belirdi: T\u00fcrkiye.<\/p>\n\n\n\n<p><strong>Somali Modeli: E\u015fitler Aras\u0131 Bir Ortakl\u0131k<\/strong><\/p>\n\n\n\n<p>Afrika \u00fclkelerinin bug\u00fcn T\u00fcrkiye\u2019den talep etti\u011fi \u015fey, basit bir asker\u00ee koruma ya da ge\u00e7ici bir yard\u0131m paketi de\u011fil. Onlar, T\u00fcrkiye\u2019nin Somali\u2019de ilmek ilmek dokudu\u011fu ba\u015far\u0131 hik\u00e2yesinin kendi \u00fclkelerinde de yaz\u0131lmas\u0131n\u0131 istiyor.<\/p>\n\n\n\n<p>T\u00fcrkiye, Somali\u2019ye girdi\u011finde bat\u0131 \u00fclkeleri gibi korunakl\u0131 ye\u015fil b\u00f6lgelerin arkas\u0131na saklanmad\u0131. Askere e\u011fitim verdi, altyap\u0131y\u0131 kurdu, ekonomiyi canland\u0131rd\u0131 ve en \u00f6nemlisi \u201ckazan-kazan\u201d ilkesiyle hareket etti. Somali ile yap\u0131lan son savunma ve ekonomik i\u015f birli\u011fi anla\u015fmalar\u0131, bir \u00fclkenin egemenli\u011fine sayg\u0131 duyarak, nas\u0131l stratejik ortak olunabilece\u011finin d\u00fcnyaya verilmi\u015f bir dersidir.<\/p>\n\n\n\n<p>Bug\u00fcn di\u011fer Afrika \u00fclkelerinin s\u0131raya girerek T\u00fcrkiye ile benzer anla\u015fmalar yapmak istemesi, Ankara\u2019n\u0131n k\u0131taya yakla\u015f\u0131m\u0131ndaki samimiyetin ve r\u00fc\u015ft\u00fcn\u00fcn ispat\u0131d\u0131r. T\u00fcrkiye, Afrika\u2019ya \u00fcstten bakan bir \u201cefendi\u201d gibi de\u011fil masaya omuz omuza oturan, dert ortakl\u0131\u011f\u0131 yapan bir \u201ckarde\u015f\u201d gibi yakla\u015f\u0131yor. T\u00fcrkiye\u2019nin sundu\u011fu bu askeri teknoloji (\u00f6zellikle \u0130HA \/ S\u0130HA\u2019lar ve savunma sanayii g\u00fcc\u00fc) ile ekonomik i\u015f birli\u011fi modeli, k\u0131ta \u00fclkelerine hak ettikleri sayg\u0131nl\u0131\u011f\u0131 ve g\u00fcvenli\u011fi ayn\u0131 anda sunuyor.<\/p>\n\n\n\n<p><strong>Ankara Masada Acele Etmiyor<\/strong><\/p>\n\n\n\n<p>Ankara ise gelen bu yo\u011fun talepler kar\u015f\u0131s\u0131nda heyecanla de\u011fil, devlet akl\u0131yla hareket ediyor. Middle East Eye\u2019\u0131n da belirtti\u011fi gibi, \u201cT\u00fcrkiye, Afrika \u00fclkelerinden gelen talepleri titizlikle de\u011ferlendiriyor.\u201d \u00c7\u00fcnk\u00fc jeopolitik, sadece f\u0131rsatlar\u0131 yakalama sanat\u0131 de\u011fil ayn\u0131 zamanda ta\u015f\u0131yabilece\u011fin y\u00fck\u00fc do\u011fru hesaplama sanat\u0131d\u0131r. T\u00fcrkiye, ad\u0131mlar\u0131n\u0131 sa\u011flam atarak, kurdu\u011fu ortakl\u0131klar\u0131n kal\u0131c\u0131 ve s\u00fcrd\u00fcr\u00fclebilir olmas\u0131n\u0131 hedefliyor.<\/p>\n\n\n\n<p><strong>Tarihin Ak\u0131\u015f\u0131 Y\u00f6n De\u011fi\u015ftiriyor<\/strong><\/p>\n\n\n\n<p>Uluslararas\u0131 siyasette bo\u015fluklar asla bo\u015f kalmaz. Fransa\u2019n\u0131n kibirli geri \u00e7ekili\u015fi, arkas\u0131nda b\u00fcy\u00fck bir g\u00fc\u00e7 vakumu b\u0131rakt\u0131. Ancak bu vakumu art\u0131k emperyalist reflekslerle hareket eden eski s\u00f6m\u00fcrgeciler de\u011fil, adil bir d\u00fcnya vizyonu sunan akt\u00f6rler dolduruyor.<\/p>\n\n\n\n<p>Afrika, art\u0131k ge\u00e7mi\u015fin prangalar\u0131ndan kurtulmak istiyor ve y\u00fcz\u00fcn\u00fc Ankara\u2019ya d\u00f6n\u00fcyor. Cumhurba\u015fkanl\u0131\u011f\u0131 K\u00fclliyesi\u2019nin koridorlar\u0131nda de\u011ferlendirilen o talepler, sadece yeni ticaret ya da savunma anla\u015fmalar\u0131 de\u011fil; y\u00fczy\u0131llard\u0131r s\u00f6m\u00fcr\u00fclen bir k\u0131tan\u0131n, T\u00fcrkiye eliyle yeniden yaz\u0131lan mak\u00fbs talihidir.<\/p>\n\n\n\n<p>Tarih bir kez daha g\u00f6steriyor ki; adaleti referans alanlar b\u00fcy\u00fcrken, s\u00f6m\u00fcrgeyle beslenenler co\u011frafyan\u0131n d\u0131\u015f\u0131na itilmeye mahkumdur.<\/p>\n","protected":false},"excerpt":{"rendered":"<p>\u00c7ok de\u011fil, bundan on y\u0131l \u00f6nce birileri \u00e7\u0131k\u0131p \u201cFransa bir g\u00fcn Afrika k\u0131tas\u0131ndan adeta yaka pa\u00e7a d\u0131\u015flanacak ve bo\u015falan koltu\u011fu doldurmas\u0131 i\u00e7in T\u00fcrkiye\u2019nin kap\u0131s\u0131 \u00e7al\u0131nacak\u201d deseydi, uluslararas\u0131 ili\u015fkiler elitleri muhtemelen buna b\u0131y\u0131k alt\u0131ndan g\u00fclerdi. Ancak bug\u00fcn kar\u015f\u0131m\u0131zda duran ger\u00e7ek tam olarak bu. Londra merkezli Middle East Eye\u2019\u0131n ge\u00e7ti\u011fi son analiz, k\u00fcresel g\u00fc\u00e7 dengelerindeki bu b\u00fcy\u00fck [&hellip;]<\/p>\n","protected":false},"author":14013,"featured_media":167144,"comment_status":"open","ping_status":"open","sticky":false,"template":"","format":"standard","meta":{"_yoast_wpseo_focuskw":"Afrika- T\u00fcrkiye","_yoast_wpseo_title":"","_yoast_wpseo_metadesc":"Fransa bug\u00fcn Afrika k\u0131tas\u0131ndan adeta yaka pa\u00e7a d\u0131\u015flan\u0131yor ve bo\u015falan koltu\u011fu doldurmas\u0131 i\u00e7in T\u00fcrkiye\u2019nin kap\u0131s\u0131 \u00e7al\u0131n\u0131yor.","_bbp_topic_count":0,"_bbp_reply_count":0,"_bbp_total_topic_count":0,"_bbp_total_reply_count":0,"_bbp_voice_count":0,"_bbp_anonymous_reply_count":0,"_bbp_topic_count_hidden":0,"_bbp_reply_count_hidden":0,"_bbp_forum_subforum_count":0,"footnotes":"","_yoast_wpseo_focuskw_text_input":""},"categories":[11361],"tags":[],"yoast_head":"<!-- This site is optimized with the Yoast SEO plugin v23.0 - https:\/\/yoast.com\/wordpress\/plugins\/seo\/ -->\n<title>Afrika\u2019da T\u00fcrk D\u00f6nemi - The Epoch Times TR<\/title>\n<meta name=\"description\" content=\"Fransa bug\u00fcn Afrika k\u0131tas\u0131ndan adeta yaka pa\u00e7a d\u0131\u015flan\u0131yor ve bo\u015falan koltu\u011fu doldurmas\u0131 i\u00e7in T\u00fcrkiye\u2019nin kap\u0131s\u0131 \u00e7al\u0131n\u0131yor.\" \/>\n<meta name=\"robots\" content=\"index, follow, max-snippet:-1, max-image-preview:large, max-video-preview:-1\" \/>\n<link rel=\"canonical\" href=\"https:\/\/epochtimestr.com\/index.php\/afrikada-turk-donemi\" \/>\n<meta property=\"og:locale\" content=\"tr_TR\" \/>\n<meta property=\"og:type\" content=\"article\" \/>\n<meta property=\"og:title\" content=\"Afrika\u2019da T\u00fcrk D\u00f6nemi - The Epoch Times TR\" \/>\n<meta property=\"og:description\" content=\"Fransa bug\u00fcn Afrika k\u0131tas\u0131ndan adeta yaka pa\u00e7a d\u0131\u015flan\u0131yor ve bo\u015falan koltu\u011fu doldurmas\u0131 i\u00e7in T\u00fcrkiye\u2019nin kap\u0131s\u0131 \u00e7al\u0131n\u0131yor.\" \/>\n<meta property=\"og:url\" content=\"https:\/\/epochtimestr.com\/index.php\/afrikada-turk-donemi\" \/>\n<meta property=\"og:site_name\" content=\"The Epoch Times TR\" \/>\n<meta property=\"article:publisher\" content=\"https:\/\/www.facebook.com\/theepochtimestr\" \/>\n<meta property=\"article:published_time\" content=\"2026-05-30T04:00:00+00:00\" \/>\n<meta property=\"article:modified_time\" content=\"2026-05-29T09:09:16+00:00\" \/>\n<meta property=\"og:image\" content=\"https:\/\/epochtimestr.com\/wp-content\/uploads\/2011y\/ali-kekliktepe-SM.jpeg\" \/>\n\t<meta property=\"og:image:width\" content=\"1200\" \/>\n\t<meta property=\"og:image:height\" content=\"630\" \/>\n\t<meta property=\"og:image:type\" content=\"image\/jpeg\" \/>\n<meta name=\"author\" content=\"Ali Kekliktepe\" \/>\n<meta name=\"twitter:card\" content=\"summary_large_image\" \/>\n<meta name=\"twitter:creator\" content=\"@TheEpochTimesTR\" \/>\n<meta name=\"twitter:site\" content=\"@TheEpochTimesTR\" \/>\n<meta name=\"twitter:label1\" content=\"Yazan:\" \/>\n\t<meta name=\"twitter:data1\" content=\"Ali Kekliktepe\" \/>\n\t<meta name=\"twitter:label2\" content=\"Tahmini okuma s\u00fcresi\" \/>\n\t<meta name=\"twitter:data2\" content=\"4 dakika\" \/>\n<script type=\"application\/ld+json\" class=\"yoast-schema-graph\">{\"@context\":\"https:\/\/schema.org\",\"@graph\":[{\"@type\":\"Article\",\"@id\":\"https:\/\/epochtimestr.com\/index.php\/afrikada-turk-donemi#article\",\"isPartOf\":{\"@id\":\"https:\/\/epochtimestr.com\/index.php\/afrikada-turk-donemi\"},\"author\":{\"name\":\"Ali Kekliktepe\",\"@id\":\"https:\/\/epochtimestr.com\/#\/schema\/person\/da94a416fed1aed029d0a47e85673b95\"},\"headline\":\"Afrika\u2019da T\u00fcrk D\u00f6nemi\",\"datePublished\":\"2026-05-30T04:00:00+00:00\",\"dateModified\":\"2026-05-29T09:09:16+00:00\",\"mainEntityOfPage\":{\"@id\":\"https:\/\/epochtimestr.com\/index.php\/afrikada-turk-donemi\"},\"wordCount\":722,\"commentCount\":0,\"publisher\":{\"@id\":\"https:\/\/epochtimestr.com\/#organization\"},\"image\":{\"@id\":\"https:\/\/epochtimestr.com\/index.php\/afrikada-turk-donemi#primaryimage\"},\"thumbnailUrl\":\"https:\/\/epochtimestr.com\/wp-content\/uploads\/2011y\/Ali-Kekliktepe.jpg\",\"articleSection\":[\"K\u00f6\u015fe Yaz\u0131lar\u0131 Ali Kekliktepe\"],\"inLanguage\":\"tr\",\"potentialAction\":[{\"@type\":\"CommentAction\",\"name\":\"Comment\",\"target\":[\"https:\/\/epochtimestr.com\/index.php\/afrikada-turk-donemi#respond\"]}]},{\"@type\":\"WebPage\",\"@id\":\"https:\/\/epochtimestr.com\/index.php\/afrikada-turk-donemi\",\"url\":\"https:\/\/epochtimestr.com\/index.php\/afrikada-turk-donemi\",\"name\":\"Afrika\u2019da T\u00fcrk D\u00f6nemi - The Epoch Times TR\",\"isPartOf\":{\"@id\":\"https:\/\/epochtimestr.com\/#website\"},\"primaryImageOfPage\":{\"@id\":\"https:\/\/epochtimestr.com\/index.php\/afrikada-turk-donemi#primaryimage\"},\"image\":{\"@id\":\"https:\/\/epochtimestr.com\/index.php\/afrikada-turk-donemi#primaryimage\"},\"thumbnailUrl\":\"https:\/\/epochtimestr.com\/wp-content\/uploads\/2011y\/Ali-Kekliktepe.jpg\",\"datePublished\":\"2026-05-30T04:00:00+00:00\",\"dateModified\":\"2026-05-29T09:09:16+00:00\",\"description\":\"Fransa bug\u00fcn Afrika k\u0131tas\u0131ndan adeta yaka pa\u00e7a d\u0131\u015flan\u0131yor ve bo\u015falan koltu\u011fu doldurmas\u0131 i\u00e7in T\u00fcrkiye\u2019nin kap\u0131s\u0131 \u00e7al\u0131n\u0131yor.\",\"inLanguage\":\"tr\",\"potentialAction\":[{\"@type\":\"ReadAction\",\"target\":[\"https:\/\/epochtimestr.com\/index.php\/afrikada-turk-donemi\"]}]},{\"@type\":\"ImageObject\",\"inLanguage\":\"tr\",\"@id\":\"https:\/\/epochtimestr.com\/index.php\/afrikada-turk-donemi#primaryimage\",\"url\":\"https:\/\/epochtimestr.com\/wp-content\/uploads\/2011y\/Ali-Kekliktepe.jpg\",\"contentUrl\":\"https:\/\/epochtimestr.com\/wp-content\/uploads\/2011y\/Ali-Kekliktepe.jpg\",\"width\":600,\"height\":600},{\"@type\":\"WebSite\",\"@id\":\"https:\/\/epochtimestr.com\/#website\",\"url\":\"https:\/\/epochtimestr.com\/\",\"name\":\"The Epoch Times TR\",\"description\":\"De\u011fi\u015fen D\u00fcnyam\u0131za Taze Bir Bak\u0131\u015f\",\"publisher\":{\"@id\":\"https:\/\/epochtimestr.com\/#organization\"},\"potentialAction\":[{\"@type\":\"SearchAction\",\"target\":{\"@type\":\"EntryPoint\",\"urlTemplate\":\"https:\/\/epochtimestr.com\/?s={search_term_string}\"},\"query-input\":\"required name=search_term_string\"}],\"inLanguage\":\"tr\"},{\"@type\":\"Organization\",\"@id\":\"https:\/\/epochtimestr.com\/#organization\",\"name\":\"The EpochTimes T\u00fcrkiye\",\"url\":\"https:\/\/epochtimestr.com\/\",\"logo\":{\"@type\":\"ImageObject\",\"inLanguage\":\"tr\",\"@id\":\"https:\/\/epochtimestr.com\/#\/schema\/logo\/image\/\",\"url\":\"https:\/\/epochtimestr.com\/wp-content\/uploads\/2011y\/ET-Logo-YG.jpg\",\"contentUrl\":\"https:\/\/epochtimestr.com\/wp-content\/uploads\/2011y\/ET-Logo-YG.jpg\",\"width\":346,\"height\":29,\"caption\":\"The EpochTimes T\u00fcrkiye\"},\"image\":{\"@id\":\"https:\/\/epochtimestr.com\/#\/schema\/logo\/image\/\"},\"sameAs\":[\"https:\/\/www.facebook.com\/theepochtimestr\",\"https:\/\/x.com\/TheEpochTimesTR\",\"https:\/\/www.instagram.com\/epochtimestr\"]},{\"@type\":\"Person\",\"@id\":\"https:\/\/epochtimestr.com\/#\/schema\/person\/da94a416fed1aed029d0a47e85673b95\",\"name\":\"Ali Kekliktepe\",\"image\":{\"@type\":\"ImageObject\",\"inLanguage\":\"tr\",\"@id\":\"https:\/\/epochtimestr.com\/#\/schema\/person\/image\/\",\"url\":\"https:\/\/secure.gravatar.com\/avatar\/6c965c3fc374c8f4af759baef4f38bcd?s=96&d=mm&r=g\",\"contentUrl\":\"https:\/\/secure.gravatar.com\/avatar\/6c965c3fc374c8f4af759baef4f38bcd?s=96&d=mm&r=g\",\"caption\":\"Ali Kekliktepe\"},\"description\":\"Ben Ali Kekliktepe; hayat\u0131n\u0131 \u00f6\u011frenmeye, \u00f6\u011fretmeye ve toplumsal fayda yaratmaya adam\u0131\u015f bir yazar ve profesyonelim. Kalemi sadece ka\u011f\u0131da dokunan bir ara\u00e7 de\u011fil, toplumun aksayan y\u00f6nlerine \u015fifa olan bir enstr\u00fcman olarak g\u00f6r\u00fcyorum.\",\"sameAs\":[\"https:\/\/alikekliktepemersin33.blogspot.com\/\"],\"url\":\"https:\/\/epochtimestr.com\/index.php\/author\/ali\"}]}<\/script>\n<!-- \/ Yoast SEO plugin. -->","yoast_head_json":{"title":"Afrika\u2019da T\u00fcrk D\u00f6nemi - The Epoch Times TR","description":"Fransa bug\u00fcn Afrika k\u0131tas\u0131ndan adeta yaka pa\u00e7a d\u0131\u015flan\u0131yor ve bo\u015falan koltu\u011fu doldurmas\u0131 i\u00e7in T\u00fcrkiye\u2019nin kap\u0131s\u0131 \u00e7al\u0131n\u0131yor.","robots":{"index":"index","follow":"follow","max-snippet":"max-snippet:-1","max-image-preview":"max-image-preview:large","max-video-preview":"max-video-preview:-1"},"canonical":"https:\/\/epochtimestr.com\/index.php\/afrikada-turk-donemi","og_locale":"tr_TR","og_type":"article","og_title":"Afrika\u2019da T\u00fcrk D\u00f6nemi - The Epoch Times TR","og_description":"Fransa bug\u00fcn Afrika k\u0131tas\u0131ndan adeta yaka pa\u00e7a d\u0131\u015flan\u0131yor ve bo\u015falan koltu\u011fu doldurmas\u0131 i\u00e7in T\u00fcrkiye\u2019nin kap\u0131s\u0131 \u00e7al\u0131n\u0131yor.","og_url":"https:\/\/epochtimestr.com\/index.php\/afrikada-turk-donemi","og_site_name":"The Epoch Times TR","article_publisher":"https:\/\/www.facebook.com\/theepochtimestr","article_published_time":"2026-05-30T04:00:00+00:00","article_modified_time":"2026-05-29T09:09:16+00:00","og_image":[{"width":1200,"height":630,"url":"https:\/\/epochtimestr.com\/wp-content\/uploads\/2011y\/ali-kekliktepe-SM.jpeg","type":"image\/jpeg"}],"author":"Ali Kekliktepe","twitter_card":"summary_large_image","twitter_creator":"@TheEpochTimesTR","twitter_site":"@TheEpochTimesTR","twitter_misc":{"Yazan:":"Ali Kekliktepe","Tahmini okuma s\u00fcresi":"4 dakika"},"schema":{"@context":"https:\/\/schema.org","@graph":[{"@type":"Article","@id":"https:\/\/epochtimestr.com\/index.php\/afrikada-turk-donemi#article","isPartOf":{"@id":"https:\/\/epochtimestr.com\/index.php\/afrikada-turk-donemi"},"author":{"name":"Ali Kekliktepe","@id":"https:\/\/epochtimestr.com\/#\/schema\/person\/da94a416fed1aed029d0a47e85673b95"},"headline":"Afrika\u2019da T\u00fcrk D\u00f6nemi","datePublished":"2026-05-30T04:00:00+00:00","dateModified":"2026-05-29T09:09:16+00:00","mainEntityOfPage":{"@id":"https:\/\/epochtimestr.com\/index.php\/afrikada-turk-donemi"},"wordCount":722,"commentCount":0,"publisher":{"@id":"https:\/\/epochtimestr.com\/#organization"},"image":{"@id":"https:\/\/epochtimestr.com\/index.php\/afrikada-turk-donemi#primaryimage"},"thumbnailUrl":"https:\/\/epochtimestr.com\/wp-content\/uploads\/2011y\/Ali-Kekliktepe.jpg","articleSection":["K\u00f6\u015fe Yaz\u0131lar\u0131 Ali Kekliktepe"],"inLanguage":"tr","potentialAction":[{"@type":"CommentAction","name":"Comment","target":["https:\/\/epochtimestr.com\/index.php\/afrikada-turk-donemi#respond"]}]},{"@type":"WebPage","@id":"https:\/\/epochtimestr.com\/index.php\/afrikada-turk-donemi","url":"https:\/\/epochtimestr.com\/index.php\/afrikada-turk-donemi","name":"Afrika\u2019da T\u00fcrk D\u00f6nemi - The Epoch Times TR","isPartOf":{"@id":"https:\/\/epochtimestr.com\/#website"},"primaryImageOfPage":{"@id":"https:\/\/epochtimestr.com\/index.php\/afrikada-turk-donemi#primaryimage"},"image":{"@id":"https:\/\/epochtimestr.com\/index.php\/afrikada-turk-donemi#primaryimage"},"thumbnailUrl":"https:\/\/epochtimestr.com\/wp-content\/uploads\/2011y\/Ali-Kekliktepe.jpg","datePublished":"2026-05-30T04:00:00+00:00","dateModified":"2026-05-29T09:09:16+00:00","description":"Fransa bug\u00fcn Afrika k\u0131tas\u0131ndan adeta yaka pa\u00e7a d\u0131\u015flan\u0131yor ve bo\u015falan koltu\u011fu doldurmas\u0131 i\u00e7in T\u00fcrkiye\u2019nin kap\u0131s\u0131 \u00e7al\u0131n\u0131yor.","inLanguage":"tr","potentialAction":[{"@type":"ReadAction","target":["https:\/\/epochtimestr.com\/index.php\/afrikada-turk-donemi"]}]},{"@type":"ImageObject","inLanguage":"tr","@id":"https:\/\/epochtimestr.com\/index.php\/afrikada-turk-donemi#primaryimage","url":"https:\/\/epochtimestr.com\/wp-content\/uploads\/2011y\/Ali-Kekliktepe.jpg","contentUrl":"https:\/\/epochtimestr.com\/wp-content\/uploads\/2011y\/Ali-Kekliktepe.jpg","width":600,"height":600},{"@type":"WebSite","@id":"https:\/\/epochtimestr.com\/#website","url":"https:\/\/epochtimestr.com\/","name":"The Epoch Times TR","description":"De\u011fi\u015fen D\u00fcnyam\u0131za Taze Bir Bak\u0131\u015f","publisher":{"@id":"https:\/\/epochtimestr.com\/#organization"},"potentialAction":[{"@type":"SearchAction","target":{"@type":"EntryPoint","urlTemplate":"https:\/\/epochtimestr.com\/?s={search_term_string}"},"query-input":"required name=search_term_string"}],"inLanguage":"tr"},{"@type":"Organization","@id":"https:\/\/epochtimestr.com\/#organization","name":"The EpochTimes T\u00fcrkiye","url":"https:\/\/epochtimestr.com\/","logo":{"@type":"ImageObject","inLanguage":"tr","@id":"https:\/\/epochtimestr.com\/#\/schema\/logo\/image\/","url":"https:\/\/epochtimestr.com\/wp-content\/uploads\/2011y\/ET-Logo-YG.jpg","contentUrl":"https:\/\/epochtimestr.com\/wp-content\/uploads\/2011y\/ET-Logo-YG.jpg","width":346,"height":29,"caption":"The EpochTimes T\u00fcrkiye"},"image":{"@id":"https:\/\/epochtimestr.com\/#\/schema\/logo\/image\/"},"sameAs":["https:\/\/www.facebook.com\/theepochtimestr","https:\/\/x.com\/TheEpochTimesTR","https:\/\/www.instagram.com\/epochtimestr"]},{"@type":"Person","@id":"https:\/\/epochtimestr.com\/#\/schema\/person\/da94a416fed1aed029d0a47e85673b95","name":"Ali Kekliktepe","image":{"@type":"ImageObject","inLanguage":"tr","@id":"https:\/\/epochtimestr.com\/#\/schema\/person\/image\/","url":"https:\/\/secure.gravatar.com\/avatar\/6c965c3fc374c8f4af759baef4f38bcd?s=96&d=mm&r=g","contentUrl":"https:\/\/secure.gravatar.com\/avatar\/6c965c3fc374c8f4af759baef4f38bcd?s=96&d=mm&r=g","caption":"Ali Kekliktepe"},"description":"Ben Ali Kekliktepe; hayat\u0131n\u0131 \u00f6\u011frenmeye, \u00f6\u011fretmeye ve toplumsal fayda yaratmaya adam\u0131\u015f bir yazar ve profesyonelim. Kalemi sadece ka\u011f\u0131da dokunan bir ara\u00e7 de\u011fil, toplumun aksayan y\u00f6nlerine \u015fifa olan bir enstr\u00fcman olarak g\u00f6r\u00fcyorum.","sameAs":["https:\/\/alikekliktepemersin33.blogspot.com\/"],"url":"https:\/\/epochtimestr.com\/index.php\/author\/ali"}]}},"_links":{"self":[{"href":"https:\/\/epochtimestr.com\/index.php\/wp-json\/wp\/v2\/posts\/167569"}],"collection":[{"href":"https:\/\/epochtimestr.com\/index.php\/wp-json\/wp\/v2\/posts"}],"about":[{"href":"https:\/\/epochtimestr.com\/index.php\/wp-json\/wp\/v2\/types\/post"}],"author":[{"embeddable":true,"href":"https:\/\/epochtimestr.com\/index.php\/wp-json\/wp\/v2\/users\/14013"}],"replies":[{"embeddable":true,"href":"https:\/\/epochtimestr.com\/index.php\/wp-json\/wp\/v2\/comments?post=167569"}],"version-history":[{"count":1,"href":"https:\/\/epochtimestr.com\/index.php\/wp-json\/wp\/v2\/posts\/167569\/revisions"}],"predecessor-version":[{"id":167570,"href":"https:\/\/epochtimestr.com\/index.php\/wp-json\/wp\/v2\/posts\/167569\/revisions\/167570"}],"wp:featuredmedia":[{"embeddable":true,"href":"https:\/\/epochtimestr.com\/index.php\/wp-json\/wp\/v2\/media\/167144"}],"wp:attachment":[{"href":"https:\/\/epochtimestr.com\/index.php\/wp-json\/wp\/v2\/media?parent=167569"}],"wp:term":[{"taxonomy":"category","embeddable":true,"href":"https:\/\/epochtimestr.com\/index.php\/wp-json\/wp\/v2\/categories?post=167569"},{"taxonomy":"post_tag","embeddable":true,"href":"https:\/\/epochtimestr.com\/index.php\/wp-json\/wp\/v2\/tags?post=167569"}],"curies":[{"name":"wp","href":"https:\/\/api.w.org\/{rel}","templated":true}]}}