{"id":167571,"date":"2026-05-30T08:38:27","date_gmt":"2026-05-30T05:38:27","guid":{"rendered":"https:\/\/epochtimestr.com\/?p=167571"},"modified":"2026-05-30T08:38:29","modified_gmt":"2026-05-30T05:38:29","slug":"yorturk","status":"publish","type":"post","link":"https:\/\/epochtimestr.com\/index.php\/yorturk","title":{"rendered":"Y\u00f6rt\u00fcrk"},"content":{"rendered":"\n<p><em>Bu yaz\u0131 ilk olarak 23 A\u011fustos 2017 tarihinde inovatifhaber.com\u2019da yay\u0131nlanm\u0131\u015ft\u0131r.<\/em><\/p>\n\n\n\n<p class=\"has-text-align-right\">\u201cKendi halk\u0131ndan korkan kimseye oy vermeyin!\u201d Ba\u015fkan D\u00fcndar\u2019\u0131n T\u00fcrk Milletine tavsiyesi.<\/p>\n\n\n\n<p>Mersin denince akla hemen tantuni, cezerye, narenciye gelse de buras\u0131 bir Y\u00f6r\u00fck T\u00fcrkmen merkezidir. Midesine d\u00fc\u015fk\u00fcn olmayanlar\u0131n (!) yiyeceklerden \u00f6nce ak\u0131llar\u0131na pek\u00e2l\u00e2 Y\u00f6r\u00fck T\u00fcrkmenler de gelebilir. Buradaki g\u00fc\u00e7l\u00fc Y\u00f6r\u00fck T\u00fcrkmen varl\u0131\u011f\u0131, merkezi Ankara\u2019da bulunan Y\u00f6r\u00fck T\u00fcrkmen Vakf\u0131\u2019n\u0131n kurulu\u015f fikrinin do\u011fmas\u0131na neden olmu\u015f. B\u00f6ylece Mersin Ankara\u2019daki merkezin \u015fubele\u015fti\u011fi ilk \u015fehir olma unvan\u0131n\u0131 elde etmi\u015f.<\/p>\n\n\n\n<p>Y\u00f6r\u00fck: ege, Antalya ve Mersin b\u00f6lgelerinde hayvanc\u0131l\u0131kla u\u011fra\u015fan konarg\u00f6\u00e7er T\u00fcrkmenlere verilen add\u0131r. Fakat yo\u011fun \u015fehirle\u015fme ve uygulanan baz\u0131 bilin\u00e7li politikalar, bu k\u00fclt\u00fcr\u00fcn h\u0131zla sonlanmas\u0131na sebebiyet vermektedir. Yeni nesiller ancak birtak\u0131m etkinliklerle kendi k\u00fclt\u00fcr varl\u0131klar\u0131n\u0131 an\u0131msamakla yetinmekteler.<\/p>\n\n\n\n<p>Mersin \u015eube Ba\u015fkan\u0131 Hasan D\u00fcndar, \u201cY\u00f6r\u00fc\u011f\u00fcz, T\u00fcrk\u2019\u00fcn \u00f6z\u00fcy\u00fcz\u201d s\u00f6z\u00fcyle ba\u015fl\u0131yor s\u00f6yle\u015fimize. Cami \u015eerif mahallesindeki tarihi dernek binas\u0131nday\u0131z. Bina vakf\u0131n kendi mal\u0131. Alt\u0131nda bir de a\u015fevi bulunmakta. Hasan D\u00fcndar yabanc\u0131 s\u00f6zc\u00fckleri ay\u0131klamakta \u0131srarc\u0131. Festival yerine \u015fenlik, lokanta yerine a\u015fevi, Toroslar yerine Bolkar denmesini istiyor. Toros da\u011f\u0131 isminin Ermenice\u2019den ge\u00e7ti\u011fini bir\u00e7ok insan bilmiyor. \u015eubenin on bin \u00fcyesi bulunuyor. Mersin ilinde bir milyona yak\u0131n Y\u00f6r\u00fck T\u00fcrkmen bulundu\u011funa g\u00f6re, \u00fcye say\u0131s\u0131n\u0131n daha da yukar\u0131larda olmas\u0131 bekleniyor.<\/p>\n\n\n\n<p>B\u00fct\u00fcn\u015fehir yasas\u0131 Y\u00f6r\u00fckleri olumsuz etkilemi\u015f. \u015eehir merkezinden 25 km \u00e7ap\u0131ndaki alana hayvanlar\u0131n, hayvanc\u0131l\u0131\u011f\u0131n sokulmamas\u0131 a\u011f\u0131r darbe vurmu\u015f. Mademki b\u00fcy\u00fck\u015fehir, b\u00fct\u00fcn\u015fehir yasas\u0131ndan yararlanarak fazla b\u00fct\u00e7e al\u0131yor; bu b\u00fct\u00e7enin da\u011fdaki insanlara daha fazla yans\u0131mas\u0131, yayla ve k\u00f6y yollar\u0131n\u0131n iyile\u015ftirilmesi gerekiyor. Hayvanlar olmaz ise ormanlar da olmaz. Bizlere ke\u00e7ilerin ormana zarar verdi\u011fi \u00f6\u011fretildi hep! Oysa ba\u015fkan bunun b\u00f6yle olmad\u0131\u011f\u0131n\u0131, ke\u00e7ilerin kuru otlar\u0131 yiyerek yang\u0131nlar\u0131 \u00f6nledi\u011fini, di\u011fer otlar\u0131 da topra\u011fa kar\u0131\u015ft\u0131rarak orman\u0131 g\u00fcbreledi\u011fini s\u00f6yl\u00fcyor. Y\u00f6r\u00fck, hayvanlar\u0131 arac\u0131l\u0131\u011f\u0131yla do\u011fadaki otlar\u0131 yayarak, et, s\u00fct, peynir, g\u00fcbre, y\u00fcn, k\u0131l gibi yararl\u0131 temel \u00fcr\u00fcnler \u00fcreterek, ekonomiye ve insan sa\u011fl\u0131\u011f\u0131na do\u011fal bi\u00e7imde katk\u0131 sunmaktad\u0131r.<\/p>\n\n\n\n<p>D\u00fcndar \u201cY\u00f6r\u00fckl\u00fck k\u00fcresel g\u00fc\u00e7ler taraf\u0131ndan bitirilmeye \u00e7al\u0131\u015f\u0131yor. T\u00fcrk, k\u0131l \u00e7ad\u0131rda devlet kurar. Bat\u0131 bizim bu yetene\u011fimizi iyi bilir. Y\u00f6r\u00fck ba\u011f\u0131ms\u0131zl\u0131\u011f\u0131na d\u00fc\u015fk\u00fcnd\u00fcr. D\u00fcnya g\u0131da devleri bizim ke\u00e7ilerimizle u\u011fra\u015ft\u0131. Yerli koyunlar\u0131m\u0131zla, ineklerimizle, tohumlar\u0131m\u0131zla u\u011fra\u015ft\u0131! \u015eu anda bunda ba\u015far\u0131l\u0131 olduklar\u0131n\u0131 g\u00f6r\u00fcyoruz. \u0130thalat\u00e7\u0131 \u00fclke konumuna d\u00fc\u015ft\u00fck. Yem, saman, kurbanl\u0131klar bile ithal. Et neden elli lira? Et yemek a\u015f\u0131r\u0131 \u015fi\u015fmanl\u0131\u011f\u0131 \u00f6nler, beyni besler\u201d diyerek i\u00e7ini d\u00f6k\u00fcyor.<\/p>\n\n\n\n<p>Y\u00f6r\u00fcklere sahip \u00e7\u0131kmak sadece \u015fenlik d\u00fczenlemekle, Y\u00f6r\u00fck g\u00fczeli se\u00e7mekle bitmiyor elbette. Onlar\u0131n ya\u015fam alanlar\u0131 ve k\u00fclt\u00fcrleri korunmal\u0131. Mersin, Y\u00f6r\u00fck T\u00fcrkmen varl\u0131\u011f\u0131 bak\u0131m\u0131ndan stratejik bir yerdir ve d\u00fcnya devletlerinin burada bir hesab\u0131 vard\u0131r. Mersin ili T\u00fcrkiye\u2019nin be\u015finci b\u00fcy\u00fck ili ama \u015fehircilik ve belediye hizmetleri bak\u0131m\u0131ndan durum hi\u00e7 de \u00f6yle de\u011fil.<\/p>\n\n\n\n<p>Ba\u015fkan Hasan D\u00fcndar, da\u011fdaki insanlarla s\u00fcrekli ileti\u015fim i\u00e7inde, hareket halinde. O bir nevi uzla\u015ft\u0131r\u0131c\u0131 g\u00f6revi de \u00fcstlenmi\u015f. Sorunlara yerinde m\u00fcdahale ediyor, b\u00fcrokrasi ve halk aras\u0131nda arabuluculuk yap\u0131yor. \u201cK\u0131z ka\u00e7\u0131ran\u0131 da hayvan\u0131 \u00e7al\u0131nan\u0131 da beni ar\u0131yor. \u00c7\u00fcnk\u00fc ben de ayn\u0131 k\u00fclt\u00fcrdenim. Onlar\u0131 iyi anlar\u0131m. \u015eehre g\u00f6\u00e7, \u00fcretimi bitiriyor. Bununla birlikte k\u00fclt\u00fcr\u00fcm\u00fcz de bitiyor. \u00dcreten bir toplumdan h\u0131zla t\u00fcketen bir topluma do\u011fru gidiyoruz\u201d diyor.<\/p>\n\n\n\n<p>K\u0131rk dereceye varan a\u015f\u0131r\u0131 nemli bir ortamda uzun s\u00fcre sohbet ediyoruz. Biz yayla \u00e7ocuklar\u0131n\u0131, \u00c7ukurova\u2019n\u0131n sar\u0131 s\u0131ca\u011f\u0131 bir kat daha zorluyor. Bir sonraki s\u00f6yle\u015fimizi yaylada yapmak dile\u011fiyle vedala\u015f\u0131yoruz.<\/p>\n","protected":false},"excerpt":{"rendered":"<p>Bu yaz\u0131 ilk olarak 23 A\u011fustos 2017 tarihinde inovatifhaber.com\u2019da yay\u0131nlanm\u0131\u015ft\u0131r. \u201cKendi halk\u0131ndan korkan kimseye oy vermeyin!\u201d Ba\u015fkan D\u00fcndar\u2019\u0131n T\u00fcrk Milletine tavsiyesi. Mersin denince akla hemen tantuni, cezerye, narenciye gelse de buras\u0131 bir Y\u00f6r\u00fck T\u00fcrkmen merkezidir. Midesine d\u00fc\u015fk\u00fcn olmayanlar\u0131n (!) yiyeceklerden \u00f6nce ak\u0131llar\u0131na pek\u00e2l\u00e2 Y\u00f6r\u00fck T\u00fcrkmenler de gelebilir. Buradaki g\u00fc\u00e7l\u00fc Y\u00f6r\u00fck T\u00fcrkmen varl\u0131\u011f\u0131, merkezi Ankara\u2019da bulunan [&hellip;]<\/p>\n","protected":false},"author":14001,"featured_media":161038,"comment_status":"open","ping_status":"open","sticky":false,"template":"","format":"standard","meta":{"_yoast_wpseo_focuskw":"Y\u00f6r\u00fck T\u00fcrkmen","_yoast_wpseo_title":"","_yoast_wpseo_metadesc":"Y\u00f6r\u00fck T\u00fcrkmen Vakf\u0131 Mersin \u015eube Ba\u015fkan\u0131 Hasan D\u00fcndar, \u201cY\u00f6r\u00fc\u011f\u00fcz, T\u00fcrk\u2019\u00fcn \u00f6z\u00fcy\u00fcz\u201d s\u00f6z\u00fcyle ba\u015fl\u0131yor s\u00f6yle\u015fimize.","_bbp_topic_count":0,"_bbp_reply_count":0,"_bbp_total_topic_count":0,"_bbp_total_reply_count":0,"_bbp_voice_count":0,"_bbp_anonymous_reply_count":0,"_bbp_topic_count_hidden":0,"_bbp_reply_count_hidden":0,"_bbp_forum_subforum_count":0,"footnotes":"","_yoast_wpseo_focuskw_text_input":""},"categories":[9170],"tags":[],"yoast_head":"<!-- This site is optimized with the Yoast SEO plugin v23.0 - https:\/\/yoast.com\/wordpress\/plugins\/seo\/ -->\n<title>Y\u00f6rt\u00fcrk - The Epoch Times TR<\/title>\n<meta name=\"description\" content=\"Y\u00f6r\u00fck T\u00fcrkmen Vakf\u0131 Mersin \u015eube Ba\u015fkan\u0131 Hasan D\u00fcndar, \u201cY\u00f6r\u00fc\u011f\u00fcz, T\u00fcrk\u2019\u00fcn \u00f6z\u00fcy\u00fcz\u201d s\u00f6z\u00fcyle ba\u015fl\u0131yor s\u00f6yle\u015fimize.\" \/>\n<meta name=\"robots\" content=\"index, follow, max-snippet:-1, max-image-preview:large, max-video-preview:-1\" \/>\n<link rel=\"canonical\" href=\"https:\/\/epochtimestr.com\/index.php\/yorturk\" \/>\n<meta property=\"og:locale\" content=\"tr_TR\" \/>\n<meta property=\"og:type\" content=\"article\" \/>\n<meta property=\"og:title\" content=\"Y\u00f6rt\u00fcrk - The Epoch Times TR\" \/>\n<meta property=\"og:description\" content=\"Y\u00f6r\u00fck T\u00fcrkmen Vakf\u0131 Mersin \u015eube Ba\u015fkan\u0131 Hasan D\u00fcndar, \u201cY\u00f6r\u00fc\u011f\u00fcz, T\u00fcrk\u2019\u00fcn \u00f6z\u00fcy\u00fcz\u201d s\u00f6z\u00fcyle ba\u015fl\u0131yor s\u00f6yle\u015fimize.\" \/>\n<meta property=\"og:url\" content=\"https:\/\/epochtimestr.com\/index.php\/yorturk\" \/>\n<meta property=\"og:site_name\" content=\"The Epoch Times TR\" \/>\n<meta property=\"article:publisher\" content=\"https:\/\/www.facebook.com\/theepochtimestr\" \/>\n<meta property=\"article:published_time\" content=\"2026-05-30T05:38:27+00:00\" \/>\n<meta property=\"article:modified_time\" content=\"2026-05-30T05:38:29+00:00\" \/>\n<meta property=\"og:image\" content=\"https:\/\/epochtimestr.com\/wp-content\/uploads\/2011y\/bzct-hd.jpg\" \/>\n\t<meta property=\"og:image:width\" content=\"1200\" \/>\n\t<meta property=\"og:image:height\" content=\"630\" \/>\n\t<meta property=\"og:image:type\" content=\"image\/jpeg\" \/>\n<meta name=\"author\" content=\"Bekir Zorba\" \/>\n<meta name=\"twitter:card\" content=\"summary_large_image\" \/>\n<meta name=\"twitter:creator\" content=\"@TheEpochTimesTR\" \/>\n<meta name=\"twitter:site\" content=\"@TheEpochTimesTR\" \/>\n<meta name=\"twitter:label1\" content=\"Yazan:\" \/>\n\t<meta name=\"twitter:data1\" content=\"Bekir Zorba\" \/>\n\t<meta name=\"twitter:label2\" content=\"Tahmini okuma s\u00fcresi\" \/>\n\t<meta name=\"twitter:data2\" content=\"4 dakika\" \/>\n<script type=\"application\/ld+json\" class=\"yoast-schema-graph\">{\"@context\":\"https:\/\/schema.org\",\"@graph\":[{\"@type\":\"Article\",\"@id\":\"https:\/\/epochtimestr.com\/index.php\/yorturk#article\",\"isPartOf\":{\"@id\":\"https:\/\/epochtimestr.com\/index.php\/yorturk\"},\"author\":{\"name\":\"Bekir Zorba\",\"@id\":\"https:\/\/epochtimestr.com\/#\/schema\/person\/da1ad104599611965442ed3e7e9acb2b\"},\"headline\":\"Y\u00f6rt\u00fcrk\",\"datePublished\":\"2026-05-30T05:38:27+00:00\",\"dateModified\":\"2026-05-30T05:38:29+00:00\",\"mainEntityOfPage\":{\"@id\":\"https:\/\/epochtimestr.com\/index.php\/yorturk\"},\"wordCount\":746,\"commentCount\":0,\"publisher\":{\"@id\":\"https:\/\/epochtimestr.com\/#organization\"},\"image\":{\"@id\":\"https:\/\/epochtimestr.com\/index.php\/yorturk#primaryimage\"},\"thumbnailUrl\":\"https:\/\/epochtimestr.com\/wp-content\/uploads\/2011y\/Bekir-Zorba.png\",\"articleSection\":[\"K\u00f6\u015fe Yaz\u0131lar\u0131 Bekir Zorba\"],\"inLanguage\":\"tr\",\"potentialAction\":[{\"@type\":\"CommentAction\",\"name\":\"Comment\",\"target\":[\"https:\/\/epochtimestr.com\/index.php\/yorturk#respond\"]}]},{\"@type\":\"WebPage\",\"@id\":\"https:\/\/epochtimestr.com\/index.php\/yorturk\",\"url\":\"https:\/\/epochtimestr.com\/index.php\/yorturk\",\"name\":\"Y\u00f6rt\u00fcrk - The Epoch Times TR\",\"isPartOf\":{\"@id\":\"https:\/\/epochtimestr.com\/#website\"},\"primaryImageOfPage\":{\"@id\":\"https:\/\/epochtimestr.com\/index.php\/yorturk#primaryimage\"},\"image\":{\"@id\":\"https:\/\/epochtimestr.com\/index.php\/yorturk#primaryimage\"},\"thumbnailUrl\":\"https:\/\/epochtimestr.com\/wp-content\/uploads\/2011y\/Bekir-Zorba.png\",\"datePublished\":\"2026-05-30T05:38:27+00:00\",\"dateModified\":\"2026-05-30T05:38:29+00:00\",\"description\":\"Y\u00f6r\u00fck T\u00fcrkmen Vakf\u0131 Mersin \u015eube Ba\u015fkan\u0131 Hasan D\u00fcndar, \u201cY\u00f6r\u00fc\u011f\u00fcz, T\u00fcrk\u2019\u00fcn \u00f6z\u00fcy\u00fcz\u201d s\u00f6z\u00fcyle ba\u015fl\u0131yor s\u00f6yle\u015fimize.\",\"inLanguage\":\"tr\",\"potentialAction\":[{\"@type\":\"ReadAction\",\"target\":[\"https:\/\/epochtimestr.com\/index.php\/yorturk\"]}]},{\"@type\":\"ImageObject\",\"inLanguage\":\"tr\",\"@id\":\"https:\/\/epochtimestr.com\/index.php\/yorturk#primaryimage\",\"url\":\"https:\/\/epochtimestr.com\/wp-content\/uploads\/2011y\/Bekir-Zorba.png\",\"contentUrl\":\"https:\/\/epochtimestr.com\/wp-content\/uploads\/2011y\/Bekir-Zorba.png\",\"width\":600,\"height\":600},{\"@type\":\"WebSite\",\"@id\":\"https:\/\/epochtimestr.com\/#website\",\"url\":\"https:\/\/epochtimestr.com\/\",\"name\":\"The Epoch Times TR\",\"description\":\"De\u011fi\u015fen D\u00fcnyam\u0131za Taze Bir Bak\u0131\u015f\",\"publisher\":{\"@id\":\"https:\/\/epochtimestr.com\/#organization\"},\"potentialAction\":[{\"@type\":\"SearchAction\",\"target\":{\"@type\":\"EntryPoint\",\"urlTemplate\":\"https:\/\/epochtimestr.com\/?s={search_term_string}\"},\"query-input\":\"required name=search_term_string\"}],\"inLanguage\":\"tr\"},{\"@type\":\"Organization\",\"@id\":\"https:\/\/epochtimestr.com\/#organization\",\"name\":\"The EpochTimes T\u00fcrkiye\",\"url\":\"https:\/\/epochtimestr.com\/\",\"logo\":{\"@type\":\"ImageObject\",\"inLanguage\":\"tr\",\"@id\":\"https:\/\/epochtimestr.com\/#\/schema\/logo\/image\/\",\"url\":\"https:\/\/epochtimestr.com\/wp-content\/uploads\/2011y\/ET-Logo-YG.jpg\",\"contentUrl\":\"https:\/\/epochtimestr.com\/wp-content\/uploads\/2011y\/ET-Logo-YG.jpg\",\"width\":346,\"height\":29,\"caption\":\"The EpochTimes T\u00fcrkiye\"},\"image\":{\"@id\":\"https:\/\/epochtimestr.com\/#\/schema\/logo\/image\/\"},\"sameAs\":[\"https:\/\/www.facebook.com\/theepochtimestr\",\"https:\/\/x.com\/TheEpochTimesTR\",\"https:\/\/www.instagram.com\/epochtimestr\"]},{\"@type\":\"Person\",\"@id\":\"https:\/\/epochtimestr.com\/#\/schema\/person\/da1ad104599611965442ed3e7e9acb2b\",\"name\":\"Bekir Zorba\",\"image\":{\"@type\":\"ImageObject\",\"inLanguage\":\"tr\",\"@id\":\"https:\/\/epochtimestr.com\/#\/schema\/person\/image\/\",\"url\":\"https:\/\/secure.gravatar.com\/avatar\/eafd40d9b77b1fbf7c565a3d4916b79c?s=96&d=mm&r=g\",\"contentUrl\":\"https:\/\/secure.gravatar.com\/avatar\/eafd40d9b77b1fbf7c565a3d4916b79c?s=96&d=mm&r=g\",\"caption\":\"Bekir Zorba\"},\"url\":\"https:\/\/epochtimestr.com\/index.php\/author\/bekir\"}]}<\/script>\n<!-- \/ Yoast SEO plugin. -->","yoast_head_json":{"title":"Y\u00f6rt\u00fcrk - The Epoch Times TR","description":"Y\u00f6r\u00fck T\u00fcrkmen Vakf\u0131 Mersin \u015eube Ba\u015fkan\u0131 Hasan D\u00fcndar, \u201cY\u00f6r\u00fc\u011f\u00fcz, T\u00fcrk\u2019\u00fcn \u00f6z\u00fcy\u00fcz\u201d s\u00f6z\u00fcyle ba\u015fl\u0131yor s\u00f6yle\u015fimize.","robots":{"index":"index","follow":"follow","max-snippet":"max-snippet:-1","max-image-preview":"max-image-preview:large","max-video-preview":"max-video-preview:-1"},"canonical":"https:\/\/epochtimestr.com\/index.php\/yorturk","og_locale":"tr_TR","og_type":"article","og_title":"Y\u00f6rt\u00fcrk - The Epoch Times TR","og_description":"Y\u00f6r\u00fck T\u00fcrkmen Vakf\u0131 Mersin \u015eube Ba\u015fkan\u0131 Hasan D\u00fcndar, \u201cY\u00f6r\u00fc\u011f\u00fcz, T\u00fcrk\u2019\u00fcn \u00f6z\u00fcy\u00fcz\u201d s\u00f6z\u00fcyle ba\u015fl\u0131yor s\u00f6yle\u015fimize.","og_url":"https:\/\/epochtimestr.com\/index.php\/yorturk","og_site_name":"The Epoch Times TR","article_publisher":"https:\/\/www.facebook.com\/theepochtimestr","article_published_time":"2026-05-30T05:38:27+00:00","article_modified_time":"2026-05-30T05:38:29+00:00","og_image":[{"width":1200,"height":630,"url":"https:\/\/epochtimestr.com\/wp-content\/uploads\/2011y\/bzct-hd.jpg","type":"image\/jpeg"}],"author":"Bekir Zorba","twitter_card":"summary_large_image","twitter_creator":"@TheEpochTimesTR","twitter_site":"@TheEpochTimesTR","twitter_misc":{"Yazan:":"Bekir Zorba","Tahmini okuma s\u00fcresi":"4 dakika"},"schema":{"@context":"https:\/\/schema.org","@graph":[{"@type":"Article","@id":"https:\/\/epochtimestr.com\/index.php\/yorturk#article","isPartOf":{"@id":"https:\/\/epochtimestr.com\/index.php\/yorturk"},"author":{"name":"Bekir Zorba","@id":"https:\/\/epochtimestr.com\/#\/schema\/person\/da1ad104599611965442ed3e7e9acb2b"},"headline":"Y\u00f6rt\u00fcrk","datePublished":"2026-05-30T05:38:27+00:00","dateModified":"2026-05-30T05:38:29+00:00","mainEntityOfPage":{"@id":"https:\/\/epochtimestr.com\/index.php\/yorturk"},"wordCount":746,"commentCount":0,"publisher":{"@id":"https:\/\/epochtimestr.com\/#organization"},"image":{"@id":"https:\/\/epochtimestr.com\/index.php\/yorturk#primaryimage"},"thumbnailUrl":"https:\/\/epochtimestr.com\/wp-content\/uploads\/2011y\/Bekir-Zorba.png","articleSection":["K\u00f6\u015fe Yaz\u0131lar\u0131 Bekir Zorba"],"inLanguage":"tr","potentialAction":[{"@type":"CommentAction","name":"Comment","target":["https:\/\/epochtimestr.com\/index.php\/yorturk#respond"]}]},{"@type":"WebPage","@id":"https:\/\/epochtimestr.com\/index.php\/yorturk","url":"https:\/\/epochtimestr.com\/index.php\/yorturk","name":"Y\u00f6rt\u00fcrk - The Epoch Times TR","isPartOf":{"@id":"https:\/\/epochtimestr.com\/#website"},"primaryImageOfPage":{"@id":"https:\/\/epochtimestr.com\/index.php\/yorturk#primaryimage"},"image":{"@id":"https:\/\/epochtimestr.com\/index.php\/yorturk#primaryimage"},"thumbnailUrl":"https:\/\/epochtimestr.com\/wp-content\/uploads\/2011y\/Bekir-Zorba.png","datePublished":"2026-05-30T05:38:27+00:00","dateModified":"2026-05-30T05:38:29+00:00","description":"Y\u00f6r\u00fck T\u00fcrkmen Vakf\u0131 Mersin \u015eube Ba\u015fkan\u0131 Hasan D\u00fcndar, \u201cY\u00f6r\u00fc\u011f\u00fcz, T\u00fcrk\u2019\u00fcn \u00f6z\u00fcy\u00fcz\u201d s\u00f6z\u00fcyle ba\u015fl\u0131yor s\u00f6yle\u015fimize.","inLanguage":"tr","potentialAction":[{"@type":"ReadAction","target":["https:\/\/epochtimestr.com\/index.php\/yorturk"]}]},{"@type":"ImageObject","inLanguage":"tr","@id":"https:\/\/epochtimestr.com\/index.php\/yorturk#primaryimage","url":"https:\/\/epochtimestr.com\/wp-content\/uploads\/2011y\/Bekir-Zorba.png","contentUrl":"https:\/\/epochtimestr.com\/wp-content\/uploads\/2011y\/Bekir-Zorba.png","width":600,"height":600},{"@type":"WebSite","@id":"https:\/\/epochtimestr.com\/#website","url":"https:\/\/epochtimestr.com\/","name":"The Epoch Times TR","description":"De\u011fi\u015fen D\u00fcnyam\u0131za Taze Bir Bak\u0131\u015f","publisher":{"@id":"https:\/\/epochtimestr.com\/#organization"},"potentialAction":[{"@type":"SearchAction","target":{"@type":"EntryPoint","urlTemplate":"https:\/\/epochtimestr.com\/?s={search_term_string}"},"query-input":"required name=search_term_string"}],"inLanguage":"tr"},{"@type":"Organization","@id":"https:\/\/epochtimestr.com\/#organization","name":"The EpochTimes T\u00fcrkiye","url":"https:\/\/epochtimestr.com\/","logo":{"@type":"ImageObject","inLanguage":"tr","@id":"https:\/\/epochtimestr.com\/#\/schema\/logo\/image\/","url":"https:\/\/epochtimestr.com\/wp-content\/uploads\/2011y\/ET-Logo-YG.jpg","contentUrl":"https:\/\/epochtimestr.com\/wp-content\/uploads\/2011y\/ET-Logo-YG.jpg","width":346,"height":29,"caption":"The EpochTimes T\u00fcrkiye"},"image":{"@id":"https:\/\/epochtimestr.com\/#\/schema\/logo\/image\/"},"sameAs":["https:\/\/www.facebook.com\/theepochtimestr","https:\/\/x.com\/TheEpochTimesTR","https:\/\/www.instagram.com\/epochtimestr"]},{"@type":"Person","@id":"https:\/\/epochtimestr.com\/#\/schema\/person\/da1ad104599611965442ed3e7e9acb2b","name":"Bekir Zorba","image":{"@type":"ImageObject","inLanguage":"tr","@id":"https:\/\/epochtimestr.com\/#\/schema\/person\/image\/","url":"https:\/\/secure.gravatar.com\/avatar\/eafd40d9b77b1fbf7c565a3d4916b79c?s=96&d=mm&r=g","contentUrl":"https:\/\/secure.gravatar.com\/avatar\/eafd40d9b77b1fbf7c565a3d4916b79c?s=96&d=mm&r=g","caption":"Bekir Zorba"},"url":"https:\/\/epochtimestr.com\/index.php\/author\/bekir"}]}},"_links":{"self":[{"href":"https:\/\/epochtimestr.com\/index.php\/wp-json\/wp\/v2\/posts\/167571"}],"collection":[{"href":"https:\/\/epochtimestr.com\/index.php\/wp-json\/wp\/v2\/posts"}],"about":[{"href":"https:\/\/epochtimestr.com\/index.php\/wp-json\/wp\/v2\/types\/post"}],"author":[{"embeddable":true,"href":"https:\/\/epochtimestr.com\/index.php\/wp-json\/wp\/v2\/users\/14001"}],"replies":[{"embeddable":true,"href":"https:\/\/epochtimestr.com\/index.php\/wp-json\/wp\/v2\/comments?post=167571"}],"version-history":[{"count":1,"href":"https:\/\/epochtimestr.com\/index.php\/wp-json\/wp\/v2\/posts\/167571\/revisions"}],"predecessor-version":[{"id":167573,"href":"https:\/\/epochtimestr.com\/index.php\/wp-json\/wp\/v2\/posts\/167571\/revisions\/167573"}],"wp:featuredmedia":[{"embeddable":true,"href":"https:\/\/epochtimestr.com\/index.php\/wp-json\/wp\/v2\/media\/161038"}],"wp:attachment":[{"href":"https:\/\/epochtimestr.com\/index.php\/wp-json\/wp\/v2\/media?parent=167571"}],"wp:term":[{"taxonomy":"category","embeddable":true,"href":"https:\/\/epochtimestr.com\/index.php\/wp-json\/wp\/v2\/categories?post=167571"},{"taxonomy":"post_tag","embeddable":true,"href":"https:\/\/epochtimestr.com\/index.php\/wp-json\/wp\/v2\/tags?post=167571"}],"curies":[{"name":"wp","href":"https:\/\/api.w.org\/{rel}","templated":true}]}}