{"id":167581,"date":"2026-05-31T07:00:00","date_gmt":"2026-05-31T04:00:00","guid":{"rendered":"https:\/\/epochtimestr.com\/?p=167581"},"modified":"2026-05-31T01:13:32","modified_gmt":"2026-05-30T22:13:32","slug":"zamanin-otesindeki-magara","status":"publish","type":"post","link":"https:\/\/epochtimestr.com\/index.php\/zamanin-otesindeki-magara","title":{"rendered":"Zaman\u0131n \u00d6tesindeki Ma\u011fara"},"content":{"rendered":"\n<p>D\u00fcnya, tarihin hi\u00e7bir d\u00f6neminde olmad\u0131\u011f\u0131 kadar h\u0131zl\u0131 d\u00f6n\u00fcyor. Ak\u0131ll\u0131 telefonlar\u0131m\u0131z\u0131n ekranlar\u0131n\u0131 yukar\u0131 kayd\u0131r\u0131rken saniyeler i\u00e7inde t\u00fcketiyoruz zaman\u0131, mek\u00e2n\u0131, dostluklar\u0131 ve en nihayetinde kendimizi. Her \u015feyin g\u00f6r\u00fcn\u00fcr, her \u015feyin anl\u0131k ve her \u015feyin \u201czahir\u201d yani sadece d\u0131\u015f y\u00fczeyden ibaret oldu\u011fu bir \u00e7a\u011f\u0131n tam ortas\u0131nday\u0131z. \u0130\u015fte tam da bu modern karma\u015fan\u0131n, bu h\u0131z ill\u00fczyonunun ortas\u0131nda, her Cuma g\u00fcn\u00fc raflardan inen ya da zihinlerde yank\u0131lanan bir sure, bize bamba\u015fka bir d\u00fcnyan\u0131n kap\u0131s\u0131n\u0131 aral\u0131yor: Kehf Suresi.<\/p>\n\n\n\n<p>Peki, bin k\u00fcsur y\u0131ld\u0131r okunan bu sureyi sadece bir ibadet rit\u00fceli olarak g\u00f6r\u00fcp ge\u00e7ebilir miyiz? Yoksa sat\u0131r aralar\u0131nda, insanl\u0131\u011f\u0131n bug\u00fcn bile \u00e7\u00f6zmekte zorland\u0131\u011f\u0131 zaman, mek\u00e2n, kader ve g\u00fc\u00e7 boyutlar\u0131na ait kadim \u015fifreler mi gizli?<\/p>\n\n\n\n<p>Gelin, o ma\u011faran\u0131n kap\u0131s\u0131ndan i\u00e7eri birlikte girelim.<\/p>\n\n\n\n<p>Surenin bize sundu\u011fu ilk b\u00fcy\u00fck sars\u0131nt\u0131, hi\u00e7 \u015f\u00fcphesiz Ash\u00e2b-\u0131 Kehf, yani Ma\u011fara Arkada\u015flar\u0131\u2019n\u0131n k\u0131ssas\u0131d\u0131r. \u0130nan\u00e7lar\u0131n\u0131, diktat\u00f6r bir h\u00fck\u00fcmdar\u0131n bask\u0131s\u0131ndan korumak i\u00e7in bir ma\u011faraya s\u0131\u011f\u0131nan bir avu\u00e7 gen\u00e7&#8230; Ve orada tam 309 y\u0131l s\u00fcren bir uyku. Modern bilimin, kuantum fizi\u011finin ancak Einstein ile birlikte y\u00fcksek sesle telaffuz edebildi\u011fi \u201czaman\u0131n g\u00f6relili\u011fi\u201d kavram\u0131, bu k\u0131ssada adeta mistik bir realite olarak \u00f6n\u00fcm\u00fcze serilir. Gen\u00e7ler uyand\u0131klar\u0131nda, \u201cBir g\u00fcn ya da g\u00fcn\u00fcn bir par\u00e7as\u0131 kadar uykuda kald\u0131k\u201d derler.<\/p>\n\n\n\n<p>Zaman, bizim alg\u0131lad\u0131\u011f\u0131m\u0131z gibi d\u00fcz bir \u00e7izgi midir, yoksa ilahi bir iradeyle b\u00fck\u00fclebilen, esneyebilen bir boyut mudur? Ayette ge\u00e7en \u201cOnlar\u0131 uyan\u0131k san\u0131rd\u0131n, h\u00e2lbuki uykudad\u0131rlar. Biz onlar\u0131 sa\u011fa sola \u00e7eviriyorduk\u201d ifadesindeki t\u0131bbi mucize bir yana, bu k\u0131ssa bize \u015funu f\u0131s\u0131ldar: Sistem seni s\u0131k\u0131\u015ft\u0131rd\u0131\u011f\u0131nda, d\u00fcnya \u00fczerine \u00e7\u00f6kt\u00fc\u011f\u00fcnde; bazen durman, s\u0131\u011f\u0131nman ve zaman\u0131n seni eskitmesine izin vermeden ruhunu koruman gerekir. Ma\u011fara, bir ka\u00e7\u0131\u015f de\u011fil, bir yeniden do\u011fu\u015f merkezidir.<\/p>\n\n\n\n<p>Tam bu kuantum felsefesini sindirmeye \u00e7al\u0131\u015f\u0131rken, sure bizi insanl\u0131k tarihinin en gizemli yolculu\u011funa \u00e7\u0131kar\u0131r: Hz. Musa ve H\u0131z\u0131r\u2019\u0131n kar\u015f\u0131la\u015fmas\u0131. Musa (a.s.), elindeki hukukla, g\u00f6r\u00fcnen (zahir) kurallarla hareket eden bir peygamberdir. H\u0131z\u0131r ise kendisine \u201cLed\u00fcn ilmi\u201d (yani olaylar\u0131n arka plan\u0131ndaki g\u00f6r\u00fcnmeyen senaryonun bilgisi) verilmi\u015f gizemli bir kul. Yolculuk boyunca H\u0131z\u0131r\u2019\u0131n yapt\u0131\u011f\u0131 ve ilk bak\u0131\u015fta mant\u0131ks\u0131z ya da adaletsiz g\u00f6r\u00fcnen eylemleri (\u00f6rne\u011fin yoksul bal\u0131k\u00e7\u0131lar\u0131n gemisini delmesi veya kendilerine ekmek bile vermeyen bir kasaban\u0131n y\u0131k\u0131lmak \u00fczere olan duvar\u0131n\u0131 d\u00fczeltmesi) Musa\u2019n\u0131n sabr\u0131n\u0131 ta\u015f\u0131r\u0131r. \u00c7\u00fcnk\u00fc d\u0131\u015far\u0131dan bak\u0131ld\u0131\u011f\u0131nda ya\u015fananlar b\u00fct\u00fcn\u00fcyle anla\u015f\u0131lmazd\u0131r.<\/p>\n\n\n\n<p>Oysa hik\u00e2yenin sonunda perdeler kalkt\u0131\u011f\u0131nda anlar\u0131z ki delinen gemi, zalim bir kral\u0131n el koyma plan\u0131ndan kurtulmu\u015f, d\u00fczeltilen duvar\u0131n alt\u0131ndaki yetim hazinesi ise gelecekte sahiplerine ula\u015fmas\u0131 i\u00e7in korunmu\u015ftur.<\/p>\n\n\n\n<p>Bug\u00fcn gazete sayfalar\u0131n\u0131 a\u00e7t\u0131\u011f\u0131m\u0131zda, televizyon haberlerini izledi\u011fimizde ya da kendi hayat\u0131m\u0131zda, \u201cNeden bu zorluklar oluyor? Neden adalet hemen tecelli etmiyor?\u201d diye sordu\u011fumuz o kahredici sorular\u0131n cevab\u0131 i\u015fte bu k\u0131ssan\u0131n kalbinde sakl\u0131d\u0131r. Bizler, zaman ve mek\u00e2nla s\u0131n\u0131rl\u0131 c\u00fczi irademizle b\u00fcy\u00fck resmi g\u00f6remeyiz. Kehf Suresi, bize modern insan\u0131n en b\u00fcy\u00fck hastal\u0131\u011f\u0131 olan \u201cerken h\u00fck\u00fcm verme\u201d kibirlili\u011fine kar\u015f\u0131 bir panzehir sunar: \u201cSabret, senin \u015fer g\u00f6rd\u00fc\u011f\u00fcnde b\u00fcy\u00fck bir hay\u0131r gizlidir.\u201d<\/p>\n\n\n\n<p>Yolculuk bitmez; sure bizi bu kez do\u011funun ve bat\u0131n\u0131n s\u0131n\u0131rlar\u0131n\u0131 a\u015fan, boyutlar aras\u0131 bir h\u00fck\u00fcmdar\u0131n, Z\u00fclkarneyn\u2019in yan\u0131na g\u00f6t\u00fcr\u00fcr. Z\u00fclkarneyn, iki da\u011f aras\u0131nda s\u0131k\u0131\u015fm\u0131\u015f \u00e7aresiz bir halk\u0131, yery\u00fcz\u00fcn\u00fcn en b\u00fcy\u00fck kaos unsurlar\u0131 olan Yec\u00fcc ve Mec\u00fcc\u2019ten korumak i\u00e7in demir ve erimi\u015f bak\u0131rdan devasa bir set in\u015fa eder. Bug\u00fcn arkeologlar\u0131n, tarih\u00e7ilerin k\u00f6\u015fe bucak arad\u0131\u011f\u0131 ama bulamad\u0131\u011f\u0131 bu set nerededir? \u00c7in Seddi mi, Kafkaslar m\u0131?<\/p>\n\n\n\n<p>Belki de modern insan\u0131n alg\u0131layamad\u0131\u011f\u0131 \u015fey, bu seddin sadece ta\u015ftan ve demirden bir duvar olmad\u0131\u011f\u0131 ger\u00e7e\u011fidir. Belki de Z\u00fclkarneyn, frekanslar ve boyutlar aras\u0131na bir kilit vurmu\u015ftur. Ve o kilit, zaman\u0131 geldi\u011finde elbet k\u0131r\u0131lacakt\u0131r.<\/p>\n\n\n\n<p>T\u00fcm bu k\u0131ssalar\u0131 alt alta koydu\u011fumuzda, Hz. Muhammed\u2019in (sav) \u015fu uyar\u0131s\u0131 \u00e7ok daha net bir anlam kazan\u0131r: \u201cKim Kehf Suresini okursa, Deccal\u2019in fitnesinden korunur.\u201d<\/p>\n\n\n\n<p>Deccal, sadece ahir zamanda gelecek mitolojik bir fig\u00fcr m\u00fcd\u00fcr, yoksa bug\u00fcn\u00fcn d\u00fcnyas\u0131n\u0131 ele ge\u00e7iren \u201cmaddiyat\u00e7\u0131, maneviyattan yoksun, tek g\u00f6zl\u00fc (sadece d\u00fcnyay\u0131 g\u00f6ren)\u201d k\u00fcresel sistemin ta kendisi midir? Kehf Suresi inanc\u0131n\u0131 koruyan gen\u00e7lerle inan\u00e7 fitnesine, ba\u011f bah\u00e7e sahibi kibirli adamla mal m\u00fclk fitnesine, Hz. Musa ve H\u0131z\u0131r ile bilgi fitnesine, Z\u00fclkarneyn ile de g\u00fc\u00e7 ve otorite fitnesine kar\u015f\u0131 durmay\u0131 \u00f6\u011fretir.<\/p>\n\n\n\n<p>S\u00f6z\u00fcn \u00f6z\u00fc dostlar: Kehf Suresi ge\u00e7mi\u015fte ya\u015fanm\u0131\u015f masallar\u0131n bir derlemesi de\u011fildir. O, bug\u00fcn\u00fcn insan\u0131 i\u00e7in dijital d\u00fcnyan\u0131n, h\u0131z ill\u00fczyonunun, adaletsizlik hissinin ve madde ba\u011f\u0131ml\u0131l\u0131\u011f\u0131n\u0131n ortas\u0131nda bir \u00e7\u0131k\u0131\u015f haritas\u0131d\u0131r.<\/p>\n\n\n\n<p>Haftan\u0131n bir g\u00fcn\u00fc, o h\u0131zla akan hayat band\u0131n\u0131 durdurun. Telefonlar\u0131 bir kenara b\u0131rak\u0131n ve o ma\u011faran\u0131n sessizli\u011fine s\u0131\u011f\u0131n\u0131n. \u00c7\u00fcnk\u00fc bazen d\u00fcnyay\u0131 ger\u00e7ekten \u201cg\u00f6rebilmek\u201d i\u00e7in, g\u00f6zlerimizi bu d\u00fcnyan\u0131n sahte \u0131\u015f\u0131klar\u0131na kapat\u0131p, b\u00e2t\u0131ni olan\u0131n pe\u015fine d\u00fc\u015fmemiz gerekir.<\/p>\n","protected":false},"excerpt":{"rendered":"<p>D\u00fcnya, tarihin hi\u00e7bir d\u00f6neminde olmad\u0131\u011f\u0131 kadar h\u0131zl\u0131 d\u00f6n\u00fcyor. Ak\u0131ll\u0131 telefonlar\u0131m\u0131z\u0131n ekranlar\u0131n\u0131 yukar\u0131 kayd\u0131r\u0131rken saniyeler i\u00e7inde t\u00fcketiyoruz zaman\u0131, mek\u00e2n\u0131, dostluklar\u0131 ve en nihayetinde kendimizi. Her \u015feyin g\u00f6r\u00fcn\u00fcr, her \u015feyin anl\u0131k ve her \u015feyin \u201czahir\u201d yani sadece d\u0131\u015f y\u00fczeyden ibaret oldu\u011fu bir \u00e7a\u011f\u0131n tam ortas\u0131nday\u0131z. \u0130\u015fte tam da bu modern karma\u015fan\u0131n, bu h\u0131z ill\u00fczyonunun ortas\u0131nda, her Cuma [&hellip;]<\/p>\n","protected":false},"author":14013,"featured_media":167144,"comment_status":"open","ping_status":"open","sticky":false,"template":"","format":"standard","meta":{"_yoast_wpseo_focuskw":"Kehf Suresi","_yoast_wpseo_title":"","_yoast_wpseo_metadesc":"Ak\u0131ll\u0131 telefonlar\u0131m\u0131z\u0131n ekranlar\u0131n\u0131 yukar\u0131 kayd\u0131r\u0131rken saniyeler i\u00e7inde t\u00fcketiyoruz zaman\u0131, mek\u00e2n\u0131, dostluklar\u0131 ve en nihayetinde kendimizi.","_bbp_topic_count":0,"_bbp_reply_count":0,"_bbp_total_topic_count":0,"_bbp_total_reply_count":0,"_bbp_voice_count":0,"_bbp_anonymous_reply_count":0,"_bbp_topic_count_hidden":0,"_bbp_reply_count_hidden":0,"_bbp_forum_subforum_count":0,"footnotes":"","_yoast_wpseo_focuskw_text_input":""},"categories":[11361],"tags":[],"yoast_head":"<!-- This site is optimized with the Yoast SEO plugin v23.0 - https:\/\/yoast.com\/wordpress\/plugins\/seo\/ -->\n<title>Zaman\u0131n \u00d6tesindeki Ma\u011fara - The Epoch Times TR<\/title>\n<meta name=\"description\" content=\"Ak\u0131ll\u0131 telefonlar\u0131m\u0131z\u0131n ekranlar\u0131n\u0131 yukar\u0131 kayd\u0131r\u0131rken saniyeler i\u00e7inde t\u00fcketiyoruz zaman\u0131, mek\u00e2n\u0131, dostluklar\u0131 ve en nihayetinde kendimizi.\" \/>\n<meta name=\"robots\" content=\"index, follow, max-snippet:-1, max-image-preview:large, max-video-preview:-1\" \/>\n<link rel=\"canonical\" href=\"https:\/\/epochtimestr.com\/index.php\/zamanin-otesindeki-magara\" \/>\n<meta property=\"og:locale\" content=\"tr_TR\" \/>\n<meta property=\"og:type\" content=\"article\" \/>\n<meta property=\"og:title\" content=\"Zaman\u0131n \u00d6tesindeki Ma\u011fara - The Epoch Times TR\" \/>\n<meta property=\"og:description\" content=\"Ak\u0131ll\u0131 telefonlar\u0131m\u0131z\u0131n ekranlar\u0131n\u0131 yukar\u0131 kayd\u0131r\u0131rken saniyeler i\u00e7inde t\u00fcketiyoruz zaman\u0131, mek\u00e2n\u0131, dostluklar\u0131 ve en nihayetinde kendimizi.\" \/>\n<meta property=\"og:url\" content=\"https:\/\/epochtimestr.com\/index.php\/zamanin-otesindeki-magara\" \/>\n<meta property=\"og:site_name\" content=\"The Epoch Times TR\" \/>\n<meta property=\"article:publisher\" content=\"https:\/\/www.facebook.com\/theepochtimestr\" \/>\n<meta property=\"article:published_time\" content=\"2026-05-31T04:00:00+00:00\" \/>\n<meta property=\"article:modified_time\" content=\"2026-05-30T22:13:32+00:00\" \/>\n<meta property=\"og:image\" content=\"https:\/\/epochtimestr.com\/wp-content\/uploads\/2011y\/ali-kekliktepe-SM.jpeg\" \/>\n\t<meta property=\"og:image:width\" content=\"1200\" \/>\n\t<meta property=\"og:image:height\" content=\"630\" \/>\n\t<meta property=\"og:image:type\" content=\"image\/jpeg\" \/>\n<meta name=\"author\" content=\"Ali Kekliktepe\" \/>\n<meta name=\"twitter:card\" content=\"summary_large_image\" \/>\n<meta name=\"twitter:creator\" content=\"@TheEpochTimesTR\" \/>\n<meta name=\"twitter:site\" content=\"@TheEpochTimesTR\" \/>\n<meta name=\"twitter:label1\" content=\"Yazan:\" \/>\n\t<meta name=\"twitter:data1\" content=\"Ali Kekliktepe\" \/>\n\t<meta name=\"twitter:label2\" content=\"Tahmini okuma s\u00fcresi\" \/>\n\t<meta name=\"twitter:data2\" content=\"5 dakika\" \/>\n<script type=\"application\/ld+json\" class=\"yoast-schema-graph\">{\"@context\":\"https:\/\/schema.org\",\"@graph\":[{\"@type\":\"Article\",\"@id\":\"https:\/\/epochtimestr.com\/index.php\/zamanin-otesindeki-magara#article\",\"isPartOf\":{\"@id\":\"https:\/\/epochtimestr.com\/index.php\/zamanin-otesindeki-magara\"},\"author\":{\"name\":\"Ali Kekliktepe\",\"@id\":\"https:\/\/epochtimestr.com\/#\/schema\/person\/da94a416fed1aed029d0a47e85673b95\"},\"headline\":\"Zaman\u0131n \u00d6tesindeki Ma\u011fara\",\"datePublished\":\"2026-05-31T04:00:00+00:00\",\"dateModified\":\"2026-05-30T22:13:32+00:00\",\"mainEntityOfPage\":{\"@id\":\"https:\/\/epochtimestr.com\/index.php\/zamanin-otesindeki-magara\"},\"wordCount\":1013,\"commentCount\":0,\"publisher\":{\"@id\":\"https:\/\/epochtimestr.com\/#organization\"},\"image\":{\"@id\":\"https:\/\/epochtimestr.com\/index.php\/zamanin-otesindeki-magara#primaryimage\"},\"thumbnailUrl\":\"https:\/\/epochtimestr.com\/wp-content\/uploads\/2011y\/Ali-Kekliktepe.jpg\",\"articleSection\":[\"K\u00f6\u015fe Yaz\u0131lar\u0131 Ali Kekliktepe\"],\"inLanguage\":\"tr\",\"potentialAction\":[{\"@type\":\"CommentAction\",\"name\":\"Comment\",\"target\":[\"https:\/\/epochtimestr.com\/index.php\/zamanin-otesindeki-magara#respond\"]}]},{\"@type\":\"WebPage\",\"@id\":\"https:\/\/epochtimestr.com\/index.php\/zamanin-otesindeki-magara\",\"url\":\"https:\/\/epochtimestr.com\/index.php\/zamanin-otesindeki-magara\",\"name\":\"Zaman\u0131n \u00d6tesindeki Ma\u011fara - The Epoch Times TR\",\"isPartOf\":{\"@id\":\"https:\/\/epochtimestr.com\/#website\"},\"primaryImageOfPage\":{\"@id\":\"https:\/\/epochtimestr.com\/index.php\/zamanin-otesindeki-magara#primaryimage\"},\"image\":{\"@id\":\"https:\/\/epochtimestr.com\/index.php\/zamanin-otesindeki-magara#primaryimage\"},\"thumbnailUrl\":\"https:\/\/epochtimestr.com\/wp-content\/uploads\/2011y\/Ali-Kekliktepe.jpg\",\"datePublished\":\"2026-05-31T04:00:00+00:00\",\"dateModified\":\"2026-05-30T22:13:32+00:00\",\"description\":\"Ak\u0131ll\u0131 telefonlar\u0131m\u0131z\u0131n ekranlar\u0131n\u0131 yukar\u0131 kayd\u0131r\u0131rken saniyeler i\u00e7inde t\u00fcketiyoruz zaman\u0131, mek\u00e2n\u0131, dostluklar\u0131 ve en nihayetinde kendimizi.\",\"inLanguage\":\"tr\",\"potentialAction\":[{\"@type\":\"ReadAction\",\"target\":[\"https:\/\/epochtimestr.com\/index.php\/zamanin-otesindeki-magara\"]}]},{\"@type\":\"ImageObject\",\"inLanguage\":\"tr\",\"@id\":\"https:\/\/epochtimestr.com\/index.php\/zamanin-otesindeki-magara#primaryimage\",\"url\":\"https:\/\/epochtimestr.com\/wp-content\/uploads\/2011y\/Ali-Kekliktepe.jpg\",\"contentUrl\":\"https:\/\/epochtimestr.com\/wp-content\/uploads\/2011y\/Ali-Kekliktepe.jpg\",\"width\":600,\"height\":600},{\"@type\":\"WebSite\",\"@id\":\"https:\/\/epochtimestr.com\/#website\",\"url\":\"https:\/\/epochtimestr.com\/\",\"name\":\"The Epoch Times TR\",\"description\":\"De\u011fi\u015fen D\u00fcnyam\u0131za Taze Bir Bak\u0131\u015f\",\"publisher\":{\"@id\":\"https:\/\/epochtimestr.com\/#organization\"},\"potentialAction\":[{\"@type\":\"SearchAction\",\"target\":{\"@type\":\"EntryPoint\",\"urlTemplate\":\"https:\/\/epochtimestr.com\/?s={search_term_string}\"},\"query-input\":\"required name=search_term_string\"}],\"inLanguage\":\"tr\"},{\"@type\":\"Organization\",\"@id\":\"https:\/\/epochtimestr.com\/#organization\",\"name\":\"The EpochTimes T\u00fcrkiye\",\"url\":\"https:\/\/epochtimestr.com\/\",\"logo\":{\"@type\":\"ImageObject\",\"inLanguage\":\"tr\",\"@id\":\"https:\/\/epochtimestr.com\/#\/schema\/logo\/image\/\",\"url\":\"https:\/\/epochtimestr.com\/wp-content\/uploads\/2011y\/ET-Logo-YG.jpg\",\"contentUrl\":\"https:\/\/epochtimestr.com\/wp-content\/uploads\/2011y\/ET-Logo-YG.jpg\",\"width\":346,\"height\":29,\"caption\":\"The EpochTimes T\u00fcrkiye\"},\"image\":{\"@id\":\"https:\/\/epochtimestr.com\/#\/schema\/logo\/image\/\"},\"sameAs\":[\"https:\/\/www.facebook.com\/theepochtimestr\",\"https:\/\/x.com\/TheEpochTimesTR\",\"https:\/\/www.instagram.com\/epochtimestr\"]},{\"@type\":\"Person\",\"@id\":\"https:\/\/epochtimestr.com\/#\/schema\/person\/da94a416fed1aed029d0a47e85673b95\",\"name\":\"Ali Kekliktepe\",\"image\":{\"@type\":\"ImageObject\",\"inLanguage\":\"tr\",\"@id\":\"https:\/\/epochtimestr.com\/#\/schema\/person\/image\/\",\"url\":\"https:\/\/secure.gravatar.com\/avatar\/6c965c3fc374c8f4af759baef4f38bcd?s=96&d=mm&r=g\",\"contentUrl\":\"https:\/\/secure.gravatar.com\/avatar\/6c965c3fc374c8f4af759baef4f38bcd?s=96&d=mm&r=g\",\"caption\":\"Ali Kekliktepe\"},\"description\":\"Ben Ali Kekliktepe; hayat\u0131n\u0131 \u00f6\u011frenmeye, \u00f6\u011fretmeye ve toplumsal fayda yaratmaya adam\u0131\u015f bir yazar ve profesyonelim. Kalemi sadece ka\u011f\u0131da dokunan bir ara\u00e7 de\u011fil, toplumun aksayan y\u00f6nlerine \u015fifa olan bir enstr\u00fcman olarak g\u00f6r\u00fcyorum.\",\"sameAs\":[\"https:\/\/alikekliktepemersin33.blogspot.com\/\"],\"url\":\"https:\/\/epochtimestr.com\/index.php\/author\/ali\"}]}<\/script>\n<!-- \/ Yoast SEO plugin. -->","yoast_head_json":{"title":"Zaman\u0131n \u00d6tesindeki Ma\u011fara - The Epoch Times TR","description":"Ak\u0131ll\u0131 telefonlar\u0131m\u0131z\u0131n ekranlar\u0131n\u0131 yukar\u0131 kayd\u0131r\u0131rken saniyeler i\u00e7inde t\u00fcketiyoruz zaman\u0131, mek\u00e2n\u0131, dostluklar\u0131 ve en nihayetinde kendimizi.","robots":{"index":"index","follow":"follow","max-snippet":"max-snippet:-1","max-image-preview":"max-image-preview:large","max-video-preview":"max-video-preview:-1"},"canonical":"https:\/\/epochtimestr.com\/index.php\/zamanin-otesindeki-magara","og_locale":"tr_TR","og_type":"article","og_title":"Zaman\u0131n \u00d6tesindeki Ma\u011fara - The Epoch Times TR","og_description":"Ak\u0131ll\u0131 telefonlar\u0131m\u0131z\u0131n ekranlar\u0131n\u0131 yukar\u0131 kayd\u0131r\u0131rken saniyeler i\u00e7inde t\u00fcketiyoruz zaman\u0131, mek\u00e2n\u0131, dostluklar\u0131 ve en nihayetinde kendimizi.","og_url":"https:\/\/epochtimestr.com\/index.php\/zamanin-otesindeki-magara","og_site_name":"The Epoch Times TR","article_publisher":"https:\/\/www.facebook.com\/theepochtimestr","article_published_time":"2026-05-31T04:00:00+00:00","article_modified_time":"2026-05-30T22:13:32+00:00","og_image":[{"width":1200,"height":630,"url":"https:\/\/epochtimestr.com\/wp-content\/uploads\/2011y\/ali-kekliktepe-SM.jpeg","type":"image\/jpeg"}],"author":"Ali Kekliktepe","twitter_card":"summary_large_image","twitter_creator":"@TheEpochTimesTR","twitter_site":"@TheEpochTimesTR","twitter_misc":{"Yazan:":"Ali Kekliktepe","Tahmini okuma s\u00fcresi":"5 dakika"},"schema":{"@context":"https:\/\/schema.org","@graph":[{"@type":"Article","@id":"https:\/\/epochtimestr.com\/index.php\/zamanin-otesindeki-magara#article","isPartOf":{"@id":"https:\/\/epochtimestr.com\/index.php\/zamanin-otesindeki-magara"},"author":{"name":"Ali Kekliktepe","@id":"https:\/\/epochtimestr.com\/#\/schema\/person\/da94a416fed1aed029d0a47e85673b95"},"headline":"Zaman\u0131n \u00d6tesindeki Ma\u011fara","datePublished":"2026-05-31T04:00:00+00:00","dateModified":"2026-05-30T22:13:32+00:00","mainEntityOfPage":{"@id":"https:\/\/epochtimestr.com\/index.php\/zamanin-otesindeki-magara"},"wordCount":1013,"commentCount":0,"publisher":{"@id":"https:\/\/epochtimestr.com\/#organization"},"image":{"@id":"https:\/\/epochtimestr.com\/index.php\/zamanin-otesindeki-magara#primaryimage"},"thumbnailUrl":"https:\/\/epochtimestr.com\/wp-content\/uploads\/2011y\/Ali-Kekliktepe.jpg","articleSection":["K\u00f6\u015fe Yaz\u0131lar\u0131 Ali Kekliktepe"],"inLanguage":"tr","potentialAction":[{"@type":"CommentAction","name":"Comment","target":["https:\/\/epochtimestr.com\/index.php\/zamanin-otesindeki-magara#respond"]}]},{"@type":"WebPage","@id":"https:\/\/epochtimestr.com\/index.php\/zamanin-otesindeki-magara","url":"https:\/\/epochtimestr.com\/index.php\/zamanin-otesindeki-magara","name":"Zaman\u0131n \u00d6tesindeki Ma\u011fara - The Epoch Times TR","isPartOf":{"@id":"https:\/\/epochtimestr.com\/#website"},"primaryImageOfPage":{"@id":"https:\/\/epochtimestr.com\/index.php\/zamanin-otesindeki-magara#primaryimage"},"image":{"@id":"https:\/\/epochtimestr.com\/index.php\/zamanin-otesindeki-magara#primaryimage"},"thumbnailUrl":"https:\/\/epochtimestr.com\/wp-content\/uploads\/2011y\/Ali-Kekliktepe.jpg","datePublished":"2026-05-31T04:00:00+00:00","dateModified":"2026-05-30T22:13:32+00:00","description":"Ak\u0131ll\u0131 telefonlar\u0131m\u0131z\u0131n ekranlar\u0131n\u0131 yukar\u0131 kayd\u0131r\u0131rken saniyeler i\u00e7inde t\u00fcketiyoruz zaman\u0131, mek\u00e2n\u0131, dostluklar\u0131 ve en nihayetinde kendimizi.","inLanguage":"tr","potentialAction":[{"@type":"ReadAction","target":["https:\/\/epochtimestr.com\/index.php\/zamanin-otesindeki-magara"]}]},{"@type":"ImageObject","inLanguage":"tr","@id":"https:\/\/epochtimestr.com\/index.php\/zamanin-otesindeki-magara#primaryimage","url":"https:\/\/epochtimestr.com\/wp-content\/uploads\/2011y\/Ali-Kekliktepe.jpg","contentUrl":"https:\/\/epochtimestr.com\/wp-content\/uploads\/2011y\/Ali-Kekliktepe.jpg","width":600,"height":600},{"@type":"WebSite","@id":"https:\/\/epochtimestr.com\/#website","url":"https:\/\/epochtimestr.com\/","name":"The Epoch Times TR","description":"De\u011fi\u015fen D\u00fcnyam\u0131za Taze Bir Bak\u0131\u015f","publisher":{"@id":"https:\/\/epochtimestr.com\/#organization"},"potentialAction":[{"@type":"SearchAction","target":{"@type":"EntryPoint","urlTemplate":"https:\/\/epochtimestr.com\/?s={search_term_string}"},"query-input":"required name=search_term_string"}],"inLanguage":"tr"},{"@type":"Organization","@id":"https:\/\/epochtimestr.com\/#organization","name":"The EpochTimes T\u00fcrkiye","url":"https:\/\/epochtimestr.com\/","logo":{"@type":"ImageObject","inLanguage":"tr","@id":"https:\/\/epochtimestr.com\/#\/schema\/logo\/image\/","url":"https:\/\/epochtimestr.com\/wp-content\/uploads\/2011y\/ET-Logo-YG.jpg","contentUrl":"https:\/\/epochtimestr.com\/wp-content\/uploads\/2011y\/ET-Logo-YG.jpg","width":346,"height":29,"caption":"The EpochTimes T\u00fcrkiye"},"image":{"@id":"https:\/\/epochtimestr.com\/#\/schema\/logo\/image\/"},"sameAs":["https:\/\/www.facebook.com\/theepochtimestr","https:\/\/x.com\/TheEpochTimesTR","https:\/\/www.instagram.com\/epochtimestr"]},{"@type":"Person","@id":"https:\/\/epochtimestr.com\/#\/schema\/person\/da94a416fed1aed029d0a47e85673b95","name":"Ali Kekliktepe","image":{"@type":"ImageObject","inLanguage":"tr","@id":"https:\/\/epochtimestr.com\/#\/schema\/person\/image\/","url":"https:\/\/secure.gravatar.com\/avatar\/6c965c3fc374c8f4af759baef4f38bcd?s=96&d=mm&r=g","contentUrl":"https:\/\/secure.gravatar.com\/avatar\/6c965c3fc374c8f4af759baef4f38bcd?s=96&d=mm&r=g","caption":"Ali Kekliktepe"},"description":"Ben Ali Kekliktepe; hayat\u0131n\u0131 \u00f6\u011frenmeye, \u00f6\u011fretmeye ve toplumsal fayda yaratmaya adam\u0131\u015f bir yazar ve profesyonelim. Kalemi sadece ka\u011f\u0131da dokunan bir ara\u00e7 de\u011fil, toplumun aksayan y\u00f6nlerine \u015fifa olan bir enstr\u00fcman olarak g\u00f6r\u00fcyorum.","sameAs":["https:\/\/alikekliktepemersin33.blogspot.com\/"],"url":"https:\/\/epochtimestr.com\/index.php\/author\/ali"}]}},"_links":{"self":[{"href":"https:\/\/epochtimestr.com\/index.php\/wp-json\/wp\/v2\/posts\/167581"}],"collection":[{"href":"https:\/\/epochtimestr.com\/index.php\/wp-json\/wp\/v2\/posts"}],"about":[{"href":"https:\/\/epochtimestr.com\/index.php\/wp-json\/wp\/v2\/types\/post"}],"author":[{"embeddable":true,"href":"https:\/\/epochtimestr.com\/index.php\/wp-json\/wp\/v2\/users\/14013"}],"replies":[{"embeddable":true,"href":"https:\/\/epochtimestr.com\/index.php\/wp-json\/wp\/v2\/comments?post=167581"}],"version-history":[{"count":1,"href":"https:\/\/epochtimestr.com\/index.php\/wp-json\/wp\/v2\/posts\/167581\/revisions"}],"predecessor-version":[{"id":167582,"href":"https:\/\/epochtimestr.com\/index.php\/wp-json\/wp\/v2\/posts\/167581\/revisions\/167582"}],"wp:featuredmedia":[{"embeddable":true,"href":"https:\/\/epochtimestr.com\/index.php\/wp-json\/wp\/v2\/media\/167144"}],"wp:attachment":[{"href":"https:\/\/epochtimestr.com\/index.php\/wp-json\/wp\/v2\/media?parent=167581"}],"wp:term":[{"taxonomy":"category","embeddable":true,"href":"https:\/\/epochtimestr.com\/index.php\/wp-json\/wp\/v2\/categories?post=167581"},{"taxonomy":"post_tag","embeddable":true,"href":"https:\/\/epochtimestr.com\/index.php\/wp-json\/wp\/v2\/tags?post=167581"}],"curies":[{"name":"wp","href":"https:\/\/api.w.org\/{rel}","templated":true}]}}