{"id":167583,"date":"2026-05-31T08:30:00","date_gmt":"2026-05-31T05:30:00","guid":{"rendered":"https:\/\/epochtimestr.com\/?p=167583"},"modified":"2026-06-01T07:40:11","modified_gmt":"2026-06-01T04:40:11","slug":"demir-leblebi","status":"publish","type":"post","link":"https:\/\/epochtimestr.com\/index.php\/demir-leblebi","title":{"rendered":"Demir Leblebi"},"content":{"rendered":"\n<p>Zihnimde temiz bir sayfa a\u00e7\u0131yorum\u2026 ama orada da sen vars\u0131n.<\/p>\n\n\n\n<p>\u2026<\/p>\n\n\n\n<p>Adam bir bardak \u00e7aya tek \u015feker at\u0131p kar\u0131\u015ft\u0131r\u0131yor. O \u00e7ayda d\u00fc\u015f\u00fcncelerini kar\u0131\u015ft\u0131r\u0131yor. Ge\u00e7mi\u015fini, \u015fimdisini saat y\u00f6n\u00fcnde kar\u0131\u015ft\u0131r\u0131yor. Efk\u00e2r gibi bir \u015feyler kar\u0131\u015f\u0131yor barda\u011fa. Hayattan hi\u00e7bir \u015fey anlamad\u0131\u011f\u0131n\u0131 kar\u0131\u015ft\u0131r\u0131yor, her \u015feyi birbirine kar\u0131\u015ft\u0131r\u0131yor.<\/p>\n\n\n\n<p>Bu \u00e7ay bah\u00e7esinde, ilk kez geldi\u011fi bu a\u011fac\u0131n alt\u0131nda, bu masan\u0131n \u00fcst\u00fcnde, bir parma\u011f\u0131na dolad\u0131\u011f\u0131 tesbihine bak\u0131p \u201cGerek\u00e7esiz bir keder bu\u201d diyor i\u00e7inden; \u201cAma gereksiz de\u011fil\u201d diye ekliyor s\u00f6zleri birbirine. Keder insana k\u0131r\u0131labilen bir kalbi oldu\u011funu anlatan yak\u0131\u015f\u0131kl\u0131 bir \u015fey. K\u0131r\u0131k da olsa, bir kalbi olmas\u0131 insan\u0131n, iyi bir \u015fey\u2026 Ya\u015famak bazen b\u00f6yle bir \u015fey&#8230; Ya\u015famak zaten b\u00f6yle bir \u015fey\u2026<\/p>\n\n\n\n<p>Al\u0131yor o kederi, bir hamuru oklavayla yayar, inceltir gibi g\u00f6\u011fs\u00fcn\u00fcn ortas\u0131nda yuvarl\u0131yor. Tutunuyor ona, sahipleniyor\u2026<\/p>\n\n\n\n<p>Derin bir yaln\u0131zl\u0131k duyuyor fakat kimsesiz de\u011fil. Yaln\u0131zl\u0131k ba\u015fka, kimsesizlik ba\u015fka. Onun herkesleri var, ama kendinden ba\u015fka hi\u00e7 kimsesi yok asl\u0131nda. \u0130yi &#8211; k\u00f6t\u00fc bir e\u015fi var mesela. Daha do\u011frusu k\u00f6t\u00fc bir e\u015fi var asl\u0131nda, y\u0131llard\u0131r y\u00fcz\u00fcn\u00fc g\u00fcld\u00fcremedi\u011fi. Onu mutlu ederse, kendisi de onun mutlulu\u011fuyla mutlu olaca\u011f\u0131n\u0131 san\u0131yordu y\u0131llard\u0131r. Onun tebess\u00fcm\u00fcn\u00fcn g\u00f6lgesinde serinleyebilirdi o da. Yani \u00f6yle san\u0131yordu bug\u00fcne kadar. Bu sabah ayd\u0131, ayd\u0131nland\u0131 bir anda, nedensiz, gerek\u00e7esiz. Y\u0131llarca onu mutlu etmeye bo\u015fa \u00e7abalad\u0131\u011f\u0131n\u0131 fark etti, uykuyla uyan\u0131kl\u0131k aras\u0131nda. Mutluluk do\u011fu\u015ftan gelmiyordu. \u0130\u00e7ten gelen de\u011fil, t\u0131pk\u0131 konu\u015fmak gibi, \u00f6\u011frenilen bir \u015feydi. Ta hayat\u0131n en ba\u015f\u0131nda \u00e7ocuklukta \u00f6\u011freniliyorsa \u00f6\u011freniliyor, sonradan da kazan\u0131lm\u0131yordu. Sevmek de b\u00f6yle bir \u015feydi. \u0130nsan\u0131n do\u011fas\u0131nda olan, do\u011fu\u015ftan ona y\u00fcklenmi\u015f bir \u015fey de\u011fildi. O da \u00f6\u011freniliyordu. Hayat\u0131 yeni ad\u0131mlarken sevilmi\u015fseniz, sevgi g\u00f6rm\u00fc\u015fseniz, sevmeyi edinebiliyordunuz. Ruhunuza lehimlenen bir bak\u0131\u015f a\u00e7\u0131s\u0131, bir yorumdu bu, bir ya\u015fama tavr\u0131yd\u0131.<\/p>\n\n\n\n<p>Adam e\u015fini bir zamanlar sevdi\u011fini hat\u0131rlad\u0131. Onun da kendisini sevmesi i\u00e7in ne kadar \u00e7\u0131rp\u0131nd\u0131\u011f\u0131n\u0131. Bu sabah uykuyla uyan\u0131kl\u0131k aras\u0131nda anlam\u0131\u015ft\u0131 ger\u00e7e\u011fi: as\u0131l sevmesi, mutlu etmesi gereken ki\u015fi kendisiydi. Kendisi kendisini sevmiyorsa, ba\u015fkas\u0131 da onda sevecek bir \u015fey bulam\u0131yordu belki. As\u0131l mutlu etmesi gereken ki\u015fi de kendisinden ba\u015fkas\u0131 de\u011fildi. Belki kendinde yal\u0131n, ba\u015fkas\u0131na ba\u011f\u0131ml\u0131 olmayan mutlulu\u011fu yakalayabilse yak\u0131n\u0131ndakiler de bu mutluluktan beslenebilirdi.<\/p>\n\n\n\n<p>\u2026<\/p>\n\n\n\n<p>Sonra \u201cAman bo\u015f ver\u201d diyor i\u00e7inden, \u201cMutsuz da ya\u015fan\u0131yor, \u015fart de\u011fil. Biraz huzur olsa o da olur.\u201d<\/p>\n\n\n\n<p>Muzip\u00e7e g\u00fcl\u00fcmseyerek \u201cAma nerdee,\u201d diyor bu kez kendi kendine, \u201cBenim kar\u0131m asgari \u00fccret gibidir, onunla ge\u00e7inmenin imk\u00e2n\u0131 yok!\u201d<\/p>\n\n\n\n<p>\u2026<\/p>\n\n\n\n<p>\u00c7ocuklar\u0131\u2026 Y\u00fczleri bulan\u0131k \u015fimdi. Uzun zaman oldu onlar\u0131 g\u00f6rmeyeli. K\u00fc\u00e7\u00fcc\u00fckt\u00fcler. Ama \u015fimdi. Yoklar. Aray\u0131p sormuyorlar, hayat\u0131n da\u011fda\u011fas\u0131nda savrulup uzakla\u015ft\u0131lar. Kuca\u011f\u0131na ald\u0131\u011f\u0131 ilk g\u00fcnleri hat\u0131rl\u0131yor bir anda. \u00d6nce k\u0131z\u0131, sonra o\u011flu. Onlarla beraber b\u00fcy\u00fcd\u00fc kendisi de. Yani baba olmak da \u00f6\u011frenilen bir \u015fey. Bir baba \u00e7ocu\u011funu yeti\u015ftirirken, asl\u0131nda \u00e7ocuk da babas\u0131n\u0131 yeti\u015ftiriyor.<\/p>\n\n\n\n<p>\u2026<\/p>\n\n\n\n<p>Haylaz o\u011flan nerede \u015fimdi acaba. \u00c7oktand\u0131r g\u00f6r\u00fcnm\u00fcyor. Biraz daha b\u00fcy\u00fcd\u00fc m\u00fc, sakalland\u0131 m\u0131 y\u00fcz\u00fc? Ya k\u0131z? \u00c7i\u00e7ekli etekli\u011fini \u00e7amurlara bat\u0131rarak y\u00fcr\u00fcyor mudur h\u00e2l\u00e2? Onlar benim yapt\u0131\u011f\u0131m hatalar\u0131 yapmasalar bari. Alsam kar\u015f\u0131ma konu\u015fsam, b\u00f6yle b\u00f6yle desem. Hayat, ne san\u0131yorsan, i\u015fte tam da o de\u011fildir desem. Yan\u0131lg\u0131lar desem, birer \u00f6\u011fretmendir desem, k\u0131zmay\u0131n kendinize desem\u2026<\/p>\n\n\n\n<p>Evet, evet, daha ge\u00e7 olmadan konu\u015fmal\u0131y\u0131m onlarla. Kendimle bu kadar konu\u015ftu\u011fum yeter.<\/p>\n\n\n\n<p>Elk\u0131z\u0131n\u0131n da \u00e7ok g\u00fcnah\u0131n\u0131 ald\u0131m, g\u00f6nl\u00fcn\u00fc alay\u0131m, b\u00fcy\u00fckl\u00fck bende kals\u0131n. Ne de olsa iki evlat verdi bana. Eve giderken bir \u00e7i\u00e7ek al\u0131p g\u00f6t\u00fcreyim, belki bu kez g\u00fcler y\u00fcz\u00fc\u2026<\/p>\n\n\n\n<p>\u2026<\/p>\n\n\n\n<p>Bunlar\u0131 d\u00fc\u015f\u00fcn\u00fcrken g\u00f6z\u00fc ileride, sahilde g\u00fcl\u00fc\u015fen, \u015fakala\u015fan gen\u00e7lere ili\u015fiyor. Herkes birbirinin \u00fczerine abana abana kahkaha at\u0131yor, mutlu olma \u015fehvetiyle ta\u015fk\u0131n hareketleri\u2026 Rahats\u0131z oluyor, baz\u0131lar\u0131n\u0131n mutlu olma bi\u00e7imi insan\u0131 mutluluktan so\u011futuyor diye d\u00fc\u015f\u00fcn\u00fcyor.<\/p>\n\n\n\n<p>\u2026<\/p>\n\n\n\n<p>Kar\u015f\u0131dan kendisine yakla\u015fan, \u015fefkatle bakan, hafif sakall\u0131, efendiden bir gen\u00e7 g\u00f6r\u00fcyor. Y\u00fcz\u00fc tan\u0131d\u0131k gibi, ama kim?<\/p>\n\n\n\n<p>\u201cBaba\u201d diyor gen\u00e7, adama, sakal\u0131n\u0131 ka\u015f\u0131yarak. \u201cYine mi buraya geldin, saatlerdir seni ar\u0131yorum. Kayboldun diye \u00f6d\u00fcm koptu.\u201d<\/p>\n\n\n\n<p>Elindeki \u00e7i\u00e7ekleri masaya koyuyor gen\u00e7 adam, kendisine \u015fa\u015fk\u0131n \u015fa\u015fk\u0131n bakan babas\u0131n\u0131n koluna girerek kald\u0131r\u0131yor onu sandalyeden.<\/p>\n\n\n\n<p>\u201cBaba benim, hat\u0131rlad\u0131n m\u0131, o\u011flun, Yakup\u2026 Hani d\u00fcn seninle konu\u015fmu\u015ftuk, annemin mezar\u0131na gidecektik, hat\u0131rlam\u0131yor musun?\u201d<\/p>\n","protected":false},"excerpt":{"rendered":"<p>Zihnimde temiz bir sayfa a\u00e7\u0131yorum\u2026 ama orada da sen vars\u0131n. \u2026 Adam bir bardak \u00e7aya tek \u015feker at\u0131p kar\u0131\u015ft\u0131r\u0131yor. O \u00e7ayda d\u00fc\u015f\u00fcncelerini kar\u0131\u015ft\u0131r\u0131yor. Ge\u00e7mi\u015fini, \u015fimdisini saat y\u00f6n\u00fcnde kar\u0131\u015ft\u0131r\u0131yor. Efk\u00e2r gibi bir \u015feyler kar\u0131\u015f\u0131yor barda\u011fa. Hayattan hi\u00e7bir \u015fey anlamad\u0131\u011f\u0131n\u0131 kar\u0131\u015ft\u0131r\u0131yor, her \u015feyi birbirine kar\u0131\u015ft\u0131r\u0131yor. Bu \u00e7ay bah\u00e7esinde, ilk kez geldi\u011fi bu a\u011fac\u0131n alt\u0131nda, bu masan\u0131n \u00fcst\u00fcnde, [&hellip;]<\/p>\n","protected":false},"author":14002,"featured_media":161248,"comment_status":"open","ping_status":"open","sticky":false,"template":"","format":"standard","meta":{"_yoast_wpseo_focuskw":"Demir Leblebi","_yoast_wpseo_title":"","_yoast_wpseo_metadesc":"Adam bir bardak \u00e7aya tek \u015feker at\u0131p kar\u0131\u015ft\u0131r\u0131yor. O \u00e7ayda d\u00fc\u015f\u00fcncelerini kar\u0131\u015ft\u0131r\u0131yor. Ge\u00e7mi\u015fini, \u015fimdisini saat y\u00f6n\u00fcnde kar\u0131\u015ft\u0131r\u0131yor.","_bbp_topic_count":0,"_bbp_reply_count":0,"_bbp_total_topic_count":0,"_bbp_total_reply_count":0,"_bbp_voice_count":0,"_bbp_anonymous_reply_count":0,"_bbp_topic_count_hidden":0,"_bbp_reply_count_hidden":0,"_bbp_forum_subforum_count":0,"footnotes":"","_yoast_wpseo_focuskw_text_input":""},"categories":[9240],"tags":[],"yoast_head":"<!-- This site is optimized with the Yoast SEO plugin v23.0 - https:\/\/yoast.com\/wordpress\/plugins\/seo\/ -->\n<title>Demir Leblebi - The Epoch Times TR<\/title>\n<meta name=\"description\" content=\"Adam bir bardak \u00e7aya tek \u015feker at\u0131p kar\u0131\u015ft\u0131r\u0131yor. O \u00e7ayda d\u00fc\u015f\u00fcncelerini kar\u0131\u015ft\u0131r\u0131yor. Ge\u00e7mi\u015fini, \u015fimdisini saat y\u00f6n\u00fcnde kar\u0131\u015ft\u0131r\u0131yor.\" \/>\n<meta name=\"robots\" content=\"index, follow, max-snippet:-1, max-image-preview:large, max-video-preview:-1\" \/>\n<link rel=\"canonical\" href=\"https:\/\/epochtimestr.com\/index.php\/demir-leblebi\" \/>\n<meta property=\"og:locale\" content=\"tr_TR\" \/>\n<meta property=\"og:type\" content=\"article\" \/>\n<meta property=\"og:title\" content=\"Demir Leblebi - The Epoch Times TR\" \/>\n<meta property=\"og:description\" content=\"Adam bir bardak \u00e7aya tek \u015feker at\u0131p kar\u0131\u015ft\u0131r\u0131yor. O \u00e7ayda d\u00fc\u015f\u00fcncelerini kar\u0131\u015ft\u0131r\u0131yor. Ge\u00e7mi\u015fini, \u015fimdisini saat y\u00f6n\u00fcnde kar\u0131\u015ft\u0131r\u0131yor.\" \/>\n<meta property=\"og:url\" content=\"https:\/\/epochtimestr.com\/index.php\/demir-leblebi\" \/>\n<meta property=\"og:site_name\" content=\"The Epoch Times TR\" \/>\n<meta property=\"article:publisher\" content=\"https:\/\/www.facebook.com\/theepochtimestr\" \/>\n<meta property=\"article:published_time\" content=\"2026-05-31T05:30:00+00:00\" \/>\n<meta property=\"article:modified_time\" content=\"2026-06-01T04:40:11+00:00\" \/>\n<meta property=\"og:image\" content=\"https:\/\/epochtimestr.com\/wp-content\/uploads\/2011y\/Omer-Karayilan-SM-2.jpg\" \/>\n\t<meta property=\"og:image:width\" content=\"1200\" \/>\n\t<meta property=\"og:image:height\" content=\"630\" \/>\n\t<meta property=\"og:image:type\" content=\"image\/jpeg\" \/>\n<meta name=\"author\" content=\"\u00d6mer Karay\u0131lan\" \/>\n<meta name=\"twitter:card\" content=\"summary_large_image\" \/>\n<meta name=\"twitter:creator\" content=\"@TheEpochTimesTR\" \/>\n<meta name=\"twitter:site\" content=\"@TheEpochTimesTR\" \/>\n<meta name=\"twitter:label1\" content=\"Yazan:\" \/>\n\t<meta name=\"twitter:data1\" content=\"\u00d6mer Karay\u0131lan\" \/>\n\t<meta name=\"twitter:label2\" content=\"Tahmini okuma s\u00fcresi\" \/>\n\t<meta name=\"twitter:data2\" content=\"4 dakika\" \/>\n<script type=\"application\/ld+json\" class=\"yoast-schema-graph\">{\"@context\":\"https:\/\/schema.org\",\"@graph\":[{\"@type\":\"Article\",\"@id\":\"https:\/\/epochtimestr.com\/index.php\/demir-leblebi#article\",\"isPartOf\":{\"@id\":\"https:\/\/epochtimestr.com\/index.php\/demir-leblebi\"},\"author\":{\"name\":\"\u00d6mer Karay\u0131lan\",\"@id\":\"https:\/\/epochtimestr.com\/#\/schema\/person\/ee101079be4d8fb9fb88cca6784e219b\"},\"headline\":\"Demir Leblebi\",\"datePublished\":\"2026-05-31T05:30:00+00:00\",\"dateModified\":\"2026-06-01T04:40:11+00:00\",\"mainEntityOfPage\":{\"@id\":\"https:\/\/epochtimestr.com\/index.php\/demir-leblebi\"},\"wordCount\":876,\"commentCount\":1,\"publisher\":{\"@id\":\"https:\/\/epochtimestr.com\/#organization\"},\"image\":{\"@id\":\"https:\/\/epochtimestr.com\/index.php\/demir-leblebi#primaryimage\"},\"thumbnailUrl\":\"https:\/\/epochtimestr.com\/wp-content\/uploads\/2011y\/Karayilan-Profil.png\",\"articleSection\":[\"K\u00f6\u015fe Yaz\u0131lar\u0131 \u00d6mer Karay\u0131lan\"],\"inLanguage\":\"tr\",\"potentialAction\":[{\"@type\":\"CommentAction\",\"name\":\"Comment\",\"target\":[\"https:\/\/epochtimestr.com\/index.php\/demir-leblebi#respond\"]}]},{\"@type\":\"WebPage\",\"@id\":\"https:\/\/epochtimestr.com\/index.php\/demir-leblebi\",\"url\":\"https:\/\/epochtimestr.com\/index.php\/demir-leblebi\",\"name\":\"Demir Leblebi - The Epoch Times TR\",\"isPartOf\":{\"@id\":\"https:\/\/epochtimestr.com\/#website\"},\"primaryImageOfPage\":{\"@id\":\"https:\/\/epochtimestr.com\/index.php\/demir-leblebi#primaryimage\"},\"image\":{\"@id\":\"https:\/\/epochtimestr.com\/index.php\/demir-leblebi#primaryimage\"},\"thumbnailUrl\":\"https:\/\/epochtimestr.com\/wp-content\/uploads\/2011y\/Karayilan-Profil.png\",\"datePublished\":\"2026-05-31T05:30:00+00:00\",\"dateModified\":\"2026-06-01T04:40:11+00:00\",\"description\":\"Adam bir bardak \u00e7aya tek \u015feker at\u0131p kar\u0131\u015ft\u0131r\u0131yor. O \u00e7ayda d\u00fc\u015f\u00fcncelerini kar\u0131\u015ft\u0131r\u0131yor. Ge\u00e7mi\u015fini, \u015fimdisini saat y\u00f6n\u00fcnde kar\u0131\u015ft\u0131r\u0131yor.\",\"inLanguage\":\"tr\",\"potentialAction\":[{\"@type\":\"ReadAction\",\"target\":[\"https:\/\/epochtimestr.com\/index.php\/demir-leblebi\"]}]},{\"@type\":\"ImageObject\",\"inLanguage\":\"tr\",\"@id\":\"https:\/\/epochtimestr.com\/index.php\/demir-leblebi#primaryimage\",\"url\":\"https:\/\/epochtimestr.com\/wp-content\/uploads\/2011y\/Karayilan-Profil.png\",\"contentUrl\":\"https:\/\/epochtimestr.com\/wp-content\/uploads\/2011y\/Karayilan-Profil.png\",\"width\":600,\"height\":600},{\"@type\":\"WebSite\",\"@id\":\"https:\/\/epochtimestr.com\/#website\",\"url\":\"https:\/\/epochtimestr.com\/\",\"name\":\"The Epoch Times TR\",\"description\":\"De\u011fi\u015fen D\u00fcnyam\u0131za Taze Bir Bak\u0131\u015f\",\"publisher\":{\"@id\":\"https:\/\/epochtimestr.com\/#organization\"},\"potentialAction\":[{\"@type\":\"SearchAction\",\"target\":{\"@type\":\"EntryPoint\",\"urlTemplate\":\"https:\/\/epochtimestr.com\/?s={search_term_string}\"},\"query-input\":\"required name=search_term_string\"}],\"inLanguage\":\"tr\"},{\"@type\":\"Organization\",\"@id\":\"https:\/\/epochtimestr.com\/#organization\",\"name\":\"The EpochTimes T\u00fcrkiye\",\"url\":\"https:\/\/epochtimestr.com\/\",\"logo\":{\"@type\":\"ImageObject\",\"inLanguage\":\"tr\",\"@id\":\"https:\/\/epochtimestr.com\/#\/schema\/logo\/image\/\",\"url\":\"https:\/\/epochtimestr.com\/wp-content\/uploads\/2011y\/ET-Logo-YG.jpg\",\"contentUrl\":\"https:\/\/epochtimestr.com\/wp-content\/uploads\/2011y\/ET-Logo-YG.jpg\",\"width\":346,\"height\":29,\"caption\":\"The EpochTimes T\u00fcrkiye\"},\"image\":{\"@id\":\"https:\/\/epochtimestr.com\/#\/schema\/logo\/image\/\"},\"sameAs\":[\"https:\/\/www.facebook.com\/theepochtimestr\",\"https:\/\/x.com\/TheEpochTimesTR\",\"https:\/\/www.instagram.com\/epochtimestr\"]},{\"@type\":\"Person\",\"@id\":\"https:\/\/epochtimestr.com\/#\/schema\/person\/ee101079be4d8fb9fb88cca6784e219b\",\"name\":\"\u00d6mer Karay\u0131lan\",\"image\":{\"@type\":\"ImageObject\",\"inLanguage\":\"tr\",\"@id\":\"https:\/\/epochtimestr.com\/#\/schema\/person\/image\/\",\"url\":\"https:\/\/secure.gravatar.com\/avatar\/23a8932f0189c3fe4c0e2731cb5eb5dd?s=96&d=mm&r=g\",\"contentUrl\":\"https:\/\/secure.gravatar.com\/avatar\/23a8932f0189c3fe4c0e2731cb5eb5dd?s=96&d=mm&r=g\",\"caption\":\"\u00d6mer Karay\u0131lan\"},\"url\":\"https:\/\/epochtimestr.com\/index.php\/author\/omer\"}]}<\/script>\n<!-- \/ Yoast SEO plugin. -->","yoast_head_json":{"title":"Demir Leblebi - The Epoch Times TR","description":"Adam bir bardak \u00e7aya tek \u015feker at\u0131p kar\u0131\u015ft\u0131r\u0131yor. O \u00e7ayda d\u00fc\u015f\u00fcncelerini kar\u0131\u015ft\u0131r\u0131yor. Ge\u00e7mi\u015fini, \u015fimdisini saat y\u00f6n\u00fcnde kar\u0131\u015ft\u0131r\u0131yor.","robots":{"index":"index","follow":"follow","max-snippet":"max-snippet:-1","max-image-preview":"max-image-preview:large","max-video-preview":"max-video-preview:-1"},"canonical":"https:\/\/epochtimestr.com\/index.php\/demir-leblebi","og_locale":"tr_TR","og_type":"article","og_title":"Demir Leblebi - The Epoch Times TR","og_description":"Adam bir bardak \u00e7aya tek \u015feker at\u0131p kar\u0131\u015ft\u0131r\u0131yor. O \u00e7ayda d\u00fc\u015f\u00fcncelerini kar\u0131\u015ft\u0131r\u0131yor. Ge\u00e7mi\u015fini, \u015fimdisini saat y\u00f6n\u00fcnde kar\u0131\u015ft\u0131r\u0131yor.","og_url":"https:\/\/epochtimestr.com\/index.php\/demir-leblebi","og_site_name":"The Epoch Times TR","article_publisher":"https:\/\/www.facebook.com\/theepochtimestr","article_published_time":"2026-05-31T05:30:00+00:00","article_modified_time":"2026-06-01T04:40:11+00:00","og_image":[{"width":1200,"height":630,"url":"https:\/\/epochtimestr.com\/wp-content\/uploads\/2011y\/Omer-Karayilan-SM-2.jpg","type":"image\/jpeg"}],"author":"\u00d6mer Karay\u0131lan","twitter_card":"summary_large_image","twitter_creator":"@TheEpochTimesTR","twitter_site":"@TheEpochTimesTR","twitter_misc":{"Yazan:":"\u00d6mer Karay\u0131lan","Tahmini okuma s\u00fcresi":"4 dakika"},"schema":{"@context":"https:\/\/schema.org","@graph":[{"@type":"Article","@id":"https:\/\/epochtimestr.com\/index.php\/demir-leblebi#article","isPartOf":{"@id":"https:\/\/epochtimestr.com\/index.php\/demir-leblebi"},"author":{"name":"\u00d6mer Karay\u0131lan","@id":"https:\/\/epochtimestr.com\/#\/schema\/person\/ee101079be4d8fb9fb88cca6784e219b"},"headline":"Demir Leblebi","datePublished":"2026-05-31T05:30:00+00:00","dateModified":"2026-06-01T04:40:11+00:00","mainEntityOfPage":{"@id":"https:\/\/epochtimestr.com\/index.php\/demir-leblebi"},"wordCount":876,"commentCount":1,"publisher":{"@id":"https:\/\/epochtimestr.com\/#organization"},"image":{"@id":"https:\/\/epochtimestr.com\/index.php\/demir-leblebi#primaryimage"},"thumbnailUrl":"https:\/\/epochtimestr.com\/wp-content\/uploads\/2011y\/Karayilan-Profil.png","articleSection":["K\u00f6\u015fe Yaz\u0131lar\u0131 \u00d6mer Karay\u0131lan"],"inLanguage":"tr","potentialAction":[{"@type":"CommentAction","name":"Comment","target":["https:\/\/epochtimestr.com\/index.php\/demir-leblebi#respond"]}]},{"@type":"WebPage","@id":"https:\/\/epochtimestr.com\/index.php\/demir-leblebi","url":"https:\/\/epochtimestr.com\/index.php\/demir-leblebi","name":"Demir Leblebi - The Epoch Times TR","isPartOf":{"@id":"https:\/\/epochtimestr.com\/#website"},"primaryImageOfPage":{"@id":"https:\/\/epochtimestr.com\/index.php\/demir-leblebi#primaryimage"},"image":{"@id":"https:\/\/epochtimestr.com\/index.php\/demir-leblebi#primaryimage"},"thumbnailUrl":"https:\/\/epochtimestr.com\/wp-content\/uploads\/2011y\/Karayilan-Profil.png","datePublished":"2026-05-31T05:30:00+00:00","dateModified":"2026-06-01T04:40:11+00:00","description":"Adam bir bardak \u00e7aya tek \u015feker at\u0131p kar\u0131\u015ft\u0131r\u0131yor. O \u00e7ayda d\u00fc\u015f\u00fcncelerini kar\u0131\u015ft\u0131r\u0131yor. Ge\u00e7mi\u015fini, \u015fimdisini saat y\u00f6n\u00fcnde kar\u0131\u015ft\u0131r\u0131yor.","inLanguage":"tr","potentialAction":[{"@type":"ReadAction","target":["https:\/\/epochtimestr.com\/index.php\/demir-leblebi"]}]},{"@type":"ImageObject","inLanguage":"tr","@id":"https:\/\/epochtimestr.com\/index.php\/demir-leblebi#primaryimage","url":"https:\/\/epochtimestr.com\/wp-content\/uploads\/2011y\/Karayilan-Profil.png","contentUrl":"https:\/\/epochtimestr.com\/wp-content\/uploads\/2011y\/Karayilan-Profil.png","width":600,"height":600},{"@type":"WebSite","@id":"https:\/\/epochtimestr.com\/#website","url":"https:\/\/epochtimestr.com\/","name":"The Epoch Times TR","description":"De\u011fi\u015fen D\u00fcnyam\u0131za Taze Bir Bak\u0131\u015f","publisher":{"@id":"https:\/\/epochtimestr.com\/#organization"},"potentialAction":[{"@type":"SearchAction","target":{"@type":"EntryPoint","urlTemplate":"https:\/\/epochtimestr.com\/?s={search_term_string}"},"query-input":"required name=search_term_string"}],"inLanguage":"tr"},{"@type":"Organization","@id":"https:\/\/epochtimestr.com\/#organization","name":"The EpochTimes T\u00fcrkiye","url":"https:\/\/epochtimestr.com\/","logo":{"@type":"ImageObject","inLanguage":"tr","@id":"https:\/\/epochtimestr.com\/#\/schema\/logo\/image\/","url":"https:\/\/epochtimestr.com\/wp-content\/uploads\/2011y\/ET-Logo-YG.jpg","contentUrl":"https:\/\/epochtimestr.com\/wp-content\/uploads\/2011y\/ET-Logo-YG.jpg","width":346,"height":29,"caption":"The EpochTimes T\u00fcrkiye"},"image":{"@id":"https:\/\/epochtimestr.com\/#\/schema\/logo\/image\/"},"sameAs":["https:\/\/www.facebook.com\/theepochtimestr","https:\/\/x.com\/TheEpochTimesTR","https:\/\/www.instagram.com\/epochtimestr"]},{"@type":"Person","@id":"https:\/\/epochtimestr.com\/#\/schema\/person\/ee101079be4d8fb9fb88cca6784e219b","name":"\u00d6mer Karay\u0131lan","image":{"@type":"ImageObject","inLanguage":"tr","@id":"https:\/\/epochtimestr.com\/#\/schema\/person\/image\/","url":"https:\/\/secure.gravatar.com\/avatar\/23a8932f0189c3fe4c0e2731cb5eb5dd?s=96&d=mm&r=g","contentUrl":"https:\/\/secure.gravatar.com\/avatar\/23a8932f0189c3fe4c0e2731cb5eb5dd?s=96&d=mm&r=g","caption":"\u00d6mer Karay\u0131lan"},"url":"https:\/\/epochtimestr.com\/index.php\/author\/omer"}]}},"_links":{"self":[{"href":"https:\/\/epochtimestr.com\/index.php\/wp-json\/wp\/v2\/posts\/167583"}],"collection":[{"href":"https:\/\/epochtimestr.com\/index.php\/wp-json\/wp\/v2\/posts"}],"about":[{"href":"https:\/\/epochtimestr.com\/index.php\/wp-json\/wp\/v2\/types\/post"}],"author":[{"embeddable":true,"href":"https:\/\/epochtimestr.com\/index.php\/wp-json\/wp\/v2\/users\/14002"}],"replies":[{"embeddable":true,"href":"https:\/\/epochtimestr.com\/index.php\/wp-json\/wp\/v2\/comments?post=167583"}],"version-history":[{"count":2,"href":"https:\/\/epochtimestr.com\/index.php\/wp-json\/wp\/v2\/posts\/167583\/revisions"}],"predecessor-version":[{"id":167605,"href":"https:\/\/epochtimestr.com\/index.php\/wp-json\/wp\/v2\/posts\/167583\/revisions\/167605"}],"wp:featuredmedia":[{"embeddable":true,"href":"https:\/\/epochtimestr.com\/index.php\/wp-json\/wp\/v2\/media\/161248"}],"wp:attachment":[{"href":"https:\/\/epochtimestr.com\/index.php\/wp-json\/wp\/v2\/media?parent=167583"}],"wp:term":[{"taxonomy":"category","embeddable":true,"href":"https:\/\/epochtimestr.com\/index.php\/wp-json\/wp\/v2\/categories?post=167583"},{"taxonomy":"post_tag","embeddable":true,"href":"https:\/\/epochtimestr.com\/index.php\/wp-json\/wp\/v2\/tags?post=167583"}],"curies":[{"name":"wp","href":"https:\/\/api.w.org\/{rel}","templated":true}]}}