{"id":167585,"date":"2026-05-31T10:56:58","date_gmt":"2026-05-31T07:56:58","guid":{"rendered":"https:\/\/epochtimestr.com\/?p=167585"},"modified":"2026-05-31T11:00:53","modified_gmt":"2026-05-31T08:00:53","slug":"bir-dernekten-cok-daha-fazlasi-gercek-bir-gonul-bagi","status":"publish","type":"post","link":"https:\/\/epochtimestr.com\/index.php\/bir-dernekten-cok-daha-fazlasi-gercek-bir-gonul-bagi","title":{"rendered":"Bir Dernekten \u00c7ok Daha Fazlas\u0131: Ger\u00e7ek Bir \u201cG\u00f6n\u00fcl Ba\u011f\u0131\u201d"},"content":{"rendered":"\n<p>Modern d\u00fcnyan\u0131n getirdi\u011fi yabanc\u0131la\u015fmaya ve mesafelere inat, G\u00fclnar Ayd\u0131nc\u0131k G\u00f6n\u00fcl Ba\u011f\u0131 Derne\u011fi bizlere ait oldu\u011fumuz k\u00f6kleri, yard\u0131mla\u015fma k\u00fclt\u00fcr\u00fcn\u00fc ve bir arada olman\u0131n g\u00fcc\u00fcn\u00fc her f\u0131rsatta hat\u0131rlat\u0131yor. Etkinlik alan\u0131na ad\u0131m att\u0131\u011f\u0131m ilk andan itibaren hissetti\u011fim o s\u0131cak ve samimi atmosfer, dernek y\u00f6netiminin ve eme\u011fi ge\u00e7en herkesin bu i\u015fi sadece bir g\u00f6rev olarak de\u011fil, kalpten gelen bir adanm\u0131\u015fl\u0131kla yapt\u0131\u011f\u0131n\u0131n en b\u00fcy\u00fck kan\u0131t\u0131yd\u0131.<\/p>\n\n\n<div class=\"wp-block-image\">\n<figure class=\"aligncenter size-full\"><img loading=\"lazy\" decoding=\"async\" width=\"1600\" height=\"900\" src=\"https:\/\/epochtimestr.com\/wp-content\/uploads\/2011y\/signal-2026-05-31-004334.jpeg\" alt=\"G\u00fclnar Ayd\u0131nc\u0131k G\u00f6n\u00fcl Ba\u011f\u0131 Derne\u011fi (Foto\u011fraf: Ali Kekliktepe)\" class=\"wp-image-167587\" srcset=\"https:\/\/epochtimestr.com\/wp-content\/uploads\/2011y\/signal-2026-05-31-004334.jpeg 1600w, https:\/\/epochtimestr.com\/wp-content\/uploads\/2011y\/signal-2026-05-31-004334-300x169.jpeg 300w, https:\/\/epochtimestr.com\/wp-content\/uploads\/2011y\/signal-2026-05-31-004334-150x84.jpeg 150w, https:\/\/epochtimestr.com\/wp-content\/uploads\/2011y\/signal-2026-05-31-004334-768x432.jpeg 768w, https:\/\/epochtimestr.com\/wp-content\/uploads\/2011y\/signal-2026-05-31-004334-1536x864.jpeg 1536w\" sizes=\"(max-width: 1600px) 100vw, 1600px\" \/><figcaption class=\"wp-element-caption\">G\u00fclnar Ayd\u0131nc\u0131k G\u00f6n\u00fcl Ba\u011f\u0131 Derne\u011fi (Foto\u011fraf: Ali Kekliktepe)<\/figcaption><\/figure><\/div>\n\n\n<p><strong>Kusursuz Organizasyon: <\/strong>Y\u00fczlerce insan\u0131 ayn\u0131 sofrada, ayn\u0131 ne\u015feyle ve hi\u00e7bir aksakl\u0131\u011fa mahal vermeden a\u011f\u0131rlamak b\u00fcy\u00fck bir koordinasyon yetene\u011fi gerektirir. Dernek y\u00f6netimi bu s\u0131navdan yine aln\u0131n\u0131n ak\u0131yla \u00e7\u0131kt\u0131.<\/p>\n\n\n\n<p><strong>K\u00fclt\u00fcrel Mirasa Sahip \u00c7\u0131kma:<\/strong> Kavurma etkinli\u011fi gibi geleneksel bulu\u015fmalar, ge\u00e7mi\u015ften gelen k\u00fclt\u00fcrel miras\u0131m\u0131z\u0131 gen\u00e7 ku\u015faklara aktarmak i\u00e7in muazzam bir k\u00f6pr\u00fc g\u00f6revi g\u00f6r\u00fcyor.<\/p>\n\n\n\n<p><strong>Ayr\u0131m G\u00f6zetmeyen Kucakla\u015fma:<\/strong> Etkinlikte yediden yetmi\u015fe her ya\u015ftan, her kesimden insan\u0131n y\u00fcz\u00fcndeki tebess\u00fcm, derne\u011fin ad\u0131ndaki \u201cG\u00f6n\u00fcl Ba\u011f\u0131\u201d ifadesinin ne kadar do\u011fru se\u00e7ildi\u011fini bir kez daha g\u00f6zler \u00f6n\u00fcne serdi.<\/p>\n\n\n<div class=\"wp-block-image\">\n<figure class=\"aligncenter size-full\"><img loading=\"lazy\" decoding=\"async\" width=\"1600\" height=\"900\" src=\"https:\/\/epochtimestr.com\/wp-content\/uploads\/2011y\/signal-2026-05-31-004359.jpeg\" alt=\"G\u00fclnar Ayd\u0131nc\u0131k G\u00f6n\u00fcl Ba\u011f\u0131 Derne\u011fi (Foto\u011fraf: Ali Kekliktepe)\" class=\"wp-image-167588\" srcset=\"https:\/\/epochtimestr.com\/wp-content\/uploads\/2011y\/signal-2026-05-31-004359.jpeg 1600w, https:\/\/epochtimestr.com\/wp-content\/uploads\/2011y\/signal-2026-05-31-004359-300x169.jpeg 300w, https:\/\/epochtimestr.com\/wp-content\/uploads\/2011y\/signal-2026-05-31-004359-150x84.jpeg 150w, https:\/\/epochtimestr.com\/wp-content\/uploads\/2011y\/signal-2026-05-31-004359-768x432.jpeg 768w, https:\/\/epochtimestr.com\/wp-content\/uploads\/2011y\/signal-2026-05-31-004359-1536x864.jpeg 1536w\" sizes=\"(max-width: 1600px) 100vw, 1600px\" \/><figcaption class=\"wp-element-caption\">G\u00fclnar Ayd\u0131nc\u0131k G\u00f6n\u00fcl Ba\u011f\u0131 Derne\u011fi (Foto\u011fraf: Ali Kekliktepe)<\/figcaption><\/figure><\/div>\n\n\n<p><strong>Te\u015fekk\u00fcr ve \u015e\u00fckran Borcu<\/strong><\/p>\n\n\n\n<p>Toplumlar\u0131 ayakta tutan yeg\u00e2ne dinamik, zor g\u00fcnde de iyi g\u00fcnde de bir arada durabilmeyi ba\u015farmakt\u0131r. G\u00fclnar Ayd\u0131nc\u0131k G\u00f6n\u00fcl Ba\u011f\u0131 Derne\u011fi, yerel bir sivil toplum kurulu\u015fu olman\u0131n \u00f6tesine ge\u00e7erek, b\u00f6lge halk\u0131n\u0131n adeta \u00e7arpan kalbi, uzanan yard\u0131m eli ve bulu\u015fma noktas\u0131 haline gelmi\u015ftir.<\/p>\n\n\n<div class=\"wp-block-image\">\n<figure class=\"aligncenter size-full\"><img loading=\"lazy\" decoding=\"async\" width=\"1600\" height=\"900\" src=\"https:\/\/epochtimestr.com\/wp-content\/uploads\/2011y\/signal-2026-05-31-004430.jpeg\" alt=\"G\u00fclnar Ayd\u0131nc\u0131k G\u00f6n\u00fcl Ba\u011f\u0131 Derne\u011fi (Foto\u011fraf: Ali Kekliktepe)\" class=\"wp-image-167589\" srcset=\"https:\/\/epochtimestr.com\/wp-content\/uploads\/2011y\/signal-2026-05-31-004430.jpeg 1600w, https:\/\/epochtimestr.com\/wp-content\/uploads\/2011y\/signal-2026-05-31-004430-300x169.jpeg 300w, https:\/\/epochtimestr.com\/wp-content\/uploads\/2011y\/signal-2026-05-31-004430-150x84.jpeg 150w, https:\/\/epochtimestr.com\/wp-content\/uploads\/2011y\/signal-2026-05-31-004430-768x432.jpeg 768w, https:\/\/epochtimestr.com\/wp-content\/uploads\/2011y\/signal-2026-05-31-004430-1536x864.jpeg 1536w\" sizes=\"(max-width: 1600px) 100vw, 1600px\" \/><figcaption class=\"wp-element-caption\">G\u00fclnar Ayd\u0131nc\u0131k G\u00f6n\u00fcl Ba\u011f\u0131 Derne\u011fi (Foto\u011fraf: Ali Kekliktepe)<\/figcaption><\/figure><\/div>\n\n\n<p>\u201cBirlikte yenen yemek helal, payla\u015f\u0131lan sevgi ise ebedidir.\u201d \u0130\u015fte bu etkinlik, bizlere payla\u015fman\u0131n ve bir sofran\u0131n etraf\u0131nda kenetlenmenin as\u0131l lezzetini yeniden tatt\u0131rd\u0131.<\/p>\n\n\n<div class=\"wp-block-image\">\n<figure class=\"aligncenter size-full\"><img loading=\"lazy\" decoding=\"async\" width=\"900\" height=\"721\" src=\"https:\/\/epochtimestr.com\/wp-content\/uploads\/2011y\/signal-2026-05-31-004314.jpeg\" alt=\"G\u00fclnar Ayd\u0131nc\u0131k G\u00f6n\u00fcl Ba\u011f\u0131 Derne\u011fi (Foto\u011fraf: Ali Kekliktepe)\" class=\"wp-image-167586\" srcset=\"https:\/\/epochtimestr.com\/wp-content\/uploads\/2011y\/signal-2026-05-31-004314.jpeg 900w, https:\/\/epochtimestr.com\/wp-content\/uploads\/2011y\/signal-2026-05-31-004314-300x240.jpeg 300w, https:\/\/epochtimestr.com\/wp-content\/uploads\/2011y\/signal-2026-05-31-004314-150x120.jpeg 150w, https:\/\/epochtimestr.com\/wp-content\/uploads\/2011y\/signal-2026-05-31-004314-768x615.jpeg 768w\" sizes=\"(max-width: 900px) 100vw, 900px\" \/><figcaption class=\"wp-element-caption\">Foto\u011fraf: Ali Kekliktepe<\/figcaption><\/figure><\/div>\n\n\n<p>Bu harika 30 May\u0131s g\u00fcn\u00fcn\u00fc haf\u0131zalar\u0131m\u0131za kaz\u0131yan, organizasyonun mutfa\u011f\u0131nda gece g\u00fcnd\u00fcz demeden \u00e7al\u0131\u015fan gizli kahramanlara, g\u00fcler y\u00fcz\u00fcn\u00fc bir an bile eksik etmeyen dernek y\u00f6netimine ve bu g\u00fczel davete icabet ederek ortam\u0131 \u015fereflendiren t\u00fcm hem\u015fehrilerimize sonsuz te\u015fekk\u00fcrlerimi sunar\u0131m.<\/p>\n\n\n\n<p>\u0130yi ki vars\u0131n G\u00fclnar Ayd\u0131nc\u0131k G\u00f6n\u00fcl Ba\u011f\u0131 Derne\u011fi! Birlikte daha nice g\u00fczel g\u00fcnlere, nice sofralara ve nice g\u00fc\u00e7l\u00fc yar\u0131nlara&#8230; G\u00f6n\u00fcl ba\u011f\u0131m\u0131z hi\u00e7 kopmas\u0131n.<\/p>\n","protected":false},"excerpt":{"rendered":"<p>Modern d\u00fcnyan\u0131n getirdi\u011fi yabanc\u0131la\u015fmaya ve mesafelere inat, G\u00fclnar Ayd\u0131nc\u0131k G\u00f6n\u00fcl Ba\u011f\u0131 Derne\u011fi bizlere ait oldu\u011fumuz k\u00f6kleri, yard\u0131mla\u015fma k\u00fclt\u00fcr\u00fcn\u00fc ve bir arada olman\u0131n g\u00fcc\u00fcn\u00fc her f\u0131rsatta hat\u0131rlat\u0131yor. Etkinlik alan\u0131na ad\u0131m att\u0131\u011f\u0131m ilk andan itibaren hissetti\u011fim o s\u0131cak ve samimi atmosfer, dernek y\u00f6netiminin ve eme\u011fi ge\u00e7en herkesin bu i\u015fi sadece bir g\u00f6rev olarak de\u011fil, kalpten gelen bir [&hellip;]<\/p>\n","protected":false},"author":14013,"featured_media":167144,"comment_status":"open","ping_status":"open","sticky":false,"template":"","format":"standard","meta":{"_yoast_wpseo_focuskw":"G\u00fclnar Ayd\u0131nc\u0131k","_yoast_wpseo_title":"","_yoast_wpseo_metadesc":"G\u00fclnar Ayd\u0131nc\u0131k G\u00f6n\u00fcl Ba\u011f\u0131 Derne\u011fi ait oldu\u011fumuz k\u00f6kleri, yard\u0131mla\u015fma k\u00fclt\u00fcr\u00fcn\u00fc ve bir arada olman\u0131n g\u00fcc\u00fcn\u00fc her f\u0131rsatta hat\u0131rlat\u0131yor.","_bbp_topic_count":0,"_bbp_reply_count":0,"_bbp_total_topic_count":0,"_bbp_total_reply_count":0,"_bbp_voice_count":0,"_bbp_anonymous_reply_count":0,"_bbp_topic_count_hidden":0,"_bbp_reply_count_hidden":0,"_bbp_forum_subforum_count":0,"footnotes":"","_yoast_wpseo_focuskw_text_input":""},"categories":[11361],"tags":[],"yoast_head":"<!-- This site is optimized with the Yoast SEO plugin v23.0 - https:\/\/yoast.com\/wordpress\/plugins\/seo\/ -->\n<title>Bir Dernekten \u00c7ok Daha Fazlas\u0131: Ger\u00e7ek Bir \u201cG\u00f6n\u00fcl Ba\u011f\u0131\u201d - The Epoch Times TR<\/title>\n<meta name=\"description\" content=\"G\u00fclnar Ayd\u0131nc\u0131k G\u00f6n\u00fcl Ba\u011f\u0131 Derne\u011fi ait oldu\u011fumuz k\u00f6kleri, yard\u0131mla\u015fma k\u00fclt\u00fcr\u00fcn\u00fc ve bir arada olman\u0131n g\u00fcc\u00fcn\u00fc her f\u0131rsatta hat\u0131rlat\u0131yor.\" \/>\n<meta name=\"robots\" content=\"index, follow, max-snippet:-1, max-image-preview:large, max-video-preview:-1\" \/>\n<link rel=\"canonical\" href=\"https:\/\/epochtimestr.com\/index.php\/bir-dernekten-cok-daha-fazlasi-gercek-bir-gonul-bagi\" \/>\n<meta property=\"og:locale\" content=\"tr_TR\" \/>\n<meta property=\"og:type\" content=\"article\" \/>\n<meta property=\"og:title\" content=\"Bir Dernekten \u00c7ok Daha Fazlas\u0131: Ger\u00e7ek Bir \u201cG\u00f6n\u00fcl Ba\u011f\u0131\u201d - The Epoch Times TR\" \/>\n<meta property=\"og:description\" content=\"G\u00fclnar Ayd\u0131nc\u0131k G\u00f6n\u00fcl Ba\u011f\u0131 Derne\u011fi ait oldu\u011fumuz k\u00f6kleri, yard\u0131mla\u015fma k\u00fclt\u00fcr\u00fcn\u00fc ve bir arada olman\u0131n g\u00fcc\u00fcn\u00fc her f\u0131rsatta hat\u0131rlat\u0131yor.\" \/>\n<meta property=\"og:url\" content=\"https:\/\/epochtimestr.com\/index.php\/bir-dernekten-cok-daha-fazlasi-gercek-bir-gonul-bagi\" \/>\n<meta property=\"og:site_name\" content=\"The Epoch Times TR\" \/>\n<meta property=\"article:publisher\" content=\"https:\/\/www.facebook.com\/theepochtimestr\" \/>\n<meta property=\"article:published_time\" content=\"2026-05-31T07:56:58+00:00\" \/>\n<meta property=\"article:modified_time\" content=\"2026-05-31T08:00:53+00:00\" \/>\n<meta property=\"og:image\" content=\"https:\/\/epochtimestr.com\/wp-content\/uploads\/2011y\/ali-kekliktepe-SM.jpeg\" \/>\n\t<meta property=\"og:image:width\" content=\"1200\" \/>\n\t<meta property=\"og:image:height\" content=\"630\" \/>\n\t<meta property=\"og:image:type\" content=\"image\/jpeg\" \/>\n<meta name=\"author\" content=\"Ali Kekliktepe\" \/>\n<meta name=\"twitter:card\" content=\"summary_large_image\" \/>\n<meta name=\"twitter:creator\" content=\"@TheEpochTimesTR\" \/>\n<meta name=\"twitter:site\" content=\"@TheEpochTimesTR\" \/>\n<meta name=\"twitter:label1\" content=\"Yazan:\" \/>\n\t<meta name=\"twitter:data1\" content=\"Ali Kekliktepe\" \/>\n\t<meta name=\"twitter:label2\" content=\"Tahmini okuma s\u00fcresi\" \/>\n\t<meta name=\"twitter:data2\" content=\"3 dakika\" \/>\n<script type=\"application\/ld+json\" class=\"yoast-schema-graph\">{\"@context\":\"https:\/\/schema.org\",\"@graph\":[{\"@type\":\"Article\",\"@id\":\"https:\/\/epochtimestr.com\/index.php\/bir-dernekten-cok-daha-fazlasi-gercek-bir-gonul-bagi#article\",\"isPartOf\":{\"@id\":\"https:\/\/epochtimestr.com\/index.php\/bir-dernekten-cok-daha-fazlasi-gercek-bir-gonul-bagi\"},\"author\":{\"name\":\"Ali Kekliktepe\",\"@id\":\"https:\/\/epochtimestr.com\/#\/schema\/person\/da94a416fed1aed029d0a47e85673b95\"},\"headline\":\"Bir Dernekten \u00c7ok Daha Fazlas\u0131: Ger\u00e7ek Bir \u201cG\u00f6n\u00fcl Ba\u011f\u0131\u201d\",\"datePublished\":\"2026-05-31T07:56:58+00:00\",\"dateModified\":\"2026-05-31T08:00:53+00:00\",\"mainEntityOfPage\":{\"@id\":\"https:\/\/epochtimestr.com\/index.php\/bir-dernekten-cok-daha-fazlasi-gercek-bir-gonul-bagi\"},\"wordCount\":480,\"commentCount\":2,\"publisher\":{\"@id\":\"https:\/\/epochtimestr.com\/#organization\"},\"image\":{\"@id\":\"https:\/\/epochtimestr.com\/index.php\/bir-dernekten-cok-daha-fazlasi-gercek-bir-gonul-bagi#primaryimage\"},\"thumbnailUrl\":\"https:\/\/epochtimestr.com\/wp-content\/uploads\/2011y\/Ali-Kekliktepe.jpg\",\"articleSection\":[\"K\u00f6\u015fe Yaz\u0131lar\u0131 Ali Kekliktepe\"],\"inLanguage\":\"tr\",\"potentialAction\":[{\"@type\":\"CommentAction\",\"name\":\"Comment\",\"target\":[\"https:\/\/epochtimestr.com\/index.php\/bir-dernekten-cok-daha-fazlasi-gercek-bir-gonul-bagi#respond\"]}]},{\"@type\":\"WebPage\",\"@id\":\"https:\/\/epochtimestr.com\/index.php\/bir-dernekten-cok-daha-fazlasi-gercek-bir-gonul-bagi\",\"url\":\"https:\/\/epochtimestr.com\/index.php\/bir-dernekten-cok-daha-fazlasi-gercek-bir-gonul-bagi\",\"name\":\"Bir Dernekten \u00c7ok Daha Fazlas\u0131: Ger\u00e7ek Bir \u201cG\u00f6n\u00fcl Ba\u011f\u0131\u201d - The Epoch Times TR\",\"isPartOf\":{\"@id\":\"https:\/\/epochtimestr.com\/#website\"},\"primaryImageOfPage\":{\"@id\":\"https:\/\/epochtimestr.com\/index.php\/bir-dernekten-cok-daha-fazlasi-gercek-bir-gonul-bagi#primaryimage\"},\"image\":{\"@id\":\"https:\/\/epochtimestr.com\/index.php\/bir-dernekten-cok-daha-fazlasi-gercek-bir-gonul-bagi#primaryimage\"},\"thumbnailUrl\":\"https:\/\/epochtimestr.com\/wp-content\/uploads\/2011y\/Ali-Kekliktepe.jpg\",\"datePublished\":\"2026-05-31T07:56:58+00:00\",\"dateModified\":\"2026-05-31T08:00:53+00:00\",\"description\":\"G\u00fclnar Ayd\u0131nc\u0131k G\u00f6n\u00fcl Ba\u011f\u0131 Derne\u011fi ait oldu\u011fumuz k\u00f6kleri, yard\u0131mla\u015fma k\u00fclt\u00fcr\u00fcn\u00fc ve bir arada olman\u0131n g\u00fcc\u00fcn\u00fc her f\u0131rsatta hat\u0131rlat\u0131yor.\",\"inLanguage\":\"tr\",\"potentialAction\":[{\"@type\":\"ReadAction\",\"target\":[\"https:\/\/epochtimestr.com\/index.php\/bir-dernekten-cok-daha-fazlasi-gercek-bir-gonul-bagi\"]}]},{\"@type\":\"ImageObject\",\"inLanguage\":\"tr\",\"@id\":\"https:\/\/epochtimestr.com\/index.php\/bir-dernekten-cok-daha-fazlasi-gercek-bir-gonul-bagi#primaryimage\",\"url\":\"https:\/\/epochtimestr.com\/wp-content\/uploads\/2011y\/Ali-Kekliktepe.jpg\",\"contentUrl\":\"https:\/\/epochtimestr.com\/wp-content\/uploads\/2011y\/Ali-Kekliktepe.jpg\",\"width\":600,\"height\":600},{\"@type\":\"WebSite\",\"@id\":\"https:\/\/epochtimestr.com\/#website\",\"url\":\"https:\/\/epochtimestr.com\/\",\"name\":\"The Epoch Times TR\",\"description\":\"De\u011fi\u015fen D\u00fcnyam\u0131za Taze Bir Bak\u0131\u015f\",\"publisher\":{\"@id\":\"https:\/\/epochtimestr.com\/#organization\"},\"potentialAction\":[{\"@type\":\"SearchAction\",\"target\":{\"@type\":\"EntryPoint\",\"urlTemplate\":\"https:\/\/epochtimestr.com\/?s={search_term_string}\"},\"query-input\":\"required name=search_term_string\"}],\"inLanguage\":\"tr\"},{\"@type\":\"Organization\",\"@id\":\"https:\/\/epochtimestr.com\/#organization\",\"name\":\"The EpochTimes T\u00fcrkiye\",\"url\":\"https:\/\/epochtimestr.com\/\",\"logo\":{\"@type\":\"ImageObject\",\"inLanguage\":\"tr\",\"@id\":\"https:\/\/epochtimestr.com\/#\/schema\/logo\/image\/\",\"url\":\"https:\/\/epochtimestr.com\/wp-content\/uploads\/2011y\/ET-Logo-YG.jpg\",\"contentUrl\":\"https:\/\/epochtimestr.com\/wp-content\/uploads\/2011y\/ET-Logo-YG.jpg\",\"width\":346,\"height\":29,\"caption\":\"The EpochTimes T\u00fcrkiye\"},\"image\":{\"@id\":\"https:\/\/epochtimestr.com\/#\/schema\/logo\/image\/\"},\"sameAs\":[\"https:\/\/www.facebook.com\/theepochtimestr\",\"https:\/\/x.com\/TheEpochTimesTR\",\"https:\/\/www.instagram.com\/epochtimestr\"]},{\"@type\":\"Person\",\"@id\":\"https:\/\/epochtimestr.com\/#\/schema\/person\/da94a416fed1aed029d0a47e85673b95\",\"name\":\"Ali Kekliktepe\",\"image\":{\"@type\":\"ImageObject\",\"inLanguage\":\"tr\",\"@id\":\"https:\/\/epochtimestr.com\/#\/schema\/person\/image\/\",\"url\":\"https:\/\/secure.gravatar.com\/avatar\/6c965c3fc374c8f4af759baef4f38bcd?s=96&d=mm&r=g\",\"contentUrl\":\"https:\/\/secure.gravatar.com\/avatar\/6c965c3fc374c8f4af759baef4f38bcd?s=96&d=mm&r=g\",\"caption\":\"Ali Kekliktepe\"},\"description\":\"Ben Ali Kekliktepe; hayat\u0131n\u0131 \u00f6\u011frenmeye, \u00f6\u011fretmeye ve toplumsal fayda yaratmaya adam\u0131\u015f bir yazar ve profesyonelim. Kalemi sadece ka\u011f\u0131da dokunan bir ara\u00e7 de\u011fil, toplumun aksayan y\u00f6nlerine \u015fifa olan bir enstr\u00fcman olarak g\u00f6r\u00fcyorum.\",\"sameAs\":[\"https:\/\/alikekliktepemersin33.blogspot.com\/\"],\"url\":\"https:\/\/epochtimestr.com\/index.php\/author\/ali\"}]}<\/script>\n<!-- \/ Yoast SEO plugin. -->","yoast_head_json":{"title":"Bir Dernekten \u00c7ok Daha Fazlas\u0131: Ger\u00e7ek Bir \u201cG\u00f6n\u00fcl Ba\u011f\u0131\u201d - The Epoch Times TR","description":"G\u00fclnar Ayd\u0131nc\u0131k G\u00f6n\u00fcl Ba\u011f\u0131 Derne\u011fi ait oldu\u011fumuz k\u00f6kleri, yard\u0131mla\u015fma k\u00fclt\u00fcr\u00fcn\u00fc ve bir arada olman\u0131n g\u00fcc\u00fcn\u00fc her f\u0131rsatta hat\u0131rlat\u0131yor.","robots":{"index":"index","follow":"follow","max-snippet":"max-snippet:-1","max-image-preview":"max-image-preview:large","max-video-preview":"max-video-preview:-1"},"canonical":"https:\/\/epochtimestr.com\/index.php\/bir-dernekten-cok-daha-fazlasi-gercek-bir-gonul-bagi","og_locale":"tr_TR","og_type":"article","og_title":"Bir Dernekten \u00c7ok Daha Fazlas\u0131: Ger\u00e7ek Bir \u201cG\u00f6n\u00fcl Ba\u011f\u0131\u201d - The Epoch Times TR","og_description":"G\u00fclnar Ayd\u0131nc\u0131k G\u00f6n\u00fcl Ba\u011f\u0131 Derne\u011fi ait oldu\u011fumuz k\u00f6kleri, yard\u0131mla\u015fma k\u00fclt\u00fcr\u00fcn\u00fc ve bir arada olman\u0131n g\u00fcc\u00fcn\u00fc her f\u0131rsatta hat\u0131rlat\u0131yor.","og_url":"https:\/\/epochtimestr.com\/index.php\/bir-dernekten-cok-daha-fazlasi-gercek-bir-gonul-bagi","og_site_name":"The Epoch Times TR","article_publisher":"https:\/\/www.facebook.com\/theepochtimestr","article_published_time":"2026-05-31T07:56:58+00:00","article_modified_time":"2026-05-31T08:00:53+00:00","og_image":[{"width":1200,"height":630,"url":"https:\/\/epochtimestr.com\/wp-content\/uploads\/2011y\/ali-kekliktepe-SM.jpeg","type":"image\/jpeg"}],"author":"Ali Kekliktepe","twitter_card":"summary_large_image","twitter_creator":"@TheEpochTimesTR","twitter_site":"@TheEpochTimesTR","twitter_misc":{"Yazan:":"Ali Kekliktepe","Tahmini okuma s\u00fcresi":"3 dakika"},"schema":{"@context":"https:\/\/schema.org","@graph":[{"@type":"Article","@id":"https:\/\/epochtimestr.com\/index.php\/bir-dernekten-cok-daha-fazlasi-gercek-bir-gonul-bagi#article","isPartOf":{"@id":"https:\/\/epochtimestr.com\/index.php\/bir-dernekten-cok-daha-fazlasi-gercek-bir-gonul-bagi"},"author":{"name":"Ali Kekliktepe","@id":"https:\/\/epochtimestr.com\/#\/schema\/person\/da94a416fed1aed029d0a47e85673b95"},"headline":"Bir Dernekten \u00c7ok Daha Fazlas\u0131: Ger\u00e7ek Bir \u201cG\u00f6n\u00fcl Ba\u011f\u0131\u201d","datePublished":"2026-05-31T07:56:58+00:00","dateModified":"2026-05-31T08:00:53+00:00","mainEntityOfPage":{"@id":"https:\/\/epochtimestr.com\/index.php\/bir-dernekten-cok-daha-fazlasi-gercek-bir-gonul-bagi"},"wordCount":480,"commentCount":2,"publisher":{"@id":"https:\/\/epochtimestr.com\/#organization"},"image":{"@id":"https:\/\/epochtimestr.com\/index.php\/bir-dernekten-cok-daha-fazlasi-gercek-bir-gonul-bagi#primaryimage"},"thumbnailUrl":"https:\/\/epochtimestr.com\/wp-content\/uploads\/2011y\/Ali-Kekliktepe.jpg","articleSection":["K\u00f6\u015fe Yaz\u0131lar\u0131 Ali Kekliktepe"],"inLanguage":"tr","potentialAction":[{"@type":"CommentAction","name":"Comment","target":["https:\/\/epochtimestr.com\/index.php\/bir-dernekten-cok-daha-fazlasi-gercek-bir-gonul-bagi#respond"]}]},{"@type":"WebPage","@id":"https:\/\/epochtimestr.com\/index.php\/bir-dernekten-cok-daha-fazlasi-gercek-bir-gonul-bagi","url":"https:\/\/epochtimestr.com\/index.php\/bir-dernekten-cok-daha-fazlasi-gercek-bir-gonul-bagi","name":"Bir Dernekten \u00c7ok Daha Fazlas\u0131: Ger\u00e7ek Bir \u201cG\u00f6n\u00fcl Ba\u011f\u0131\u201d - The Epoch Times TR","isPartOf":{"@id":"https:\/\/epochtimestr.com\/#website"},"primaryImageOfPage":{"@id":"https:\/\/epochtimestr.com\/index.php\/bir-dernekten-cok-daha-fazlasi-gercek-bir-gonul-bagi#primaryimage"},"image":{"@id":"https:\/\/epochtimestr.com\/index.php\/bir-dernekten-cok-daha-fazlasi-gercek-bir-gonul-bagi#primaryimage"},"thumbnailUrl":"https:\/\/epochtimestr.com\/wp-content\/uploads\/2011y\/Ali-Kekliktepe.jpg","datePublished":"2026-05-31T07:56:58+00:00","dateModified":"2026-05-31T08:00:53+00:00","description":"G\u00fclnar Ayd\u0131nc\u0131k G\u00f6n\u00fcl Ba\u011f\u0131 Derne\u011fi ait oldu\u011fumuz k\u00f6kleri, yard\u0131mla\u015fma k\u00fclt\u00fcr\u00fcn\u00fc ve bir arada olman\u0131n g\u00fcc\u00fcn\u00fc her f\u0131rsatta hat\u0131rlat\u0131yor.","inLanguage":"tr","potentialAction":[{"@type":"ReadAction","target":["https:\/\/epochtimestr.com\/index.php\/bir-dernekten-cok-daha-fazlasi-gercek-bir-gonul-bagi"]}]},{"@type":"ImageObject","inLanguage":"tr","@id":"https:\/\/epochtimestr.com\/index.php\/bir-dernekten-cok-daha-fazlasi-gercek-bir-gonul-bagi#primaryimage","url":"https:\/\/epochtimestr.com\/wp-content\/uploads\/2011y\/Ali-Kekliktepe.jpg","contentUrl":"https:\/\/epochtimestr.com\/wp-content\/uploads\/2011y\/Ali-Kekliktepe.jpg","width":600,"height":600},{"@type":"WebSite","@id":"https:\/\/epochtimestr.com\/#website","url":"https:\/\/epochtimestr.com\/","name":"The Epoch Times TR","description":"De\u011fi\u015fen D\u00fcnyam\u0131za Taze Bir Bak\u0131\u015f","publisher":{"@id":"https:\/\/epochtimestr.com\/#organization"},"potentialAction":[{"@type":"SearchAction","target":{"@type":"EntryPoint","urlTemplate":"https:\/\/epochtimestr.com\/?s={search_term_string}"},"query-input":"required name=search_term_string"}],"inLanguage":"tr"},{"@type":"Organization","@id":"https:\/\/epochtimestr.com\/#organization","name":"The EpochTimes T\u00fcrkiye","url":"https:\/\/epochtimestr.com\/","logo":{"@type":"ImageObject","inLanguage":"tr","@id":"https:\/\/epochtimestr.com\/#\/schema\/logo\/image\/","url":"https:\/\/epochtimestr.com\/wp-content\/uploads\/2011y\/ET-Logo-YG.jpg","contentUrl":"https:\/\/epochtimestr.com\/wp-content\/uploads\/2011y\/ET-Logo-YG.jpg","width":346,"height":29,"caption":"The EpochTimes T\u00fcrkiye"},"image":{"@id":"https:\/\/epochtimestr.com\/#\/schema\/logo\/image\/"},"sameAs":["https:\/\/www.facebook.com\/theepochtimestr","https:\/\/x.com\/TheEpochTimesTR","https:\/\/www.instagram.com\/epochtimestr"]},{"@type":"Person","@id":"https:\/\/epochtimestr.com\/#\/schema\/person\/da94a416fed1aed029d0a47e85673b95","name":"Ali Kekliktepe","image":{"@type":"ImageObject","inLanguage":"tr","@id":"https:\/\/epochtimestr.com\/#\/schema\/person\/image\/","url":"https:\/\/secure.gravatar.com\/avatar\/6c965c3fc374c8f4af759baef4f38bcd?s=96&d=mm&r=g","contentUrl":"https:\/\/secure.gravatar.com\/avatar\/6c965c3fc374c8f4af759baef4f38bcd?s=96&d=mm&r=g","caption":"Ali Kekliktepe"},"description":"Ben Ali Kekliktepe; hayat\u0131n\u0131 \u00f6\u011frenmeye, \u00f6\u011fretmeye ve toplumsal fayda yaratmaya adam\u0131\u015f bir yazar ve profesyonelim. Kalemi sadece ka\u011f\u0131da dokunan bir ara\u00e7 de\u011fil, toplumun aksayan y\u00f6nlerine \u015fifa olan bir enstr\u00fcman olarak g\u00f6r\u00fcyorum.","sameAs":["https:\/\/alikekliktepemersin33.blogspot.com\/"],"url":"https:\/\/epochtimestr.com\/index.php\/author\/ali"}]}},"_links":{"self":[{"href":"https:\/\/epochtimestr.com\/index.php\/wp-json\/wp\/v2\/posts\/167585"}],"collection":[{"href":"https:\/\/epochtimestr.com\/index.php\/wp-json\/wp\/v2\/posts"}],"about":[{"href":"https:\/\/epochtimestr.com\/index.php\/wp-json\/wp\/v2\/types\/post"}],"author":[{"embeddable":true,"href":"https:\/\/epochtimestr.com\/index.php\/wp-json\/wp\/v2\/users\/14013"}],"replies":[{"embeddable":true,"href":"https:\/\/epochtimestr.com\/index.php\/wp-json\/wp\/v2\/comments?post=167585"}],"version-history":[{"count":1,"href":"https:\/\/epochtimestr.com\/index.php\/wp-json\/wp\/v2\/posts\/167585\/revisions"}],"predecessor-version":[{"id":167590,"href":"https:\/\/epochtimestr.com\/index.php\/wp-json\/wp\/v2\/posts\/167585\/revisions\/167590"}],"wp:featuredmedia":[{"embeddable":true,"href":"https:\/\/epochtimestr.com\/index.php\/wp-json\/wp\/v2\/media\/167144"}],"wp:attachment":[{"href":"https:\/\/epochtimestr.com\/index.php\/wp-json\/wp\/v2\/media?parent=167585"}],"wp:term":[{"taxonomy":"category","embeddable":true,"href":"https:\/\/epochtimestr.com\/index.php\/wp-json\/wp\/v2\/categories?post=167585"},{"taxonomy":"post_tag","embeddable":true,"href":"https:\/\/epochtimestr.com\/index.php\/wp-json\/wp\/v2\/tags?post=167585"}],"curies":[{"name":"wp","href":"https:\/\/api.w.org\/{rel}","templated":true}]}}