{"id":167606,"date":"2026-06-02T07:00:00","date_gmt":"2026-06-02T04:00:00","guid":{"rendered":"https:\/\/epochtimestr.com\/?p=167606"},"modified":"2026-06-01T07:48:00","modified_gmt":"2026-06-01T04:48:00","slug":"ates-cemberinde-birlik","status":"publish","type":"post","link":"https:\/\/epochtimestr.com\/index.php\/ates-cemberinde-birlik","title":{"rendered":"Ate\u015f \u00c7emberinde Birlik"},"content":{"rendered":"\n<p>Bug\u00fcn \u00fclkemizin \u00e7evresine bakt\u0131\u011f\u0131m\u0131zda, adeta bir ate\u015f \u00e7emberiyle ku\u015fat\u0131ld\u0131\u011f\u0131m\u0131z\u0131 g\u00f6r\u00fcyoruz. Ortado\u011fu\u2019dan Kafkasya\u2019ya, Balkanlardan Do\u011fu Akdeniz\u2019e kadar geni\u015f bir co\u011frafyada \u00e7at\u0131\u015fmalar, krizler ve istikrars\u0131zl\u0131klar h\u00fck\u00fcm s\u00fcr\u00fcyor. Bu tablo, sadece d\u0131\u015f politikay\u0131 de\u011fil, i\u00e7 huzurumuzu da do\u011frudan etkiliyor. \u0130\u015fte tam da bu nedenle, mezhep ve etnik k\u00f6ken temelli k\u0131\u015fk\u0131rtmalara kar\u015f\u0131 dikkatli olmak, milli birli\u011fimizi korumak, hayati bir g\u00f6revdir.<\/p>\n\n\n\n<h3 class=\"wp-block-heading\">Tehlikenin Kayna\u011f\u0131<\/h3>\n\n\n\n<p><strong>Mezhep \u00e7at\u0131\u015fmalar\u0131: <\/strong>Tarih boyunca toplumlar\u0131 b\u00f6len en g\u00fc\u00e7l\u00fc ara\u00e7lardan biri olmu\u015ftur. K\u00fc\u00e7\u00fck bir k\u0131v\u0131lc\u0131m, b\u00fcy\u00fck bir yang\u0131na d\u00f6n\u00fc\u015febilir.<\/p>\n\n\n\n<p><strong>Etnik ayr\u0131\u015fmalar: <\/strong>K\u00fclt\u00fcrel \u00e7e\u015fitlili\u011fimiz bir zenginliktir, ancak d\u0131\u015f g\u00fc\u00e7lerin manip\u00fclasyonuyla ayr\u0131\u015fmaya d\u00f6n\u00fc\u015ft\u00fc\u011f\u00fcnde toplumsal bar\u0131\u015f\u0131 tehdit eder.<\/p>\n\n\n\n<p><strong>Jeopolitik krizler: <\/strong>S\u0131n\u0131rlar\u0131m\u0131z\u0131n hemen \u00f6tesinde s\u00fcren sava\u015flar, g\u00f6\u00e7 dalgalar\u0131 ve ter\u00f6r \u00f6rg\u00fctleri, i\u00e7erideki huzuru do\u011frudan etkiler.<\/p>\n\n\n\n<h3 class=\"wp-block-heading\">\u0130\u00e7erideki Sorumluluk<\/h3>\n\n\n\n<p>Bir \u00fclkenin en b\u00fcy\u00fck g\u00fcc\u00fc, kendi i\u00e7indeki dayan\u0131\u015fmad\u0131r. Bizim i\u00e7in de en \u00f6nemli mesele, farkl\u0131l\u0131klar\u0131m\u0131z\u0131 \u00e7at\u0131\u015fma de\u011fil, zenginlik olarak g\u00f6rmekten ge\u00e7iyor.<\/p>\n\n\n\n<p><strong>Milli birlik:<\/strong> Ortak de\u011ferler etraf\u0131nda kenetlenmek, d\u0131\u015far\u0131dan gelen k\u0131\u015fk\u0131rtmalara kar\u015f\u0131 en g\u00fc\u00e7l\u00fc kalkand\u0131r.<\/p>\n\n\n\n<p><strong>Toplumsal bilin\u00e7:<\/strong> Halk\u0131n provokasyonlara kap\u0131lmamas\u0131, bilin\u00e7li bir \u015fekilde hareket etmesi gerekir.<\/p>\n\n\n\n<p><strong>E\u011fitim ve medya: <\/strong>Yanl\u0131\u015f bilgilere kar\u015f\u0131 en etkili panzehir, do\u011fru bilgi ve sa\u011fl\u0131kl\u0131 ileti\u015fimdir.<\/p>\n\n\n\n<h3 class=\"wp-block-heading\">D\u0131\u015far\u0131daki Ger\u00e7eklik<\/h3>\n\n\n\n<p>\u00c7evremizdeki ate\u015f \u00e7emberi, sadece askeri de\u011fil, ayn\u0131 zamanda ekonomik ve diplomatik bask\u0131larla da kendini g\u00f6steriyor.<\/p>\n\n\n\n<p><strong>Enerji rekabeti:<\/strong> Do\u011fu Akdeniz\u2019deki enerji kaynaklar\u0131, b\u00f6lgesel gerilimi art\u0131r\u0131yor.<\/p>\n\n\n\n<p><strong>G\u00f6\u00e7 dalgalar\u0131: <\/strong>Sava\u015flardan ka\u00e7an milyonlarca insan, s\u0131n\u0131rlar\u0131m\u0131z\u0131 a\u015farak yeni sosyal sorunlar yarat\u0131yor.<\/p>\n\n\n\n<p><strong>Ter\u00f6r tehdidi: <\/strong>B\u00f6lgesel \u00e7at\u0131\u015fmalar\u0131n en a\u011f\u0131r yans\u0131mas\u0131, \u00fclkemizin g\u00fcvenli\u011fini hedef alan ter\u00f6r \u00f6rg\u00fctleridir.<\/p>\n\n\n\n<p>Bug\u00fcn bize d\u00fc\u015fen g\u00f6rev, i\u00e7erde birlik ve beraberli\u011fi korumak, d\u0131\u015far\u0131da ise ak\u0131lc\u0131 ve dengeli politikalarla bu ate\u015f \u00e7emberini y\u00f6netmektir. Mezhep ve etnik k\u00f6ken temelli k\u0131\u015fk\u0131rtmalar, ancak g\u00fc\u00e7l\u00fc bir toplumsal bilin\u00e7le etkisiz hale getirilebilir. Unutmayal\u0131m ki tarih boyunca en b\u00fcy\u00fck zaferlerimizi birlik i\u00e7inde kazand\u0131k, en a\u011f\u0131r kay\u0131plar\u0131m\u0131z\u0131 ise ayr\u0131\u015ft\u0131\u011f\u0131m\u0131zda ya\u015fad\u0131k.<\/p>\n","protected":false},"excerpt":{"rendered":"<p>Bug\u00fcn \u00fclkemizin \u00e7evresine bakt\u0131\u011f\u0131m\u0131zda, adeta bir ate\u015f \u00e7emberiyle ku\u015fat\u0131ld\u0131\u011f\u0131m\u0131z\u0131 g\u00f6r\u00fcyoruz. Ortado\u011fu\u2019dan Kafkasya\u2019ya, Balkanlardan Do\u011fu Akdeniz\u2019e kadar geni\u015f bir co\u011frafyada \u00e7at\u0131\u015fmalar, krizler ve istikrars\u0131zl\u0131klar h\u00fck\u00fcm s\u00fcr\u00fcyor. Bu tablo, sadece d\u0131\u015f politikay\u0131 de\u011fil, i\u00e7 huzurumuzu da do\u011frudan etkiliyor. \u0130\u015fte tam da bu nedenle, mezhep ve etnik k\u00f6ken temelli k\u0131\u015fk\u0131rtmalara kar\u015f\u0131 dikkatli olmak, milli birli\u011fimizi korumak, hayati bir [&hellip;]<\/p>\n","protected":false},"author":14013,"featured_media":167144,"comment_status":"open","ping_status":"open","sticky":false,"template":"","format":"standard","meta":{"_yoast_wpseo_focuskw":"ate\u015f \u00e7emberi","_yoast_wpseo_title":"","_yoast_wpseo_metadesc":"Ortado\u011fu\u2019dan Kafkasya\u2019ya, Balkanlardan Do\u011fu Akdeniz\u2019e kadar geni\u015f bir co\u011frafyada \u00e7at\u0131\u015fmalar, krizler ve istikrars\u0131zl\u0131klar h\u00fck\u00fcm s\u00fcr\u00fcyor.","_bbp_topic_count":0,"_bbp_reply_count":0,"_bbp_total_topic_count":0,"_bbp_total_reply_count":0,"_bbp_voice_count":0,"_bbp_anonymous_reply_count":0,"_bbp_topic_count_hidden":0,"_bbp_reply_count_hidden":0,"_bbp_forum_subforum_count":0,"footnotes":"","_yoast_wpseo_focuskw_text_input":""},"categories":[11361],"tags":[],"yoast_head":"<!-- This site is optimized with the Yoast SEO plugin v23.0 - https:\/\/yoast.com\/wordpress\/plugins\/seo\/ -->\n<title>Ate\u015f \u00c7emberinde Birlik - The Epoch Times TR<\/title>\n<meta name=\"description\" content=\"Ortado\u011fu\u2019dan Kafkasya\u2019ya, Balkanlardan Do\u011fu Akdeniz\u2019e kadar geni\u015f bir co\u011frafyada \u00e7at\u0131\u015fmalar, krizler ve istikrars\u0131zl\u0131klar h\u00fck\u00fcm s\u00fcr\u00fcyor.\" \/>\n<meta name=\"robots\" content=\"index, follow, max-snippet:-1, max-image-preview:large, max-video-preview:-1\" \/>\n<link rel=\"canonical\" href=\"https:\/\/epochtimestr.com\/index.php\/ates-cemberinde-birlik\" \/>\n<meta property=\"og:locale\" content=\"tr_TR\" \/>\n<meta property=\"og:type\" content=\"article\" \/>\n<meta property=\"og:title\" content=\"Ate\u015f \u00c7emberinde Birlik - The Epoch Times TR\" \/>\n<meta property=\"og:description\" content=\"Ortado\u011fu\u2019dan Kafkasya\u2019ya, Balkanlardan Do\u011fu Akdeniz\u2019e kadar geni\u015f bir co\u011frafyada \u00e7at\u0131\u015fmalar, krizler ve istikrars\u0131zl\u0131klar h\u00fck\u00fcm s\u00fcr\u00fcyor.\" \/>\n<meta property=\"og:url\" content=\"https:\/\/epochtimestr.com\/index.php\/ates-cemberinde-birlik\" \/>\n<meta property=\"og:site_name\" content=\"The Epoch Times TR\" \/>\n<meta property=\"article:publisher\" content=\"https:\/\/www.facebook.com\/theepochtimestr\" \/>\n<meta property=\"article:published_time\" content=\"2026-06-02T04:00:00+00:00\" \/>\n<meta property=\"article:modified_time\" content=\"2026-06-01T04:48:00+00:00\" \/>\n<meta property=\"og:image\" content=\"https:\/\/epochtimestr.com\/wp-content\/uploads\/2011y\/ali-kekliktepe-SM.jpeg\" \/>\n\t<meta property=\"og:image:width\" content=\"1200\" \/>\n\t<meta property=\"og:image:height\" content=\"630\" \/>\n\t<meta property=\"og:image:type\" content=\"image\/jpeg\" \/>\n<meta name=\"author\" content=\"Ali Kekliktepe\" \/>\n<meta name=\"twitter:card\" content=\"summary_large_image\" \/>\n<meta name=\"twitter:creator\" content=\"@TheEpochTimesTR\" \/>\n<meta name=\"twitter:site\" content=\"@TheEpochTimesTR\" \/>\n<meta name=\"twitter:label1\" content=\"Yazan:\" \/>\n\t<meta name=\"twitter:data1\" content=\"Ali Kekliktepe\" \/>\n\t<meta name=\"twitter:label2\" content=\"Tahmini okuma s\u00fcresi\" \/>\n\t<meta name=\"twitter:data2\" content=\"2 dakika\" \/>\n<script type=\"application\/ld+json\" class=\"yoast-schema-graph\">{\"@context\":\"https:\/\/schema.org\",\"@graph\":[{\"@type\":\"Article\",\"@id\":\"https:\/\/epochtimestr.com\/index.php\/ates-cemberinde-birlik#article\",\"isPartOf\":{\"@id\":\"https:\/\/epochtimestr.com\/index.php\/ates-cemberinde-birlik\"},\"author\":{\"name\":\"Ali Kekliktepe\",\"@id\":\"https:\/\/epochtimestr.com\/#\/schema\/person\/da94a416fed1aed029d0a47e85673b95\"},\"headline\":\"Ate\u015f \u00c7emberinde Birlik\",\"datePublished\":\"2026-06-02T04:00:00+00:00\",\"dateModified\":\"2026-06-01T04:48:00+00:00\",\"mainEntityOfPage\":{\"@id\":\"https:\/\/epochtimestr.com\/index.php\/ates-cemberinde-birlik\"},\"wordCount\":425,\"commentCount\":0,\"publisher\":{\"@id\":\"https:\/\/epochtimestr.com\/#organization\"},\"image\":{\"@id\":\"https:\/\/epochtimestr.com\/index.php\/ates-cemberinde-birlik#primaryimage\"},\"thumbnailUrl\":\"https:\/\/epochtimestr.com\/wp-content\/uploads\/2011y\/Ali-Kekliktepe.jpg\",\"articleSection\":[\"K\u00f6\u015fe Yaz\u0131lar\u0131 Ali Kekliktepe\"],\"inLanguage\":\"tr\",\"potentialAction\":[{\"@type\":\"CommentAction\",\"name\":\"Comment\",\"target\":[\"https:\/\/epochtimestr.com\/index.php\/ates-cemberinde-birlik#respond\"]}]},{\"@type\":\"WebPage\",\"@id\":\"https:\/\/epochtimestr.com\/index.php\/ates-cemberinde-birlik\",\"url\":\"https:\/\/epochtimestr.com\/index.php\/ates-cemberinde-birlik\",\"name\":\"Ate\u015f \u00c7emberinde Birlik - The Epoch Times TR\",\"isPartOf\":{\"@id\":\"https:\/\/epochtimestr.com\/#website\"},\"primaryImageOfPage\":{\"@id\":\"https:\/\/epochtimestr.com\/index.php\/ates-cemberinde-birlik#primaryimage\"},\"image\":{\"@id\":\"https:\/\/epochtimestr.com\/index.php\/ates-cemberinde-birlik#primaryimage\"},\"thumbnailUrl\":\"https:\/\/epochtimestr.com\/wp-content\/uploads\/2011y\/Ali-Kekliktepe.jpg\",\"datePublished\":\"2026-06-02T04:00:00+00:00\",\"dateModified\":\"2026-06-01T04:48:00+00:00\",\"description\":\"Ortado\u011fu\u2019dan Kafkasya\u2019ya, Balkanlardan Do\u011fu Akdeniz\u2019e kadar geni\u015f bir co\u011frafyada \u00e7at\u0131\u015fmalar, krizler ve istikrars\u0131zl\u0131klar h\u00fck\u00fcm s\u00fcr\u00fcyor.\",\"inLanguage\":\"tr\",\"potentialAction\":[{\"@type\":\"ReadAction\",\"target\":[\"https:\/\/epochtimestr.com\/index.php\/ates-cemberinde-birlik\"]}]},{\"@type\":\"ImageObject\",\"inLanguage\":\"tr\",\"@id\":\"https:\/\/epochtimestr.com\/index.php\/ates-cemberinde-birlik#primaryimage\",\"url\":\"https:\/\/epochtimestr.com\/wp-content\/uploads\/2011y\/Ali-Kekliktepe.jpg\",\"contentUrl\":\"https:\/\/epochtimestr.com\/wp-content\/uploads\/2011y\/Ali-Kekliktepe.jpg\",\"width\":600,\"height\":600},{\"@type\":\"WebSite\",\"@id\":\"https:\/\/epochtimestr.com\/#website\",\"url\":\"https:\/\/epochtimestr.com\/\",\"name\":\"The Epoch Times TR\",\"description\":\"De\u011fi\u015fen D\u00fcnyam\u0131za Taze Bir Bak\u0131\u015f\",\"publisher\":{\"@id\":\"https:\/\/epochtimestr.com\/#organization\"},\"potentialAction\":[{\"@type\":\"SearchAction\",\"target\":{\"@type\":\"EntryPoint\",\"urlTemplate\":\"https:\/\/epochtimestr.com\/?s={search_term_string}\"},\"query-input\":\"required name=search_term_string\"}],\"inLanguage\":\"tr\"},{\"@type\":\"Organization\",\"@id\":\"https:\/\/epochtimestr.com\/#organization\",\"name\":\"The EpochTimes T\u00fcrkiye\",\"url\":\"https:\/\/epochtimestr.com\/\",\"logo\":{\"@type\":\"ImageObject\",\"inLanguage\":\"tr\",\"@id\":\"https:\/\/epochtimestr.com\/#\/schema\/logo\/image\/\",\"url\":\"https:\/\/epochtimestr.com\/wp-content\/uploads\/2011y\/ET-Logo-YG.jpg\",\"contentUrl\":\"https:\/\/epochtimestr.com\/wp-content\/uploads\/2011y\/ET-Logo-YG.jpg\",\"width\":346,\"height\":29,\"caption\":\"The EpochTimes T\u00fcrkiye\"},\"image\":{\"@id\":\"https:\/\/epochtimestr.com\/#\/schema\/logo\/image\/\"},\"sameAs\":[\"https:\/\/www.facebook.com\/theepochtimestr\",\"https:\/\/x.com\/TheEpochTimesTR\",\"https:\/\/www.instagram.com\/epochtimestr\"]},{\"@type\":\"Person\",\"@id\":\"https:\/\/epochtimestr.com\/#\/schema\/person\/da94a416fed1aed029d0a47e85673b95\",\"name\":\"Ali Kekliktepe\",\"image\":{\"@type\":\"ImageObject\",\"inLanguage\":\"tr\",\"@id\":\"https:\/\/epochtimestr.com\/#\/schema\/person\/image\/\",\"url\":\"https:\/\/secure.gravatar.com\/avatar\/6c965c3fc374c8f4af759baef4f38bcd?s=96&d=mm&r=g\",\"contentUrl\":\"https:\/\/secure.gravatar.com\/avatar\/6c965c3fc374c8f4af759baef4f38bcd?s=96&d=mm&r=g\",\"caption\":\"Ali Kekliktepe\"},\"description\":\"Ben Ali Kekliktepe; hayat\u0131n\u0131 \u00f6\u011frenmeye, \u00f6\u011fretmeye ve toplumsal fayda yaratmaya adam\u0131\u015f bir yazar ve profesyonelim. Kalemi sadece ka\u011f\u0131da dokunan bir ara\u00e7 de\u011fil, toplumun aksayan y\u00f6nlerine \u015fifa olan bir enstr\u00fcman olarak g\u00f6r\u00fcyorum.\",\"sameAs\":[\"https:\/\/alikekliktepemersin33.blogspot.com\/\"],\"url\":\"https:\/\/epochtimestr.com\/index.php\/author\/ali\"}]}<\/script>\n<!-- \/ Yoast SEO plugin. -->","yoast_head_json":{"title":"Ate\u015f \u00c7emberinde Birlik - The Epoch Times TR","description":"Ortado\u011fu\u2019dan Kafkasya\u2019ya, Balkanlardan Do\u011fu Akdeniz\u2019e kadar geni\u015f bir co\u011frafyada \u00e7at\u0131\u015fmalar, krizler ve istikrars\u0131zl\u0131klar h\u00fck\u00fcm s\u00fcr\u00fcyor.","robots":{"index":"index","follow":"follow","max-snippet":"max-snippet:-1","max-image-preview":"max-image-preview:large","max-video-preview":"max-video-preview:-1"},"canonical":"https:\/\/epochtimestr.com\/index.php\/ates-cemberinde-birlik","og_locale":"tr_TR","og_type":"article","og_title":"Ate\u015f \u00c7emberinde Birlik - The Epoch Times TR","og_description":"Ortado\u011fu\u2019dan Kafkasya\u2019ya, Balkanlardan Do\u011fu Akdeniz\u2019e kadar geni\u015f bir co\u011frafyada \u00e7at\u0131\u015fmalar, krizler ve istikrars\u0131zl\u0131klar h\u00fck\u00fcm s\u00fcr\u00fcyor.","og_url":"https:\/\/epochtimestr.com\/index.php\/ates-cemberinde-birlik","og_site_name":"The Epoch Times TR","article_publisher":"https:\/\/www.facebook.com\/theepochtimestr","article_published_time":"2026-06-02T04:00:00+00:00","article_modified_time":"2026-06-01T04:48:00+00:00","og_image":[{"width":1200,"height":630,"url":"https:\/\/epochtimestr.com\/wp-content\/uploads\/2011y\/ali-kekliktepe-SM.jpeg","type":"image\/jpeg"}],"author":"Ali Kekliktepe","twitter_card":"summary_large_image","twitter_creator":"@TheEpochTimesTR","twitter_site":"@TheEpochTimesTR","twitter_misc":{"Yazan:":"Ali Kekliktepe","Tahmini okuma s\u00fcresi":"2 dakika"},"schema":{"@context":"https:\/\/schema.org","@graph":[{"@type":"Article","@id":"https:\/\/epochtimestr.com\/index.php\/ates-cemberinde-birlik#article","isPartOf":{"@id":"https:\/\/epochtimestr.com\/index.php\/ates-cemberinde-birlik"},"author":{"name":"Ali Kekliktepe","@id":"https:\/\/epochtimestr.com\/#\/schema\/person\/da94a416fed1aed029d0a47e85673b95"},"headline":"Ate\u015f \u00c7emberinde Birlik","datePublished":"2026-06-02T04:00:00+00:00","dateModified":"2026-06-01T04:48:00+00:00","mainEntityOfPage":{"@id":"https:\/\/epochtimestr.com\/index.php\/ates-cemberinde-birlik"},"wordCount":425,"commentCount":0,"publisher":{"@id":"https:\/\/epochtimestr.com\/#organization"},"image":{"@id":"https:\/\/epochtimestr.com\/index.php\/ates-cemberinde-birlik#primaryimage"},"thumbnailUrl":"https:\/\/epochtimestr.com\/wp-content\/uploads\/2011y\/Ali-Kekliktepe.jpg","articleSection":["K\u00f6\u015fe Yaz\u0131lar\u0131 Ali Kekliktepe"],"inLanguage":"tr","potentialAction":[{"@type":"CommentAction","name":"Comment","target":["https:\/\/epochtimestr.com\/index.php\/ates-cemberinde-birlik#respond"]}]},{"@type":"WebPage","@id":"https:\/\/epochtimestr.com\/index.php\/ates-cemberinde-birlik","url":"https:\/\/epochtimestr.com\/index.php\/ates-cemberinde-birlik","name":"Ate\u015f \u00c7emberinde Birlik - The Epoch Times TR","isPartOf":{"@id":"https:\/\/epochtimestr.com\/#website"},"primaryImageOfPage":{"@id":"https:\/\/epochtimestr.com\/index.php\/ates-cemberinde-birlik#primaryimage"},"image":{"@id":"https:\/\/epochtimestr.com\/index.php\/ates-cemberinde-birlik#primaryimage"},"thumbnailUrl":"https:\/\/epochtimestr.com\/wp-content\/uploads\/2011y\/Ali-Kekliktepe.jpg","datePublished":"2026-06-02T04:00:00+00:00","dateModified":"2026-06-01T04:48:00+00:00","description":"Ortado\u011fu\u2019dan Kafkasya\u2019ya, Balkanlardan Do\u011fu Akdeniz\u2019e kadar geni\u015f bir co\u011frafyada \u00e7at\u0131\u015fmalar, krizler ve istikrars\u0131zl\u0131klar h\u00fck\u00fcm s\u00fcr\u00fcyor.","inLanguage":"tr","potentialAction":[{"@type":"ReadAction","target":["https:\/\/epochtimestr.com\/index.php\/ates-cemberinde-birlik"]}]},{"@type":"ImageObject","inLanguage":"tr","@id":"https:\/\/epochtimestr.com\/index.php\/ates-cemberinde-birlik#primaryimage","url":"https:\/\/epochtimestr.com\/wp-content\/uploads\/2011y\/Ali-Kekliktepe.jpg","contentUrl":"https:\/\/epochtimestr.com\/wp-content\/uploads\/2011y\/Ali-Kekliktepe.jpg","width":600,"height":600},{"@type":"WebSite","@id":"https:\/\/epochtimestr.com\/#website","url":"https:\/\/epochtimestr.com\/","name":"The Epoch Times TR","description":"De\u011fi\u015fen D\u00fcnyam\u0131za Taze Bir Bak\u0131\u015f","publisher":{"@id":"https:\/\/epochtimestr.com\/#organization"},"potentialAction":[{"@type":"SearchAction","target":{"@type":"EntryPoint","urlTemplate":"https:\/\/epochtimestr.com\/?s={search_term_string}"},"query-input":"required name=search_term_string"}],"inLanguage":"tr"},{"@type":"Organization","@id":"https:\/\/epochtimestr.com\/#organization","name":"The EpochTimes T\u00fcrkiye","url":"https:\/\/epochtimestr.com\/","logo":{"@type":"ImageObject","inLanguage":"tr","@id":"https:\/\/epochtimestr.com\/#\/schema\/logo\/image\/","url":"https:\/\/epochtimestr.com\/wp-content\/uploads\/2011y\/ET-Logo-YG.jpg","contentUrl":"https:\/\/epochtimestr.com\/wp-content\/uploads\/2011y\/ET-Logo-YG.jpg","width":346,"height":29,"caption":"The EpochTimes T\u00fcrkiye"},"image":{"@id":"https:\/\/epochtimestr.com\/#\/schema\/logo\/image\/"},"sameAs":["https:\/\/www.facebook.com\/theepochtimestr","https:\/\/x.com\/TheEpochTimesTR","https:\/\/www.instagram.com\/epochtimestr"]},{"@type":"Person","@id":"https:\/\/epochtimestr.com\/#\/schema\/person\/da94a416fed1aed029d0a47e85673b95","name":"Ali Kekliktepe","image":{"@type":"ImageObject","inLanguage":"tr","@id":"https:\/\/epochtimestr.com\/#\/schema\/person\/image\/","url":"https:\/\/secure.gravatar.com\/avatar\/6c965c3fc374c8f4af759baef4f38bcd?s=96&d=mm&r=g","contentUrl":"https:\/\/secure.gravatar.com\/avatar\/6c965c3fc374c8f4af759baef4f38bcd?s=96&d=mm&r=g","caption":"Ali Kekliktepe"},"description":"Ben Ali Kekliktepe; hayat\u0131n\u0131 \u00f6\u011frenmeye, \u00f6\u011fretmeye ve toplumsal fayda yaratmaya adam\u0131\u015f bir yazar ve profesyonelim. Kalemi sadece ka\u011f\u0131da dokunan bir ara\u00e7 de\u011fil, toplumun aksayan y\u00f6nlerine \u015fifa olan bir enstr\u00fcman olarak g\u00f6r\u00fcyorum.","sameAs":["https:\/\/alikekliktepemersin33.blogspot.com\/"],"url":"https:\/\/epochtimestr.com\/index.php\/author\/ali"}]}},"_links":{"self":[{"href":"https:\/\/epochtimestr.com\/index.php\/wp-json\/wp\/v2\/posts\/167606"}],"collection":[{"href":"https:\/\/epochtimestr.com\/index.php\/wp-json\/wp\/v2\/posts"}],"about":[{"href":"https:\/\/epochtimestr.com\/index.php\/wp-json\/wp\/v2\/types\/post"}],"author":[{"embeddable":true,"href":"https:\/\/epochtimestr.com\/index.php\/wp-json\/wp\/v2\/users\/14013"}],"replies":[{"embeddable":true,"href":"https:\/\/epochtimestr.com\/index.php\/wp-json\/wp\/v2\/comments?post=167606"}],"version-history":[{"count":1,"href":"https:\/\/epochtimestr.com\/index.php\/wp-json\/wp\/v2\/posts\/167606\/revisions"}],"predecessor-version":[{"id":167607,"href":"https:\/\/epochtimestr.com\/index.php\/wp-json\/wp\/v2\/posts\/167606\/revisions\/167607"}],"wp:featuredmedia":[{"embeddable":true,"href":"https:\/\/epochtimestr.com\/index.php\/wp-json\/wp\/v2\/media\/167144"}],"wp:attachment":[{"href":"https:\/\/epochtimestr.com\/index.php\/wp-json\/wp\/v2\/media?parent=167606"}],"wp:term":[{"taxonomy":"category","embeddable":true,"href":"https:\/\/epochtimestr.com\/index.php\/wp-json\/wp\/v2\/categories?post=167606"},{"taxonomy":"post_tag","embeddable":true,"href":"https:\/\/epochtimestr.com\/index.php\/wp-json\/wp\/v2\/tags?post=167606"}],"curies":[{"name":"wp","href":"https:\/\/api.w.org\/{rel}","templated":true}]}}