{"id":167608,"date":"2026-06-01T20:17:33","date_gmt":"2026-06-01T17:17:33","guid":{"rendered":"https:\/\/epochtimestr.com\/?p=167608"},"modified":"2026-06-01T20:17:41","modified_gmt":"2026-06-01T17:17:41","slug":"trump-iranla-anlasmak-icin-acele-etmiyor","status":"publish","type":"post","link":"https:\/\/epochtimestr.com\/index.php\/trump-iranla-anlasmak-icin-acele-etmiyor","title":{"rendered":"Trump \u0130ran&#8217;la Anla\u015fmak \u0130\u00e7in Acele Etmiyor"},"content":{"rendered":"<div class=\"wp-block-image\">\n<figure class=\"aligncenter size-full\"><img loading=\"lazy\" decoding=\"async\" width=\"1080\" height=\"720\" src=\"https:\/\/epochtimestr.com\/wp-content\/uploads\/2011y\/1000039552.webp\" alt=\"Trump, \u0130ran'la y\u00fcr\u00fct\u00fclen m\u00fczakerelerde acele etmeyeceklerini a\u00e7\u0131klad\u0131. ABD Ba\u015fkan\u0131 Donald Trump, Air Force One u\u00e7a\u011f\u0131ndan inerken. 07 Mart 2026, Miami Uluslararas\u0131 Havaliman\u0131. (Foto\u011fraf: Saul Loeb, AFP - Getty Images, The Epoch Times arac\u0131l\u0131\u011f\u0131yla)\" class=\"wp-image-167609\" srcset=\"https:\/\/epochtimestr.com\/wp-content\/uploads\/2011y\/1000039552.webp 1080w, https:\/\/epochtimestr.com\/wp-content\/uploads\/2011y\/1000039552-300x200.webp 300w, https:\/\/epochtimestr.com\/wp-content\/uploads\/2011y\/1000039552-150x100.webp 150w, https:\/\/epochtimestr.com\/wp-content\/uploads\/2011y\/1000039552-768x512.webp 768w\" sizes=\"(max-width: 1080px) 100vw, 1080px\" \/><figcaption class=\"wp-element-caption\">Trump, \u0130ran&#8217;la y\u00fcr\u00fct\u00fclen m\u00fczakerelerde acele etmeyeceklerini a\u00e7\u0131klad\u0131. ABD Ba\u015fkan\u0131 Donald Trump, Air Force One u\u00e7a\u011f\u0131ndan inerken. 07 Mart 2026, Miami Uluslararas\u0131 Havaliman\u0131. (Foto\u011fraf: Saul Loeb, AFP &#8211; Getty Images, The Epoch Times arac\u0131l\u0131\u011f\u0131yla)<\/figcaption><\/figure><\/div>\n\n\n<p>ABD Ba\u015fkan\u0131 Donald Trump, 30 May\u0131s\u2019ta yay\u0131mlanan bir r\u00f6portajda, \u0130ran&#8217;la sava\u015f\u0131n sona ermesini sa\u011flayacak bir anla\u015fmay\u0131 aceleye getirmedi\u011fini s\u00f6yledi. Trump, hen\u00fcz Washington ve Tahran aras\u0131nda resmi bir anla\u015fma imzalanmad\u0131\u011f\u0131n\u0131 vurgulad\u0131.<\/p>\n\n\n\n<p>ABD Ba\u015fkan\u0131, Fox News\u2019e verdi\u011fi r\u00f6portajda, \u201c<a href=\"https:\/\/epochtimestr.com\/index.php\/abdde-benzin-fiyatlari-4-dolari-asti\" target=\"_blank\" rel=\"noreferrer noopener\">Benzin fiyatlar\u0131n\u0131n<\/a> d\u00fc\u015fmesi i\u00e7in acele etmek isterdim. Ancak aceleyle hareket ederseniz iyi bir anla\u015fma yapamazs\u0131n\u0131z\u201d dedi. Hedeflerine yava\u015f yava\u015f ula\u015ft\u0131klar\u0131n\u0131 ve ba\u015far\u0131s\u0131zl\u0131k durumunda farkl\u0131 bir yol izlenece\u011fini s\u00f6zlerine ekledi.<\/p>\n\n\n\n<p><a href=\"https:\/\/www.theepochtimes.com\/world\/trump-says-hes-in-no-hurry-to-make-deal-with-iran-6041084\" target=\"_blank\" rel=\"noreferrer noopener\">ABD ve \u0130ran<\/a>, \u015eubat ay\u0131nda ba\u015flayan sava\u015f\u0131n ard\u0131ndan haftalard\u0131r bir ate\u015fkes anla\u015fmas\u0131 \u00fczerinde \u00e7al\u0131\u015f\u0131yor. 29 May\u0131s\u2019ta Trump, \u0130ran ile yap\u0131lacak anla\u015fman\u0131n ko\u015fullar\u0131n\u0131 a\u00e7\u0131klad\u0131 ve karar\u0131n\u0131 k\u0131sa s\u00fcre i\u00e7inde verece\u011fini bildirdi.<\/p>\n\n\n\n<p>Trump, Truth Social \u00fczerinden payla\u015ft\u0131\u011f\u0131 mesajda, \u0130ran\u2019\u0131n n\u00fckleer silah elde etmemesi ve H\u00fcrm\u00fcz Bo\u011faz\u0131\u2019n\u0131n her iki y\u00f6nde ge\u00e7i\u015fe a\u00e7\u0131lmas\u0131 gerekti\u011fini belirtti. Ayr\u0131ca bo\u011fazda kalan may\u0131nlar\u0131n kald\u0131r\u0131lmas\u0131 veya imha edilmesini talep etti.<\/p>\n\n\n\n<p>Sava\u015f\u0131n ba\u015f\u0131ndan beri bo\u011faz fiilen kapal\u0131 ve bu durum petrol ile do\u011fal gaz fiyatlar\u0131n\u0131 art\u0131rd\u0131. 31 May\u0131s itibar\u0131yla ABD\u2019de benzinin ortalama litre fiyat\u0131 4,34 dolar olarak kayda ge\u00e7ti.<\/p>\n\n\n\n<p>Bir Beyaz Saray yetkilisi, 29 May\u0131s\u2019ta yap\u0131lan \u0130ran konulu Durum Odas\u0131 toplant\u0131s\u0131n\u0131n yakla\u015f\u0131k iki saat s\u00fcrd\u00fc\u011f\u00fcn\u00fc belirtti. Ancak toplant\u0131n\u0131n detaylar\u0131n\u0131 a\u00e7\u0131klamad\u0131.<\/p>\n\n\n\n<p><strong>\u0130ran Gerilimi S\u00fcr\u00fcyor<\/strong><\/p>\n\n\n\n<p>\u0130ran, 31 May\u0131s\u2019ta \u0130slam Devrim Muhaf\u0131zlar\u0131 Ordusu\u2019nun (IRGC) ABD\u2019ye ait bir insans\u0131z u\u00e7a\u011f\u0131 d\u00fc\u015f\u00fcrd\u00fc\u011f\u00fcn\u00fc a\u00e7\u0131klad\u0131. Bununla birlikte Tahran Meclis Ba\u015fkan\u0131 Mohammad Bagher Ghalibaf, \u0130ran ordusunun ABD\u2019yi geri p\u00fcsk\u00fcrtt\u00fc\u011f\u00fcn\u00fc s\u00f6yledi. Ghalibaf, ABD\u2019nin \u00e7at\u0131\u015fmadan geri \u00e7ekildi\u011fini savundu.<\/p>\n\n\n\n<p>Trump, 29 May\u0131s\u2019ta payla\u015ft\u0131\u011f\u0131 mesajda bo\u011fazdaki may\u0131nlar\u0131n temizlenece\u011fini ve s\u0131k\u0131\u015fan gemilerin hareket edebilece\u011fini belirtti. Savunma Bakan\u0131 Pete Hegseth ise 30 May\u0131s\u2019ta, anla\u015fma sa\u011flanamazsa ABD\u2019nin \u0130ran\u2019a sald\u0131r\u0131lar\u0131 yeniden ba\u015flatabilece\u011fini s\u00f6yledi. Hegseth ayr\u0131ca, askeri stoklar\u0131n yeterli oldu\u011funu ve operasyon i\u00e7in haz\u0131r olduklar\u0131n\u0131 vurgulad\u0131.<\/p>\n","protected":false},"excerpt":{"rendered":"<p>ABD Ba\u015fkan\u0131 Donald Trump, 30 May\u0131s\u2019ta yay\u0131mlanan bir r\u00f6portajda, \u0130ran&#8217;la sava\u015f\u0131n sona ermesini sa\u011flayacak bir anla\u015fmay\u0131 aceleye getirmedi\u011fini s\u00f6yledi. Trump, hen\u00fcz Washington ve Tahran aras\u0131nda resmi bir anla\u015fma imzalanmad\u0131\u011f\u0131n\u0131 vurgulad\u0131. ABD Ba\u015fkan\u0131, Fox News\u2019e verdi\u011fi r\u00f6portajda, \u201cBenzin fiyatlar\u0131n\u0131n d\u00fc\u015fmesi i\u00e7in acele etmek isterdim. Ancak aceleyle hareket ederseniz iyi bir anla\u015fma yapamazs\u0131n\u0131z\u201d dedi. Hedeflerine yava\u015f yava\u015f [&hellip;]<\/p>\n","protected":false},"author":13996,"featured_media":167609,"comment_status":"open","ping_status":"open","sticky":false,"template":"","format":"standard","meta":{"_yoast_wpseo_focuskw":"Trump - \u0130ran'la","_yoast_wpseo_title":"","_yoast_wpseo_metadesc":"Trump, 30 May\u0131s\u2019ta yay\u0131mlanan bir r\u00f6portajda, \u0130ran'la sava\u015f\u0131n sona ermesini sa\u011flayacak bir anla\u015fmay\u0131 aceleye getirmedi\u011fini s\u00f6yledi.","_bbp_topic_count":0,"_bbp_reply_count":0,"_bbp_total_topic_count":0,"_bbp_total_reply_count":0,"_bbp_voice_count":0,"_bbp_anonymous_reply_count":0,"_bbp_topic_count_hidden":0,"_bbp_reply_count_hidden":0,"_bbp_forum_subforum_count":0,"footnotes":"","_yoast_wpseo_focuskw_text_input":""},"categories":[5,1,8138],"tags":[10503,1663,10522,11143,4682],"yoast_head":"<!-- This site is optimized with the Yoast SEO plugin v23.0 - https:\/\/yoast.com\/wordpress\/plugins\/seo\/ -->\n<title>Trump \u0130ran&#039;la Anla\u015fmak \u0130\u00e7in Acele Etmiyor - The Epoch Times TR<\/title>\n<meta name=\"description\" content=\"Trump, 30 May\u0131s\u2019ta yay\u0131mlanan bir r\u00f6portajda, \u0130ran&#039;la sava\u015f\u0131n sona ermesini sa\u011flayacak bir anla\u015fmay\u0131 aceleye getirmedi\u011fini s\u00f6yledi.\" \/>\n<meta name=\"robots\" content=\"index, follow, max-snippet:-1, max-image-preview:large, max-video-preview:-1\" \/>\n<link rel=\"canonical\" href=\"https:\/\/epochtimestr.com\/index.php\/trump-iranla-anlasmak-icin-acele-etmiyor\" \/>\n<meta property=\"og:locale\" content=\"tr_TR\" \/>\n<meta property=\"og:type\" content=\"article\" \/>\n<meta property=\"og:title\" content=\"Trump \u0130ran&#039;la Anla\u015fmak \u0130\u00e7in Acele Etmiyor - The Epoch Times TR\" \/>\n<meta property=\"og:description\" content=\"Trump, 30 May\u0131s\u2019ta yay\u0131mlanan bir r\u00f6portajda, \u0130ran&#039;la sava\u015f\u0131n sona ermesini sa\u011flayacak bir anla\u015fmay\u0131 aceleye getirmedi\u011fini s\u00f6yledi.\" \/>\n<meta property=\"og:url\" content=\"https:\/\/epochtimestr.com\/index.php\/trump-iranla-anlasmak-icin-acele-etmiyor\" \/>\n<meta property=\"og:site_name\" content=\"The Epoch Times TR\" \/>\n<meta property=\"article:publisher\" content=\"https:\/\/www.facebook.com\/theepochtimestr\" \/>\n<meta property=\"article:published_time\" content=\"2026-06-01T17:17:33+00:00\" \/>\n<meta property=\"article:modified_time\" content=\"2026-06-01T17:17:41+00:00\" \/>\n<meta property=\"og:image\" content=\"https:\/\/epochtimestr.com\/wp-content\/uploads\/2011y\/1000039552.webp\" \/>\n\t<meta property=\"og:image:width\" content=\"1080\" \/>\n\t<meta property=\"og:image:height\" content=\"720\" \/>\n\t<meta property=\"og:image:type\" content=\"image\/webp\" \/>\n<meta name=\"author\" content=\"Leo Bajelan\" \/>\n<meta name=\"twitter:card\" content=\"summary_large_image\" \/>\n<meta name=\"twitter:creator\" content=\"@TheEpochTimesTR\" \/>\n<meta name=\"twitter:site\" content=\"@TheEpochTimesTR\" \/>\n<meta name=\"twitter:label1\" content=\"Yazan:\" \/>\n\t<meta name=\"twitter:data1\" content=\"Leo Bajelan\" \/>\n\t<meta name=\"twitter:label2\" content=\"Tahmini okuma s\u00fcresi\" \/>\n\t<meta name=\"twitter:data2\" content=\"3 dakika\" \/>\n<script type=\"application\/ld+json\" class=\"yoast-schema-graph\">{\"@context\":\"https:\/\/schema.org\",\"@graph\":[{\"@type\":\"Article\",\"@id\":\"https:\/\/epochtimestr.com\/index.php\/trump-iranla-anlasmak-icin-acele-etmiyor#article\",\"isPartOf\":{\"@id\":\"https:\/\/epochtimestr.com\/index.php\/trump-iranla-anlasmak-icin-acele-etmiyor\"},\"author\":{\"name\":\"Leo Bajelan\",\"@id\":\"https:\/\/epochtimestr.com\/#\/schema\/person\/5fef218711d76d8f232b0e1f1d7e4c0d\"},\"headline\":\"Trump \u0130ran&#8217;la Anla\u015fmak \u0130\u00e7in Acele Etmiyor\",\"datePublished\":\"2026-06-01T17:17:33+00:00\",\"dateModified\":\"2026-06-01T17:17:41+00:00\",\"mainEntityOfPage\":{\"@id\":\"https:\/\/epochtimestr.com\/index.php\/trump-iranla-anlasmak-icin-acele-etmiyor\"},\"wordCount\":440,\"commentCount\":0,\"publisher\":{\"@id\":\"https:\/\/epochtimestr.com\/#organization\"},\"image\":{\"@id\":\"https:\/\/epochtimestr.com\/index.php\/trump-iranla-anlasmak-icin-acele-etmiyor#primaryimage\"},\"thumbnailUrl\":\"https:\/\/epochtimestr.com\/wp-content\/uploads\/2011y\/1000039552.webp\",\"keywords\":[\"ABD \u0130ran sava\u015f\u0131\",\"Ate\u015fkes\",\"H\u00fcrm\u00fcz bo\u011faz\u0131\",\"\u0130ran m\u00fczakereleri\",\"petrol fiyatlar\u0131\"],\"articleSection\":[\"D\u00dcNYA\",\"G\u00dcNDEM\",\"MAN\u015eET\"],\"inLanguage\":\"tr\",\"potentialAction\":[{\"@type\":\"CommentAction\",\"name\":\"Comment\",\"target\":[\"https:\/\/epochtimestr.com\/index.php\/trump-iranla-anlasmak-icin-acele-etmiyor#respond\"]}]},{\"@type\":\"WebPage\",\"@id\":\"https:\/\/epochtimestr.com\/index.php\/trump-iranla-anlasmak-icin-acele-etmiyor\",\"url\":\"https:\/\/epochtimestr.com\/index.php\/trump-iranla-anlasmak-icin-acele-etmiyor\",\"name\":\"Trump \u0130ran'la Anla\u015fmak \u0130\u00e7in Acele Etmiyor - The Epoch Times TR\",\"isPartOf\":{\"@id\":\"https:\/\/epochtimestr.com\/#website\"},\"primaryImageOfPage\":{\"@id\":\"https:\/\/epochtimestr.com\/index.php\/trump-iranla-anlasmak-icin-acele-etmiyor#primaryimage\"},\"image\":{\"@id\":\"https:\/\/epochtimestr.com\/index.php\/trump-iranla-anlasmak-icin-acele-etmiyor#primaryimage\"},\"thumbnailUrl\":\"https:\/\/epochtimestr.com\/wp-content\/uploads\/2011y\/1000039552.webp\",\"datePublished\":\"2026-06-01T17:17:33+00:00\",\"dateModified\":\"2026-06-01T17:17:41+00:00\",\"description\":\"Trump, 30 May\u0131s\u2019ta yay\u0131mlanan bir r\u00f6portajda, \u0130ran'la sava\u015f\u0131n sona ermesini sa\u011flayacak bir anla\u015fmay\u0131 aceleye getirmedi\u011fini s\u00f6yledi.\",\"inLanguage\":\"tr\",\"potentialAction\":[{\"@type\":\"ReadAction\",\"target\":[\"https:\/\/epochtimestr.com\/index.php\/trump-iranla-anlasmak-icin-acele-etmiyor\"]}]},{\"@type\":\"ImageObject\",\"inLanguage\":\"tr\",\"@id\":\"https:\/\/epochtimestr.com\/index.php\/trump-iranla-anlasmak-icin-acele-etmiyor#primaryimage\",\"url\":\"https:\/\/epochtimestr.com\/wp-content\/uploads\/2011y\/1000039552.webp\",\"contentUrl\":\"https:\/\/epochtimestr.com\/wp-content\/uploads\/2011y\/1000039552.webp\",\"width\":1080,\"height\":720},{\"@type\":\"WebSite\",\"@id\":\"https:\/\/epochtimestr.com\/#website\",\"url\":\"https:\/\/epochtimestr.com\/\",\"name\":\"The Epoch Times TR\",\"description\":\"De\u011fi\u015fen D\u00fcnyam\u0131za Taze Bir Bak\u0131\u015f\",\"publisher\":{\"@id\":\"https:\/\/epochtimestr.com\/#organization\"},\"potentialAction\":[{\"@type\":\"SearchAction\",\"target\":{\"@type\":\"EntryPoint\",\"urlTemplate\":\"https:\/\/epochtimestr.com\/?s={search_term_string}\"},\"query-input\":\"required name=search_term_string\"}],\"inLanguage\":\"tr\"},{\"@type\":\"Organization\",\"@id\":\"https:\/\/epochtimestr.com\/#organization\",\"name\":\"The EpochTimes T\u00fcrkiye\",\"url\":\"https:\/\/epochtimestr.com\/\",\"logo\":{\"@type\":\"ImageObject\",\"inLanguage\":\"tr\",\"@id\":\"https:\/\/epochtimestr.com\/#\/schema\/logo\/image\/\",\"url\":\"https:\/\/epochtimestr.com\/wp-content\/uploads\/2011y\/ET-Logo-YG.jpg\",\"contentUrl\":\"https:\/\/epochtimestr.com\/wp-content\/uploads\/2011y\/ET-Logo-YG.jpg\",\"width\":346,\"height\":29,\"caption\":\"The EpochTimes T\u00fcrkiye\"},\"image\":{\"@id\":\"https:\/\/epochtimestr.com\/#\/schema\/logo\/image\/\"},\"sameAs\":[\"https:\/\/www.facebook.com\/theepochtimestr\",\"https:\/\/x.com\/TheEpochTimesTR\",\"https:\/\/www.instagram.com\/epochtimestr\"]},{\"@type\":\"Person\",\"@id\":\"https:\/\/epochtimestr.com\/#\/schema\/person\/5fef218711d76d8f232b0e1f1d7e4c0d\",\"name\":\"Leo Bajelan\",\"image\":{\"@type\":\"ImageObject\",\"inLanguage\":\"tr\",\"@id\":\"https:\/\/epochtimestr.com\/#\/schema\/person\/image\/\",\"url\":\"https:\/\/secure.gravatar.com\/avatar\/917669146f489549e548a2e9af272df5?s=96&d=mm&r=g\",\"contentUrl\":\"https:\/\/secure.gravatar.com\/avatar\/917669146f489549e548a2e9af272df5?s=96&d=mm&r=g\",\"caption\":\"Leo Bajelan\"},\"url\":\"https:\/\/epochtimestr.com\/index.php\/author\/leo\"}]}<\/script>\n<!-- \/ Yoast SEO plugin. -->","yoast_head_json":{"title":"Trump \u0130ran'la Anla\u015fmak \u0130\u00e7in Acele Etmiyor - The Epoch Times TR","description":"Trump, 30 May\u0131s\u2019ta yay\u0131mlanan bir r\u00f6portajda, \u0130ran'la sava\u015f\u0131n sona ermesini sa\u011flayacak bir anla\u015fmay\u0131 aceleye getirmedi\u011fini s\u00f6yledi.","robots":{"index":"index","follow":"follow","max-snippet":"max-snippet:-1","max-image-preview":"max-image-preview:large","max-video-preview":"max-video-preview:-1"},"canonical":"https:\/\/epochtimestr.com\/index.php\/trump-iranla-anlasmak-icin-acele-etmiyor","og_locale":"tr_TR","og_type":"article","og_title":"Trump \u0130ran'la Anla\u015fmak \u0130\u00e7in Acele Etmiyor - The Epoch Times TR","og_description":"Trump, 30 May\u0131s\u2019ta yay\u0131mlanan bir r\u00f6portajda, \u0130ran'la sava\u015f\u0131n sona ermesini sa\u011flayacak bir anla\u015fmay\u0131 aceleye getirmedi\u011fini s\u00f6yledi.","og_url":"https:\/\/epochtimestr.com\/index.php\/trump-iranla-anlasmak-icin-acele-etmiyor","og_site_name":"The Epoch Times TR","article_publisher":"https:\/\/www.facebook.com\/theepochtimestr","article_published_time":"2026-06-01T17:17:33+00:00","article_modified_time":"2026-06-01T17:17:41+00:00","og_image":[{"width":1080,"height":720,"url":"https:\/\/epochtimestr.com\/wp-content\/uploads\/2011y\/1000039552.webp","type":"image\/webp"}],"author":"Leo Bajelan","twitter_card":"summary_large_image","twitter_creator":"@TheEpochTimesTR","twitter_site":"@TheEpochTimesTR","twitter_misc":{"Yazan:":"Leo Bajelan","Tahmini okuma s\u00fcresi":"3 dakika"},"schema":{"@context":"https:\/\/schema.org","@graph":[{"@type":"Article","@id":"https:\/\/epochtimestr.com\/index.php\/trump-iranla-anlasmak-icin-acele-etmiyor#article","isPartOf":{"@id":"https:\/\/epochtimestr.com\/index.php\/trump-iranla-anlasmak-icin-acele-etmiyor"},"author":{"name":"Leo Bajelan","@id":"https:\/\/epochtimestr.com\/#\/schema\/person\/5fef218711d76d8f232b0e1f1d7e4c0d"},"headline":"Trump \u0130ran&#8217;la Anla\u015fmak \u0130\u00e7in Acele Etmiyor","datePublished":"2026-06-01T17:17:33+00:00","dateModified":"2026-06-01T17:17:41+00:00","mainEntityOfPage":{"@id":"https:\/\/epochtimestr.com\/index.php\/trump-iranla-anlasmak-icin-acele-etmiyor"},"wordCount":440,"commentCount":0,"publisher":{"@id":"https:\/\/epochtimestr.com\/#organization"},"image":{"@id":"https:\/\/epochtimestr.com\/index.php\/trump-iranla-anlasmak-icin-acele-etmiyor#primaryimage"},"thumbnailUrl":"https:\/\/epochtimestr.com\/wp-content\/uploads\/2011y\/1000039552.webp","keywords":["ABD \u0130ran sava\u015f\u0131","Ate\u015fkes","H\u00fcrm\u00fcz bo\u011faz\u0131","\u0130ran m\u00fczakereleri","petrol fiyatlar\u0131"],"articleSection":["D\u00dcNYA","G\u00dcNDEM","MAN\u015eET"],"inLanguage":"tr","potentialAction":[{"@type":"CommentAction","name":"Comment","target":["https:\/\/epochtimestr.com\/index.php\/trump-iranla-anlasmak-icin-acele-etmiyor#respond"]}]},{"@type":"WebPage","@id":"https:\/\/epochtimestr.com\/index.php\/trump-iranla-anlasmak-icin-acele-etmiyor","url":"https:\/\/epochtimestr.com\/index.php\/trump-iranla-anlasmak-icin-acele-etmiyor","name":"Trump \u0130ran'la Anla\u015fmak \u0130\u00e7in Acele Etmiyor - The Epoch Times TR","isPartOf":{"@id":"https:\/\/epochtimestr.com\/#website"},"primaryImageOfPage":{"@id":"https:\/\/epochtimestr.com\/index.php\/trump-iranla-anlasmak-icin-acele-etmiyor#primaryimage"},"image":{"@id":"https:\/\/epochtimestr.com\/index.php\/trump-iranla-anlasmak-icin-acele-etmiyor#primaryimage"},"thumbnailUrl":"https:\/\/epochtimestr.com\/wp-content\/uploads\/2011y\/1000039552.webp","datePublished":"2026-06-01T17:17:33+00:00","dateModified":"2026-06-01T17:17:41+00:00","description":"Trump, 30 May\u0131s\u2019ta yay\u0131mlanan bir r\u00f6portajda, \u0130ran'la sava\u015f\u0131n sona ermesini sa\u011flayacak bir anla\u015fmay\u0131 aceleye getirmedi\u011fini s\u00f6yledi.","inLanguage":"tr","potentialAction":[{"@type":"ReadAction","target":["https:\/\/epochtimestr.com\/index.php\/trump-iranla-anlasmak-icin-acele-etmiyor"]}]},{"@type":"ImageObject","inLanguage":"tr","@id":"https:\/\/epochtimestr.com\/index.php\/trump-iranla-anlasmak-icin-acele-etmiyor#primaryimage","url":"https:\/\/epochtimestr.com\/wp-content\/uploads\/2011y\/1000039552.webp","contentUrl":"https:\/\/epochtimestr.com\/wp-content\/uploads\/2011y\/1000039552.webp","width":1080,"height":720},{"@type":"WebSite","@id":"https:\/\/epochtimestr.com\/#website","url":"https:\/\/epochtimestr.com\/","name":"The Epoch Times TR","description":"De\u011fi\u015fen D\u00fcnyam\u0131za Taze Bir Bak\u0131\u015f","publisher":{"@id":"https:\/\/epochtimestr.com\/#organization"},"potentialAction":[{"@type":"SearchAction","target":{"@type":"EntryPoint","urlTemplate":"https:\/\/epochtimestr.com\/?s={search_term_string}"},"query-input":"required name=search_term_string"}],"inLanguage":"tr"},{"@type":"Organization","@id":"https:\/\/epochtimestr.com\/#organization","name":"The EpochTimes T\u00fcrkiye","url":"https:\/\/epochtimestr.com\/","logo":{"@type":"ImageObject","inLanguage":"tr","@id":"https:\/\/epochtimestr.com\/#\/schema\/logo\/image\/","url":"https:\/\/epochtimestr.com\/wp-content\/uploads\/2011y\/ET-Logo-YG.jpg","contentUrl":"https:\/\/epochtimestr.com\/wp-content\/uploads\/2011y\/ET-Logo-YG.jpg","width":346,"height":29,"caption":"The EpochTimes T\u00fcrkiye"},"image":{"@id":"https:\/\/epochtimestr.com\/#\/schema\/logo\/image\/"},"sameAs":["https:\/\/www.facebook.com\/theepochtimestr","https:\/\/x.com\/TheEpochTimesTR","https:\/\/www.instagram.com\/epochtimestr"]},{"@type":"Person","@id":"https:\/\/epochtimestr.com\/#\/schema\/person\/5fef218711d76d8f232b0e1f1d7e4c0d","name":"Leo Bajelan","image":{"@type":"ImageObject","inLanguage":"tr","@id":"https:\/\/epochtimestr.com\/#\/schema\/person\/image\/","url":"https:\/\/secure.gravatar.com\/avatar\/917669146f489549e548a2e9af272df5?s=96&d=mm&r=g","contentUrl":"https:\/\/secure.gravatar.com\/avatar\/917669146f489549e548a2e9af272df5?s=96&d=mm&r=g","caption":"Leo Bajelan"},"url":"https:\/\/epochtimestr.com\/index.php\/author\/leo"}]}},"_links":{"self":[{"href":"https:\/\/epochtimestr.com\/index.php\/wp-json\/wp\/v2\/posts\/167608"}],"collection":[{"href":"https:\/\/epochtimestr.com\/index.php\/wp-json\/wp\/v2\/posts"}],"about":[{"href":"https:\/\/epochtimestr.com\/index.php\/wp-json\/wp\/v2\/types\/post"}],"author":[{"embeddable":true,"href":"https:\/\/epochtimestr.com\/index.php\/wp-json\/wp\/v2\/users\/13996"}],"replies":[{"embeddable":true,"href":"https:\/\/epochtimestr.com\/index.php\/wp-json\/wp\/v2\/comments?post=167608"}],"version-history":[{"count":2,"href":"https:\/\/epochtimestr.com\/index.php\/wp-json\/wp\/v2\/posts\/167608\/revisions"}],"predecessor-version":[{"id":167618,"href":"https:\/\/epochtimestr.com\/index.php\/wp-json\/wp\/v2\/posts\/167608\/revisions\/167618"}],"wp:featuredmedia":[{"embeddable":true,"href":"https:\/\/epochtimestr.com\/index.php\/wp-json\/wp\/v2\/media\/167609"}],"wp:attachment":[{"href":"https:\/\/epochtimestr.com\/index.php\/wp-json\/wp\/v2\/media?parent=167608"}],"wp:term":[{"taxonomy":"category","embeddable":true,"href":"https:\/\/epochtimestr.com\/index.php\/wp-json\/wp\/v2\/categories?post=167608"},{"taxonomy":"post_tag","embeddable":true,"href":"https:\/\/epochtimestr.com\/index.php\/wp-json\/wp\/v2\/tags?post=167608"}],"curies":[{"name":"wp","href":"https:\/\/api.w.org\/{rel}","templated":true}]}}