{"id":167611,"date":"2026-06-01T20:34:57","date_gmt":"2026-06-01T17:34:57","guid":{"rendered":"https:\/\/epochtimestr.com\/?p=167611"},"modified":"2026-06-01T20:35:02","modified_gmt":"2026-06-01T17:35:02","slug":"almanya-cin-ile-ticari-iliskilerini-dengeliyor","status":"publish","type":"post","link":"https:\/\/epochtimestr.com\/index.php\/almanya-cin-ile-ticari-iliskilerini-dengeliyor","title":{"rendered":"Almanya \u00c7in \u0130le Ticari \u0130li\u015fkilerini Dengeliyor"},"content":{"rendered":"<div class=\"wp-block-image\">\n<figure class=\"aligncenter size-full\"><img loading=\"lazy\" decoding=\"async\" width=\"1200\" height=\"800\" src=\"https:\/\/epochtimestr.com\/wp-content\/uploads\/2011y\/1000039553.webp\" alt=\"Almanya Ekonomi ve Enerji Bakan\u0131 Katherina Reiche, 6 May\u0131s 2026 tarihinde Paris'te bas\u0131n mensuplar\u0131na a\u00e7\u0131klamalarda bulunuyor. (Foto\u011fraf: Benoit Tessier \/ POOL \/ AFP \/ Getty Images)\" class=\"wp-image-167612\" srcset=\"https:\/\/epochtimestr.com\/wp-content\/uploads\/2011y\/1000039553.webp 1200w, https:\/\/epochtimestr.com\/wp-content\/uploads\/2011y\/1000039553-300x200.webp 300w, https:\/\/epochtimestr.com\/wp-content\/uploads\/2011y\/1000039553-150x100.webp 150w, https:\/\/epochtimestr.com\/wp-content\/uploads\/2011y\/1000039553-768x512.webp 768w\" sizes=\"(max-width: 1200px) 100vw, 1200px\" \/><figcaption class=\"wp-element-caption\">Almanya Ekonomi ve Enerji Bakan\u0131 Katherina Reiche, 6 May\u0131s 2026 tarihinde Paris&#8217;te bas\u0131n mensuplar\u0131na konu\u015furken. (Foto\u011fraf: Benoit Tessier, AFP &#8211; Getty Images, The Epoch Times arac\u0131l\u0131\u011f\u0131yla)<\/figcaption><\/figure><\/div>\n\n\n<p>Almanya Ekonomi ve Enerji Bakan\u0131 Katherina Reiche, d\u00f6rt g\u00fcn s\u00fcren \u00c7in ziyaretini tamamlad\u0131. Reiche, ziyaretin ard\u0131ndan <a href=\"https:\/\/www.theepochtimes.com\/china\/deepening-economic-ties-with-beijing-poses-security-challenges-to-berlin-analysts-6041037\" target=\"_blank\" rel=\"noreferrer noopener\">29 May\u0131s&#8217;ta<\/a> yapt\u0131\u011f\u0131 a\u00e7\u0131klamada Almanya ile \u00c7in aras\u0131ndaki ili\u015fkilerde denge vurgusu yapt\u0131.<\/p>\n\n\n\n<p>Bakan, g\u00f6r\u00fc\u015fmelerde ekonomik ili\u015fkiler \u00f6ne \u00e7\u0131kt\u0131\u011f\u0131n\u0131 belirterek rekabetin ekonomileri g\u00fc\u00e7lendirdi\u011fini s\u00f6yledi. Ayr\u0131ca i\u015f birli\u011finin istikrar sa\u011flad\u0131\u011f\u0131n\u0131, yeniliklerin ise ortak ilerlemeyi destekledi\u011fini ifade etti.<\/p>\n\n\n\n<p>Reiche, Alman yat\u0131r\u0131mc\u0131lar\u0131n baz\u0131 endi\u015felerini g\u00fcndeme getirdi. Tedarik zincirleri, \u015feffafl\u0131k ve yerelle\u015ftirme kurallar\u0131 g\u00f6r\u00fc\u015f\u00fcld\u00fc. Heyette yakla\u015f\u0131k 40 \u00fcst d\u00fczey Alman \u015firket y\u00f6neticisi bulundu. BASF, Siemens Energy ve Thyssenkrupp temsilcileri de ziyarete kat\u0131ld\u0131.<\/p>\n\n\n\n<p>Almanya h\u00fck\u00fcmeti, \u00c7in ile ekonomik ba\u011flar\u0131 \u00f6nemli g\u00f6r\u00fcyor. Reiche, ziyaret \u00f6ncesinde bu ili\u015fkinin d\u00fcnyan\u0131n en \u00f6nemli ekonomik ortakl\u0131klar\u0131ndan biri oldu\u011funu s\u00f6yledi.<\/p>\n\n\n\n<p>G\u00f6r\u00fc\u015fmelere kat\u0131lan <a href=\"https:\/\/epochtimestr.com\/index.php\/iran-deniz-tasimaciligi-yerine-cin-demiryoluna-yoneliyor\" target=\"_blank\" rel=\"noreferrer noopener\">\u00c7in Ticaret<\/a> Bakan\u0131 Wang Wentao, iki \u00fclke aras\u0131nda diyalo\u011fun art\u0131r\u0131lmas\u0131na haz\u0131r olduklar\u0131n\u0131 s\u00f6yledi. Bununla birlikte mevcut sorunlar\u0131n azalt\u0131lmas\u0131n\u0131 istediklerini belirtti. <\/p>\n\n\n\n<p>Almanya Federal \u0130statistik Ofisi verilerine g\u00f6re \u00c7in, Almanya\u2019n\u0131n en b\u00fcy\u00fck ticaret orta\u011f\u0131 olmay\u0131 s\u00fcrd\u00fcr\u00fcyor. \u0130ki \u00fclke aras\u0131ndaki ticaret hacmi 2025 y\u0131l\u0131nda 251,8 milyar euroya ula\u015ft\u0131. Ancak Almanya, \u00c7in kar\u015f\u0131s\u0131nda y\u00fcksek d\u0131\u015f ticaret a\u00e7\u0131\u011f\u0131 verdi. \u00c7in\u2019den yap\u0131lan ithalat 171,1 milyar euro olurken Almanya\u2019n\u0131n ihracat\u0131 yakla\u015f\u0131k 81 milyar euroda kald\u0131.<\/p>\n\n\n\n<h3 class=\"wp-block-heading\">Almanya temkinli yakla\u015f\u0131m\u0131n\u0131 s\u00fcrd\u00fcr\u00fcyor<\/h3>\n\n\n\n<p>Reiche\u2019nin ziyareti \u00f6ncesinde \u015fubat ay\u0131nda, \u015eans\u00f6lye Friedrich Merz\u2019in \u00c7in temaslar\u0131 ger\u00e7ekle\u015fmi\u015fti. \u00d6te yandan Avrupa Birli\u011fi ile \u00c7in aras\u0131ndaki ticari gerilim devam ediyor. Avrupa Komisyonu, 29 May\u0131s 2026 tarihinde ili\u015fkilerin s\u00fcrd\u00fcr\u00fclebilir olmad\u0131\u011f\u0131n\u0131 a\u00e7\u0131klad\u0131. Buna kar\u015f\u0131l\u0131k \u00c7in Ticaret Bakanl\u0131\u011f\u0131, olas\u0131 k\u0131s\u0131tlamalara kar\u015f\u0131 \u00f6nlem alaca\u011f\u0131n\u0131 duyurdu. <\/p>\n\n\n\n<p>Tunghai \u00dcniversitesi uzman\u0131 Lin Tzuli, Almanya\u2019n\u0131n \u00c7in\u2019e ekonomik ba\u011f\u0131ml\u0131l\u0131\u011f\u0131n\u0131n s\u00fcrd\u00fc\u011f\u00fcn\u00fc s\u00f6yledi. Ancak Berlin\u2019in risk azaltma stratejisinden vazge\u00e7medi\u011fini belirtti. Lin\u2019e g\u00f6re otomotiv, kimya ve makine sekt\u00f6rleri \u00c7in pazar\u0131n\u0131 \u00f6nemli g\u00f6r\u00fcyor. Ayr\u0131ca d\u00fc\u015f\u00fck enerji maliyetlerinin Alman \u015firketlerini \u00e7ekmesi nedeniyle teknoloji s\u0131z\u0131nt\u0131s\u0131 riski \u00f6ne \u00e7\u0131k\u0131yor.<\/p>\n\n\n\n<p>Uluslararas\u0131 siyaset uzman\u0131 Tony Tai-ting Liu ise Almanya\u2019n\u0131n daha pragmatik bir yakla\u015f\u0131m izleyebilece\u011fini, dolay\u0131s\u0131yla kritik olmayan alanlarda i\u015f birli\u011finin artabilece\u011fini s\u00f6yledi.<\/p>\n\n\n\n<p>Ara\u015ft\u0131rmac\u0131 Shen Ming-shih ise \u00c7in ekonomisinin g\u00f6r\u00fcn\u00fcm\u00fcne ili\u015fkin soru i\u015faretlerine dikkat \u00e7ekti. Ayr\u0131ca \u00fcretim ve hammadde standartlar\u0131n\u0131n zamanla de\u011ferlendirilece\u011fini s\u00f6yledi.<\/p>\n","protected":false},"excerpt":{"rendered":"<p>Almanya Ekonomi ve Enerji Bakan\u0131 Katherina Reiche, d\u00f6rt g\u00fcn s\u00fcren \u00c7in ziyaretini tamamlad\u0131. Reiche, ziyaretin ard\u0131ndan 29 May\u0131s&#8217;ta yapt\u0131\u011f\u0131 a\u00e7\u0131klamada Almanya ile \u00c7in aras\u0131ndaki ili\u015fkilerde denge vurgusu yapt\u0131. Bakan, g\u00f6r\u00fc\u015fmelerde ekonomik ili\u015fkiler \u00f6ne \u00e7\u0131kt\u0131\u011f\u0131n\u0131 belirterek rekabetin ekonomileri g\u00fc\u00e7lendirdi\u011fini s\u00f6yledi. Ayr\u0131ca i\u015f birli\u011finin istikrar sa\u011flad\u0131\u011f\u0131n\u0131, yeniliklerin ise ortak ilerlemeyi destekledi\u011fini ifade etti. Reiche, Alman yat\u0131r\u0131mc\u0131lar\u0131n baz\u0131 [&hellip;]<\/p>\n","protected":false},"author":13996,"featured_media":167612,"comment_status":"open","ping_status":"open","sticky":false,"template":"","format":"standard","meta":{"_yoast_wpseo_focuskw":"Almanya - \u00e7in","_yoast_wpseo_title":"","_yoast_wpseo_metadesc":"Almanya Ekonomi Bakan\u0131 Katherina Reiche\u2019nin \u00c7in ziyareti, Berlin\u2019in Pekin ile ekonomik ili\u015fkilerde denge aray\u0131\u015f\u0131n\u0131 ortaya koydu.","_bbp_topic_count":0,"_bbp_reply_count":0,"_bbp_total_topic_count":0,"_bbp_total_reply_count":0,"_bbp_voice_count":0,"_bbp_anonymous_reply_count":0,"_bbp_topic_count_hidden":0,"_bbp_reply_count_hidden":0,"_bbp_forum_subforum_count":0,"footnotes":"","_yoast_wpseo_focuskw_text_input":""},"categories":[8,1,8138],"tags":[11473,11478,329,8887,11479,11049,11474,11477],"yoast_head":"<!-- This site is optimized with the Yoast SEO plugin v23.0 - https:\/\/yoast.com\/wordpress\/plugins\/seo\/ -->\n<title>Almanya \u00c7in \u0130le Ticari \u0130li\u015fkilerini Dengeliyor - The Epoch Times TR<\/title>\n<meta name=\"description\" content=\"Almanya Ekonomi Bakan\u0131 Katherina Reiche\u2019nin \u00c7in ziyareti, Berlin\u2019in Pekin ile ekonomik ili\u015fkilerde denge aray\u0131\u015f\u0131n\u0131 ortaya koydu.\" \/>\n<meta name=\"robots\" content=\"index, follow, max-snippet:-1, max-image-preview:large, max-video-preview:-1\" \/>\n<link rel=\"canonical\" href=\"https:\/\/epochtimestr.com\/index.php\/almanya-cin-ile-ticari-iliskilerini-dengeliyor\" \/>\n<meta property=\"og:locale\" content=\"tr_TR\" \/>\n<meta property=\"og:type\" content=\"article\" \/>\n<meta property=\"og:title\" content=\"Almanya \u00c7in \u0130le Ticari \u0130li\u015fkilerini Dengeliyor - The Epoch Times TR\" \/>\n<meta property=\"og:description\" content=\"Almanya Ekonomi Bakan\u0131 Katherina Reiche\u2019nin \u00c7in ziyareti, Berlin\u2019in Pekin ile ekonomik ili\u015fkilerde denge aray\u0131\u015f\u0131n\u0131 ortaya koydu.\" \/>\n<meta property=\"og:url\" content=\"https:\/\/epochtimestr.com\/index.php\/almanya-cin-ile-ticari-iliskilerini-dengeliyor\" \/>\n<meta property=\"og:site_name\" content=\"The Epoch Times TR\" \/>\n<meta property=\"article:publisher\" content=\"https:\/\/www.facebook.com\/theepochtimestr\" \/>\n<meta property=\"article:published_time\" content=\"2026-06-01T17:34:57+00:00\" \/>\n<meta property=\"article:modified_time\" content=\"2026-06-01T17:35:02+00:00\" \/>\n<meta property=\"og:image\" content=\"https:\/\/epochtimestr.com\/wp-content\/uploads\/2011y\/1000039553.webp\" \/>\n\t<meta property=\"og:image:width\" content=\"1200\" \/>\n\t<meta property=\"og:image:height\" content=\"800\" \/>\n\t<meta property=\"og:image:type\" content=\"image\/webp\" \/>\n<meta name=\"author\" content=\"Leo Bajelan\" \/>\n<meta name=\"twitter:card\" content=\"summary_large_image\" \/>\n<meta name=\"twitter:creator\" content=\"@TheEpochTimesTR\" \/>\n<meta name=\"twitter:site\" content=\"@TheEpochTimesTR\" \/>\n<meta name=\"twitter:label1\" content=\"Yazan:\" \/>\n\t<meta name=\"twitter:data1\" content=\"Leo Bajelan\" \/>\n\t<meta name=\"twitter:label2\" content=\"Tahmini okuma s\u00fcresi\" \/>\n\t<meta name=\"twitter:data2\" content=\"3 dakika\" \/>\n<script type=\"application\/ld+json\" class=\"yoast-schema-graph\">{\"@context\":\"https:\/\/schema.org\",\"@graph\":[{\"@type\":\"Article\",\"@id\":\"https:\/\/epochtimestr.com\/index.php\/almanya-cin-ile-ticari-iliskilerini-dengeliyor#article\",\"isPartOf\":{\"@id\":\"https:\/\/epochtimestr.com\/index.php\/almanya-cin-ile-ticari-iliskilerini-dengeliyor\"},\"author\":{\"name\":\"Leo Bajelan\",\"@id\":\"https:\/\/epochtimestr.com\/#\/schema\/person\/5fef218711d76d8f232b0e1f1d7e4c0d\"},\"headline\":\"Almanya \u00c7in \u0130le Ticari \u0130li\u015fkilerini Dengeliyor\",\"datePublished\":\"2026-06-01T17:34:57+00:00\",\"dateModified\":\"2026-06-01T17:35:02+00:00\",\"mainEntityOfPage\":{\"@id\":\"https:\/\/epochtimestr.com\/index.php\/almanya-cin-ile-ticari-iliskilerini-dengeliyor\"},\"wordCount\":488,\"commentCount\":0,\"publisher\":{\"@id\":\"https:\/\/epochtimestr.com\/#organization\"},\"image\":{\"@id\":\"https:\/\/epochtimestr.com\/index.php\/almanya-cin-ile-ticari-iliskilerini-dengeliyor#primaryimage\"},\"thumbnailUrl\":\"https:\/\/epochtimestr.com\/wp-content\/uploads\/2011y\/1000039553.webp\",\"keywords\":[\"Almanya \u00e7in\",\"Almanya Federal \u0130statistik Ofisi\",\"avrupa birli\u011fi\",\"\u00c7in ticareti\",\"d\u0131\u015f ticaret a\u00e7\u0131\u011f\u0131\",\"Enerji krizi\",\"Katherina Reiche\",\"Wang Wentao\"],\"articleSection\":[\"\u00c7\u0130N\",\"G\u00dcNDEM\",\"MAN\u015eET\"],\"inLanguage\":\"tr\",\"potentialAction\":[{\"@type\":\"CommentAction\",\"name\":\"Comment\",\"target\":[\"https:\/\/epochtimestr.com\/index.php\/almanya-cin-ile-ticari-iliskilerini-dengeliyor#respond\"]}]},{\"@type\":\"WebPage\",\"@id\":\"https:\/\/epochtimestr.com\/index.php\/almanya-cin-ile-ticari-iliskilerini-dengeliyor\",\"url\":\"https:\/\/epochtimestr.com\/index.php\/almanya-cin-ile-ticari-iliskilerini-dengeliyor\",\"name\":\"Almanya \u00c7in \u0130le Ticari \u0130li\u015fkilerini Dengeliyor - The Epoch Times TR\",\"isPartOf\":{\"@id\":\"https:\/\/epochtimestr.com\/#website\"},\"primaryImageOfPage\":{\"@id\":\"https:\/\/epochtimestr.com\/index.php\/almanya-cin-ile-ticari-iliskilerini-dengeliyor#primaryimage\"},\"image\":{\"@id\":\"https:\/\/epochtimestr.com\/index.php\/almanya-cin-ile-ticari-iliskilerini-dengeliyor#primaryimage\"},\"thumbnailUrl\":\"https:\/\/epochtimestr.com\/wp-content\/uploads\/2011y\/1000039553.webp\",\"datePublished\":\"2026-06-01T17:34:57+00:00\",\"dateModified\":\"2026-06-01T17:35:02+00:00\",\"description\":\"Almanya Ekonomi Bakan\u0131 Katherina Reiche\u2019nin \u00c7in ziyareti, Berlin\u2019in Pekin ile ekonomik ili\u015fkilerde denge aray\u0131\u015f\u0131n\u0131 ortaya koydu.\",\"inLanguage\":\"tr\",\"potentialAction\":[{\"@type\":\"ReadAction\",\"target\":[\"https:\/\/epochtimestr.com\/index.php\/almanya-cin-ile-ticari-iliskilerini-dengeliyor\"]}]},{\"@type\":\"ImageObject\",\"inLanguage\":\"tr\",\"@id\":\"https:\/\/epochtimestr.com\/index.php\/almanya-cin-ile-ticari-iliskilerini-dengeliyor#primaryimage\",\"url\":\"https:\/\/epochtimestr.com\/wp-content\/uploads\/2011y\/1000039553.webp\",\"contentUrl\":\"https:\/\/epochtimestr.com\/wp-content\/uploads\/2011y\/1000039553.webp\",\"width\":1200,\"height\":800},{\"@type\":\"WebSite\",\"@id\":\"https:\/\/epochtimestr.com\/#website\",\"url\":\"https:\/\/epochtimestr.com\/\",\"name\":\"The Epoch Times TR\",\"description\":\"De\u011fi\u015fen D\u00fcnyam\u0131za Taze Bir Bak\u0131\u015f\",\"publisher\":{\"@id\":\"https:\/\/epochtimestr.com\/#organization\"},\"potentialAction\":[{\"@type\":\"SearchAction\",\"target\":{\"@type\":\"EntryPoint\",\"urlTemplate\":\"https:\/\/epochtimestr.com\/?s={search_term_string}\"},\"query-input\":\"required name=search_term_string\"}],\"inLanguage\":\"tr\"},{\"@type\":\"Organization\",\"@id\":\"https:\/\/epochtimestr.com\/#organization\",\"name\":\"The EpochTimes T\u00fcrkiye\",\"url\":\"https:\/\/epochtimestr.com\/\",\"logo\":{\"@type\":\"ImageObject\",\"inLanguage\":\"tr\",\"@id\":\"https:\/\/epochtimestr.com\/#\/schema\/logo\/image\/\",\"url\":\"https:\/\/epochtimestr.com\/wp-content\/uploads\/2011y\/ET-Logo-YG.jpg\",\"contentUrl\":\"https:\/\/epochtimestr.com\/wp-content\/uploads\/2011y\/ET-Logo-YG.jpg\",\"width\":346,\"height\":29,\"caption\":\"The EpochTimes T\u00fcrkiye\"},\"image\":{\"@id\":\"https:\/\/epochtimestr.com\/#\/schema\/logo\/image\/\"},\"sameAs\":[\"https:\/\/www.facebook.com\/theepochtimestr\",\"https:\/\/x.com\/TheEpochTimesTR\",\"https:\/\/www.instagram.com\/epochtimestr\"]},{\"@type\":\"Person\",\"@id\":\"https:\/\/epochtimestr.com\/#\/schema\/person\/5fef218711d76d8f232b0e1f1d7e4c0d\",\"name\":\"Leo Bajelan\",\"image\":{\"@type\":\"ImageObject\",\"inLanguage\":\"tr\",\"@id\":\"https:\/\/epochtimestr.com\/#\/schema\/person\/image\/\",\"url\":\"https:\/\/secure.gravatar.com\/avatar\/917669146f489549e548a2e9af272df5?s=96&d=mm&r=g\",\"contentUrl\":\"https:\/\/secure.gravatar.com\/avatar\/917669146f489549e548a2e9af272df5?s=96&d=mm&r=g\",\"caption\":\"Leo Bajelan\"},\"url\":\"https:\/\/epochtimestr.com\/index.php\/author\/leo\"}]}<\/script>\n<!-- \/ Yoast SEO plugin. -->","yoast_head_json":{"title":"Almanya \u00c7in \u0130le Ticari \u0130li\u015fkilerini Dengeliyor - The Epoch Times TR","description":"Almanya Ekonomi Bakan\u0131 Katherina Reiche\u2019nin \u00c7in ziyareti, Berlin\u2019in Pekin ile ekonomik ili\u015fkilerde denge aray\u0131\u015f\u0131n\u0131 ortaya koydu.","robots":{"index":"index","follow":"follow","max-snippet":"max-snippet:-1","max-image-preview":"max-image-preview:large","max-video-preview":"max-video-preview:-1"},"canonical":"https:\/\/epochtimestr.com\/index.php\/almanya-cin-ile-ticari-iliskilerini-dengeliyor","og_locale":"tr_TR","og_type":"article","og_title":"Almanya \u00c7in \u0130le Ticari \u0130li\u015fkilerini Dengeliyor - The Epoch Times TR","og_description":"Almanya Ekonomi Bakan\u0131 Katherina Reiche\u2019nin \u00c7in ziyareti, Berlin\u2019in Pekin ile ekonomik ili\u015fkilerde denge aray\u0131\u015f\u0131n\u0131 ortaya koydu.","og_url":"https:\/\/epochtimestr.com\/index.php\/almanya-cin-ile-ticari-iliskilerini-dengeliyor","og_site_name":"The Epoch Times TR","article_publisher":"https:\/\/www.facebook.com\/theepochtimestr","article_published_time":"2026-06-01T17:34:57+00:00","article_modified_time":"2026-06-01T17:35:02+00:00","og_image":[{"width":1200,"height":800,"url":"https:\/\/epochtimestr.com\/wp-content\/uploads\/2011y\/1000039553.webp","type":"image\/webp"}],"author":"Leo Bajelan","twitter_card":"summary_large_image","twitter_creator":"@TheEpochTimesTR","twitter_site":"@TheEpochTimesTR","twitter_misc":{"Yazan:":"Leo Bajelan","Tahmini okuma s\u00fcresi":"3 dakika"},"schema":{"@context":"https:\/\/schema.org","@graph":[{"@type":"Article","@id":"https:\/\/epochtimestr.com\/index.php\/almanya-cin-ile-ticari-iliskilerini-dengeliyor#article","isPartOf":{"@id":"https:\/\/epochtimestr.com\/index.php\/almanya-cin-ile-ticari-iliskilerini-dengeliyor"},"author":{"name":"Leo Bajelan","@id":"https:\/\/epochtimestr.com\/#\/schema\/person\/5fef218711d76d8f232b0e1f1d7e4c0d"},"headline":"Almanya \u00c7in \u0130le Ticari \u0130li\u015fkilerini Dengeliyor","datePublished":"2026-06-01T17:34:57+00:00","dateModified":"2026-06-01T17:35:02+00:00","mainEntityOfPage":{"@id":"https:\/\/epochtimestr.com\/index.php\/almanya-cin-ile-ticari-iliskilerini-dengeliyor"},"wordCount":488,"commentCount":0,"publisher":{"@id":"https:\/\/epochtimestr.com\/#organization"},"image":{"@id":"https:\/\/epochtimestr.com\/index.php\/almanya-cin-ile-ticari-iliskilerini-dengeliyor#primaryimage"},"thumbnailUrl":"https:\/\/epochtimestr.com\/wp-content\/uploads\/2011y\/1000039553.webp","keywords":["Almanya \u00e7in","Almanya Federal \u0130statistik Ofisi","avrupa birli\u011fi","\u00c7in ticareti","d\u0131\u015f ticaret a\u00e7\u0131\u011f\u0131","Enerji krizi","Katherina Reiche","Wang Wentao"],"articleSection":["\u00c7\u0130N","G\u00dcNDEM","MAN\u015eET"],"inLanguage":"tr","potentialAction":[{"@type":"CommentAction","name":"Comment","target":["https:\/\/epochtimestr.com\/index.php\/almanya-cin-ile-ticari-iliskilerini-dengeliyor#respond"]}]},{"@type":"WebPage","@id":"https:\/\/epochtimestr.com\/index.php\/almanya-cin-ile-ticari-iliskilerini-dengeliyor","url":"https:\/\/epochtimestr.com\/index.php\/almanya-cin-ile-ticari-iliskilerini-dengeliyor","name":"Almanya \u00c7in \u0130le Ticari \u0130li\u015fkilerini Dengeliyor - The Epoch Times TR","isPartOf":{"@id":"https:\/\/epochtimestr.com\/#website"},"primaryImageOfPage":{"@id":"https:\/\/epochtimestr.com\/index.php\/almanya-cin-ile-ticari-iliskilerini-dengeliyor#primaryimage"},"image":{"@id":"https:\/\/epochtimestr.com\/index.php\/almanya-cin-ile-ticari-iliskilerini-dengeliyor#primaryimage"},"thumbnailUrl":"https:\/\/epochtimestr.com\/wp-content\/uploads\/2011y\/1000039553.webp","datePublished":"2026-06-01T17:34:57+00:00","dateModified":"2026-06-01T17:35:02+00:00","description":"Almanya Ekonomi Bakan\u0131 Katherina Reiche\u2019nin \u00c7in ziyareti, Berlin\u2019in Pekin ile ekonomik ili\u015fkilerde denge aray\u0131\u015f\u0131n\u0131 ortaya koydu.","inLanguage":"tr","potentialAction":[{"@type":"ReadAction","target":["https:\/\/epochtimestr.com\/index.php\/almanya-cin-ile-ticari-iliskilerini-dengeliyor"]}]},{"@type":"ImageObject","inLanguage":"tr","@id":"https:\/\/epochtimestr.com\/index.php\/almanya-cin-ile-ticari-iliskilerini-dengeliyor#primaryimage","url":"https:\/\/epochtimestr.com\/wp-content\/uploads\/2011y\/1000039553.webp","contentUrl":"https:\/\/epochtimestr.com\/wp-content\/uploads\/2011y\/1000039553.webp","width":1200,"height":800},{"@type":"WebSite","@id":"https:\/\/epochtimestr.com\/#website","url":"https:\/\/epochtimestr.com\/","name":"The Epoch Times TR","description":"De\u011fi\u015fen D\u00fcnyam\u0131za Taze Bir Bak\u0131\u015f","publisher":{"@id":"https:\/\/epochtimestr.com\/#organization"},"potentialAction":[{"@type":"SearchAction","target":{"@type":"EntryPoint","urlTemplate":"https:\/\/epochtimestr.com\/?s={search_term_string}"},"query-input":"required name=search_term_string"}],"inLanguage":"tr"},{"@type":"Organization","@id":"https:\/\/epochtimestr.com\/#organization","name":"The EpochTimes T\u00fcrkiye","url":"https:\/\/epochtimestr.com\/","logo":{"@type":"ImageObject","inLanguage":"tr","@id":"https:\/\/epochtimestr.com\/#\/schema\/logo\/image\/","url":"https:\/\/epochtimestr.com\/wp-content\/uploads\/2011y\/ET-Logo-YG.jpg","contentUrl":"https:\/\/epochtimestr.com\/wp-content\/uploads\/2011y\/ET-Logo-YG.jpg","width":346,"height":29,"caption":"The EpochTimes T\u00fcrkiye"},"image":{"@id":"https:\/\/epochtimestr.com\/#\/schema\/logo\/image\/"},"sameAs":["https:\/\/www.facebook.com\/theepochtimestr","https:\/\/x.com\/TheEpochTimesTR","https:\/\/www.instagram.com\/epochtimestr"]},{"@type":"Person","@id":"https:\/\/epochtimestr.com\/#\/schema\/person\/5fef218711d76d8f232b0e1f1d7e4c0d","name":"Leo Bajelan","image":{"@type":"ImageObject","inLanguage":"tr","@id":"https:\/\/epochtimestr.com\/#\/schema\/person\/image\/","url":"https:\/\/secure.gravatar.com\/avatar\/917669146f489549e548a2e9af272df5?s=96&d=mm&r=g","contentUrl":"https:\/\/secure.gravatar.com\/avatar\/917669146f489549e548a2e9af272df5?s=96&d=mm&r=g","caption":"Leo Bajelan"},"url":"https:\/\/epochtimestr.com\/index.php\/author\/leo"}]}},"_links":{"self":[{"href":"https:\/\/epochtimestr.com\/index.php\/wp-json\/wp\/v2\/posts\/167611"}],"collection":[{"href":"https:\/\/epochtimestr.com\/index.php\/wp-json\/wp\/v2\/posts"}],"about":[{"href":"https:\/\/epochtimestr.com\/index.php\/wp-json\/wp\/v2\/types\/post"}],"author":[{"embeddable":true,"href":"https:\/\/epochtimestr.com\/index.php\/wp-json\/wp\/v2\/users\/13996"}],"replies":[{"embeddable":true,"href":"https:\/\/epochtimestr.com\/index.php\/wp-json\/wp\/v2\/comments?post=167611"}],"version-history":[{"count":2,"href":"https:\/\/epochtimestr.com\/index.php\/wp-json\/wp\/v2\/posts\/167611\/revisions"}],"predecessor-version":[{"id":167620,"href":"https:\/\/epochtimestr.com\/index.php\/wp-json\/wp\/v2\/posts\/167611\/revisions\/167620"}],"wp:featuredmedia":[{"embeddable":true,"href":"https:\/\/epochtimestr.com\/index.php\/wp-json\/wp\/v2\/media\/167612"}],"wp:attachment":[{"href":"https:\/\/epochtimestr.com\/index.php\/wp-json\/wp\/v2\/media?parent=167611"}],"wp:term":[{"taxonomy":"category","embeddable":true,"href":"https:\/\/epochtimestr.com\/index.php\/wp-json\/wp\/v2\/categories?post=167611"},{"taxonomy":"post_tag","embeddable":true,"href":"https:\/\/epochtimestr.com\/index.php\/wp-json\/wp\/v2\/tags?post=167611"}],"curies":[{"name":"wp","href":"https:\/\/api.w.org\/{rel}","templated":true}]}}