{"id":167625,"date":"2026-06-02T12:55:22","date_gmt":"2026-06-02T09:55:22","guid":{"rendered":"https:\/\/epochtimestr.com\/?p=167625"},"modified":"2026-06-02T12:55:32","modified_gmt":"2026-06-02T09:55:32","slug":"basra-korfezinde-seyir-halindeki-bir-kargo-gemisi-vuruldu","status":"publish","type":"post","link":"https:\/\/epochtimestr.com\/index.php\/basra-korfezinde-seyir-halindeki-bir-kargo-gemisi-vuruldu","title":{"rendered":"Basra K\u00f6rfezi&#8217;nde Seyir Halindeki Bir Kargo Gemisi Vuruldu"},"content":{"rendered":"<div class=\"wp-block-image\">\n<figure class=\"aligncenter size-full\"><img loading=\"lazy\" decoding=\"async\" width=\"1080\" height=\"720\" src=\"https:\/\/epochtimestr.com\/wp-content\/uploads\/2011y\/1000039613.jpg\" alt=\"Basra K\u00f6rfezi\u2019nde bir kargo gemisi bilinmeyen bir cisimle vuruldu.   01 Mart 2026\u2019da \u0130ran\u2019daki H\u00fcrm\u00fcz Bo\u011faz\u0131\u2019nda bir donanma gemisi. (Foto\u011fraf: The Epoch Times arac\u0131l\u0131\u011f\u0131yla, Sahar Al Attar, AFP \u2013 Getty Images)\" class=\"wp-image-167626\" srcset=\"https:\/\/epochtimestr.com\/wp-content\/uploads\/2011y\/1000039613.jpg 1080w, https:\/\/epochtimestr.com\/wp-content\/uploads\/2011y\/1000039613-300x200.jpg 300w, https:\/\/epochtimestr.com\/wp-content\/uploads\/2011y\/1000039613-150x100.jpg 150w, https:\/\/epochtimestr.com\/wp-content\/uploads\/2011y\/1000039613-768x512.jpg 768w\" sizes=\"(max-width: 1080px) 100vw, 1080px\" \/><figcaption class=\"wp-element-caption\">Basra K\u00f6rfezi\u2019nde bir kargo gemisi bilinmeyen bir cismin isabet etmesi sonucu yara ald\u0131. 01 Mart 2026\u2019da \u0130ran\u2019daki H\u00fcrm\u00fcz Bo\u011faz\u0131\u2019nda bir donanma gemisi. (Foto\u011fraf: Sahar Al Attar, AFP \u2013 Getty Images, The Epoch Times arac\u0131l\u0131\u011f\u0131yla)<\/figcaption><\/figure><\/div>\n\n\n<p>Basra K\u00f6rfezi&#8217;nde seyir halindeki bir kargo gemisine, bilinmeyen bir cismin isabet etti. Olay\u0131n ard\u0131ndan b\u00fcy\u00fck bir patlama meydana geldi. <a href=\"https:\/\/www.theepochtimes.com\/world\/cargo-ship-in-persian-gulf-hit-by-unknown-projectile-as-us-iran-tensions-simmer-6041422\" target=\"_blank\" rel=\"noreferrer noopener\">Birle\u015fik Krall\u0131k Denizcilik Ticaret \u00d6rg\u00fct\u00fc<\/a> (UKMTO), 1 Haziran 2026&#8217;da konuyla ilgili bir a\u00e7\u0131klama yapt\u0131. Olay\u0131n, Irak&#8217;\u0131n Umm Kasr kentinin yakla\u015f\u0131k 40 deniz mili g\u00fcneyinde ya\u015fand\u0131\u011f\u0131n\u0131 duyurdu.<\/p>\n\n\n\n<p>A\u00e7\u0131klamaya g\u00f6re kargo gemisinin sancak taraf\u0131na isabet eden bilinmeyen bir cisim, \u015fiddetli bir patlamaya neden oldu. Yetkililer, olay\u0131n \u00e7evresel bir etkisinin tespit edilmedi\u011fini, ancak soru\u015fturman\u0131n s\u00fcrd\u00fc\u011f\u00fc belirtti. UKMTO ayr\u0131ca b\u00f6lgeden ge\u00e7en gemilere dikkatli olmalar\u0131 \u00e7a\u011fr\u0131s\u0131 yaparak \u015f\u00fcpheli faaliyetlerin derhal bildirilmesini istedi.<\/p>\n\n\n\n<p>Olay, <a href=\"https:\/\/epochtimestr.com\/index.php\/hurmuz-bogazi-gerilimi-sonrasi-abd-iranda-hedefleri-vurdu\" target=\"_blank\" rel=\"noreferrer noopener\">ABD ile \u0130ran aras\u0131ndaki gerilimin<\/a> yeniden y\u00fckseldi\u011fi bir d\u00f6nemde ger\u00e7ekle\u015fti. 28 \u015eubat&#8217;ta ba\u015flayan \u00e7at\u0131\u015fmalar\u0131n ard\u0131ndan \u0130ran, H\u00fcrm\u00fcz Bo\u011faz\u0131&#8217;ndaki ticari deniz trafi\u011fini b\u00fcy\u00fck \u00f6l\u00e7\u00fcde k\u0131s\u0131tlad\u0131. \u0130ran daha \u00f6nce b\u00f6lgede seyreden ticari gemilere y\u00f6nelik sald\u0131r\u0131lar d\u00fczenlemi\u015fti. Ayr\u0131ca H\u00fcrm\u00fcz Bo\u011faz\u0131 \u00fczerinde kontrol hakk\u0131 bulundu\u011funu iddia etmi\u015fti. Tahran y\u00f6netimi, bo\u011fazdan ge\u00e7en gemilerden \u00fccret al\u0131nmas\u0131 gerekti\u011fini de \u00f6ne s\u00fcr\u00fcyor.<\/p>\n\n\n\n<p><strong>ABD ve \u0130ran&#8217;dan Kar\u015f\u0131l\u0131kl\u0131 A\u00e7\u0131klamalar<\/strong><\/p>\n\n\n\n<p>Son olay\u0131n ard\u0131ndan ABD ordusu, \u0130ran&#8217;daki radar ve insans\u0131z hava arac\u0131 tesislerini hedef ald\u0131\u011f\u0131n\u0131 a\u00e7\u0131klad\u0131.  \u0130ran hafta sonu bir ABD askeri insans\u0131z hava arac\u0131n\u0131 d\u00fc\u015f\u00fcrd\u00fc\u011f\u00fcn\u00fc duyurdu. Buna kar\u015f\u0131l\u0131k Washington y\u00f6netimi de operasyon d\u00fczenledi\u011fini bildirdi.<\/p>\n\n\n\n<p>\u0130ran Devrim Muhaf\u0131zlar\u0131 ise ABD&#8217;nin g\u00fcney \u0130ran&#8217;a y\u00f6nelik sald\u0131r\u0131lar\u0131na kar\u015f\u0131l\u0131k olarak bir ABD \u00fcss\u00fcn\u00fc hedef ald\u0131klar\u0131n\u0131 a\u00e7\u0131klad\u0131. ABD&#8217;li yetkililer, Kuveyt&#8217;teki \u00fcsse y\u00f6nelen iki balistik f\u00fczenin hava savunma sistemleri taraf\u0131ndan etkisiz hale getirildi\u011fini bildirdi.<\/p>\n\n\n\n<p>\u00d6te yandan \u0130ran, \u0130srail&#8217;in L\u00fcbnan&#8217;da Hizbullah hedeflerine y\u00f6nelik sald\u0131r\u0131lar\u0131n\u0131 gerek\u00e7e g\u00f6stererek ABD ile y\u00fcr\u00fct\u00fclen g\u00f6r\u00fc\u015fmeleri ask\u0131ya ald\u0131\u011f\u0131n\u0131 duyurdu. Ancak ABD Ba\u015fkan\u0131 Donald Trump, \u0130ran&#8217;\u0131n h\u00e2l\u00e2 bir anla\u015fma yapmak istedi\u011fine inand\u0131\u011f\u0131n\u0131 s\u00f6yledi.<\/p>\n","protected":false},"excerpt":{"rendered":"<p>Basra K\u00f6rfezi&#8217;nde seyir halindeki bir kargo gemisine, bilinmeyen bir cismin isabet etti. Olay\u0131n ard\u0131ndan b\u00fcy\u00fck bir patlama meydana geldi. Birle\u015fik Krall\u0131k Denizcilik Ticaret \u00d6rg\u00fct\u00fc (UKMTO), 1 Haziran 2026&#8217;da konuyla ilgili bir a\u00e7\u0131klama yapt\u0131. Olay\u0131n, Irak&#8217;\u0131n Umm Kasr kentinin yakla\u015f\u0131k 40 deniz mili g\u00fcneyinde ya\u015fand\u0131\u011f\u0131n\u0131 duyurdu. A\u00e7\u0131klamaya g\u00f6re kargo gemisinin sancak taraf\u0131na isabet eden bilinmeyen bir [&hellip;]<\/p>\n","protected":false},"author":13996,"featured_media":167626,"comment_status":"open","ping_status":"open","sticky":false,"template":"","format":"standard","meta":{"_yoast_wpseo_focuskw":"Basra - Kargo","_yoast_wpseo_title":"","_yoast_wpseo_metadesc":"Basra K\u00f6rfezi\u2019nde bir kargo gemisi bilinmeyen bir cisimle vuruldu. Olay, ABD-\u0130ran geriliminin artt\u0131\u011f\u0131 d\u00f6nemde ya\u015fand\u0131.","_bbp_topic_count":0,"_bbp_reply_count":0,"_bbp_total_topic_count":0,"_bbp_total_reply_count":0,"_bbp_voice_count":0,"_bbp_anonymous_reply_count":0,"_bbp_topic_count_hidden":0,"_bbp_reply_count_hidden":0,"_bbp_forum_subforum_count":0,"footnotes":"","_yoast_wpseo_focuskw_text_input":""},"categories":[5,1,8138],"tags":[11484,11367,11104,6520,11143,11488,5764,11485],"yoast_head":"<!-- This site is optimized with the Yoast SEO plugin v23.0 - https:\/\/yoast.com\/wordpress\/plugins\/seo\/ -->\n<title>Basra K\u00f6rfezi&#039;nde Seyir Halindeki Bir Kargo Gemisi Vuruldu - The Epoch Times TR<\/title>\n<meta name=\"description\" content=\"Basra K\u00f6rfezi\u2019nde bir kargo gemisi bilinmeyen bir cisimle vuruldu. Olay, ABD-\u0130ran geriliminin artt\u0131\u011f\u0131 d\u00f6nemde ya\u015fand\u0131.\" \/>\n<meta name=\"robots\" content=\"index, follow, max-snippet:-1, max-image-preview:large, max-video-preview:-1\" \/>\n<link rel=\"canonical\" href=\"https:\/\/epochtimestr.com\/index.php\/basra-korfezinde-seyir-halindeki-bir-kargo-gemisi-vuruldu\" \/>\n<meta property=\"og:locale\" content=\"tr_TR\" \/>\n<meta property=\"og:type\" content=\"article\" \/>\n<meta property=\"og:title\" content=\"Basra K\u00f6rfezi&#039;nde Seyir Halindeki Bir Kargo Gemisi Vuruldu - The Epoch Times TR\" \/>\n<meta property=\"og:description\" content=\"Basra K\u00f6rfezi\u2019nde bir kargo gemisi bilinmeyen bir cisimle vuruldu. Olay, ABD-\u0130ran geriliminin artt\u0131\u011f\u0131 d\u00f6nemde ya\u015fand\u0131.\" \/>\n<meta property=\"og:url\" content=\"https:\/\/epochtimestr.com\/index.php\/basra-korfezinde-seyir-halindeki-bir-kargo-gemisi-vuruldu\" \/>\n<meta property=\"og:site_name\" content=\"The Epoch Times TR\" \/>\n<meta property=\"article:publisher\" content=\"https:\/\/www.facebook.com\/theepochtimestr\" \/>\n<meta property=\"article:published_time\" content=\"2026-06-02T09:55:22+00:00\" \/>\n<meta property=\"article:modified_time\" content=\"2026-06-02T09:55:32+00:00\" \/>\n<meta property=\"og:image\" content=\"https:\/\/epochtimestr.com\/wp-content\/uploads\/2011y\/1000039613.jpg\" \/>\n\t<meta property=\"og:image:width\" content=\"1080\" \/>\n\t<meta property=\"og:image:height\" content=\"720\" \/>\n\t<meta property=\"og:image:type\" content=\"image\/jpeg\" \/>\n<meta name=\"author\" content=\"Leo Bajelan\" \/>\n<meta name=\"twitter:card\" content=\"summary_large_image\" \/>\n<meta name=\"twitter:creator\" content=\"@TheEpochTimesTR\" \/>\n<meta name=\"twitter:site\" content=\"@TheEpochTimesTR\" \/>\n<meta name=\"twitter:label1\" content=\"Yazan:\" \/>\n\t<meta name=\"twitter:data1\" content=\"Leo Bajelan\" \/>\n\t<meta name=\"twitter:label2\" content=\"Tahmini okuma s\u00fcresi\" \/>\n\t<meta name=\"twitter:data2\" content=\"3 dakika\" \/>\n<script type=\"application\/ld+json\" class=\"yoast-schema-graph\">{\"@context\":\"https:\/\/schema.org\",\"@graph\":[{\"@type\":\"Article\",\"@id\":\"https:\/\/epochtimestr.com\/index.php\/basra-korfezinde-seyir-halindeki-bir-kargo-gemisi-vuruldu#article\",\"isPartOf\":{\"@id\":\"https:\/\/epochtimestr.com\/index.php\/basra-korfezinde-seyir-halindeki-bir-kargo-gemisi-vuruldu\"},\"author\":{\"name\":\"Leo Bajelan\",\"@id\":\"https:\/\/epochtimestr.com\/#\/schema\/person\/5fef218711d76d8f232b0e1f1d7e4c0d\"},\"headline\":\"Basra K\u00f6rfezi&#8217;nde Seyir Halindeki Bir Kargo Gemisi Vuruldu\",\"datePublished\":\"2026-06-02T09:55:22+00:00\",\"dateModified\":\"2026-06-02T09:55:32+00:00\",\"mainEntityOfPage\":{\"@id\":\"https:\/\/epochtimestr.com\/index.php\/basra-korfezinde-seyir-halindeki-bir-kargo-gemisi-vuruldu\"},\"wordCount\":413,\"commentCount\":0,\"publisher\":{\"@id\":\"https:\/\/epochtimestr.com\/#organization\"},\"image\":{\"@id\":\"https:\/\/epochtimestr.com\/index.php\/basra-korfezinde-seyir-halindeki-bir-kargo-gemisi-vuruldu#primaryimage\"},\"thumbnailUrl\":\"https:\/\/epochtimestr.com\/wp-content\/uploads\/2011y\/1000039613.jpg\",\"keywords\":[\"ABD-\u0130ran gerilimi\",\"ate\u015fkes anla\u015fmas\u0131\",\"Basra K\u00f6rfezi\",\"\u0130ran Devrim Muhaf\u0131zlar\u0131\",\"\u0130ran m\u00fczakereleri\",\"kargo gemisi\",\"Trump\",\"UKMTO\"],\"articleSection\":[\"D\u00dcNYA\",\"G\u00dcNDEM\",\"MAN\u015eET\"],\"inLanguage\":\"tr\",\"potentialAction\":[{\"@type\":\"CommentAction\",\"name\":\"Comment\",\"target\":[\"https:\/\/epochtimestr.com\/index.php\/basra-korfezinde-seyir-halindeki-bir-kargo-gemisi-vuruldu#respond\"]}]},{\"@type\":\"WebPage\",\"@id\":\"https:\/\/epochtimestr.com\/index.php\/basra-korfezinde-seyir-halindeki-bir-kargo-gemisi-vuruldu\",\"url\":\"https:\/\/epochtimestr.com\/index.php\/basra-korfezinde-seyir-halindeki-bir-kargo-gemisi-vuruldu\",\"name\":\"Basra K\u00f6rfezi'nde Seyir Halindeki Bir Kargo Gemisi Vuruldu - The Epoch Times TR\",\"isPartOf\":{\"@id\":\"https:\/\/epochtimestr.com\/#website\"},\"primaryImageOfPage\":{\"@id\":\"https:\/\/epochtimestr.com\/index.php\/basra-korfezinde-seyir-halindeki-bir-kargo-gemisi-vuruldu#primaryimage\"},\"image\":{\"@id\":\"https:\/\/epochtimestr.com\/index.php\/basra-korfezinde-seyir-halindeki-bir-kargo-gemisi-vuruldu#primaryimage\"},\"thumbnailUrl\":\"https:\/\/epochtimestr.com\/wp-content\/uploads\/2011y\/1000039613.jpg\",\"datePublished\":\"2026-06-02T09:55:22+00:00\",\"dateModified\":\"2026-06-02T09:55:32+00:00\",\"description\":\"Basra K\u00f6rfezi\u2019nde bir kargo gemisi bilinmeyen bir cisimle vuruldu. Olay, ABD-\u0130ran geriliminin artt\u0131\u011f\u0131 d\u00f6nemde ya\u015fand\u0131.\",\"inLanguage\":\"tr\",\"potentialAction\":[{\"@type\":\"ReadAction\",\"target\":[\"https:\/\/epochtimestr.com\/index.php\/basra-korfezinde-seyir-halindeki-bir-kargo-gemisi-vuruldu\"]}]},{\"@type\":\"ImageObject\",\"inLanguage\":\"tr\",\"@id\":\"https:\/\/epochtimestr.com\/index.php\/basra-korfezinde-seyir-halindeki-bir-kargo-gemisi-vuruldu#primaryimage\",\"url\":\"https:\/\/epochtimestr.com\/wp-content\/uploads\/2011y\/1000039613.jpg\",\"contentUrl\":\"https:\/\/epochtimestr.com\/wp-content\/uploads\/2011y\/1000039613.jpg\",\"width\":1080,\"height\":720},{\"@type\":\"WebSite\",\"@id\":\"https:\/\/epochtimestr.com\/#website\",\"url\":\"https:\/\/epochtimestr.com\/\",\"name\":\"The Epoch Times TR\",\"description\":\"De\u011fi\u015fen D\u00fcnyam\u0131za Taze Bir Bak\u0131\u015f\",\"publisher\":{\"@id\":\"https:\/\/epochtimestr.com\/#organization\"},\"potentialAction\":[{\"@type\":\"SearchAction\",\"target\":{\"@type\":\"EntryPoint\",\"urlTemplate\":\"https:\/\/epochtimestr.com\/?s={search_term_string}\"},\"query-input\":\"required name=search_term_string\"}],\"inLanguage\":\"tr\"},{\"@type\":\"Organization\",\"@id\":\"https:\/\/epochtimestr.com\/#organization\",\"name\":\"The EpochTimes T\u00fcrkiye\",\"url\":\"https:\/\/epochtimestr.com\/\",\"logo\":{\"@type\":\"ImageObject\",\"inLanguage\":\"tr\",\"@id\":\"https:\/\/epochtimestr.com\/#\/schema\/logo\/image\/\",\"url\":\"https:\/\/epochtimestr.com\/wp-content\/uploads\/2011y\/ET-Logo-YG.jpg\",\"contentUrl\":\"https:\/\/epochtimestr.com\/wp-content\/uploads\/2011y\/ET-Logo-YG.jpg\",\"width\":346,\"height\":29,\"caption\":\"The EpochTimes T\u00fcrkiye\"},\"image\":{\"@id\":\"https:\/\/epochtimestr.com\/#\/schema\/logo\/image\/\"},\"sameAs\":[\"https:\/\/www.facebook.com\/theepochtimestr\",\"https:\/\/x.com\/TheEpochTimesTR\",\"https:\/\/www.instagram.com\/epochtimestr\"]},{\"@type\":\"Person\",\"@id\":\"https:\/\/epochtimestr.com\/#\/schema\/person\/5fef218711d76d8f232b0e1f1d7e4c0d\",\"name\":\"Leo Bajelan\",\"image\":{\"@type\":\"ImageObject\",\"inLanguage\":\"tr\",\"@id\":\"https:\/\/epochtimestr.com\/#\/schema\/person\/image\/\",\"url\":\"https:\/\/secure.gravatar.com\/avatar\/917669146f489549e548a2e9af272df5?s=96&d=mm&r=g\",\"contentUrl\":\"https:\/\/secure.gravatar.com\/avatar\/917669146f489549e548a2e9af272df5?s=96&d=mm&r=g\",\"caption\":\"Leo Bajelan\"},\"url\":\"https:\/\/epochtimestr.com\/index.php\/author\/leo\"}]}<\/script>\n<!-- \/ Yoast SEO plugin. -->","yoast_head_json":{"title":"Basra K\u00f6rfezi'nde Seyir Halindeki Bir Kargo Gemisi Vuruldu - The Epoch Times TR","description":"Basra K\u00f6rfezi\u2019nde bir kargo gemisi bilinmeyen bir cisimle vuruldu. Olay, ABD-\u0130ran geriliminin artt\u0131\u011f\u0131 d\u00f6nemde ya\u015fand\u0131.","robots":{"index":"index","follow":"follow","max-snippet":"max-snippet:-1","max-image-preview":"max-image-preview:large","max-video-preview":"max-video-preview:-1"},"canonical":"https:\/\/epochtimestr.com\/index.php\/basra-korfezinde-seyir-halindeki-bir-kargo-gemisi-vuruldu","og_locale":"tr_TR","og_type":"article","og_title":"Basra K\u00f6rfezi'nde Seyir Halindeki Bir Kargo Gemisi Vuruldu - The Epoch Times TR","og_description":"Basra K\u00f6rfezi\u2019nde bir kargo gemisi bilinmeyen bir cisimle vuruldu. Olay, ABD-\u0130ran geriliminin artt\u0131\u011f\u0131 d\u00f6nemde ya\u015fand\u0131.","og_url":"https:\/\/epochtimestr.com\/index.php\/basra-korfezinde-seyir-halindeki-bir-kargo-gemisi-vuruldu","og_site_name":"The Epoch Times TR","article_publisher":"https:\/\/www.facebook.com\/theepochtimestr","article_published_time":"2026-06-02T09:55:22+00:00","article_modified_time":"2026-06-02T09:55:32+00:00","og_image":[{"width":1080,"height":720,"url":"https:\/\/epochtimestr.com\/wp-content\/uploads\/2011y\/1000039613.jpg","type":"image\/jpeg"}],"author":"Leo Bajelan","twitter_card":"summary_large_image","twitter_creator":"@TheEpochTimesTR","twitter_site":"@TheEpochTimesTR","twitter_misc":{"Yazan:":"Leo Bajelan","Tahmini okuma s\u00fcresi":"3 dakika"},"schema":{"@context":"https:\/\/schema.org","@graph":[{"@type":"Article","@id":"https:\/\/epochtimestr.com\/index.php\/basra-korfezinde-seyir-halindeki-bir-kargo-gemisi-vuruldu#article","isPartOf":{"@id":"https:\/\/epochtimestr.com\/index.php\/basra-korfezinde-seyir-halindeki-bir-kargo-gemisi-vuruldu"},"author":{"name":"Leo Bajelan","@id":"https:\/\/epochtimestr.com\/#\/schema\/person\/5fef218711d76d8f232b0e1f1d7e4c0d"},"headline":"Basra K\u00f6rfezi&#8217;nde Seyir Halindeki Bir Kargo Gemisi Vuruldu","datePublished":"2026-06-02T09:55:22+00:00","dateModified":"2026-06-02T09:55:32+00:00","mainEntityOfPage":{"@id":"https:\/\/epochtimestr.com\/index.php\/basra-korfezinde-seyir-halindeki-bir-kargo-gemisi-vuruldu"},"wordCount":413,"commentCount":0,"publisher":{"@id":"https:\/\/epochtimestr.com\/#organization"},"image":{"@id":"https:\/\/epochtimestr.com\/index.php\/basra-korfezinde-seyir-halindeki-bir-kargo-gemisi-vuruldu#primaryimage"},"thumbnailUrl":"https:\/\/epochtimestr.com\/wp-content\/uploads\/2011y\/1000039613.jpg","keywords":["ABD-\u0130ran gerilimi","ate\u015fkes anla\u015fmas\u0131","Basra K\u00f6rfezi","\u0130ran Devrim Muhaf\u0131zlar\u0131","\u0130ran m\u00fczakereleri","kargo gemisi","Trump","UKMTO"],"articleSection":["D\u00dcNYA","G\u00dcNDEM","MAN\u015eET"],"inLanguage":"tr","potentialAction":[{"@type":"CommentAction","name":"Comment","target":["https:\/\/epochtimestr.com\/index.php\/basra-korfezinde-seyir-halindeki-bir-kargo-gemisi-vuruldu#respond"]}]},{"@type":"WebPage","@id":"https:\/\/epochtimestr.com\/index.php\/basra-korfezinde-seyir-halindeki-bir-kargo-gemisi-vuruldu","url":"https:\/\/epochtimestr.com\/index.php\/basra-korfezinde-seyir-halindeki-bir-kargo-gemisi-vuruldu","name":"Basra K\u00f6rfezi'nde Seyir Halindeki Bir Kargo Gemisi Vuruldu - The Epoch Times TR","isPartOf":{"@id":"https:\/\/epochtimestr.com\/#website"},"primaryImageOfPage":{"@id":"https:\/\/epochtimestr.com\/index.php\/basra-korfezinde-seyir-halindeki-bir-kargo-gemisi-vuruldu#primaryimage"},"image":{"@id":"https:\/\/epochtimestr.com\/index.php\/basra-korfezinde-seyir-halindeki-bir-kargo-gemisi-vuruldu#primaryimage"},"thumbnailUrl":"https:\/\/epochtimestr.com\/wp-content\/uploads\/2011y\/1000039613.jpg","datePublished":"2026-06-02T09:55:22+00:00","dateModified":"2026-06-02T09:55:32+00:00","description":"Basra K\u00f6rfezi\u2019nde bir kargo gemisi bilinmeyen bir cisimle vuruldu. Olay, ABD-\u0130ran geriliminin artt\u0131\u011f\u0131 d\u00f6nemde ya\u015fand\u0131.","inLanguage":"tr","potentialAction":[{"@type":"ReadAction","target":["https:\/\/epochtimestr.com\/index.php\/basra-korfezinde-seyir-halindeki-bir-kargo-gemisi-vuruldu"]}]},{"@type":"ImageObject","inLanguage":"tr","@id":"https:\/\/epochtimestr.com\/index.php\/basra-korfezinde-seyir-halindeki-bir-kargo-gemisi-vuruldu#primaryimage","url":"https:\/\/epochtimestr.com\/wp-content\/uploads\/2011y\/1000039613.jpg","contentUrl":"https:\/\/epochtimestr.com\/wp-content\/uploads\/2011y\/1000039613.jpg","width":1080,"height":720},{"@type":"WebSite","@id":"https:\/\/epochtimestr.com\/#website","url":"https:\/\/epochtimestr.com\/","name":"The Epoch Times TR","description":"De\u011fi\u015fen D\u00fcnyam\u0131za Taze Bir Bak\u0131\u015f","publisher":{"@id":"https:\/\/epochtimestr.com\/#organization"},"potentialAction":[{"@type":"SearchAction","target":{"@type":"EntryPoint","urlTemplate":"https:\/\/epochtimestr.com\/?s={search_term_string}"},"query-input":"required name=search_term_string"}],"inLanguage":"tr"},{"@type":"Organization","@id":"https:\/\/epochtimestr.com\/#organization","name":"The EpochTimes T\u00fcrkiye","url":"https:\/\/epochtimestr.com\/","logo":{"@type":"ImageObject","inLanguage":"tr","@id":"https:\/\/epochtimestr.com\/#\/schema\/logo\/image\/","url":"https:\/\/epochtimestr.com\/wp-content\/uploads\/2011y\/ET-Logo-YG.jpg","contentUrl":"https:\/\/epochtimestr.com\/wp-content\/uploads\/2011y\/ET-Logo-YG.jpg","width":346,"height":29,"caption":"The EpochTimes T\u00fcrkiye"},"image":{"@id":"https:\/\/epochtimestr.com\/#\/schema\/logo\/image\/"},"sameAs":["https:\/\/www.facebook.com\/theepochtimestr","https:\/\/x.com\/TheEpochTimesTR","https:\/\/www.instagram.com\/epochtimestr"]},{"@type":"Person","@id":"https:\/\/epochtimestr.com\/#\/schema\/person\/5fef218711d76d8f232b0e1f1d7e4c0d","name":"Leo Bajelan","image":{"@type":"ImageObject","inLanguage":"tr","@id":"https:\/\/epochtimestr.com\/#\/schema\/person\/image\/","url":"https:\/\/secure.gravatar.com\/avatar\/917669146f489549e548a2e9af272df5?s=96&d=mm&r=g","contentUrl":"https:\/\/secure.gravatar.com\/avatar\/917669146f489549e548a2e9af272df5?s=96&d=mm&r=g","caption":"Leo Bajelan"},"url":"https:\/\/epochtimestr.com\/index.php\/author\/leo"}]}},"_links":{"self":[{"href":"https:\/\/epochtimestr.com\/index.php\/wp-json\/wp\/v2\/posts\/167625"}],"collection":[{"href":"https:\/\/epochtimestr.com\/index.php\/wp-json\/wp\/v2\/posts"}],"about":[{"href":"https:\/\/epochtimestr.com\/index.php\/wp-json\/wp\/v2\/types\/post"}],"author":[{"embeddable":true,"href":"https:\/\/epochtimestr.com\/index.php\/wp-json\/wp\/v2\/users\/13996"}],"replies":[{"embeddable":true,"href":"https:\/\/epochtimestr.com\/index.php\/wp-json\/wp\/v2\/comments?post=167625"}],"version-history":[{"count":2,"href":"https:\/\/epochtimestr.com\/index.php\/wp-json\/wp\/v2\/posts\/167625\/revisions"}],"predecessor-version":[{"id":167630,"href":"https:\/\/epochtimestr.com\/index.php\/wp-json\/wp\/v2\/posts\/167625\/revisions\/167630"}],"wp:featuredmedia":[{"embeddable":true,"href":"https:\/\/epochtimestr.com\/index.php\/wp-json\/wp\/v2\/media\/167626"}],"wp:attachment":[{"href":"https:\/\/epochtimestr.com\/index.php\/wp-json\/wp\/v2\/media?parent=167625"}],"wp:term":[{"taxonomy":"category","embeddable":true,"href":"https:\/\/epochtimestr.com\/index.php\/wp-json\/wp\/v2\/categories?post=167625"},{"taxonomy":"post_tag","embeddable":true,"href":"https:\/\/epochtimestr.com\/index.php\/wp-json\/wp\/v2\/tags?post=167625"}],"curies":[{"name":"wp","href":"https:\/\/api.w.org\/{rel}","templated":true}]}}