{"id":167628,"date":"2026-06-02T16:04:05","date_gmt":"2026-06-02T13:04:05","guid":{"rendered":"https:\/\/epochtimestr.com\/?p=167628"},"modified":"2026-06-02T16:04:09","modified_gmt":"2026-06-02T13:04:09","slug":"isvec-arktik-stratejisini-acikladi","status":"publish","type":"post","link":"https:\/\/epochtimestr.com\/index.php\/isvec-arktik-stratejisini-acikladi","title":{"rendered":"\u0130sve\u00e7 Arktik Stratejisini A\u00e7\u0131klad\u0131"},"content":{"rendered":"<div class=\"wp-block-image\">\n<figure class=\"aligncenter size-full\"><img loading=\"lazy\" decoding=\"async\" width=\"1200\" height=\"762\" src=\"https:\/\/epochtimestr.com\/wp-content\/uploads\/2011y\/1000039614.jpg\" alt=\"\u0130sve\u00e7\u2019e ait Leopard ana muharebe tanklar\u0131, 10 Mart 2026 tarihinde Finlandiya'n\u0131n Pello kentinde d\u00fczenlenen Cold Response 26 Arktik askeri tatbikat\u0131na kat\u0131lmak \u00fczere Finlandiya-\u0130sve\u00e7 s\u0131n\u0131r\u0131ndan ta\u015f\u0131n\u0131yor. (Foto\u011fraf: Jarno Vuorinen \/ AFP \/ Getty Images\/epoch times arac\u0131yla)\" class=\"wp-image-167631\" srcset=\"https:\/\/epochtimestr.com\/wp-content\/uploads\/2011y\/1000039614.jpg 1200w, https:\/\/epochtimestr.com\/wp-content\/uploads\/2011y\/1000039614-300x191.jpg 300w, https:\/\/epochtimestr.com\/wp-content\/uploads\/2011y\/1000039614-150x95.jpg 150w, https:\/\/epochtimestr.com\/wp-content\/uploads\/2011y\/1000039614-768x488.jpg 768w\" sizes=\"(max-width: 1200px) 100vw, 1200px\" \/><figcaption class=\"wp-element-caption\">\u0130sve\u00e7\u2019e ait Leopard ana muharebe tanklar\u0131, 10 Mart 2026 tarihinde Finlandiya&#8217;n\u0131n Pello kentinde d\u00fczenlenen Cold Response 26 Arktik askeri tatbikat\u0131na kat\u0131lmak \u00fczere Finlandiya-\u0130sve\u00e7 s\u0131n\u0131r\u0131ndan ge\u00e7erken. (Foto\u011fraf: Jarno Vuorinen, AFP &#8211; Getty Images, The Epoch Times arac\u0131l\u0131\u011f\u0131yla)<\/figcaption><\/figure><\/div>\n\n\n<p>\u0130sve\u00e7, 1 Haziran&#8217;da bug\u00fcnk\u00fc g\u00fcvenlik ortam\u0131n\u0131 \u0130kinci D\u00fcnya Sava\u015f\u0131\u2019ndan bu yana en ciddi d\u00f6nem olarak tan\u0131mlayarak, yeni Arktik stratejisini duyurdu. D\u0131\u015fi\u015fleri Bakan\u0131 <a href=\"https:\/\/www.theepochtimes.com\/world\/sweden-unveils-new-arctic-strategy-citing-most-serious-security-situation-since-ww2-6041339\">Maria Malmer Stenergard<\/a>, stratejiyi Boden kentindeki Savunma M\u00fczesi\u2019nde tan\u0131tt\u0131. Bakan, Arktik b\u00f6lgesinin \u0130sve\u00e7 i\u00e7in d\u0131\u015f ve i\u00e7 politika a\u00e7\u0131s\u0131ndan \u00f6nem ta\u015f\u0131d\u0131\u011f\u0131n\u0131 s\u00f6yledi.<\/p>\n\n\n\n<p>Stenergard, yeni stratejinin ciddi g\u00fcvenlik ko\u015fullar\u0131n\u0131 yans\u0131tt\u0131\u011f\u0131n\u0131 belirtti. Ayr\u0131ca b\u00f6lgede artan uluslararas\u0131 ilginin dikkate al\u0131narak haz\u0131rland\u0131\u011f\u0131n\u0131 ifade etti. Buna g\u00f6re \u0130sve\u00e7, Arktik bir devlet olarak daha fazla sorumluluk \u00fcstlenecek.<\/p>\n\n\n\n<p>Bakan, sosyal medya payla\u015f\u0131m\u0131nda iklim de\u011fi\u015fikli\u011fi, g\u00fcvenlik ve ekonomik \u00e7\u0131karlar\u0131n b\u00f6lgede i\u00e7 i\u00e7e ge\u00e7ti\u011fini vurgulad\u0131. Bu nedenle Arktik\u2019in jeostratejik \u00f6neminin artt\u0131\u011f\u0131n\u0131 kaydetti.<\/p>\n\n\n\n<p>\u0130sve\u00e7 D\u0131\u015fi\u015fleri Bakanl\u0131\u011f\u0131, NATO \u00fcyeli\u011finin \u00fclkeye b\u00f6lgede yeni bir rol kazand\u0131rd\u0131\u011f\u0131n\u0131 a\u00e7\u0131klad\u0131. Bakanl\u0131k, \u0130sve\u00e7 ve Finlandiya\u2019n\u0131n \u00fcyeli\u011finin Arktik\u2019teki cayd\u0131r\u0131c\u0131l\u0131\u011f\u0131 g\u00fc\u00e7lendirdi\u011fini bildirdi. Bununla birlikte \u0130sve\u00e7\u2019in co\u011frafi konumunun <a href=\"https:\/\/epochtimestr.com\/index.php\/isvecte-bir-petrol-tankerinin-cinli-kaptani-tutuklandi\" target=\"_blank\" rel=\"noreferrer noopener\">Balt\u0131k Denizi ile<\/a> Arktik aras\u0131ndaki g\u00fcvenlik ba\u011f\u0131n\u0131 g\u00fc\u00e7lendirdi\u011fini belirtti.<\/p>\n\n\n\n<p>Be\u015f temel unsurdan olu\u015fan yeni stratejide, g\u00fcvenlik ve istikrar\u0131n g\u00fc\u00e7lendirilmesi \u00f6ncelikli hedef olarak \u00f6ne \u00e7\u0131k\u0131yor. Strateji, savunma kapasitesinin art\u0131r\u0131lmas\u0131n\u0131 ve NATO i\u015f birli\u011finin geli\u015ftirilmesini \u00f6ng\u00f6r\u00fcyor.<\/p>\n\n\n\n<p><strong>G\u00fcvenlik \u00f6n plana \u00e7\u0131kt\u0131<\/strong><\/p>\n\n\n\n<p>Yeni strateji ayr\u0131ca Rusya\u2019n\u0131n askeri faaliyetleri ve hibrit giri\u015fimleri temel tehdit olarak tan\u0131ml\u0131yor. \u00d6te yandan s\u00fcrd\u00fcr\u00fclebilir ekonomik kalk\u0131nmay\u0131 da destekliyor. Kritik mineraller, deniz ta\u015f\u0131mac\u0131l\u0131\u011f\u0131 ve bal\u0131k\u00e7\u0131l\u0131k \u00f6ncelikli alanlar aras\u0131nda yer al\u0131yor.<\/p>\n\n\n\n<p>Ayr\u0131ca \u00e7evrenin korunmas\u0131 ile birlikte kutup ara\u015ft\u0131rmalar\u0131 ve ba\u011flant\u0131 projelerine yat\u0131r\u0131m yap\u0131lmas\u0131 da planlar aras\u0131nda. Ek olarak Sami halk\u0131 ve di\u011fer yerli topluluklar\u0131n haklar\u0131na destek verilmesi g\u00fcndemde.<\/p>\n\n\n\n<p>\u0130sve\u00e7 Parlamentosu, 01 Haziran 2026 tarihinde stratejiyi de\u011ferlendirecek. Strateji, NATO\u2019nun Arktik ve Y\u00fcksek Kuzey b\u00f6lgelerinde y\u00fcr\u00fctt\u00fc\u011f\u00fc geni\u015f kapsaml\u0131 faaliyetlerin ard\u0131ndan g\u00fcndeme geldi. Dolay\u0131s\u0131yla b\u00f6lgedeki g\u00fcvenlik tart\u0131\u015fmalar\u0131 \u00f6n\u00fcm\u00fczdeki d\u00f6nemde de s\u00fcrecek.<\/p>\n","protected":false},"excerpt":{"rendered":"<p>\u0130sve\u00e7, 1 Haziran&#8217;da bug\u00fcnk\u00fc g\u00fcvenlik ortam\u0131n\u0131 \u0130kinci D\u00fcnya Sava\u015f\u0131\u2019ndan bu yana en ciddi d\u00f6nem olarak tan\u0131mlayarak, yeni Arktik stratejisini duyurdu. D\u0131\u015fi\u015fleri Bakan\u0131 Maria Malmer Stenergard, stratejiyi Boden kentindeki Savunma M\u00fczesi\u2019nde tan\u0131tt\u0131. Bakan, Arktik b\u00f6lgesinin \u0130sve\u00e7 i\u00e7in d\u0131\u015f ve i\u00e7 politika a\u00e7\u0131s\u0131ndan \u00f6nem ta\u015f\u0131d\u0131\u011f\u0131n\u0131 s\u00f6yledi. Stenergard, yeni stratejinin ciddi g\u00fcvenlik ko\u015fullar\u0131n\u0131 yans\u0131tt\u0131\u011f\u0131n\u0131 belirtti. Ayr\u0131ca b\u00f6lgede artan [&hellip;]<\/p>\n","protected":false},"author":13996,"featured_media":167631,"comment_status":"open","ping_status":"open","sticky":false,"template":"","format":"standard","meta":{"_yoast_wpseo_focuskw":"\u0130sve\u00e7 - Arktik","_yoast_wpseo_title":"","_yoast_wpseo_metadesc":"\u0130sve\u00e7, Arktik b\u00f6lgesinde artan g\u00fcvenlik riskleri nedeniyle g\u00fc\u00e7lendirmeyi ve s\u00fcrd\u00fcr\u00fclebilir kalk\u0131nmay\u0131 hedefleyen yeni stratejisini a\u00e7\u0131klad\u0131.","_bbp_topic_count":0,"_bbp_reply_count":0,"_bbp_total_topic_count":0,"_bbp_total_reply_count":0,"_bbp_voice_count":0,"_bbp_anonymous_reply_count":0,"_bbp_topic_count_hidden":0,"_bbp_reply_count_hidden":0,"_bbp_forum_subforum_count":0,"footnotes":"","_yoast_wpseo_focuskw_text_input":""},"categories":[5,1,8138],"tags":[11490,285,11491,2201,722,9310],"yoast_head":"<!-- This site is optimized with the Yoast SEO plugin v23.0 - https:\/\/yoast.com\/wordpress\/plugins\/seo\/ -->\n<title>\u0130sve\u00e7 Arktik Stratejisini A\u00e7\u0131klad\u0131 - The Epoch Times TR<\/title>\n<meta name=\"description\" content=\"\u0130sve\u00e7, Arktik b\u00f6lgesinde artan g\u00fcvenlik riskleri nedeniyle g\u00fc\u00e7lendirmeyi ve s\u00fcrd\u00fcr\u00fclebilir kalk\u0131nmay\u0131 hedefleyen yeni stratejisini a\u00e7\u0131klad\u0131.\" \/>\n<meta name=\"robots\" content=\"index, follow, max-snippet:-1, max-image-preview:large, max-video-preview:-1\" \/>\n<link rel=\"canonical\" href=\"https:\/\/epochtimestr.com\/index.php\/isvec-arktik-stratejisini-acikladi\" \/>\n<meta property=\"og:locale\" content=\"tr_TR\" \/>\n<meta property=\"og:type\" content=\"article\" \/>\n<meta property=\"og:title\" content=\"\u0130sve\u00e7 Arktik Stratejisini A\u00e7\u0131klad\u0131 - The Epoch Times TR\" \/>\n<meta property=\"og:description\" content=\"\u0130sve\u00e7, Arktik b\u00f6lgesinde artan g\u00fcvenlik riskleri nedeniyle g\u00fc\u00e7lendirmeyi ve s\u00fcrd\u00fcr\u00fclebilir kalk\u0131nmay\u0131 hedefleyen yeni stratejisini a\u00e7\u0131klad\u0131.\" \/>\n<meta property=\"og:url\" content=\"https:\/\/epochtimestr.com\/index.php\/isvec-arktik-stratejisini-acikladi\" \/>\n<meta property=\"og:site_name\" content=\"The Epoch Times TR\" \/>\n<meta property=\"article:publisher\" content=\"https:\/\/www.facebook.com\/theepochtimestr\" \/>\n<meta property=\"article:published_time\" content=\"2026-06-02T13:04:05+00:00\" \/>\n<meta property=\"article:modified_time\" content=\"2026-06-02T13:04:09+00:00\" \/>\n<meta property=\"og:image\" content=\"https:\/\/epochtimestr.com\/wp-content\/uploads\/2011y\/1000039614.jpg\" \/>\n\t<meta property=\"og:image:width\" content=\"1200\" \/>\n\t<meta property=\"og:image:height\" content=\"762\" \/>\n\t<meta property=\"og:image:type\" content=\"image\/jpeg\" \/>\n<meta name=\"author\" content=\"Leo Bajelan\" \/>\n<meta name=\"twitter:card\" content=\"summary_large_image\" \/>\n<meta name=\"twitter:creator\" content=\"@TheEpochTimesTR\" \/>\n<meta name=\"twitter:site\" content=\"@TheEpochTimesTR\" \/>\n<meta name=\"twitter:label1\" content=\"Yazan:\" \/>\n\t<meta name=\"twitter:data1\" content=\"Leo Bajelan\" \/>\n\t<meta name=\"twitter:label2\" content=\"Tahmini okuma s\u00fcresi\" \/>\n\t<meta name=\"twitter:data2\" content=\"3 dakika\" \/>\n<script type=\"application\/ld+json\" class=\"yoast-schema-graph\">{\"@context\":\"https:\/\/schema.org\",\"@graph\":[{\"@type\":\"Article\",\"@id\":\"https:\/\/epochtimestr.com\/index.php\/isvec-arktik-stratejisini-acikladi#article\",\"isPartOf\":{\"@id\":\"https:\/\/epochtimestr.com\/index.php\/isvec-arktik-stratejisini-acikladi\"},\"author\":{\"name\":\"Leo Bajelan\",\"@id\":\"https:\/\/epochtimestr.com\/#\/schema\/person\/5fef218711d76d8f232b0e1f1d7e4c0d\"},\"headline\":\"\u0130sve\u00e7 Arktik Stratejisini A\u00e7\u0131klad\u0131\",\"datePublished\":\"2026-06-02T13:04:05+00:00\",\"dateModified\":\"2026-06-02T13:04:09+00:00\",\"mainEntityOfPage\":{\"@id\":\"https:\/\/epochtimestr.com\/index.php\/isvec-arktik-stratejisini-acikladi\"},\"wordCount\":422,\"commentCount\":0,\"publisher\":{\"@id\":\"https:\/\/epochtimestr.com\/#organization\"},\"image\":{\"@id\":\"https:\/\/epochtimestr.com\/index.php\/isvec-arktik-stratejisini-acikladi#primaryimage\"},\"thumbnailUrl\":\"https:\/\/epochtimestr.com\/wp-content\/uploads\/2011y\/1000039614.jpg\",\"keywords\":[\"Arktik Stratejisi\",\"Avrupa\",\"Balt\u0131k Denizi\",\"\u0130sve\u00e7\",\"NATO\",\"Rusya Ukrayna Sava\u015f\u0131\"],\"articleSection\":[\"D\u00dcNYA\",\"G\u00dcNDEM\",\"MAN\u015eET\"],\"inLanguage\":\"tr\",\"potentialAction\":[{\"@type\":\"CommentAction\",\"name\":\"Comment\",\"target\":[\"https:\/\/epochtimestr.com\/index.php\/isvec-arktik-stratejisini-acikladi#respond\"]}]},{\"@type\":\"WebPage\",\"@id\":\"https:\/\/epochtimestr.com\/index.php\/isvec-arktik-stratejisini-acikladi\",\"url\":\"https:\/\/epochtimestr.com\/index.php\/isvec-arktik-stratejisini-acikladi\",\"name\":\"\u0130sve\u00e7 Arktik Stratejisini A\u00e7\u0131klad\u0131 - The Epoch Times TR\",\"isPartOf\":{\"@id\":\"https:\/\/epochtimestr.com\/#website\"},\"primaryImageOfPage\":{\"@id\":\"https:\/\/epochtimestr.com\/index.php\/isvec-arktik-stratejisini-acikladi#primaryimage\"},\"image\":{\"@id\":\"https:\/\/epochtimestr.com\/index.php\/isvec-arktik-stratejisini-acikladi#primaryimage\"},\"thumbnailUrl\":\"https:\/\/epochtimestr.com\/wp-content\/uploads\/2011y\/1000039614.jpg\",\"datePublished\":\"2026-06-02T13:04:05+00:00\",\"dateModified\":\"2026-06-02T13:04:09+00:00\",\"description\":\"\u0130sve\u00e7, Arktik b\u00f6lgesinde artan g\u00fcvenlik riskleri nedeniyle g\u00fc\u00e7lendirmeyi ve s\u00fcrd\u00fcr\u00fclebilir kalk\u0131nmay\u0131 hedefleyen yeni stratejisini a\u00e7\u0131klad\u0131.\",\"inLanguage\":\"tr\",\"potentialAction\":[{\"@type\":\"ReadAction\",\"target\":[\"https:\/\/epochtimestr.com\/index.php\/isvec-arktik-stratejisini-acikladi\"]}]},{\"@type\":\"ImageObject\",\"inLanguage\":\"tr\",\"@id\":\"https:\/\/epochtimestr.com\/index.php\/isvec-arktik-stratejisini-acikladi#primaryimage\",\"url\":\"https:\/\/epochtimestr.com\/wp-content\/uploads\/2011y\/1000039614.jpg\",\"contentUrl\":\"https:\/\/epochtimestr.com\/wp-content\/uploads\/2011y\/1000039614.jpg\",\"width\":1200,\"height\":762},{\"@type\":\"WebSite\",\"@id\":\"https:\/\/epochtimestr.com\/#website\",\"url\":\"https:\/\/epochtimestr.com\/\",\"name\":\"The Epoch Times TR\",\"description\":\"De\u011fi\u015fen D\u00fcnyam\u0131za Taze Bir Bak\u0131\u015f\",\"publisher\":{\"@id\":\"https:\/\/epochtimestr.com\/#organization\"},\"potentialAction\":[{\"@type\":\"SearchAction\",\"target\":{\"@type\":\"EntryPoint\",\"urlTemplate\":\"https:\/\/epochtimestr.com\/?s={search_term_string}\"},\"query-input\":\"required name=search_term_string\"}],\"inLanguage\":\"tr\"},{\"@type\":\"Organization\",\"@id\":\"https:\/\/epochtimestr.com\/#organization\",\"name\":\"The EpochTimes T\u00fcrkiye\",\"url\":\"https:\/\/epochtimestr.com\/\",\"logo\":{\"@type\":\"ImageObject\",\"inLanguage\":\"tr\",\"@id\":\"https:\/\/epochtimestr.com\/#\/schema\/logo\/image\/\",\"url\":\"https:\/\/epochtimestr.com\/wp-content\/uploads\/2011y\/ET-Logo-YG.jpg\",\"contentUrl\":\"https:\/\/epochtimestr.com\/wp-content\/uploads\/2011y\/ET-Logo-YG.jpg\",\"width\":346,\"height\":29,\"caption\":\"The EpochTimes T\u00fcrkiye\"},\"image\":{\"@id\":\"https:\/\/epochtimestr.com\/#\/schema\/logo\/image\/\"},\"sameAs\":[\"https:\/\/www.facebook.com\/theepochtimestr\",\"https:\/\/x.com\/TheEpochTimesTR\",\"https:\/\/www.instagram.com\/epochtimestr\"]},{\"@type\":\"Person\",\"@id\":\"https:\/\/epochtimestr.com\/#\/schema\/person\/5fef218711d76d8f232b0e1f1d7e4c0d\",\"name\":\"Leo Bajelan\",\"image\":{\"@type\":\"ImageObject\",\"inLanguage\":\"tr\",\"@id\":\"https:\/\/epochtimestr.com\/#\/schema\/person\/image\/\",\"url\":\"https:\/\/secure.gravatar.com\/avatar\/917669146f489549e548a2e9af272df5?s=96&d=mm&r=g\",\"contentUrl\":\"https:\/\/secure.gravatar.com\/avatar\/917669146f489549e548a2e9af272df5?s=96&d=mm&r=g\",\"caption\":\"Leo Bajelan\"},\"url\":\"https:\/\/epochtimestr.com\/index.php\/author\/leo\"}]}<\/script>\n<!-- \/ Yoast SEO plugin. -->","yoast_head_json":{"title":"\u0130sve\u00e7 Arktik Stratejisini A\u00e7\u0131klad\u0131 - The Epoch Times TR","description":"\u0130sve\u00e7, Arktik b\u00f6lgesinde artan g\u00fcvenlik riskleri nedeniyle g\u00fc\u00e7lendirmeyi ve s\u00fcrd\u00fcr\u00fclebilir kalk\u0131nmay\u0131 hedefleyen yeni stratejisini a\u00e7\u0131klad\u0131.","robots":{"index":"index","follow":"follow","max-snippet":"max-snippet:-1","max-image-preview":"max-image-preview:large","max-video-preview":"max-video-preview:-1"},"canonical":"https:\/\/epochtimestr.com\/index.php\/isvec-arktik-stratejisini-acikladi","og_locale":"tr_TR","og_type":"article","og_title":"\u0130sve\u00e7 Arktik Stratejisini A\u00e7\u0131klad\u0131 - The Epoch Times TR","og_description":"\u0130sve\u00e7, Arktik b\u00f6lgesinde artan g\u00fcvenlik riskleri nedeniyle g\u00fc\u00e7lendirmeyi ve s\u00fcrd\u00fcr\u00fclebilir kalk\u0131nmay\u0131 hedefleyen yeni stratejisini a\u00e7\u0131klad\u0131.","og_url":"https:\/\/epochtimestr.com\/index.php\/isvec-arktik-stratejisini-acikladi","og_site_name":"The Epoch Times TR","article_publisher":"https:\/\/www.facebook.com\/theepochtimestr","article_published_time":"2026-06-02T13:04:05+00:00","article_modified_time":"2026-06-02T13:04:09+00:00","og_image":[{"width":1200,"height":762,"url":"https:\/\/epochtimestr.com\/wp-content\/uploads\/2011y\/1000039614.jpg","type":"image\/jpeg"}],"author":"Leo Bajelan","twitter_card":"summary_large_image","twitter_creator":"@TheEpochTimesTR","twitter_site":"@TheEpochTimesTR","twitter_misc":{"Yazan:":"Leo Bajelan","Tahmini okuma s\u00fcresi":"3 dakika"},"schema":{"@context":"https:\/\/schema.org","@graph":[{"@type":"Article","@id":"https:\/\/epochtimestr.com\/index.php\/isvec-arktik-stratejisini-acikladi#article","isPartOf":{"@id":"https:\/\/epochtimestr.com\/index.php\/isvec-arktik-stratejisini-acikladi"},"author":{"name":"Leo Bajelan","@id":"https:\/\/epochtimestr.com\/#\/schema\/person\/5fef218711d76d8f232b0e1f1d7e4c0d"},"headline":"\u0130sve\u00e7 Arktik Stratejisini A\u00e7\u0131klad\u0131","datePublished":"2026-06-02T13:04:05+00:00","dateModified":"2026-06-02T13:04:09+00:00","mainEntityOfPage":{"@id":"https:\/\/epochtimestr.com\/index.php\/isvec-arktik-stratejisini-acikladi"},"wordCount":422,"commentCount":0,"publisher":{"@id":"https:\/\/epochtimestr.com\/#organization"},"image":{"@id":"https:\/\/epochtimestr.com\/index.php\/isvec-arktik-stratejisini-acikladi#primaryimage"},"thumbnailUrl":"https:\/\/epochtimestr.com\/wp-content\/uploads\/2011y\/1000039614.jpg","keywords":["Arktik Stratejisi","Avrupa","Balt\u0131k Denizi","\u0130sve\u00e7","NATO","Rusya Ukrayna Sava\u015f\u0131"],"articleSection":["D\u00dcNYA","G\u00dcNDEM","MAN\u015eET"],"inLanguage":"tr","potentialAction":[{"@type":"CommentAction","name":"Comment","target":["https:\/\/epochtimestr.com\/index.php\/isvec-arktik-stratejisini-acikladi#respond"]}]},{"@type":"WebPage","@id":"https:\/\/epochtimestr.com\/index.php\/isvec-arktik-stratejisini-acikladi","url":"https:\/\/epochtimestr.com\/index.php\/isvec-arktik-stratejisini-acikladi","name":"\u0130sve\u00e7 Arktik Stratejisini A\u00e7\u0131klad\u0131 - The Epoch Times TR","isPartOf":{"@id":"https:\/\/epochtimestr.com\/#website"},"primaryImageOfPage":{"@id":"https:\/\/epochtimestr.com\/index.php\/isvec-arktik-stratejisini-acikladi#primaryimage"},"image":{"@id":"https:\/\/epochtimestr.com\/index.php\/isvec-arktik-stratejisini-acikladi#primaryimage"},"thumbnailUrl":"https:\/\/epochtimestr.com\/wp-content\/uploads\/2011y\/1000039614.jpg","datePublished":"2026-06-02T13:04:05+00:00","dateModified":"2026-06-02T13:04:09+00:00","description":"\u0130sve\u00e7, Arktik b\u00f6lgesinde artan g\u00fcvenlik riskleri nedeniyle g\u00fc\u00e7lendirmeyi ve s\u00fcrd\u00fcr\u00fclebilir kalk\u0131nmay\u0131 hedefleyen yeni stratejisini a\u00e7\u0131klad\u0131.","inLanguage":"tr","potentialAction":[{"@type":"ReadAction","target":["https:\/\/epochtimestr.com\/index.php\/isvec-arktik-stratejisini-acikladi"]}]},{"@type":"ImageObject","inLanguage":"tr","@id":"https:\/\/epochtimestr.com\/index.php\/isvec-arktik-stratejisini-acikladi#primaryimage","url":"https:\/\/epochtimestr.com\/wp-content\/uploads\/2011y\/1000039614.jpg","contentUrl":"https:\/\/epochtimestr.com\/wp-content\/uploads\/2011y\/1000039614.jpg","width":1200,"height":762},{"@type":"WebSite","@id":"https:\/\/epochtimestr.com\/#website","url":"https:\/\/epochtimestr.com\/","name":"The Epoch Times TR","description":"De\u011fi\u015fen D\u00fcnyam\u0131za Taze Bir Bak\u0131\u015f","publisher":{"@id":"https:\/\/epochtimestr.com\/#organization"},"potentialAction":[{"@type":"SearchAction","target":{"@type":"EntryPoint","urlTemplate":"https:\/\/epochtimestr.com\/?s={search_term_string}"},"query-input":"required name=search_term_string"}],"inLanguage":"tr"},{"@type":"Organization","@id":"https:\/\/epochtimestr.com\/#organization","name":"The EpochTimes T\u00fcrkiye","url":"https:\/\/epochtimestr.com\/","logo":{"@type":"ImageObject","inLanguage":"tr","@id":"https:\/\/epochtimestr.com\/#\/schema\/logo\/image\/","url":"https:\/\/epochtimestr.com\/wp-content\/uploads\/2011y\/ET-Logo-YG.jpg","contentUrl":"https:\/\/epochtimestr.com\/wp-content\/uploads\/2011y\/ET-Logo-YG.jpg","width":346,"height":29,"caption":"The EpochTimes T\u00fcrkiye"},"image":{"@id":"https:\/\/epochtimestr.com\/#\/schema\/logo\/image\/"},"sameAs":["https:\/\/www.facebook.com\/theepochtimestr","https:\/\/x.com\/TheEpochTimesTR","https:\/\/www.instagram.com\/epochtimestr"]},{"@type":"Person","@id":"https:\/\/epochtimestr.com\/#\/schema\/person\/5fef218711d76d8f232b0e1f1d7e4c0d","name":"Leo Bajelan","image":{"@type":"ImageObject","inLanguage":"tr","@id":"https:\/\/epochtimestr.com\/#\/schema\/person\/image\/","url":"https:\/\/secure.gravatar.com\/avatar\/917669146f489549e548a2e9af272df5?s=96&d=mm&r=g","contentUrl":"https:\/\/secure.gravatar.com\/avatar\/917669146f489549e548a2e9af272df5?s=96&d=mm&r=g","caption":"Leo Bajelan"},"url":"https:\/\/epochtimestr.com\/index.php\/author\/leo"}]}},"_links":{"self":[{"href":"https:\/\/epochtimestr.com\/index.php\/wp-json\/wp\/v2\/posts\/167628"}],"collection":[{"href":"https:\/\/epochtimestr.com\/index.php\/wp-json\/wp\/v2\/posts"}],"about":[{"href":"https:\/\/epochtimestr.com\/index.php\/wp-json\/wp\/v2\/types\/post"}],"author":[{"embeddable":true,"href":"https:\/\/epochtimestr.com\/index.php\/wp-json\/wp\/v2\/users\/13996"}],"replies":[{"embeddable":true,"href":"https:\/\/epochtimestr.com\/index.php\/wp-json\/wp\/v2\/comments?post=167628"}],"version-history":[{"count":2,"href":"https:\/\/epochtimestr.com\/index.php\/wp-json\/wp\/v2\/posts\/167628\/revisions"}],"predecessor-version":[{"id":167634,"href":"https:\/\/epochtimestr.com\/index.php\/wp-json\/wp\/v2\/posts\/167628\/revisions\/167634"}],"wp:featuredmedia":[{"embeddable":true,"href":"https:\/\/epochtimestr.com\/index.php\/wp-json\/wp\/v2\/media\/167631"}],"wp:attachment":[{"href":"https:\/\/epochtimestr.com\/index.php\/wp-json\/wp\/v2\/media?parent=167628"}],"wp:term":[{"taxonomy":"category","embeddable":true,"href":"https:\/\/epochtimestr.com\/index.php\/wp-json\/wp\/v2\/categories?post=167628"},{"taxonomy":"post_tag","embeddable":true,"href":"https:\/\/epochtimestr.com\/index.php\/wp-json\/wp\/v2\/tags?post=167628"}],"curies":[{"name":"wp","href":"https:\/\/api.w.org\/{rel}","templated":true}]}}