{"id":167635,"date":"2026-06-02T23:00:22","date_gmt":"2026-06-02T20:00:22","guid":{"rendered":"https:\/\/epochtimestr.com\/?p=167635"},"modified":"2026-06-02T23:00:24","modified_gmt":"2026-06-02T20:00:24","slug":"mersinde-biz-mersiniz-platformu-kuruldu","status":"publish","type":"post","link":"https:\/\/epochtimestr.com\/index.php\/mersinde-biz-mersiniz-platformu-kuruldu","title":{"rendered":"Mersin\u2019de \u201cBiz Mersin\u2019iz\u201d Platformu Kuruldu"},"content":{"rendered":"\n<h2 class=\"wp-block-heading\">Mersin\u2019de Sivil Toplum G\u00fc\u00e7 Birli\u011fi: \u201cBiz Mersin\u2019iz Dernekler Platformu\u201d Kuruldu<\/h2>\n\n\n\n<p>Mersin\u2019deki sivil toplum kurulu\u015flar\u0131, kentin ve toplumun kanayan yaralar\u0131na ortak \u00e7\u00f6z\u00fcmler \u00fcretmek amac\u0131yla dev bir ad\u0131m att\u0131.<\/p>\n\n\n\n<p>02 Haziran 2026 tarihinde, saat 18.00 sular\u0131nda Mersin Meslek Adamlar\u0131 Birli\u011fi (MAB) Derne\u011fi Genel Kurul Salonu\u2019nda bir araya gelen sivil toplum \u00f6rg\u00fctleri, \u201cBiz Mersin\u2019iz Dernekler Platformu\u201dnun kurulu\u015funu resmen ilan etti.<\/p>\n\n\n\n<div class=\"wp-block-columns is-layout-flex wp-container-core-columns-is-layout-1 wp-block-columns-is-layout-flex\">\n<div class=\"wp-block-column is-layout-flow wp-block-column-is-layout-flow\">\n<figure class=\"wp-block-image size-large\"><img loading=\"lazy\" decoding=\"async\" width=\"675\" height=\"1200\" src=\"https:\/\/epochtimestr.com\/wp-content\/uploads\/2011y\/signal-2026-06-02-220700-675x1200.jpeg\" alt=\"\" class=\"wp-image-167636\" srcset=\"https:\/\/epochtimestr.com\/wp-content\/uploads\/2011y\/signal-2026-06-02-220700-675x1200.jpeg 675w, https:\/\/epochtimestr.com\/wp-content\/uploads\/2011y\/signal-2026-06-02-220700-169x300.jpeg 169w, https:\/\/epochtimestr.com\/wp-content\/uploads\/2011y\/signal-2026-06-02-220700-84x150.jpeg 84w, https:\/\/epochtimestr.com\/wp-content\/uploads\/2011y\/signal-2026-06-02-220700-768x1365.jpeg 768w, https:\/\/epochtimestr.com\/wp-content\/uploads\/2011y\/signal-2026-06-02-220700-864x1536.jpeg 864w, https:\/\/epochtimestr.com\/wp-content\/uploads\/2011y\/signal-2026-06-02-220700.jpeg 900w\" sizes=\"(max-width: 675px) 100vw, 675px\" \/><figcaption class=\"wp-element-caption\">Foto\u011fraflar: Ali Kekliktepe<\/figcaption><\/figure>\n<\/div>\n\n\n\n<div class=\"wp-block-column is-layout-flow wp-block-column-is-layout-flow\">\n<figure class=\"wp-block-image size-large\"><img loading=\"lazy\" decoding=\"async\" width=\"675\" height=\"1200\" src=\"https:\/\/epochtimestr.com\/wp-content\/uploads\/2011y\/signal-2026-06-02-220715-675x1200.jpeg\" alt=\"\" class=\"wp-image-167637\" srcset=\"https:\/\/epochtimestr.com\/wp-content\/uploads\/2011y\/signal-2026-06-02-220715-675x1200.jpeg 675w, https:\/\/epochtimestr.com\/wp-content\/uploads\/2011y\/signal-2026-06-02-220715-169x300.jpeg 169w, https:\/\/epochtimestr.com\/wp-content\/uploads\/2011y\/signal-2026-06-02-220715-84x150.jpeg 84w, https:\/\/epochtimestr.com\/wp-content\/uploads\/2011y\/signal-2026-06-02-220715-768x1365.jpeg 768w, https:\/\/epochtimestr.com\/wp-content\/uploads\/2011y\/signal-2026-06-02-220715-864x1536.jpeg 864w, https:\/\/epochtimestr.com\/wp-content\/uploads\/2011y\/signal-2026-06-02-220715.jpeg 900w\" sizes=\"(max-width: 675px) 100vw, 675px\" \/><\/figure>\n<\/div>\n\n\n\n<div class=\"wp-block-column is-layout-flow wp-block-column-is-layout-flow\">\n<figure class=\"wp-block-image size-large\"><img loading=\"lazy\" decoding=\"async\" width=\"675\" height=\"1200\" src=\"https:\/\/epochtimestr.com\/wp-content\/uploads\/2011y\/signal-2026-06-02-220728-675x1200.jpeg\" alt=\"\" class=\"wp-image-167638\" srcset=\"https:\/\/epochtimestr.com\/wp-content\/uploads\/2011y\/signal-2026-06-02-220728-675x1200.jpeg 675w, https:\/\/epochtimestr.com\/wp-content\/uploads\/2011y\/signal-2026-06-02-220728-169x300.jpeg 169w, https:\/\/epochtimestr.com\/wp-content\/uploads\/2011y\/signal-2026-06-02-220728-84x150.jpeg 84w, https:\/\/epochtimestr.com\/wp-content\/uploads\/2011y\/signal-2026-06-02-220728-768x1365.jpeg 768w, https:\/\/epochtimestr.com\/wp-content\/uploads\/2011y\/signal-2026-06-02-220728-864x1536.jpeg 864w, https:\/\/epochtimestr.com\/wp-content\/uploads\/2011y\/signal-2026-06-02-220728.jpeg 900w\" sizes=\"(max-width: 675px) 100vw, 675px\" \/><\/figure>\n<\/div>\n<\/div>\n\n\n\n<p><strong>Toplumun Hayati Sorunlar\u0131na Kar\u015f\u0131 G\u00fc\u00e7 Birli\u011fi<\/strong><\/p>\n\n\n\n<p>Platform Ba\u015fkan\u0131 Nihat Kad\u0131o\u011flu \u00f6nc\u00fcl\u00fc\u011f\u00fcnde ilk resm\u00ee toplant\u0131s\u0131n\u0131 ger\u00e7ekle\u015ftiren platform, kulis faaliyetlerinden ziyade do\u011frudan sahaya ve insana dokunan bir \u00e7al\u0131\u015fma vizyonu belirledi.<\/p>\n\n\n\n<p>Toplant\u0131da s\u00f6z alan Platform Ba\u015fkan\u0131 Kad\u0131o\u011flu, toplumsal bilinci art\u0131rmak ve kronikle\u015fen sorunlara somut \u00e7\u00f6z\u00fcmler geli\u015ftirmek ad\u0131na kararl\u0131 bir duru\u015f sergileyeceklerini vurgulad\u0131.<\/p>\n\n\n\n<p>Platformun \u00d6ncelikli \u00c7al\u0131\u015fma Alanlar\u0131<\/p>\n\n\n\n<p>\u201cBiz Mersin\u2019iz Dernekler Platformu\u201d, ilk toplant\u0131s\u0131nda kentin ve \u00fclkenin \u00f6ncelikli g\u00fcndem maddelerini masaya yat\u0131rarak \u015fu alanlarda fark\u0131ndal\u0131k yaratmay\u0131 ve \u00e7\u00f6z\u00fcm \u00fcretmeyi hedefledi\u011fini a\u00e7\u0131klad\u0131:<\/p>\n\n\n\n<p><strong>Madde Ba\u011f\u0131ml\u0131l\u0131\u011f\u0131 ile M\u00fccadele:<\/strong> Halk\u0131 ve gen\u00e7li\u011fi tehdit eden ba\u011f\u0131ml\u0131l\u0131\u011fa kar\u015f\u0131 aktif \u00f6nlemler.<\/p>\n\n\n\n<p><strong>Yang\u0131nlarla M\u00fccadele:<\/strong> \u00d6zellikle yaz aylar\u0131nda akci\u011ferlerimizi yakan orman yang\u0131nlar\u0131na kar\u015f\u0131 \u00e7ok etkili ve somut kararlar al\u0131nd\u0131. Bu konuda h\u0131zl\u0131ca eylem plan\u0131 haz\u0131rlanacak.<\/p>\n\n\n\n<p><strong>Deprem ve \u0130lk Yard\u0131m:<\/strong> Depreme kar\u015f\u0131 toplumsal fark\u0131ndal\u0131k olu\u015fturulmas\u0131 ve hayati \u00f6nem ta\u015f\u0131yan ilk yard\u0131m e\u011fitimleri.<\/p>\n\n\n\n<p><strong>K\u00fcresel Is\u0131nma ve \u00c7evre:<\/strong> Gelece\u011fimizi tehdit eden iklim krizine kar\u015f\u0131 yerel ad\u0131mlar.<\/p>\n\n\n\n<p><strong>Kentsel Ya\u015fam ve Trafik:<\/strong> Mersin\u2019in g\u00fcnl\u00fck ya\u015fam kalitesini d\u00fc\u015f\u00fcren trafik sorunlar\u0131na y\u00f6nelik \u00e7\u00f6z\u00fcm \u00f6nerileri.<\/p>\n\n\n\n<p><strong>Aile Yap\u0131s\u0131 ve \u00c7ocuklar:<\/strong> Toplumun temeli olan aile i\u00e7inde ya\u015fanan sorunlar\u0131n \u00e7\u00f6z\u00fcm\u00fc ve okullarda \/ sosyal hayatta giderek artan akran zorbal\u0131\u011f\u0131na (\u015fiddetine) kar\u015f\u0131 etkin m\u00fccadele.<\/p>\n\n\n\n<p><strong>\u201cKararl\u0131y\u0131z ve Sahada Olaca\u011f\u0131z\u201d<\/strong><\/p>\n\n\n\n<p>Toplant\u0131n\u0131n kapan\u0131\u015f konu\u015fmas\u0131nda kararl\u0131l\u0131k mesaj\u0131 veren Genel Ba\u015fkan Nihat Kad\u0131o\u011flu, \u015fu ifadeleri kulland\u0131:<\/p>\n\n\n\n<p>\u201cBug\u00fcn burada Mersin\u2019in ortak akl\u0131n\u0131 ve vicdan\u0131n\u0131 temsil eden sivil toplum kurulu\u015flar\u0131m\u0131zla tarihi bir ba\u015flang\u0131\u00e7 yapt\u0131k. Bahsetti\u011fimiz bu sorunlar sadece bug\u00fcn\u00fcn de\u011fil, gelece\u011fimizin sorunlar\u0131d\u0131r. \u2018Biz Mersin\u2019iz\u2019 diyerek \u00e7\u0131kt\u0131\u011f\u0131m\u0131z bu yolda, halk\u0131m\u0131z\u0131n refah\u0131 ve g\u00fcvenli yar\u0131nlar\u0131 i\u00e7in elimizi ta\u015f\u0131n alt\u0131na koymaktan \u00e7ekinmeyece\u011fiz. Sorunlar\u0131 biliyoruz, \u00e7\u00f6z\u00fcmlerimizle ve kararl\u0131l\u0131\u011f\u0131m\u0131zla sahada olaca\u011f\u0131z.\u201d<\/p>\n\n\n\n<p>Mersin\u2019de heyecan yaratan bu yeni olu\u015fumun, \u00f6n\u00fcm\u00fczdeki g\u00fcnlerde valilik, belediyeler ve akademik odalarla da i\u015fbirli\u011fi k\u00f6pr\u00fcleri kurarak projelerini h\u0131zla hayata ge\u00e7irmesi bekleniyor.<\/p>\n","protected":false},"excerpt":{"rendered":"<p>Mersin\u2019de Sivil Toplum G\u00fc\u00e7 Birli\u011fi: \u201cBiz Mersin\u2019iz Dernekler Platformu\u201d Kuruldu Mersin\u2019deki sivil toplum kurulu\u015flar\u0131, kentin ve toplumun kanayan yaralar\u0131na ortak \u00e7\u00f6z\u00fcmler \u00fcretmek amac\u0131yla dev bir ad\u0131m att\u0131. 02 Haziran 2026 tarihinde, saat 18.00 sular\u0131nda Mersin Meslek Adamlar\u0131 Birli\u011fi (MAB) Derne\u011fi Genel Kurul Salonu\u2019nda bir araya gelen sivil toplum \u00f6rg\u00fctleri, \u201cBiz Mersin\u2019iz Dernekler Platformu\u201dnun kurulu\u015funu resmen [&hellip;]<\/p>\n","protected":false},"author":14013,"featured_media":167144,"comment_status":"open","ping_status":"open","sticky":false,"template":"","format":"standard","meta":{"_yoast_wpseo_focuskw":"Biz Mersin\u2019iz","_yoast_wpseo_title":"","_yoast_wpseo_metadesc":"Mersin\u2019deki STK'lar, kentin ve toplumun kanayan yaralar\u0131na ortak \u00e7\u00f6z\u00fcmler \u00fcretmek amac\u0131yla \u201cBiz Mersin\u2019iz Dernekler Platformu\u201dnu kurdu.","_bbp_topic_count":0,"_bbp_reply_count":0,"_bbp_total_topic_count":0,"_bbp_total_reply_count":0,"_bbp_voice_count":0,"_bbp_anonymous_reply_count":0,"_bbp_topic_count_hidden":0,"_bbp_reply_count_hidden":0,"_bbp_forum_subforum_count":0,"footnotes":"","_yoast_wpseo_focuskw_text_input":""},"categories":[11361],"tags":[],"yoast_head":"<!-- This site is optimized with the Yoast SEO plugin v23.0 - https:\/\/yoast.com\/wordpress\/plugins\/seo\/ -->\n<title>Mersin\u2019de \u201cBiz Mersin\u2019iz\u201d Platformu Kuruldu - The Epoch Times TR<\/title>\n<meta name=\"description\" content=\"Mersin\u2019deki STK&#039;lar, kentin ve toplumun kanayan yaralar\u0131na ortak \u00e7\u00f6z\u00fcmler \u00fcretmek amac\u0131yla \u201cBiz Mersin\u2019iz Dernekler Platformu\u201dnu kurdu.\" \/>\n<meta name=\"robots\" content=\"index, follow, max-snippet:-1, max-image-preview:large, max-video-preview:-1\" \/>\n<link rel=\"canonical\" href=\"https:\/\/epochtimestr.com\/index.php\/mersinde-biz-mersiniz-platformu-kuruldu\" \/>\n<meta property=\"og:locale\" content=\"tr_TR\" \/>\n<meta property=\"og:type\" content=\"article\" \/>\n<meta property=\"og:title\" content=\"Mersin\u2019de \u201cBiz Mersin\u2019iz\u201d Platformu Kuruldu - The Epoch Times TR\" \/>\n<meta property=\"og:description\" content=\"Mersin\u2019deki STK&#039;lar, kentin ve toplumun kanayan yaralar\u0131na ortak \u00e7\u00f6z\u00fcmler \u00fcretmek amac\u0131yla \u201cBiz Mersin\u2019iz Dernekler Platformu\u201dnu kurdu.\" \/>\n<meta property=\"og:url\" content=\"https:\/\/epochtimestr.com\/index.php\/mersinde-biz-mersiniz-platformu-kuruldu\" \/>\n<meta property=\"og:site_name\" content=\"The Epoch Times TR\" \/>\n<meta property=\"article:publisher\" content=\"https:\/\/www.facebook.com\/theepochtimestr\" \/>\n<meta property=\"article:published_time\" content=\"2026-06-02T20:00:22+00:00\" \/>\n<meta property=\"article:modified_time\" content=\"2026-06-02T20:00:24+00:00\" \/>\n<meta property=\"og:image\" content=\"https:\/\/epochtimestr.com\/wp-content\/uploads\/2011y\/ali-kekliktepe-SM.jpeg\" \/>\n\t<meta property=\"og:image:width\" content=\"1200\" \/>\n\t<meta property=\"og:image:height\" content=\"630\" \/>\n\t<meta property=\"og:image:type\" content=\"image\/jpeg\" \/>\n<meta name=\"author\" content=\"Ali Kekliktepe\" \/>\n<meta name=\"twitter:card\" content=\"summary_large_image\" \/>\n<meta name=\"twitter:creator\" content=\"@TheEpochTimesTR\" \/>\n<meta name=\"twitter:site\" content=\"@TheEpochTimesTR\" \/>\n<meta name=\"twitter:label1\" content=\"Yazan:\" \/>\n\t<meta name=\"twitter:data1\" content=\"Ali Kekliktepe\" \/>\n\t<meta name=\"twitter:label2\" content=\"Tahmini okuma s\u00fcresi\" \/>\n\t<meta name=\"twitter:data2\" content=\"3 dakika\" \/>\n<script type=\"application\/ld+json\" class=\"yoast-schema-graph\">{\"@context\":\"https:\/\/schema.org\",\"@graph\":[{\"@type\":\"Article\",\"@id\":\"https:\/\/epochtimestr.com\/index.php\/mersinde-biz-mersiniz-platformu-kuruldu#article\",\"isPartOf\":{\"@id\":\"https:\/\/epochtimestr.com\/index.php\/mersinde-biz-mersiniz-platformu-kuruldu\"},\"author\":{\"name\":\"Ali Kekliktepe\",\"@id\":\"https:\/\/epochtimestr.com\/#\/schema\/person\/da94a416fed1aed029d0a47e85673b95\"},\"headline\":\"Mersin\u2019de \u201cBiz Mersin\u2019iz\u201d Platformu Kuruldu\",\"datePublished\":\"2026-06-02T20:00:22+00:00\",\"dateModified\":\"2026-06-02T20:00:24+00:00\",\"mainEntityOfPage\":{\"@id\":\"https:\/\/epochtimestr.com\/index.php\/mersinde-biz-mersiniz-platformu-kuruldu\"},\"wordCount\":481,\"commentCount\":0,\"publisher\":{\"@id\":\"https:\/\/epochtimestr.com\/#organization\"},\"image\":{\"@id\":\"https:\/\/epochtimestr.com\/index.php\/mersinde-biz-mersiniz-platformu-kuruldu#primaryimage\"},\"thumbnailUrl\":\"https:\/\/epochtimestr.com\/wp-content\/uploads\/2011y\/Ali-Kekliktepe.jpg\",\"articleSection\":[\"K\u00f6\u015fe Yaz\u0131lar\u0131 Ali Kekliktepe\"],\"inLanguage\":\"tr\",\"potentialAction\":[{\"@type\":\"CommentAction\",\"name\":\"Comment\",\"target\":[\"https:\/\/epochtimestr.com\/index.php\/mersinde-biz-mersiniz-platformu-kuruldu#respond\"]}]},{\"@type\":\"WebPage\",\"@id\":\"https:\/\/epochtimestr.com\/index.php\/mersinde-biz-mersiniz-platformu-kuruldu\",\"url\":\"https:\/\/epochtimestr.com\/index.php\/mersinde-biz-mersiniz-platformu-kuruldu\",\"name\":\"Mersin\u2019de \u201cBiz Mersin\u2019iz\u201d Platformu Kuruldu - The Epoch Times TR\",\"isPartOf\":{\"@id\":\"https:\/\/epochtimestr.com\/#website\"},\"primaryImageOfPage\":{\"@id\":\"https:\/\/epochtimestr.com\/index.php\/mersinde-biz-mersiniz-platformu-kuruldu#primaryimage\"},\"image\":{\"@id\":\"https:\/\/epochtimestr.com\/index.php\/mersinde-biz-mersiniz-platformu-kuruldu#primaryimage\"},\"thumbnailUrl\":\"https:\/\/epochtimestr.com\/wp-content\/uploads\/2011y\/Ali-Kekliktepe.jpg\",\"datePublished\":\"2026-06-02T20:00:22+00:00\",\"dateModified\":\"2026-06-02T20:00:24+00:00\",\"description\":\"Mersin\u2019deki STK'lar, kentin ve toplumun kanayan yaralar\u0131na ortak \u00e7\u00f6z\u00fcmler \u00fcretmek amac\u0131yla \u201cBiz Mersin\u2019iz Dernekler Platformu\u201dnu kurdu.\",\"inLanguage\":\"tr\",\"potentialAction\":[{\"@type\":\"ReadAction\",\"target\":[\"https:\/\/epochtimestr.com\/index.php\/mersinde-biz-mersiniz-platformu-kuruldu\"]}]},{\"@type\":\"ImageObject\",\"inLanguage\":\"tr\",\"@id\":\"https:\/\/epochtimestr.com\/index.php\/mersinde-biz-mersiniz-platformu-kuruldu#primaryimage\",\"url\":\"https:\/\/epochtimestr.com\/wp-content\/uploads\/2011y\/Ali-Kekliktepe.jpg\",\"contentUrl\":\"https:\/\/epochtimestr.com\/wp-content\/uploads\/2011y\/Ali-Kekliktepe.jpg\",\"width\":600,\"height\":600},{\"@type\":\"WebSite\",\"@id\":\"https:\/\/epochtimestr.com\/#website\",\"url\":\"https:\/\/epochtimestr.com\/\",\"name\":\"The Epoch Times TR\",\"description\":\"De\u011fi\u015fen D\u00fcnyam\u0131za Taze Bir Bak\u0131\u015f\",\"publisher\":{\"@id\":\"https:\/\/epochtimestr.com\/#organization\"},\"potentialAction\":[{\"@type\":\"SearchAction\",\"target\":{\"@type\":\"EntryPoint\",\"urlTemplate\":\"https:\/\/epochtimestr.com\/?s={search_term_string}\"},\"query-input\":\"required name=search_term_string\"}],\"inLanguage\":\"tr\"},{\"@type\":\"Organization\",\"@id\":\"https:\/\/epochtimestr.com\/#organization\",\"name\":\"The EpochTimes T\u00fcrkiye\",\"url\":\"https:\/\/epochtimestr.com\/\",\"logo\":{\"@type\":\"ImageObject\",\"inLanguage\":\"tr\",\"@id\":\"https:\/\/epochtimestr.com\/#\/schema\/logo\/image\/\",\"url\":\"https:\/\/epochtimestr.com\/wp-content\/uploads\/2011y\/ET-Logo-YG.jpg\",\"contentUrl\":\"https:\/\/epochtimestr.com\/wp-content\/uploads\/2011y\/ET-Logo-YG.jpg\",\"width\":346,\"height\":29,\"caption\":\"The EpochTimes T\u00fcrkiye\"},\"image\":{\"@id\":\"https:\/\/epochtimestr.com\/#\/schema\/logo\/image\/\"},\"sameAs\":[\"https:\/\/www.facebook.com\/theepochtimestr\",\"https:\/\/x.com\/TheEpochTimesTR\",\"https:\/\/www.instagram.com\/epochtimestr\"]},{\"@type\":\"Person\",\"@id\":\"https:\/\/epochtimestr.com\/#\/schema\/person\/da94a416fed1aed029d0a47e85673b95\",\"name\":\"Ali Kekliktepe\",\"image\":{\"@type\":\"ImageObject\",\"inLanguage\":\"tr\",\"@id\":\"https:\/\/epochtimestr.com\/#\/schema\/person\/image\/\",\"url\":\"https:\/\/secure.gravatar.com\/avatar\/6c965c3fc374c8f4af759baef4f38bcd?s=96&d=mm&r=g\",\"contentUrl\":\"https:\/\/secure.gravatar.com\/avatar\/6c965c3fc374c8f4af759baef4f38bcd?s=96&d=mm&r=g\",\"caption\":\"Ali Kekliktepe\"},\"description\":\"Ben Ali Kekliktepe; hayat\u0131n\u0131 \u00f6\u011frenmeye, \u00f6\u011fretmeye ve toplumsal fayda yaratmaya adam\u0131\u015f bir yazar ve profesyonelim. Kalemi sadece ka\u011f\u0131da dokunan bir ara\u00e7 de\u011fil, toplumun aksayan y\u00f6nlerine \u015fifa olan bir enstr\u00fcman olarak g\u00f6r\u00fcyorum.\",\"sameAs\":[\"https:\/\/alikekliktepemersin33.blogspot.com\/\"],\"url\":\"https:\/\/epochtimestr.com\/index.php\/author\/ali\"}]}<\/script>\n<!-- \/ Yoast SEO plugin. -->","yoast_head_json":{"title":"Mersin\u2019de \u201cBiz Mersin\u2019iz\u201d Platformu Kuruldu - The Epoch Times TR","description":"Mersin\u2019deki STK'lar, kentin ve toplumun kanayan yaralar\u0131na ortak \u00e7\u00f6z\u00fcmler \u00fcretmek amac\u0131yla \u201cBiz Mersin\u2019iz Dernekler Platformu\u201dnu kurdu.","robots":{"index":"index","follow":"follow","max-snippet":"max-snippet:-1","max-image-preview":"max-image-preview:large","max-video-preview":"max-video-preview:-1"},"canonical":"https:\/\/epochtimestr.com\/index.php\/mersinde-biz-mersiniz-platformu-kuruldu","og_locale":"tr_TR","og_type":"article","og_title":"Mersin\u2019de \u201cBiz Mersin\u2019iz\u201d Platformu Kuruldu - The Epoch Times TR","og_description":"Mersin\u2019deki STK'lar, kentin ve toplumun kanayan yaralar\u0131na ortak \u00e7\u00f6z\u00fcmler \u00fcretmek amac\u0131yla \u201cBiz Mersin\u2019iz Dernekler Platformu\u201dnu kurdu.","og_url":"https:\/\/epochtimestr.com\/index.php\/mersinde-biz-mersiniz-platformu-kuruldu","og_site_name":"The Epoch Times TR","article_publisher":"https:\/\/www.facebook.com\/theepochtimestr","article_published_time":"2026-06-02T20:00:22+00:00","article_modified_time":"2026-06-02T20:00:24+00:00","og_image":[{"width":1200,"height":630,"url":"https:\/\/epochtimestr.com\/wp-content\/uploads\/2011y\/ali-kekliktepe-SM.jpeg","type":"image\/jpeg"}],"author":"Ali Kekliktepe","twitter_card":"summary_large_image","twitter_creator":"@TheEpochTimesTR","twitter_site":"@TheEpochTimesTR","twitter_misc":{"Yazan:":"Ali Kekliktepe","Tahmini okuma s\u00fcresi":"3 dakika"},"schema":{"@context":"https:\/\/schema.org","@graph":[{"@type":"Article","@id":"https:\/\/epochtimestr.com\/index.php\/mersinde-biz-mersiniz-platformu-kuruldu#article","isPartOf":{"@id":"https:\/\/epochtimestr.com\/index.php\/mersinde-biz-mersiniz-platformu-kuruldu"},"author":{"name":"Ali Kekliktepe","@id":"https:\/\/epochtimestr.com\/#\/schema\/person\/da94a416fed1aed029d0a47e85673b95"},"headline":"Mersin\u2019de \u201cBiz Mersin\u2019iz\u201d Platformu Kuruldu","datePublished":"2026-06-02T20:00:22+00:00","dateModified":"2026-06-02T20:00:24+00:00","mainEntityOfPage":{"@id":"https:\/\/epochtimestr.com\/index.php\/mersinde-biz-mersiniz-platformu-kuruldu"},"wordCount":481,"commentCount":0,"publisher":{"@id":"https:\/\/epochtimestr.com\/#organization"},"image":{"@id":"https:\/\/epochtimestr.com\/index.php\/mersinde-biz-mersiniz-platformu-kuruldu#primaryimage"},"thumbnailUrl":"https:\/\/epochtimestr.com\/wp-content\/uploads\/2011y\/Ali-Kekliktepe.jpg","articleSection":["K\u00f6\u015fe Yaz\u0131lar\u0131 Ali Kekliktepe"],"inLanguage":"tr","potentialAction":[{"@type":"CommentAction","name":"Comment","target":["https:\/\/epochtimestr.com\/index.php\/mersinde-biz-mersiniz-platformu-kuruldu#respond"]}]},{"@type":"WebPage","@id":"https:\/\/epochtimestr.com\/index.php\/mersinde-biz-mersiniz-platformu-kuruldu","url":"https:\/\/epochtimestr.com\/index.php\/mersinde-biz-mersiniz-platformu-kuruldu","name":"Mersin\u2019de \u201cBiz Mersin\u2019iz\u201d Platformu Kuruldu - The Epoch Times TR","isPartOf":{"@id":"https:\/\/epochtimestr.com\/#website"},"primaryImageOfPage":{"@id":"https:\/\/epochtimestr.com\/index.php\/mersinde-biz-mersiniz-platformu-kuruldu#primaryimage"},"image":{"@id":"https:\/\/epochtimestr.com\/index.php\/mersinde-biz-mersiniz-platformu-kuruldu#primaryimage"},"thumbnailUrl":"https:\/\/epochtimestr.com\/wp-content\/uploads\/2011y\/Ali-Kekliktepe.jpg","datePublished":"2026-06-02T20:00:22+00:00","dateModified":"2026-06-02T20:00:24+00:00","description":"Mersin\u2019deki STK'lar, kentin ve toplumun kanayan yaralar\u0131na ortak \u00e7\u00f6z\u00fcmler \u00fcretmek amac\u0131yla \u201cBiz Mersin\u2019iz Dernekler Platformu\u201dnu kurdu.","inLanguage":"tr","potentialAction":[{"@type":"ReadAction","target":["https:\/\/epochtimestr.com\/index.php\/mersinde-biz-mersiniz-platformu-kuruldu"]}]},{"@type":"ImageObject","inLanguage":"tr","@id":"https:\/\/epochtimestr.com\/index.php\/mersinde-biz-mersiniz-platformu-kuruldu#primaryimage","url":"https:\/\/epochtimestr.com\/wp-content\/uploads\/2011y\/Ali-Kekliktepe.jpg","contentUrl":"https:\/\/epochtimestr.com\/wp-content\/uploads\/2011y\/Ali-Kekliktepe.jpg","width":600,"height":600},{"@type":"WebSite","@id":"https:\/\/epochtimestr.com\/#website","url":"https:\/\/epochtimestr.com\/","name":"The Epoch Times TR","description":"De\u011fi\u015fen D\u00fcnyam\u0131za Taze Bir Bak\u0131\u015f","publisher":{"@id":"https:\/\/epochtimestr.com\/#organization"},"potentialAction":[{"@type":"SearchAction","target":{"@type":"EntryPoint","urlTemplate":"https:\/\/epochtimestr.com\/?s={search_term_string}"},"query-input":"required name=search_term_string"}],"inLanguage":"tr"},{"@type":"Organization","@id":"https:\/\/epochtimestr.com\/#organization","name":"The EpochTimes T\u00fcrkiye","url":"https:\/\/epochtimestr.com\/","logo":{"@type":"ImageObject","inLanguage":"tr","@id":"https:\/\/epochtimestr.com\/#\/schema\/logo\/image\/","url":"https:\/\/epochtimestr.com\/wp-content\/uploads\/2011y\/ET-Logo-YG.jpg","contentUrl":"https:\/\/epochtimestr.com\/wp-content\/uploads\/2011y\/ET-Logo-YG.jpg","width":346,"height":29,"caption":"The EpochTimes T\u00fcrkiye"},"image":{"@id":"https:\/\/epochtimestr.com\/#\/schema\/logo\/image\/"},"sameAs":["https:\/\/www.facebook.com\/theepochtimestr","https:\/\/x.com\/TheEpochTimesTR","https:\/\/www.instagram.com\/epochtimestr"]},{"@type":"Person","@id":"https:\/\/epochtimestr.com\/#\/schema\/person\/da94a416fed1aed029d0a47e85673b95","name":"Ali Kekliktepe","image":{"@type":"ImageObject","inLanguage":"tr","@id":"https:\/\/epochtimestr.com\/#\/schema\/person\/image\/","url":"https:\/\/secure.gravatar.com\/avatar\/6c965c3fc374c8f4af759baef4f38bcd?s=96&d=mm&r=g","contentUrl":"https:\/\/secure.gravatar.com\/avatar\/6c965c3fc374c8f4af759baef4f38bcd?s=96&d=mm&r=g","caption":"Ali Kekliktepe"},"description":"Ben Ali Kekliktepe; hayat\u0131n\u0131 \u00f6\u011frenmeye, \u00f6\u011fretmeye ve toplumsal fayda yaratmaya adam\u0131\u015f bir yazar ve profesyonelim. Kalemi sadece ka\u011f\u0131da dokunan bir ara\u00e7 de\u011fil, toplumun aksayan y\u00f6nlerine \u015fifa olan bir enstr\u00fcman olarak g\u00f6r\u00fcyorum.","sameAs":["https:\/\/alikekliktepemersin33.blogspot.com\/"],"url":"https:\/\/epochtimestr.com\/index.php\/author\/ali"}]}},"_links":{"self":[{"href":"https:\/\/epochtimestr.com\/index.php\/wp-json\/wp\/v2\/posts\/167635"}],"collection":[{"href":"https:\/\/epochtimestr.com\/index.php\/wp-json\/wp\/v2\/posts"}],"about":[{"href":"https:\/\/epochtimestr.com\/index.php\/wp-json\/wp\/v2\/types\/post"}],"author":[{"embeddable":true,"href":"https:\/\/epochtimestr.com\/index.php\/wp-json\/wp\/v2\/users\/14013"}],"replies":[{"embeddable":true,"href":"https:\/\/epochtimestr.com\/index.php\/wp-json\/wp\/v2\/comments?post=167635"}],"version-history":[{"count":1,"href":"https:\/\/epochtimestr.com\/index.php\/wp-json\/wp\/v2\/posts\/167635\/revisions"}],"predecessor-version":[{"id":167639,"href":"https:\/\/epochtimestr.com\/index.php\/wp-json\/wp\/v2\/posts\/167635\/revisions\/167639"}],"wp:featuredmedia":[{"embeddable":true,"href":"https:\/\/epochtimestr.com\/index.php\/wp-json\/wp\/v2\/media\/167144"}],"wp:attachment":[{"href":"https:\/\/epochtimestr.com\/index.php\/wp-json\/wp\/v2\/media?parent=167635"}],"wp:term":[{"taxonomy":"category","embeddable":true,"href":"https:\/\/epochtimestr.com\/index.php\/wp-json\/wp\/v2\/categories?post=167635"},{"taxonomy":"post_tag","embeddable":true,"href":"https:\/\/epochtimestr.com\/index.php\/wp-json\/wp\/v2\/tags?post=167635"}],"curies":[{"name":"wp","href":"https:\/\/api.w.org\/{rel}","templated":true}]}}