{"id":167640,"date":"2026-06-03T07:00:00","date_gmt":"2026-06-03T04:00:00","guid":{"rendered":"https:\/\/epochtimestr.com\/?p=167640"},"modified":"2026-06-02T23:06:59","modified_gmt":"2026-06-02T20:06:59","slug":"tuz-ve-su-dengesi","status":"publish","type":"post","link":"https:\/\/epochtimestr.com\/index.php\/tuz-ve-su-dengesi","title":{"rendered":"Tuz ve Su Dengesi"},"content":{"rendered":"\n<p>Sa\u011fl\u0131k g\u00fcndeminde s\u0131k\u00e7a g\u00f6z ard\u0131 edilen bir ger\u00e7ek var: ya\u015fam tarz\u0131 de\u011fi\u015fiklikleri, ila\u00e7lardan daha g\u00fc\u00e7l\u00fc bir koruyucu kalkan olabilir. Vertigo ve kulak \u00e7\u0131nlamas\u0131 ya\u015fayan binlerce ki\u015fi, asl\u0131nda sofradaki k\u00fc\u00e7\u00fck tercihlerle hayat kalitesini y\u00fckseltebilir.<\/p>\n\n\n\n<p>Prof. Dr. Duygu Erdem\u2019in a\u00e7\u0131klamalar\u0131, bize basit bir ger\u00e7e\u011fi hat\u0131rlat\u0131yor: fazla tuz + az su = atak davetiyesi. \u0130\u00e7 kulakta biriken tuz, bas\u0131n\u00e7 art\u0131\u015f\u0131na yol a\u00e7\u0131yor. Bu da ba\u015f d\u00f6nmesi, \u00e7\u0131nlama ve i\u015fitme kayb\u0131 olarak geri d\u00f6n\u00fcyor.<\/p>\n\n\n\n<p>\ud83d\udd0d <strong>G\u00fcnl\u00fck Hayata Yans\u0131mas\u0131<\/strong><\/p>\n\n\n\n<p><strong>Tuz k\u0131s\u0131tlamas\u0131:<\/strong> Paketli g\u0131dalar, \u00c7in tuzu ve a\u015f\u0131r\u0131 tuzlu yiyeceklerden uzak durmak gerekiyor.<\/p>\n\n\n\n<p><strong>S\u0131v\u0131 al\u0131m\u0131:<\/strong> Yeterli su i\u00e7mek, tuzun kulakta birikmesini engelliyor.<\/p>\n\n\n\n<p><strong>Stres y\u00f6netimi:<\/strong> \u00c7a\u011f\u0131m\u0131z\u0131n hastal\u0131\u011f\u0131 stres, ataklar\u0131 tetikleyen en g\u00fc\u00e7l\u00fc fakt\u00f6rlerden biri.<\/p>\n\n\n\n<p><strong>Kafein ve katk\u0131 maddeleri:<\/strong> \u00c7ay, kahve ve paketli g\u0131dalar\u0131n a\u015f\u0131r\u0131 t\u00fcketimi risk fakt\u00f6r\u00fc.<\/p>\n\n\n\n<p>\u26a0\ufe0f <strong>Riskler ve Uyar\u0131lar<\/strong><\/p>\n\n\n\n<p>Ataklar 2 ila 24 saat s\u00fcrebilir ve g\u00fcnl\u00fck ya\u015fam\u0131 fel\u00e7 edebilir.<\/p>\n\n\n\n<p>Tedavi edilmezse dalgal\u0131 i\u015fitme kayb\u0131 kal\u0131c\u0131 doku bozukluklar\u0131na yol a\u00e7abilir.<\/p>\n\n\n\n<p>\u201cAz tuz yeter\u201d d\u00fc\u015f\u00fcncesi yanl\u0131\u015ft\u0131r, su t\u00fcketimiyle birlikte denge sa\u011flanmal\u0131d\u0131r.<\/p>\n\n\n\n<p>\ud83c\udfaf <strong>Son S\u00f6z<\/strong><\/p>\n\n\n\n<p>Bu tablo bize \u015funu s\u00f6yl\u00fcyor: Sa\u011fl\u0131k bazen sofrada ba\u015flar. \u0130la\u00e7lar elbette gerekli ama ya\u015fam tarz\u0131 de\u011fi\u015fiklikleri olmadan kal\u0131c\u0131 \u00e7\u00f6z\u00fcm m\u00fcmk\u00fcn de\u011fil. Tuz ve su dengesi, meniere hastalar\u0131n\u0131n hayat\u0131n\u0131 kolayla\u015ft\u0131ran en ucuz ve en etkili re\u00e7etedir.<\/p>\n","protected":false},"excerpt":{"rendered":"<p>Sa\u011fl\u0131k g\u00fcndeminde s\u0131k\u00e7a g\u00f6z ard\u0131 edilen bir ger\u00e7ek var: ya\u015fam tarz\u0131 de\u011fi\u015fiklikleri, ila\u00e7lardan daha g\u00fc\u00e7l\u00fc bir koruyucu kalkan olabilir. Vertigo ve kulak \u00e7\u0131nlamas\u0131 ya\u015fayan binlerce ki\u015fi, asl\u0131nda sofradaki k\u00fc\u00e7\u00fck tercihlerle hayat kalitesini y\u00fckseltebilir. Prof. Dr. Duygu Erdem\u2019in a\u00e7\u0131klamalar\u0131, bize basit bir ger\u00e7e\u011fi hat\u0131rlat\u0131yor: fazla tuz + az su = atak davetiyesi. \u0130\u00e7 kulakta biriken tuz, [&hellip;]<\/p>\n","protected":false},"author":14013,"featured_media":167144,"comment_status":"open","ping_status":"open","sticky":false,"template":"","format":"standard","meta":{"_yoast_wpseo_focuskw":"tuz - su","_yoast_wpseo_title":"","_yoast_wpseo_metadesc":"\u0130\u00e7 kulakta biriken tuz, bas\u0131n\u00e7 art\u0131\u015f\u0131na yol a\u00e7\u0131yor. Bu da ba\u015f d\u00f6nmesi, \u00e7\u0131nlama ve i\u015fitme kayb\u0131 olarak geri d\u00f6n\u00fcyor.","_bbp_topic_count":0,"_bbp_reply_count":0,"_bbp_total_topic_count":0,"_bbp_total_reply_count":0,"_bbp_voice_count":0,"_bbp_anonymous_reply_count":0,"_bbp_topic_count_hidden":0,"_bbp_reply_count_hidden":0,"_bbp_forum_subforum_count":0,"footnotes":"","_yoast_wpseo_focuskw_text_input":""},"categories":[11361],"tags":[],"yoast_head":"<!-- This site is optimized with the Yoast SEO plugin v23.0 - https:\/\/yoast.com\/wordpress\/plugins\/seo\/ -->\n<title>Tuz ve Su Dengesi - The Epoch Times TR<\/title>\n<meta name=\"description\" content=\"\u0130\u00e7 kulakta biriken tuz, bas\u0131n\u00e7 art\u0131\u015f\u0131na yol a\u00e7\u0131yor. Bu da ba\u015f d\u00f6nmesi, \u00e7\u0131nlama ve i\u015fitme kayb\u0131 olarak geri d\u00f6n\u00fcyor.\" \/>\n<meta name=\"robots\" content=\"index, follow, max-snippet:-1, max-image-preview:large, max-video-preview:-1\" \/>\n<link rel=\"canonical\" href=\"https:\/\/epochtimestr.com\/index.php\/tuz-ve-su-dengesi\" \/>\n<meta property=\"og:locale\" content=\"tr_TR\" \/>\n<meta property=\"og:type\" content=\"article\" \/>\n<meta property=\"og:title\" content=\"Tuz ve Su Dengesi - The Epoch Times TR\" \/>\n<meta property=\"og:description\" content=\"\u0130\u00e7 kulakta biriken tuz, bas\u0131n\u00e7 art\u0131\u015f\u0131na yol a\u00e7\u0131yor. Bu da ba\u015f d\u00f6nmesi, \u00e7\u0131nlama ve i\u015fitme kayb\u0131 olarak geri d\u00f6n\u00fcyor.\" \/>\n<meta property=\"og:url\" content=\"https:\/\/epochtimestr.com\/index.php\/tuz-ve-su-dengesi\" \/>\n<meta property=\"og:site_name\" content=\"The Epoch Times TR\" \/>\n<meta property=\"article:publisher\" content=\"https:\/\/www.facebook.com\/theepochtimestr\" \/>\n<meta property=\"article:published_time\" content=\"2026-06-03T04:00:00+00:00\" \/>\n<meta property=\"article:modified_time\" content=\"2026-06-02T20:06:59+00:00\" \/>\n<meta property=\"og:image\" content=\"https:\/\/epochtimestr.com\/wp-content\/uploads\/2011y\/ali-kekliktepe-SM.jpeg\" \/>\n\t<meta property=\"og:image:width\" content=\"1200\" \/>\n\t<meta property=\"og:image:height\" content=\"630\" \/>\n\t<meta property=\"og:image:type\" content=\"image\/jpeg\" \/>\n<meta name=\"author\" content=\"Ali Kekliktepe\" \/>\n<meta name=\"twitter:card\" content=\"summary_large_image\" \/>\n<meta name=\"twitter:creator\" content=\"@TheEpochTimesTR\" \/>\n<meta name=\"twitter:site\" content=\"@TheEpochTimesTR\" \/>\n<meta name=\"twitter:label1\" content=\"Yazan:\" \/>\n\t<meta name=\"twitter:data1\" content=\"Ali Kekliktepe\" \/>\n\t<meta name=\"twitter:label2\" content=\"Tahmini okuma s\u00fcresi\" \/>\n\t<meta name=\"twitter:data2\" content=\"2 dakika\" \/>\n<script type=\"application\/ld+json\" class=\"yoast-schema-graph\">{\"@context\":\"https:\/\/schema.org\",\"@graph\":[{\"@type\":\"Article\",\"@id\":\"https:\/\/epochtimestr.com\/index.php\/tuz-ve-su-dengesi#article\",\"isPartOf\":{\"@id\":\"https:\/\/epochtimestr.com\/index.php\/tuz-ve-su-dengesi\"},\"author\":{\"name\":\"Ali Kekliktepe\",\"@id\":\"https:\/\/epochtimestr.com\/#\/schema\/person\/da94a416fed1aed029d0a47e85673b95\"},\"headline\":\"Tuz ve Su Dengesi\",\"datePublished\":\"2026-06-03T04:00:00+00:00\",\"dateModified\":\"2026-06-02T20:06:59+00:00\",\"mainEntityOfPage\":{\"@id\":\"https:\/\/epochtimestr.com\/index.php\/tuz-ve-su-dengesi\"},\"wordCount\":277,\"commentCount\":0,\"publisher\":{\"@id\":\"https:\/\/epochtimestr.com\/#organization\"},\"image\":{\"@id\":\"https:\/\/epochtimestr.com\/index.php\/tuz-ve-su-dengesi#primaryimage\"},\"thumbnailUrl\":\"https:\/\/epochtimestr.com\/wp-content\/uploads\/2011y\/Ali-Kekliktepe.jpg\",\"articleSection\":[\"K\u00f6\u015fe Yaz\u0131lar\u0131 Ali Kekliktepe\"],\"inLanguage\":\"tr\",\"potentialAction\":[{\"@type\":\"CommentAction\",\"name\":\"Comment\",\"target\":[\"https:\/\/epochtimestr.com\/index.php\/tuz-ve-su-dengesi#respond\"]}]},{\"@type\":\"WebPage\",\"@id\":\"https:\/\/epochtimestr.com\/index.php\/tuz-ve-su-dengesi\",\"url\":\"https:\/\/epochtimestr.com\/index.php\/tuz-ve-su-dengesi\",\"name\":\"Tuz ve Su Dengesi - The Epoch Times TR\",\"isPartOf\":{\"@id\":\"https:\/\/epochtimestr.com\/#website\"},\"primaryImageOfPage\":{\"@id\":\"https:\/\/epochtimestr.com\/index.php\/tuz-ve-su-dengesi#primaryimage\"},\"image\":{\"@id\":\"https:\/\/epochtimestr.com\/index.php\/tuz-ve-su-dengesi#primaryimage\"},\"thumbnailUrl\":\"https:\/\/epochtimestr.com\/wp-content\/uploads\/2011y\/Ali-Kekliktepe.jpg\",\"datePublished\":\"2026-06-03T04:00:00+00:00\",\"dateModified\":\"2026-06-02T20:06:59+00:00\",\"description\":\"\u0130\u00e7 kulakta biriken tuz, bas\u0131n\u00e7 art\u0131\u015f\u0131na yol a\u00e7\u0131yor. Bu da ba\u015f d\u00f6nmesi, \u00e7\u0131nlama ve i\u015fitme kayb\u0131 olarak geri d\u00f6n\u00fcyor.\",\"inLanguage\":\"tr\",\"potentialAction\":[{\"@type\":\"ReadAction\",\"target\":[\"https:\/\/epochtimestr.com\/index.php\/tuz-ve-su-dengesi\"]}]},{\"@type\":\"ImageObject\",\"inLanguage\":\"tr\",\"@id\":\"https:\/\/epochtimestr.com\/index.php\/tuz-ve-su-dengesi#primaryimage\",\"url\":\"https:\/\/epochtimestr.com\/wp-content\/uploads\/2011y\/Ali-Kekliktepe.jpg\",\"contentUrl\":\"https:\/\/epochtimestr.com\/wp-content\/uploads\/2011y\/Ali-Kekliktepe.jpg\",\"width\":600,\"height\":600},{\"@type\":\"WebSite\",\"@id\":\"https:\/\/epochtimestr.com\/#website\",\"url\":\"https:\/\/epochtimestr.com\/\",\"name\":\"The Epoch Times TR\",\"description\":\"De\u011fi\u015fen D\u00fcnyam\u0131za Taze Bir Bak\u0131\u015f\",\"publisher\":{\"@id\":\"https:\/\/epochtimestr.com\/#organization\"},\"potentialAction\":[{\"@type\":\"SearchAction\",\"target\":{\"@type\":\"EntryPoint\",\"urlTemplate\":\"https:\/\/epochtimestr.com\/?s={search_term_string}\"},\"query-input\":\"required name=search_term_string\"}],\"inLanguage\":\"tr\"},{\"@type\":\"Organization\",\"@id\":\"https:\/\/epochtimestr.com\/#organization\",\"name\":\"The EpochTimes T\u00fcrkiye\",\"url\":\"https:\/\/epochtimestr.com\/\",\"logo\":{\"@type\":\"ImageObject\",\"inLanguage\":\"tr\",\"@id\":\"https:\/\/epochtimestr.com\/#\/schema\/logo\/image\/\",\"url\":\"https:\/\/epochtimestr.com\/wp-content\/uploads\/2011y\/ET-Logo-YG.jpg\",\"contentUrl\":\"https:\/\/epochtimestr.com\/wp-content\/uploads\/2011y\/ET-Logo-YG.jpg\",\"width\":346,\"height\":29,\"caption\":\"The EpochTimes T\u00fcrkiye\"},\"image\":{\"@id\":\"https:\/\/epochtimestr.com\/#\/schema\/logo\/image\/\"},\"sameAs\":[\"https:\/\/www.facebook.com\/theepochtimestr\",\"https:\/\/x.com\/TheEpochTimesTR\",\"https:\/\/www.instagram.com\/epochtimestr\"]},{\"@type\":\"Person\",\"@id\":\"https:\/\/epochtimestr.com\/#\/schema\/person\/da94a416fed1aed029d0a47e85673b95\",\"name\":\"Ali Kekliktepe\",\"image\":{\"@type\":\"ImageObject\",\"inLanguage\":\"tr\",\"@id\":\"https:\/\/epochtimestr.com\/#\/schema\/person\/image\/\",\"url\":\"https:\/\/secure.gravatar.com\/avatar\/6c965c3fc374c8f4af759baef4f38bcd?s=96&d=mm&r=g\",\"contentUrl\":\"https:\/\/secure.gravatar.com\/avatar\/6c965c3fc374c8f4af759baef4f38bcd?s=96&d=mm&r=g\",\"caption\":\"Ali Kekliktepe\"},\"description\":\"Ben Ali Kekliktepe; hayat\u0131n\u0131 \u00f6\u011frenmeye, \u00f6\u011fretmeye ve toplumsal fayda yaratmaya adam\u0131\u015f bir yazar ve profesyonelim. Kalemi sadece ka\u011f\u0131da dokunan bir ara\u00e7 de\u011fil, toplumun aksayan y\u00f6nlerine \u015fifa olan bir enstr\u00fcman olarak g\u00f6r\u00fcyorum.\",\"sameAs\":[\"https:\/\/alikekliktepemersin33.blogspot.com\/\"],\"url\":\"https:\/\/epochtimestr.com\/index.php\/author\/ali\"}]}<\/script>\n<!-- \/ Yoast SEO plugin. -->","yoast_head_json":{"title":"Tuz ve Su Dengesi - The Epoch Times TR","description":"\u0130\u00e7 kulakta biriken tuz, bas\u0131n\u00e7 art\u0131\u015f\u0131na yol a\u00e7\u0131yor. Bu da ba\u015f d\u00f6nmesi, \u00e7\u0131nlama ve i\u015fitme kayb\u0131 olarak geri d\u00f6n\u00fcyor.","robots":{"index":"index","follow":"follow","max-snippet":"max-snippet:-1","max-image-preview":"max-image-preview:large","max-video-preview":"max-video-preview:-1"},"canonical":"https:\/\/epochtimestr.com\/index.php\/tuz-ve-su-dengesi","og_locale":"tr_TR","og_type":"article","og_title":"Tuz ve Su Dengesi - The Epoch Times TR","og_description":"\u0130\u00e7 kulakta biriken tuz, bas\u0131n\u00e7 art\u0131\u015f\u0131na yol a\u00e7\u0131yor. Bu da ba\u015f d\u00f6nmesi, \u00e7\u0131nlama ve i\u015fitme kayb\u0131 olarak geri d\u00f6n\u00fcyor.","og_url":"https:\/\/epochtimestr.com\/index.php\/tuz-ve-su-dengesi","og_site_name":"The Epoch Times TR","article_publisher":"https:\/\/www.facebook.com\/theepochtimestr","article_published_time":"2026-06-03T04:00:00+00:00","article_modified_time":"2026-06-02T20:06:59+00:00","og_image":[{"width":1200,"height":630,"url":"https:\/\/epochtimestr.com\/wp-content\/uploads\/2011y\/ali-kekliktepe-SM.jpeg","type":"image\/jpeg"}],"author":"Ali Kekliktepe","twitter_card":"summary_large_image","twitter_creator":"@TheEpochTimesTR","twitter_site":"@TheEpochTimesTR","twitter_misc":{"Yazan:":"Ali Kekliktepe","Tahmini okuma s\u00fcresi":"2 dakika"},"schema":{"@context":"https:\/\/schema.org","@graph":[{"@type":"Article","@id":"https:\/\/epochtimestr.com\/index.php\/tuz-ve-su-dengesi#article","isPartOf":{"@id":"https:\/\/epochtimestr.com\/index.php\/tuz-ve-su-dengesi"},"author":{"name":"Ali Kekliktepe","@id":"https:\/\/epochtimestr.com\/#\/schema\/person\/da94a416fed1aed029d0a47e85673b95"},"headline":"Tuz ve Su Dengesi","datePublished":"2026-06-03T04:00:00+00:00","dateModified":"2026-06-02T20:06:59+00:00","mainEntityOfPage":{"@id":"https:\/\/epochtimestr.com\/index.php\/tuz-ve-su-dengesi"},"wordCount":277,"commentCount":0,"publisher":{"@id":"https:\/\/epochtimestr.com\/#organization"},"image":{"@id":"https:\/\/epochtimestr.com\/index.php\/tuz-ve-su-dengesi#primaryimage"},"thumbnailUrl":"https:\/\/epochtimestr.com\/wp-content\/uploads\/2011y\/Ali-Kekliktepe.jpg","articleSection":["K\u00f6\u015fe Yaz\u0131lar\u0131 Ali Kekliktepe"],"inLanguage":"tr","potentialAction":[{"@type":"CommentAction","name":"Comment","target":["https:\/\/epochtimestr.com\/index.php\/tuz-ve-su-dengesi#respond"]}]},{"@type":"WebPage","@id":"https:\/\/epochtimestr.com\/index.php\/tuz-ve-su-dengesi","url":"https:\/\/epochtimestr.com\/index.php\/tuz-ve-su-dengesi","name":"Tuz ve Su Dengesi - The Epoch Times TR","isPartOf":{"@id":"https:\/\/epochtimestr.com\/#website"},"primaryImageOfPage":{"@id":"https:\/\/epochtimestr.com\/index.php\/tuz-ve-su-dengesi#primaryimage"},"image":{"@id":"https:\/\/epochtimestr.com\/index.php\/tuz-ve-su-dengesi#primaryimage"},"thumbnailUrl":"https:\/\/epochtimestr.com\/wp-content\/uploads\/2011y\/Ali-Kekliktepe.jpg","datePublished":"2026-06-03T04:00:00+00:00","dateModified":"2026-06-02T20:06:59+00:00","description":"\u0130\u00e7 kulakta biriken tuz, bas\u0131n\u00e7 art\u0131\u015f\u0131na yol a\u00e7\u0131yor. Bu da ba\u015f d\u00f6nmesi, \u00e7\u0131nlama ve i\u015fitme kayb\u0131 olarak geri d\u00f6n\u00fcyor.","inLanguage":"tr","potentialAction":[{"@type":"ReadAction","target":["https:\/\/epochtimestr.com\/index.php\/tuz-ve-su-dengesi"]}]},{"@type":"ImageObject","inLanguage":"tr","@id":"https:\/\/epochtimestr.com\/index.php\/tuz-ve-su-dengesi#primaryimage","url":"https:\/\/epochtimestr.com\/wp-content\/uploads\/2011y\/Ali-Kekliktepe.jpg","contentUrl":"https:\/\/epochtimestr.com\/wp-content\/uploads\/2011y\/Ali-Kekliktepe.jpg","width":600,"height":600},{"@type":"WebSite","@id":"https:\/\/epochtimestr.com\/#website","url":"https:\/\/epochtimestr.com\/","name":"The Epoch Times TR","description":"De\u011fi\u015fen D\u00fcnyam\u0131za Taze Bir Bak\u0131\u015f","publisher":{"@id":"https:\/\/epochtimestr.com\/#organization"},"potentialAction":[{"@type":"SearchAction","target":{"@type":"EntryPoint","urlTemplate":"https:\/\/epochtimestr.com\/?s={search_term_string}"},"query-input":"required name=search_term_string"}],"inLanguage":"tr"},{"@type":"Organization","@id":"https:\/\/epochtimestr.com\/#organization","name":"The EpochTimes T\u00fcrkiye","url":"https:\/\/epochtimestr.com\/","logo":{"@type":"ImageObject","inLanguage":"tr","@id":"https:\/\/epochtimestr.com\/#\/schema\/logo\/image\/","url":"https:\/\/epochtimestr.com\/wp-content\/uploads\/2011y\/ET-Logo-YG.jpg","contentUrl":"https:\/\/epochtimestr.com\/wp-content\/uploads\/2011y\/ET-Logo-YG.jpg","width":346,"height":29,"caption":"The EpochTimes T\u00fcrkiye"},"image":{"@id":"https:\/\/epochtimestr.com\/#\/schema\/logo\/image\/"},"sameAs":["https:\/\/www.facebook.com\/theepochtimestr","https:\/\/x.com\/TheEpochTimesTR","https:\/\/www.instagram.com\/epochtimestr"]},{"@type":"Person","@id":"https:\/\/epochtimestr.com\/#\/schema\/person\/da94a416fed1aed029d0a47e85673b95","name":"Ali Kekliktepe","image":{"@type":"ImageObject","inLanguage":"tr","@id":"https:\/\/epochtimestr.com\/#\/schema\/person\/image\/","url":"https:\/\/secure.gravatar.com\/avatar\/6c965c3fc374c8f4af759baef4f38bcd?s=96&d=mm&r=g","contentUrl":"https:\/\/secure.gravatar.com\/avatar\/6c965c3fc374c8f4af759baef4f38bcd?s=96&d=mm&r=g","caption":"Ali Kekliktepe"},"description":"Ben Ali Kekliktepe; hayat\u0131n\u0131 \u00f6\u011frenmeye, \u00f6\u011fretmeye ve toplumsal fayda yaratmaya adam\u0131\u015f bir yazar ve profesyonelim. Kalemi sadece ka\u011f\u0131da dokunan bir ara\u00e7 de\u011fil, toplumun aksayan y\u00f6nlerine \u015fifa olan bir enstr\u00fcman olarak g\u00f6r\u00fcyorum.","sameAs":["https:\/\/alikekliktepemersin33.blogspot.com\/"],"url":"https:\/\/epochtimestr.com\/index.php\/author\/ali"}]}},"_links":{"self":[{"href":"https:\/\/epochtimestr.com\/index.php\/wp-json\/wp\/v2\/posts\/167640"}],"collection":[{"href":"https:\/\/epochtimestr.com\/index.php\/wp-json\/wp\/v2\/posts"}],"about":[{"href":"https:\/\/epochtimestr.com\/index.php\/wp-json\/wp\/v2\/types\/post"}],"author":[{"embeddable":true,"href":"https:\/\/epochtimestr.com\/index.php\/wp-json\/wp\/v2\/users\/14013"}],"replies":[{"embeddable":true,"href":"https:\/\/epochtimestr.com\/index.php\/wp-json\/wp\/v2\/comments?post=167640"}],"version-history":[{"count":1,"href":"https:\/\/epochtimestr.com\/index.php\/wp-json\/wp\/v2\/posts\/167640\/revisions"}],"predecessor-version":[{"id":167641,"href":"https:\/\/epochtimestr.com\/index.php\/wp-json\/wp\/v2\/posts\/167640\/revisions\/167641"}],"wp:featuredmedia":[{"embeddable":true,"href":"https:\/\/epochtimestr.com\/index.php\/wp-json\/wp\/v2\/media\/167144"}],"wp:attachment":[{"href":"https:\/\/epochtimestr.com\/index.php\/wp-json\/wp\/v2\/media?parent=167640"}],"wp:term":[{"taxonomy":"category","embeddable":true,"href":"https:\/\/epochtimestr.com\/index.php\/wp-json\/wp\/v2\/categories?post=167640"},{"taxonomy":"post_tag","embeddable":true,"href":"https:\/\/epochtimestr.com\/index.php\/wp-json\/wp\/v2\/tags?post=167640"}],"curies":[{"name":"wp","href":"https:\/\/api.w.org\/{rel}","templated":true}]}}