{"id":167644,"date":"2026-06-03T13:53:54","date_gmt":"2026-06-03T10:53:54","guid":{"rendered":"https:\/\/epochtimestr.com\/?p=167644"},"modified":"2026-06-03T13:53:59","modified_gmt":"2026-06-03T10:53:59","slug":"bir-kusaktan-bir-kusaga-uzanan-turkuler","status":"publish","type":"post","link":"https:\/\/epochtimestr.com\/index.php\/bir-kusaktan-bir-kusaga-uzanan-turkuler","title":{"rendered":"Bir Ku\u015faktan Bir Ku\u015fa\u011fa Uzanan T\u00fcrk\u00fcler"},"content":{"rendered":"\n<p>Mersin B\u00fcy\u00fck\u015fehir Belediyesi Emekli Evi \u201cBir Ku\u015faktan Bir Ku\u015fa\u011fa Gen\u00e7ler Korosu\u201dnun bir koristi olarak, ge\u00e7ti\u011fimiz g\u00fcnlerde ya\u015fad\u0131\u011f\u0131m\u0131z o g\u00fczel konser heyecan\u0131n\u0131 siz de\u011ferli okuyucular\u0131mla payla\u015fmak istedim.<\/p>\n\n\n<div class=\"wp-block-image\">\n<figure class=\"aligncenter size-large\"><img loading=\"lazy\" decoding=\"async\" width=\"1929\" height=\"1200\" src=\"https:\/\/epochtimestr.com\/wp-content\/uploads\/2011y\/image-396-1929x1200.png\" alt=\"\" class=\"wp-image-167665\" srcset=\"https:\/\/epochtimestr.com\/wp-content\/uploads\/2011y\/image-396-1929x1200.png 1929w, https:\/\/epochtimestr.com\/wp-content\/uploads\/2011y\/image-396-300x187.png 300w, https:\/\/epochtimestr.com\/wp-content\/uploads\/2011y\/image-396-150x93.png 150w, https:\/\/epochtimestr.com\/wp-content\/uploads\/2011y\/image-396-768x478.png 768w, https:\/\/epochtimestr.com\/wp-content\/uploads\/2011y\/image-396-1536x956.png 1536w, https:\/\/epochtimestr.com\/wp-content\/uploads\/2011y\/image-396.png 2048w\" sizes=\"(max-width: 1929px) 100vw, 1929px\" \/><figcaption class=\"wp-element-caption\">(Foto\u011fraf: Mersin B\u00fcy\u00fck\u015fehir Belediyesi)<\/figcaption><\/figure><\/div>\n\n\n<p>Mersin B\u00fcy\u00fck\u015fehir Belediyesi Emekli Evi \u201cBir Ku\u015faktan Bir Ku\u015fa\u011fa Gen\u00e7ler Korosu, sanatseverlere unutulmaz bir m\u00fczik \u015f\u00f6leni ya\u015fatt\u0131. Koro \u015eefi Erdal Ko\u015far\u2019\u0131n y\u00f6netiminde ger\u00e7ekle\u015ftirilen konser, salonu dolduran izleyicilerden tam not al\u0131rken, gece boyunca y\u00fckselen alk\u0131\u015flar sanat\u0131n birle\u015ftirici g\u00fcc\u00fcn\u00fc bir kez daha g\u00f6zler \u00f6n\u00fcne serdi.<\/p>\n\n\n\n<p>T\u00fcrk m\u00fczi\u011finin unutulmaz isimlerinden Z\u00fclf\u00fc Livaneli ve Edip Akbayram\u2019\u0131n sevilen t\u00fcrk\u00fc ve eserlerinin de seslendirildi\u011fi konserde, dinleyiciler zaman zaman duygusal anlar ya\u015fad\u0131, zaman zaman da eserlere e\u015flik ederek co\u015fkuya ortak oldu. Her biri halk\u0131n belle\u011finde yer etmi\u015f bu eserler, koronun ba\u015far\u0131l\u0131 yorumuyla yeniden hayat buldu.<\/p>\n\n\n<div class=\"wp-block-image\">\n<figure class=\"aligncenter size-large\"><img loading=\"lazy\" decoding=\"async\" width=\"1811\" height=\"1200\" src=\"https:\/\/epochtimestr.com\/wp-content\/uploads\/2011y\/image-397-1811x1200.png\" alt=\"\" class=\"wp-image-167667\" srcset=\"https:\/\/epochtimestr.com\/wp-content\/uploads\/2011y\/image-397-1811x1200.png 1811w, https:\/\/epochtimestr.com\/wp-content\/uploads\/2011y\/image-397-300x199.png 300w, https:\/\/epochtimestr.com\/wp-content\/uploads\/2011y\/image-397-150x99.png 150w, https:\/\/epochtimestr.com\/wp-content\/uploads\/2011y\/image-397-768x509.png 768w, https:\/\/epochtimestr.com\/wp-content\/uploads\/2011y\/image-397-1536x1018.png 1536w, https:\/\/epochtimestr.com\/wp-content\/uploads\/2011y\/image-397.png 2048w\" sizes=\"(max-width: 1811px) 100vw, 1811px\" \/><figcaption class=\"wp-element-caption\">(Foto\u011fraf: Mersin B\u00fcy\u00fck\u015fehir Belediyesi)<\/figcaption><\/figure><\/div>\n\n\n<p>Konserin mimar\u0131 olan Koro \u015eefi Erdal Ko\u015far, bilgi birikimi, deneyimi ve m\u00fczi\u011fe olan tutkusu ile geceye damgas\u0131n\u0131 vurdu. Koroyu ustal\u0131kla y\u00f6neten Ko\u015far, seslerin uyumunu ve sahne disiplinini ba\u015far\u0131yla bir araya getirerek dinleyicilere y\u00fcksek nitelikli bir m\u00fczik dinletisi sundu.<\/p>\n\n\n\n<p>Sahnedeki ba\u015far\u0131n\u0131n kahramanlar\u0131 olan de\u011ferli m\u00fczisyenler ve enstr\u00fcman sanat\u00e7\u0131lar\u0131 da performanslar\u0131yla b\u00fcy\u00fck be\u011feni toplad\u0131. Her notada hissedilen profesyonellik, koroyla kurulan g\u00fc\u00e7l\u00fc uyum sayesinde eserler \u00e7ok daha etkileyici bir kimlik kazand\u0131. M\u00fczisyenlerin emekleri ve sanatsal katk\u0131lar\u0131, konserin ba\u015far\u0131s\u0131nda \u00f6nemli bir yer tuttu.<\/p>\n\n\n\n<p>Emekli Evi Bir Ku\u015faktan Bir Ku\u015fa\u011fa Gen\u00e7ler Korosu\u2019nun birbirinden de\u011ferli koristleri ise ya\u015fama duyduklar\u0131 sevgiyi ve sanata olan ba\u011fl\u0131l\u0131klar\u0131n\u0131 seslerine yans\u0131tt\u0131lar. Koristler, enerjileri, sahne h\u00e2kimiyetleri ve i\u00e7ten yorumlar\u0131yla izleyicilerin g\u00f6nl\u00fcnde taht kurdu. M\u00fczi\u011fin insanlar\u0131 bir araya getiren evrensel dili, bu anlaml\u0131 gecede bir kez daha hayat buldu.<\/p>\n\n\n<div class=\"wp-block-image\">\n<figure class=\"aligncenter size-large\"><img loading=\"lazy\" decoding=\"async\" width=\"1799\" height=\"1200\" src=\"https:\/\/epochtimestr.com\/wp-content\/uploads\/2011y\/image-398-1799x1200.png\" alt=\"\" class=\"wp-image-167668\" srcset=\"https:\/\/epochtimestr.com\/wp-content\/uploads\/2011y\/image-398-1799x1200.png 1799w, https:\/\/epochtimestr.com\/wp-content\/uploads\/2011y\/image-398-300x200.png 300w, https:\/\/epochtimestr.com\/wp-content\/uploads\/2011y\/image-398-150x100.png 150w, https:\/\/epochtimestr.com\/wp-content\/uploads\/2011y\/image-398-768x512.png 768w, https:\/\/epochtimestr.com\/wp-content\/uploads\/2011y\/image-398-1536x1025.png 1536w, https:\/\/epochtimestr.com\/wp-content\/uploads\/2011y\/image-398.png 2048w\" sizes=\"(max-width: 1799px) 100vw, 1799px\" \/><figcaption class=\"wp-element-caption\">(Foto\u011fraf: Mersin B\u00fcy\u00fck\u015fehir Belediyesi)<\/figcaption><\/figure><\/div>\n\n\n<p>Gecenin sonunda salondan y\u00fckselen uzun s\u00fcreli alk\u0131\u015flar, verilen eme\u011fin ve \u00f6zverili \u00e7al\u0131\u015fmalar\u0131n en g\u00fczel \u00f6d\u00fcl\u00fc oldu. Mersin\u2019in k\u00fclt\u00fcr ve sanat ya\u015fam\u0131na de\u011fer katan bu \u00f6zel etkinlikte ba\u015fta Koro \u015eefi Erdal Ko\u015far olmak \u00fczere, sahnede emek veren t\u00fcm m\u00fczisyenleri, enstr\u00fcman sanat\u00e7\u0131lar\u0131n\u0131 ve Emekli Evi Gen\u00e7ler Korosu\u2019nun k\u0131ymetli koristlerini y\u00fcrekten kutluyoruz.<\/p>\n\n\n\n<p>Sanat\u0131n \u0131\u015f\u0131\u011f\u0131nda, dostlu\u011fun ve m\u00fczi\u011fin birle\u015ftirici g\u00fcc\u00fcyle ger\u00e7ekle\u015ftirilen bu g\u00fczel konserin ard\u0131ndan, yeni sezonda da ayn\u0131 heyecan\u0131 ve ayn\u0131 g\u00fczelli\u011fi payla\u015faca\u011f\u0131m\u0131z yeni konserlerde bulu\u015fmay\u0131 diliyoruz.<\/p>\n","protected":false},"excerpt":{"rendered":"<p>Mersin B\u00fcy\u00fck\u015fehir Belediyesi Emekli Evi \u201cBir Ku\u015faktan Bir Ku\u015fa\u011fa Gen\u00e7ler Korosu\u201dnun bir koristi olarak, ge\u00e7ti\u011fimiz g\u00fcnlerde ya\u015fad\u0131\u011f\u0131m\u0131z o g\u00fczel konser heyecan\u0131n\u0131 siz de\u011ferli okuyucular\u0131mla payla\u015fmak istedim. Mersin B\u00fcy\u00fck\u015fehir Belediyesi Emekli Evi \u201cBir Ku\u015faktan Bir Ku\u015fa\u011fa Gen\u00e7ler Korosu, sanatseverlere unutulmaz bir m\u00fczik \u015f\u00f6leni ya\u015fatt\u0131. Koro \u015eefi Erdal Ko\u015far\u2019\u0131n y\u00f6netiminde ger\u00e7ekle\u015ftirilen konser, salonu dolduran izleyicilerden tam not [&hellip;]<\/p>\n","protected":false},"author":13998,"featured_media":160116,"comment_status":"open","ping_status":"open","sticky":false,"template":"","format":"standard","meta":{"_yoast_wpseo_focuskw":"Bir Ku\u015faktan Bir Ku\u015fa\u011fa","_yoast_wpseo_title":"","_yoast_wpseo_metadesc":"Mersin B\u00fcy\u00fck\u015fehir Belediyesi Emekli Evi \u201cBir Ku\u015faktan Bir Ku\u015fa\u011fa Gen\u00e7ler Korosu\u201d ge\u00e7ti\u011fimiz g\u00fcnlerde g\u00fczel bir konser verdi.","_bbp_topic_count":0,"_bbp_reply_count":0,"_bbp_total_topic_count":0,"_bbp_total_reply_count":0,"_bbp_voice_count":0,"_bbp_anonymous_reply_count":0,"_bbp_topic_count_hidden":0,"_bbp_reply_count_hidden":0,"_bbp_forum_subforum_count":0,"footnotes":"","_yoast_wpseo_focuskw_text_input":""},"categories":[8889],"tags":[],"yoast_head":"<!-- This site is optimized with the Yoast SEO plugin v23.0 - https:\/\/yoast.com\/wordpress\/plugins\/seo\/ -->\n<title>Bir Ku\u015faktan Bir Ku\u015fa\u011fa Uzanan T\u00fcrk\u00fcler - The Epoch Times TR<\/title>\n<meta name=\"description\" content=\"Mersin B\u00fcy\u00fck\u015fehir Belediyesi Emekli Evi \u201cBir Ku\u015faktan Bir Ku\u015fa\u011fa Gen\u00e7ler Korosu\u201d ge\u00e7ti\u011fimiz g\u00fcnlerde g\u00fczel bir konser verdi.\" \/>\n<meta name=\"robots\" content=\"index, follow, max-snippet:-1, max-image-preview:large, max-video-preview:-1\" \/>\n<link rel=\"canonical\" href=\"https:\/\/epochtimestr.com\/index.php\/bir-kusaktan-bir-kusaga-uzanan-turkuler\" \/>\n<meta property=\"og:locale\" content=\"tr_TR\" \/>\n<meta property=\"og:type\" content=\"article\" \/>\n<meta property=\"og:title\" content=\"Bir Ku\u015faktan Bir Ku\u015fa\u011fa Uzanan T\u00fcrk\u00fcler - The Epoch Times TR\" \/>\n<meta property=\"og:description\" content=\"Mersin B\u00fcy\u00fck\u015fehir Belediyesi Emekli Evi \u201cBir Ku\u015faktan Bir Ku\u015fa\u011fa Gen\u00e7ler Korosu\u201d ge\u00e7ti\u011fimiz g\u00fcnlerde g\u00fczel bir konser verdi.\" \/>\n<meta property=\"og:url\" content=\"https:\/\/epochtimestr.com\/index.php\/bir-kusaktan-bir-kusaga-uzanan-turkuler\" \/>\n<meta property=\"og:site_name\" content=\"The Epoch Times TR\" \/>\n<meta property=\"article:publisher\" content=\"https:\/\/www.facebook.com\/theepochtimestr\" \/>\n<meta property=\"article:published_time\" content=\"2026-06-03T10:53:54+00:00\" \/>\n<meta property=\"article:modified_time\" content=\"2026-06-03T10:53:59+00:00\" \/>\n<meta property=\"og:image\" content=\"https:\/\/epochtimestr.com\/wp-content\/uploads\/2011y\/SERIFE-ESER-SM.png\" \/>\n\t<meta property=\"og:image:width\" content=\"1200\" \/>\n\t<meta property=\"og:image:height\" content=\"630\" \/>\n\t<meta property=\"og:image:type\" content=\"image\/png\" \/>\n<meta name=\"author\" content=\"\u015eerife Eser\" \/>\n<meta name=\"twitter:card\" content=\"summary_large_image\" \/>\n<meta name=\"twitter:creator\" content=\"@TheEpochTimesTR\" \/>\n<meta name=\"twitter:site\" content=\"@TheEpochTimesTR\" \/>\n<meta name=\"twitter:label1\" content=\"Yazan:\" \/>\n\t<meta name=\"twitter:data1\" content=\"\u015eerife Eser\" \/>\n\t<meta name=\"twitter:label2\" content=\"Tahmini okuma s\u00fcresi\" \/>\n\t<meta name=\"twitter:data2\" content=\"3 dakika\" \/>\n<script type=\"application\/ld+json\" class=\"yoast-schema-graph\">{\"@context\":\"https:\/\/schema.org\",\"@graph\":[{\"@type\":\"Article\",\"@id\":\"https:\/\/epochtimestr.com\/index.php\/bir-kusaktan-bir-kusaga-uzanan-turkuler#article\",\"isPartOf\":{\"@id\":\"https:\/\/epochtimestr.com\/index.php\/bir-kusaktan-bir-kusaga-uzanan-turkuler\"},\"author\":{\"name\":\"\u015eerife Eser\",\"@id\":\"https:\/\/epochtimestr.com\/#\/schema\/person\/82b65a1390e2b0717a679b57ed38d466\"},\"headline\":\"Bir Ku\u015faktan Bir Ku\u015fa\u011fa Uzanan T\u00fcrk\u00fcler\",\"datePublished\":\"2026-06-03T10:53:54+00:00\",\"dateModified\":\"2026-06-03T10:53:59+00:00\",\"mainEntityOfPage\":{\"@id\":\"https:\/\/epochtimestr.com\/index.php\/bir-kusaktan-bir-kusaga-uzanan-turkuler\"},\"wordCount\":495,\"commentCount\":0,\"publisher\":{\"@id\":\"https:\/\/epochtimestr.com\/#organization\"},\"image\":{\"@id\":\"https:\/\/epochtimestr.com\/index.php\/bir-kusaktan-bir-kusaga-uzanan-turkuler#primaryimage\"},\"thumbnailUrl\":\"https:\/\/epochtimestr.com\/wp-content\/uploads\/2011y\/Serife-Eser-Profil-1.png\",\"articleSection\":[\"K\u00f6\u015fe Yaz\u0131lar\u0131 \u015eerife Eser\"],\"inLanguage\":\"tr\",\"potentialAction\":[{\"@type\":\"CommentAction\",\"name\":\"Comment\",\"target\":[\"https:\/\/epochtimestr.com\/index.php\/bir-kusaktan-bir-kusaga-uzanan-turkuler#respond\"]}]},{\"@type\":\"WebPage\",\"@id\":\"https:\/\/epochtimestr.com\/index.php\/bir-kusaktan-bir-kusaga-uzanan-turkuler\",\"url\":\"https:\/\/epochtimestr.com\/index.php\/bir-kusaktan-bir-kusaga-uzanan-turkuler\",\"name\":\"Bir Ku\u015faktan Bir Ku\u015fa\u011fa Uzanan T\u00fcrk\u00fcler - The Epoch Times TR\",\"isPartOf\":{\"@id\":\"https:\/\/epochtimestr.com\/#website\"},\"primaryImageOfPage\":{\"@id\":\"https:\/\/epochtimestr.com\/index.php\/bir-kusaktan-bir-kusaga-uzanan-turkuler#primaryimage\"},\"image\":{\"@id\":\"https:\/\/epochtimestr.com\/index.php\/bir-kusaktan-bir-kusaga-uzanan-turkuler#primaryimage\"},\"thumbnailUrl\":\"https:\/\/epochtimestr.com\/wp-content\/uploads\/2011y\/Serife-Eser-Profil-1.png\",\"datePublished\":\"2026-06-03T10:53:54+00:00\",\"dateModified\":\"2026-06-03T10:53:59+00:00\",\"description\":\"Mersin B\u00fcy\u00fck\u015fehir Belediyesi Emekli Evi \u201cBir Ku\u015faktan Bir Ku\u015fa\u011fa Gen\u00e7ler Korosu\u201d ge\u00e7ti\u011fimiz g\u00fcnlerde g\u00fczel bir konser verdi.\",\"inLanguage\":\"tr\",\"potentialAction\":[{\"@type\":\"ReadAction\",\"target\":[\"https:\/\/epochtimestr.com\/index.php\/bir-kusaktan-bir-kusaga-uzanan-turkuler\"]}]},{\"@type\":\"ImageObject\",\"inLanguage\":\"tr\",\"@id\":\"https:\/\/epochtimestr.com\/index.php\/bir-kusaktan-bir-kusaga-uzanan-turkuler#primaryimage\",\"url\":\"https:\/\/epochtimestr.com\/wp-content\/uploads\/2011y\/Serife-Eser-Profil-1.png\",\"contentUrl\":\"https:\/\/epochtimestr.com\/wp-content\/uploads\/2011y\/Serife-Eser-Profil-1.png\",\"width\":600,\"height\":600},{\"@type\":\"WebSite\",\"@id\":\"https:\/\/epochtimestr.com\/#website\",\"url\":\"https:\/\/epochtimestr.com\/\",\"name\":\"The Epoch Times TR\",\"description\":\"De\u011fi\u015fen D\u00fcnyam\u0131za Taze Bir Bak\u0131\u015f\",\"publisher\":{\"@id\":\"https:\/\/epochtimestr.com\/#organization\"},\"potentialAction\":[{\"@type\":\"SearchAction\",\"target\":{\"@type\":\"EntryPoint\",\"urlTemplate\":\"https:\/\/epochtimestr.com\/?s={search_term_string}\"},\"query-input\":\"required name=search_term_string\"}],\"inLanguage\":\"tr\"},{\"@type\":\"Organization\",\"@id\":\"https:\/\/epochtimestr.com\/#organization\",\"name\":\"The EpochTimes T\u00fcrkiye\",\"url\":\"https:\/\/epochtimestr.com\/\",\"logo\":{\"@type\":\"ImageObject\",\"inLanguage\":\"tr\",\"@id\":\"https:\/\/epochtimestr.com\/#\/schema\/logo\/image\/\",\"url\":\"https:\/\/epochtimestr.com\/wp-content\/uploads\/2011y\/ET-Logo-YG.jpg\",\"contentUrl\":\"https:\/\/epochtimestr.com\/wp-content\/uploads\/2011y\/ET-Logo-YG.jpg\",\"width\":346,\"height\":29,\"caption\":\"The EpochTimes T\u00fcrkiye\"},\"image\":{\"@id\":\"https:\/\/epochtimestr.com\/#\/schema\/logo\/image\/\"},\"sameAs\":[\"https:\/\/www.facebook.com\/theepochtimestr\",\"https:\/\/x.com\/TheEpochTimesTR\",\"https:\/\/www.instagram.com\/epochtimestr\"]},{\"@type\":\"Person\",\"@id\":\"https:\/\/epochtimestr.com\/#\/schema\/person\/82b65a1390e2b0717a679b57ed38d466\",\"name\":\"\u015eerife Eser\",\"image\":{\"@type\":\"ImageObject\",\"inLanguage\":\"tr\",\"@id\":\"https:\/\/epochtimestr.com\/#\/schema\/person\/image\/\",\"url\":\"https:\/\/secure.gravatar.com\/avatar\/240b2d469e089f3ae0f677fcc7925228?s=96&d=mm&r=g\",\"contentUrl\":\"https:\/\/secure.gravatar.com\/avatar\/240b2d469e089f3ae0f677fcc7925228?s=96&d=mm&r=g\",\"caption\":\"\u015eerife Eser\"},\"url\":\"https:\/\/epochtimestr.com\/index.php\/author\/serife\"}]}<\/script>\n<!-- \/ Yoast SEO plugin. -->","yoast_head_json":{"title":"Bir Ku\u015faktan Bir Ku\u015fa\u011fa Uzanan T\u00fcrk\u00fcler - The Epoch Times TR","description":"Mersin B\u00fcy\u00fck\u015fehir Belediyesi Emekli Evi \u201cBir Ku\u015faktan Bir Ku\u015fa\u011fa Gen\u00e7ler Korosu\u201d ge\u00e7ti\u011fimiz g\u00fcnlerde g\u00fczel bir konser verdi.","robots":{"index":"index","follow":"follow","max-snippet":"max-snippet:-1","max-image-preview":"max-image-preview:large","max-video-preview":"max-video-preview:-1"},"canonical":"https:\/\/epochtimestr.com\/index.php\/bir-kusaktan-bir-kusaga-uzanan-turkuler","og_locale":"tr_TR","og_type":"article","og_title":"Bir Ku\u015faktan Bir Ku\u015fa\u011fa Uzanan T\u00fcrk\u00fcler - The Epoch Times TR","og_description":"Mersin B\u00fcy\u00fck\u015fehir Belediyesi Emekli Evi \u201cBir Ku\u015faktan Bir Ku\u015fa\u011fa Gen\u00e7ler Korosu\u201d ge\u00e7ti\u011fimiz g\u00fcnlerde g\u00fczel bir konser verdi.","og_url":"https:\/\/epochtimestr.com\/index.php\/bir-kusaktan-bir-kusaga-uzanan-turkuler","og_site_name":"The Epoch Times TR","article_publisher":"https:\/\/www.facebook.com\/theepochtimestr","article_published_time":"2026-06-03T10:53:54+00:00","article_modified_time":"2026-06-03T10:53:59+00:00","og_image":[{"width":1200,"height":630,"url":"https:\/\/epochtimestr.com\/wp-content\/uploads\/2011y\/SERIFE-ESER-SM.png","type":"image\/png"}],"author":"\u015eerife Eser","twitter_card":"summary_large_image","twitter_creator":"@TheEpochTimesTR","twitter_site":"@TheEpochTimesTR","twitter_misc":{"Yazan:":"\u015eerife Eser","Tahmini okuma s\u00fcresi":"3 dakika"},"schema":{"@context":"https:\/\/schema.org","@graph":[{"@type":"Article","@id":"https:\/\/epochtimestr.com\/index.php\/bir-kusaktan-bir-kusaga-uzanan-turkuler#article","isPartOf":{"@id":"https:\/\/epochtimestr.com\/index.php\/bir-kusaktan-bir-kusaga-uzanan-turkuler"},"author":{"name":"\u015eerife Eser","@id":"https:\/\/epochtimestr.com\/#\/schema\/person\/82b65a1390e2b0717a679b57ed38d466"},"headline":"Bir Ku\u015faktan Bir Ku\u015fa\u011fa Uzanan T\u00fcrk\u00fcler","datePublished":"2026-06-03T10:53:54+00:00","dateModified":"2026-06-03T10:53:59+00:00","mainEntityOfPage":{"@id":"https:\/\/epochtimestr.com\/index.php\/bir-kusaktan-bir-kusaga-uzanan-turkuler"},"wordCount":495,"commentCount":0,"publisher":{"@id":"https:\/\/epochtimestr.com\/#organization"},"image":{"@id":"https:\/\/epochtimestr.com\/index.php\/bir-kusaktan-bir-kusaga-uzanan-turkuler#primaryimage"},"thumbnailUrl":"https:\/\/epochtimestr.com\/wp-content\/uploads\/2011y\/Serife-Eser-Profil-1.png","articleSection":["K\u00f6\u015fe Yaz\u0131lar\u0131 \u015eerife Eser"],"inLanguage":"tr","potentialAction":[{"@type":"CommentAction","name":"Comment","target":["https:\/\/epochtimestr.com\/index.php\/bir-kusaktan-bir-kusaga-uzanan-turkuler#respond"]}]},{"@type":"WebPage","@id":"https:\/\/epochtimestr.com\/index.php\/bir-kusaktan-bir-kusaga-uzanan-turkuler","url":"https:\/\/epochtimestr.com\/index.php\/bir-kusaktan-bir-kusaga-uzanan-turkuler","name":"Bir Ku\u015faktan Bir Ku\u015fa\u011fa Uzanan T\u00fcrk\u00fcler - The Epoch Times TR","isPartOf":{"@id":"https:\/\/epochtimestr.com\/#website"},"primaryImageOfPage":{"@id":"https:\/\/epochtimestr.com\/index.php\/bir-kusaktan-bir-kusaga-uzanan-turkuler#primaryimage"},"image":{"@id":"https:\/\/epochtimestr.com\/index.php\/bir-kusaktan-bir-kusaga-uzanan-turkuler#primaryimage"},"thumbnailUrl":"https:\/\/epochtimestr.com\/wp-content\/uploads\/2011y\/Serife-Eser-Profil-1.png","datePublished":"2026-06-03T10:53:54+00:00","dateModified":"2026-06-03T10:53:59+00:00","description":"Mersin B\u00fcy\u00fck\u015fehir Belediyesi Emekli Evi \u201cBir Ku\u015faktan Bir Ku\u015fa\u011fa Gen\u00e7ler Korosu\u201d ge\u00e7ti\u011fimiz g\u00fcnlerde g\u00fczel bir konser verdi.","inLanguage":"tr","potentialAction":[{"@type":"ReadAction","target":["https:\/\/epochtimestr.com\/index.php\/bir-kusaktan-bir-kusaga-uzanan-turkuler"]}]},{"@type":"ImageObject","inLanguage":"tr","@id":"https:\/\/epochtimestr.com\/index.php\/bir-kusaktan-bir-kusaga-uzanan-turkuler#primaryimage","url":"https:\/\/epochtimestr.com\/wp-content\/uploads\/2011y\/Serife-Eser-Profil-1.png","contentUrl":"https:\/\/epochtimestr.com\/wp-content\/uploads\/2011y\/Serife-Eser-Profil-1.png","width":600,"height":600},{"@type":"WebSite","@id":"https:\/\/epochtimestr.com\/#website","url":"https:\/\/epochtimestr.com\/","name":"The Epoch Times TR","description":"De\u011fi\u015fen D\u00fcnyam\u0131za Taze Bir Bak\u0131\u015f","publisher":{"@id":"https:\/\/epochtimestr.com\/#organization"},"potentialAction":[{"@type":"SearchAction","target":{"@type":"EntryPoint","urlTemplate":"https:\/\/epochtimestr.com\/?s={search_term_string}"},"query-input":"required name=search_term_string"}],"inLanguage":"tr"},{"@type":"Organization","@id":"https:\/\/epochtimestr.com\/#organization","name":"The EpochTimes T\u00fcrkiye","url":"https:\/\/epochtimestr.com\/","logo":{"@type":"ImageObject","inLanguage":"tr","@id":"https:\/\/epochtimestr.com\/#\/schema\/logo\/image\/","url":"https:\/\/epochtimestr.com\/wp-content\/uploads\/2011y\/ET-Logo-YG.jpg","contentUrl":"https:\/\/epochtimestr.com\/wp-content\/uploads\/2011y\/ET-Logo-YG.jpg","width":346,"height":29,"caption":"The EpochTimes T\u00fcrkiye"},"image":{"@id":"https:\/\/epochtimestr.com\/#\/schema\/logo\/image\/"},"sameAs":["https:\/\/www.facebook.com\/theepochtimestr","https:\/\/x.com\/TheEpochTimesTR","https:\/\/www.instagram.com\/epochtimestr"]},{"@type":"Person","@id":"https:\/\/epochtimestr.com\/#\/schema\/person\/82b65a1390e2b0717a679b57ed38d466","name":"\u015eerife Eser","image":{"@type":"ImageObject","inLanguage":"tr","@id":"https:\/\/epochtimestr.com\/#\/schema\/person\/image\/","url":"https:\/\/secure.gravatar.com\/avatar\/240b2d469e089f3ae0f677fcc7925228?s=96&d=mm&r=g","contentUrl":"https:\/\/secure.gravatar.com\/avatar\/240b2d469e089f3ae0f677fcc7925228?s=96&d=mm&r=g","caption":"\u015eerife Eser"},"url":"https:\/\/epochtimestr.com\/index.php\/author\/serife"}]}},"_links":{"self":[{"href":"https:\/\/epochtimestr.com\/index.php\/wp-json\/wp\/v2\/posts\/167644"}],"collection":[{"href":"https:\/\/epochtimestr.com\/index.php\/wp-json\/wp\/v2\/posts"}],"about":[{"href":"https:\/\/epochtimestr.com\/index.php\/wp-json\/wp\/v2\/types\/post"}],"author":[{"embeddable":true,"href":"https:\/\/epochtimestr.com\/index.php\/wp-json\/wp\/v2\/users\/13998"}],"replies":[{"embeddable":true,"href":"https:\/\/epochtimestr.com\/index.php\/wp-json\/wp\/v2\/comments?post=167644"}],"version-history":[{"count":2,"href":"https:\/\/epochtimestr.com\/index.php\/wp-json\/wp\/v2\/posts\/167644\/revisions"}],"predecessor-version":[{"id":167669,"href":"https:\/\/epochtimestr.com\/index.php\/wp-json\/wp\/v2\/posts\/167644\/revisions\/167669"}],"wp:featuredmedia":[{"embeddable":true,"href":"https:\/\/epochtimestr.com\/index.php\/wp-json\/wp\/v2\/media\/160116"}],"wp:attachment":[{"href":"https:\/\/epochtimestr.com\/index.php\/wp-json\/wp\/v2\/media?parent=167644"}],"wp:term":[{"taxonomy":"category","embeddable":true,"href":"https:\/\/epochtimestr.com\/index.php\/wp-json\/wp\/v2\/categories?post=167644"},{"taxonomy":"post_tag","embeddable":true,"href":"https:\/\/epochtimestr.com\/index.php\/wp-json\/wp\/v2\/tags?post=167644"}],"curies":[{"name":"wp","href":"https:\/\/api.w.org\/{rel}","templated":true}]}}