{"id":167649,"date":"2026-06-03T13:09:12","date_gmt":"2026-06-03T10:09:12","guid":{"rendered":"https:\/\/epochtimestr.com\/?p=167649"},"modified":"2026-06-03T13:09:19","modified_gmt":"2026-06-03T10:09:19","slug":"ebola-vakalari-azaliyor","status":"publish","type":"post","link":"https:\/\/epochtimestr.com\/index.php\/ebola-vakalari-azaliyor","title":{"rendered":"Ebola Vakalar\u0131 Azal\u0131yor"},"content":{"rendered":"<div class=\"wp-block-image\">\n<figure class=\"aligncenter size-full is-resized\"><img loading=\"lazy\" decoding=\"async\" width=\"1200\" height=\"798\" src=\"https:\/\/epochtimestr.com\/wp-content\/uploads\/2011y\/1000039639.webp\" alt=\"Kongo\u2019nun Munigi kentindeki Ebola Tedavi Merkezi\u2019nde, 02 Haziran 2026 tarihinde bir personel koruyucu ekipmanlar\u0131 kurutmak i\u00e7in as\u0131yor. (Foto\u011fraf: Jospin Mwisha\/AFP via Getty Images\/epoch times arac\u0131yla)\" class=\"wp-image-167650\" style=\"width:841px;height:auto\" srcset=\"https:\/\/epochtimestr.com\/wp-content\/uploads\/2011y\/1000039639.webp 1200w, https:\/\/epochtimestr.com\/wp-content\/uploads\/2011y\/1000039639-300x200.webp 300w, https:\/\/epochtimestr.com\/wp-content\/uploads\/2011y\/1000039639-150x100.webp 150w, https:\/\/epochtimestr.com\/wp-content\/uploads\/2011y\/1000039639-768x511.webp 768w\" sizes=\"(max-width: 1200px) 100vw, 1200px\" \/><figcaption class=\"wp-element-caption\">Kongo\u2019nun Munigi kentindeki Ebola Tedavi Merkezi\u2019nde, bir personel koruyucu ekipmanlar\u0131 kurutmak i\u00e7in asarken. 02 Haziran 2026 (Foto\u011fraf: Jospin Mwisha, AFP &#8211; Getty Images, The Epoch Times arac\u0131l\u0131\u011f\u0131yla)<\/figcaption><\/figure><\/div>\n\n\n<p>Ebola salg\u0131n\u0131nda son g\u00fcnlerde \u015f\u00fcpheli vaka say\u0131s\u0131ndaki ciddi d\u00fc\u015f\u00fc\u015fe ra\u011fmen do\u011frulanan vaka say\u0131s\u0131 artt\u0131. <a href=\"https:\/\/www.theepochtimes.com\/world\/suspected-cases-in-africa-ebola-outbreak-plummet-as-patients-confirmed-6041965\" target=\"_blank\" rel=\"noreferrer noopener\">Kongo&#8217;da, 26 May\u0131s&#8217;ta<\/a> 1.000&#8217;i a\u015fk\u0131n \u015f\u00fcpheli vaka ve 121 do\u011frulanm\u0131\u015f hasta kay\u0131tlara ge\u00e7ti. Kongo \u0130leti\u015fim Bakanl\u0131\u011f\u0131&#8217;n\u0131n 1 Haziran&#8217;da a\u00e7\u0131klad\u0131\u011f\u0131 yeni verilere g\u00f6re \u015f\u00fcpheli vaka say\u0131s\u0131 116&#8217;ya geriledi. Ancak do\u011frulanan vaka say\u0131s\u0131 321&#8217;e y\u00fckseldi.<\/p>\n\n\n\n<p>ABD Hastal\u0131k Kontrol ve \u00d6nleme Merkezleri g\u00fcncellemeyi do\u011frulayarak, incelemeler sonucu \u00e7ok say\u0131da \u015f\u00fcpheli vakan\u0131n elendi\u011fini bildirdi. <\/p>\n\n\n\n<p>Ayr\u0131ca D\u00fcnya Sa\u011fl\u0131k \u00d6rg\u00fct\u00fc S\u00f6zc\u00fcs\u00fc Christian Lindmeier yapt\u0131\u011f\u0131 a\u00e7\u0131klamada \u015f\u00fcpheli vakalarda belirtilerin takip edildi\u011fini s\u00f6yledi. Test sonucu negatif \u00e7\u0131kan ki\u015filer listeden \u00e7\u0131kar\u0131l\u0131rken <a href=\"https:\/\/epochtimestr.com\/index.php\/kongoda-ebola-salgini-buyuyor\" target=\"_blank\" rel=\"noreferrer noopener\">pozitif sonu\u00e7<\/a> alanlar da do\u011frulanm\u0131\u015f vakalar aras\u0131nda yer al\u0131yor. <\/p>\n\n\n\n<p>Bununla birlikte baz\u0131 hastalarda farkl\u0131 rahats\u0131zl\u0131klar\u0131n te\u015fhisi konuyor. \u00d6rne\u011fin Malarya da Ebola gibi ate\u015f, ishal ve a\u00e7\u0131klanamayan kanamalar belirtileri g\u00f6sterebiliyor. <\/p>\n\n\n\n<p>Bundibugyo vir\u00fcs\u00fcn\u00fcn neden oldu\u011fu bu nadir Ebola t\u00fcr\u00fcnde \u00f6l\u00fcm oran\u0131 y\u00fczde 30 ile y\u00fczde 50 aras\u0131nda de\u011fi\u015fiyor. Kongo makamlar\u0131 48 ki\u015finin \u00f6ld\u00fc\u011f\u00fcn\u00fc ve ayr\u0131ca alt\u0131 ki\u015finin iyile\u015fti\u011fini a\u00e7\u0131klad\u0131.<\/p>\n\n\n\n<p>Yetkililer ilk vakalar\u0131n ard\u0131ndan salg\u0131n\u0131n ancak May\u0131s ay\u0131nda tespit edildi\u011fini belirtti. Ba\u015flang\u0131\u00e7ta kullan\u0131lan testler Bundibugyo vir\u00fcs\u00fcn\u00fc saptayamad\u0131. Ayr\u0131ca bu vir\u00fcse kar\u015f\u0131 mevcut bir onayl\u0131 a\u015f\u0131 veya tedavi y\u00f6ntemi yok.<\/p>\n\n\n\n<p>Vakalar\u0131n \u00e7o\u011fu Kongo&#8217;nun kuzeydo\u011fusunda g\u00f6r\u00fcl\u00fcrken, salg\u0131n baz\u0131 \u00fclkelerde seyahat \u00f6nlemlerine yol a\u00e7t\u0131.  Kongo Sa\u011fl\u0131k Bakan\u0131 Samuel Roger Kamba yapt\u0131\u011f\u0131 a\u00e7\u0131klamalarda, hedefin salg\u0131n\u0131 \u00fc\u00e7 eyalet i\u00e7inde tutmak oldu\u011funu s\u00f6yledi.<\/p>\n\n\n\n<p>Buna kar\u015f\u0131n Kongo \u0130leti\u015fim Bakanl\u0131\u011f\u0131 salg\u0131n\u0131n s\u00fcrd\u00fc\u011f\u00fcn\u00fc bildirdi. Yetkililer \u015f\u00fcpheli hastalar\u0131 izole ediyor. Ayr\u0131ca temasl\u0131 takibi \u00e7al\u0131\u015fmalar\u0131 devam ediyor. <\/p>\n\n\n\n<p>Son olarak Uganda Sa\u011fl\u0131k Bakanl\u0131\u011f\u0131 alt\u0131 yeni vaka a\u00e7\u0131klad\u0131. B\u00f6ylece \u00fclkedeki toplam vaka say\u0131s\u0131 15&#8217;e y\u00fckseldi. Bir hasta hayat\u0131n\u0131 kaybederken iki hasta da iyile\u015fti.<\/p>\n","protected":false},"excerpt":{"rendered":"<p>Ebola salg\u0131n\u0131nda son g\u00fcnlerde \u015f\u00fcpheli vaka say\u0131s\u0131ndaki ciddi d\u00fc\u015f\u00fc\u015fe ra\u011fmen do\u011frulanan vaka say\u0131s\u0131 artt\u0131. Kongo&#8217;da, 26 May\u0131s&#8217;ta 1.000&#8217;i a\u015fk\u0131n \u015f\u00fcpheli vaka ve 121 do\u011frulanm\u0131\u015f hasta kay\u0131tlara ge\u00e7ti. Kongo \u0130leti\u015fim Bakanl\u0131\u011f\u0131&#8217;n\u0131n 1 Haziran&#8217;da a\u00e7\u0131klad\u0131\u011f\u0131 yeni verilere g\u00f6re \u015f\u00fcpheli vaka say\u0131s\u0131 116&#8217;ya geriledi. Ancak do\u011frulanan vaka say\u0131s\u0131 321&#8217;e y\u00fckseldi. ABD Hastal\u0131k Kontrol ve \u00d6nleme Merkezleri g\u00fcncellemeyi do\u011frulayarak, [&hellip;]<\/p>\n","protected":false},"author":13996,"featured_media":167650,"comment_status":"open","ping_status":"open","sticky":false,"template":"","format":"standard","meta":{"_yoast_wpseo_focuskw":"Ebola","_yoast_wpseo_title":"","_yoast_wpseo_metadesc":"Kongo'daki Ebola salg\u0131n\u0131nda \u015f\u00fcpheli vakalar d\u00fc\u015ft\u00fc, do\u011frulanan vaka say\u0131s\u0131 artt\u0131. \u0130zolasyon ve temas takibi \u00e7al\u0131\u015fmalar\u0131 s\u00fcr\u00fcyor.","_bbp_topic_count":0,"_bbp_reply_count":0,"_bbp_total_topic_count":0,"_bbp_total_reply_count":0,"_bbp_voice_count":0,"_bbp_anonymous_reply_count":0,"_bbp_topic_count_hidden":0,"_bbp_reply_count_hidden":0,"_bbp_forum_subforum_count":0,"footnotes":"","_yoast_wpseo_focuskw_text_input":""},"categories":[5,1,8138],"tags":[228,9131,11458,9128,11496,11495],"yoast_head":"<!-- This site is optimized with the Yoast SEO plugin v23.0 - https:\/\/yoast.com\/wordpress\/plugins\/seo\/ -->\n<title>Ebola Vakalar\u0131 Azal\u0131yor - The Epoch Times TR<\/title>\n<meta name=\"description\" content=\"Kongo&#039;daki Ebola salg\u0131n\u0131nda \u015f\u00fcpheli vakalar d\u00fc\u015ft\u00fc, do\u011frulanan vaka say\u0131s\u0131 artt\u0131. \u0130zolasyon ve temas takibi \u00e7al\u0131\u015fmalar\u0131 s\u00fcr\u00fcyor.\" \/>\n<meta name=\"robots\" content=\"index, follow, max-snippet:-1, max-image-preview:large, max-video-preview:-1\" \/>\n<link rel=\"canonical\" href=\"https:\/\/epochtimestr.com\/index.php\/ebola-vakalari-azaliyor\" \/>\n<meta property=\"og:locale\" content=\"tr_TR\" \/>\n<meta property=\"og:type\" content=\"article\" \/>\n<meta property=\"og:title\" content=\"Ebola Vakalar\u0131 Azal\u0131yor - The Epoch Times TR\" \/>\n<meta property=\"og:description\" content=\"Kongo&#039;daki Ebola salg\u0131n\u0131nda \u015f\u00fcpheli vakalar d\u00fc\u015ft\u00fc, do\u011frulanan vaka say\u0131s\u0131 artt\u0131. \u0130zolasyon ve temas takibi \u00e7al\u0131\u015fmalar\u0131 s\u00fcr\u00fcyor.\" \/>\n<meta property=\"og:url\" content=\"https:\/\/epochtimestr.com\/index.php\/ebola-vakalari-azaliyor\" \/>\n<meta property=\"og:site_name\" content=\"The Epoch Times TR\" \/>\n<meta property=\"article:publisher\" content=\"https:\/\/www.facebook.com\/theepochtimestr\" \/>\n<meta property=\"article:published_time\" content=\"2026-06-03T10:09:12+00:00\" \/>\n<meta property=\"article:modified_time\" content=\"2026-06-03T10:09:19+00:00\" \/>\n<meta property=\"og:image\" content=\"https:\/\/epochtimestr.com\/wp-content\/uploads\/2011y\/1000039639.webp\" \/>\n\t<meta property=\"og:image:width\" content=\"1200\" \/>\n\t<meta property=\"og:image:height\" content=\"798\" \/>\n\t<meta property=\"og:image:type\" content=\"image\/webp\" \/>\n<meta name=\"author\" content=\"Leo Bajelan\" \/>\n<meta name=\"twitter:card\" content=\"summary_large_image\" \/>\n<meta name=\"twitter:creator\" content=\"@TheEpochTimesTR\" \/>\n<meta name=\"twitter:site\" content=\"@TheEpochTimesTR\" \/>\n<meta name=\"twitter:label1\" content=\"Yazan:\" \/>\n\t<meta name=\"twitter:data1\" content=\"Leo Bajelan\" \/>\n\t<meta name=\"twitter:label2\" content=\"Tahmini okuma s\u00fcresi\" \/>\n\t<meta name=\"twitter:data2\" content=\"3 dakika\" \/>\n<script type=\"application\/ld+json\" class=\"yoast-schema-graph\">{\"@context\":\"https:\/\/schema.org\",\"@graph\":[{\"@type\":\"Article\",\"@id\":\"https:\/\/epochtimestr.com\/index.php\/ebola-vakalari-azaliyor#article\",\"isPartOf\":{\"@id\":\"https:\/\/epochtimestr.com\/index.php\/ebola-vakalari-azaliyor\"},\"author\":{\"name\":\"Leo Bajelan\",\"@id\":\"https:\/\/epochtimestr.com\/#\/schema\/person\/5fef218711d76d8f232b0e1f1d7e4c0d\"},\"headline\":\"Ebola Vakalar\u0131 Azal\u0131yor\",\"datePublished\":\"2026-06-03T10:09:12+00:00\",\"dateModified\":\"2026-06-03T10:09:19+00:00\",\"mainEntityOfPage\":{\"@id\":\"https:\/\/epochtimestr.com\/index.php\/ebola-vakalari-azaliyor\"},\"wordCount\":388,\"commentCount\":0,\"publisher\":{\"@id\":\"https:\/\/epochtimestr.com\/#organization\"},\"image\":{\"@id\":\"https:\/\/epochtimestr.com\/index.php\/ebola-vakalari-azaliyor#primaryimage\"},\"thumbnailUrl\":\"https:\/\/epochtimestr.com\/wp-content\/uploads\/2011y\/1000039639.webp\",\"keywords\":[\"Afrika\",\"Demokratik Kongo Cumhuriyeti\",\"Ebola salg\u0131n\u0131\",\"Kongo\",\"Malarya\",\"Uganda\"],\"articleSection\":[\"D\u00dcNYA\",\"G\u00dcNDEM\",\"MAN\u015eET\"],\"inLanguage\":\"tr\",\"potentialAction\":[{\"@type\":\"CommentAction\",\"name\":\"Comment\",\"target\":[\"https:\/\/epochtimestr.com\/index.php\/ebola-vakalari-azaliyor#respond\"]}]},{\"@type\":\"WebPage\",\"@id\":\"https:\/\/epochtimestr.com\/index.php\/ebola-vakalari-azaliyor\",\"url\":\"https:\/\/epochtimestr.com\/index.php\/ebola-vakalari-azaliyor\",\"name\":\"Ebola Vakalar\u0131 Azal\u0131yor - The Epoch Times TR\",\"isPartOf\":{\"@id\":\"https:\/\/epochtimestr.com\/#website\"},\"primaryImageOfPage\":{\"@id\":\"https:\/\/epochtimestr.com\/index.php\/ebola-vakalari-azaliyor#primaryimage\"},\"image\":{\"@id\":\"https:\/\/epochtimestr.com\/index.php\/ebola-vakalari-azaliyor#primaryimage\"},\"thumbnailUrl\":\"https:\/\/epochtimestr.com\/wp-content\/uploads\/2011y\/1000039639.webp\",\"datePublished\":\"2026-06-03T10:09:12+00:00\",\"dateModified\":\"2026-06-03T10:09:19+00:00\",\"description\":\"Kongo'daki Ebola salg\u0131n\u0131nda \u015f\u00fcpheli vakalar d\u00fc\u015ft\u00fc, do\u011frulanan vaka say\u0131s\u0131 artt\u0131. \u0130zolasyon ve temas takibi \u00e7al\u0131\u015fmalar\u0131 s\u00fcr\u00fcyor.\",\"inLanguage\":\"tr\",\"potentialAction\":[{\"@type\":\"ReadAction\",\"target\":[\"https:\/\/epochtimestr.com\/index.php\/ebola-vakalari-azaliyor\"]}]},{\"@type\":\"ImageObject\",\"inLanguage\":\"tr\",\"@id\":\"https:\/\/epochtimestr.com\/index.php\/ebola-vakalari-azaliyor#primaryimage\",\"url\":\"https:\/\/epochtimestr.com\/wp-content\/uploads\/2011y\/1000039639.webp\",\"contentUrl\":\"https:\/\/epochtimestr.com\/wp-content\/uploads\/2011y\/1000039639.webp\",\"width\":1200,\"height\":798},{\"@type\":\"WebSite\",\"@id\":\"https:\/\/epochtimestr.com\/#website\",\"url\":\"https:\/\/epochtimestr.com\/\",\"name\":\"The Epoch Times TR\",\"description\":\"De\u011fi\u015fen D\u00fcnyam\u0131za Taze Bir Bak\u0131\u015f\",\"publisher\":{\"@id\":\"https:\/\/epochtimestr.com\/#organization\"},\"potentialAction\":[{\"@type\":\"SearchAction\",\"target\":{\"@type\":\"EntryPoint\",\"urlTemplate\":\"https:\/\/epochtimestr.com\/?s={search_term_string}\"},\"query-input\":\"required name=search_term_string\"}],\"inLanguage\":\"tr\"},{\"@type\":\"Organization\",\"@id\":\"https:\/\/epochtimestr.com\/#organization\",\"name\":\"The EpochTimes T\u00fcrkiye\",\"url\":\"https:\/\/epochtimestr.com\/\",\"logo\":{\"@type\":\"ImageObject\",\"inLanguage\":\"tr\",\"@id\":\"https:\/\/epochtimestr.com\/#\/schema\/logo\/image\/\",\"url\":\"https:\/\/epochtimestr.com\/wp-content\/uploads\/2011y\/ET-Logo-YG.jpg\",\"contentUrl\":\"https:\/\/epochtimestr.com\/wp-content\/uploads\/2011y\/ET-Logo-YG.jpg\",\"width\":346,\"height\":29,\"caption\":\"The EpochTimes T\u00fcrkiye\"},\"image\":{\"@id\":\"https:\/\/epochtimestr.com\/#\/schema\/logo\/image\/\"},\"sameAs\":[\"https:\/\/www.facebook.com\/theepochtimestr\",\"https:\/\/x.com\/TheEpochTimesTR\",\"https:\/\/www.instagram.com\/epochtimestr\"]},{\"@type\":\"Person\",\"@id\":\"https:\/\/epochtimestr.com\/#\/schema\/person\/5fef218711d76d8f232b0e1f1d7e4c0d\",\"name\":\"Leo Bajelan\",\"image\":{\"@type\":\"ImageObject\",\"inLanguage\":\"tr\",\"@id\":\"https:\/\/epochtimestr.com\/#\/schema\/person\/image\/\",\"url\":\"https:\/\/secure.gravatar.com\/avatar\/917669146f489549e548a2e9af272df5?s=96&d=mm&r=g\",\"contentUrl\":\"https:\/\/secure.gravatar.com\/avatar\/917669146f489549e548a2e9af272df5?s=96&d=mm&r=g\",\"caption\":\"Leo Bajelan\"},\"url\":\"https:\/\/epochtimestr.com\/index.php\/author\/leo\"}]}<\/script>\n<!-- \/ Yoast SEO plugin. -->","yoast_head_json":{"title":"Ebola Vakalar\u0131 Azal\u0131yor - The Epoch Times TR","description":"Kongo'daki Ebola salg\u0131n\u0131nda \u015f\u00fcpheli vakalar d\u00fc\u015ft\u00fc, do\u011frulanan vaka say\u0131s\u0131 artt\u0131. \u0130zolasyon ve temas takibi \u00e7al\u0131\u015fmalar\u0131 s\u00fcr\u00fcyor.","robots":{"index":"index","follow":"follow","max-snippet":"max-snippet:-1","max-image-preview":"max-image-preview:large","max-video-preview":"max-video-preview:-1"},"canonical":"https:\/\/epochtimestr.com\/index.php\/ebola-vakalari-azaliyor","og_locale":"tr_TR","og_type":"article","og_title":"Ebola Vakalar\u0131 Azal\u0131yor - The Epoch Times TR","og_description":"Kongo'daki Ebola salg\u0131n\u0131nda \u015f\u00fcpheli vakalar d\u00fc\u015ft\u00fc, do\u011frulanan vaka say\u0131s\u0131 artt\u0131. \u0130zolasyon ve temas takibi \u00e7al\u0131\u015fmalar\u0131 s\u00fcr\u00fcyor.","og_url":"https:\/\/epochtimestr.com\/index.php\/ebola-vakalari-azaliyor","og_site_name":"The Epoch Times TR","article_publisher":"https:\/\/www.facebook.com\/theepochtimestr","article_published_time":"2026-06-03T10:09:12+00:00","article_modified_time":"2026-06-03T10:09:19+00:00","og_image":[{"width":1200,"height":798,"url":"https:\/\/epochtimestr.com\/wp-content\/uploads\/2011y\/1000039639.webp","type":"image\/webp"}],"author":"Leo Bajelan","twitter_card":"summary_large_image","twitter_creator":"@TheEpochTimesTR","twitter_site":"@TheEpochTimesTR","twitter_misc":{"Yazan:":"Leo Bajelan","Tahmini okuma s\u00fcresi":"3 dakika"},"schema":{"@context":"https:\/\/schema.org","@graph":[{"@type":"Article","@id":"https:\/\/epochtimestr.com\/index.php\/ebola-vakalari-azaliyor#article","isPartOf":{"@id":"https:\/\/epochtimestr.com\/index.php\/ebola-vakalari-azaliyor"},"author":{"name":"Leo Bajelan","@id":"https:\/\/epochtimestr.com\/#\/schema\/person\/5fef218711d76d8f232b0e1f1d7e4c0d"},"headline":"Ebola Vakalar\u0131 Azal\u0131yor","datePublished":"2026-06-03T10:09:12+00:00","dateModified":"2026-06-03T10:09:19+00:00","mainEntityOfPage":{"@id":"https:\/\/epochtimestr.com\/index.php\/ebola-vakalari-azaliyor"},"wordCount":388,"commentCount":0,"publisher":{"@id":"https:\/\/epochtimestr.com\/#organization"},"image":{"@id":"https:\/\/epochtimestr.com\/index.php\/ebola-vakalari-azaliyor#primaryimage"},"thumbnailUrl":"https:\/\/epochtimestr.com\/wp-content\/uploads\/2011y\/1000039639.webp","keywords":["Afrika","Demokratik Kongo Cumhuriyeti","Ebola salg\u0131n\u0131","Kongo","Malarya","Uganda"],"articleSection":["D\u00dcNYA","G\u00dcNDEM","MAN\u015eET"],"inLanguage":"tr","potentialAction":[{"@type":"CommentAction","name":"Comment","target":["https:\/\/epochtimestr.com\/index.php\/ebola-vakalari-azaliyor#respond"]}]},{"@type":"WebPage","@id":"https:\/\/epochtimestr.com\/index.php\/ebola-vakalari-azaliyor","url":"https:\/\/epochtimestr.com\/index.php\/ebola-vakalari-azaliyor","name":"Ebola Vakalar\u0131 Azal\u0131yor - The Epoch Times TR","isPartOf":{"@id":"https:\/\/epochtimestr.com\/#website"},"primaryImageOfPage":{"@id":"https:\/\/epochtimestr.com\/index.php\/ebola-vakalari-azaliyor#primaryimage"},"image":{"@id":"https:\/\/epochtimestr.com\/index.php\/ebola-vakalari-azaliyor#primaryimage"},"thumbnailUrl":"https:\/\/epochtimestr.com\/wp-content\/uploads\/2011y\/1000039639.webp","datePublished":"2026-06-03T10:09:12+00:00","dateModified":"2026-06-03T10:09:19+00:00","description":"Kongo'daki Ebola salg\u0131n\u0131nda \u015f\u00fcpheli vakalar d\u00fc\u015ft\u00fc, do\u011frulanan vaka say\u0131s\u0131 artt\u0131. \u0130zolasyon ve temas takibi \u00e7al\u0131\u015fmalar\u0131 s\u00fcr\u00fcyor.","inLanguage":"tr","potentialAction":[{"@type":"ReadAction","target":["https:\/\/epochtimestr.com\/index.php\/ebola-vakalari-azaliyor"]}]},{"@type":"ImageObject","inLanguage":"tr","@id":"https:\/\/epochtimestr.com\/index.php\/ebola-vakalari-azaliyor#primaryimage","url":"https:\/\/epochtimestr.com\/wp-content\/uploads\/2011y\/1000039639.webp","contentUrl":"https:\/\/epochtimestr.com\/wp-content\/uploads\/2011y\/1000039639.webp","width":1200,"height":798},{"@type":"WebSite","@id":"https:\/\/epochtimestr.com\/#website","url":"https:\/\/epochtimestr.com\/","name":"The Epoch Times TR","description":"De\u011fi\u015fen D\u00fcnyam\u0131za Taze Bir Bak\u0131\u015f","publisher":{"@id":"https:\/\/epochtimestr.com\/#organization"},"potentialAction":[{"@type":"SearchAction","target":{"@type":"EntryPoint","urlTemplate":"https:\/\/epochtimestr.com\/?s={search_term_string}"},"query-input":"required name=search_term_string"}],"inLanguage":"tr"},{"@type":"Organization","@id":"https:\/\/epochtimestr.com\/#organization","name":"The EpochTimes T\u00fcrkiye","url":"https:\/\/epochtimestr.com\/","logo":{"@type":"ImageObject","inLanguage":"tr","@id":"https:\/\/epochtimestr.com\/#\/schema\/logo\/image\/","url":"https:\/\/epochtimestr.com\/wp-content\/uploads\/2011y\/ET-Logo-YG.jpg","contentUrl":"https:\/\/epochtimestr.com\/wp-content\/uploads\/2011y\/ET-Logo-YG.jpg","width":346,"height":29,"caption":"The EpochTimes T\u00fcrkiye"},"image":{"@id":"https:\/\/epochtimestr.com\/#\/schema\/logo\/image\/"},"sameAs":["https:\/\/www.facebook.com\/theepochtimestr","https:\/\/x.com\/TheEpochTimesTR","https:\/\/www.instagram.com\/epochtimestr"]},{"@type":"Person","@id":"https:\/\/epochtimestr.com\/#\/schema\/person\/5fef218711d76d8f232b0e1f1d7e4c0d","name":"Leo Bajelan","image":{"@type":"ImageObject","inLanguage":"tr","@id":"https:\/\/epochtimestr.com\/#\/schema\/person\/image\/","url":"https:\/\/secure.gravatar.com\/avatar\/917669146f489549e548a2e9af272df5?s=96&d=mm&r=g","contentUrl":"https:\/\/secure.gravatar.com\/avatar\/917669146f489549e548a2e9af272df5?s=96&d=mm&r=g","caption":"Leo Bajelan"},"url":"https:\/\/epochtimestr.com\/index.php\/author\/leo"}]}},"_links":{"self":[{"href":"https:\/\/epochtimestr.com\/index.php\/wp-json\/wp\/v2\/posts\/167649"}],"collection":[{"href":"https:\/\/epochtimestr.com\/index.php\/wp-json\/wp\/v2\/posts"}],"about":[{"href":"https:\/\/epochtimestr.com\/index.php\/wp-json\/wp\/v2\/types\/post"}],"author":[{"embeddable":true,"href":"https:\/\/epochtimestr.com\/index.php\/wp-json\/wp\/v2\/users\/13996"}],"replies":[{"embeddable":true,"href":"https:\/\/epochtimestr.com\/index.php\/wp-json\/wp\/v2\/comments?post=167649"}],"version-history":[{"count":2,"href":"https:\/\/epochtimestr.com\/index.php\/wp-json\/wp\/v2\/posts\/167649\/revisions"}],"predecessor-version":[{"id":167660,"href":"https:\/\/epochtimestr.com\/index.php\/wp-json\/wp\/v2\/posts\/167649\/revisions\/167660"}],"wp:featuredmedia":[{"embeddable":true,"href":"https:\/\/epochtimestr.com\/index.php\/wp-json\/wp\/v2\/media\/167650"}],"wp:attachment":[{"href":"https:\/\/epochtimestr.com\/index.php\/wp-json\/wp\/v2\/media?parent=167649"}],"wp:term":[{"taxonomy":"category","embeddable":true,"href":"https:\/\/epochtimestr.com\/index.php\/wp-json\/wp\/v2\/categories?post=167649"},{"taxonomy":"post_tag","embeddable":true,"href":"https:\/\/epochtimestr.com\/index.php\/wp-json\/wp\/v2\/tags?post=167649"}],"curies":[{"name":"wp","href":"https:\/\/api.w.org\/{rel}","templated":true}]}}