{"id":167674,"date":"2026-06-04T14:05:45","date_gmt":"2026-06-04T11:05:45","guid":{"rendered":"https:\/\/epochtimestr.com\/?p=167674"},"modified":"2026-06-04T14:05:47","modified_gmt":"2026-06-04T11:05:47","slug":"iran-nukleer-programina-teknoloji-saglayan-is-insani-tutuklandi","status":"publish","type":"post","link":"https:\/\/epochtimestr.com\/index.php\/iran-nukleer-programina-teknoloji-saglayan-is-insani-tutuklandi","title":{"rendered":"\u0130ran N\u00fckleer Program\u0131na Teknoloji Sa\u011flayan \u0130\u015f \u0130nsan\u0131 Tutukland\u0131"},"content":{"rendered":"<div class=\"wp-block-image\">\n<figure class=\"aligncenter size-full is-resized\"><img loading=\"lazy\" decoding=\"async\" width=\"1200\" height=\"800\" src=\"https:\/\/epochtimestr.com\/wp-content\/uploads\/2011y\/1000039690.jpg\" alt=\"ABD'de ya\u015fayan \u0130ran as\u0131ll\u0131 i\u015f insan\u0131 Jamshid Ghomi, \u0130ran'\u0131n n\u00fckleer program\u0131na teknoloji sa\u011flad\u0131\u011f\u0131 iddias\u0131yla tutukland\u0131. ABD Adalet Bakanl\u0131\u011f\u0131'nda 19 Kas\u0131m 2025 tarihinde d\u00fczenlenen bas\u0131n toplant\u0131s\u0131nda Central District of California Ba\u015fyard\u0131mc\u0131 Savc\u0131s\u0131 Bill Essayli konu\u015fuyor. (Foto\u011fraf: Madalina Kilroy\/The Epoch Times)\" class=\"wp-image-167675\" style=\"width:840px;height:auto\" srcset=\"https:\/\/epochtimestr.com\/wp-content\/uploads\/2011y\/1000039690.jpg 1200w, https:\/\/epochtimestr.com\/wp-content\/uploads\/2011y\/1000039690-300x200.jpg 300w, https:\/\/epochtimestr.com\/wp-content\/uploads\/2011y\/1000039690-150x100.jpg 150w, https:\/\/epochtimestr.com\/wp-content\/uploads\/2011y\/1000039690-768x512.jpg 768w\" sizes=\"(max-width: 1200px) 100vw, 1200px\" \/><figcaption class=\"wp-element-caption\">ABD&#8217;de ya\u015fayan \u0130ran as\u0131ll\u0131 i\u015f insan\u0131 Jamshid Ghomi, \u0130ran&#8217;\u0131n n\u00fckleer program\u0131na teknoloji sa\u011flad\u0131\u011f\u0131 iddias\u0131yla tutukland\u0131. California Savc\u0131 Ba\u015fyard\u0131mc\u0131s\u0131 Bill Essayli ABD Adalet Bakanl\u0131\u011f\u0131&#8217;nda d\u00fczenlenen bas\u0131n toplant\u0131s\u0131nda konu\u015furken. 19 Kas\u0131m 2025. (Foto\u011fraf: Madalina Kilroy, The Epoch Times)<\/figcaption><\/figure><\/div>\n\n\n<p>ABD makamlar\u0131, \u0130ran&#8217;\u0131n n\u00fckleer program\u0131na teknoloji sa\u011flad\u0131\u011f\u0131 iddia edilen bir i\u015f insan\u0131n\u0131 g\u00f6zalt\u0131na ald\u0131. Yetkililer ayr\u0131ca zanl\u0131n\u0131n Kaliforniya&#8217;daki mal varl\u0131klar\u0131na el koyma s\u00fcrecini ba\u015flatt\u0131.<\/p>\n\n\n\n<p><a href=\"https:\/\/www.theepochtimes.com\/us\/california-man-arrested-for-allegedly-supplying-technology-for-irans-nuclear-program-6042790\" target=\"_blank\" rel=\"noreferrer noopener\">ABD Adalet Bakanl\u0131\u011f\u0131<\/a>, 03 Haziran 2026 tarihinde Jamshid Ghomi hakk\u0131nda dava a\u00e7\u0131ld\u0131\u011f\u0131n\u0131 duyurdu. Newport Coast&#8217;ta ya\u015fayan 63 ya\u015f\u0131ndaki Ghomi&#8217;ye y\u00f6neltilen su\u00e7lama: \u0130ran&#8217;a y\u00f6nelik yapt\u0131r\u0131mlar\u0131 ihlal etmek. Savc\u0131l\u0131\u011fa g\u00f6re Ghomi, \u0130ran merkezli Faraz Pardaz Rayaneh adl\u0131 \u015firketin y\u00f6neticisi olarak faaliyet g\u00f6sterdi. \u015eirketin y\u0131ll\u0131k sat\u0131\u015flar\u0131 10 milyon dolar\u0131 a\u015f\u0131yor.<\/p>\n\n\n\n<p>\u0130ddianameye g\u00f6re \u015firket, <a href=\"https:\/\/epochtimestr.com\/index.php\/irana-karsi-turkler-ve-kurtler-neden-guclerini-birlestirmeli\" target=\"_blank\" rel=\"noreferrer noopener\">\u0130ran<\/a> devlet kurumlar\u0131na bilgisayar a\u011f teknolojileri sa\u011fl\u0131yor. Ayr\u0131ca m\u00fc\u015fterileri aras\u0131nda \u0130ran&#8217;\u0131n n\u00fckleer ve askeri kurulu\u015flar\u0131 da yer al\u0131yor. Yetkililer, Ghomi&#8217;nin 2017 ile 2023 y\u0131llar\u0131 aras\u0131nda \u0130ran Atom Enerjisi Kurumu&#8217;na Amerikan yap\u0131m\u0131 ekipman g\u00f6nderdi\u011fini iddia ediyor. ABD D\u0131\u015fi\u015fleri Bakanl\u0131\u011f\u0131, \u0130ran&#8217;\u0131n n\u00fckleer taahh\u00fctlerini a\u015ft\u0131\u011f\u0131 gerek\u00e7esiyle s\u00f6z konusu kurumu 2020 y\u0131l\u0131nda yapt\u0131r\u0131m listesine alm\u0131\u015ft\u0131.<\/p>\n\n\n\n<p>\u00d6te yandan savc\u0131lar, Ghomi&#8217;nin ABD Hazine Bakanl\u0131\u011f\u0131&#8217;ndan gerekli izinleri almad\u0131\u011f\u0131n\u0131 belirtti. Bu nedenle yap\u0131lan ticari i\u015flemler yapt\u0131r\u0131mlar\u0131 ihlal etti.<\/p>\n\n\n\n<p>Yetkililere g\u00f6re Ghomi, y\u0131llar boyunca ABD men\u015feli a\u011f, g\u00fcvenlik ve \u015fifreleme \u00fcr\u00fcnleri temin etti. Daha sonra bu \u00fcr\u00fcnleri farkl\u0131 \u00fclkelerdeki arac\u0131lar \u00fczerinden \u0130ran&#8217;a g\u00f6nderdi.<\/p>\n\n\n\n<h3 class=\"wp-block-heading\">Teknoloji Sevkiyat\u0131 \u0130ddias\u0131<\/h3>\n\n\n\n<p>Savc\u0131l\u0131k kay\u0131tlar\u0131na g\u00f6re Ghomi, 2011 ile 2023 y\u0131llar\u0131 aras\u0131nda y\u00fczlerce sat\u0131n alma i\u015flemi ger\u00e7ekle\u015ftirdi. Hatta baz\u0131 \u00fcr\u00fcnleri Birle\u015fik Arap Emirlikleri \u00fczerinden sevk etti. Ayr\u0131ca 2023 y\u0131l\u0131nda Minnesota ve Nebraska&#8217;daki tedarik\u00e7ilerden do\u011frudan \u00fcr\u00fcn ald\u0131 ve arac\u0131 \u015firketler \u00fczerinden \u0130ran&#8217;a ula\u015ft\u0131rd\u0131.<\/p>\n\n\n\n<p>Soru\u015fturma dosyas\u0131na g\u00f6re Ghomi, 2014 y\u0131l\u0131ndan itibaren d\u00f6rt y\u0131l boyunca 275 tondan fazla a\u011f ekipman\u0131 sevk etti. Ancak yetkililer, nihai var\u0131\u015f noktas\u0131n\u0131n gizlenmeye \u00e7al\u0131\u015f\u0131ld\u0131\u011f\u0131n\u0131 iddia ediyor. ABD makamlar\u0131, Ghomi&#8217;nin elde etti\u011fi gelirlerle Newport Coast&#8217;ta yakla\u015f\u0131k 35 milyon dolar de\u011ferinde bir malik\u00e2ne sat\u0131n ald\u0131\u011f\u0131n\u0131 belirtti. Sonu\u00e7 olarak davada su\u00e7lu bulunmas\u0131 halinde Ghomi, 20 y\u0131la kadar hapis cezas\u0131yla kar\u015f\u0131 kar\u015f\u0131ya kalabilir.<\/p>\n","protected":false},"excerpt":{"rendered":"<p>ABD makamlar\u0131, \u0130ran&#8217;\u0131n n\u00fckleer program\u0131na teknoloji sa\u011flad\u0131\u011f\u0131 iddia edilen bir i\u015f insan\u0131n\u0131 g\u00f6zalt\u0131na ald\u0131. Yetkililer ayr\u0131ca zanl\u0131n\u0131n Kaliforniya&#8217;daki mal varl\u0131klar\u0131na el koyma s\u00fcrecini ba\u015flatt\u0131. ABD Adalet Bakanl\u0131\u011f\u0131, 03 Haziran 2026 tarihinde Jamshid Ghomi hakk\u0131nda dava a\u00e7\u0131ld\u0131\u011f\u0131n\u0131 duyurdu. Newport Coast&#8217;ta ya\u015fayan 63 ya\u015f\u0131ndaki Ghomi&#8217;ye y\u00f6neltilen su\u00e7lama: \u0130ran&#8217;a y\u00f6nelik yapt\u0131r\u0131mlar\u0131 ihlal etmek. Savc\u0131l\u0131\u011fa g\u00f6re Ghomi, \u0130ran merkezli [&hellip;]<\/p>\n","protected":false},"author":13996,"featured_media":167675,"comment_status":"open","ping_status":"open","sticky":false,"template":"","format":"standard","meta":{"_yoast_wpseo_focuskw":"n\u00fckleer - teknoloji","_yoast_wpseo_title":"","_yoast_wpseo_metadesc":"ABD'de ya\u015fayan \u0130ran as\u0131ll\u0131 i\u015f insan\u0131 Jamshid Ghomi, \u0130ran'\u0131n n\u00fckleer program\u0131na teknoloji sa\u011flad\u0131\u011f\u0131 iddias\u0131yla tutukland\u0131.","_bbp_topic_count":0,"_bbp_reply_count":0,"_bbp_total_topic_count":0,"_bbp_total_reply_count":0,"_bbp_voice_count":0,"_bbp_anonymous_reply_count":0,"_bbp_topic_count_hidden":0,"_bbp_reply_count_hidden":0,"_bbp_forum_subforum_count":0,"footnotes":"","_yoast_wpseo_focuskw_text_input":""},"categories":[5,1,8138],"tags":[6350,11501,8828,11502,11500,11499,11504],"yoast_head":"<!-- This site is optimized with the Yoast SEO plugin v23.0 - https:\/\/yoast.com\/wordpress\/plugins\/seo\/ -->\n<title>\u0130ran N\u00fckleer Program\u0131na Teknoloji Sa\u011flayan \u0130\u015f \u0130nsan\u0131 Tutukland\u0131 - The Epoch Times TR<\/title>\n<meta name=\"description\" content=\"ABD&#039;de ya\u015fayan \u0130ran as\u0131ll\u0131 i\u015f insan\u0131 Jamshid Ghomi, \u0130ran&#039;\u0131n n\u00fckleer program\u0131na teknoloji sa\u011flad\u0131\u011f\u0131 iddias\u0131yla tutukland\u0131.\" \/>\n<meta name=\"robots\" content=\"index, follow, max-snippet:-1, max-image-preview:large, max-video-preview:-1\" \/>\n<link rel=\"canonical\" href=\"https:\/\/epochtimestr.com\/index.php\/iran-nukleer-programina-teknoloji-saglayan-is-insani-tutuklandi\" \/>\n<meta property=\"og:locale\" content=\"tr_TR\" \/>\n<meta property=\"og:type\" content=\"article\" \/>\n<meta property=\"og:title\" content=\"\u0130ran N\u00fckleer Program\u0131na Teknoloji Sa\u011flayan \u0130\u015f \u0130nsan\u0131 Tutukland\u0131 - The Epoch Times TR\" \/>\n<meta property=\"og:description\" content=\"ABD&#039;de ya\u015fayan \u0130ran as\u0131ll\u0131 i\u015f insan\u0131 Jamshid Ghomi, \u0130ran&#039;\u0131n n\u00fckleer program\u0131na teknoloji sa\u011flad\u0131\u011f\u0131 iddias\u0131yla tutukland\u0131.\" \/>\n<meta property=\"og:url\" content=\"https:\/\/epochtimestr.com\/index.php\/iran-nukleer-programina-teknoloji-saglayan-is-insani-tutuklandi\" \/>\n<meta property=\"og:site_name\" content=\"The Epoch Times TR\" \/>\n<meta property=\"article:publisher\" content=\"https:\/\/www.facebook.com\/theepochtimestr\" \/>\n<meta property=\"article:published_time\" content=\"2026-06-04T11:05:45+00:00\" \/>\n<meta property=\"article:modified_time\" content=\"2026-06-04T11:05:47+00:00\" \/>\n<meta property=\"og:image\" content=\"https:\/\/epochtimestr.com\/wp-content\/uploads\/2011y\/1000039690.jpg\" \/>\n\t<meta property=\"og:image:width\" content=\"1200\" \/>\n\t<meta property=\"og:image:height\" content=\"800\" \/>\n\t<meta property=\"og:image:type\" content=\"image\/jpeg\" \/>\n<meta name=\"author\" content=\"Leo Bajelan\" \/>\n<meta name=\"twitter:card\" content=\"summary_large_image\" \/>\n<meta name=\"twitter:creator\" content=\"@TheEpochTimesTR\" \/>\n<meta name=\"twitter:site\" content=\"@TheEpochTimesTR\" \/>\n<meta name=\"twitter:label1\" content=\"Yazan:\" \/>\n\t<meta name=\"twitter:data1\" content=\"Leo Bajelan\" \/>\n\t<meta name=\"twitter:label2\" content=\"Tahmini okuma s\u00fcresi\" \/>\n\t<meta name=\"twitter:data2\" content=\"3 dakika\" \/>\n<script type=\"application\/ld+json\" class=\"yoast-schema-graph\">{\"@context\":\"https:\/\/schema.org\",\"@graph\":[{\"@type\":\"Article\",\"@id\":\"https:\/\/epochtimestr.com\/index.php\/iran-nukleer-programina-teknoloji-saglayan-is-insani-tutuklandi#article\",\"isPartOf\":{\"@id\":\"https:\/\/epochtimestr.com\/index.php\/iran-nukleer-programina-teknoloji-saglayan-is-insani-tutuklandi\"},\"author\":{\"name\":\"Leo Bajelan\",\"@id\":\"https:\/\/epochtimestr.com\/#\/schema\/person\/5fef218711d76d8f232b0e1f1d7e4c0d\"},\"headline\":\"\u0130ran N\u00fckleer Program\u0131na Teknoloji Sa\u011flayan \u0130\u015f \u0130nsan\u0131 Tutukland\u0131\",\"datePublished\":\"2026-06-04T11:05:45+00:00\",\"dateModified\":\"2026-06-04T11:05:47+00:00\",\"mainEntityOfPage\":{\"@id\":\"https:\/\/epochtimestr.com\/index.php\/iran-nukleer-programina-teknoloji-saglayan-is-insani-tutuklandi\"},\"wordCount\":437,\"commentCount\":0,\"publisher\":{\"@id\":\"https:\/\/epochtimestr.com\/#organization\"},\"image\":{\"@id\":\"https:\/\/epochtimestr.com\/index.php\/iran-nukleer-programina-teknoloji-saglayan-is-insani-tutuklandi#primaryimage\"},\"thumbnailUrl\":\"https:\/\/epochtimestr.com\/wp-content\/uploads\/2011y\/1000039690.jpg\",\"keywords\":[\"ABD D\u0131\u015fi\u015fleri Bakanl\u0131\u011f\u0131\",\"ABD vatanda\u015flar\u0131\",\"\u0130ran n\u00fckleer\",\"\u0130ran yapt\u0131r\u0131mlar\u0131\",\"Jamshid Ghomi\",\"N\u00fckleer teknoloji\",\"Teknoloji Sevkiyat\u0131\"],\"articleSection\":[\"D\u00dcNYA\",\"G\u00dcNDEM\",\"MAN\u015eET\"],\"inLanguage\":\"tr\",\"potentialAction\":[{\"@type\":\"CommentAction\",\"name\":\"Comment\",\"target\":[\"https:\/\/epochtimestr.com\/index.php\/iran-nukleer-programina-teknoloji-saglayan-is-insani-tutuklandi#respond\"]}]},{\"@type\":\"WebPage\",\"@id\":\"https:\/\/epochtimestr.com\/index.php\/iran-nukleer-programina-teknoloji-saglayan-is-insani-tutuklandi\",\"url\":\"https:\/\/epochtimestr.com\/index.php\/iran-nukleer-programina-teknoloji-saglayan-is-insani-tutuklandi\",\"name\":\"\u0130ran N\u00fckleer Program\u0131na Teknoloji Sa\u011flayan \u0130\u015f \u0130nsan\u0131 Tutukland\u0131 - The Epoch Times TR\",\"isPartOf\":{\"@id\":\"https:\/\/epochtimestr.com\/#website\"},\"primaryImageOfPage\":{\"@id\":\"https:\/\/epochtimestr.com\/index.php\/iran-nukleer-programina-teknoloji-saglayan-is-insani-tutuklandi#primaryimage\"},\"image\":{\"@id\":\"https:\/\/epochtimestr.com\/index.php\/iran-nukleer-programina-teknoloji-saglayan-is-insani-tutuklandi#primaryimage\"},\"thumbnailUrl\":\"https:\/\/epochtimestr.com\/wp-content\/uploads\/2011y\/1000039690.jpg\",\"datePublished\":\"2026-06-04T11:05:45+00:00\",\"dateModified\":\"2026-06-04T11:05:47+00:00\",\"description\":\"ABD'de ya\u015fayan \u0130ran as\u0131ll\u0131 i\u015f insan\u0131 Jamshid Ghomi, \u0130ran'\u0131n n\u00fckleer program\u0131na teknoloji sa\u011flad\u0131\u011f\u0131 iddias\u0131yla tutukland\u0131.\",\"inLanguage\":\"tr\",\"potentialAction\":[{\"@type\":\"ReadAction\",\"target\":[\"https:\/\/epochtimestr.com\/index.php\/iran-nukleer-programina-teknoloji-saglayan-is-insani-tutuklandi\"]}]},{\"@type\":\"ImageObject\",\"inLanguage\":\"tr\",\"@id\":\"https:\/\/epochtimestr.com\/index.php\/iran-nukleer-programina-teknoloji-saglayan-is-insani-tutuklandi#primaryimage\",\"url\":\"https:\/\/epochtimestr.com\/wp-content\/uploads\/2011y\/1000039690.jpg\",\"contentUrl\":\"https:\/\/epochtimestr.com\/wp-content\/uploads\/2011y\/1000039690.jpg\",\"width\":1200,\"height\":800},{\"@type\":\"WebSite\",\"@id\":\"https:\/\/epochtimestr.com\/#website\",\"url\":\"https:\/\/epochtimestr.com\/\",\"name\":\"The Epoch Times TR\",\"description\":\"De\u011fi\u015fen D\u00fcnyam\u0131za Taze Bir Bak\u0131\u015f\",\"publisher\":{\"@id\":\"https:\/\/epochtimestr.com\/#organization\"},\"potentialAction\":[{\"@type\":\"SearchAction\",\"target\":{\"@type\":\"EntryPoint\",\"urlTemplate\":\"https:\/\/epochtimestr.com\/?s={search_term_string}\"},\"query-input\":\"required name=search_term_string\"}],\"inLanguage\":\"tr\"},{\"@type\":\"Organization\",\"@id\":\"https:\/\/epochtimestr.com\/#organization\",\"name\":\"The EpochTimes T\u00fcrkiye\",\"url\":\"https:\/\/epochtimestr.com\/\",\"logo\":{\"@type\":\"ImageObject\",\"inLanguage\":\"tr\",\"@id\":\"https:\/\/epochtimestr.com\/#\/schema\/logo\/image\/\",\"url\":\"https:\/\/epochtimestr.com\/wp-content\/uploads\/2011y\/ET-Logo-YG.jpg\",\"contentUrl\":\"https:\/\/epochtimestr.com\/wp-content\/uploads\/2011y\/ET-Logo-YG.jpg\",\"width\":346,\"height\":29,\"caption\":\"The EpochTimes T\u00fcrkiye\"},\"image\":{\"@id\":\"https:\/\/epochtimestr.com\/#\/schema\/logo\/image\/\"},\"sameAs\":[\"https:\/\/www.facebook.com\/theepochtimestr\",\"https:\/\/x.com\/TheEpochTimesTR\",\"https:\/\/www.instagram.com\/epochtimestr\"]},{\"@type\":\"Person\",\"@id\":\"https:\/\/epochtimestr.com\/#\/schema\/person\/5fef218711d76d8f232b0e1f1d7e4c0d\",\"name\":\"Leo Bajelan\",\"image\":{\"@type\":\"ImageObject\",\"inLanguage\":\"tr\",\"@id\":\"https:\/\/epochtimestr.com\/#\/schema\/person\/image\/\",\"url\":\"https:\/\/secure.gravatar.com\/avatar\/917669146f489549e548a2e9af272df5?s=96&d=mm&r=g\",\"contentUrl\":\"https:\/\/secure.gravatar.com\/avatar\/917669146f489549e548a2e9af272df5?s=96&d=mm&r=g\",\"caption\":\"Leo Bajelan\"},\"url\":\"https:\/\/epochtimestr.com\/index.php\/author\/leo\"}]}<\/script>\n<!-- \/ Yoast SEO plugin. -->","yoast_head_json":{"title":"\u0130ran N\u00fckleer Program\u0131na Teknoloji Sa\u011flayan \u0130\u015f \u0130nsan\u0131 Tutukland\u0131 - The Epoch Times TR","description":"ABD'de ya\u015fayan \u0130ran as\u0131ll\u0131 i\u015f insan\u0131 Jamshid Ghomi, \u0130ran'\u0131n n\u00fckleer program\u0131na teknoloji sa\u011flad\u0131\u011f\u0131 iddias\u0131yla tutukland\u0131.","robots":{"index":"index","follow":"follow","max-snippet":"max-snippet:-1","max-image-preview":"max-image-preview:large","max-video-preview":"max-video-preview:-1"},"canonical":"https:\/\/epochtimestr.com\/index.php\/iran-nukleer-programina-teknoloji-saglayan-is-insani-tutuklandi","og_locale":"tr_TR","og_type":"article","og_title":"\u0130ran N\u00fckleer Program\u0131na Teknoloji Sa\u011flayan \u0130\u015f \u0130nsan\u0131 Tutukland\u0131 - The Epoch Times TR","og_description":"ABD'de ya\u015fayan \u0130ran as\u0131ll\u0131 i\u015f insan\u0131 Jamshid Ghomi, \u0130ran'\u0131n n\u00fckleer program\u0131na teknoloji sa\u011flad\u0131\u011f\u0131 iddias\u0131yla tutukland\u0131.","og_url":"https:\/\/epochtimestr.com\/index.php\/iran-nukleer-programina-teknoloji-saglayan-is-insani-tutuklandi","og_site_name":"The Epoch Times TR","article_publisher":"https:\/\/www.facebook.com\/theepochtimestr","article_published_time":"2026-06-04T11:05:45+00:00","article_modified_time":"2026-06-04T11:05:47+00:00","og_image":[{"width":1200,"height":800,"url":"https:\/\/epochtimestr.com\/wp-content\/uploads\/2011y\/1000039690.jpg","type":"image\/jpeg"}],"author":"Leo Bajelan","twitter_card":"summary_large_image","twitter_creator":"@TheEpochTimesTR","twitter_site":"@TheEpochTimesTR","twitter_misc":{"Yazan:":"Leo Bajelan","Tahmini okuma s\u00fcresi":"3 dakika"},"schema":{"@context":"https:\/\/schema.org","@graph":[{"@type":"Article","@id":"https:\/\/epochtimestr.com\/index.php\/iran-nukleer-programina-teknoloji-saglayan-is-insani-tutuklandi#article","isPartOf":{"@id":"https:\/\/epochtimestr.com\/index.php\/iran-nukleer-programina-teknoloji-saglayan-is-insani-tutuklandi"},"author":{"name":"Leo Bajelan","@id":"https:\/\/epochtimestr.com\/#\/schema\/person\/5fef218711d76d8f232b0e1f1d7e4c0d"},"headline":"\u0130ran N\u00fckleer Program\u0131na Teknoloji Sa\u011flayan \u0130\u015f \u0130nsan\u0131 Tutukland\u0131","datePublished":"2026-06-04T11:05:45+00:00","dateModified":"2026-06-04T11:05:47+00:00","mainEntityOfPage":{"@id":"https:\/\/epochtimestr.com\/index.php\/iran-nukleer-programina-teknoloji-saglayan-is-insani-tutuklandi"},"wordCount":437,"commentCount":0,"publisher":{"@id":"https:\/\/epochtimestr.com\/#organization"},"image":{"@id":"https:\/\/epochtimestr.com\/index.php\/iran-nukleer-programina-teknoloji-saglayan-is-insani-tutuklandi#primaryimage"},"thumbnailUrl":"https:\/\/epochtimestr.com\/wp-content\/uploads\/2011y\/1000039690.jpg","keywords":["ABD D\u0131\u015fi\u015fleri Bakanl\u0131\u011f\u0131","ABD vatanda\u015flar\u0131","\u0130ran n\u00fckleer","\u0130ran yapt\u0131r\u0131mlar\u0131","Jamshid Ghomi","N\u00fckleer teknoloji","Teknoloji Sevkiyat\u0131"],"articleSection":["D\u00dcNYA","G\u00dcNDEM","MAN\u015eET"],"inLanguage":"tr","potentialAction":[{"@type":"CommentAction","name":"Comment","target":["https:\/\/epochtimestr.com\/index.php\/iran-nukleer-programina-teknoloji-saglayan-is-insani-tutuklandi#respond"]}]},{"@type":"WebPage","@id":"https:\/\/epochtimestr.com\/index.php\/iran-nukleer-programina-teknoloji-saglayan-is-insani-tutuklandi","url":"https:\/\/epochtimestr.com\/index.php\/iran-nukleer-programina-teknoloji-saglayan-is-insani-tutuklandi","name":"\u0130ran N\u00fckleer Program\u0131na Teknoloji Sa\u011flayan \u0130\u015f \u0130nsan\u0131 Tutukland\u0131 - The Epoch Times TR","isPartOf":{"@id":"https:\/\/epochtimestr.com\/#website"},"primaryImageOfPage":{"@id":"https:\/\/epochtimestr.com\/index.php\/iran-nukleer-programina-teknoloji-saglayan-is-insani-tutuklandi#primaryimage"},"image":{"@id":"https:\/\/epochtimestr.com\/index.php\/iran-nukleer-programina-teknoloji-saglayan-is-insani-tutuklandi#primaryimage"},"thumbnailUrl":"https:\/\/epochtimestr.com\/wp-content\/uploads\/2011y\/1000039690.jpg","datePublished":"2026-06-04T11:05:45+00:00","dateModified":"2026-06-04T11:05:47+00:00","description":"ABD'de ya\u015fayan \u0130ran as\u0131ll\u0131 i\u015f insan\u0131 Jamshid Ghomi, \u0130ran'\u0131n n\u00fckleer program\u0131na teknoloji sa\u011flad\u0131\u011f\u0131 iddias\u0131yla tutukland\u0131.","inLanguage":"tr","potentialAction":[{"@type":"ReadAction","target":["https:\/\/epochtimestr.com\/index.php\/iran-nukleer-programina-teknoloji-saglayan-is-insani-tutuklandi"]}]},{"@type":"ImageObject","inLanguage":"tr","@id":"https:\/\/epochtimestr.com\/index.php\/iran-nukleer-programina-teknoloji-saglayan-is-insani-tutuklandi#primaryimage","url":"https:\/\/epochtimestr.com\/wp-content\/uploads\/2011y\/1000039690.jpg","contentUrl":"https:\/\/epochtimestr.com\/wp-content\/uploads\/2011y\/1000039690.jpg","width":1200,"height":800},{"@type":"WebSite","@id":"https:\/\/epochtimestr.com\/#website","url":"https:\/\/epochtimestr.com\/","name":"The Epoch Times TR","description":"De\u011fi\u015fen D\u00fcnyam\u0131za Taze Bir Bak\u0131\u015f","publisher":{"@id":"https:\/\/epochtimestr.com\/#organization"},"potentialAction":[{"@type":"SearchAction","target":{"@type":"EntryPoint","urlTemplate":"https:\/\/epochtimestr.com\/?s={search_term_string}"},"query-input":"required name=search_term_string"}],"inLanguage":"tr"},{"@type":"Organization","@id":"https:\/\/epochtimestr.com\/#organization","name":"The EpochTimes T\u00fcrkiye","url":"https:\/\/epochtimestr.com\/","logo":{"@type":"ImageObject","inLanguage":"tr","@id":"https:\/\/epochtimestr.com\/#\/schema\/logo\/image\/","url":"https:\/\/epochtimestr.com\/wp-content\/uploads\/2011y\/ET-Logo-YG.jpg","contentUrl":"https:\/\/epochtimestr.com\/wp-content\/uploads\/2011y\/ET-Logo-YG.jpg","width":346,"height":29,"caption":"The EpochTimes T\u00fcrkiye"},"image":{"@id":"https:\/\/epochtimestr.com\/#\/schema\/logo\/image\/"},"sameAs":["https:\/\/www.facebook.com\/theepochtimestr","https:\/\/x.com\/TheEpochTimesTR","https:\/\/www.instagram.com\/epochtimestr"]},{"@type":"Person","@id":"https:\/\/epochtimestr.com\/#\/schema\/person\/5fef218711d76d8f232b0e1f1d7e4c0d","name":"Leo Bajelan","image":{"@type":"ImageObject","inLanguage":"tr","@id":"https:\/\/epochtimestr.com\/#\/schema\/person\/image\/","url":"https:\/\/secure.gravatar.com\/avatar\/917669146f489549e548a2e9af272df5?s=96&d=mm&r=g","contentUrl":"https:\/\/secure.gravatar.com\/avatar\/917669146f489549e548a2e9af272df5?s=96&d=mm&r=g","caption":"Leo Bajelan"},"url":"https:\/\/epochtimestr.com\/index.php\/author\/leo"}]}},"_links":{"self":[{"href":"https:\/\/epochtimestr.com\/index.php\/wp-json\/wp\/v2\/posts\/167674"}],"collection":[{"href":"https:\/\/epochtimestr.com\/index.php\/wp-json\/wp\/v2\/posts"}],"about":[{"href":"https:\/\/epochtimestr.com\/index.php\/wp-json\/wp\/v2\/types\/post"}],"author":[{"embeddable":true,"href":"https:\/\/epochtimestr.com\/index.php\/wp-json\/wp\/v2\/users\/13996"}],"replies":[{"embeddable":true,"href":"https:\/\/epochtimestr.com\/index.php\/wp-json\/wp\/v2\/comments?post=167674"}],"version-history":[{"count":2,"href":"https:\/\/epochtimestr.com\/index.php\/wp-json\/wp\/v2\/posts\/167674\/revisions"}],"predecessor-version":[{"id":167681,"href":"https:\/\/epochtimestr.com\/index.php\/wp-json\/wp\/v2\/posts\/167674\/revisions\/167681"}],"wp:featuredmedia":[{"embeddable":true,"href":"https:\/\/epochtimestr.com\/index.php\/wp-json\/wp\/v2\/media\/167675"}],"wp:attachment":[{"href":"https:\/\/epochtimestr.com\/index.php\/wp-json\/wp\/v2\/media?parent=167674"}],"wp:term":[{"taxonomy":"category","embeddable":true,"href":"https:\/\/epochtimestr.com\/index.php\/wp-json\/wp\/v2\/categories?post=167674"},{"taxonomy":"post_tag","embeddable":true,"href":"https:\/\/epochtimestr.com\/index.php\/wp-json\/wp\/v2\/tags?post=167674"}],"curies":[{"name":"wp","href":"https:\/\/api.w.org\/{rel}","templated":true}]}}