{"id":167677,"date":"2026-06-04T20:09:16","date_gmt":"2026-06-04T17:09:16","guid":{"rendered":"https:\/\/epochtimestr.com\/?p=167677"},"modified":"2026-06-04T20:09:27","modified_gmt":"2026-06-04T17:09:27","slug":"abd-temsilciler-meclisi-irana-karsi-askeri-mudahaleyi-engelledi","status":"publish","type":"post","link":"https:\/\/epochtimestr.com\/index.php\/abd-temsilciler-meclisi-irana-karsi-askeri-mudahaleyi-engelledi","title":{"rendered":"ABD Temsilciler Meclisi  \u0130ran\u2019a Kar\u015f\u0131 Askeri M\u00fcdahaleyi Engelledi"},"content":{"rendered":"<div class=\"wp-block-image\">\n<figure class=\"aligncenter size-full\"><img loading=\"lazy\" decoding=\"async\" width=\"1200\" height=\"800\" src=\"https:\/\/epochtimestr.com\/wp-content\/uploads\/2011y\/1000039691.webp\" alt=\"ABD Temsilciler Meclisi, \u0130ran\u2019a kar\u015f\u0131 y\u00fcr\u00fct\u00fclen askeri operasyonlar\u0131 durdurmak i\u00e7in tasar\u0131y\u0131 kabul etti. Ba\u015fkan\u0131n onay\u0131 olmadan askerler \u00e7ekilecek.  21 May\u0131s 2026\u2019da ABD Kongre binas\u0131. (Foto\u011fraf: Madalina Kilroy\/The Epoch Times)\" class=\"wp-image-167678\" srcset=\"https:\/\/epochtimestr.com\/wp-content\/uploads\/2011y\/1000039691.webp 1200w, https:\/\/epochtimestr.com\/wp-content\/uploads\/2011y\/1000039691-300x200.webp 300w, https:\/\/epochtimestr.com\/wp-content\/uploads\/2011y\/1000039691-150x100.webp 150w, https:\/\/epochtimestr.com\/wp-content\/uploads\/2011y\/1000039691-768x512.webp 768w\" sizes=\"(max-width: 1200px) 100vw, 1200px\" \/><figcaption class=\"wp-element-caption\">ABD Temsilciler Meclisi, \u0130ran\u2019a kar\u015f\u0131 y\u00fcr\u00fct\u00fclen askeri operasyonlar\u0131 durduran tasar\u0131y\u0131 kabul etti. Ba\u015fkan\u0131n onay\u0131 olmadan askerler \u00e7ekilecek. 21 May\u0131s 2026\u2019da ABD Kongre binas\u0131. (Foto\u011fraf: Madalina Kilroy, The Epoch Times)<\/figcaption><\/figure><\/div>\n\n\n<p>ABD Temsilciler Meclisi, <a href=\"https:\/\/www.theepochtimes.com\/world\/house-passes-resolution-to-block-military-action-against-iran-6042723\" target=\"_blank\" rel=\"noreferrer noopener\">3 Haziran 2026\u2019da<\/a> \u0130ran ile s\u00fcren \u00e7at\u0131\u015fmalarda Amerikan askerlerinin g\u00f6revini sonland\u0131rmay\u0131 \u00f6ng\u00f6ren yasa tasar\u0131s\u0131n\u0131 kabul etti. Tasar\u0131 Temsilciler Meclisi\u2019nden 215 lehte, 208 aleyhte oy ile ge\u00e7ti. Demokratlar\u0131n \u00f6nc\u00fcl\u00fck etti\u011fi tasar\u0131ya d\u00f6rt Cumhuriyet\u00e7i de destek verdi. Destek veren Cumhuriyet\u00e7iler aras\u0131nda Tom Barrett (Michigan), Warren Davidson (Ohio), Brian Fitzpatrick (Pensilvanya) ve Thomas Massie (Kentucky) yer ald\u0131.<\/p>\n\n\n\n<p>Tasar\u0131, 1973 tarihli Sava\u015f Yetkileri Yasas\u0131\u2019n\u0131 temel alarak, Trump\u2019\u0131n \u0130ran\u2019a kar\u015f\u0131 y\u00fcr\u00fct\u00fclen askeri operasyonlar\u0131 s\u00fcrd\u00fcrmesi i\u00e7in Kongre\u2019den onay almas\u0131n\u0131 zorunlu k\u0131l\u0131yor. Bu yolla, 28 \u015eubat\u2019ta ba\u015flayan operasyonlar s\u0131n\u0131rland\u0131r\u0131lmas\u0131 s\u00f6z konusu.<\/p>\n\n\n\n<p>Ge\u00e7mi\u015fte <a href=\"https:\/\/epochtimestr.com\/index.php\/abd-iran-kripto-borsalarini-hedef-aldi\" target=\"_blank\" rel=\"noreferrer noopener\">Temsilciler Meclisi<\/a> ve Senato\u2019da benzer giri\u015fimler ba\u015far\u0131s\u0131z olmu\u015ftu. Bu, \u00e7at\u0131\u015fma ba\u015flad\u0131ktan sonra her iki mecliste de kabul edilen ilk tasar\u0131 oldu. Ancak tasar\u0131n\u0131n yasala\u015fabilmesi i\u00e7in Senato\u2019dan ge\u00e7mesi gerekiyor ve Trump&#8217;\u0131n, veto hakk\u0131n\u0131 kullanma ihtimali var.<\/p>\n\n\n\n<p>Daha \u00f6nce, 14 May\u0131s\u2019ta yap\u0131lan oylama 212\u2013212 e\u015fitlikle sonu\u00e7lanm\u0131\u015f ve tasar\u0131 reddedilmi\u015fti. Demokratlar, 21 May\u0131s\u2019ta ikinci bir oylama istediler. Fakat Cumhuriyet\u00e7i liderler, tasar\u0131n\u0131n ge\u00e7ebilece\u011fi sinyalleri nedeniyle oylamay\u0131 iptal etmi\u015fti.<\/p>\n\n\n\n<h3 class=\"wp-block-heading\">ABD Askeri Operasyonlar\u0131 ve \u0130ran Gerginli\u011fi<\/h3>\n\n\n\n<p>Temsilciler Meclisi Ba\u015fkan\u0131 Mike Johnson, tasar\u0131n\u0131n Trump\u2019\u0131n bar\u0131\u015f m\u00fczakerelerini olumsuz etkileyece\u011fini belirtti. Johnson, \u201cBa\u015fkan \u015fu an bir bar\u0131\u015f anla\u015fmas\u0131 \u00fczerinde \u00e7al\u0131\u015f\u0131yor. Bu nedenle tasar\u0131 zamanlamas\u0131 a\u00e7\u0131s\u0131ndan uygun de\u011fil\u201d dedi.<\/p>\n\n\n\n<p>Demokrat Rosa DeLauro ise Amerikan g\u00fc\u00e7lerinin \u00e7at\u0131\u015fmadan geri \u00e7ekilmesi gerekti\u011fini vurgulad\u0131. 1973 Sava\u015f Yetkileri Yasas\u0131, Kongre onay\u0131 olmayan askeri operasyonlarda askerlerin 60 g\u00fcn i\u00e7inde geri \u00e7ekilmesini \u00f6ng\u00f6r\u00fcyor. Ancak ba\u015fkan, g\u00fcvenli bir \u00e7ekilme i\u00e7in bu s\u00fcreyi 30 g\u00fcn uzatabiliyor.<\/p>\n\n\n\n<p>Washington ve Tahran 7 Nisan\u2019da resmi bir ate\u015fkes sa\u011flad\u0131. Buna ra\u011fmen Trump, \u0130ran limanlar\u0131na yapt\u0131r\u0131mlar uygulamaya devam etti. 2 Haziran\u2019da Amerikan g\u00fc\u00e7leri bir petrol tankeri motoruna f\u00fcze sald\u0131r\u0131s\u0131 ger\u00e7ekle\u015ftirdi. Ayn\u0131 g\u00fcn \u0130ran, Kuveyt ve Bahreyn\u2019deki Amerikan \u00fcslerini hedef alan f\u00fcze ve drone sald\u0131r\u0131lar\u0131 ba\u015flatt\u0131.<\/p>\n\n\n\n<p>DeLauro, Cumhuriyet\u00e7ilerin de tasar\u0131y\u0131 desteklemesini umdu\u011funu ifade etti.<\/p>\n","protected":false},"excerpt":{"rendered":"<p>ABD Temsilciler Meclisi, 3 Haziran 2026\u2019da \u0130ran ile s\u00fcren \u00e7at\u0131\u015fmalarda Amerikan askerlerinin g\u00f6revini sonland\u0131rmay\u0131 \u00f6ng\u00f6ren yasa tasar\u0131s\u0131n\u0131 kabul etti. Tasar\u0131 Temsilciler Meclisi\u2019nden 215 lehte, 208 aleyhte oy ile ge\u00e7ti. Demokratlar\u0131n \u00f6nc\u00fcl\u00fck etti\u011fi tasar\u0131ya d\u00f6rt Cumhuriyet\u00e7i de destek verdi. Destek veren Cumhuriyet\u00e7iler aras\u0131nda Tom Barrett (Michigan), Warren Davidson (Ohio), Brian Fitzpatrick (Pensilvanya) ve Thomas Massie (Kentucky) [&hellip;]<\/p>\n","protected":false},"author":13996,"featured_media":167678,"comment_status":"open","ping_status":"open","sticky":false,"template":"","format":"standard","meta":{"_yoast_wpseo_focuskw":"ABD Temsilciler","_yoast_wpseo_title":"","_yoast_wpseo_metadesc":"ABD Temsilciler Meclisi, \u0130ran\u2019a kar\u015f\u0131 y\u00fcr\u00fct\u00fclen askeri operasyonlar\u0131 durdurma tasar\u0131s\u0131n\u0131 kabul etti. \u0130ran'daki askerler \u00e7ekilecek.","_bbp_topic_count":0,"_bbp_reply_count":0,"_bbp_total_topic_count":0,"_bbp_total_reply_count":0,"_bbp_voice_count":0,"_bbp_anonymous_reply_count":0,"_bbp_topic_count_hidden":0,"_bbp_reply_count_hidden":0,"_bbp_forum_subforum_count":0,"footnotes":"","_yoast_wpseo_focuskw_text_input":""},"categories":[5,1,8138],"tags":[10503,6773,11026,1663,8892,11425,11506],"yoast_head":"<!-- This site is optimized with the Yoast SEO plugin v23.0 - https:\/\/yoast.com\/wordpress\/plugins\/seo\/ -->\n<title>ABD Temsilciler Meclisi \u0130ran\u2019a Kar\u015f\u0131 Askeri M\u00fcdahaleyi Engelledi - The Epoch Times TR<\/title>\n<meta name=\"description\" content=\"ABD Temsilciler Meclisi, \u0130ran\u2019a kar\u015f\u0131 y\u00fcr\u00fct\u00fclen askeri operasyonlar\u0131 durdurma tasar\u0131s\u0131n\u0131 kabul etti. \u0130ran&#039;daki askerler \u00e7ekilecek.\" \/>\n<meta name=\"robots\" content=\"index, follow, max-snippet:-1, max-image-preview:large, max-video-preview:-1\" \/>\n<link rel=\"canonical\" href=\"https:\/\/epochtimestr.com\/index.php\/abd-temsilciler-meclisi-irana-karsi-askeri-mudahaleyi-engelledi\" \/>\n<meta property=\"og:locale\" content=\"tr_TR\" \/>\n<meta property=\"og:type\" content=\"article\" \/>\n<meta property=\"og:title\" content=\"ABD Temsilciler Meclisi \u0130ran\u2019a Kar\u015f\u0131 Askeri M\u00fcdahaleyi Engelledi - The Epoch Times TR\" \/>\n<meta property=\"og:description\" content=\"ABD Temsilciler Meclisi, \u0130ran\u2019a kar\u015f\u0131 y\u00fcr\u00fct\u00fclen askeri operasyonlar\u0131 durdurma tasar\u0131s\u0131n\u0131 kabul etti. \u0130ran&#039;daki askerler \u00e7ekilecek.\" \/>\n<meta property=\"og:url\" content=\"https:\/\/epochtimestr.com\/index.php\/abd-temsilciler-meclisi-irana-karsi-askeri-mudahaleyi-engelledi\" \/>\n<meta property=\"og:site_name\" content=\"The Epoch Times TR\" \/>\n<meta property=\"article:publisher\" content=\"https:\/\/www.facebook.com\/theepochtimestr\" \/>\n<meta property=\"article:published_time\" content=\"2026-06-04T17:09:16+00:00\" \/>\n<meta property=\"article:modified_time\" content=\"2026-06-04T17:09:27+00:00\" \/>\n<meta property=\"og:image\" content=\"https:\/\/epochtimestr.com\/wp-content\/uploads\/2011y\/1000039691.webp\" \/>\n\t<meta property=\"og:image:width\" content=\"1200\" \/>\n\t<meta property=\"og:image:height\" content=\"800\" \/>\n\t<meta property=\"og:image:type\" content=\"image\/webp\" \/>\n<meta name=\"author\" content=\"Leo Bajelan\" \/>\n<meta name=\"twitter:card\" content=\"summary_large_image\" \/>\n<meta name=\"twitter:creator\" content=\"@TheEpochTimesTR\" \/>\n<meta name=\"twitter:site\" content=\"@TheEpochTimesTR\" \/>\n<meta name=\"twitter:label1\" content=\"Yazan:\" \/>\n\t<meta name=\"twitter:data1\" content=\"Leo Bajelan\" \/>\n\t<meta name=\"twitter:label2\" content=\"Tahmini okuma s\u00fcresi\" \/>\n\t<meta name=\"twitter:data2\" content=\"3 dakika\" \/>\n<script type=\"application\/ld+json\" class=\"yoast-schema-graph\">{\"@context\":\"https:\/\/schema.org\",\"@graph\":[{\"@type\":\"Article\",\"@id\":\"https:\/\/epochtimestr.com\/index.php\/abd-temsilciler-meclisi-irana-karsi-askeri-mudahaleyi-engelledi#article\",\"isPartOf\":{\"@id\":\"https:\/\/epochtimestr.com\/index.php\/abd-temsilciler-meclisi-irana-karsi-askeri-mudahaleyi-engelledi\"},\"author\":{\"name\":\"Leo Bajelan\",\"@id\":\"https:\/\/epochtimestr.com\/#\/schema\/person\/5fef218711d76d8f232b0e1f1d7e4c0d\"},\"headline\":\"ABD Temsilciler Meclisi \u0130ran\u2019a Kar\u015f\u0131 Askeri M\u00fcdahaleyi Engelledi\",\"datePublished\":\"2026-06-04T17:09:16+00:00\",\"dateModified\":\"2026-06-04T17:09:27+00:00\",\"mainEntityOfPage\":{\"@id\":\"https:\/\/epochtimestr.com\/index.php\/abd-temsilciler-meclisi-irana-karsi-askeri-mudahaleyi-engelledi\"},\"wordCount\":430,\"commentCount\":0,\"publisher\":{\"@id\":\"https:\/\/epochtimestr.com\/#organization\"},\"image\":{\"@id\":\"https:\/\/epochtimestr.com\/index.php\/abd-temsilciler-meclisi-irana-karsi-askeri-mudahaleyi-engelledi#primaryimage\"},\"thumbnailUrl\":\"https:\/\/epochtimestr.com\/wp-content\/uploads\/2011y\/1000039691.webp\",\"keywords\":[\"ABD \u0130ran sava\u015f\u0131\",\"ABD Temsilciler Meclisi\",\"askeri operasyonlar\",\"Ate\u015fkes\",\"Sava\u015f Yetkileri\",\"Sava\u015f Yetkileri yasas\u0131\",\"Senato\"],\"articleSection\":[\"D\u00dcNYA\",\"G\u00dcNDEM\",\"MAN\u015eET\"],\"inLanguage\":\"tr\",\"potentialAction\":[{\"@type\":\"CommentAction\",\"name\":\"Comment\",\"target\":[\"https:\/\/epochtimestr.com\/index.php\/abd-temsilciler-meclisi-irana-karsi-askeri-mudahaleyi-engelledi#respond\"]}]},{\"@type\":\"WebPage\",\"@id\":\"https:\/\/epochtimestr.com\/index.php\/abd-temsilciler-meclisi-irana-karsi-askeri-mudahaleyi-engelledi\",\"url\":\"https:\/\/epochtimestr.com\/index.php\/abd-temsilciler-meclisi-irana-karsi-askeri-mudahaleyi-engelledi\",\"name\":\"ABD Temsilciler Meclisi \u0130ran\u2019a Kar\u015f\u0131 Askeri M\u00fcdahaleyi Engelledi - The Epoch Times TR\",\"isPartOf\":{\"@id\":\"https:\/\/epochtimestr.com\/#website\"},\"primaryImageOfPage\":{\"@id\":\"https:\/\/epochtimestr.com\/index.php\/abd-temsilciler-meclisi-irana-karsi-askeri-mudahaleyi-engelledi#primaryimage\"},\"image\":{\"@id\":\"https:\/\/epochtimestr.com\/index.php\/abd-temsilciler-meclisi-irana-karsi-askeri-mudahaleyi-engelledi#primaryimage\"},\"thumbnailUrl\":\"https:\/\/epochtimestr.com\/wp-content\/uploads\/2011y\/1000039691.webp\",\"datePublished\":\"2026-06-04T17:09:16+00:00\",\"dateModified\":\"2026-06-04T17:09:27+00:00\",\"description\":\"ABD Temsilciler Meclisi, \u0130ran\u2019a kar\u015f\u0131 y\u00fcr\u00fct\u00fclen askeri operasyonlar\u0131 durdurma tasar\u0131s\u0131n\u0131 kabul etti. \u0130ran'daki askerler \u00e7ekilecek.\",\"inLanguage\":\"tr\",\"potentialAction\":[{\"@type\":\"ReadAction\",\"target\":[\"https:\/\/epochtimestr.com\/index.php\/abd-temsilciler-meclisi-irana-karsi-askeri-mudahaleyi-engelledi\"]}]},{\"@type\":\"ImageObject\",\"inLanguage\":\"tr\",\"@id\":\"https:\/\/epochtimestr.com\/index.php\/abd-temsilciler-meclisi-irana-karsi-askeri-mudahaleyi-engelledi#primaryimage\",\"url\":\"https:\/\/epochtimestr.com\/wp-content\/uploads\/2011y\/1000039691.webp\",\"contentUrl\":\"https:\/\/epochtimestr.com\/wp-content\/uploads\/2011y\/1000039691.webp\",\"width\":1200,\"height\":800},{\"@type\":\"WebSite\",\"@id\":\"https:\/\/epochtimestr.com\/#website\",\"url\":\"https:\/\/epochtimestr.com\/\",\"name\":\"The Epoch Times TR\",\"description\":\"De\u011fi\u015fen D\u00fcnyam\u0131za Taze Bir Bak\u0131\u015f\",\"publisher\":{\"@id\":\"https:\/\/epochtimestr.com\/#organization\"},\"potentialAction\":[{\"@type\":\"SearchAction\",\"target\":{\"@type\":\"EntryPoint\",\"urlTemplate\":\"https:\/\/epochtimestr.com\/?s={search_term_string}\"},\"query-input\":\"required name=search_term_string\"}],\"inLanguage\":\"tr\"},{\"@type\":\"Organization\",\"@id\":\"https:\/\/epochtimestr.com\/#organization\",\"name\":\"The EpochTimes T\u00fcrkiye\",\"url\":\"https:\/\/epochtimestr.com\/\",\"logo\":{\"@type\":\"ImageObject\",\"inLanguage\":\"tr\",\"@id\":\"https:\/\/epochtimestr.com\/#\/schema\/logo\/image\/\",\"url\":\"https:\/\/epochtimestr.com\/wp-content\/uploads\/2011y\/ET-Logo-YG.jpg\",\"contentUrl\":\"https:\/\/epochtimestr.com\/wp-content\/uploads\/2011y\/ET-Logo-YG.jpg\",\"width\":346,\"height\":29,\"caption\":\"The EpochTimes T\u00fcrkiye\"},\"image\":{\"@id\":\"https:\/\/epochtimestr.com\/#\/schema\/logo\/image\/\"},\"sameAs\":[\"https:\/\/www.facebook.com\/theepochtimestr\",\"https:\/\/x.com\/TheEpochTimesTR\",\"https:\/\/www.instagram.com\/epochtimestr\"]},{\"@type\":\"Person\",\"@id\":\"https:\/\/epochtimestr.com\/#\/schema\/person\/5fef218711d76d8f232b0e1f1d7e4c0d\",\"name\":\"Leo Bajelan\",\"image\":{\"@type\":\"ImageObject\",\"inLanguage\":\"tr\",\"@id\":\"https:\/\/epochtimestr.com\/#\/schema\/person\/image\/\",\"url\":\"https:\/\/secure.gravatar.com\/avatar\/917669146f489549e548a2e9af272df5?s=96&d=mm&r=g\",\"contentUrl\":\"https:\/\/secure.gravatar.com\/avatar\/917669146f489549e548a2e9af272df5?s=96&d=mm&r=g\",\"caption\":\"Leo Bajelan\"},\"url\":\"https:\/\/epochtimestr.com\/index.php\/author\/leo\"}]}<\/script>\n<!-- \/ Yoast SEO plugin. -->","yoast_head_json":{"title":"ABD Temsilciler Meclisi \u0130ran\u2019a Kar\u015f\u0131 Askeri M\u00fcdahaleyi Engelledi - The Epoch Times TR","description":"ABD Temsilciler Meclisi, \u0130ran\u2019a kar\u015f\u0131 y\u00fcr\u00fct\u00fclen askeri operasyonlar\u0131 durdurma tasar\u0131s\u0131n\u0131 kabul etti. \u0130ran'daki askerler \u00e7ekilecek.","robots":{"index":"index","follow":"follow","max-snippet":"max-snippet:-1","max-image-preview":"max-image-preview:large","max-video-preview":"max-video-preview:-1"},"canonical":"https:\/\/epochtimestr.com\/index.php\/abd-temsilciler-meclisi-irana-karsi-askeri-mudahaleyi-engelledi","og_locale":"tr_TR","og_type":"article","og_title":"ABD Temsilciler Meclisi \u0130ran\u2019a Kar\u015f\u0131 Askeri M\u00fcdahaleyi Engelledi - The Epoch Times TR","og_description":"ABD Temsilciler Meclisi, \u0130ran\u2019a kar\u015f\u0131 y\u00fcr\u00fct\u00fclen askeri operasyonlar\u0131 durdurma tasar\u0131s\u0131n\u0131 kabul etti. \u0130ran'daki askerler \u00e7ekilecek.","og_url":"https:\/\/epochtimestr.com\/index.php\/abd-temsilciler-meclisi-irana-karsi-askeri-mudahaleyi-engelledi","og_site_name":"The Epoch Times TR","article_publisher":"https:\/\/www.facebook.com\/theepochtimestr","article_published_time":"2026-06-04T17:09:16+00:00","article_modified_time":"2026-06-04T17:09:27+00:00","og_image":[{"width":1200,"height":800,"url":"https:\/\/epochtimestr.com\/wp-content\/uploads\/2011y\/1000039691.webp","type":"image\/webp"}],"author":"Leo Bajelan","twitter_card":"summary_large_image","twitter_creator":"@TheEpochTimesTR","twitter_site":"@TheEpochTimesTR","twitter_misc":{"Yazan:":"Leo Bajelan","Tahmini okuma s\u00fcresi":"3 dakika"},"schema":{"@context":"https:\/\/schema.org","@graph":[{"@type":"Article","@id":"https:\/\/epochtimestr.com\/index.php\/abd-temsilciler-meclisi-irana-karsi-askeri-mudahaleyi-engelledi#article","isPartOf":{"@id":"https:\/\/epochtimestr.com\/index.php\/abd-temsilciler-meclisi-irana-karsi-askeri-mudahaleyi-engelledi"},"author":{"name":"Leo Bajelan","@id":"https:\/\/epochtimestr.com\/#\/schema\/person\/5fef218711d76d8f232b0e1f1d7e4c0d"},"headline":"ABD Temsilciler Meclisi \u0130ran\u2019a Kar\u015f\u0131 Askeri M\u00fcdahaleyi Engelledi","datePublished":"2026-06-04T17:09:16+00:00","dateModified":"2026-06-04T17:09:27+00:00","mainEntityOfPage":{"@id":"https:\/\/epochtimestr.com\/index.php\/abd-temsilciler-meclisi-irana-karsi-askeri-mudahaleyi-engelledi"},"wordCount":430,"commentCount":0,"publisher":{"@id":"https:\/\/epochtimestr.com\/#organization"},"image":{"@id":"https:\/\/epochtimestr.com\/index.php\/abd-temsilciler-meclisi-irana-karsi-askeri-mudahaleyi-engelledi#primaryimage"},"thumbnailUrl":"https:\/\/epochtimestr.com\/wp-content\/uploads\/2011y\/1000039691.webp","keywords":["ABD \u0130ran sava\u015f\u0131","ABD Temsilciler Meclisi","askeri operasyonlar","Ate\u015fkes","Sava\u015f Yetkileri","Sava\u015f Yetkileri yasas\u0131","Senato"],"articleSection":["D\u00dcNYA","G\u00dcNDEM","MAN\u015eET"],"inLanguage":"tr","potentialAction":[{"@type":"CommentAction","name":"Comment","target":["https:\/\/epochtimestr.com\/index.php\/abd-temsilciler-meclisi-irana-karsi-askeri-mudahaleyi-engelledi#respond"]}]},{"@type":"WebPage","@id":"https:\/\/epochtimestr.com\/index.php\/abd-temsilciler-meclisi-irana-karsi-askeri-mudahaleyi-engelledi","url":"https:\/\/epochtimestr.com\/index.php\/abd-temsilciler-meclisi-irana-karsi-askeri-mudahaleyi-engelledi","name":"ABD Temsilciler Meclisi \u0130ran\u2019a Kar\u015f\u0131 Askeri M\u00fcdahaleyi Engelledi - The Epoch Times TR","isPartOf":{"@id":"https:\/\/epochtimestr.com\/#website"},"primaryImageOfPage":{"@id":"https:\/\/epochtimestr.com\/index.php\/abd-temsilciler-meclisi-irana-karsi-askeri-mudahaleyi-engelledi#primaryimage"},"image":{"@id":"https:\/\/epochtimestr.com\/index.php\/abd-temsilciler-meclisi-irana-karsi-askeri-mudahaleyi-engelledi#primaryimage"},"thumbnailUrl":"https:\/\/epochtimestr.com\/wp-content\/uploads\/2011y\/1000039691.webp","datePublished":"2026-06-04T17:09:16+00:00","dateModified":"2026-06-04T17:09:27+00:00","description":"ABD Temsilciler Meclisi, \u0130ran\u2019a kar\u015f\u0131 y\u00fcr\u00fct\u00fclen askeri operasyonlar\u0131 durdurma tasar\u0131s\u0131n\u0131 kabul etti. \u0130ran'daki askerler \u00e7ekilecek.","inLanguage":"tr","potentialAction":[{"@type":"ReadAction","target":["https:\/\/epochtimestr.com\/index.php\/abd-temsilciler-meclisi-irana-karsi-askeri-mudahaleyi-engelledi"]}]},{"@type":"ImageObject","inLanguage":"tr","@id":"https:\/\/epochtimestr.com\/index.php\/abd-temsilciler-meclisi-irana-karsi-askeri-mudahaleyi-engelledi#primaryimage","url":"https:\/\/epochtimestr.com\/wp-content\/uploads\/2011y\/1000039691.webp","contentUrl":"https:\/\/epochtimestr.com\/wp-content\/uploads\/2011y\/1000039691.webp","width":1200,"height":800},{"@type":"WebSite","@id":"https:\/\/epochtimestr.com\/#website","url":"https:\/\/epochtimestr.com\/","name":"The Epoch Times TR","description":"De\u011fi\u015fen D\u00fcnyam\u0131za Taze Bir Bak\u0131\u015f","publisher":{"@id":"https:\/\/epochtimestr.com\/#organization"},"potentialAction":[{"@type":"SearchAction","target":{"@type":"EntryPoint","urlTemplate":"https:\/\/epochtimestr.com\/?s={search_term_string}"},"query-input":"required name=search_term_string"}],"inLanguage":"tr"},{"@type":"Organization","@id":"https:\/\/epochtimestr.com\/#organization","name":"The EpochTimes T\u00fcrkiye","url":"https:\/\/epochtimestr.com\/","logo":{"@type":"ImageObject","inLanguage":"tr","@id":"https:\/\/epochtimestr.com\/#\/schema\/logo\/image\/","url":"https:\/\/epochtimestr.com\/wp-content\/uploads\/2011y\/ET-Logo-YG.jpg","contentUrl":"https:\/\/epochtimestr.com\/wp-content\/uploads\/2011y\/ET-Logo-YG.jpg","width":346,"height":29,"caption":"The EpochTimes T\u00fcrkiye"},"image":{"@id":"https:\/\/epochtimestr.com\/#\/schema\/logo\/image\/"},"sameAs":["https:\/\/www.facebook.com\/theepochtimestr","https:\/\/x.com\/TheEpochTimesTR","https:\/\/www.instagram.com\/epochtimestr"]},{"@type":"Person","@id":"https:\/\/epochtimestr.com\/#\/schema\/person\/5fef218711d76d8f232b0e1f1d7e4c0d","name":"Leo Bajelan","image":{"@type":"ImageObject","inLanguage":"tr","@id":"https:\/\/epochtimestr.com\/#\/schema\/person\/image\/","url":"https:\/\/secure.gravatar.com\/avatar\/917669146f489549e548a2e9af272df5?s=96&d=mm&r=g","contentUrl":"https:\/\/secure.gravatar.com\/avatar\/917669146f489549e548a2e9af272df5?s=96&d=mm&r=g","caption":"Leo Bajelan"},"url":"https:\/\/epochtimestr.com\/index.php\/author\/leo"}]}},"_links":{"self":[{"href":"https:\/\/epochtimestr.com\/index.php\/wp-json\/wp\/v2\/posts\/167677"}],"collection":[{"href":"https:\/\/epochtimestr.com\/index.php\/wp-json\/wp\/v2\/posts"}],"about":[{"href":"https:\/\/epochtimestr.com\/index.php\/wp-json\/wp\/v2\/types\/post"}],"author":[{"embeddable":true,"href":"https:\/\/epochtimestr.com\/index.php\/wp-json\/wp\/v2\/users\/13996"}],"replies":[{"embeddable":true,"href":"https:\/\/epochtimestr.com\/index.php\/wp-json\/wp\/v2\/comments?post=167677"}],"version-history":[{"count":2,"href":"https:\/\/epochtimestr.com\/index.php\/wp-json\/wp\/v2\/posts\/167677\/revisions"}],"predecessor-version":[{"id":167683,"href":"https:\/\/epochtimestr.com\/index.php\/wp-json\/wp\/v2\/posts\/167677\/revisions\/167683"}],"wp:featuredmedia":[{"embeddable":true,"href":"https:\/\/epochtimestr.com\/index.php\/wp-json\/wp\/v2\/media\/167678"}],"wp:attachment":[{"href":"https:\/\/epochtimestr.com\/index.php\/wp-json\/wp\/v2\/media?parent=167677"}],"wp:term":[{"taxonomy":"category","embeddable":true,"href":"https:\/\/epochtimestr.com\/index.php\/wp-json\/wp\/v2\/categories?post=167677"},{"taxonomy":"post_tag","embeddable":true,"href":"https:\/\/epochtimestr.com\/index.php\/wp-json\/wp\/v2\/tags?post=167677"}],"curies":[{"name":"wp","href":"https:\/\/api.w.org\/{rel}","templated":true}]}}