{"id":167684,"date":"2026-06-05T19:21:01","date_gmt":"2026-06-05T16:21:01","guid":{"rendered":"https:\/\/epochtimestr.com\/?p=167684"},"modified":"2026-06-05T19:21:03","modified_gmt":"2026-06-05T16:21:03","slug":"udy-ve-odyde-koltuk-tuzagi","status":"publish","type":"post","link":"https:\/\/epochtimestr.com\/index.php\/udy-ve-odyde-koltuk-tuzagi","title":{"rendered":"\u00dcDY ve ODY\u2019de \u201cKoltuk\u201d Tuza\u011f\u0131"},"content":{"rendered":"\n<p>Lojistik ve ta\u015f\u0131mac\u0131l\u0131k sekt\u00f6r\u00fc, T\u00fcrkiye ekonomisinin can damar\u0131. Ancak bu dinamik sekt\u00f6r\u00fcn akt\u00f6rleri olan esnaf\u0131m\u0131z ve \u015firketlerimiz, \u00e7o\u011fu zaman operasyonel y\u00fcklerin yan\u0131nda bir de mevzuat labirentleriyle bo\u011fu\u015fmak zorunda kal\u0131yor. Bu labirentlerin en \u00e7ok kafa kar\u0131\u015ft\u0131ran, \u201cNas\u0131l olsa biliyorum\u201d denilip en \u00e7ok ceza yenen viraj\u0131 ise hi\u00e7 \u015f\u00fcphesiz \u00dcDY ve ODY belgeleri.<\/p>\n\n\n\n<p>Sekt\u00f6r\u00fcn i\u00e7inden kime sorsan\u0131z hakl\u0131 bir sitem duyars\u0131n\u0131z: \u201c\u00dcDY1 belgem var, \u015firketin en \u00fcst d\u00fczey y\u00f6neticisiyim. Eh bu belge zaten Orta D\u00fczey Y\u00f6netici (ODY) belgesini de kapsam\u0131yor mu? Neden bir de ODY i\u00e7in ayr\u0131 adam ar\u0131yorum?\u201d<\/p>\n\n\n\n<p>\u0130lk bak\u0131\u015fta mant\u0131k \u00e7ok basit: \u201cB\u00fcy\u00fck alt\u0131n\u0131, k\u00fc\u00e7\u00fck g\u00fcm\u00fc\u015f\u00fc kapsar.\u201d E\u011fer siz uluslararas\u0131 yolcu ta\u015f\u0131mac\u0131l\u0131\u011f\u0131n\u0131n zirvesini temsil eden \u00dcDY1 belgesine sahipseniz, teorik ve hukuki olarak ODY1\u2019in yetkilerine de sahipsiniz demektir. Bakanl\u0131k da bunu ink\u00e2r etmiyor; \u00dcDY1 sahibi birinin ODY1 bilgi d\u00fczeyine haiz oldu\u011funu kabul ediyor.<\/p>\n\n\n\n<p><strong>Ancak \u015eeytan Detayda, Ceza \u0130se \u201cAyn\u0131 Koltukta\u201d Gizli!<\/strong><\/p>\n\n\n\n<p>\u0130\u015fte danan\u0131n kuyru\u011funun koptu\u011fu, esnaf\u0131n ve \u015firket y\u00f6neticilerinin g\u00f6zden ka\u00e7\u0131rd\u0131\u011f\u0131 yasal s\u0131n\u0131r tam olarak burada ba\u015fl\u0131yor: Yetki, unvan\u0131 kapsar ama ayn\u0131 ki\u015fiyi kapsamaz.<\/p>\n\n\n\n<p>Ula\u015ft\u0131rma ve Altyap\u0131 Bakanl\u0131\u011f\u0131 mevzuat\u0131 \u00e7ok net bir k\u0131rm\u0131z\u0131 \u00e7izgi \u00e7ekiyor. Bir ta\u015f\u0131mac\u0131l\u0131k firmas\u0131nda y\u00f6netim mekanizmas\u0131n\u0131n sa\u011fl\u0131kl\u0131 i\u015flemesi i\u00e7in iki ayr\u0131 kademeye ihtiya\u00e7 vard\u0131r: Biri stratejiyi \u00e7izen \u00dcst D\u00fczey Y\u00f6netici (\u00dcDY), di\u011feri ise sahay\u0131, \u015fof\u00f6r\u00fc, arac\u0131 yani operasyonu y\u00f6neten Orta D\u00fczey Y\u00f6netici (ODY).<\/p>\n\n\n\n<p>Mevzuat der ki: \u201cEy i\u015fveren, senin \u00dcDY1 belgen var diye \u015firketteki hem \u00dcst D\u00fczey koltu\u011funa hem de Orta D\u00fczey koltu\u011funa tek ba\u015f\u0131na oturamazs\u0131n. Bir koltukta sen oturuyorsan, di\u011fer koltukta ba\u015fka biri oturacak.\u201d<\/p>\n\n\n\n<p>Yani, tek bir ki\u015finin \u00dcDY1 belgesiyle her iki kadronun da y\u00fck\u00fcml\u00fcl\u00fc\u011f\u00fcn\u00fc tek ba\u015f\u0131na s\u0131rtlamas\u0131 yasal olarak ge\u00e7ersiz say\u0131l\u0131yor. Yap\u0131lacak bir denetimde \u201cY\u00f6netici eksi\u011fi\u201d gerek\u00e7esiyle ciddi idari para cezalar\u0131yla kar\u015f\u0131la\u015fmak i\u015ften bile de\u011fil.<\/p>\n\n\n\n<p><strong>Peki, \u00c7\u00f6z\u00fcm Ne? Labirentten Nas\u0131l \u00c7\u0131k\u0131l\u0131r?<\/strong><\/p>\n\n\n\n<p>Sekt\u00f6r temsilcilerinin ve firmalar\u0131n ceza yememek i\u00e7in bilmesi gereken alt\u0131n bir kural var: \u0130simler farkl\u0131 olacak, belgeler y\u00fcksek olabilir.<\/p>\n\n\n\n<p>E\u011fer \u015firketinizde \u00dcst D\u00fczey Y\u00f6netici olarak \u00dcDY1 belgeli bir personelin atamas\u0131n\u0131 yapt\u0131ysan\u0131z; Orta D\u00fczey Y\u00f6netici (ODY) kadrosu i\u00e7in illaki elinde ODY1 belgesi olan birini aramak zorunda de\u011filsiniz. \u00c7\u00f6z\u00fcm \u00e7ok basit: Elinde \u00dcDY1 belgesi olan \u201cba\u015fka bir ki\u015fiyi\u201d firmaya Orta D\u00fczey Y\u00f6netici olarak atayabilirsiniz.<\/p>\n\n\n\n<p>Burada yasal hi\u00e7bir engel yok. Sistem, ikinci ki\u015finin elindeki \u00dcDY1 belgesinin, ODY1\u2019i kapsama hakk\u0131n\u0131 tan\u0131r. Yeter ki e-Devlet \u00fczerinden atama yap\u0131l\u0131rken o ki\u015fi i\u00e7in \u201cOrta D\u00fczey Y\u00f6netici\u201d unvan\u0131 se\u00e7ilsin ve bu iki y\u00f6netici farkl\u0131 isimler olsun. Tabii bu ki\u015filerin \u015firkette resmi olarak sigortal\u0131 (SGK) \u00e7al\u0131\u015fan veya firma orta\u011f\u0131 olmas\u0131 \u015fart\u0131n\u0131 da unutmamak gerekiyor.<\/p>\n\n\n\n<p>Ticaret h\u0131z kesmeden akarken, cezai m\u00fceyyidelerle kar\u015f\u0131la\u015fmamak i\u00e7in mevzuat\u0131n dilini iyi okumak gerekiyor. Ta\u015f\u0131mac\u0131l\u0131k sekt\u00f6r\u00fcnde kurumsalla\u015fmak ve ayakta kalmak, sadece direksiyon sallamaktan ya da b\u00fcy\u00fck yat\u0131r\u0131mlar yapmaktan ge\u00e7miyor; masan\u0131n arkas\u0131ndaki b\u00fcrokratik satran\u00e7 hamlelerini de do\u011fru yapmay\u0131 gerektiriyor.<\/p>\n\n\n\n<p>Unutmay\u0131n, do\u011fru koltu\u011fa, do\u011fru belgeyle, do\u011fru ki\u015fiyi oturtmak, gelebilecek binlerce liral\u0131k ceza viraj\u0131ndan firman\u0131z\u0131 tereya\u011f\u0131ndan k\u0131l \u00e7eker gibi kurtaracakt\u0131r.<\/p>\n","protected":false},"excerpt":{"rendered":"<p>Lojistik ve ta\u015f\u0131mac\u0131l\u0131k sekt\u00f6r\u00fc, T\u00fcrkiye ekonomisinin can damar\u0131. Ancak bu dinamik sekt\u00f6r\u00fcn akt\u00f6rleri olan esnaf\u0131m\u0131z ve \u015firketlerimiz, \u00e7o\u011fu zaman operasyonel y\u00fcklerin yan\u0131nda bir de mevzuat labirentleriyle bo\u011fu\u015fmak zorunda kal\u0131yor. Bu labirentlerin en \u00e7ok kafa kar\u0131\u015ft\u0131ran, \u201cNas\u0131l olsa biliyorum\u201d denilip en \u00e7ok ceza yenen viraj\u0131 ise hi\u00e7 \u015f\u00fcphesiz \u00dcDY ve ODY belgeleri. Sekt\u00f6r\u00fcn i\u00e7inden kime sorsan\u0131z [&hellip;]<\/p>\n","protected":false},"author":14013,"featured_media":167144,"comment_status":"open","ping_status":"open","sticky":false,"template":"","format":"standard","meta":{"_yoast_wpseo_focuskw":"Lojistik - ta\u015f\u0131mac\u0131l\u0131k","_yoast_wpseo_title":"","_yoast_wpseo_metadesc":"Lojistik ve ta\u015f\u0131mac\u0131l\u0131k sekt\u00f6r\u00fc, \u00e7o\u011fu zaman operasyonel y\u00fcklerin yan\u0131nda bir de mevzuat labirentleriyle bo\u011fu\u015fmak zorunda kal\u0131yor.","_bbp_topic_count":0,"_bbp_reply_count":0,"_bbp_total_topic_count":0,"_bbp_total_reply_count":0,"_bbp_voice_count":0,"_bbp_anonymous_reply_count":0,"_bbp_topic_count_hidden":0,"_bbp_reply_count_hidden":0,"_bbp_forum_subforum_count":0,"footnotes":"","_yoast_wpseo_focuskw_text_input":""},"categories":[11361],"tags":[],"yoast_head":"<!-- This site is optimized with the Yoast SEO plugin v23.0 - https:\/\/yoast.com\/wordpress\/plugins\/seo\/ -->\n<title>\u00dcDY ve ODY\u2019de \u201cKoltuk\u201d Tuza\u011f\u0131 - The Epoch Times TR<\/title>\n<meta name=\"description\" content=\"Lojistik ve ta\u015f\u0131mac\u0131l\u0131k sekt\u00f6r\u00fc, \u00e7o\u011fu zaman operasyonel y\u00fcklerin yan\u0131nda bir de mevzuat labirentleriyle bo\u011fu\u015fmak zorunda kal\u0131yor.\" \/>\n<meta name=\"robots\" content=\"index, follow, max-snippet:-1, max-image-preview:large, max-video-preview:-1\" \/>\n<link rel=\"canonical\" href=\"https:\/\/epochtimestr.com\/index.php\/udy-ve-odyde-koltuk-tuzagi\" \/>\n<meta property=\"og:locale\" content=\"tr_TR\" \/>\n<meta property=\"og:type\" content=\"article\" \/>\n<meta property=\"og:title\" content=\"\u00dcDY ve ODY\u2019de \u201cKoltuk\u201d Tuza\u011f\u0131 - The Epoch Times TR\" \/>\n<meta property=\"og:description\" content=\"Lojistik ve ta\u015f\u0131mac\u0131l\u0131k sekt\u00f6r\u00fc, \u00e7o\u011fu zaman operasyonel y\u00fcklerin yan\u0131nda bir de mevzuat labirentleriyle bo\u011fu\u015fmak zorunda kal\u0131yor.\" \/>\n<meta property=\"og:url\" content=\"https:\/\/epochtimestr.com\/index.php\/udy-ve-odyde-koltuk-tuzagi\" \/>\n<meta property=\"og:site_name\" content=\"The Epoch Times TR\" \/>\n<meta property=\"article:publisher\" content=\"https:\/\/www.facebook.com\/theepochtimestr\" \/>\n<meta property=\"article:published_time\" content=\"2026-06-05T16:21:01+00:00\" \/>\n<meta property=\"article:modified_time\" content=\"2026-06-05T16:21:03+00:00\" \/>\n<meta property=\"og:image\" content=\"https:\/\/epochtimestr.com\/wp-content\/uploads\/2011y\/ali-kekliktepe-SM.jpeg\" \/>\n\t<meta property=\"og:image:width\" content=\"1200\" \/>\n\t<meta property=\"og:image:height\" content=\"630\" \/>\n\t<meta property=\"og:image:type\" content=\"image\/jpeg\" \/>\n<meta name=\"author\" content=\"Ali Kekliktepe\" \/>\n<meta name=\"twitter:card\" content=\"summary_large_image\" \/>\n<meta name=\"twitter:creator\" content=\"@TheEpochTimesTR\" \/>\n<meta name=\"twitter:site\" content=\"@TheEpochTimesTR\" \/>\n<meta name=\"twitter:label1\" content=\"Yazan:\" \/>\n\t<meta name=\"twitter:data1\" content=\"Ali Kekliktepe\" \/>\n\t<meta name=\"twitter:label2\" content=\"Tahmini okuma s\u00fcresi\" \/>\n\t<meta name=\"twitter:data2\" content=\"3 dakika\" \/>\n<script type=\"application\/ld+json\" class=\"yoast-schema-graph\">{\"@context\":\"https:\/\/schema.org\",\"@graph\":[{\"@type\":\"Article\",\"@id\":\"https:\/\/epochtimestr.com\/index.php\/udy-ve-odyde-koltuk-tuzagi#article\",\"isPartOf\":{\"@id\":\"https:\/\/epochtimestr.com\/index.php\/udy-ve-odyde-koltuk-tuzagi\"},\"author\":{\"name\":\"Ali Kekliktepe\",\"@id\":\"https:\/\/epochtimestr.com\/#\/schema\/person\/da94a416fed1aed029d0a47e85673b95\"},\"headline\":\"\u00dcDY ve ODY\u2019de \u201cKoltuk\u201d Tuza\u011f\u0131\",\"datePublished\":\"2026-06-05T16:21:01+00:00\",\"dateModified\":\"2026-06-05T16:21:03+00:00\",\"mainEntityOfPage\":{\"@id\":\"https:\/\/epochtimestr.com\/index.php\/udy-ve-odyde-koltuk-tuzagi\"},\"wordCount\":638,\"commentCount\":0,\"publisher\":{\"@id\":\"https:\/\/epochtimestr.com\/#organization\"},\"image\":{\"@id\":\"https:\/\/epochtimestr.com\/index.php\/udy-ve-odyde-koltuk-tuzagi#primaryimage\"},\"thumbnailUrl\":\"https:\/\/epochtimestr.com\/wp-content\/uploads\/2011y\/Ali-Kekliktepe.jpg\",\"articleSection\":[\"K\u00f6\u015fe Yaz\u0131lar\u0131 Ali Kekliktepe\"],\"inLanguage\":\"tr\",\"potentialAction\":[{\"@type\":\"CommentAction\",\"name\":\"Comment\",\"target\":[\"https:\/\/epochtimestr.com\/index.php\/udy-ve-odyde-koltuk-tuzagi#respond\"]}]},{\"@type\":\"WebPage\",\"@id\":\"https:\/\/epochtimestr.com\/index.php\/udy-ve-odyde-koltuk-tuzagi\",\"url\":\"https:\/\/epochtimestr.com\/index.php\/udy-ve-odyde-koltuk-tuzagi\",\"name\":\"\u00dcDY ve ODY\u2019de \u201cKoltuk\u201d Tuza\u011f\u0131 - The Epoch Times TR\",\"isPartOf\":{\"@id\":\"https:\/\/epochtimestr.com\/#website\"},\"primaryImageOfPage\":{\"@id\":\"https:\/\/epochtimestr.com\/index.php\/udy-ve-odyde-koltuk-tuzagi#primaryimage\"},\"image\":{\"@id\":\"https:\/\/epochtimestr.com\/index.php\/udy-ve-odyde-koltuk-tuzagi#primaryimage\"},\"thumbnailUrl\":\"https:\/\/epochtimestr.com\/wp-content\/uploads\/2011y\/Ali-Kekliktepe.jpg\",\"datePublished\":\"2026-06-05T16:21:01+00:00\",\"dateModified\":\"2026-06-05T16:21:03+00:00\",\"description\":\"Lojistik ve ta\u015f\u0131mac\u0131l\u0131k sekt\u00f6r\u00fc, \u00e7o\u011fu zaman operasyonel y\u00fcklerin yan\u0131nda bir de mevzuat labirentleriyle bo\u011fu\u015fmak zorunda kal\u0131yor.\",\"inLanguage\":\"tr\",\"potentialAction\":[{\"@type\":\"ReadAction\",\"target\":[\"https:\/\/epochtimestr.com\/index.php\/udy-ve-odyde-koltuk-tuzagi\"]}]},{\"@type\":\"ImageObject\",\"inLanguage\":\"tr\",\"@id\":\"https:\/\/epochtimestr.com\/index.php\/udy-ve-odyde-koltuk-tuzagi#primaryimage\",\"url\":\"https:\/\/epochtimestr.com\/wp-content\/uploads\/2011y\/Ali-Kekliktepe.jpg\",\"contentUrl\":\"https:\/\/epochtimestr.com\/wp-content\/uploads\/2011y\/Ali-Kekliktepe.jpg\",\"width\":600,\"height\":600},{\"@type\":\"WebSite\",\"@id\":\"https:\/\/epochtimestr.com\/#website\",\"url\":\"https:\/\/epochtimestr.com\/\",\"name\":\"The Epoch Times TR\",\"description\":\"De\u011fi\u015fen D\u00fcnyam\u0131za Taze Bir Bak\u0131\u015f\",\"publisher\":{\"@id\":\"https:\/\/epochtimestr.com\/#organization\"},\"potentialAction\":[{\"@type\":\"SearchAction\",\"target\":{\"@type\":\"EntryPoint\",\"urlTemplate\":\"https:\/\/epochtimestr.com\/?s={search_term_string}\"},\"query-input\":\"required name=search_term_string\"}],\"inLanguage\":\"tr\"},{\"@type\":\"Organization\",\"@id\":\"https:\/\/epochtimestr.com\/#organization\",\"name\":\"The EpochTimes T\u00fcrkiye\",\"url\":\"https:\/\/epochtimestr.com\/\",\"logo\":{\"@type\":\"ImageObject\",\"inLanguage\":\"tr\",\"@id\":\"https:\/\/epochtimestr.com\/#\/schema\/logo\/image\/\",\"url\":\"https:\/\/epochtimestr.com\/wp-content\/uploads\/2011y\/ET-Logo-YG.jpg\",\"contentUrl\":\"https:\/\/epochtimestr.com\/wp-content\/uploads\/2011y\/ET-Logo-YG.jpg\",\"width\":346,\"height\":29,\"caption\":\"The EpochTimes T\u00fcrkiye\"},\"image\":{\"@id\":\"https:\/\/epochtimestr.com\/#\/schema\/logo\/image\/\"},\"sameAs\":[\"https:\/\/www.facebook.com\/theepochtimestr\",\"https:\/\/x.com\/TheEpochTimesTR\",\"https:\/\/www.instagram.com\/epochtimestr\"]},{\"@type\":\"Person\",\"@id\":\"https:\/\/epochtimestr.com\/#\/schema\/person\/da94a416fed1aed029d0a47e85673b95\",\"name\":\"Ali Kekliktepe\",\"image\":{\"@type\":\"ImageObject\",\"inLanguage\":\"tr\",\"@id\":\"https:\/\/epochtimestr.com\/#\/schema\/person\/image\/\",\"url\":\"https:\/\/secure.gravatar.com\/avatar\/6c965c3fc374c8f4af759baef4f38bcd?s=96&d=mm&r=g\",\"contentUrl\":\"https:\/\/secure.gravatar.com\/avatar\/6c965c3fc374c8f4af759baef4f38bcd?s=96&d=mm&r=g\",\"caption\":\"Ali Kekliktepe\"},\"description\":\"Ben Ali Kekliktepe; hayat\u0131n\u0131 \u00f6\u011frenmeye, \u00f6\u011fretmeye ve toplumsal fayda yaratmaya adam\u0131\u015f bir yazar ve profesyonelim. Kalemi sadece ka\u011f\u0131da dokunan bir ara\u00e7 de\u011fil, toplumun aksayan y\u00f6nlerine \u015fifa olan bir enstr\u00fcman olarak g\u00f6r\u00fcyorum.\",\"sameAs\":[\"https:\/\/alikekliktepemersin33.blogspot.com\/\"],\"url\":\"https:\/\/epochtimestr.com\/index.php\/author\/ali\"}]}<\/script>\n<!-- \/ Yoast SEO plugin. -->","yoast_head_json":{"title":"\u00dcDY ve ODY\u2019de \u201cKoltuk\u201d Tuza\u011f\u0131 - The Epoch Times TR","description":"Lojistik ve ta\u015f\u0131mac\u0131l\u0131k sekt\u00f6r\u00fc, \u00e7o\u011fu zaman operasyonel y\u00fcklerin yan\u0131nda bir de mevzuat labirentleriyle bo\u011fu\u015fmak zorunda kal\u0131yor.","robots":{"index":"index","follow":"follow","max-snippet":"max-snippet:-1","max-image-preview":"max-image-preview:large","max-video-preview":"max-video-preview:-1"},"canonical":"https:\/\/epochtimestr.com\/index.php\/udy-ve-odyde-koltuk-tuzagi","og_locale":"tr_TR","og_type":"article","og_title":"\u00dcDY ve ODY\u2019de \u201cKoltuk\u201d Tuza\u011f\u0131 - The Epoch Times TR","og_description":"Lojistik ve ta\u015f\u0131mac\u0131l\u0131k sekt\u00f6r\u00fc, \u00e7o\u011fu zaman operasyonel y\u00fcklerin yan\u0131nda bir de mevzuat labirentleriyle bo\u011fu\u015fmak zorunda kal\u0131yor.","og_url":"https:\/\/epochtimestr.com\/index.php\/udy-ve-odyde-koltuk-tuzagi","og_site_name":"The Epoch Times TR","article_publisher":"https:\/\/www.facebook.com\/theepochtimestr","article_published_time":"2026-06-05T16:21:01+00:00","article_modified_time":"2026-06-05T16:21:03+00:00","og_image":[{"width":1200,"height":630,"url":"https:\/\/epochtimestr.com\/wp-content\/uploads\/2011y\/ali-kekliktepe-SM.jpeg","type":"image\/jpeg"}],"author":"Ali Kekliktepe","twitter_card":"summary_large_image","twitter_creator":"@TheEpochTimesTR","twitter_site":"@TheEpochTimesTR","twitter_misc":{"Yazan:":"Ali Kekliktepe","Tahmini okuma s\u00fcresi":"3 dakika"},"schema":{"@context":"https:\/\/schema.org","@graph":[{"@type":"Article","@id":"https:\/\/epochtimestr.com\/index.php\/udy-ve-odyde-koltuk-tuzagi#article","isPartOf":{"@id":"https:\/\/epochtimestr.com\/index.php\/udy-ve-odyde-koltuk-tuzagi"},"author":{"name":"Ali Kekliktepe","@id":"https:\/\/epochtimestr.com\/#\/schema\/person\/da94a416fed1aed029d0a47e85673b95"},"headline":"\u00dcDY ve ODY\u2019de \u201cKoltuk\u201d Tuza\u011f\u0131","datePublished":"2026-06-05T16:21:01+00:00","dateModified":"2026-06-05T16:21:03+00:00","mainEntityOfPage":{"@id":"https:\/\/epochtimestr.com\/index.php\/udy-ve-odyde-koltuk-tuzagi"},"wordCount":638,"commentCount":0,"publisher":{"@id":"https:\/\/epochtimestr.com\/#organization"},"image":{"@id":"https:\/\/epochtimestr.com\/index.php\/udy-ve-odyde-koltuk-tuzagi#primaryimage"},"thumbnailUrl":"https:\/\/epochtimestr.com\/wp-content\/uploads\/2011y\/Ali-Kekliktepe.jpg","articleSection":["K\u00f6\u015fe Yaz\u0131lar\u0131 Ali Kekliktepe"],"inLanguage":"tr","potentialAction":[{"@type":"CommentAction","name":"Comment","target":["https:\/\/epochtimestr.com\/index.php\/udy-ve-odyde-koltuk-tuzagi#respond"]}]},{"@type":"WebPage","@id":"https:\/\/epochtimestr.com\/index.php\/udy-ve-odyde-koltuk-tuzagi","url":"https:\/\/epochtimestr.com\/index.php\/udy-ve-odyde-koltuk-tuzagi","name":"\u00dcDY ve ODY\u2019de \u201cKoltuk\u201d Tuza\u011f\u0131 - The Epoch Times TR","isPartOf":{"@id":"https:\/\/epochtimestr.com\/#website"},"primaryImageOfPage":{"@id":"https:\/\/epochtimestr.com\/index.php\/udy-ve-odyde-koltuk-tuzagi#primaryimage"},"image":{"@id":"https:\/\/epochtimestr.com\/index.php\/udy-ve-odyde-koltuk-tuzagi#primaryimage"},"thumbnailUrl":"https:\/\/epochtimestr.com\/wp-content\/uploads\/2011y\/Ali-Kekliktepe.jpg","datePublished":"2026-06-05T16:21:01+00:00","dateModified":"2026-06-05T16:21:03+00:00","description":"Lojistik ve ta\u015f\u0131mac\u0131l\u0131k sekt\u00f6r\u00fc, \u00e7o\u011fu zaman operasyonel y\u00fcklerin yan\u0131nda bir de mevzuat labirentleriyle bo\u011fu\u015fmak zorunda kal\u0131yor.","inLanguage":"tr","potentialAction":[{"@type":"ReadAction","target":["https:\/\/epochtimestr.com\/index.php\/udy-ve-odyde-koltuk-tuzagi"]}]},{"@type":"ImageObject","inLanguage":"tr","@id":"https:\/\/epochtimestr.com\/index.php\/udy-ve-odyde-koltuk-tuzagi#primaryimage","url":"https:\/\/epochtimestr.com\/wp-content\/uploads\/2011y\/Ali-Kekliktepe.jpg","contentUrl":"https:\/\/epochtimestr.com\/wp-content\/uploads\/2011y\/Ali-Kekliktepe.jpg","width":600,"height":600},{"@type":"WebSite","@id":"https:\/\/epochtimestr.com\/#website","url":"https:\/\/epochtimestr.com\/","name":"The Epoch Times TR","description":"De\u011fi\u015fen D\u00fcnyam\u0131za Taze Bir Bak\u0131\u015f","publisher":{"@id":"https:\/\/epochtimestr.com\/#organization"},"potentialAction":[{"@type":"SearchAction","target":{"@type":"EntryPoint","urlTemplate":"https:\/\/epochtimestr.com\/?s={search_term_string}"},"query-input":"required name=search_term_string"}],"inLanguage":"tr"},{"@type":"Organization","@id":"https:\/\/epochtimestr.com\/#organization","name":"The EpochTimes T\u00fcrkiye","url":"https:\/\/epochtimestr.com\/","logo":{"@type":"ImageObject","inLanguage":"tr","@id":"https:\/\/epochtimestr.com\/#\/schema\/logo\/image\/","url":"https:\/\/epochtimestr.com\/wp-content\/uploads\/2011y\/ET-Logo-YG.jpg","contentUrl":"https:\/\/epochtimestr.com\/wp-content\/uploads\/2011y\/ET-Logo-YG.jpg","width":346,"height":29,"caption":"The EpochTimes T\u00fcrkiye"},"image":{"@id":"https:\/\/epochtimestr.com\/#\/schema\/logo\/image\/"},"sameAs":["https:\/\/www.facebook.com\/theepochtimestr","https:\/\/x.com\/TheEpochTimesTR","https:\/\/www.instagram.com\/epochtimestr"]},{"@type":"Person","@id":"https:\/\/epochtimestr.com\/#\/schema\/person\/da94a416fed1aed029d0a47e85673b95","name":"Ali Kekliktepe","image":{"@type":"ImageObject","inLanguage":"tr","@id":"https:\/\/epochtimestr.com\/#\/schema\/person\/image\/","url":"https:\/\/secure.gravatar.com\/avatar\/6c965c3fc374c8f4af759baef4f38bcd?s=96&d=mm&r=g","contentUrl":"https:\/\/secure.gravatar.com\/avatar\/6c965c3fc374c8f4af759baef4f38bcd?s=96&d=mm&r=g","caption":"Ali Kekliktepe"},"description":"Ben Ali Kekliktepe; hayat\u0131n\u0131 \u00f6\u011frenmeye, \u00f6\u011fretmeye ve toplumsal fayda yaratmaya adam\u0131\u015f bir yazar ve profesyonelim. Kalemi sadece ka\u011f\u0131da dokunan bir ara\u00e7 de\u011fil, toplumun aksayan y\u00f6nlerine \u015fifa olan bir enstr\u00fcman olarak g\u00f6r\u00fcyorum.","sameAs":["https:\/\/alikekliktepemersin33.blogspot.com\/"],"url":"https:\/\/epochtimestr.com\/index.php\/author\/ali"}]}},"_links":{"self":[{"href":"https:\/\/epochtimestr.com\/index.php\/wp-json\/wp\/v2\/posts\/167684"}],"collection":[{"href":"https:\/\/epochtimestr.com\/index.php\/wp-json\/wp\/v2\/posts"}],"about":[{"href":"https:\/\/epochtimestr.com\/index.php\/wp-json\/wp\/v2\/types\/post"}],"author":[{"embeddable":true,"href":"https:\/\/epochtimestr.com\/index.php\/wp-json\/wp\/v2\/users\/14013"}],"replies":[{"embeddable":true,"href":"https:\/\/epochtimestr.com\/index.php\/wp-json\/wp\/v2\/comments?post=167684"}],"version-history":[{"count":1,"href":"https:\/\/epochtimestr.com\/index.php\/wp-json\/wp\/v2\/posts\/167684\/revisions"}],"predecessor-version":[{"id":167685,"href":"https:\/\/epochtimestr.com\/index.php\/wp-json\/wp\/v2\/posts\/167684\/revisions\/167685"}],"wp:featuredmedia":[{"embeddable":true,"href":"https:\/\/epochtimestr.com\/index.php\/wp-json\/wp\/v2\/media\/167144"}],"wp:attachment":[{"href":"https:\/\/epochtimestr.com\/index.php\/wp-json\/wp\/v2\/media?parent=167684"}],"wp:term":[{"taxonomy":"category","embeddable":true,"href":"https:\/\/epochtimestr.com\/index.php\/wp-json\/wp\/v2\/categories?post=167684"},{"taxonomy":"post_tag","embeddable":true,"href":"https:\/\/epochtimestr.com\/index.php\/wp-json\/wp\/v2\/tags?post=167684"}],"curies":[{"name":"wp","href":"https:\/\/api.w.org\/{rel}","templated":true}]}}