{"id":167687,"date":"2026-06-05T19:57:59","date_gmt":"2026-06-05T16:57:59","guid":{"rendered":"https:\/\/epochtimestr.com\/?p=167687"},"modified":"2026-06-05T19:58:05","modified_gmt":"2026-06-05T16:58:05","slug":"almanyada-boeing-787-kazasi-yaralilar-var","status":"publish","type":"post","link":"https:\/\/epochtimestr.com\/index.php\/almanyada-boeing-787-kazasi-yaralilar-var","title":{"rendered":"Almanya&#8217;da Boeing 787 Kazas\u0131: Yaral\u0131lar Var"},"content":{"rendered":"<div class=\"wp-block-image\">\n<figure class=\"aligncenter size-full\"><img loading=\"lazy\" decoding=\"async\" width=\"1200\" height=\"805\" src=\"https:\/\/epochtimestr.com\/wp-content\/uploads\/2011y\/1000039746.jpg\" alt=\"Almanya, Frankfurt Havaliman\u0131\u2019nda 4 Haziran 2026 tarihinde, Lufthansa\u2019ya ait bir Boeing 787 u\u00e7a\u011f\u0131n\u0131n \u00f6n ini\u015f tak\u0131m\u0131 beklenmedik \u015fekilde \u00e7\u00f6kt\u00fc. Olayda birka\u00e7 personel yaraland\u0131 ve u\u00e7ak \u00e7evresinde \u00e7ok say\u0131da ambulans topland\u0131. (Foto\u011fraf: REUTERS\/Kai Pfaffenbach)\" class=\"wp-image-167689\" srcset=\"https:\/\/epochtimestr.com\/wp-content\/uploads\/2011y\/1000039746.jpg 1200w, https:\/\/epochtimestr.com\/wp-content\/uploads\/2011y\/1000039746-300x201.jpg 300w, https:\/\/epochtimestr.com\/wp-content\/uploads\/2011y\/1000039746-150x101.jpg 150w, https:\/\/epochtimestr.com\/wp-content\/uploads\/2011y\/1000039746-768x515.jpg 768w\" sizes=\"(max-width: 1200px) 100vw, 1200px\" \/><figcaption class=\"wp-element-caption\">Almanya, Frankfurt Havaliman\u0131\u2019nda 4 Haziran 2026 tarihinde, Lufthansa\u2019ya ait bir Boeing 787 u\u00e7a\u011f\u0131n\u0131n \u00f6n ini\u015f tak\u0131m\u0131 beklenmedik \u015fekilde \u00e7\u00f6kt\u00fc. Olayda birka\u00e7 personel yaraland\u0131 ve u\u00e7ak \u00e7evresine \u00e7ok say\u0131da ambulans geldi. (Foto\u011fraf: Kai Pfaffenbach, Reuters, The Epoch Times)<\/figcaption><\/figure><\/div>\n\n\n<p>Alman hava yolu \u015firketi Lufthansa\u2019ya ait bir Boeing 787 yolcu u\u00e7a\u011f\u0131n\u0131n \u00f6n ini\u015f tak\u0131m\u0131, Frankfurt Havaliman\u0131\u2019nda \u00e7\u00f6kt\u00fc. Olayda birka\u00e7 personel yaraland\u0131. <a href=\"https:\/\/www.theepochtimes.com\/world\/several-injured-in-boeing-787-nose-gear-collapse-in-frankfurt-6043402\" target=\"_blank\" rel=\"noreferrer noopener\">Lufthansa<\/a>, olay\u0131n 4 Haziran 2026 tarihinde yerel saatle 12.45\u2019te ger\u00e7ekle\u015fti\u011fini a\u00e7\u0131klad\u0131. \u015eirket s\u00f6zc\u00fcs\u00fc, olay s\u0131ras\u0131nda yolcular\u0131n hen\u00fcz u\u00e7a\u011fa al\u0131nmad\u0131\u011f\u0131n\u0131, u\u00e7akta m\u00fcrettebat ve yer personelinin bulundu\u011funu bildirdi. Reuters muhabiri, olay yerinde \u00e7ok say\u0131da acil durum arac\u0131n\u0131n bulundu\u011funu aktard\u0131.<\/p>\n\n\n\n<p>\u015eirketin yaz\u0131l\u0131 a\u00e7\u0131klamas\u0131na g\u00f6re birka\u00e7 personel yaraland\u0131 ve tedavi alt\u0131na al\u0131nd\u0131. Ancak a\u00e7\u0131klamada  yaralanmalar\u0131n durumu hakk\u0131nda ek bilgi yer alm\u0131yor. Bloomberg News, olay\u0131 ilk duyuran kurulu\u015f oldu. Daha sonra Lufthansa ve Boeing de birer a\u00e7\u0131klama yapt\u0131. Boeing s\u00f6zc\u00fcs\u00fc, \u015firketin olaydan haberdar oldu\u011funu ve <a href=\"https:\/\/epochtimestr.com\/index.php\/boeing-polonya-icin-apache-helikopterleri-uretecek\" target=\"_blank\" rel=\"noreferrer noopener\">Boeing\u2019in<\/a> m\u00fc\u015fterisine destek verdi\u011fini s\u00f6yledi. S\u00f6zc\u00fc, olay\u0131n ayr\u0131nt\u0131lar\u0131 hakk\u0131nda bilgi payla\u015fmad\u0131.<\/p>\n\n\n\n<p> U\u00e7ak, LH450 sefer say\u0131s\u0131yla Los Angeles\u2019a gitmek \u00fczereydi. Kalk\u0131\u015f \u00f6ncesinde \u00f6n ini\u015f tak\u0131m\u0131n\u0131n \u00e7\u00f6kmesi \u00fczerine u\u00e7a\u011f\u0131n g\u00f6vdesinin \u00f6n k\u0131sm\u0131 yere temas etti. Ayr\u0131ca ekipler uzun s\u00fcre u\u00e7ak \u00e7evresinde \u00e7al\u0131\u015fma y\u00fcr\u00fctt\u00fc. \u015eirket, olay\u0131n nedenini belirlemek i\u00e7in ilgili kurumlarla birlikte inceleme ba\u015flatt\u0131. <\/p>\n\n\n\n<h3 class=\"wp-block-heading\">Soru\u015fturma s\u00fcr\u00fcyor<\/h3>\n\n\n\n<p>Lufthansa, kesin nedenin hen\u00fcz belirlenmedi\u011fini, teknik ekipler ve yetkililerin \u00e7al\u0131\u015fmalar\u0131n\u0131 s\u00fcrd\u00fcrd\u00fc\u011f\u00fcn\u00fc bildirdi. Boeing 787-9 modeli, Lufthansa filosunun yeni u\u00e7aklar\u0131 aras\u0131nda yer al\u0131yor. Lufthansa, filo yap\u0131s\u0131n\u0131 sadele\u015ftirmeyi hedefliyor. Ayr\u0131ca \u015firket, daha az verimli u\u00e7aklar\u0131 kademeli olarak hizmetten \u00e7\u0131kar\u0131yor. Buna kar\u015f\u0131n Frankfurt\u2019taki olay\u0131n operasyonlara etkisine ili\u015fkin a\u00e7\u0131klama yap\u0131lmad\u0131.<\/p>\n\n\n\n<p>Son olarak olay t\u00fcm y\u00f6nleriyle incelenirken, \u015firket ve yetkililer, soru\u015fturman\u0131n sonucunu bekliyor. <\/p>\n","protected":false},"excerpt":{"rendered":"<p>Alman hava yolu \u015firketi Lufthansa\u2019ya ait bir Boeing 787 yolcu u\u00e7a\u011f\u0131n\u0131n \u00f6n ini\u015f tak\u0131m\u0131, Frankfurt Havaliman\u0131\u2019nda \u00e7\u00f6kt\u00fc. Olayda birka\u00e7 personel yaraland\u0131. Lufthansa, olay\u0131n 4 Haziran 2026 tarihinde yerel saatle 12.45\u2019te ger\u00e7ekle\u015fti\u011fini a\u00e7\u0131klad\u0131. \u015eirket s\u00f6zc\u00fcs\u00fc, olay s\u0131ras\u0131nda yolcular\u0131n hen\u00fcz u\u00e7a\u011fa al\u0131nmad\u0131\u011f\u0131n\u0131, u\u00e7akta m\u00fcrettebat ve yer personelinin bulundu\u011funu bildirdi. Reuters muhabiri, olay yerinde \u00e7ok say\u0131da acil durum [&hellip;]<\/p>\n","protected":false},"author":13996,"featured_media":167689,"comment_status":"open","ping_status":"open","sticky":false,"template":"","format":"standard","meta":{"_yoast_wpseo_focuskw":"Boeing 787","_yoast_wpseo_title":"","_yoast_wpseo_metadesc":"Boeing 787 kazas\u0131nda Frankfurt Havaliman\u0131\u2019nda birka\u00e7 personel yaraland\u0131. Lufthansa olay\u0131n nedenini ara\u015ft\u0131r\u0131yor.","_bbp_topic_count":0,"_bbp_reply_count":0,"_bbp_total_topic_count":0,"_bbp_total_reply_count":0,"_bbp_voice_count":0,"_bbp_anonymous_reply_count":0,"_bbp_topic_count_hidden":0,"_bbp_reply_count_hidden":0,"_bbp_forum_subforum_count":0,"footnotes":"","_yoast_wpseo_focuskw_text_input":""},"categories":[5,1,8138],"tags":[1652,407,708,11507,11509,11508],"yoast_head":"<!-- This site is optimized with the Yoast SEO plugin v23.0 - https:\/\/yoast.com\/wordpress\/plugins\/seo\/ -->\n<title>Almanya&#039;da Boeing 787 Kazas\u0131: Yaral\u0131lar Var - The Epoch Times TR<\/title>\n<meta name=\"description\" content=\"Boeing 787 kazas\u0131nda Frankfurt Havaliman\u0131\u2019nda birka\u00e7 personel yaraland\u0131. Lufthansa olay\u0131n nedenini ara\u015ft\u0131r\u0131yor.\" \/>\n<meta name=\"robots\" content=\"index, follow, max-snippet:-1, max-image-preview:large, max-video-preview:-1\" \/>\n<link rel=\"canonical\" href=\"https:\/\/epochtimestr.com\/index.php\/almanyada-boeing-787-kazasi-yaralilar-var\" \/>\n<meta property=\"og:locale\" content=\"tr_TR\" \/>\n<meta property=\"og:type\" content=\"article\" \/>\n<meta property=\"og:title\" content=\"Almanya&#039;da Boeing 787 Kazas\u0131: Yaral\u0131lar Var - The Epoch Times TR\" \/>\n<meta property=\"og:description\" content=\"Boeing 787 kazas\u0131nda Frankfurt Havaliman\u0131\u2019nda birka\u00e7 personel yaraland\u0131. Lufthansa olay\u0131n nedenini ara\u015ft\u0131r\u0131yor.\" \/>\n<meta property=\"og:url\" content=\"https:\/\/epochtimestr.com\/index.php\/almanyada-boeing-787-kazasi-yaralilar-var\" \/>\n<meta property=\"og:site_name\" content=\"The Epoch Times TR\" \/>\n<meta property=\"article:publisher\" content=\"https:\/\/www.facebook.com\/theepochtimestr\" \/>\n<meta property=\"article:published_time\" content=\"2026-06-05T16:57:59+00:00\" \/>\n<meta property=\"article:modified_time\" content=\"2026-06-05T16:58:05+00:00\" \/>\n<meta property=\"og:image\" content=\"https:\/\/epochtimestr.com\/wp-content\/uploads\/2011y\/1000039746.jpg\" \/>\n\t<meta property=\"og:image:width\" content=\"1200\" \/>\n\t<meta property=\"og:image:height\" content=\"805\" \/>\n\t<meta property=\"og:image:type\" content=\"image\/jpeg\" \/>\n<meta name=\"author\" content=\"Leo Bajelan\" \/>\n<meta name=\"twitter:card\" content=\"summary_large_image\" \/>\n<meta name=\"twitter:creator\" content=\"@TheEpochTimesTR\" \/>\n<meta name=\"twitter:site\" content=\"@TheEpochTimesTR\" \/>\n<meta name=\"twitter:label1\" content=\"Yazan:\" \/>\n\t<meta name=\"twitter:data1\" content=\"Leo Bajelan\" \/>\n\t<meta name=\"twitter:label2\" content=\"Tahmini okuma s\u00fcresi\" \/>\n\t<meta name=\"twitter:data2\" content=\"2 dakika\" \/>\n<script type=\"application\/ld+json\" class=\"yoast-schema-graph\">{\"@context\":\"https:\/\/schema.org\",\"@graph\":[{\"@type\":\"Article\",\"@id\":\"https:\/\/epochtimestr.com\/index.php\/almanyada-boeing-787-kazasi-yaralilar-var#article\",\"isPartOf\":{\"@id\":\"https:\/\/epochtimestr.com\/index.php\/almanyada-boeing-787-kazasi-yaralilar-var\"},\"author\":{\"name\":\"Leo Bajelan\",\"@id\":\"https:\/\/epochtimestr.com\/#\/schema\/person\/5fef218711d76d8f232b0e1f1d7e4c0d\"},\"headline\":\"Almanya&#8217;da Boeing 787 Kazas\u0131: Yaral\u0131lar Var\",\"datePublished\":\"2026-06-05T16:57:59+00:00\",\"dateModified\":\"2026-06-05T16:58:05+00:00\",\"mainEntityOfPage\":{\"@id\":\"https:\/\/epochtimestr.com\/index.php\/almanyada-boeing-787-kazasi-yaralilar-var\"},\"wordCount\":359,\"commentCount\":0,\"publisher\":{\"@id\":\"https:\/\/epochtimestr.com\/#organization\"},\"image\":{\"@id\":\"https:\/\/epochtimestr.com\/index.php\/almanyada-boeing-787-kazasi-yaralilar-var#primaryimage\"},\"thumbnailUrl\":\"https:\/\/epochtimestr.com\/wp-content\/uploads\/2011y\/1000039746.jpg\",\"keywords\":[\"AB\",\"ABD\",\"almanya\",\"Boeing 787 Kazas\u0131\",\"Frankfurt\",\"Lufthansa\"],\"articleSection\":[\"D\u00dcNYA\",\"G\u00dcNDEM\",\"MAN\u015eET\"],\"inLanguage\":\"tr\",\"potentialAction\":[{\"@type\":\"CommentAction\",\"name\":\"Comment\",\"target\":[\"https:\/\/epochtimestr.com\/index.php\/almanyada-boeing-787-kazasi-yaralilar-var#respond\"]}]},{\"@type\":\"WebPage\",\"@id\":\"https:\/\/epochtimestr.com\/index.php\/almanyada-boeing-787-kazasi-yaralilar-var\",\"url\":\"https:\/\/epochtimestr.com\/index.php\/almanyada-boeing-787-kazasi-yaralilar-var\",\"name\":\"Almanya'da Boeing 787 Kazas\u0131: Yaral\u0131lar Var - The Epoch Times TR\",\"isPartOf\":{\"@id\":\"https:\/\/epochtimestr.com\/#website\"},\"primaryImageOfPage\":{\"@id\":\"https:\/\/epochtimestr.com\/index.php\/almanyada-boeing-787-kazasi-yaralilar-var#primaryimage\"},\"image\":{\"@id\":\"https:\/\/epochtimestr.com\/index.php\/almanyada-boeing-787-kazasi-yaralilar-var#primaryimage\"},\"thumbnailUrl\":\"https:\/\/epochtimestr.com\/wp-content\/uploads\/2011y\/1000039746.jpg\",\"datePublished\":\"2026-06-05T16:57:59+00:00\",\"dateModified\":\"2026-06-05T16:58:05+00:00\",\"description\":\"Boeing 787 kazas\u0131nda Frankfurt Havaliman\u0131\u2019nda birka\u00e7 personel yaraland\u0131. Lufthansa olay\u0131n nedenini ara\u015ft\u0131r\u0131yor.\",\"inLanguage\":\"tr\",\"potentialAction\":[{\"@type\":\"ReadAction\",\"target\":[\"https:\/\/epochtimestr.com\/index.php\/almanyada-boeing-787-kazasi-yaralilar-var\"]}]},{\"@type\":\"ImageObject\",\"inLanguage\":\"tr\",\"@id\":\"https:\/\/epochtimestr.com\/index.php\/almanyada-boeing-787-kazasi-yaralilar-var#primaryimage\",\"url\":\"https:\/\/epochtimestr.com\/wp-content\/uploads\/2011y\/1000039746.jpg\",\"contentUrl\":\"https:\/\/epochtimestr.com\/wp-content\/uploads\/2011y\/1000039746.jpg\",\"width\":1200,\"height\":805},{\"@type\":\"WebSite\",\"@id\":\"https:\/\/epochtimestr.com\/#website\",\"url\":\"https:\/\/epochtimestr.com\/\",\"name\":\"The Epoch Times TR\",\"description\":\"De\u011fi\u015fen D\u00fcnyam\u0131za Taze Bir Bak\u0131\u015f\",\"publisher\":{\"@id\":\"https:\/\/epochtimestr.com\/#organization\"},\"potentialAction\":[{\"@type\":\"SearchAction\",\"target\":{\"@type\":\"EntryPoint\",\"urlTemplate\":\"https:\/\/epochtimestr.com\/?s={search_term_string}\"},\"query-input\":\"required name=search_term_string\"}],\"inLanguage\":\"tr\"},{\"@type\":\"Organization\",\"@id\":\"https:\/\/epochtimestr.com\/#organization\",\"name\":\"The EpochTimes T\u00fcrkiye\",\"url\":\"https:\/\/epochtimestr.com\/\",\"logo\":{\"@type\":\"ImageObject\",\"inLanguage\":\"tr\",\"@id\":\"https:\/\/epochtimestr.com\/#\/schema\/logo\/image\/\",\"url\":\"https:\/\/epochtimestr.com\/wp-content\/uploads\/2011y\/ET-Logo-YG.jpg\",\"contentUrl\":\"https:\/\/epochtimestr.com\/wp-content\/uploads\/2011y\/ET-Logo-YG.jpg\",\"width\":346,\"height\":29,\"caption\":\"The EpochTimes T\u00fcrkiye\"},\"image\":{\"@id\":\"https:\/\/epochtimestr.com\/#\/schema\/logo\/image\/\"},\"sameAs\":[\"https:\/\/www.facebook.com\/theepochtimestr\",\"https:\/\/x.com\/TheEpochTimesTR\",\"https:\/\/www.instagram.com\/epochtimestr\"]},{\"@type\":\"Person\",\"@id\":\"https:\/\/epochtimestr.com\/#\/schema\/person\/5fef218711d76d8f232b0e1f1d7e4c0d\",\"name\":\"Leo Bajelan\",\"image\":{\"@type\":\"ImageObject\",\"inLanguage\":\"tr\",\"@id\":\"https:\/\/epochtimestr.com\/#\/schema\/person\/image\/\",\"url\":\"https:\/\/secure.gravatar.com\/avatar\/917669146f489549e548a2e9af272df5?s=96&d=mm&r=g\",\"contentUrl\":\"https:\/\/secure.gravatar.com\/avatar\/917669146f489549e548a2e9af272df5?s=96&d=mm&r=g\",\"caption\":\"Leo Bajelan\"},\"url\":\"https:\/\/epochtimestr.com\/index.php\/author\/leo\"}]}<\/script>\n<!-- \/ Yoast SEO plugin. -->","yoast_head_json":{"title":"Almanya'da Boeing 787 Kazas\u0131: Yaral\u0131lar Var - The Epoch Times TR","description":"Boeing 787 kazas\u0131nda Frankfurt Havaliman\u0131\u2019nda birka\u00e7 personel yaraland\u0131. Lufthansa olay\u0131n nedenini ara\u015ft\u0131r\u0131yor.","robots":{"index":"index","follow":"follow","max-snippet":"max-snippet:-1","max-image-preview":"max-image-preview:large","max-video-preview":"max-video-preview:-1"},"canonical":"https:\/\/epochtimestr.com\/index.php\/almanyada-boeing-787-kazasi-yaralilar-var","og_locale":"tr_TR","og_type":"article","og_title":"Almanya'da Boeing 787 Kazas\u0131: Yaral\u0131lar Var - The Epoch Times TR","og_description":"Boeing 787 kazas\u0131nda Frankfurt Havaliman\u0131\u2019nda birka\u00e7 personel yaraland\u0131. Lufthansa olay\u0131n nedenini ara\u015ft\u0131r\u0131yor.","og_url":"https:\/\/epochtimestr.com\/index.php\/almanyada-boeing-787-kazasi-yaralilar-var","og_site_name":"The Epoch Times TR","article_publisher":"https:\/\/www.facebook.com\/theepochtimestr","article_published_time":"2026-06-05T16:57:59+00:00","article_modified_time":"2026-06-05T16:58:05+00:00","og_image":[{"width":1200,"height":805,"url":"https:\/\/epochtimestr.com\/wp-content\/uploads\/2011y\/1000039746.jpg","type":"image\/jpeg"}],"author":"Leo Bajelan","twitter_card":"summary_large_image","twitter_creator":"@TheEpochTimesTR","twitter_site":"@TheEpochTimesTR","twitter_misc":{"Yazan:":"Leo Bajelan","Tahmini okuma s\u00fcresi":"2 dakika"},"schema":{"@context":"https:\/\/schema.org","@graph":[{"@type":"Article","@id":"https:\/\/epochtimestr.com\/index.php\/almanyada-boeing-787-kazasi-yaralilar-var#article","isPartOf":{"@id":"https:\/\/epochtimestr.com\/index.php\/almanyada-boeing-787-kazasi-yaralilar-var"},"author":{"name":"Leo Bajelan","@id":"https:\/\/epochtimestr.com\/#\/schema\/person\/5fef218711d76d8f232b0e1f1d7e4c0d"},"headline":"Almanya&#8217;da Boeing 787 Kazas\u0131: Yaral\u0131lar Var","datePublished":"2026-06-05T16:57:59+00:00","dateModified":"2026-06-05T16:58:05+00:00","mainEntityOfPage":{"@id":"https:\/\/epochtimestr.com\/index.php\/almanyada-boeing-787-kazasi-yaralilar-var"},"wordCount":359,"commentCount":0,"publisher":{"@id":"https:\/\/epochtimestr.com\/#organization"},"image":{"@id":"https:\/\/epochtimestr.com\/index.php\/almanyada-boeing-787-kazasi-yaralilar-var#primaryimage"},"thumbnailUrl":"https:\/\/epochtimestr.com\/wp-content\/uploads\/2011y\/1000039746.jpg","keywords":["AB","ABD","almanya","Boeing 787 Kazas\u0131","Frankfurt","Lufthansa"],"articleSection":["D\u00dcNYA","G\u00dcNDEM","MAN\u015eET"],"inLanguage":"tr","potentialAction":[{"@type":"CommentAction","name":"Comment","target":["https:\/\/epochtimestr.com\/index.php\/almanyada-boeing-787-kazasi-yaralilar-var#respond"]}]},{"@type":"WebPage","@id":"https:\/\/epochtimestr.com\/index.php\/almanyada-boeing-787-kazasi-yaralilar-var","url":"https:\/\/epochtimestr.com\/index.php\/almanyada-boeing-787-kazasi-yaralilar-var","name":"Almanya'da Boeing 787 Kazas\u0131: Yaral\u0131lar Var - The Epoch Times TR","isPartOf":{"@id":"https:\/\/epochtimestr.com\/#website"},"primaryImageOfPage":{"@id":"https:\/\/epochtimestr.com\/index.php\/almanyada-boeing-787-kazasi-yaralilar-var#primaryimage"},"image":{"@id":"https:\/\/epochtimestr.com\/index.php\/almanyada-boeing-787-kazasi-yaralilar-var#primaryimage"},"thumbnailUrl":"https:\/\/epochtimestr.com\/wp-content\/uploads\/2011y\/1000039746.jpg","datePublished":"2026-06-05T16:57:59+00:00","dateModified":"2026-06-05T16:58:05+00:00","description":"Boeing 787 kazas\u0131nda Frankfurt Havaliman\u0131\u2019nda birka\u00e7 personel yaraland\u0131. Lufthansa olay\u0131n nedenini ara\u015ft\u0131r\u0131yor.","inLanguage":"tr","potentialAction":[{"@type":"ReadAction","target":["https:\/\/epochtimestr.com\/index.php\/almanyada-boeing-787-kazasi-yaralilar-var"]}]},{"@type":"ImageObject","inLanguage":"tr","@id":"https:\/\/epochtimestr.com\/index.php\/almanyada-boeing-787-kazasi-yaralilar-var#primaryimage","url":"https:\/\/epochtimestr.com\/wp-content\/uploads\/2011y\/1000039746.jpg","contentUrl":"https:\/\/epochtimestr.com\/wp-content\/uploads\/2011y\/1000039746.jpg","width":1200,"height":805},{"@type":"WebSite","@id":"https:\/\/epochtimestr.com\/#website","url":"https:\/\/epochtimestr.com\/","name":"The Epoch Times TR","description":"De\u011fi\u015fen D\u00fcnyam\u0131za Taze Bir Bak\u0131\u015f","publisher":{"@id":"https:\/\/epochtimestr.com\/#organization"},"potentialAction":[{"@type":"SearchAction","target":{"@type":"EntryPoint","urlTemplate":"https:\/\/epochtimestr.com\/?s={search_term_string}"},"query-input":"required name=search_term_string"}],"inLanguage":"tr"},{"@type":"Organization","@id":"https:\/\/epochtimestr.com\/#organization","name":"The EpochTimes T\u00fcrkiye","url":"https:\/\/epochtimestr.com\/","logo":{"@type":"ImageObject","inLanguage":"tr","@id":"https:\/\/epochtimestr.com\/#\/schema\/logo\/image\/","url":"https:\/\/epochtimestr.com\/wp-content\/uploads\/2011y\/ET-Logo-YG.jpg","contentUrl":"https:\/\/epochtimestr.com\/wp-content\/uploads\/2011y\/ET-Logo-YG.jpg","width":346,"height":29,"caption":"The EpochTimes T\u00fcrkiye"},"image":{"@id":"https:\/\/epochtimestr.com\/#\/schema\/logo\/image\/"},"sameAs":["https:\/\/www.facebook.com\/theepochtimestr","https:\/\/x.com\/TheEpochTimesTR","https:\/\/www.instagram.com\/epochtimestr"]},{"@type":"Person","@id":"https:\/\/epochtimestr.com\/#\/schema\/person\/5fef218711d76d8f232b0e1f1d7e4c0d","name":"Leo Bajelan","image":{"@type":"ImageObject","inLanguage":"tr","@id":"https:\/\/epochtimestr.com\/#\/schema\/person\/image\/","url":"https:\/\/secure.gravatar.com\/avatar\/917669146f489549e548a2e9af272df5?s=96&d=mm&r=g","contentUrl":"https:\/\/secure.gravatar.com\/avatar\/917669146f489549e548a2e9af272df5?s=96&d=mm&r=g","caption":"Leo Bajelan"},"url":"https:\/\/epochtimestr.com\/index.php\/author\/leo"}]}},"_links":{"self":[{"href":"https:\/\/epochtimestr.com\/index.php\/wp-json\/wp\/v2\/posts\/167687"}],"collection":[{"href":"https:\/\/epochtimestr.com\/index.php\/wp-json\/wp\/v2\/posts"}],"about":[{"href":"https:\/\/epochtimestr.com\/index.php\/wp-json\/wp\/v2\/types\/post"}],"author":[{"embeddable":true,"href":"https:\/\/epochtimestr.com\/index.php\/wp-json\/wp\/v2\/users\/13996"}],"replies":[{"embeddable":true,"href":"https:\/\/epochtimestr.com\/index.php\/wp-json\/wp\/v2\/comments?post=167687"}],"version-history":[{"count":2,"href":"https:\/\/epochtimestr.com\/index.php\/wp-json\/wp\/v2\/posts\/167687\/revisions"}],"predecessor-version":[{"id":167698,"href":"https:\/\/epochtimestr.com\/index.php\/wp-json\/wp\/v2\/posts\/167687\/revisions\/167698"}],"wp:featuredmedia":[{"embeddable":true,"href":"https:\/\/epochtimestr.com\/index.php\/wp-json\/wp\/v2\/media\/167689"}],"wp:attachment":[{"href":"https:\/\/epochtimestr.com\/index.php\/wp-json\/wp\/v2\/media?parent=167687"}],"wp:term":[{"taxonomy":"category","embeddable":true,"href":"https:\/\/epochtimestr.com\/index.php\/wp-json\/wp\/v2\/categories?post=167687"},{"taxonomy":"post_tag","embeddable":true,"href":"https:\/\/epochtimestr.com\/index.php\/wp-json\/wp\/v2\/tags?post=167687"}],"curies":[{"name":"wp","href":"https:\/\/api.w.org\/{rel}","templated":true}]}}