{"id":167701,"date":"2026-06-06T08:30:00","date_gmt":"2026-06-06T05:30:00","guid":{"rendered":"https:\/\/epochtimestr.com\/?p=167701"},"modified":"2026-06-06T00:03:11","modified_gmt":"2026-06-05T21:03:11","slug":"farkli-bir-insan","status":"publish","type":"post","link":"https:\/\/epochtimestr.com\/index.php\/farkli-bir-insan","title":{"rendered":"Farkl\u0131 Bir \u0130nsan"},"content":{"rendered":"\n<p><em>Bu yaz\u0131 ilk olarak 07 Eyl\u00fcl 2017 tarihinde inovatifhaber.com\u2019da yay\u0131mlanm\u0131\u015ft\u0131r.<\/em><\/p>\n\n\n\n<p class=\"has-text-align-right\">\u201cTaraflardan biri zenginse, o davaya adalet u\u011framaz\u201d Aslan K\u00fc\u00e7\u00fck<\/p>\n\n\n\n<p>Mersin ilinde G\u00fclnarl\u0131lar\u0131n ayr\u0131 bir yeri vard\u0131r. G\u00fclnarl\u0131, \u00e7al\u0131\u015fkanl\u0131\u011f\u0131, zekili\u011fi, tutumlulu\u011fu, okulla\u015fma oran\u0131n\u0131n y\u00fcksekli\u011fi ile bilinir. Hemen her devlet dairesinde bir G\u00fclnarl\u0131 ile kar\u015f\u0131la\u015fman\u0131z y\u00fcksek ihtimaldir; \u00fcstelik bu sadece Mersin i\u00e7in ge\u00e7erli de\u011fildir. Tar\u0131ma elveri\u015fli topra\u011f\u0131n azl\u0131\u011f\u0131 ve ge\u00e7im zorlu\u011funun, G\u00fclnarl\u0131lar\u0131 okumaya, gurbete y\u00f6nlendirdi\u011fi s\u00f6ylenir\u201d.<\/p>\n\n\n\n<p>Mersin\u2019in tan\u0131nm\u0131\u015f avukatlar\u0131ndan Aslan K\u00fc\u00e7\u00fck de bir G\u00fclnarl\u0131d\u0131r ve \u201cG\u00fclnarl\u0131 \u00f6zellikleri\u201d ta\u015f\u0131r. Dendi\u011fi gibi \u201cs\u0131k\u0131 dostluklar bir kavga sonras\u0131\u201d ba\u015flarm\u0131\u015f. Fakat bizimki kavga sonras\u0131 ba\u015flayan dostluk de\u011fil, kaybedilen dava sonucu ba\u015flayan dostluk. Evet, kendisine kar\u015f\u0131 bir dava kaybettim ve bu, dostlu\u011fumuzun ba\u015flamas\u0131na vesile oldu.<\/p>\n\n\n\n<p>Aslan K\u00fc\u00e7\u00fck, farkl\u0131 bir ki\u015filik. Ankara hukuk mezunu, ba\u015far\u0131l\u0131 bir meslek hayat\u0131 var. Hemen her konuda ezber bozan d\u00fc\u015f\u00fcncelere sahip. Mersin \u00dcniversitesinde kent ve \u00e7evre \u00fczerine master yapm\u0131\u015f. De\u011fi\u015fik hobileri, u\u011fra\u015f\u0131 alanlar\u0131 var. Tenis, satran\u00e7, dalg\u0131\u00e7l\u0131k, pilotluk, yat kaptanl\u0131\u011f\u0131 bunlardan baz\u0131lar\u0131. Ayr\u0131ca G\u00f6kt\u00fcrk ve Osmanl\u0131 alfabesi bilir, okur, yazar. O ortalaman\u0131n g\u00f6rd\u00fc\u011f\u00fc ile ilgilenmiyor. \u201cBen g\u00f6r\u00fcnmeyeni merak ederim\u201d diyor.<\/p>\n\n\n\n<p>Yeni edindi\u011fi bir belge, onunla yapmay\u0131 planlad\u0131\u011f\u0131m s\u00f6yle\u015fiyi \u00f6ne \u00e7ekti. T\u00fcrkiye genelinde sadece \u00fc\u00e7 y\u00fcz ki\u015fide bulunan TSE\u2019nin s\u0131navla verdi\u011fi, Tar\u0131msal Kalk\u0131nma Destekleme Kurumu\u2019nun proje dan\u0131\u015fmanl\u0131\u011f\u0131 belgesi. T\u00fcrkiye\u2019de bir\u00e7ok \u015fey d\u00f6n\u00fc\u015f\u00fcyor, de\u011fi\u015fiyor! Art\u0131k babadan kalma metotlarla i\u015f y\u00fcr\u00fctme d\u00f6nemi bitiyor. Belgeli, sertifikal\u0131, diplomal\u0131, k\u0131saca mesleki a\u00e7\u0131dan yeterli olmayan insanlar yava\u015f yava\u015f piyasadan \u00e7ekilmek zorunda kal\u0131yor.<\/p>\n\n\n\n<p>Devlet her konuda standartla\u015fmaya gidiyor. K\u0131rsal kalk\u0131nmaya ayr\u0131lan para y\u0131ll\u0131k 1 milyar TL\u2019dir. Zirai faaliyetlerin hepsinde sonuca ula\u015fabilmek i\u00e7in girdinin, \u00e7\u0131kt\u0131n\u0131n kontrol edilmesi \u015fart. Kontrol mekanizmas\u0131n\u0131n olmay\u0131\u015f\u0131, arac\u0131lar\u0131 g\u00fc\u00e7lendiriyor, suni fiyat art\u0131\u015flar\u0131na yol a\u00e7\u0131yor. \u0130\u015fte kurban bayram\u0131 geldi ve y\u00fcksek et fiyatlar\u0131 yine konu\u015fuluyor\u201d. K\u00fc\u00e7\u00fck, \u201cHayvanc\u0131l\u0131\u011f\u0131n en b\u00fcy\u00fck girdisi yem ihtiyac\u0131d\u0131r. Yeminizi kendiniz \u00fcretirseniz, hayvanc\u0131l\u0131\u011f\u0131n kazand\u0131rmamas\u0131 m\u00fcmk\u00fcn de\u011fil. \u0130thalat silah\u0131 mecburiyetten \u00e7ekiliyor. \u00c7\u00fcnk\u00fc yeterince \u00fcretim yok\u201d demekte.<\/p>\n\n\n\n<p>\u0130nsan kendini bu denli \u201cdonat\u0131nca\u201d ona elbette s\u00f6z hakk\u0131 do\u011fuyor. Ben de bundan yararlanmak, olabildi\u011fince \u00e7ok soru sormak istiyorum. Adalet aray\u0131\u015f\u0131ndan, \u015fehircili\u011fe, sivil toplum hayat\u0131ndan, tar\u0131ma, siyasete kadar uzanan konularda s\u00f6yle\u015fiyoruz. Aslan K\u00fc\u00e7\u00fck, 2009 y\u0131l\u0131nda aktif siyaseti b\u0131rakt\u0131. Ve bir daha siyasete at\u0131lmay\u0131 d\u00fc\u015f\u00fcnm\u00fcyor. Se\u00e7imlerde oy kullanm\u0131yor. \u201cSiyaset, ne kadar vas\u0131fl\u0131 olursan\u0131z olun, bir grubun, g\u00fcc\u00fcn adam\u0131 de\u011filseniz size kapal\u0131d\u0131r\u201d g\u00f6r\u00fc\u015f\u00fcn\u00fc payla\u015f\u0131yor.<\/p>\n\n\n\n<p>Cemiyet ortam\u0131ndan uzak duruyor. Derneklere \u00fcyeliklere s\u0131cak bakm\u0131yor. Sivil toplum kurulu\u015flar\u0131n\u0131n suni zevk arac\u0131 olarak kullan\u0131ld\u0131\u011f\u0131n\u0131 d\u00fc\u015f\u00fcn\u00fcyor. Ona g\u00f6re \u201cSivil toplum ya\u015fam\u0131, bedava yemek yemek \u00fczerine kurulmu\u015f bir sistemdir.\u201d<\/p>\n\n\n\n<p>Malum adalet g\u00fcndemden hi\u00e7 inmeyen bir olgu. Adalet aray\u0131\u015f\u0131ndaki eksiklikler ona g\u00f6re sadece T\u00fcrkiye\u2019ye mahsus bir sorun de\u011fil. Di\u011fer uluslar\u0131n da benzer meseleleri tam \u00e7\u00f6zd\u00fcklerine inanm\u0131yor. Yeni sistem adliye binalar\u0131n\u0131 ve yarg\u0131n\u0131n internet ortam\u0131na ta\u015f\u0131n\u0131\u015f\u0131n\u0131, \u015feffafl\u0131k ve zaman kazan\u0131m\u0131 a\u00e7\u0131s\u0131ndan olumlu buluyor. T\u00fcrkiye\u2019de adaletin zay\u0131fl\u0131\u011f\u0131n\u0131 devlet politikalar\u0131na ba\u011fl\u0131yor ve \u201c320 bin polise kar\u015f\u0131l\u0131k, neden sadece 15 bin h\u00e2kim savc\u0131 kadrosu var?\u201d sorusunu at\u0131yor ortaya.<\/p>\n\n\n\n<p>Ya\u015fad\u0131\u011f\u0131 \u015fehir Mersin\u2019i hak etti\u011fi yerde g\u00f6rm\u00fcyor. Yerel idarecilerin yeterli katk\u0131y\u0131 veremediklerini savunuyor. \u201cMersin\u2019de istedi\u011fim i\u00e7in ya\u015f\u0131yorum ama severek ya\u015fam\u0131yorum. Fakat nerede ya\u015farsam ya\u015fayay\u0131m, bir aya\u011f\u0131m\u0131n \u0130stanbul\u2019da olmas\u0131n\u0131 isterim. \u00c7\u00fcnk\u00fc \u0130stanbul gelece\u011fin ve geli\u015fmenin merkezidir.\u201d Konu\u015fmam\u0131z boyunca, o duymak istediklerimizi de\u011fil de ger\u00e7ekten d\u00fc\u015f\u00fcnd\u00fcklerini dile getiriyor. Onun bir yerlere ya da birilerine yaranmak gibi bir derdi yok!<\/p>\n\n\n\n<p>Yaz\u0131lar\u0131mda Mersin\u2019i hep merkezde tutmakt\u0131r amac\u0131m. \u0130\u015fte bu y\u00fczden ondan son s\u00f6zlerini bu g\u00fczel, g\u00fczel oldu\u011fu kadar da talihsiz kente ay\u0131rmas\u0131n\u0131 istedim.<\/p>\n\n\n\n<p>\u201cAllah Mersin\u2019in yard\u0131mc\u0131s\u0131 olsun. Mersin\u2019in i\u015fi maalesef Allah\u2019a kalm\u0131\u015f\u0131! Onun \u015fehrimizle ilgili ac\u0131 tespiti.<\/p>\n\n\n\n<p>Aslan K\u00fc\u00e7\u00fck\u2019\u00fc bir yaz\u0131ya s\u0131\u011fd\u0131rmak ne m\u00fcmk\u00fcn? Bunun bir ba\u015flang\u0131\u00e7 olmas\u0131n\u0131 diliyor ba\u015fka yaz\u0131larda ve konularda bulu\u015fmak \u00fczere \u015fimdilik bir ara veriyoruz.<\/p>\n","protected":false},"excerpt":{"rendered":"<p>Bu yaz\u0131 ilk olarak 07 Eyl\u00fcl 2017 tarihinde inovatifhaber.com\u2019da yay\u0131mlanm\u0131\u015ft\u0131r. \u201cTaraflardan biri zenginse, o davaya adalet u\u011framaz\u201d Aslan K\u00fc\u00e7\u00fck Mersin ilinde G\u00fclnarl\u0131lar\u0131n ayr\u0131 bir yeri vard\u0131r. G\u00fclnarl\u0131, \u00e7al\u0131\u015fkanl\u0131\u011f\u0131, zekili\u011fi, tutumlulu\u011fu, okulla\u015fma oran\u0131n\u0131n y\u00fcksekli\u011fi ile bilinir. Hemen her devlet dairesinde bir G\u00fclnarl\u0131 ile kar\u015f\u0131la\u015fman\u0131z y\u00fcksek ihtimaldir; \u00fcstelik bu sadece Mersin i\u00e7in ge\u00e7erli de\u011fildir. Tar\u0131ma elveri\u015fli topra\u011f\u0131n [&hellip;]<\/p>\n","protected":false},"author":14001,"featured_media":161038,"comment_status":"open","ping_status":"open","sticky":false,"template":"","format":"standard","meta":{"_yoast_wpseo_focuskw":"Aslan K\u00fc\u00e7\u00fck","_yoast_wpseo_title":"","_yoast_wpseo_metadesc":"Mersin ilinde G\u00fclnarl\u0131lar\u0131n ayr\u0131 bir yeri vard\u0131r. G\u00fclnarl\u0131, \u00e7al\u0131\u015fkanl\u0131\u011f\u0131, zekili\u011fi, tutumlulu\u011fu, okulla\u015fma oran\u0131n\u0131n y\u00fcksekli\u011fi ile bilinir.","_bbp_topic_count":0,"_bbp_reply_count":0,"_bbp_total_topic_count":0,"_bbp_total_reply_count":0,"_bbp_voice_count":0,"_bbp_anonymous_reply_count":0,"_bbp_topic_count_hidden":0,"_bbp_reply_count_hidden":0,"_bbp_forum_subforum_count":0,"footnotes":"","_yoast_wpseo_focuskw_text_input":""},"categories":[9170],"tags":[],"yoast_head":"<!-- This site is optimized with the Yoast SEO plugin v23.0 - https:\/\/yoast.com\/wordpress\/plugins\/seo\/ -->\n<title>Farkl\u0131 Bir \u0130nsan - The Epoch Times TR<\/title>\n<meta name=\"description\" content=\"Mersin ilinde G\u00fclnarl\u0131lar\u0131n ayr\u0131 bir yeri vard\u0131r. G\u00fclnarl\u0131, \u00e7al\u0131\u015fkanl\u0131\u011f\u0131, zekili\u011fi, tutumlulu\u011fu, okulla\u015fma oran\u0131n\u0131n y\u00fcksekli\u011fi ile bilinir.\" \/>\n<meta name=\"robots\" content=\"index, follow, max-snippet:-1, max-image-preview:large, max-video-preview:-1\" \/>\n<link rel=\"canonical\" href=\"https:\/\/epochtimestr.com\/index.php\/farkli-bir-insan\" \/>\n<meta property=\"og:locale\" content=\"tr_TR\" \/>\n<meta property=\"og:type\" content=\"article\" \/>\n<meta property=\"og:title\" content=\"Farkl\u0131 Bir \u0130nsan - The Epoch Times TR\" \/>\n<meta property=\"og:description\" content=\"Mersin ilinde G\u00fclnarl\u0131lar\u0131n ayr\u0131 bir yeri vard\u0131r. G\u00fclnarl\u0131, \u00e7al\u0131\u015fkanl\u0131\u011f\u0131, zekili\u011fi, tutumlulu\u011fu, okulla\u015fma oran\u0131n\u0131n y\u00fcksekli\u011fi ile bilinir.\" \/>\n<meta property=\"og:url\" content=\"https:\/\/epochtimestr.com\/index.php\/farkli-bir-insan\" \/>\n<meta property=\"og:site_name\" content=\"The Epoch Times TR\" \/>\n<meta property=\"article:publisher\" content=\"https:\/\/www.facebook.com\/theepochtimestr\" \/>\n<meta property=\"article:published_time\" content=\"2026-06-06T05:30:00+00:00\" \/>\n<meta property=\"article:modified_time\" content=\"2026-06-05T21:03:11+00:00\" \/>\n<meta property=\"og:image\" content=\"https:\/\/epochtimestr.com\/wp-content\/uploads\/2011y\/bzct-ak.jpg\" \/>\n\t<meta property=\"og:image:width\" content=\"1200\" \/>\n\t<meta property=\"og:image:height\" content=\"630\" \/>\n\t<meta property=\"og:image:type\" content=\"image\/jpeg\" \/>\n<meta name=\"author\" content=\"Bekir Zorba\" \/>\n<meta name=\"twitter:card\" content=\"summary_large_image\" \/>\n<meta name=\"twitter:creator\" content=\"@TheEpochTimesTR\" \/>\n<meta name=\"twitter:site\" content=\"@TheEpochTimesTR\" \/>\n<meta name=\"twitter:label1\" content=\"Yazan:\" \/>\n\t<meta name=\"twitter:data1\" content=\"Bekir Zorba\" \/>\n\t<meta name=\"twitter:label2\" content=\"Tahmini okuma s\u00fcresi\" \/>\n\t<meta name=\"twitter:data2\" content=\"4 dakika\" \/>\n<script type=\"application\/ld+json\" class=\"yoast-schema-graph\">{\"@context\":\"https:\/\/schema.org\",\"@graph\":[{\"@type\":\"Article\",\"@id\":\"https:\/\/epochtimestr.com\/index.php\/farkli-bir-insan#article\",\"isPartOf\":{\"@id\":\"https:\/\/epochtimestr.com\/index.php\/farkli-bir-insan\"},\"author\":{\"name\":\"Bekir Zorba\",\"@id\":\"https:\/\/epochtimestr.com\/#\/schema\/person\/da1ad104599611965442ed3e7e9acb2b\"},\"headline\":\"Farkl\u0131 Bir \u0130nsan\",\"datePublished\":\"2026-06-06T05:30:00+00:00\",\"dateModified\":\"2026-06-05T21:03:11+00:00\",\"mainEntityOfPage\":{\"@id\":\"https:\/\/epochtimestr.com\/index.php\/farkli-bir-insan\"},\"wordCount\":819,\"commentCount\":0,\"publisher\":{\"@id\":\"https:\/\/epochtimestr.com\/#organization\"},\"image\":{\"@id\":\"https:\/\/epochtimestr.com\/index.php\/farkli-bir-insan#primaryimage\"},\"thumbnailUrl\":\"https:\/\/epochtimestr.com\/wp-content\/uploads\/2011y\/Bekir-Zorba.png\",\"articleSection\":[\"K\u00f6\u015fe Yaz\u0131lar\u0131 Bekir Zorba\"],\"inLanguage\":\"tr\",\"potentialAction\":[{\"@type\":\"CommentAction\",\"name\":\"Comment\",\"target\":[\"https:\/\/epochtimestr.com\/index.php\/farkli-bir-insan#respond\"]}]},{\"@type\":\"WebPage\",\"@id\":\"https:\/\/epochtimestr.com\/index.php\/farkli-bir-insan\",\"url\":\"https:\/\/epochtimestr.com\/index.php\/farkli-bir-insan\",\"name\":\"Farkl\u0131 Bir \u0130nsan - The Epoch Times TR\",\"isPartOf\":{\"@id\":\"https:\/\/epochtimestr.com\/#website\"},\"primaryImageOfPage\":{\"@id\":\"https:\/\/epochtimestr.com\/index.php\/farkli-bir-insan#primaryimage\"},\"image\":{\"@id\":\"https:\/\/epochtimestr.com\/index.php\/farkli-bir-insan#primaryimage\"},\"thumbnailUrl\":\"https:\/\/epochtimestr.com\/wp-content\/uploads\/2011y\/Bekir-Zorba.png\",\"datePublished\":\"2026-06-06T05:30:00+00:00\",\"dateModified\":\"2026-06-05T21:03:11+00:00\",\"description\":\"Mersin ilinde G\u00fclnarl\u0131lar\u0131n ayr\u0131 bir yeri vard\u0131r. G\u00fclnarl\u0131, \u00e7al\u0131\u015fkanl\u0131\u011f\u0131, zekili\u011fi, tutumlulu\u011fu, okulla\u015fma oran\u0131n\u0131n y\u00fcksekli\u011fi ile bilinir.\",\"inLanguage\":\"tr\",\"potentialAction\":[{\"@type\":\"ReadAction\",\"target\":[\"https:\/\/epochtimestr.com\/index.php\/farkli-bir-insan\"]}]},{\"@type\":\"ImageObject\",\"inLanguage\":\"tr\",\"@id\":\"https:\/\/epochtimestr.com\/index.php\/farkli-bir-insan#primaryimage\",\"url\":\"https:\/\/epochtimestr.com\/wp-content\/uploads\/2011y\/Bekir-Zorba.png\",\"contentUrl\":\"https:\/\/epochtimestr.com\/wp-content\/uploads\/2011y\/Bekir-Zorba.png\",\"width\":600,\"height\":600},{\"@type\":\"WebSite\",\"@id\":\"https:\/\/epochtimestr.com\/#website\",\"url\":\"https:\/\/epochtimestr.com\/\",\"name\":\"The Epoch Times TR\",\"description\":\"De\u011fi\u015fen D\u00fcnyam\u0131za Taze Bir Bak\u0131\u015f\",\"publisher\":{\"@id\":\"https:\/\/epochtimestr.com\/#organization\"},\"potentialAction\":[{\"@type\":\"SearchAction\",\"target\":{\"@type\":\"EntryPoint\",\"urlTemplate\":\"https:\/\/epochtimestr.com\/?s={search_term_string}\"},\"query-input\":\"required name=search_term_string\"}],\"inLanguage\":\"tr\"},{\"@type\":\"Organization\",\"@id\":\"https:\/\/epochtimestr.com\/#organization\",\"name\":\"The EpochTimes T\u00fcrkiye\",\"url\":\"https:\/\/epochtimestr.com\/\",\"logo\":{\"@type\":\"ImageObject\",\"inLanguage\":\"tr\",\"@id\":\"https:\/\/epochtimestr.com\/#\/schema\/logo\/image\/\",\"url\":\"https:\/\/epochtimestr.com\/wp-content\/uploads\/2011y\/ET-Logo-YG.jpg\",\"contentUrl\":\"https:\/\/epochtimestr.com\/wp-content\/uploads\/2011y\/ET-Logo-YG.jpg\",\"width\":346,\"height\":29,\"caption\":\"The EpochTimes T\u00fcrkiye\"},\"image\":{\"@id\":\"https:\/\/epochtimestr.com\/#\/schema\/logo\/image\/\"},\"sameAs\":[\"https:\/\/www.facebook.com\/theepochtimestr\",\"https:\/\/x.com\/TheEpochTimesTR\",\"https:\/\/www.instagram.com\/epochtimestr\"]},{\"@type\":\"Person\",\"@id\":\"https:\/\/epochtimestr.com\/#\/schema\/person\/da1ad104599611965442ed3e7e9acb2b\",\"name\":\"Bekir Zorba\",\"image\":{\"@type\":\"ImageObject\",\"inLanguage\":\"tr\",\"@id\":\"https:\/\/epochtimestr.com\/#\/schema\/person\/image\/\",\"url\":\"https:\/\/secure.gravatar.com\/avatar\/eafd40d9b77b1fbf7c565a3d4916b79c?s=96&d=mm&r=g\",\"contentUrl\":\"https:\/\/secure.gravatar.com\/avatar\/eafd40d9b77b1fbf7c565a3d4916b79c?s=96&d=mm&r=g\",\"caption\":\"Bekir Zorba\"},\"url\":\"https:\/\/epochtimestr.com\/index.php\/author\/bekir\"}]}<\/script>\n<!-- \/ Yoast SEO plugin. -->","yoast_head_json":{"title":"Farkl\u0131 Bir \u0130nsan - The Epoch Times TR","description":"Mersin ilinde G\u00fclnarl\u0131lar\u0131n ayr\u0131 bir yeri vard\u0131r. G\u00fclnarl\u0131, \u00e7al\u0131\u015fkanl\u0131\u011f\u0131, zekili\u011fi, tutumlulu\u011fu, okulla\u015fma oran\u0131n\u0131n y\u00fcksekli\u011fi ile bilinir.","robots":{"index":"index","follow":"follow","max-snippet":"max-snippet:-1","max-image-preview":"max-image-preview:large","max-video-preview":"max-video-preview:-1"},"canonical":"https:\/\/epochtimestr.com\/index.php\/farkli-bir-insan","og_locale":"tr_TR","og_type":"article","og_title":"Farkl\u0131 Bir \u0130nsan - The Epoch Times TR","og_description":"Mersin ilinde G\u00fclnarl\u0131lar\u0131n ayr\u0131 bir yeri vard\u0131r. G\u00fclnarl\u0131, \u00e7al\u0131\u015fkanl\u0131\u011f\u0131, zekili\u011fi, tutumlulu\u011fu, okulla\u015fma oran\u0131n\u0131n y\u00fcksekli\u011fi ile bilinir.","og_url":"https:\/\/epochtimestr.com\/index.php\/farkli-bir-insan","og_site_name":"The Epoch Times TR","article_publisher":"https:\/\/www.facebook.com\/theepochtimestr","article_published_time":"2026-06-06T05:30:00+00:00","article_modified_time":"2026-06-05T21:03:11+00:00","og_image":[{"width":1200,"height":630,"url":"https:\/\/epochtimestr.com\/wp-content\/uploads\/2011y\/bzct-ak.jpg","type":"image\/jpeg"}],"author":"Bekir Zorba","twitter_card":"summary_large_image","twitter_creator":"@TheEpochTimesTR","twitter_site":"@TheEpochTimesTR","twitter_misc":{"Yazan:":"Bekir Zorba","Tahmini okuma s\u00fcresi":"4 dakika"},"schema":{"@context":"https:\/\/schema.org","@graph":[{"@type":"Article","@id":"https:\/\/epochtimestr.com\/index.php\/farkli-bir-insan#article","isPartOf":{"@id":"https:\/\/epochtimestr.com\/index.php\/farkli-bir-insan"},"author":{"name":"Bekir Zorba","@id":"https:\/\/epochtimestr.com\/#\/schema\/person\/da1ad104599611965442ed3e7e9acb2b"},"headline":"Farkl\u0131 Bir \u0130nsan","datePublished":"2026-06-06T05:30:00+00:00","dateModified":"2026-06-05T21:03:11+00:00","mainEntityOfPage":{"@id":"https:\/\/epochtimestr.com\/index.php\/farkli-bir-insan"},"wordCount":819,"commentCount":0,"publisher":{"@id":"https:\/\/epochtimestr.com\/#organization"},"image":{"@id":"https:\/\/epochtimestr.com\/index.php\/farkli-bir-insan#primaryimage"},"thumbnailUrl":"https:\/\/epochtimestr.com\/wp-content\/uploads\/2011y\/Bekir-Zorba.png","articleSection":["K\u00f6\u015fe Yaz\u0131lar\u0131 Bekir Zorba"],"inLanguage":"tr","potentialAction":[{"@type":"CommentAction","name":"Comment","target":["https:\/\/epochtimestr.com\/index.php\/farkli-bir-insan#respond"]}]},{"@type":"WebPage","@id":"https:\/\/epochtimestr.com\/index.php\/farkli-bir-insan","url":"https:\/\/epochtimestr.com\/index.php\/farkli-bir-insan","name":"Farkl\u0131 Bir \u0130nsan - The Epoch Times TR","isPartOf":{"@id":"https:\/\/epochtimestr.com\/#website"},"primaryImageOfPage":{"@id":"https:\/\/epochtimestr.com\/index.php\/farkli-bir-insan#primaryimage"},"image":{"@id":"https:\/\/epochtimestr.com\/index.php\/farkli-bir-insan#primaryimage"},"thumbnailUrl":"https:\/\/epochtimestr.com\/wp-content\/uploads\/2011y\/Bekir-Zorba.png","datePublished":"2026-06-06T05:30:00+00:00","dateModified":"2026-06-05T21:03:11+00:00","description":"Mersin ilinde G\u00fclnarl\u0131lar\u0131n ayr\u0131 bir yeri vard\u0131r. G\u00fclnarl\u0131, \u00e7al\u0131\u015fkanl\u0131\u011f\u0131, zekili\u011fi, tutumlulu\u011fu, okulla\u015fma oran\u0131n\u0131n y\u00fcksekli\u011fi ile bilinir.","inLanguage":"tr","potentialAction":[{"@type":"ReadAction","target":["https:\/\/epochtimestr.com\/index.php\/farkli-bir-insan"]}]},{"@type":"ImageObject","inLanguage":"tr","@id":"https:\/\/epochtimestr.com\/index.php\/farkli-bir-insan#primaryimage","url":"https:\/\/epochtimestr.com\/wp-content\/uploads\/2011y\/Bekir-Zorba.png","contentUrl":"https:\/\/epochtimestr.com\/wp-content\/uploads\/2011y\/Bekir-Zorba.png","width":600,"height":600},{"@type":"WebSite","@id":"https:\/\/epochtimestr.com\/#website","url":"https:\/\/epochtimestr.com\/","name":"The Epoch Times TR","description":"De\u011fi\u015fen D\u00fcnyam\u0131za Taze Bir Bak\u0131\u015f","publisher":{"@id":"https:\/\/epochtimestr.com\/#organization"},"potentialAction":[{"@type":"SearchAction","target":{"@type":"EntryPoint","urlTemplate":"https:\/\/epochtimestr.com\/?s={search_term_string}"},"query-input":"required name=search_term_string"}],"inLanguage":"tr"},{"@type":"Organization","@id":"https:\/\/epochtimestr.com\/#organization","name":"The EpochTimes T\u00fcrkiye","url":"https:\/\/epochtimestr.com\/","logo":{"@type":"ImageObject","inLanguage":"tr","@id":"https:\/\/epochtimestr.com\/#\/schema\/logo\/image\/","url":"https:\/\/epochtimestr.com\/wp-content\/uploads\/2011y\/ET-Logo-YG.jpg","contentUrl":"https:\/\/epochtimestr.com\/wp-content\/uploads\/2011y\/ET-Logo-YG.jpg","width":346,"height":29,"caption":"The EpochTimes T\u00fcrkiye"},"image":{"@id":"https:\/\/epochtimestr.com\/#\/schema\/logo\/image\/"},"sameAs":["https:\/\/www.facebook.com\/theepochtimestr","https:\/\/x.com\/TheEpochTimesTR","https:\/\/www.instagram.com\/epochtimestr"]},{"@type":"Person","@id":"https:\/\/epochtimestr.com\/#\/schema\/person\/da1ad104599611965442ed3e7e9acb2b","name":"Bekir Zorba","image":{"@type":"ImageObject","inLanguage":"tr","@id":"https:\/\/epochtimestr.com\/#\/schema\/person\/image\/","url":"https:\/\/secure.gravatar.com\/avatar\/eafd40d9b77b1fbf7c565a3d4916b79c?s=96&d=mm&r=g","contentUrl":"https:\/\/secure.gravatar.com\/avatar\/eafd40d9b77b1fbf7c565a3d4916b79c?s=96&d=mm&r=g","caption":"Bekir Zorba"},"url":"https:\/\/epochtimestr.com\/index.php\/author\/bekir"}]}},"_links":{"self":[{"href":"https:\/\/epochtimestr.com\/index.php\/wp-json\/wp\/v2\/posts\/167701"}],"collection":[{"href":"https:\/\/epochtimestr.com\/index.php\/wp-json\/wp\/v2\/posts"}],"about":[{"href":"https:\/\/epochtimestr.com\/index.php\/wp-json\/wp\/v2\/types\/post"}],"author":[{"embeddable":true,"href":"https:\/\/epochtimestr.com\/index.php\/wp-json\/wp\/v2\/users\/14001"}],"replies":[{"embeddable":true,"href":"https:\/\/epochtimestr.com\/index.php\/wp-json\/wp\/v2\/comments?post=167701"}],"version-history":[{"count":1,"href":"https:\/\/epochtimestr.com\/index.php\/wp-json\/wp\/v2\/posts\/167701\/revisions"}],"predecessor-version":[{"id":167703,"href":"https:\/\/epochtimestr.com\/index.php\/wp-json\/wp\/v2\/posts\/167701\/revisions\/167703"}],"wp:featuredmedia":[{"embeddable":true,"href":"https:\/\/epochtimestr.com\/index.php\/wp-json\/wp\/v2\/media\/161038"}],"wp:attachment":[{"href":"https:\/\/epochtimestr.com\/index.php\/wp-json\/wp\/v2\/media?parent=167701"}],"wp:term":[{"taxonomy":"category","embeddable":true,"href":"https:\/\/epochtimestr.com\/index.php\/wp-json\/wp\/v2\/categories?post=167701"},{"taxonomy":"post_tag","embeddable":true,"href":"https:\/\/epochtimestr.com\/index.php\/wp-json\/wp\/v2\/tags?post=167701"}],"curies":[{"name":"wp","href":"https:\/\/api.w.org\/{rel}","templated":true}]}}