{"id":167704,"date":"2026-06-06T08:00:00","date_gmt":"2026-06-06T05:00:00","guid":{"rendered":"https:\/\/epochtimestr.com\/?p=167704"},"modified":"2026-06-06T21:53:11","modified_gmt":"2026-06-06T18:53:11","slug":"bolkarlarin-eteginde-bir-maden-kasabasi","status":"publish","type":"post","link":"https:\/\/epochtimestr.com\/index.php\/bolkarlarin-eteginde-bir-maden-kasabasi","title":{"rendered":"Bolkarlar\u0131n Ete\u011finde Bir Maden Kasabas\u0131"},"content":{"rendered":"\n<h2 class=\"wp-block-heading\">Uluk\u0131\u015fla Maden K\u00f6y\u00fc\u2019n\u00fcn Hik\u00e2yesi<\/h2>\n\n\n\n<p>Ni\u011fde\u2019nin Uluk\u0131\u015fla il\u00e7esine ba\u011fl\u0131 Maden K\u00f6y\u00fc, Toroslar\u0131n heybetli silsilesi olan Bolkar Da\u011flar\u0131\u2019n\u0131n eteklerinde kurulmu\u015f, Anadolu\u2019nun ve d\u00fcnyan\u0131n en eski madencilik merkezlerinden biridir. Bug\u00fcn sakin bir k\u00f6y g\u00f6r\u00fcn\u00fcm\u00fcnde olsa da ta\u015flar\u0131, galerileri ve harap olmu\u015f yap\u0131lar\u0131, binlerce y\u0131ll\u0131k bir eme\u011fin, umudun ve g\u00f6\u00e7\u00fcn sessiz tan\u0131klar\u0131d\u0131r.<\/p>\n\n\n\n<p>Darbo\u011faz\u2019dan, Bolkarlar\u2019a, Meydan Yaylas\u0131na, Kara g\u00f6ldeki Rana Holtzi\u2019leri (Toras kurba\u011fas\u0131, \u00f6tmeyen kurba\u011fa), \u00c7inili G\u00f6l\u2019\u00fc ziyarete gideriz y\u0131llard\u0131r. Maden k\u00f6y\u00fcn\u00fc sol yan\u0131m\u0131za alarak, d\u00f6ne d\u00f6ne\u2026 Ve d\u00f6nerken ara s\u0131ra Maden k\u00f6y\u00fcne u\u011frar, tarihin tozlu sokaklar\u0131ndan s\u00fcz\u00fcl\u00fcrken, k\u0131r\u0131k T\u00fcrk\u00e7esi ile Madenli m\u00fcbadil g\u00fczel insanlar\u0131n samimi ve i\u00e7ten merhabalar\u0131n\u0131 al\u0131r, oradan Alihoca k\u00f6y\u00fcnden ge\u00e7erken, harika alabal\u0131k tesislerinde bir mola verip Darbo\u011faz\u2019a d\u00f6nerdik. \u201cMaden Da\u011f\u0131 dumand\u0131r, Yolu dolan doland\u0131r.\u201d t\u00fcrk\u00fcs\u00fc bizim bura i\u00e7in yaz\u0131ld\u0131 san\u0131rd\u0131m. Nereden bilirdim ger\u00e7ekten, d\u00fcnyada ilk maden ruhsat\u0131 olarak kabul edilen, \u201cYaz\u0131l\u0131ta\u015f Yaz\u0131t\u0131\u201d sahibi ve ilk maden i\u015fletmesi oldu\u011funu. K\u00f6y\u00fcm Darbo\u011faz\u2019dan da bu i\u015fletmede \u00e7al\u0131\u015fanlar oldu\u011fu, baz\u0131lar\u0131n\u0131n g\u00f6z\u00fcn\u00fc kaybetti\u011fi hik\u00e2yelerini defalarca dinledim annemden\u2026<\/p>\n\n\n\n<p>Maden K\u00f6y\u00fc\u2019n\u00fcn hik\u00e2yesi yaln\u0131zca bir yerle\u015fimin de\u011fil, ayn\u0131 zamanda Anadolu madencili\u011finin de hik\u00e2yesidir. B\u00f6lgedeki madencilik faaliyetlerinin k\u00f6keni Hititler d\u00f6nemine kadar uzanmaktad\u0131r. Bolkar Da\u011flar\u0131 \u00e7evresinde bulunan cevher yataklar\u0131n\u0131n M\u00d6 2. biny\u0131ldan itibaren i\u015fletildi\u011fi d\u00fc\u015f\u00fcn\u00fclmektedir. B\u00f6lgede bulunan ve yakla\u015f\u0131k M\u00d6 8. y\u00fczy\u0131la tarihlenen Bulgarmaden (Yaz\u0131l\u0131ta\u015f) Yaz\u0131t\u0131, madencilik faaliyetlerinin ne kadar eskiye dayand\u0131\u011f\u0131n\u0131 g\u00f6stermektedir. Baz\u0131 ara\u015ft\u0131rmac\u0131lar bu yaz\u0131t\u0131 d\u00fcnyan\u0131n bilinen en eski maden ruhsatlar\u0131ndan biri olarak de\u011ferlendirmektedir. Ge\u00e7 Hitit D\u00f6nemine ait yaz\u0131ta g\u00f6re Kral Wampalowa, bu da\u011fl\u0131k b\u00f6lgenin (Muti Da\u011f\u0131) y\u00f6netimini ve haklar\u0131n\u0131, prense ba\u011fl\u0131 olan Tarhunazi adl\u0131 bir devlet g\u00f6revlisine vermi\u015ftir.&nbsp;&nbsp;<\/p>\n\n\n\n<p>\u0130lk kurucular\u0131 Anadolu Medeniyetlerinden Hititlerdir. Sonra b\u00f6lgede Frig, Pers, Roma ve Bizans d\u00f6nemlerinde de madencilik faaliyetleri devam etti. \u00d6zellikle kur\u015fun, \u00e7inko, g\u00fcm\u00fc\u015f ve alt\u0131n cevherleri y\u00fczy\u0131llar boyunca i\u015fletildi. Bolkar Da\u011flar\u0131\u2019n\u0131n derinliklerine a\u00e7\u0131lan galeriler yaln\u0131zca maden arayan insanlar\u0131n de\u011fil, medeniyetlerin de izlerini ta\u015f\u0131d\u0131. Roma d\u00f6neminden kald\u0131\u011f\u0131 d\u00fc\u015f\u00fcn\u00fclen yer alt\u0131 kal\u0131nt\u0131lar\u0131 g\u00fcn\u00fcm\u00fczde bile madencilik ara\u015ft\u0131rmalar\u0131na y\u00f6n vermektedir.<\/p>\n\n\n\n<p>Osmanl\u0131 Devleti d\u00f6neminde b\u00f6lgenin \u00f6nemi daha da artt\u0131. 18. ve 19. Y\u00fczy\u0131llarda, \u00f6zellikle kur\u015fun ve g\u00fcm\u00fc\u015f \u00fcretimi nedeniyle, Maden K\u00f6y\u00fc ve \u00e7evresi \u00f6nemli bir ekonomik merkez h\u00e2line geldi. O y\u0131llarda yerle\u015fim \u201cBulgar Maden\u201d veya \u201cBolkar Madeni\u201d adlar\u0131yla da an\u0131l\u0131yordu. Osmanl\u0131\u2019n\u0131n son d\u00f6nemlerinde b\u00f6lgede T\u00fcrkler, Rumlar ve farkl\u0131 etnik topluluklar birlikte ya\u015famaktayd\u0131.<\/p>\n\n\n\n<div class=\"wp-block-columns is-layout-flex wp-container-core-columns-is-layout-1 wp-block-columns-is-layout-flex\">\n<div class=\"wp-block-column is-layout-flow wp-block-column-is-layout-flow\">\n<figure class=\"wp-block-image size-large\"><img loading=\"lazy\" decoding=\"async\" width=\"1048\" height=\"1200\" src=\"https:\/\/epochtimestr.com\/wp-content\/uploads\/2011y\/signal-2026-06-06-001047_007-1048x1200.jpeg\" alt=\"\" class=\"wp-image-167705\" srcset=\"https:\/\/epochtimestr.com\/wp-content\/uploads\/2011y\/signal-2026-06-06-001047_007-1048x1200.jpeg 1048w, https:\/\/epochtimestr.com\/wp-content\/uploads\/2011y\/signal-2026-06-06-001047_007-262x300.jpeg 262w, https:\/\/epochtimestr.com\/wp-content\/uploads\/2011y\/signal-2026-06-06-001047_007-131x150.jpeg 131w, https:\/\/epochtimestr.com\/wp-content\/uploads\/2011y\/signal-2026-06-06-001047_007-768x880.jpeg 768w, https:\/\/epochtimestr.com\/wp-content\/uploads\/2011y\/signal-2026-06-06-001047_007.jpeg 1080w\" sizes=\"(max-width: 1048px) 100vw, 1048px\" \/><\/figure>\n<\/div>\n\n\n\n<div class=\"wp-block-column is-layout-flow wp-block-column-is-layout-flow\">\n<figure class=\"wp-block-image size-large is-resized\"><img loading=\"lazy\" decoding=\"async\" width=\"959\" height=\"1200\" src=\"https:\/\/epochtimestr.com\/wp-content\/uploads\/2011y\/signal-2026-06-06-001047_008-959x1200.jpeg\" alt=\"\" class=\"wp-image-167706\" style=\"width:379px;height:auto\" srcset=\"https:\/\/epochtimestr.com\/wp-content\/uploads\/2011y\/signal-2026-06-06-001047_008-959x1200.jpeg 959w, https:\/\/epochtimestr.com\/wp-content\/uploads\/2011y\/signal-2026-06-06-001047_008-240x300.jpeg 240w, https:\/\/epochtimestr.com\/wp-content\/uploads\/2011y\/signal-2026-06-06-001047_008-120x150.jpeg 120w, https:\/\/epochtimestr.com\/wp-content\/uploads\/2011y\/signal-2026-06-06-001047_008-768x961.jpeg 768w, https:\/\/epochtimestr.com\/wp-content\/uploads\/2011y\/signal-2026-06-06-001047_008.jpeg 1080w\" sizes=\"(max-width: 959px) 100vw, 959px\" \/><\/figure>\n<\/div>\n<\/div>\n\n\n\n<p>19. y\u00fczy\u0131l\u0131n ikinci yar\u0131s\u0131nda Osmanl\u0131 Devleti, Avrupa sermayesi ve teknik bilgisinden yararlanarak bir\u00e7ok madeni i\u015fletmeye a\u00e7t\u0131. Bu d\u00f6nemde Alman, Frans\u0131z, \u0130ngiliz ve Avusturya k\u00f6kenli m\u00fchendislerin Anadolu\u2019nun \u00e7e\u015fitli madenlerinde g\u00f6rev yapt\u0131\u011f\u0131 bilinmektedir. Maden K\u00f6y\u00fcnde de yabanc\u0131 m\u00fchendislerin ve teknik personelin \u00e7al\u0131\u015ft\u0131\u011f\u0131, yerel halkla birlikte \u00fcretimi y\u00f6netti\u011fi rivayet edilir. Bu m\u00fchendisler genellikle f\u00f6tr \u015fapkal\u0131, uzun paltolu, bastonlu ve d\u00f6nemin Avrupa modas\u0131n\u0131 yans\u0131tan k\u0131yafetler giyerken; yerli i\u015f\u00e7iler \u015falvar, ku\u015fak, yelek ve aba kullan\u0131yordu. B\u00f6ylece Bolkarlar\u0131n eteklerinde do\u011fu ile bat\u0131n\u0131n ilgin\u00e7 bir kar\u015f\u0131la\u015fmas\u0131 ya\u015fan\u0131yordu.<\/p>\n\n\n\n<p>O y\u0131llarda Bulgar Maden yaln\u0131zca bir \u00fcretim sahas\u0131 de\u011fil, k\u00fc\u00e7\u00fck bir kasaba g\u00f6r\u00fcn\u00fcm\u00fcndeydi. Ta\u015f i\u015f\u00e7ili\u011fiyle yap\u0131lm\u0131\u015f evler, depo binalar\u0131, at\u00f6lyeler, idare yap\u0131lar\u0131 ve i\u015f\u00e7i lojmanlar\u0131 bulunuyordu. Mimari a\u00e7\u0131dan Osmanl\u0131 ta\u015fra yap\u0131lar\u0131 ile Avrupa sanayi yerle\u015fimlerinin etkileri i\u00e7 i\u00e7e ge\u00e7mi\u015fti. Dar sokaklardan y\u00fckselen \u00e7eki\u00e7 sesleri, cevher ta\u015f\u0131yan kat\u0131r kervanlar\u0131 ve ocaklardan \u00e7\u0131kan i\u015f\u00e7iler, g\u00fcnl\u00fck hayat\u0131n do\u011fal par\u00e7alar\u0131yd\u0131.<\/p>\n\n\n<div class=\"wp-block-image\">\n<figure class=\"aligncenter size-full\"><img loading=\"lazy\" decoding=\"async\" width=\"1080\" height=\"691\" src=\"https:\/\/epochtimestr.com\/wp-content\/uploads\/2011y\/signal-2026-06-06-001047_011.jpeg\" alt=\"\" class=\"wp-image-167708\" srcset=\"https:\/\/epochtimestr.com\/wp-content\/uploads\/2011y\/signal-2026-06-06-001047_011.jpeg 1080w, https:\/\/epochtimestr.com\/wp-content\/uploads\/2011y\/signal-2026-06-06-001047_011-300x192.jpeg 300w, https:\/\/epochtimestr.com\/wp-content\/uploads\/2011y\/signal-2026-06-06-001047_011-150x96.jpeg 150w, https:\/\/epochtimestr.com\/wp-content\/uploads\/2011y\/signal-2026-06-06-001047_011-768x491.jpeg 768w\" sizes=\"(max-width: 1080px) 100vw, 1080px\" \/><\/figure><\/div>\n\n\n<p>1822 y\u0131l\u0131nda Karadeniz b\u00f6lgesi G\u00fcm\u00fc\u015fhane ve Trabzon illerinde i\u015fletilen maden galerilerini su basar. Bu nedenle burada \u00e7al\u0131\u015fan binlerce Pontuslu maden i\u015f\u00e7isi, ustas\u0131 ve m\u00fchendisi i\u015fsiz kal\u0131r\u2026 \u0130\u015fsiz kalan madencilerin bir k\u0131sm\u0131, T\u00fcrkiye\u2019nin \u00e7e\u015fitli illerine giderler. Bulgar Madeni il\u00e7esine 376 Pontuslu madenci yerle\u015fir. Daha \u00f6nce burada ya\u015fayan 11 Ermeni Ailesi, Kaymakaml\u0131k \u00e7al\u0131\u015fanlar\u0131 ve kom\u015fu k\u00f6ylerden buraya \u00e7al\u0131\u015fmaya gelen 40 hane T\u00fcrk vard\u0131r\u2026 Darbo\u011faz\u2019da a\u011fa olan dedem \u00d6mer Erden ve bir\u00e7ok k\u00f6yl\u00fcn\u00fcn Maden\u2019de \u00fcz\u00fcm ba\u011flar\u0131 varm\u0131\u015f. Bir hafta on g\u00fcn orada kal\u0131p pekmez kaynat\u0131rlarm\u0131\u015f. Bir\u00e7ok aile dostlar\u0131 varm\u0131\u015f. Annem \u00e7ocukluk an\u0131lar\u0131n\u0131 anlat\u0131rd\u0131.<\/p>\n\n\n\n<p>Ni\u011fde Mutasarr\u0131fl\u0131\u011f\u0131, Pontuslu madencilerin ba\u015fm\u00fchendisi (\u015eef) Apostolo\u011flu ile bir anla\u015fma imzalar. Bu anla\u015fma ile Pontuslu Madenci cemaatine hat\u0131ra para basma, Rumca e\u011fitim veren okullar a\u00e7ma, kilise ve \u015fapeller in\u015fa etme, maden eritmede kullan\u0131lmak \u00fczere civar k\u00f6ylerde bulunan ormanlar\u0131n tahsisi, tar\u0131m ve hayvanc\u0131l\u0131k yapmak i\u00e7in otlak ve tarla tahsisi gibi bir\u00e7ok ayr\u0131cal\u0131klar tan\u0131r\u2026 \u0130\u015fte maden eritmede a\u011fa\u00e7 kullan\u0131lmas\u0131, Bolkarlar\u2019\u0131n ormans\u0131z kalmas\u0131n\u0131n as\u0131l nedenidir.<\/p>\n\n\n<div class=\"wp-block-image\">\n<figure class=\"aligncenter size-full\"><img loading=\"lazy\" decoding=\"async\" width=\"778\" height=\"479\" src=\"https:\/\/epochtimestr.com\/wp-content\/uploads\/2011y\/signal-2026-06-06-001047_006.jpeg\" alt=\"\" class=\"wp-image-167709\" srcset=\"https:\/\/epochtimestr.com\/wp-content\/uploads\/2011y\/signal-2026-06-06-001047_006.jpeg 778w, https:\/\/epochtimestr.com\/wp-content\/uploads\/2011y\/signal-2026-06-06-001047_006-300x185.jpeg 300w, https:\/\/epochtimestr.com\/wp-content\/uploads\/2011y\/signal-2026-06-06-001047_006-150x92.jpeg 150w, https:\/\/epochtimestr.com\/wp-content\/uploads\/2011y\/signal-2026-06-06-001047_006-768x473.jpeg 768w\" sizes=\"(max-width: 778px) 100vw, 778px\" \/><\/figure><\/div>\n\n\n<p>Maden ocaklar\u0131na a\u00e7\u0131lan galerilerin takdimi konusunda usta olan Pontuslu madenciler, ev, konak yap\u0131m\u0131, ta\u015f k\u00f6pr\u00fc \u00e7at\u0131m\u0131, de\u011firmen ta\u015f\u0131 yap\u0131m\u0131, soku oymac\u0131l\u0131\u011f\u0131, yuvak yap\u0131m\u0131, a\u011fa\u00e7 i\u015fleme ve oymac\u0131l\u0131\u011f\u0131nda da bir hayli mahirlermi\u015f\u2026 Ta\u015f duvar\u0131, \u201ck\u0131z sa\u00e7\u0131\u201d gibi \u00f6rerlermi\u015f. Yap\u0131 ustas\u0131 olan babam, Bahri \u00d6zcan ve bir\u00e7ok ustalar, ta\u015f duvar ustal\u0131\u011f\u0131n\u0131 Madenli Rumlardan \u00f6\u011frenmi\u015fler\u2026<\/p>\n\n\n\n<p>1923 y\u0131l\u0131nda T\u00fcrkiye ile Yunanistan aras\u0131nda ger\u00e7ekle\u015ftirilen n\u00fcfus m\u00fcbadelesi, b\u00f6lgenin sosyal yap\u0131s\u0131n\u0131 de\u011fi\u015ftirdi. Rum n\u00fcfusun \u00f6nemli bir b\u00f6l\u00fcm\u00fc Yunanistan\u2019a g\u00f6nderilirken, Balkanlardan gelen T\u00fcrk m\u00fcbadiller Anadolu\u2019nun \u00e7e\u015fitli yerlerine yerle\u015ftirildi. Bu s\u00fcre\u00e7 Maden K\u00f6y\u00fc\u2019n\u00fcn demografik yap\u0131s\u0131nda da \u00f6nemli de\u011fi\u015fikliklere yol a\u00e7t\u0131. Bir zamanlar farkl\u0131 dillerin konu\u015fuldu\u011fu sokaklar, zamanla sessizle\u015fti; baz\u0131 evler bo\u015f kald\u0131, baz\u0131lar\u0131 yeni sahiplerine kavu\u015ftu.<\/p>\n\n\n<div class=\"wp-block-image\">\n<figure class=\"aligncenter size-full\"><img loading=\"lazy\" decoding=\"async\" width=\"1080\" height=\"747\" src=\"https:\/\/epochtimestr.com\/wp-content\/uploads\/2011y\/signal-2026-06-06-001047_009.jpeg\" alt=\"\" class=\"wp-image-167707\" srcset=\"https:\/\/epochtimestr.com\/wp-content\/uploads\/2011y\/signal-2026-06-06-001047_009.jpeg 1080w, https:\/\/epochtimestr.com\/wp-content\/uploads\/2011y\/signal-2026-06-06-001047_009-300x208.jpeg 300w, https:\/\/epochtimestr.com\/wp-content\/uploads\/2011y\/signal-2026-06-06-001047_009-150x104.jpeg 150w, https:\/\/epochtimestr.com\/wp-content\/uploads\/2011y\/signal-2026-06-06-001047_009-768x531.jpeg 768w\" sizes=\"(max-width: 1080px) 100vw, 1080px\" \/><\/figure><\/div>\n\n\n<p>Cumhuriyet\u2019in ilk y\u0131llar\u0131nda madencilik faaliyetleri devam etmekle birlikte, eski canl\u0131l\u0131\u011f\u0131n\u0131 koruyamad\u0131. Ula\u015f\u0131m g\u00fc\u00e7l\u00fckleri, ekonomik \u015fartlar ve cevher rezervlerinin de\u011fi\u015fen i\u015fletme ko\u015fullar\u0131 nedeniyle n\u00fcfus azalmaya ba\u015flad\u0131. Kaza stat\u00fcs\u00fcndeyken, k\u00f6y stat\u00fcs\u00fcne d\u00f6n\u00fc\u015ft\u00fc. Ancak halk aras\u0131nda h\u00e2l\u00e2 \u201cBulgar Maden\u201d ad\u0131 ya\u015famaya devam etti. Bulundu\u011fu konumdan dolay\u0131 ve demiryolunun ge\u00e7mesiyle, Uluk\u0131\u015fla il\u00e7e merkezi oldu.<\/p>\n\n\n\n<p>2000\u2019li y\u0131llarla birlikte b\u00f6lgede yeniden kapsaml\u0131 maden aramalar\u0131 ger\u00e7ekle\u015ftirildi. 2007 y\u0131l\u0131nda yap\u0131lan \u00e7al\u0131\u015fmalarda ekonomik de\u011feri y\u00fcksek alt\u0131n ve g\u00fcm\u00fc\u015f rezervleri tespit edildi. Sonraki y\u0131llarda \u00f6zel sekt\u00f6r yat\u0131r\u0131mlar\u0131yla yer alt\u0131 i\u015fletmeleri yeniden faaliyete ge\u00e7ti. G\u00fcn\u00fcm\u00fczde Bolkar sahas\u0131nda alt\u0131n, g\u00fcm\u00fc\u015f, kur\u015fun ve \u00e7inko \u00fcretimi yap\u0131lmaktad\u0131r.<\/p>\n\n\n\n<p>Bug\u00fcn Maden K\u00f6y\u00fc\u2019ne ula\u015fan bir ziyaret\u00e7i, ilk bak\u0131\u015fta s\u0131radan bir Toros k\u00f6y\u00fc g\u00f6rebilir. Fakat biraz dikkatli bakt\u0131\u011f\u0131nda, her ta\u015f\u0131n alt\u0131nda bir hik\u00e2ye bulundu\u011funu fark eder. Y\u0131k\u0131lm\u0131\u015f duvarlar, eski bir i\u015f\u00e7i evinin hat\u0131ras\u0131n\u0131 ta\u015f\u0131r. Da\u011f\u0131n yamac\u0131ndaki karanl\u0131k bir galeri, y\u00fczy\u0131llar \u00f6nce kazmas\u0131n\u0131 sallayan bir madencinin nefesini saklar. R\u00fczg\u00e2r\u0131n ta\u015f\u0131d\u0131\u011f\u0131 sesler aras\u0131nda bazen bir lokomotif d\u00fcd\u00fc\u011f\u00fc, bazen de vardiyadan \u00e7\u0131kan i\u015f\u00e7ilerin ayak sesleri duyulur gibi olur.<\/p>\n\n\n\n<div class=\"wp-block-columns is-layout-flex wp-container-core-columns-is-layout-2 wp-block-columns-is-layout-flex\">\n<div class=\"wp-block-column is-layout-flow wp-block-column-is-layout-flow\">\n<figure class=\"wp-block-image size-full\"><img loading=\"lazy\" decoding=\"async\" width=\"777\" height=\"1037\" src=\"https:\/\/epochtimestr.com\/wp-content\/uploads\/2011y\/signal-2026-06-06-001047-1.jpeg\" alt=\"\" class=\"wp-image-167713\" srcset=\"https:\/\/epochtimestr.com\/wp-content\/uploads\/2011y\/signal-2026-06-06-001047-1.jpeg 777w, https:\/\/epochtimestr.com\/wp-content\/uploads\/2011y\/signal-2026-06-06-001047-1-225x300.jpeg 225w, https:\/\/epochtimestr.com\/wp-content\/uploads\/2011y\/signal-2026-06-06-001047-1-112x150.jpeg 112w, https:\/\/epochtimestr.com\/wp-content\/uploads\/2011y\/signal-2026-06-06-001047-1-768x1025.jpeg 768w\" sizes=\"(max-width: 777px) 100vw, 777px\" \/><figcaption class=\"wp-element-caption\">Foto\u011fraflar: Aysel \u00d6zcan Yeti\u015f<\/figcaption><\/figure>\n<\/div>\n\n\n\n<div class=\"wp-block-column is-layout-flow wp-block-column-is-layout-flow\">\n<figure class=\"wp-block-image size-large\"><img loading=\"lazy\" decoding=\"async\" width=\"900\" height=\"1200\" src=\"https:\/\/epochtimestr.com\/wp-content\/uploads\/2011y\/signal-2026-06-06-001047_002-900x1200.jpeg\" alt=\"\" class=\"wp-image-167711\" srcset=\"https:\/\/epochtimestr.com\/wp-content\/uploads\/2011y\/signal-2026-06-06-001047_002-900x1200.jpeg 900w, https:\/\/epochtimestr.com\/wp-content\/uploads\/2011y\/signal-2026-06-06-001047_002-225x300.jpeg 225w, https:\/\/epochtimestr.com\/wp-content\/uploads\/2011y\/signal-2026-06-06-001047_002-113x150.jpeg 113w, https:\/\/epochtimestr.com\/wp-content\/uploads\/2011y\/signal-2026-06-06-001047_002-768x1024.jpeg 768w, https:\/\/epochtimestr.com\/wp-content\/uploads\/2011y\/signal-2026-06-06-001047_002-1152x1536.jpeg 1152w, https:\/\/epochtimestr.com\/wp-content\/uploads\/2011y\/signal-2026-06-06-001047_002.jpeg 1200w\" sizes=\"(max-width: 900px) 100vw, 900px\" \/><\/figure>\n<\/div>\n\n\n\n<div class=\"wp-block-column is-layout-flow wp-block-column-is-layout-flow\">\n<figure class=\"wp-block-image size-large\"><img loading=\"lazy\" decoding=\"async\" width=\"900\" height=\"1200\" src=\"https:\/\/epochtimestr.com\/wp-content\/uploads\/2011y\/signal-2026-06-06-001047_003-900x1200.jpeg\" alt=\"\" class=\"wp-image-167712\" srcset=\"https:\/\/epochtimestr.com\/wp-content\/uploads\/2011y\/signal-2026-06-06-001047_003-900x1200.jpeg 900w, https:\/\/epochtimestr.com\/wp-content\/uploads\/2011y\/signal-2026-06-06-001047_003-225x300.jpeg 225w, https:\/\/epochtimestr.com\/wp-content\/uploads\/2011y\/signal-2026-06-06-001047_003-113x150.jpeg 113w, https:\/\/epochtimestr.com\/wp-content\/uploads\/2011y\/signal-2026-06-06-001047_003-768x1024.jpeg 768w, https:\/\/epochtimestr.com\/wp-content\/uploads\/2011y\/signal-2026-06-06-001047_003-1152x1536.jpeg 1152w, https:\/\/epochtimestr.com\/wp-content\/uploads\/2011y\/signal-2026-06-06-001047_003.jpeg 1200w\" sizes=\"(max-width: 900px) 100vw, 900px\" \/><\/figure>\n<\/div>\n<\/div>\n\n\n\n<p>Bolkar Da\u011flar\u0131\u2019n\u0131n serin yama\u00e7lar\u0131nda dola\u015f\u0131rken insan yaln\u0131zca bir k\u00f6y\u00fc de\u011fil, Anadolu\u2019nun \u00fcretim tarihini gezer. Burada maden yaln\u0131zca yer alt\u0131ndan \u00e7\u0131kar\u0131lan cevher de\u011fildir; ayn\u0131 zamanda emek, g\u00f6\u00e7, ayr\u0131l\u0131k, umut ve hat\u0131rad\u0131r. Maden K\u00f6y\u00fc\u2019n\u00fcn ger\u00e7ek zenginli\u011fi de belki tam olarak budur: Topra\u011f\u0131n\u0131n alt\u0131ndaki alt\u0131ndan \u00e7ok, an\u0131lar\u0131nda saklad\u0131\u011f\u0131 insan hik\u00e2yeleri.<\/p>\n\n\n\n<p>Bug\u00fcn n\u00fcfusu azalm\u0131\u015f olsa da Maden K\u00f6y\u00fc, Hititlerden Cumhuriyet\u2019e uzanan yakla\u015f\u0131k \u00fc\u00e7 bin y\u0131ll\u0131k madencilik miras\u0131n\u0131n ya\u015fayan bir par\u00e7as\u0131 olarak varl\u0131\u011f\u0131n\u0131 s\u00fcrd\u00fcrmektedir. \u00d6nceleri Bolkar Da\u011f\u0131 eteklerinde, su kaynaklar\u0131na yak\u0131n olan yerlerde bulunan tarihi ergitme ocaklar\u0131 kullan\u0131lm\u0131\u015ft\u0131r. Y\u00f6re halk\u0131n\u0131n ge\u00e7ti\u011fimiz y\u0131llarda ba\u015flayan itirazlar\u0131 sonucu, madenler art\u0131k Ni\u011fde merkez (Kiledere) tesislerinde ayr\u0131\u015ft\u0131r\u0131lmaktad\u0131r.<\/p>\n\n\n\n<div class=\"wp-block-columns is-layout-flex wp-container-core-columns-is-layout-3 wp-block-columns-is-layout-flex\">\n<div class=\"wp-block-column is-layout-flow wp-block-column-is-layout-flow\">\n<figure class=\"wp-block-image size-large\"><img loading=\"lazy\" decoding=\"async\" width=\"900\" height=\"1200\" src=\"https:\/\/epochtimestr.com\/wp-content\/uploads\/2011y\/signal-2026-06-06-001047_004-900x1200.jpeg\" alt=\"\" class=\"wp-image-167714\" srcset=\"https:\/\/epochtimestr.com\/wp-content\/uploads\/2011y\/signal-2026-06-06-001047_004-900x1200.jpeg 900w, https:\/\/epochtimestr.com\/wp-content\/uploads\/2011y\/signal-2026-06-06-001047_004-225x300.jpeg 225w, https:\/\/epochtimestr.com\/wp-content\/uploads\/2011y\/signal-2026-06-06-001047_004-113x150.jpeg 113w, https:\/\/epochtimestr.com\/wp-content\/uploads\/2011y\/signal-2026-06-06-001047_004-768x1024.jpeg 768w, https:\/\/epochtimestr.com\/wp-content\/uploads\/2011y\/signal-2026-06-06-001047_004-1152x1536.jpeg 1152w, https:\/\/epochtimestr.com\/wp-content\/uploads\/2011y\/signal-2026-06-06-001047_004.jpeg 1200w\" sizes=\"(max-width: 900px) 100vw, 900px\" \/><figcaption class=\"wp-element-caption\">Foto\u011fraflar: Aysel \u00d6zcan Yeti\u015f<\/figcaption><\/figure>\n<\/div>\n\n\n\n<div class=\"wp-block-column is-layout-flow wp-block-column-is-layout-flow\">\n<figure class=\"wp-block-image size-large\"><img loading=\"lazy\" decoding=\"async\" width=\"900\" height=\"1200\" src=\"https:\/\/epochtimestr.com\/wp-content\/uploads\/2011y\/signal-2026-06-06-001047_005-900x1200.jpeg\" alt=\"\" class=\"wp-image-167715\" srcset=\"https:\/\/epochtimestr.com\/wp-content\/uploads\/2011y\/signal-2026-06-06-001047_005-900x1200.jpeg 900w, https:\/\/epochtimestr.com\/wp-content\/uploads\/2011y\/signal-2026-06-06-001047_005-225x300.jpeg 225w, https:\/\/epochtimestr.com\/wp-content\/uploads\/2011y\/signal-2026-06-06-001047_005-113x150.jpeg 113w, https:\/\/epochtimestr.com\/wp-content\/uploads\/2011y\/signal-2026-06-06-001047_005-768x1024.jpeg 768w, https:\/\/epochtimestr.com\/wp-content\/uploads\/2011y\/signal-2026-06-06-001047_005-1152x1536.jpeg 1152w, https:\/\/epochtimestr.com\/wp-content\/uploads\/2011y\/signal-2026-06-06-001047_005.jpeg 1200w\" sizes=\"(max-width: 900px) 100vw, 900px\" \/><\/figure>\n<\/div>\n<\/div>\n\n\n\n<p>Buras\u0131 T\u00fcrkiye\u2019nin ilk maden i\u015fletmesi oldu\u011funa g\u00f6re y\u00f6re halk\u0131n\u0131n, refah i\u00e7inde olmas\u0131 gerekirken hayvanc\u0131l\u0131k, bah\u00e7e tar\u0131m\u0131, kiraz yeti\u015ftiricili\u011fi yaparak ge\u00e7imini sa\u011flamas\u0131 manidar olsa gerek. Elleri nas\u0131r tutmu\u015f emek\u00e7i Maden halk\u0131n\u0131n y\u0131llard\u0131r \u00e7ektikleri toz, duman, g\u00fcr\u00fclt\u00fc, tek \u00f6d\u00fclleri olmu\u015f gibi\u2026<\/p>\n","protected":false},"excerpt":{"rendered":"<p>Uluk\u0131\u015fla Maden K\u00f6y\u00fc\u2019n\u00fcn Hik\u00e2yesi Ni\u011fde\u2019nin Uluk\u0131\u015fla il\u00e7esine ba\u011fl\u0131 Maden K\u00f6y\u00fc, Toroslar\u0131n heybetli silsilesi olan Bolkar Da\u011flar\u0131\u2019n\u0131n eteklerinde kurulmu\u015f, Anadolu\u2019nun ve d\u00fcnyan\u0131n en eski madencilik merkezlerinden biridir. Bug\u00fcn sakin bir k\u00f6y g\u00f6r\u00fcn\u00fcm\u00fcnde olsa da ta\u015flar\u0131, galerileri ve harap olmu\u015f yap\u0131lar\u0131, binlerce y\u0131ll\u0131k bir eme\u011fin, umudun ve g\u00f6\u00e7\u00fcn sessiz tan\u0131klar\u0131d\u0131r. Darbo\u011faz\u2019dan, Bolkarlar\u2019a, Meydan Yaylas\u0131na, Kara g\u00f6ldeki Rana [&hellip;]<\/p>\n","protected":false},"author":14005,"featured_media":163897,"comment_status":"open","ping_status":"open","sticky":false,"template":"","format":"standard","meta":{"_yoast_wpseo_focuskw":"Maden K\u00f6y\u00fc","_yoast_wpseo_title":"","_yoast_wpseo_metadesc":"Maden K\u00f6y\u00fc, Bolkar Da\u011flar\u0131\u2019n\u0131n eteklerinde kurulmu\u015f, Anadolu\u2019nun ve d\u00fcnyan\u0131n en eski madencilik merkezlerinden biridir.","_bbp_topic_count":0,"_bbp_reply_count":0,"_bbp_total_topic_count":0,"_bbp_total_reply_count":0,"_bbp_voice_count":0,"_bbp_anonymous_reply_count":0,"_bbp_topic_count_hidden":0,"_bbp_reply_count_hidden":0,"_bbp_forum_subforum_count":0,"footnotes":"","_yoast_wpseo_focuskw_text_input":""},"categories":[10057],"tags":[],"yoast_head":"<!-- This site is optimized with the Yoast SEO plugin v23.0 - https:\/\/yoast.com\/wordpress\/plugins\/seo\/ -->\n<title>Bolkarlar\u0131n Ete\u011finde Bir Maden Kasabas\u0131 - The Epoch Times TR<\/title>\n<meta name=\"description\" content=\"Maden K\u00f6y\u00fc, Bolkar Da\u011flar\u0131\u2019n\u0131n eteklerinde kurulmu\u015f, Anadolu\u2019nun ve d\u00fcnyan\u0131n en eski madencilik merkezlerinden biridir.\" \/>\n<meta name=\"robots\" content=\"index, follow, max-snippet:-1, max-image-preview:large, max-video-preview:-1\" \/>\n<link rel=\"canonical\" href=\"https:\/\/epochtimestr.com\/index.php\/bolkarlarin-eteginde-bir-maden-kasabasi\" \/>\n<meta property=\"og:locale\" content=\"tr_TR\" \/>\n<meta property=\"og:type\" content=\"article\" \/>\n<meta property=\"og:title\" content=\"Bolkarlar\u0131n Ete\u011finde Bir Maden Kasabas\u0131 - The Epoch Times TR\" \/>\n<meta property=\"og:description\" content=\"Maden K\u00f6y\u00fc, Bolkar Da\u011flar\u0131\u2019n\u0131n eteklerinde kurulmu\u015f, Anadolu\u2019nun ve d\u00fcnyan\u0131n en eski madencilik merkezlerinden biridir.\" \/>\n<meta property=\"og:url\" content=\"https:\/\/epochtimestr.com\/index.php\/bolkarlarin-eteginde-bir-maden-kasabasi\" \/>\n<meta property=\"og:site_name\" content=\"The Epoch Times TR\" \/>\n<meta property=\"article:publisher\" content=\"https:\/\/www.facebook.com\/theepochtimestr\" \/>\n<meta property=\"article:published_time\" content=\"2026-06-06T05:00:00+00:00\" \/>\n<meta property=\"article:modified_time\" content=\"2026-06-06T18:53:11+00:00\" \/>\n<meta property=\"og:image\" content=\"https:\/\/epochtimestr.com\/wp-content\/uploads\/2011y\/Aysel-Yetis-SM3.png\" \/>\n\t<meta property=\"og:image:width\" content=\"1200\" \/>\n\t<meta property=\"og:image:height\" content=\"630\" \/>\n\t<meta property=\"og:image:type\" content=\"image\/png\" \/>\n<meta name=\"author\" content=\"Aysel \u00d6zcan Yeti\u015f\" \/>\n<meta name=\"twitter:card\" content=\"summary_large_image\" \/>\n<meta name=\"twitter:creator\" content=\"@TheEpochTimesTR\" \/>\n<meta name=\"twitter:site\" content=\"@TheEpochTimesTR\" \/>\n<meta name=\"twitter:label1\" content=\"Yazan:\" \/>\n\t<meta name=\"twitter:data1\" content=\"Aysel \u00d6zcan Yeti\u015f\" \/>\n\t<meta name=\"twitter:label2\" content=\"Tahmini okuma s\u00fcresi\" \/>\n\t<meta name=\"twitter:data2\" content=\"9 dakika\" \/>\n<script type=\"application\/ld+json\" class=\"yoast-schema-graph\">{\"@context\":\"https:\/\/schema.org\",\"@graph\":[{\"@type\":\"Article\",\"@id\":\"https:\/\/epochtimestr.com\/index.php\/bolkarlarin-eteginde-bir-maden-kasabasi#article\",\"isPartOf\":{\"@id\":\"https:\/\/epochtimestr.com\/index.php\/bolkarlarin-eteginde-bir-maden-kasabasi\"},\"author\":{\"name\":\"Aysel \u00d6zcan Yeti\u015f\",\"@id\":\"https:\/\/epochtimestr.com\/#\/schema\/person\/8ac8c965e5072789ae94ce8df3878fad\"},\"headline\":\"Bolkarlar\u0131n Ete\u011finde Bir Maden Kasabas\u0131\",\"datePublished\":\"2026-06-06T05:00:00+00:00\",\"dateModified\":\"2026-06-06T18:53:11+00:00\",\"mainEntityOfPage\":{\"@id\":\"https:\/\/epochtimestr.com\/index.php\/bolkarlarin-eteginde-bir-maden-kasabasi\"},\"wordCount\":1614,\"commentCount\":0,\"publisher\":{\"@id\":\"https:\/\/epochtimestr.com\/#organization\"},\"image\":{\"@id\":\"https:\/\/epochtimestr.com\/index.php\/bolkarlarin-eteginde-bir-maden-kasabasi#primaryimage\"},\"thumbnailUrl\":\"https:\/\/epochtimestr.com\/wp-content\/uploads\/2011y\/Aysel-Ozcan-Yetis.png\",\"articleSection\":[\"K\u00f6\u015fe Yaz\u0131lar\u0131 Aysel \u00d6zcan Yeti\u015f\"],\"inLanguage\":\"tr\",\"potentialAction\":[{\"@type\":\"CommentAction\",\"name\":\"Comment\",\"target\":[\"https:\/\/epochtimestr.com\/index.php\/bolkarlarin-eteginde-bir-maden-kasabasi#respond\"]}]},{\"@type\":\"WebPage\",\"@id\":\"https:\/\/epochtimestr.com\/index.php\/bolkarlarin-eteginde-bir-maden-kasabasi\",\"url\":\"https:\/\/epochtimestr.com\/index.php\/bolkarlarin-eteginde-bir-maden-kasabasi\",\"name\":\"Bolkarlar\u0131n Ete\u011finde Bir Maden Kasabas\u0131 - The Epoch Times TR\",\"isPartOf\":{\"@id\":\"https:\/\/epochtimestr.com\/#website\"},\"primaryImageOfPage\":{\"@id\":\"https:\/\/epochtimestr.com\/index.php\/bolkarlarin-eteginde-bir-maden-kasabasi#primaryimage\"},\"image\":{\"@id\":\"https:\/\/epochtimestr.com\/index.php\/bolkarlarin-eteginde-bir-maden-kasabasi#primaryimage\"},\"thumbnailUrl\":\"https:\/\/epochtimestr.com\/wp-content\/uploads\/2011y\/Aysel-Ozcan-Yetis.png\",\"datePublished\":\"2026-06-06T05:00:00+00:00\",\"dateModified\":\"2026-06-06T18:53:11+00:00\",\"description\":\"Maden K\u00f6y\u00fc, Bolkar Da\u011flar\u0131\u2019n\u0131n eteklerinde kurulmu\u015f, Anadolu\u2019nun ve d\u00fcnyan\u0131n en eski madencilik merkezlerinden biridir.\",\"inLanguage\":\"tr\",\"potentialAction\":[{\"@type\":\"ReadAction\",\"target\":[\"https:\/\/epochtimestr.com\/index.php\/bolkarlarin-eteginde-bir-maden-kasabasi\"]}]},{\"@type\":\"ImageObject\",\"inLanguage\":\"tr\",\"@id\":\"https:\/\/epochtimestr.com\/index.php\/bolkarlarin-eteginde-bir-maden-kasabasi#primaryimage\",\"url\":\"https:\/\/epochtimestr.com\/wp-content\/uploads\/2011y\/Aysel-Ozcan-Yetis.png\",\"contentUrl\":\"https:\/\/epochtimestr.com\/wp-content\/uploads\/2011y\/Aysel-Ozcan-Yetis.png\",\"width\":750,\"height\":750},{\"@type\":\"WebSite\",\"@id\":\"https:\/\/epochtimestr.com\/#website\",\"url\":\"https:\/\/epochtimestr.com\/\",\"name\":\"The Epoch Times TR\",\"description\":\"De\u011fi\u015fen D\u00fcnyam\u0131za Taze Bir Bak\u0131\u015f\",\"publisher\":{\"@id\":\"https:\/\/epochtimestr.com\/#organization\"},\"potentialAction\":[{\"@type\":\"SearchAction\",\"target\":{\"@type\":\"EntryPoint\",\"urlTemplate\":\"https:\/\/epochtimestr.com\/?s={search_term_string}\"},\"query-input\":\"required name=search_term_string\"}],\"inLanguage\":\"tr\"},{\"@type\":\"Organization\",\"@id\":\"https:\/\/epochtimestr.com\/#organization\",\"name\":\"The EpochTimes T\u00fcrkiye\",\"url\":\"https:\/\/epochtimestr.com\/\",\"logo\":{\"@type\":\"ImageObject\",\"inLanguage\":\"tr\",\"@id\":\"https:\/\/epochtimestr.com\/#\/schema\/logo\/image\/\",\"url\":\"https:\/\/epochtimestr.com\/wp-content\/uploads\/2011y\/ET-Logo-YG.jpg\",\"contentUrl\":\"https:\/\/epochtimestr.com\/wp-content\/uploads\/2011y\/ET-Logo-YG.jpg\",\"width\":346,\"height\":29,\"caption\":\"The EpochTimes T\u00fcrkiye\"},\"image\":{\"@id\":\"https:\/\/epochtimestr.com\/#\/schema\/logo\/image\/\"},\"sameAs\":[\"https:\/\/www.facebook.com\/theepochtimestr\",\"https:\/\/x.com\/TheEpochTimesTR\",\"https:\/\/www.instagram.com\/epochtimestr\"]},{\"@type\":\"Person\",\"@id\":\"https:\/\/epochtimestr.com\/#\/schema\/person\/8ac8c965e5072789ae94ce8df3878fad\",\"name\":\"Aysel \u00d6zcan Yeti\u015f\",\"image\":{\"@type\":\"ImageObject\",\"inLanguage\":\"tr\",\"@id\":\"https:\/\/epochtimestr.com\/#\/schema\/person\/image\/\",\"url\":\"https:\/\/secure.gravatar.com\/avatar\/e05a79b1b2d145df9f842aa7f0e32ef2?s=96&d=mm&r=g\",\"contentUrl\":\"https:\/\/secure.gravatar.com\/avatar\/e05a79b1b2d145df9f842aa7f0e32ef2?s=96&d=mm&r=g\",\"caption\":\"Aysel \u00d6zcan Yeti\u015f\"},\"url\":\"https:\/\/epochtimestr.com\/index.php\/author\/aysel\"}]}<\/script>\n<!-- \/ Yoast SEO plugin. -->","yoast_head_json":{"title":"Bolkarlar\u0131n Ete\u011finde Bir Maden Kasabas\u0131 - The Epoch Times TR","description":"Maden K\u00f6y\u00fc, Bolkar Da\u011flar\u0131\u2019n\u0131n eteklerinde kurulmu\u015f, Anadolu\u2019nun ve d\u00fcnyan\u0131n en eski madencilik merkezlerinden biridir.","robots":{"index":"index","follow":"follow","max-snippet":"max-snippet:-1","max-image-preview":"max-image-preview:large","max-video-preview":"max-video-preview:-1"},"canonical":"https:\/\/epochtimestr.com\/index.php\/bolkarlarin-eteginde-bir-maden-kasabasi","og_locale":"tr_TR","og_type":"article","og_title":"Bolkarlar\u0131n Ete\u011finde Bir Maden Kasabas\u0131 - The Epoch Times TR","og_description":"Maden K\u00f6y\u00fc, Bolkar Da\u011flar\u0131\u2019n\u0131n eteklerinde kurulmu\u015f, Anadolu\u2019nun ve d\u00fcnyan\u0131n en eski madencilik merkezlerinden biridir.","og_url":"https:\/\/epochtimestr.com\/index.php\/bolkarlarin-eteginde-bir-maden-kasabasi","og_site_name":"The Epoch Times TR","article_publisher":"https:\/\/www.facebook.com\/theepochtimestr","article_published_time":"2026-06-06T05:00:00+00:00","article_modified_time":"2026-06-06T18:53:11+00:00","og_image":[{"width":1200,"height":630,"url":"https:\/\/epochtimestr.com\/wp-content\/uploads\/2011y\/Aysel-Yetis-SM3.png","type":"image\/png"}],"author":"Aysel \u00d6zcan Yeti\u015f","twitter_card":"summary_large_image","twitter_creator":"@TheEpochTimesTR","twitter_site":"@TheEpochTimesTR","twitter_misc":{"Yazan:":"Aysel \u00d6zcan Yeti\u015f","Tahmini okuma s\u00fcresi":"9 dakika"},"schema":{"@context":"https:\/\/schema.org","@graph":[{"@type":"Article","@id":"https:\/\/epochtimestr.com\/index.php\/bolkarlarin-eteginde-bir-maden-kasabasi#article","isPartOf":{"@id":"https:\/\/epochtimestr.com\/index.php\/bolkarlarin-eteginde-bir-maden-kasabasi"},"author":{"name":"Aysel \u00d6zcan Yeti\u015f","@id":"https:\/\/epochtimestr.com\/#\/schema\/person\/8ac8c965e5072789ae94ce8df3878fad"},"headline":"Bolkarlar\u0131n Ete\u011finde Bir Maden Kasabas\u0131","datePublished":"2026-06-06T05:00:00+00:00","dateModified":"2026-06-06T18:53:11+00:00","mainEntityOfPage":{"@id":"https:\/\/epochtimestr.com\/index.php\/bolkarlarin-eteginde-bir-maden-kasabasi"},"wordCount":1614,"commentCount":0,"publisher":{"@id":"https:\/\/epochtimestr.com\/#organization"},"image":{"@id":"https:\/\/epochtimestr.com\/index.php\/bolkarlarin-eteginde-bir-maden-kasabasi#primaryimage"},"thumbnailUrl":"https:\/\/epochtimestr.com\/wp-content\/uploads\/2011y\/Aysel-Ozcan-Yetis.png","articleSection":["K\u00f6\u015fe Yaz\u0131lar\u0131 Aysel \u00d6zcan Yeti\u015f"],"inLanguage":"tr","potentialAction":[{"@type":"CommentAction","name":"Comment","target":["https:\/\/epochtimestr.com\/index.php\/bolkarlarin-eteginde-bir-maden-kasabasi#respond"]}]},{"@type":"WebPage","@id":"https:\/\/epochtimestr.com\/index.php\/bolkarlarin-eteginde-bir-maden-kasabasi","url":"https:\/\/epochtimestr.com\/index.php\/bolkarlarin-eteginde-bir-maden-kasabasi","name":"Bolkarlar\u0131n Ete\u011finde Bir Maden Kasabas\u0131 - The Epoch Times TR","isPartOf":{"@id":"https:\/\/epochtimestr.com\/#website"},"primaryImageOfPage":{"@id":"https:\/\/epochtimestr.com\/index.php\/bolkarlarin-eteginde-bir-maden-kasabasi#primaryimage"},"image":{"@id":"https:\/\/epochtimestr.com\/index.php\/bolkarlarin-eteginde-bir-maden-kasabasi#primaryimage"},"thumbnailUrl":"https:\/\/epochtimestr.com\/wp-content\/uploads\/2011y\/Aysel-Ozcan-Yetis.png","datePublished":"2026-06-06T05:00:00+00:00","dateModified":"2026-06-06T18:53:11+00:00","description":"Maden K\u00f6y\u00fc, Bolkar Da\u011flar\u0131\u2019n\u0131n eteklerinde kurulmu\u015f, Anadolu\u2019nun ve d\u00fcnyan\u0131n en eski madencilik merkezlerinden biridir.","inLanguage":"tr","potentialAction":[{"@type":"ReadAction","target":["https:\/\/epochtimestr.com\/index.php\/bolkarlarin-eteginde-bir-maden-kasabasi"]}]},{"@type":"ImageObject","inLanguage":"tr","@id":"https:\/\/epochtimestr.com\/index.php\/bolkarlarin-eteginde-bir-maden-kasabasi#primaryimage","url":"https:\/\/epochtimestr.com\/wp-content\/uploads\/2011y\/Aysel-Ozcan-Yetis.png","contentUrl":"https:\/\/epochtimestr.com\/wp-content\/uploads\/2011y\/Aysel-Ozcan-Yetis.png","width":750,"height":750},{"@type":"WebSite","@id":"https:\/\/epochtimestr.com\/#website","url":"https:\/\/epochtimestr.com\/","name":"The Epoch Times TR","description":"De\u011fi\u015fen D\u00fcnyam\u0131za Taze Bir Bak\u0131\u015f","publisher":{"@id":"https:\/\/epochtimestr.com\/#organization"},"potentialAction":[{"@type":"SearchAction","target":{"@type":"EntryPoint","urlTemplate":"https:\/\/epochtimestr.com\/?s={search_term_string}"},"query-input":"required name=search_term_string"}],"inLanguage":"tr"},{"@type":"Organization","@id":"https:\/\/epochtimestr.com\/#organization","name":"The EpochTimes T\u00fcrkiye","url":"https:\/\/epochtimestr.com\/","logo":{"@type":"ImageObject","inLanguage":"tr","@id":"https:\/\/epochtimestr.com\/#\/schema\/logo\/image\/","url":"https:\/\/epochtimestr.com\/wp-content\/uploads\/2011y\/ET-Logo-YG.jpg","contentUrl":"https:\/\/epochtimestr.com\/wp-content\/uploads\/2011y\/ET-Logo-YG.jpg","width":346,"height":29,"caption":"The EpochTimes T\u00fcrkiye"},"image":{"@id":"https:\/\/epochtimestr.com\/#\/schema\/logo\/image\/"},"sameAs":["https:\/\/www.facebook.com\/theepochtimestr","https:\/\/x.com\/TheEpochTimesTR","https:\/\/www.instagram.com\/epochtimestr"]},{"@type":"Person","@id":"https:\/\/epochtimestr.com\/#\/schema\/person\/8ac8c965e5072789ae94ce8df3878fad","name":"Aysel \u00d6zcan Yeti\u015f","image":{"@type":"ImageObject","inLanguage":"tr","@id":"https:\/\/epochtimestr.com\/#\/schema\/person\/image\/","url":"https:\/\/secure.gravatar.com\/avatar\/e05a79b1b2d145df9f842aa7f0e32ef2?s=96&d=mm&r=g","contentUrl":"https:\/\/secure.gravatar.com\/avatar\/e05a79b1b2d145df9f842aa7f0e32ef2?s=96&d=mm&r=g","caption":"Aysel \u00d6zcan Yeti\u015f"},"url":"https:\/\/epochtimestr.com\/index.php\/author\/aysel"}]}},"_links":{"self":[{"href":"https:\/\/epochtimestr.com\/index.php\/wp-json\/wp\/v2\/posts\/167704"}],"collection":[{"href":"https:\/\/epochtimestr.com\/index.php\/wp-json\/wp\/v2\/posts"}],"about":[{"href":"https:\/\/epochtimestr.com\/index.php\/wp-json\/wp\/v2\/types\/post"}],"author":[{"embeddable":true,"href":"https:\/\/epochtimestr.com\/index.php\/wp-json\/wp\/v2\/users\/14005"}],"replies":[{"embeddable":true,"href":"https:\/\/epochtimestr.com\/index.php\/wp-json\/wp\/v2\/comments?post=167704"}],"version-history":[{"count":2,"href":"https:\/\/epochtimestr.com\/index.php\/wp-json\/wp\/v2\/posts\/167704\/revisions"}],"predecessor-version":[{"id":167724,"href":"https:\/\/epochtimestr.com\/index.php\/wp-json\/wp\/v2\/posts\/167704\/revisions\/167724"}],"wp:featuredmedia":[{"embeddable":true,"href":"https:\/\/epochtimestr.com\/index.php\/wp-json\/wp\/v2\/media\/163897"}],"wp:attachment":[{"href":"https:\/\/epochtimestr.com\/index.php\/wp-json\/wp\/v2\/media?parent=167704"}],"wp:term":[{"taxonomy":"category","embeddable":true,"href":"https:\/\/epochtimestr.com\/index.php\/wp-json\/wp\/v2\/categories?post=167704"},{"taxonomy":"post_tag","embeddable":true,"href":"https:\/\/epochtimestr.com\/index.php\/wp-json\/wp\/v2\/tags?post=167704"}],"curies":[{"name":"wp","href":"https:\/\/api.w.org\/{rel}","templated":true}]}}