{"id":167717,"date":"2026-06-06T09:35:28","date_gmt":"2026-06-06T06:35:28","guid":{"rendered":"https:\/\/epochtimestr.com\/?p=167717"},"modified":"2026-06-06T09:35:29","modified_gmt":"2026-06-06T06:35:29","slug":"gelecek-icin-yasanabilir-bir-dunya-birakin","status":"publish","type":"post","link":"https:\/\/epochtimestr.com\/index.php\/gelecek-icin-yasanabilir-bir-dunya-birakin","title":{"rendered":"Gelecek \u0130\u00e7in Ya\u015fanabilir Bir D\u00fcnya B\u0131rak\u0131n"},"content":{"rendered":"\n<p>Do\u011fdu\u011fumdan beri topra\u011f\u0131n i\u00e7inde ya\u015fayan, \u00fcretimin ve do\u011fan\u0131n de\u011ferini bilen bir \u00e7ift\u00e7i kad\u0131n\u0131m. Toprak anayla birlikteyim. \u00c7evre konusunda i\u00e7tenlikle ve t\u00fcm g\u00fcc\u00fcmle m\u00fccadele i\u00e7indeyim.<\/p>\n\n\n\n<p>Her y\u0131l 5 Haziran\u2019da kutlanan D\u00fcnya \u00c7evre G\u00fcn\u00fc, asl\u0131nda bizlere yaln\u0131zca bir g\u00fcn\u00fc de\u011fil, b\u00fct\u00fcn bir ya\u015fam\u0131 hat\u0131rlatmaktad\u0131r. \u00c7\u00fcnk\u00fc \u00e7evre dedi\u011fimiz \u015fey, \u00fczerinde ya\u015fad\u0131\u011f\u0131m\u0131z toprak, i\u00e7ti\u011fimiz su, soludu\u011fumuz hava, g\u00f6lgesinde dinlendi\u011fimiz a\u011fa\u00e7 ve gelece\u011fimizi emanet edece\u011fimiz \u00e7ocuklar\u0131m\u0131z\u0131n yar\u0131nlar\u0131d\u0131r.<\/p>\n\n\n\n<div class=\"wp-block-columns is-layout-flex wp-container-core-columns-is-layout-1 wp-block-columns-is-layout-flex\">\n<div class=\"wp-block-column is-layout-flow wp-block-column-is-layout-flow\">\n<figure class=\"wp-block-image size-full\"><img loading=\"lazy\" decoding=\"async\" width=\"893\" height=\"1200\" src=\"https:\/\/epochtimestr.com\/wp-content\/uploads\/2011y\/signal-2026-06-06-075625.jpeg\" alt=\"\" class=\"wp-image-167718\" srcset=\"https:\/\/epochtimestr.com\/wp-content\/uploads\/2011y\/signal-2026-06-06-075625.jpeg 893w, https:\/\/epochtimestr.com\/wp-content\/uploads\/2011y\/signal-2026-06-06-075625-223x300.jpeg 223w, https:\/\/epochtimestr.com\/wp-content\/uploads\/2011y\/signal-2026-06-06-075625-112x150.jpeg 112w, https:\/\/epochtimestr.com\/wp-content\/uploads\/2011y\/signal-2026-06-06-075625-768x1032.jpeg 768w\" sizes=\"(max-width: 893px) 100vw, 893px\" \/><figcaption class=\"wp-element-caption\">Foto\u011fraflar: \u015eerife Eser<\/figcaption><\/figure>\n<\/div>\n\n\n\n<div class=\"wp-block-column is-layout-flow wp-block-column-is-layout-flow\">\n<figure class=\"wp-block-image size-full\"><img loading=\"lazy\" decoding=\"async\" width=\"893\" height=\"1200\" src=\"https:\/\/epochtimestr.com\/wp-content\/uploads\/2011y\/signal-2026-06-06-075703.jpeg\" alt=\"\" class=\"wp-image-167719\" srcset=\"https:\/\/epochtimestr.com\/wp-content\/uploads\/2011y\/signal-2026-06-06-075703.jpeg 893w, https:\/\/epochtimestr.com\/wp-content\/uploads\/2011y\/signal-2026-06-06-075703-223x300.jpeg 223w, https:\/\/epochtimestr.com\/wp-content\/uploads\/2011y\/signal-2026-06-06-075703-112x150.jpeg 112w, https:\/\/epochtimestr.com\/wp-content\/uploads\/2011y\/signal-2026-06-06-075703-768x1032.jpeg 768w\" sizes=\"(max-width: 893px) 100vw, 893px\" \/><\/figure>\n<\/div>\n<\/div>\n\n\n\n<p>Do\u011faya sahip \u00e7\u0131kmak bir tercih de\u011fil, bir zorunluluktur. \u0130nsan, do\u011fan\u0131n efendisi de\u011fil onun bir par\u00e7as\u0131d\u0131r. Topra\u011f\u0131 kirleten, suyu hoyrat\u00e7a t\u00fcketen, ormanlar\u0131 yok eden insan, asl\u0131nda kendi ya\u015fam alan\u0131n\u0131 da yok etmektedir.<\/p>\n\n\n\n<p>Bug\u00fcn d\u00fcnyam\u0131z iklim de\u011fi\u015fikli\u011fi, kurakl\u0131k, hava kirlili\u011fi, orman yang\u0131nlar\u0131 ve \u00e7evre felaketleriyle m\u00fccadele ediyor. Bir\u00e7ok canl\u0131 t\u00fcr\u00fc yok olma tehlikesiyle kar\u015f\u0131 kar\u015f\u0131ya kal\u0131rken, temiz su kaynaklar\u0131 her ge\u00e7en g\u00fcn azal\u0131yor. Oysa do\u011fa bizlere y\u00fczy\u0131llard\u0131r c\u00f6mert davranm\u0131\u015f, bereketini sunmu\u015f, ya\u015fam\u0131n devam\u0131n\u0131 sa\u011flam\u0131\u015ft\u0131r. \u015eimdi s\u0131ra bizdedir, do\u011faya olan borcumuzu \u00f6deme zaman\u0131d\u0131r.<\/p>\n\n\n\n<p>\u00c7ocuklu\u011fumuzda dereler daha berrak, ormanlar daha g\u00fcr, g\u00f6ky\u00fcz\u00fc daha maviydi. K\u00f6ylerde ku\u015f sesleriyle uyan\u0131r, temiz havay\u0131 ci\u011ferlerimize \u00e7ekerdik. Bug\u00fcn ise betonla\u015fman\u0131n artt\u0131\u011f\u0131, ye\u015fil alanlar\u0131n azald\u0131\u011f\u0131 bir d\u00fcnyada ya\u015f\u0131yoruz. Gelecek nesillerin de ayn\u0131 g\u00fczellikleri ya\u015fayabilmesi i\u00e7in bug\u00fcnden harekete ge\u00e7mek zorunday\u0131z.<\/p>\n\n\n\n<p>\u00c7evreyi korumak b\u00fcy\u00fck projelerle ba\u015flamaz. Bir a\u011fac\u0131 korumak, bir fidan dikmek, suyu tasarruflu kullanmak, \u00e7\u00f6pleri ayr\u0131\u015ft\u0131rmak, plastik t\u00fcketimini azaltmak bile \u00f6nemli bir ad\u0131md\u0131r. Her bireyin g\u00f6sterece\u011fi k\u00fc\u00e7\u00fck duyarl\u0131l\u0131klar, yar\u0131n\u0131n b\u00fcy\u00fck de\u011fi\u015fimlerini olu\u015fturacakt\u0131r.<\/p>\n\n\n\n<div class=\"wp-block-columns is-layout-flex wp-container-core-columns-is-layout-2 wp-block-columns-is-layout-flex\">\n<div class=\"wp-block-column is-layout-flow wp-block-column-is-layout-flow\">\n<figure class=\"wp-block-image size-full\"><img loading=\"lazy\" decoding=\"async\" width=\"762\" height=\"1024\" src=\"https:\/\/epochtimestr.com\/wp-content\/uploads\/2011y\/signal-2026-06-06-075703_002.jpeg\" alt=\"\" class=\"wp-image-167720\" srcset=\"https:\/\/epochtimestr.com\/wp-content\/uploads\/2011y\/signal-2026-06-06-075703_002.jpeg 762w, https:\/\/epochtimestr.com\/wp-content\/uploads\/2011y\/signal-2026-06-06-075703_002-223x300.jpeg 223w, https:\/\/epochtimestr.com\/wp-content\/uploads\/2011y\/signal-2026-06-06-075703_002-112x150.jpeg 112w\" sizes=\"(max-width: 762px) 100vw, 762px\" \/><figcaption class=\"wp-element-caption\">Foto\u011fraflar: \u015eerife Eser<\/figcaption><\/figure>\n<\/div>\n\n\n\n<div class=\"wp-block-column is-layout-flow wp-block-column-is-layout-flow\">\n<figure class=\"wp-block-image size-full\"><img loading=\"lazy\" decoding=\"async\" width=\"762\" height=\"1024\" src=\"https:\/\/epochtimestr.com\/wp-content\/uploads\/2011y\/signal-2026-06-06-075703_003.jpeg\" alt=\"\" class=\"wp-image-167721\" srcset=\"https:\/\/epochtimestr.com\/wp-content\/uploads\/2011y\/signal-2026-06-06-075703_003.jpeg 762w, https:\/\/epochtimestr.com\/wp-content\/uploads\/2011y\/signal-2026-06-06-075703_003-223x300.jpeg 223w, https:\/\/epochtimestr.com\/wp-content\/uploads\/2011y\/signal-2026-06-06-075703_003-112x150.jpeg 112w\" sizes=\"(max-width: 762px) 100vw, 762px\" \/><\/figure>\n<\/div>\n<\/div>\n\n\n\n<p>Unutmamal\u0131y\u0131z ki do\u011fa bize atalar\u0131m\u0131zdan miras kalmad\u0131, \u00e7ocuklar\u0131m\u0131zdan \u00f6d\u00fcn\u00e7 ald\u0131k. Bu nedenle \u00e7evremizi, topra\u011f\u0131m\u0131z\u0131, ta\u015f\u0131m\u0131z\u0131, orman\u0131m\u0131z\u0131, da\u011f\u0131m\u0131z\u0131, suyumuzu ve havam\u0131z\u0131 korumal\u0131y\u0131z. Koruyal\u0131m ki temiz bir d\u00fcnyam\u0131z olsun. Koruyal\u0131m ki yemye\u015fil ormanlar, berrak sular ve temiz bir g\u00f6ky\u00fcz\u00fc gelecek nesillere miras kals\u0131n.<\/p>\n\n\n\n<p>Daha ya\u015fanabilir bir d\u00fcnya b\u0131rakmak i\u00e7in bug\u00fcn ataca\u011f\u0131m\u0131z her ad\u0131m, yar\u0131nlar\u0131m\u0131z\u0131n umudu olacakt\u0131r.<\/p>\n\n\n\n<p>\u00c7\u00fcnk\u00fc do\u011fa susarsa, insanl\u0131k da susar.<\/p>\n\n\n\n<p>\u015eimdi \u00e7evremize sahip \u00e7\u0131kma zaman\u0131d\u0131r.<\/p>\n\n\n\n<p>\ud83c\udf3f\ud83d\udd4a\ufe0f<\/p>\n","protected":false},"excerpt":{"rendered":"<p>Do\u011fdu\u011fumdan beri topra\u011f\u0131n i\u00e7inde ya\u015fayan, \u00fcretimin ve do\u011fan\u0131n de\u011ferini bilen bir \u00e7ift\u00e7i kad\u0131n\u0131m. Toprak anayla birlikteyim. \u00c7evre konusunda i\u00e7tenlikle ve t\u00fcm g\u00fcc\u00fcmle m\u00fccadele i\u00e7indeyim. Her y\u0131l 5 Haziran\u2019da kutlanan D\u00fcnya \u00c7evre G\u00fcn\u00fc, asl\u0131nda bizlere yaln\u0131zca bir g\u00fcn\u00fc de\u011fil, b\u00fct\u00fcn bir ya\u015fam\u0131 hat\u0131rlatmaktad\u0131r. \u00c7\u00fcnk\u00fc \u00e7evre dedi\u011fimiz \u015fey, \u00fczerinde ya\u015fad\u0131\u011f\u0131m\u0131z toprak, i\u00e7ti\u011fimiz su, soludu\u011fumuz hava, g\u00f6lgesinde dinlendi\u011fimiz [&hellip;]<\/p>\n","protected":false},"author":13998,"featured_media":160116,"comment_status":"open","ping_status":"open","sticky":false,"template":"","format":"standard","meta":{"_yoast_wpseo_focuskw":"\u00c7evre","_yoast_wpseo_title":"","_yoast_wpseo_metadesc":"Do\u011fdu\u011fumdan beri topra\u011f\u0131n i\u00e7inde ya\u015fayan, do\u011fan\u0131n de\u011ferini bilen bir \u00e7ift\u00e7i kad\u0131n\u0131m. \u00c7evre konusunda t\u00fcm g\u00fcc\u00fcmle m\u00fccadele i\u00e7indeyim.","_bbp_topic_count":0,"_bbp_reply_count":0,"_bbp_total_topic_count":0,"_bbp_total_reply_count":0,"_bbp_voice_count":0,"_bbp_anonymous_reply_count":0,"_bbp_topic_count_hidden":0,"_bbp_reply_count_hidden":0,"_bbp_forum_subforum_count":0,"footnotes":"","_yoast_wpseo_focuskw_text_input":""},"categories":[8889],"tags":[],"yoast_head":"<!-- This site is optimized with the Yoast SEO plugin v23.0 - https:\/\/yoast.com\/wordpress\/plugins\/seo\/ -->\n<title>Gelecek \u0130\u00e7in Ya\u015fanabilir Bir D\u00fcnya B\u0131rak\u0131n - The Epoch Times TR<\/title>\n<meta name=\"description\" content=\"Do\u011fdu\u011fumdan beri topra\u011f\u0131n i\u00e7inde ya\u015fayan, do\u011fan\u0131n de\u011ferini bilen bir \u00e7ift\u00e7i kad\u0131n\u0131m. \u00c7evre konusunda t\u00fcm g\u00fcc\u00fcmle m\u00fccadele i\u00e7indeyim.\" \/>\n<meta name=\"robots\" content=\"index, follow, max-snippet:-1, max-image-preview:large, max-video-preview:-1\" \/>\n<link rel=\"canonical\" href=\"https:\/\/epochtimestr.com\/index.php\/gelecek-icin-yasanabilir-bir-dunya-birakin\" \/>\n<meta property=\"og:locale\" content=\"tr_TR\" \/>\n<meta property=\"og:type\" content=\"article\" \/>\n<meta property=\"og:title\" content=\"Gelecek \u0130\u00e7in Ya\u015fanabilir Bir D\u00fcnya B\u0131rak\u0131n - The Epoch Times TR\" \/>\n<meta property=\"og:description\" content=\"Do\u011fdu\u011fumdan beri topra\u011f\u0131n i\u00e7inde ya\u015fayan, do\u011fan\u0131n de\u011ferini bilen bir \u00e7ift\u00e7i kad\u0131n\u0131m. \u00c7evre konusunda t\u00fcm g\u00fcc\u00fcmle m\u00fccadele i\u00e7indeyim.\" \/>\n<meta property=\"og:url\" content=\"https:\/\/epochtimestr.com\/index.php\/gelecek-icin-yasanabilir-bir-dunya-birakin\" \/>\n<meta property=\"og:site_name\" content=\"The Epoch Times TR\" \/>\n<meta property=\"article:publisher\" content=\"https:\/\/www.facebook.com\/theepochtimestr\" \/>\n<meta property=\"article:published_time\" content=\"2026-06-06T06:35:28+00:00\" \/>\n<meta property=\"article:modified_time\" content=\"2026-06-06T06:35:29+00:00\" \/>\n<meta property=\"og:image\" content=\"https:\/\/epochtimestr.com\/wp-content\/uploads\/2011y\/SERIFE-ESER-SM.png\" \/>\n\t<meta property=\"og:image:width\" content=\"1200\" \/>\n\t<meta property=\"og:image:height\" content=\"630\" \/>\n\t<meta property=\"og:image:type\" content=\"image\/png\" \/>\n<meta name=\"author\" content=\"\u015eerife Eser\" \/>\n<meta name=\"twitter:card\" content=\"summary_large_image\" \/>\n<meta name=\"twitter:creator\" content=\"@TheEpochTimesTR\" \/>\n<meta name=\"twitter:site\" content=\"@TheEpochTimesTR\" \/>\n<meta name=\"twitter:label1\" content=\"Yazan:\" \/>\n\t<meta name=\"twitter:data1\" content=\"\u015eerife Eser\" \/>\n\t<meta name=\"twitter:label2\" content=\"Tahmini okuma s\u00fcresi\" \/>\n\t<meta name=\"twitter:data2\" content=\"3 dakika\" \/>\n<script type=\"application\/ld+json\" class=\"yoast-schema-graph\">{\"@context\":\"https:\/\/schema.org\",\"@graph\":[{\"@type\":\"Article\",\"@id\":\"https:\/\/epochtimestr.com\/index.php\/gelecek-icin-yasanabilir-bir-dunya-birakin#article\",\"isPartOf\":{\"@id\":\"https:\/\/epochtimestr.com\/index.php\/gelecek-icin-yasanabilir-bir-dunya-birakin\"},\"author\":{\"name\":\"\u015eerife Eser\",\"@id\":\"https:\/\/epochtimestr.com\/#\/schema\/person\/82b65a1390e2b0717a679b57ed38d466\"},\"headline\":\"Gelecek \u0130\u00e7in Ya\u015fanabilir Bir D\u00fcnya B\u0131rak\u0131n\",\"datePublished\":\"2026-06-06T06:35:28+00:00\",\"dateModified\":\"2026-06-06T06:35:29+00:00\",\"mainEntityOfPage\":{\"@id\":\"https:\/\/epochtimestr.com\/index.php\/gelecek-icin-yasanabilir-bir-dunya-birakin\"},\"wordCount\":475,\"commentCount\":0,\"publisher\":{\"@id\":\"https:\/\/epochtimestr.com\/#organization\"},\"image\":{\"@id\":\"https:\/\/epochtimestr.com\/index.php\/gelecek-icin-yasanabilir-bir-dunya-birakin#primaryimage\"},\"thumbnailUrl\":\"https:\/\/epochtimestr.com\/wp-content\/uploads\/2011y\/Serife-Eser-Profil-1.png\",\"articleSection\":[\"K\u00f6\u015fe Yaz\u0131lar\u0131 \u015eerife Eser\"],\"inLanguage\":\"tr\",\"potentialAction\":[{\"@type\":\"CommentAction\",\"name\":\"Comment\",\"target\":[\"https:\/\/epochtimestr.com\/index.php\/gelecek-icin-yasanabilir-bir-dunya-birakin#respond\"]}]},{\"@type\":\"WebPage\",\"@id\":\"https:\/\/epochtimestr.com\/index.php\/gelecek-icin-yasanabilir-bir-dunya-birakin\",\"url\":\"https:\/\/epochtimestr.com\/index.php\/gelecek-icin-yasanabilir-bir-dunya-birakin\",\"name\":\"Gelecek \u0130\u00e7in Ya\u015fanabilir Bir D\u00fcnya B\u0131rak\u0131n - The Epoch Times TR\",\"isPartOf\":{\"@id\":\"https:\/\/epochtimestr.com\/#website\"},\"primaryImageOfPage\":{\"@id\":\"https:\/\/epochtimestr.com\/index.php\/gelecek-icin-yasanabilir-bir-dunya-birakin#primaryimage\"},\"image\":{\"@id\":\"https:\/\/epochtimestr.com\/index.php\/gelecek-icin-yasanabilir-bir-dunya-birakin#primaryimage\"},\"thumbnailUrl\":\"https:\/\/epochtimestr.com\/wp-content\/uploads\/2011y\/Serife-Eser-Profil-1.png\",\"datePublished\":\"2026-06-06T06:35:28+00:00\",\"dateModified\":\"2026-06-06T06:35:29+00:00\",\"description\":\"Do\u011fdu\u011fumdan beri topra\u011f\u0131n i\u00e7inde ya\u015fayan, do\u011fan\u0131n de\u011ferini bilen bir \u00e7ift\u00e7i kad\u0131n\u0131m. \u00c7evre konusunda t\u00fcm g\u00fcc\u00fcmle m\u00fccadele i\u00e7indeyim.\",\"inLanguage\":\"tr\",\"potentialAction\":[{\"@type\":\"ReadAction\",\"target\":[\"https:\/\/epochtimestr.com\/index.php\/gelecek-icin-yasanabilir-bir-dunya-birakin\"]}]},{\"@type\":\"ImageObject\",\"inLanguage\":\"tr\",\"@id\":\"https:\/\/epochtimestr.com\/index.php\/gelecek-icin-yasanabilir-bir-dunya-birakin#primaryimage\",\"url\":\"https:\/\/epochtimestr.com\/wp-content\/uploads\/2011y\/Serife-Eser-Profil-1.png\",\"contentUrl\":\"https:\/\/epochtimestr.com\/wp-content\/uploads\/2011y\/Serife-Eser-Profil-1.png\",\"width\":600,\"height\":600},{\"@type\":\"WebSite\",\"@id\":\"https:\/\/epochtimestr.com\/#website\",\"url\":\"https:\/\/epochtimestr.com\/\",\"name\":\"The Epoch Times TR\",\"description\":\"De\u011fi\u015fen D\u00fcnyam\u0131za Taze Bir Bak\u0131\u015f\",\"publisher\":{\"@id\":\"https:\/\/epochtimestr.com\/#organization\"},\"potentialAction\":[{\"@type\":\"SearchAction\",\"target\":{\"@type\":\"EntryPoint\",\"urlTemplate\":\"https:\/\/epochtimestr.com\/?s={search_term_string}\"},\"query-input\":\"required name=search_term_string\"}],\"inLanguage\":\"tr\"},{\"@type\":\"Organization\",\"@id\":\"https:\/\/epochtimestr.com\/#organization\",\"name\":\"The EpochTimes T\u00fcrkiye\",\"url\":\"https:\/\/epochtimestr.com\/\",\"logo\":{\"@type\":\"ImageObject\",\"inLanguage\":\"tr\",\"@id\":\"https:\/\/epochtimestr.com\/#\/schema\/logo\/image\/\",\"url\":\"https:\/\/epochtimestr.com\/wp-content\/uploads\/2011y\/ET-Logo-YG.jpg\",\"contentUrl\":\"https:\/\/epochtimestr.com\/wp-content\/uploads\/2011y\/ET-Logo-YG.jpg\",\"width\":346,\"height\":29,\"caption\":\"The EpochTimes T\u00fcrkiye\"},\"image\":{\"@id\":\"https:\/\/epochtimestr.com\/#\/schema\/logo\/image\/\"},\"sameAs\":[\"https:\/\/www.facebook.com\/theepochtimestr\",\"https:\/\/x.com\/TheEpochTimesTR\",\"https:\/\/www.instagram.com\/epochtimestr\"]},{\"@type\":\"Person\",\"@id\":\"https:\/\/epochtimestr.com\/#\/schema\/person\/82b65a1390e2b0717a679b57ed38d466\",\"name\":\"\u015eerife Eser\",\"image\":{\"@type\":\"ImageObject\",\"inLanguage\":\"tr\",\"@id\":\"https:\/\/epochtimestr.com\/#\/schema\/person\/image\/\",\"url\":\"https:\/\/secure.gravatar.com\/avatar\/240b2d469e089f3ae0f677fcc7925228?s=96&d=mm&r=g\",\"contentUrl\":\"https:\/\/secure.gravatar.com\/avatar\/240b2d469e089f3ae0f677fcc7925228?s=96&d=mm&r=g\",\"caption\":\"\u015eerife Eser\"},\"url\":\"https:\/\/epochtimestr.com\/index.php\/author\/serife\"}]}<\/script>\n<!-- \/ Yoast SEO plugin. -->","yoast_head_json":{"title":"Gelecek \u0130\u00e7in Ya\u015fanabilir Bir D\u00fcnya B\u0131rak\u0131n - The Epoch Times TR","description":"Do\u011fdu\u011fumdan beri topra\u011f\u0131n i\u00e7inde ya\u015fayan, do\u011fan\u0131n de\u011ferini bilen bir \u00e7ift\u00e7i kad\u0131n\u0131m. \u00c7evre konusunda t\u00fcm g\u00fcc\u00fcmle m\u00fccadele i\u00e7indeyim.","robots":{"index":"index","follow":"follow","max-snippet":"max-snippet:-1","max-image-preview":"max-image-preview:large","max-video-preview":"max-video-preview:-1"},"canonical":"https:\/\/epochtimestr.com\/index.php\/gelecek-icin-yasanabilir-bir-dunya-birakin","og_locale":"tr_TR","og_type":"article","og_title":"Gelecek \u0130\u00e7in Ya\u015fanabilir Bir D\u00fcnya B\u0131rak\u0131n - The Epoch Times TR","og_description":"Do\u011fdu\u011fumdan beri topra\u011f\u0131n i\u00e7inde ya\u015fayan, do\u011fan\u0131n de\u011ferini bilen bir \u00e7ift\u00e7i kad\u0131n\u0131m. \u00c7evre konusunda t\u00fcm g\u00fcc\u00fcmle m\u00fccadele i\u00e7indeyim.","og_url":"https:\/\/epochtimestr.com\/index.php\/gelecek-icin-yasanabilir-bir-dunya-birakin","og_site_name":"The Epoch Times TR","article_publisher":"https:\/\/www.facebook.com\/theepochtimestr","article_published_time":"2026-06-06T06:35:28+00:00","article_modified_time":"2026-06-06T06:35:29+00:00","og_image":[{"width":1200,"height":630,"url":"https:\/\/epochtimestr.com\/wp-content\/uploads\/2011y\/SERIFE-ESER-SM.png","type":"image\/png"}],"author":"\u015eerife Eser","twitter_card":"summary_large_image","twitter_creator":"@TheEpochTimesTR","twitter_site":"@TheEpochTimesTR","twitter_misc":{"Yazan:":"\u015eerife Eser","Tahmini okuma s\u00fcresi":"3 dakika"},"schema":{"@context":"https:\/\/schema.org","@graph":[{"@type":"Article","@id":"https:\/\/epochtimestr.com\/index.php\/gelecek-icin-yasanabilir-bir-dunya-birakin#article","isPartOf":{"@id":"https:\/\/epochtimestr.com\/index.php\/gelecek-icin-yasanabilir-bir-dunya-birakin"},"author":{"name":"\u015eerife Eser","@id":"https:\/\/epochtimestr.com\/#\/schema\/person\/82b65a1390e2b0717a679b57ed38d466"},"headline":"Gelecek \u0130\u00e7in Ya\u015fanabilir Bir D\u00fcnya B\u0131rak\u0131n","datePublished":"2026-06-06T06:35:28+00:00","dateModified":"2026-06-06T06:35:29+00:00","mainEntityOfPage":{"@id":"https:\/\/epochtimestr.com\/index.php\/gelecek-icin-yasanabilir-bir-dunya-birakin"},"wordCount":475,"commentCount":0,"publisher":{"@id":"https:\/\/epochtimestr.com\/#organization"},"image":{"@id":"https:\/\/epochtimestr.com\/index.php\/gelecek-icin-yasanabilir-bir-dunya-birakin#primaryimage"},"thumbnailUrl":"https:\/\/epochtimestr.com\/wp-content\/uploads\/2011y\/Serife-Eser-Profil-1.png","articleSection":["K\u00f6\u015fe Yaz\u0131lar\u0131 \u015eerife Eser"],"inLanguage":"tr","potentialAction":[{"@type":"CommentAction","name":"Comment","target":["https:\/\/epochtimestr.com\/index.php\/gelecek-icin-yasanabilir-bir-dunya-birakin#respond"]}]},{"@type":"WebPage","@id":"https:\/\/epochtimestr.com\/index.php\/gelecek-icin-yasanabilir-bir-dunya-birakin","url":"https:\/\/epochtimestr.com\/index.php\/gelecek-icin-yasanabilir-bir-dunya-birakin","name":"Gelecek \u0130\u00e7in Ya\u015fanabilir Bir D\u00fcnya B\u0131rak\u0131n - The Epoch Times TR","isPartOf":{"@id":"https:\/\/epochtimestr.com\/#website"},"primaryImageOfPage":{"@id":"https:\/\/epochtimestr.com\/index.php\/gelecek-icin-yasanabilir-bir-dunya-birakin#primaryimage"},"image":{"@id":"https:\/\/epochtimestr.com\/index.php\/gelecek-icin-yasanabilir-bir-dunya-birakin#primaryimage"},"thumbnailUrl":"https:\/\/epochtimestr.com\/wp-content\/uploads\/2011y\/Serife-Eser-Profil-1.png","datePublished":"2026-06-06T06:35:28+00:00","dateModified":"2026-06-06T06:35:29+00:00","description":"Do\u011fdu\u011fumdan beri topra\u011f\u0131n i\u00e7inde ya\u015fayan, do\u011fan\u0131n de\u011ferini bilen bir \u00e7ift\u00e7i kad\u0131n\u0131m. \u00c7evre konusunda t\u00fcm g\u00fcc\u00fcmle m\u00fccadele i\u00e7indeyim.","inLanguage":"tr","potentialAction":[{"@type":"ReadAction","target":["https:\/\/epochtimestr.com\/index.php\/gelecek-icin-yasanabilir-bir-dunya-birakin"]}]},{"@type":"ImageObject","inLanguage":"tr","@id":"https:\/\/epochtimestr.com\/index.php\/gelecek-icin-yasanabilir-bir-dunya-birakin#primaryimage","url":"https:\/\/epochtimestr.com\/wp-content\/uploads\/2011y\/Serife-Eser-Profil-1.png","contentUrl":"https:\/\/epochtimestr.com\/wp-content\/uploads\/2011y\/Serife-Eser-Profil-1.png","width":600,"height":600},{"@type":"WebSite","@id":"https:\/\/epochtimestr.com\/#website","url":"https:\/\/epochtimestr.com\/","name":"The Epoch Times TR","description":"De\u011fi\u015fen D\u00fcnyam\u0131za Taze Bir Bak\u0131\u015f","publisher":{"@id":"https:\/\/epochtimestr.com\/#organization"},"potentialAction":[{"@type":"SearchAction","target":{"@type":"EntryPoint","urlTemplate":"https:\/\/epochtimestr.com\/?s={search_term_string}"},"query-input":"required name=search_term_string"}],"inLanguage":"tr"},{"@type":"Organization","@id":"https:\/\/epochtimestr.com\/#organization","name":"The EpochTimes T\u00fcrkiye","url":"https:\/\/epochtimestr.com\/","logo":{"@type":"ImageObject","inLanguage":"tr","@id":"https:\/\/epochtimestr.com\/#\/schema\/logo\/image\/","url":"https:\/\/epochtimestr.com\/wp-content\/uploads\/2011y\/ET-Logo-YG.jpg","contentUrl":"https:\/\/epochtimestr.com\/wp-content\/uploads\/2011y\/ET-Logo-YG.jpg","width":346,"height":29,"caption":"The EpochTimes T\u00fcrkiye"},"image":{"@id":"https:\/\/epochtimestr.com\/#\/schema\/logo\/image\/"},"sameAs":["https:\/\/www.facebook.com\/theepochtimestr","https:\/\/x.com\/TheEpochTimesTR","https:\/\/www.instagram.com\/epochtimestr"]},{"@type":"Person","@id":"https:\/\/epochtimestr.com\/#\/schema\/person\/82b65a1390e2b0717a679b57ed38d466","name":"\u015eerife Eser","image":{"@type":"ImageObject","inLanguage":"tr","@id":"https:\/\/epochtimestr.com\/#\/schema\/person\/image\/","url":"https:\/\/secure.gravatar.com\/avatar\/240b2d469e089f3ae0f677fcc7925228?s=96&d=mm&r=g","contentUrl":"https:\/\/secure.gravatar.com\/avatar\/240b2d469e089f3ae0f677fcc7925228?s=96&d=mm&r=g","caption":"\u015eerife Eser"},"url":"https:\/\/epochtimestr.com\/index.php\/author\/serife"}]}},"_links":{"self":[{"href":"https:\/\/epochtimestr.com\/index.php\/wp-json\/wp\/v2\/posts\/167717"}],"collection":[{"href":"https:\/\/epochtimestr.com\/index.php\/wp-json\/wp\/v2\/posts"}],"about":[{"href":"https:\/\/epochtimestr.com\/index.php\/wp-json\/wp\/v2\/types\/post"}],"author":[{"embeddable":true,"href":"https:\/\/epochtimestr.com\/index.php\/wp-json\/wp\/v2\/users\/13998"}],"replies":[{"embeddable":true,"href":"https:\/\/epochtimestr.com\/index.php\/wp-json\/wp\/v2\/comments?post=167717"}],"version-history":[{"count":1,"href":"https:\/\/epochtimestr.com\/index.php\/wp-json\/wp\/v2\/posts\/167717\/revisions"}],"predecessor-version":[{"id":167722,"href":"https:\/\/epochtimestr.com\/index.php\/wp-json\/wp\/v2\/posts\/167717\/revisions\/167722"}],"wp:featuredmedia":[{"embeddable":true,"href":"https:\/\/epochtimestr.com\/index.php\/wp-json\/wp\/v2\/media\/160116"}],"wp:attachment":[{"href":"https:\/\/epochtimestr.com\/index.php\/wp-json\/wp\/v2\/media?parent=167717"}],"wp:term":[{"taxonomy":"category","embeddable":true,"href":"https:\/\/epochtimestr.com\/index.php\/wp-json\/wp\/v2\/categories?post=167717"},{"taxonomy":"post_tag","embeddable":true,"href":"https:\/\/epochtimestr.com\/index.php\/wp-json\/wp\/v2\/tags?post=167717"}],"curies":[{"name":"wp","href":"https:\/\/api.w.org\/{rel}","templated":true}]}}