{"id":167725,"date":"2026-06-07T07:00:00","date_gmt":"2026-06-07T04:00:00","guid":{"rendered":"https:\/\/epochtimestr.com\/?p=167725"},"modified":"2026-06-06T22:03:06","modified_gmt":"2026-06-06T19:03:06","slug":"iyilik-yaparken-can-yakmayin","status":"publish","type":"post","link":"https:\/\/epochtimestr.com\/index.php\/iyilik-yaparken-can-yakmayin","title":{"rendered":"\u0130yilik Yaparken Can Yakmay\u0131n"},"content":{"rendered":"\n<p>Sanayide, at\u00f6lyede ya da bir in\u015faat \u015fantiyesinde aniden yank\u0131lanan o \u00e7\u0131\u011fl\u0131k sesini hi\u00e7birimiz duymak istemeyiz. \u0130\u015f kazas\u0131, hayat\u0131n en ac\u0131 ve en \u00e7\u0131plak ger\u00e7eklerinden biridir. O an zaman durur, adrenalin tavan yapar ve \u00e7evredeki herkes refleks olarak tek bir duyguyla hareket eder: \u201cBir \u015feyler yapmal\u0131y\u0131m, yard\u0131m etmeliyim!\u201d<\/p>\n\n\n\n<p>\u0130\u015fte tam bu k\u0131r\u0131lma noktas\u0131nda, kalbimizdeki iyilik duygusu, e\u011fer ak\u0131l ve do\u011fru bilgiyle bulu\u015fmazsa, ikinci bir kazaya \u2013 belki de kal\u0131c\u0131 bir felakete \u2013 davetiye \u00e7\u0131kar\u0131r.<\/p>\n\n\n\n<p>\u00c7ok net ve ac\u0131 bir ger\u00e7e\u011fi ortaya koyal\u0131m: Yanl\u0131\u015f yap\u0131lan ilk yard\u0131m, kazan\u0131n kendisinden daha \u00f6ld\u00fcr\u00fcc\u00fcd\u00fcr.<\/p>\n\n\n\n<p><strong>Kahraman Olmaya \u00c7al\u0131\u015f\u0131rken Sakat B\u0131rakmak<\/strong><\/p>\n\n\n\n<p>Bizler millet olarak yard\u0131mla\u015fmay\u0131 severiz. Ancak ilk yard\u0131m, \u201ckulaktan dolma\u201d bilgilerle ya da \u201cbence \u015f\u00f6yle yap\u0131lmal\u0131\u201d mant\u0131\u011f\u0131yla y\u00fcr\u00fct\u00fclecek bir s\u00fcre\u00e7 de\u011fildir. \u0130\u015f kazalar\u0131nda iyi niyetle yap\u0131lan ama sonu\u00e7lar\u0131 a\u011f\u0131r olan o kadar \u00e7ok hata var ki&#8230;<\/p>\n\n\n\n<ul>\n<li>Uzuv Kopmalar\u0131nda Yap\u0131lan Hatalar: Pres makinelerinde veya kesici aletlerde ya\u015fanan uzuv kay\u0131plar\u0131nda, kopan par\u00e7ay\u0131 alelade bir buz torbas\u0131na do\u011frudan atmak, o dokuyu tamamen \u00f6ld\u00fcr\u00fcr. Ya da turnikeyi bilin\u00e7sizce, saatlerce s\u0131karak uygulamak, sa\u011flam dokular\u0131n da kangren olmas\u0131na yol a\u00e7ar.<\/li>\n\n\n\n<li>D\u00fc\u015fmelerde Apar Topar Kald\u0131rma Tela\u015f\u0131: Y\u00fcksekten d\u00fc\u015fen veya \u00fczerine a\u011f\u0131r bir malzeme devrilen bir i\u015f\u00e7iyi, \u201cAman yerde kalmas\u0131n\u201d diye hemen kucaklay\u0131p kald\u0131rmaya \u00e7al\u0131\u015fmak&#8230; Belki de omurili\u011finde k\u00fc\u00e7\u00fck bir \u00e7atlak olan o insan\u0131, s\u0131rf bu ani hareket y\u00fcz\u00fcnden \u00f6m\u00fcr boyu tekerlekli sandalyeye mahk\u00fbm etti\u011fimizi fark etmiyoruz.<\/li>\n\n\n\n<li>Kimyasal ve Yan\u0131klara \u201cKocakar\u0131 \u0130la\u00e7lar\u0131\u201d S\u00fcrmek: Sanayide ya\u015fanan yan\u0131klara sal\u00e7a, di\u015f macunu veya yo\u011furt s\u00fcrme devri \u00e7oktan kapanm\u0131\u015f olmal\u0131yd\u0131. Oysa h\u00e2l\u00e2 bu y\u00f6ntemlerle enfeksiyonu derinle\u015ftiren, yaray\u0131 mikrop yuvas\u0131na \u00e7eviren uygulamalar g\u00f6r\u00fcyoruz.<\/li>\n<\/ul>\n\n\n\n<p>Unutmay\u0131n: \u0130lk yard\u0131m\u0131n birinci kural\u0131 \u201c\u00d6nce zarar verme!\u201d ilkesidir. E\u011fer ne yapaca\u011f\u0131n\u0131z\u0131 kesin olarak bilmiyorsan\u0131z, en b\u00fcy\u00fck yard\u0131m\u0131n\u0131z hi\u00e7bir \u015feye dokunmamak ve profesyonel ekipleri beklemektir.<\/p>\n\n\n\n<p><strong>\u00c7\u00f6z\u00fcm Nerede?<\/strong><\/p>\n\n\n\n<p>\u0130\u015f yerlerinde kazalar\u0131 \u00f6nlemek ilk g\u00f6revimizdir, i\u015f g\u00fcvenli\u011fi tedbirleri bunun i\u00e7in vard\u0131r. Ancak kaza ka\u00e7\u0131n\u0131lmaz bir \u015fekilde ger\u00e7ekle\u015fti\u011finde, do\u011fru m\u00fcdahaleyi yapacak e\u011fitimli kadrolar\u0131n varl\u0131\u011f\u0131 hayati \u00f6nem ta\u015f\u0131r.<\/p>\n\n\n\n<ol>\n<li>Sadece Ka\u011f\u0131t \u00dcst\u00fcnde Kalmayan E\u011fitimler: \u0130lk yard\u0131m e\u011fitimi, sadece sertifika almak i\u00e7in ge\u00e7ilen bir prosed\u00fcr olmamal\u0131d\u0131r. Sanayi sitelerindeki her at\u00f6lyede, her vardiyada en az birka\u00e7 ki\u015finin bu e\u011fitimi canl\u0131, uygulamal\u0131 ve g\u00fcncel olarak almas\u0131 \u015fartt\u0131r.<\/li>\n\n\n\n<li>So\u011fukkanl\u0131l\u0131k ve Koordinasyon: Kaza an\u0131nda panik en b\u00fcy\u00fck d\u00fc\u015fmand\u0131r. Kimin 112\u2019yi arayaca\u011f\u0131, kimin \u00e7evre g\u00fcvenli\u011fini alaca\u011f\u0131 ve kimin yaral\u0131ya m\u00fcdahale edece\u011fi \u00f6nceden sim\u00fcle edilmelidir.<\/li>\n\n\n\n<li>\u0130lk yard\u0131m Dolaplar\u0131n\u0131n G\u00fcncelli\u011fi: Tozlu raflarda unutulmu\u015f, i\u00e7i bo\u015falm\u0131\u015f veya son kullanma tarihi ge\u00e7mi\u015f malzemelerle dolu bir ilk yard\u0131m \u00e7antas\u0131, ac\u0131 bir s\u00fcsten ba\u015fka bir \u015fey de\u011fildir.<\/li>\n<\/ol>\n\n\n\n<p>Bir \u00e7al\u0131\u015fma arkada\u015f\u0131m\u0131z\u0131n, bir ustan\u0131n ya da \u00e7\u0131ra\u011f\u0131n hayat\u0131; kulaktan dolma bilgilere emanet edilemeyecek kadar de\u011ferlidir. \u0130\u015f kazas\u0131 sonras\u0131 yanl\u0131\u015f bir m\u00fcdahaleyle bir hayat\u0131n s\u00f6nmesine neden olman\u0131n vicdani y\u00fck\u00fc, \u00f6m\u00fcr boyu ta\u015f\u0131namaz.<\/p>\n\n\n\n<p>Gelin, sanayimizde ve i\u015f yerlerimizde sadece i\u015fimizi de\u011fil, ilk yard\u0131m bilincimizi de profesyonelle\u015ftirelim. Do\u011fru bilginin hayat kurtard\u0131\u011f\u0131n\u0131, kulaktan dolma bilginin ise can ald\u0131\u011f\u0131n\u0131 asla unutmayal\u0131m.<\/p>\n\n\n\n<p>Unutmay\u0131n: bilin\u00e7siz yard\u0131m, yard\u0131m de\u011fil; istemeden de olsa k\u00f6t\u00fcl\u00fckt\u00fcr.<\/p>\n","protected":false},"excerpt":{"rendered":"<p>Sanayide, at\u00f6lyede ya da bir in\u015faat \u015fantiyesinde aniden yank\u0131lanan o \u00e7\u0131\u011fl\u0131k sesini hi\u00e7birimiz duymak istemeyiz. \u0130\u015f kazas\u0131, hayat\u0131n en ac\u0131 ve en \u00e7\u0131plak ger\u00e7eklerinden biridir. O an zaman durur, adrenalin tavan yapar ve \u00e7evredeki herkes refleks olarak tek bir duyguyla hareket eder: \u201cBir \u015feyler yapmal\u0131y\u0131m, yard\u0131m etmeliyim!\u201d \u0130\u015fte tam bu k\u0131r\u0131lma noktas\u0131nda, kalbimizdeki iyilik duygusu, [&hellip;]<\/p>\n","protected":false},"author":14013,"featured_media":167144,"comment_status":"open","ping_status":"open","sticky":false,"template":"","format":"standard","meta":{"_yoast_wpseo_focuskw":"\u0130lk yard\u0131m","_yoast_wpseo_title":"","_yoast_wpseo_metadesc":"\u0130lk yard\u0131m, \u201ckulaktan dolma\u201d bilgilerle ya da \u201cbence \u015f\u00f6yle yap\u0131lmal\u0131\u201d mant\u0131\u011f\u0131yla y\u00fcr\u00fct\u00fclecek bir s\u00fcre\u00e7 de\u011fildir.","_bbp_topic_count":0,"_bbp_reply_count":0,"_bbp_total_topic_count":0,"_bbp_total_reply_count":0,"_bbp_voice_count":0,"_bbp_anonymous_reply_count":0,"_bbp_topic_count_hidden":0,"_bbp_reply_count_hidden":0,"_bbp_forum_subforum_count":0,"footnotes":"","_yoast_wpseo_focuskw_text_input":""},"categories":[11361],"tags":[],"yoast_head":"<!-- This site is optimized with the Yoast SEO plugin v23.0 - https:\/\/yoast.com\/wordpress\/plugins\/seo\/ -->\n<title>\u0130yilik Yaparken Can Yakmay\u0131n - The Epoch Times TR<\/title>\n<meta name=\"description\" content=\"\u0130lk yard\u0131m, \u201ckulaktan dolma\u201d bilgilerle ya da \u201cbence \u015f\u00f6yle yap\u0131lmal\u0131\u201d mant\u0131\u011f\u0131yla y\u00fcr\u00fct\u00fclecek bir s\u00fcre\u00e7 de\u011fildir.\" \/>\n<meta name=\"robots\" content=\"index, follow, max-snippet:-1, max-image-preview:large, max-video-preview:-1\" \/>\n<link rel=\"canonical\" href=\"https:\/\/epochtimestr.com\/index.php\/iyilik-yaparken-can-yakmayin\" \/>\n<meta property=\"og:locale\" content=\"tr_TR\" \/>\n<meta property=\"og:type\" content=\"article\" \/>\n<meta property=\"og:title\" content=\"\u0130yilik Yaparken Can Yakmay\u0131n - The Epoch Times TR\" \/>\n<meta property=\"og:description\" content=\"\u0130lk yard\u0131m, \u201ckulaktan dolma\u201d bilgilerle ya da \u201cbence \u015f\u00f6yle yap\u0131lmal\u0131\u201d mant\u0131\u011f\u0131yla y\u00fcr\u00fct\u00fclecek bir s\u00fcre\u00e7 de\u011fildir.\" \/>\n<meta property=\"og:url\" content=\"https:\/\/epochtimestr.com\/index.php\/iyilik-yaparken-can-yakmayin\" \/>\n<meta property=\"og:site_name\" content=\"The Epoch Times TR\" \/>\n<meta property=\"article:publisher\" content=\"https:\/\/www.facebook.com\/theepochtimestr\" \/>\n<meta property=\"article:published_time\" content=\"2026-06-07T04:00:00+00:00\" \/>\n<meta property=\"article:modified_time\" content=\"2026-06-06T19:03:06+00:00\" \/>\n<meta property=\"og:image\" content=\"https:\/\/epochtimestr.com\/wp-content\/uploads\/2011y\/ali-kekliktepe-SM.jpeg\" \/>\n\t<meta property=\"og:image:width\" content=\"1200\" \/>\n\t<meta property=\"og:image:height\" content=\"630\" \/>\n\t<meta property=\"og:image:type\" content=\"image\/jpeg\" \/>\n<meta name=\"author\" content=\"Ali Kekliktepe\" \/>\n<meta name=\"twitter:card\" content=\"summary_large_image\" \/>\n<meta name=\"twitter:creator\" content=\"@TheEpochTimesTR\" \/>\n<meta name=\"twitter:site\" content=\"@TheEpochTimesTR\" \/>\n<meta name=\"twitter:label1\" content=\"Yazan:\" \/>\n\t<meta name=\"twitter:data1\" content=\"Ali Kekliktepe\" \/>\n\t<meta name=\"twitter:label2\" content=\"Tahmini okuma s\u00fcresi\" \/>\n\t<meta name=\"twitter:data2\" content=\"3 dakika\" \/>\n<script type=\"application\/ld+json\" class=\"yoast-schema-graph\">{\"@context\":\"https:\/\/schema.org\",\"@graph\":[{\"@type\":\"Article\",\"@id\":\"https:\/\/epochtimestr.com\/index.php\/iyilik-yaparken-can-yakmayin#article\",\"isPartOf\":{\"@id\":\"https:\/\/epochtimestr.com\/index.php\/iyilik-yaparken-can-yakmayin\"},\"author\":{\"name\":\"Ali Kekliktepe\",\"@id\":\"https:\/\/epochtimestr.com\/#\/schema\/person\/da94a416fed1aed029d0a47e85673b95\"},\"headline\":\"\u0130yilik Yaparken Can Yakmay\u0131n\",\"datePublished\":\"2026-06-07T04:00:00+00:00\",\"dateModified\":\"2026-06-06T19:03:06+00:00\",\"mainEntityOfPage\":{\"@id\":\"https:\/\/epochtimestr.com\/index.php\/iyilik-yaparken-can-yakmayin\"},\"wordCount\":644,\"commentCount\":0,\"publisher\":{\"@id\":\"https:\/\/epochtimestr.com\/#organization\"},\"image\":{\"@id\":\"https:\/\/epochtimestr.com\/index.php\/iyilik-yaparken-can-yakmayin#primaryimage\"},\"thumbnailUrl\":\"https:\/\/epochtimestr.com\/wp-content\/uploads\/2011y\/Ali-Kekliktepe.jpg\",\"articleSection\":[\"K\u00f6\u015fe Yaz\u0131lar\u0131 Ali Kekliktepe\"],\"inLanguage\":\"tr\",\"potentialAction\":[{\"@type\":\"CommentAction\",\"name\":\"Comment\",\"target\":[\"https:\/\/epochtimestr.com\/index.php\/iyilik-yaparken-can-yakmayin#respond\"]}]},{\"@type\":\"WebPage\",\"@id\":\"https:\/\/epochtimestr.com\/index.php\/iyilik-yaparken-can-yakmayin\",\"url\":\"https:\/\/epochtimestr.com\/index.php\/iyilik-yaparken-can-yakmayin\",\"name\":\"\u0130yilik Yaparken Can Yakmay\u0131n - The Epoch Times TR\",\"isPartOf\":{\"@id\":\"https:\/\/epochtimestr.com\/#website\"},\"primaryImageOfPage\":{\"@id\":\"https:\/\/epochtimestr.com\/index.php\/iyilik-yaparken-can-yakmayin#primaryimage\"},\"image\":{\"@id\":\"https:\/\/epochtimestr.com\/index.php\/iyilik-yaparken-can-yakmayin#primaryimage\"},\"thumbnailUrl\":\"https:\/\/epochtimestr.com\/wp-content\/uploads\/2011y\/Ali-Kekliktepe.jpg\",\"datePublished\":\"2026-06-07T04:00:00+00:00\",\"dateModified\":\"2026-06-06T19:03:06+00:00\",\"description\":\"\u0130lk yard\u0131m, \u201ckulaktan dolma\u201d bilgilerle ya da \u201cbence \u015f\u00f6yle yap\u0131lmal\u0131\u201d mant\u0131\u011f\u0131yla y\u00fcr\u00fct\u00fclecek bir s\u00fcre\u00e7 de\u011fildir.\",\"inLanguage\":\"tr\",\"potentialAction\":[{\"@type\":\"ReadAction\",\"target\":[\"https:\/\/epochtimestr.com\/index.php\/iyilik-yaparken-can-yakmayin\"]}]},{\"@type\":\"ImageObject\",\"inLanguage\":\"tr\",\"@id\":\"https:\/\/epochtimestr.com\/index.php\/iyilik-yaparken-can-yakmayin#primaryimage\",\"url\":\"https:\/\/epochtimestr.com\/wp-content\/uploads\/2011y\/Ali-Kekliktepe.jpg\",\"contentUrl\":\"https:\/\/epochtimestr.com\/wp-content\/uploads\/2011y\/Ali-Kekliktepe.jpg\",\"width\":600,\"height\":600},{\"@type\":\"WebSite\",\"@id\":\"https:\/\/epochtimestr.com\/#website\",\"url\":\"https:\/\/epochtimestr.com\/\",\"name\":\"The Epoch Times TR\",\"description\":\"De\u011fi\u015fen D\u00fcnyam\u0131za Taze Bir Bak\u0131\u015f\",\"publisher\":{\"@id\":\"https:\/\/epochtimestr.com\/#organization\"},\"potentialAction\":[{\"@type\":\"SearchAction\",\"target\":{\"@type\":\"EntryPoint\",\"urlTemplate\":\"https:\/\/epochtimestr.com\/?s={search_term_string}\"},\"query-input\":\"required name=search_term_string\"}],\"inLanguage\":\"tr\"},{\"@type\":\"Organization\",\"@id\":\"https:\/\/epochtimestr.com\/#organization\",\"name\":\"The EpochTimes T\u00fcrkiye\",\"url\":\"https:\/\/epochtimestr.com\/\",\"logo\":{\"@type\":\"ImageObject\",\"inLanguage\":\"tr\",\"@id\":\"https:\/\/epochtimestr.com\/#\/schema\/logo\/image\/\",\"url\":\"https:\/\/epochtimestr.com\/wp-content\/uploads\/2011y\/ET-Logo-YG.jpg\",\"contentUrl\":\"https:\/\/epochtimestr.com\/wp-content\/uploads\/2011y\/ET-Logo-YG.jpg\",\"width\":346,\"height\":29,\"caption\":\"The EpochTimes T\u00fcrkiye\"},\"image\":{\"@id\":\"https:\/\/epochtimestr.com\/#\/schema\/logo\/image\/\"},\"sameAs\":[\"https:\/\/www.facebook.com\/theepochtimestr\",\"https:\/\/x.com\/TheEpochTimesTR\",\"https:\/\/www.instagram.com\/epochtimestr\"]},{\"@type\":\"Person\",\"@id\":\"https:\/\/epochtimestr.com\/#\/schema\/person\/da94a416fed1aed029d0a47e85673b95\",\"name\":\"Ali Kekliktepe\",\"image\":{\"@type\":\"ImageObject\",\"inLanguage\":\"tr\",\"@id\":\"https:\/\/epochtimestr.com\/#\/schema\/person\/image\/\",\"url\":\"https:\/\/secure.gravatar.com\/avatar\/6c965c3fc374c8f4af759baef4f38bcd?s=96&d=mm&r=g\",\"contentUrl\":\"https:\/\/secure.gravatar.com\/avatar\/6c965c3fc374c8f4af759baef4f38bcd?s=96&d=mm&r=g\",\"caption\":\"Ali Kekliktepe\"},\"description\":\"Ben Ali Kekliktepe; hayat\u0131n\u0131 \u00f6\u011frenmeye, \u00f6\u011fretmeye ve toplumsal fayda yaratmaya adam\u0131\u015f bir yazar ve profesyonelim. Kalemi sadece ka\u011f\u0131da dokunan bir ara\u00e7 de\u011fil, toplumun aksayan y\u00f6nlerine \u015fifa olan bir enstr\u00fcman olarak g\u00f6r\u00fcyorum.\",\"sameAs\":[\"https:\/\/alikekliktepemersin33.blogspot.com\/\"],\"url\":\"https:\/\/epochtimestr.com\/index.php\/author\/ali\"}]}<\/script>\n<!-- \/ Yoast SEO plugin. -->","yoast_head_json":{"title":"\u0130yilik Yaparken Can Yakmay\u0131n - The Epoch Times TR","description":"\u0130lk yard\u0131m, \u201ckulaktan dolma\u201d bilgilerle ya da \u201cbence \u015f\u00f6yle yap\u0131lmal\u0131\u201d mant\u0131\u011f\u0131yla y\u00fcr\u00fct\u00fclecek bir s\u00fcre\u00e7 de\u011fildir.","robots":{"index":"index","follow":"follow","max-snippet":"max-snippet:-1","max-image-preview":"max-image-preview:large","max-video-preview":"max-video-preview:-1"},"canonical":"https:\/\/epochtimestr.com\/index.php\/iyilik-yaparken-can-yakmayin","og_locale":"tr_TR","og_type":"article","og_title":"\u0130yilik Yaparken Can Yakmay\u0131n - The Epoch Times TR","og_description":"\u0130lk yard\u0131m, \u201ckulaktan dolma\u201d bilgilerle ya da \u201cbence \u015f\u00f6yle yap\u0131lmal\u0131\u201d mant\u0131\u011f\u0131yla y\u00fcr\u00fct\u00fclecek bir s\u00fcre\u00e7 de\u011fildir.","og_url":"https:\/\/epochtimestr.com\/index.php\/iyilik-yaparken-can-yakmayin","og_site_name":"The Epoch Times TR","article_publisher":"https:\/\/www.facebook.com\/theepochtimestr","article_published_time":"2026-06-07T04:00:00+00:00","article_modified_time":"2026-06-06T19:03:06+00:00","og_image":[{"width":1200,"height":630,"url":"https:\/\/epochtimestr.com\/wp-content\/uploads\/2011y\/ali-kekliktepe-SM.jpeg","type":"image\/jpeg"}],"author":"Ali Kekliktepe","twitter_card":"summary_large_image","twitter_creator":"@TheEpochTimesTR","twitter_site":"@TheEpochTimesTR","twitter_misc":{"Yazan:":"Ali Kekliktepe","Tahmini okuma s\u00fcresi":"3 dakika"},"schema":{"@context":"https:\/\/schema.org","@graph":[{"@type":"Article","@id":"https:\/\/epochtimestr.com\/index.php\/iyilik-yaparken-can-yakmayin#article","isPartOf":{"@id":"https:\/\/epochtimestr.com\/index.php\/iyilik-yaparken-can-yakmayin"},"author":{"name":"Ali Kekliktepe","@id":"https:\/\/epochtimestr.com\/#\/schema\/person\/da94a416fed1aed029d0a47e85673b95"},"headline":"\u0130yilik Yaparken Can Yakmay\u0131n","datePublished":"2026-06-07T04:00:00+00:00","dateModified":"2026-06-06T19:03:06+00:00","mainEntityOfPage":{"@id":"https:\/\/epochtimestr.com\/index.php\/iyilik-yaparken-can-yakmayin"},"wordCount":644,"commentCount":0,"publisher":{"@id":"https:\/\/epochtimestr.com\/#organization"},"image":{"@id":"https:\/\/epochtimestr.com\/index.php\/iyilik-yaparken-can-yakmayin#primaryimage"},"thumbnailUrl":"https:\/\/epochtimestr.com\/wp-content\/uploads\/2011y\/Ali-Kekliktepe.jpg","articleSection":["K\u00f6\u015fe Yaz\u0131lar\u0131 Ali Kekliktepe"],"inLanguage":"tr","potentialAction":[{"@type":"CommentAction","name":"Comment","target":["https:\/\/epochtimestr.com\/index.php\/iyilik-yaparken-can-yakmayin#respond"]}]},{"@type":"WebPage","@id":"https:\/\/epochtimestr.com\/index.php\/iyilik-yaparken-can-yakmayin","url":"https:\/\/epochtimestr.com\/index.php\/iyilik-yaparken-can-yakmayin","name":"\u0130yilik Yaparken Can Yakmay\u0131n - The Epoch Times TR","isPartOf":{"@id":"https:\/\/epochtimestr.com\/#website"},"primaryImageOfPage":{"@id":"https:\/\/epochtimestr.com\/index.php\/iyilik-yaparken-can-yakmayin#primaryimage"},"image":{"@id":"https:\/\/epochtimestr.com\/index.php\/iyilik-yaparken-can-yakmayin#primaryimage"},"thumbnailUrl":"https:\/\/epochtimestr.com\/wp-content\/uploads\/2011y\/Ali-Kekliktepe.jpg","datePublished":"2026-06-07T04:00:00+00:00","dateModified":"2026-06-06T19:03:06+00:00","description":"\u0130lk yard\u0131m, \u201ckulaktan dolma\u201d bilgilerle ya da \u201cbence \u015f\u00f6yle yap\u0131lmal\u0131\u201d mant\u0131\u011f\u0131yla y\u00fcr\u00fct\u00fclecek bir s\u00fcre\u00e7 de\u011fildir.","inLanguage":"tr","potentialAction":[{"@type":"ReadAction","target":["https:\/\/epochtimestr.com\/index.php\/iyilik-yaparken-can-yakmayin"]}]},{"@type":"ImageObject","inLanguage":"tr","@id":"https:\/\/epochtimestr.com\/index.php\/iyilik-yaparken-can-yakmayin#primaryimage","url":"https:\/\/epochtimestr.com\/wp-content\/uploads\/2011y\/Ali-Kekliktepe.jpg","contentUrl":"https:\/\/epochtimestr.com\/wp-content\/uploads\/2011y\/Ali-Kekliktepe.jpg","width":600,"height":600},{"@type":"WebSite","@id":"https:\/\/epochtimestr.com\/#website","url":"https:\/\/epochtimestr.com\/","name":"The Epoch Times TR","description":"De\u011fi\u015fen D\u00fcnyam\u0131za Taze Bir Bak\u0131\u015f","publisher":{"@id":"https:\/\/epochtimestr.com\/#organization"},"potentialAction":[{"@type":"SearchAction","target":{"@type":"EntryPoint","urlTemplate":"https:\/\/epochtimestr.com\/?s={search_term_string}"},"query-input":"required name=search_term_string"}],"inLanguage":"tr"},{"@type":"Organization","@id":"https:\/\/epochtimestr.com\/#organization","name":"The EpochTimes T\u00fcrkiye","url":"https:\/\/epochtimestr.com\/","logo":{"@type":"ImageObject","inLanguage":"tr","@id":"https:\/\/epochtimestr.com\/#\/schema\/logo\/image\/","url":"https:\/\/epochtimestr.com\/wp-content\/uploads\/2011y\/ET-Logo-YG.jpg","contentUrl":"https:\/\/epochtimestr.com\/wp-content\/uploads\/2011y\/ET-Logo-YG.jpg","width":346,"height":29,"caption":"The EpochTimes T\u00fcrkiye"},"image":{"@id":"https:\/\/epochtimestr.com\/#\/schema\/logo\/image\/"},"sameAs":["https:\/\/www.facebook.com\/theepochtimestr","https:\/\/x.com\/TheEpochTimesTR","https:\/\/www.instagram.com\/epochtimestr"]},{"@type":"Person","@id":"https:\/\/epochtimestr.com\/#\/schema\/person\/da94a416fed1aed029d0a47e85673b95","name":"Ali Kekliktepe","image":{"@type":"ImageObject","inLanguage":"tr","@id":"https:\/\/epochtimestr.com\/#\/schema\/person\/image\/","url":"https:\/\/secure.gravatar.com\/avatar\/6c965c3fc374c8f4af759baef4f38bcd?s=96&d=mm&r=g","contentUrl":"https:\/\/secure.gravatar.com\/avatar\/6c965c3fc374c8f4af759baef4f38bcd?s=96&d=mm&r=g","caption":"Ali Kekliktepe"},"description":"Ben Ali Kekliktepe; hayat\u0131n\u0131 \u00f6\u011frenmeye, \u00f6\u011fretmeye ve toplumsal fayda yaratmaya adam\u0131\u015f bir yazar ve profesyonelim. Kalemi sadece ka\u011f\u0131da dokunan bir ara\u00e7 de\u011fil, toplumun aksayan y\u00f6nlerine \u015fifa olan bir enstr\u00fcman olarak g\u00f6r\u00fcyorum.","sameAs":["https:\/\/alikekliktepemersin33.blogspot.com\/"],"url":"https:\/\/epochtimestr.com\/index.php\/author\/ali"}]}},"_links":{"self":[{"href":"https:\/\/epochtimestr.com\/index.php\/wp-json\/wp\/v2\/posts\/167725"}],"collection":[{"href":"https:\/\/epochtimestr.com\/index.php\/wp-json\/wp\/v2\/posts"}],"about":[{"href":"https:\/\/epochtimestr.com\/index.php\/wp-json\/wp\/v2\/types\/post"}],"author":[{"embeddable":true,"href":"https:\/\/epochtimestr.com\/index.php\/wp-json\/wp\/v2\/users\/14013"}],"replies":[{"embeddable":true,"href":"https:\/\/epochtimestr.com\/index.php\/wp-json\/wp\/v2\/comments?post=167725"}],"version-history":[{"count":1,"href":"https:\/\/epochtimestr.com\/index.php\/wp-json\/wp\/v2\/posts\/167725\/revisions"}],"predecessor-version":[{"id":167726,"href":"https:\/\/epochtimestr.com\/index.php\/wp-json\/wp\/v2\/posts\/167725\/revisions\/167726"}],"wp:featuredmedia":[{"embeddable":true,"href":"https:\/\/epochtimestr.com\/index.php\/wp-json\/wp\/v2\/media\/167144"}],"wp:attachment":[{"href":"https:\/\/epochtimestr.com\/index.php\/wp-json\/wp\/v2\/media?parent=167725"}],"wp:term":[{"taxonomy":"category","embeddable":true,"href":"https:\/\/epochtimestr.com\/index.php\/wp-json\/wp\/v2\/categories?post=167725"},{"taxonomy":"post_tag","embeddable":true,"href":"https:\/\/epochtimestr.com\/index.php\/wp-json\/wp\/v2\/tags?post=167725"}],"curies":[{"name":"wp","href":"https:\/\/api.w.org\/{rel}","templated":true}]}}