{"id":167733,"date":"2026-06-08T01:59:15","date_gmt":"2026-06-07T22:59:15","guid":{"rendered":"https:\/\/epochtimestr.com\/?p=167733"},"modified":"2026-06-08T12:43:16","modified_gmt":"2026-06-08T09:43:16","slug":"barabbas-toplumu","status":"publish","type":"post","link":"https:\/\/epochtimestr.com\/index.php\/barabbas-toplumu","title":{"rendered":"Barabbas Toplumu"},"content":{"rendered":"\n<p>Barabbas hikayesi kanonik d\u00f6rt \u0130ncil\u2019de de yer alan ibretlik bir hik\u00e2yedir. Barabbas, katil, zalim ve \u0131rz d\u00fc\u015fman\u0131 bir haydut oldu\u011fu i\u00e7in, Romal\u0131lar\u0131n Yahudiye Valisi Pontius Pilatus taraf\u0131ndan zindana at\u0131lm\u0131\u015ft\u0131. Barabbas&#8217;\u0131n zindan arkada\u015f\u0131 da Hz. \u0130sa&#8217;yd\u0131. Yahudiler i\u00e7in \u00f6nemli bir yere sahip olan F\u0131s\u0131h Bayramlar\u0131nda Romal\u0131lar\u0131n yerle\u015fik geleneklerine g\u00f6re valiler zindandaki mahk\u00fbmlardan birini halk\u0131n se\u00e7imi \u00fczerine affederlerdi.\u00a0<\/p>\n\n\n\n<p>D\u00f6nemin F\u0131s\u0131h Bayram\u0131nda Pilatus, birisini serbest b\u0131rakmak \u00fczere Barabbas ve Hz. \u0130sa&#8217;y\u0131 halk\u0131n \u00f6n\u00fcne \u00e7\u0131kart\u0131p hangisinin serbest b\u0131rakaca\u011f\u0131n\u0131 halka sordu. Geleneksel dinlerine zarar verdi\u011fi gerek\u00e7esiyle, Hz. \u0130sa\u2019y\u0131 d\u00fc\u015fman bilen halk, y\u00fcksek k\u00e2hinlerin de k\u0131\u015fk\u0131rtmas\u0131yla birlikte \u0130sa\u2019n\u0131n de\u011fil Barabbas\u2019\u0131n serbest b\u0131rak\u0131lmas\u0131n\u0131 istedi. Yani halk, Hz. \u0130sa\u2019y\u0131 de\u011fil, cinayet ve \u0131rza tecav\u00fcz\u00fcn temsilcisi Barabbas\u2019\u0131 tercih etti.<\/p>\n\n\n\n<p>Pilatus: \u201cO zaman Mesih denilen \u0130sa\u2019y\u0131 ne yapay\u0131m?\u201d diye sordu. Halk, var g\u00fc\u00e7leriyle \u201cDire\u011fe gerilsin!\u201d diye ba\u011f\u0131rd\u0131 (Matta). Pilatus \u0131srar ederek \u201cNeden? Bu adam ne k\u00f6t\u00fcl\u00fck etti? \u00d6l\u00fcm\u00fc hak edecek bir su\u00e7unu g\u00f6rmedim, dayak att\u0131rd\u0131ktan sonra onu serbest b\u0131rakaca\u011f\u0131m\u201d dedi (Luka). Pilatus giri\u015fimlerinin i\u015fe yaramad\u0131\u011f\u0131n\u0131 g\u00f6rd\u00fc. Sonra onlara \u201cBu adam\u0131n kan\u0131ndan ben sorumlu de\u011filim. \u00d6tesini siz d\u00fc\u015f\u00fcn\u00fcn\u201d dedi. Bu s\u00f6zler de halk\u0131 karar\u0131ndan vazge\u00e7irmedi. \u00dcstelik halk, \u201cOnun kan\u0131n\u0131n hesab\u0131 bizden ve \u00e7ocuklar\u0131m\u0131zdan sorulsun\u201d dediler (Matta).<\/p>\n\n\n\n<p>Sonu\u00e7 olarak Hz. \u0130sa&#8217;y\u0131 halk\u0131n se\u00e7imi \u00fczerine \u00e7arm\u0131ha gerdiler. Barabbas da serbest kal\u0131r kalmaz ilk i\u015f olarak birini \u00f6ld\u00fcrd\u00fc, bir ba\u015fkas\u0131n\u0131n da \u0131rz\u0131na ge\u00e7ti ve yeniden hapse at\u0131ld\u0131. Ertesi y\u0131l F\u0131s\u0131h bayram\u0131nda affedilmeye aday iki su\u00e7ludan biri yine Barabbas\u2019t\u0131 ve halk bu sefer de Barabbas\u2019\u0131n affedilmesi lehinde oy kulland\u0131. Bu toplumlar, \u201c<strong>Barabbas toplumu<\/strong>\u201d olarak an\u0131lmaktad\u0131r.<\/p>\n\n\n\n<h3 class=\"wp-block-heading\"><strong>Ha\u015flanm\u0131\u015f Kurba\u011fa Sendromu<\/strong><\/h3>\n\n\n\n<p>Bir tencere kaynar suyun i\u00e7ine bir kurba\u011fa atarsan\u0131z, kurba\u011fa kaynar suyun s\u0131cakl\u0131\u011f\u0131n\u0131 hissetti\u011fi anda can havliyle tencereden d\u0131\u015far\u0131 f\u0131rlay\u0131p kendini kurtarmaya \u00e7al\u0131\u015facakt\u0131r.<\/p>\n\n\n\n<p>Ama ayn\u0131 kurba\u011fay\u0131 i\u00e7i oda s\u0131cakl\u0131\u011f\u0131nda so\u011fuk suyla dolu tencerenin i\u00e7ine koyup tencereyi k\u0131s\u0131k ate\u015fte yava\u015f yava\u015f \u0131s\u0131t\u0131rsan\u0131z kurba\u011fa durumdan hi\u00e7 rahats\u0131z olmaz, hatta su \u0131s\u0131nd\u0131k\u00e7a keyif bile al\u0131r. Su yava\u015f yava\u015f kaynama noktas\u0131na gelirken kurba\u011fan\u0131n v\u00fccudu bu tehlikeli de\u011fi\u015fime adapte olmaya \u00e7al\u0131\u015f\u0131r. Sonunda su kaynar ama art\u0131k kurba\u011fan\u0131n tencereden d\u0131\u015far\u0131 f\u0131rlayacak enerjisi kalmam\u0131\u015ft\u0131r. Kurba\u011fa b\u00f6ylece sessizce tencerenin i\u00e7inde can verir.<\/p>\n\n\n\n<p>Sosyolojide ve kitle psikolojisinde buna <strong>Ha\u015flanm\u0131\u015f kurba\u011fa sendromu<\/strong> denir.<\/p>\n\n\n\n<p>D\u00fcnyan\u0131n herhangi bir \u00fclkesinde insanlara bir gecede t\u00fcm \u00f6zg\u00fcrl\u00fcklerini ellerinden alaca\u011f\u0131n\u0131z\u0131, maa\u015flar\u0131n\u0131 vermeyece\u011finizi, adaletin yok olaca\u011f\u0131n\u0131 s\u00f6ylerseniz, herkes o kurba\u011fa gibi can havliyle tepki g\u00f6sterir sisteme kar\u015f\u0131 koyar ve ka\u00e7maya \u00e7al\u0131\u015f\u0131r.<\/p>\n\n\n\n<p>Ama egemen s\u0131n\u0131flar bunu asla b\u00f6yle yapmaz.<\/p>\n\n\n\n<p>S\u0131cakl\u0131\u011f\u0131 yava\u015f yava\u015f artt\u0131r\u0131rlar. Enflasyonu yava\u015f yava\u015f y\u00fckseltirler. Vergileri yava\u015f yava\u015f hayat\u0131m\u0131z\u0131n her alan\u0131na sokarlar. Adaletsizlik normalle\u015finceye kadar dozunu milim milim artt\u0131r\u0131rlar. Etraf\u0131n\u0131zdaki herkes bu yava\u015f \u00f6l\u00fcme adapte olmaya \u00e7al\u0131\u015f\u0131rken siz de s\u00fcr\u00fcye uyar, idare etmeye ba\u015flars\u0131n\u0131z. &#8220;Herkes bu s\u0131k\u0131nt\u0131y\u0131 \u00e7ekiyor, ben mi de\u011fi\u015ftirece\u011fim d\u00fcnyay\u0131&#8221; diyerek yava\u015f yava\u015f ortama ayak uydurursunuz. Bu k\u00fclt\u00fcr sizin sorgulama yetene\u011finizi, liderli\u011finizi ve bireysel uyan\u0131\u015f\u0131n\u0131z\u0131 yava\u015f yava\u015f, siz fark\u0131na varamadan frenler.<\/p>\n\n\n\n<p>D\u00fc\u015f\u00fcn\u00fcn, her insan\u0131n hayat\u0131nda o an mutlaka ya\u015fanm\u0131\u015ft\u0131r. Ters giden bir \u015feyleri fark etti\u011finiz ama etraf\u0131n\u0131zdaki herkes sustu\u011fu i\u00e7in sizin de yava\u015f yava\u015f kabullendi\u011finiz o an.<\/p>\n\n\n\n<p>Neden sustunuz? \u00c7\u00fcnk\u00fc o tencerenin i\u00e7inde yaln\u0131z olmad\u0131\u011f\u0131n\u0131z\u0131, herkesin sizinle birlikte yava\u015f yava\u015f ha\u015fland\u0131\u011f\u0131n\u0131 g\u00f6r\u00fcyordunuz. Yani \u00f6zetle bizi bitiren ani darbeler de\u011fil yava\u015f yava\u015f al\u0131\u015ft\u0131r\u0131ld\u0131\u011f\u0131m\u0131z kan\u0131ksad\u0131\u011f\u0131m\u0131z k\u00fclt\u00fcrd\u00fcr, ya\u015fam bi\u00e7imidir.<\/p>\n\n\n\n<p>Bug\u00fcn g\u00f6r\u00fcyoruz ki tencerenin alt\u0131n\u0131 en \u00e7ok harlayanlar kurba\u011falar\u0131n adaptasyon yetene\u011fini en \u00e7ok \u00f6venlerdir. As\u0131l tehlike suyun s\u0131cakl\u0131\u011f\u0131 de\u011fil sizin o s\u0131cakl\u0131\u011fa al\u0131\u015fm\u0131\u015f olman\u0131zd\u0131r.<\/p>\n\n\n\n<p>Toplum psikolojisini ve son zamanlarda <a><\/a>memleketimizde ya\u015fananlar\u0131 anlayabilmemiz a\u00e7\u0131s\u0131ndan bu hikayelerin yeterli oldu\u011fu kanaatindeyim. K\u0131ssadan hisse.<\/p>\n","protected":false},"excerpt":{"rendered":"<p>Barabbas hikayesi kanonik d\u00f6rt \u0130ncil\u2019de de yer alan ibretlik bir hik\u00e2yedir. Barabbas, katil, zalim ve \u0131rz d\u00fc\u015fman\u0131 bir haydut oldu\u011fu i\u00e7in, Romal\u0131lar\u0131n Yahudiye Valisi Pontius Pilatus taraf\u0131ndan zindana at\u0131lm\u0131\u015ft\u0131. Barabbas&#8217;\u0131n zindan arkada\u015f\u0131 da Hz. \u0130sa&#8217;yd\u0131. Yahudiler i\u00e7in \u00f6nemli bir yere sahip olan F\u0131s\u0131h Bayramlar\u0131nda Romal\u0131lar\u0131n yerle\u015fik geleneklerine g\u00f6re valiler zindandaki mahk\u00fbmlardan birini halk\u0131n se\u00e7imi \u00fczerine [&hellip;]<\/p>\n","protected":false},"author":14015,"featured_media":167735,"comment_status":"open","ping_status":"open","sticky":false,"template":"","format":"standard","meta":{"_yoast_wpseo_focuskw":"Barabbas","_yoast_wpseo_title":"","_yoast_wpseo_metadesc":"Barabbas, katil, zalim ve \u0131rz d\u00fc\u015fman\u0131 bir haydut oldu\u011fu i\u00e7in, Romal\u0131lar\u0131n Yahudiye Valisi Pontius Pilatus taraf\u0131ndan zindana at\u0131lm\u0131\u015ft\u0131.","_bbp_topic_count":0,"_bbp_reply_count":0,"_bbp_total_topic_count":0,"_bbp_total_reply_count":0,"_bbp_voice_count":0,"_bbp_anonymous_reply_count":0,"_bbp_topic_count_hidden":0,"_bbp_reply_count_hidden":0,"_bbp_forum_subforum_count":0,"footnotes":"","_yoast_wpseo_focuskw_text_input":""},"categories":[11512],"tags":[],"yoast_head":"<!-- This site is optimized with the Yoast SEO plugin v23.0 - https:\/\/yoast.com\/wordpress\/plugins\/seo\/ -->\n<title>Barabbas Toplumu - The Epoch Times TR<\/title>\n<meta name=\"description\" content=\"Barabbas, katil, zalim ve \u0131rz d\u00fc\u015fman\u0131 bir haydut oldu\u011fu i\u00e7in, Romal\u0131lar\u0131n Yahudiye Valisi Pontius Pilatus taraf\u0131ndan zindana at\u0131lm\u0131\u015ft\u0131.\" \/>\n<meta name=\"robots\" content=\"index, follow, max-snippet:-1, max-image-preview:large, max-video-preview:-1\" \/>\n<link rel=\"canonical\" href=\"https:\/\/epochtimestr.com\/index.php\/barabbas-toplumu\" \/>\n<meta property=\"og:locale\" content=\"tr_TR\" \/>\n<meta property=\"og:type\" content=\"article\" \/>\n<meta property=\"og:title\" content=\"Barabbas Toplumu - The Epoch Times TR\" \/>\n<meta property=\"og:description\" content=\"Barabbas, katil, zalim ve \u0131rz d\u00fc\u015fman\u0131 bir haydut oldu\u011fu i\u00e7in, Romal\u0131lar\u0131n Yahudiye Valisi Pontius Pilatus taraf\u0131ndan zindana at\u0131lm\u0131\u015ft\u0131.\" \/>\n<meta property=\"og:url\" content=\"https:\/\/epochtimestr.com\/index.php\/barabbas-toplumu\" \/>\n<meta property=\"og:site_name\" content=\"The Epoch Times TR\" \/>\n<meta property=\"article:publisher\" content=\"https:\/\/www.facebook.com\/theepochtimestr\" \/>\n<meta property=\"article:published_time\" content=\"2026-06-07T22:59:15+00:00\" \/>\n<meta property=\"article:modified_time\" content=\"2026-06-08T09:43:16+00:00\" \/>\n<meta property=\"og:image\" content=\"https:\/\/epochtimestr.com\/wp-content\/uploads\/2011y\/Haluk-Tatver-SM.jpeg\" \/>\n\t<meta property=\"og:image:width\" content=\"1200\" \/>\n\t<meta property=\"og:image:height\" content=\"630\" \/>\n\t<meta property=\"og:image:type\" content=\"image\/jpeg\" \/>\n<meta name=\"author\" content=\"Haluk Tatver\" \/>\n<meta name=\"twitter:card\" content=\"summary_large_image\" \/>\n<meta name=\"twitter:creator\" content=\"@TheEpochTimesTR\" \/>\n<meta name=\"twitter:site\" content=\"@TheEpochTimesTR\" \/>\n<meta name=\"twitter:label1\" content=\"Yazan:\" \/>\n\t<meta name=\"twitter:data1\" content=\"Haluk Tatver\" \/>\n\t<meta name=\"twitter:label2\" content=\"Tahmini okuma s\u00fcresi\" \/>\n\t<meta name=\"twitter:data2\" content=\"4 dakika\" \/>\n<script type=\"application\/ld+json\" class=\"yoast-schema-graph\">{\"@context\":\"https:\/\/schema.org\",\"@graph\":[{\"@type\":\"Article\",\"@id\":\"https:\/\/epochtimestr.com\/index.php\/barabbas-toplumu#article\",\"isPartOf\":{\"@id\":\"https:\/\/epochtimestr.com\/index.php\/barabbas-toplumu\"},\"author\":{\"name\":\"Haluk Tatver\",\"@id\":\"https:\/\/epochtimestr.com\/#\/schema\/person\/7d4b8e83e36ed0c7e8570285fabb1383\"},\"headline\":\"Barabbas Toplumu\",\"datePublished\":\"2026-06-07T22:59:15+00:00\",\"dateModified\":\"2026-06-08T09:43:16+00:00\",\"mainEntityOfPage\":{\"@id\":\"https:\/\/epochtimestr.com\/index.php\/barabbas-toplumu\"},\"wordCount\":799,\"commentCount\":0,\"publisher\":{\"@id\":\"https:\/\/epochtimestr.com\/#organization\"},\"image\":{\"@id\":\"https:\/\/epochtimestr.com\/index.php\/barabbas-toplumu#primaryimage\"},\"thumbnailUrl\":\"https:\/\/epochtimestr.com\/wp-content\/uploads\/2011y\/Haluk-Tatver.jpeg\",\"articleSection\":[\"K\u00f6\u015fe Yaz\u0131lar\u0131 Haluk Tatver\"],\"inLanguage\":\"tr\",\"potentialAction\":[{\"@type\":\"CommentAction\",\"name\":\"Comment\",\"target\":[\"https:\/\/epochtimestr.com\/index.php\/barabbas-toplumu#respond\"]}]},{\"@type\":\"WebPage\",\"@id\":\"https:\/\/epochtimestr.com\/index.php\/barabbas-toplumu\",\"url\":\"https:\/\/epochtimestr.com\/index.php\/barabbas-toplumu\",\"name\":\"Barabbas Toplumu - The Epoch Times TR\",\"isPartOf\":{\"@id\":\"https:\/\/epochtimestr.com\/#website\"},\"primaryImageOfPage\":{\"@id\":\"https:\/\/epochtimestr.com\/index.php\/barabbas-toplumu#primaryimage\"},\"image\":{\"@id\":\"https:\/\/epochtimestr.com\/index.php\/barabbas-toplumu#primaryimage\"},\"thumbnailUrl\":\"https:\/\/epochtimestr.com\/wp-content\/uploads\/2011y\/Haluk-Tatver.jpeg\",\"datePublished\":\"2026-06-07T22:59:15+00:00\",\"dateModified\":\"2026-06-08T09:43:16+00:00\",\"description\":\"Barabbas, katil, zalim ve \u0131rz d\u00fc\u015fman\u0131 bir haydut oldu\u011fu i\u00e7in, Romal\u0131lar\u0131n Yahudiye Valisi Pontius Pilatus taraf\u0131ndan zindana at\u0131lm\u0131\u015ft\u0131.\",\"inLanguage\":\"tr\",\"potentialAction\":[{\"@type\":\"ReadAction\",\"target\":[\"https:\/\/epochtimestr.com\/index.php\/barabbas-toplumu\"]}]},{\"@type\":\"ImageObject\",\"inLanguage\":\"tr\",\"@id\":\"https:\/\/epochtimestr.com\/index.php\/barabbas-toplumu#primaryimage\",\"url\":\"https:\/\/epochtimestr.com\/wp-content\/uploads\/2011y\/Haluk-Tatver.jpeg\",\"contentUrl\":\"https:\/\/epochtimestr.com\/wp-content\/uploads\/2011y\/Haluk-Tatver.jpeg\",\"width\":600,\"height\":600},{\"@type\":\"WebSite\",\"@id\":\"https:\/\/epochtimestr.com\/#website\",\"url\":\"https:\/\/epochtimestr.com\/\",\"name\":\"The Epoch Times TR\",\"description\":\"De\u011fi\u015fen D\u00fcnyam\u0131za Taze Bir Bak\u0131\u015f\",\"publisher\":{\"@id\":\"https:\/\/epochtimestr.com\/#organization\"},\"potentialAction\":[{\"@type\":\"SearchAction\",\"target\":{\"@type\":\"EntryPoint\",\"urlTemplate\":\"https:\/\/epochtimestr.com\/?s={search_term_string}\"},\"query-input\":\"required name=search_term_string\"}],\"inLanguage\":\"tr\"},{\"@type\":\"Organization\",\"@id\":\"https:\/\/epochtimestr.com\/#organization\",\"name\":\"The EpochTimes T\u00fcrkiye\",\"url\":\"https:\/\/epochtimestr.com\/\",\"logo\":{\"@type\":\"ImageObject\",\"inLanguage\":\"tr\",\"@id\":\"https:\/\/epochtimestr.com\/#\/schema\/logo\/image\/\",\"url\":\"https:\/\/epochtimestr.com\/wp-content\/uploads\/2011y\/ET-Logo-YG.jpg\",\"contentUrl\":\"https:\/\/epochtimestr.com\/wp-content\/uploads\/2011y\/ET-Logo-YG.jpg\",\"width\":346,\"height\":29,\"caption\":\"The EpochTimes T\u00fcrkiye\"},\"image\":{\"@id\":\"https:\/\/epochtimestr.com\/#\/schema\/logo\/image\/\"},\"sameAs\":[\"https:\/\/www.facebook.com\/theepochtimestr\",\"https:\/\/x.com\/TheEpochTimesTR\",\"https:\/\/www.instagram.com\/epochtimestr\"]},{\"@type\":\"Person\",\"@id\":\"https:\/\/epochtimestr.com\/#\/schema\/person\/7d4b8e83e36ed0c7e8570285fabb1383\",\"name\":\"Haluk Tatver\",\"image\":{\"@type\":\"ImageObject\",\"inLanguage\":\"tr\",\"@id\":\"https:\/\/epochtimestr.com\/#\/schema\/person\/image\/\",\"url\":\"https:\/\/secure.gravatar.com\/avatar\/8f66285efedbf469ad2fbc35df0b75dc?s=96&d=mm&r=g\",\"contentUrl\":\"https:\/\/secure.gravatar.com\/avatar\/8f66285efedbf469ad2fbc35df0b75dc?s=96&d=mm&r=g\",\"caption\":\"Haluk Tatver\"},\"url\":\"https:\/\/epochtimestr.com\/index.php\/author\/haluk\"}]}<\/script>\n<!-- \/ Yoast SEO plugin. -->","yoast_head_json":{"title":"Barabbas Toplumu - The Epoch Times TR","description":"Barabbas, katil, zalim ve \u0131rz d\u00fc\u015fman\u0131 bir haydut oldu\u011fu i\u00e7in, Romal\u0131lar\u0131n Yahudiye Valisi Pontius Pilatus taraf\u0131ndan zindana at\u0131lm\u0131\u015ft\u0131.","robots":{"index":"index","follow":"follow","max-snippet":"max-snippet:-1","max-image-preview":"max-image-preview:large","max-video-preview":"max-video-preview:-1"},"canonical":"https:\/\/epochtimestr.com\/index.php\/barabbas-toplumu","og_locale":"tr_TR","og_type":"article","og_title":"Barabbas Toplumu - The Epoch Times TR","og_description":"Barabbas, katil, zalim ve \u0131rz d\u00fc\u015fman\u0131 bir haydut oldu\u011fu i\u00e7in, Romal\u0131lar\u0131n Yahudiye Valisi Pontius Pilatus taraf\u0131ndan zindana at\u0131lm\u0131\u015ft\u0131.","og_url":"https:\/\/epochtimestr.com\/index.php\/barabbas-toplumu","og_site_name":"The Epoch Times TR","article_publisher":"https:\/\/www.facebook.com\/theepochtimestr","article_published_time":"2026-06-07T22:59:15+00:00","article_modified_time":"2026-06-08T09:43:16+00:00","og_image":[{"width":1200,"height":630,"url":"https:\/\/epochtimestr.com\/wp-content\/uploads\/2011y\/Haluk-Tatver-SM.jpeg","type":"image\/jpeg"}],"author":"Haluk Tatver","twitter_card":"summary_large_image","twitter_creator":"@TheEpochTimesTR","twitter_site":"@TheEpochTimesTR","twitter_misc":{"Yazan:":"Haluk Tatver","Tahmini okuma s\u00fcresi":"4 dakika"},"schema":{"@context":"https:\/\/schema.org","@graph":[{"@type":"Article","@id":"https:\/\/epochtimestr.com\/index.php\/barabbas-toplumu#article","isPartOf":{"@id":"https:\/\/epochtimestr.com\/index.php\/barabbas-toplumu"},"author":{"name":"Haluk Tatver","@id":"https:\/\/epochtimestr.com\/#\/schema\/person\/7d4b8e83e36ed0c7e8570285fabb1383"},"headline":"Barabbas Toplumu","datePublished":"2026-06-07T22:59:15+00:00","dateModified":"2026-06-08T09:43:16+00:00","mainEntityOfPage":{"@id":"https:\/\/epochtimestr.com\/index.php\/barabbas-toplumu"},"wordCount":799,"commentCount":0,"publisher":{"@id":"https:\/\/epochtimestr.com\/#organization"},"image":{"@id":"https:\/\/epochtimestr.com\/index.php\/barabbas-toplumu#primaryimage"},"thumbnailUrl":"https:\/\/epochtimestr.com\/wp-content\/uploads\/2011y\/Haluk-Tatver.jpeg","articleSection":["K\u00f6\u015fe Yaz\u0131lar\u0131 Haluk Tatver"],"inLanguage":"tr","potentialAction":[{"@type":"CommentAction","name":"Comment","target":["https:\/\/epochtimestr.com\/index.php\/barabbas-toplumu#respond"]}]},{"@type":"WebPage","@id":"https:\/\/epochtimestr.com\/index.php\/barabbas-toplumu","url":"https:\/\/epochtimestr.com\/index.php\/barabbas-toplumu","name":"Barabbas Toplumu - The Epoch Times TR","isPartOf":{"@id":"https:\/\/epochtimestr.com\/#website"},"primaryImageOfPage":{"@id":"https:\/\/epochtimestr.com\/index.php\/barabbas-toplumu#primaryimage"},"image":{"@id":"https:\/\/epochtimestr.com\/index.php\/barabbas-toplumu#primaryimage"},"thumbnailUrl":"https:\/\/epochtimestr.com\/wp-content\/uploads\/2011y\/Haluk-Tatver.jpeg","datePublished":"2026-06-07T22:59:15+00:00","dateModified":"2026-06-08T09:43:16+00:00","description":"Barabbas, katil, zalim ve \u0131rz d\u00fc\u015fman\u0131 bir haydut oldu\u011fu i\u00e7in, Romal\u0131lar\u0131n Yahudiye Valisi Pontius Pilatus taraf\u0131ndan zindana at\u0131lm\u0131\u015ft\u0131.","inLanguage":"tr","potentialAction":[{"@type":"ReadAction","target":["https:\/\/epochtimestr.com\/index.php\/barabbas-toplumu"]}]},{"@type":"ImageObject","inLanguage":"tr","@id":"https:\/\/epochtimestr.com\/index.php\/barabbas-toplumu#primaryimage","url":"https:\/\/epochtimestr.com\/wp-content\/uploads\/2011y\/Haluk-Tatver.jpeg","contentUrl":"https:\/\/epochtimestr.com\/wp-content\/uploads\/2011y\/Haluk-Tatver.jpeg","width":600,"height":600},{"@type":"WebSite","@id":"https:\/\/epochtimestr.com\/#website","url":"https:\/\/epochtimestr.com\/","name":"The Epoch Times TR","description":"De\u011fi\u015fen D\u00fcnyam\u0131za Taze Bir Bak\u0131\u015f","publisher":{"@id":"https:\/\/epochtimestr.com\/#organization"},"potentialAction":[{"@type":"SearchAction","target":{"@type":"EntryPoint","urlTemplate":"https:\/\/epochtimestr.com\/?s={search_term_string}"},"query-input":"required name=search_term_string"}],"inLanguage":"tr"},{"@type":"Organization","@id":"https:\/\/epochtimestr.com\/#organization","name":"The EpochTimes T\u00fcrkiye","url":"https:\/\/epochtimestr.com\/","logo":{"@type":"ImageObject","inLanguage":"tr","@id":"https:\/\/epochtimestr.com\/#\/schema\/logo\/image\/","url":"https:\/\/epochtimestr.com\/wp-content\/uploads\/2011y\/ET-Logo-YG.jpg","contentUrl":"https:\/\/epochtimestr.com\/wp-content\/uploads\/2011y\/ET-Logo-YG.jpg","width":346,"height":29,"caption":"The EpochTimes T\u00fcrkiye"},"image":{"@id":"https:\/\/epochtimestr.com\/#\/schema\/logo\/image\/"},"sameAs":["https:\/\/www.facebook.com\/theepochtimestr","https:\/\/x.com\/TheEpochTimesTR","https:\/\/www.instagram.com\/epochtimestr"]},{"@type":"Person","@id":"https:\/\/epochtimestr.com\/#\/schema\/person\/7d4b8e83e36ed0c7e8570285fabb1383","name":"Haluk Tatver","image":{"@type":"ImageObject","inLanguage":"tr","@id":"https:\/\/epochtimestr.com\/#\/schema\/person\/image\/","url":"https:\/\/secure.gravatar.com\/avatar\/8f66285efedbf469ad2fbc35df0b75dc?s=96&d=mm&r=g","contentUrl":"https:\/\/secure.gravatar.com\/avatar\/8f66285efedbf469ad2fbc35df0b75dc?s=96&d=mm&r=g","caption":"Haluk Tatver"},"url":"https:\/\/epochtimestr.com\/index.php\/author\/haluk"}]}},"_links":{"self":[{"href":"https:\/\/epochtimestr.com\/index.php\/wp-json\/wp\/v2\/posts\/167733"}],"collection":[{"href":"https:\/\/epochtimestr.com\/index.php\/wp-json\/wp\/v2\/posts"}],"about":[{"href":"https:\/\/epochtimestr.com\/index.php\/wp-json\/wp\/v2\/types\/post"}],"author":[{"embeddable":true,"href":"https:\/\/epochtimestr.com\/index.php\/wp-json\/wp\/v2\/users\/14015"}],"replies":[{"embeddable":true,"href":"https:\/\/epochtimestr.com\/index.php\/wp-json\/wp\/v2\/comments?post=167733"}],"version-history":[{"count":2,"href":"https:\/\/epochtimestr.com\/index.php\/wp-json\/wp\/v2\/posts\/167733\/revisions"}],"predecessor-version":[{"id":167745,"href":"https:\/\/epochtimestr.com\/index.php\/wp-json\/wp\/v2\/posts\/167733\/revisions\/167745"}],"wp:featuredmedia":[{"embeddable":true,"href":"https:\/\/epochtimestr.com\/index.php\/wp-json\/wp\/v2\/media\/167735"}],"wp:attachment":[{"href":"https:\/\/epochtimestr.com\/index.php\/wp-json\/wp\/v2\/media?parent=167733"}],"wp:term":[{"taxonomy":"category","embeddable":true,"href":"https:\/\/epochtimestr.com\/index.php\/wp-json\/wp\/v2\/categories?post=167733"},{"taxonomy":"post_tag","embeddable":true,"href":"https:\/\/epochtimestr.com\/index.php\/wp-json\/wp\/v2\/tags?post=167733"}],"curies":[{"name":"wp","href":"https:\/\/api.w.org\/{rel}","templated":true}]}}