{"id":167741,"date":"2026-06-08T13:10:12","date_gmt":"2026-06-08T10:10:12","guid":{"rendered":"https:\/\/epochtimestr.com\/?p=167741"},"modified":"2026-06-08T13:10:14","modified_gmt":"2026-06-08T10:10:14","slug":"trump-iran-operasyonunun-surecegini-acikladi","status":"publish","type":"post","link":"https:\/\/epochtimestr.com\/index.php\/trump-iran-operasyonunun-surecegini-acikladi","title":{"rendered":"Trump \u0130ran Operasyonunun S\u00fcrece\u011fini A\u00e7\u0131klad\u0131"},"content":{"rendered":"<div class=\"wp-block-image\">\n<figure class=\"aligncenter size-full\"><img loading=\"lazy\" decoding=\"async\" width=\"1200\" height=\"800\" src=\"https:\/\/epochtimestr.com\/wp-content\/uploads\/2011y\/1000039869.jpg\" alt=\"Trump, \u0130ran operasyonu tamamlanana kadar ABD askerlerinin b\u00f6lgede kalaca\u011f\u0131n\u0131 a\u00e7\u0131klad\u0131.   ABD Ba\u015fkan\u0131 Donald Trump, 20 Mart 2026\u2019da Beyaz Saray\u2019dan ayr\u0131l\u0131rken. (Foto\u011fraf: Madalina Kilroy, The Epoch Times)\" class=\"wp-image-167743\" srcset=\"https:\/\/epochtimestr.com\/wp-content\/uploads\/2011y\/1000039869.jpg 1200w, https:\/\/epochtimestr.com\/wp-content\/uploads\/2011y\/1000039869-300x200.jpg 300w, https:\/\/epochtimestr.com\/wp-content\/uploads\/2011y\/1000039869-150x100.jpg 150w, https:\/\/epochtimestr.com\/wp-content\/uploads\/2011y\/1000039869-768x512.jpg 768w\" sizes=\"(max-width: 1200px) 100vw, 1200px\" \/><figcaption class=\"wp-element-caption\">Trump, \u0130ran operasyonu tamamlanana kadar ABD askerlerinin b\u00f6lgede kalaca\u011f\u0131n\u0131 a\u00e7\u0131klad\u0131.   <em>ABD Ba\u015fkan\u0131 Donald Trump, 20 Mart 2026\u2019da Beyaz Saray\u2019dan ayr\u0131l\u0131rken. (Foto\u011fraf: Madalina Kilroy, The Epoch Times)<\/em><\/figcaption><\/figure><\/div>\n\n\n<p>ABD Ba\u015fkan\u0131 Donald Trump, Orta Do\u011fu\u2019daki Amerikan birliklerinin \u0130ran operasyonu tamamlanana kadar b\u00f6lgede kalaca\u011f\u0131n\u0131 a\u00e7\u0131klad\u0131. Trump, <a href=\"https:\/\/www.theepochtimes.com\/world\/trump-on-iran-conflict-troops-staying-until-we-have-a-completion-6044508\" target=\"_blank\" rel=\"noreferrer noopener\">7 Haziran&#8217;da<\/a> NBC\u2019ye verdi\u011fi r\u00f6portajda, \u201cOnlar\u0131 orada tutman\u0131n maliyeti \u00e7ok d\u00fc\u015f\u00fck, tehlikede de\u011filler\u201d dedi. Ba\u015fkan, operasyonun tamamlanmas\u0131n\u0131n ard\u0131ndan sonu\u00e7lar\u0131n dikkat \u00e7ekici olaca\u011f\u0131n\u0131 belirtti.<\/p>\n\n\n\n<p>\u015eu anda b\u00f6lgede yakla\u015f\u0131k 50 bin Amerikan askeri g\u00f6rev yap\u0131yor. \u00c7at\u0131\u015fmalar 28 \u015eubat&#8217;ta ba\u015flad\u0131 ve bug\u00fcne kadar 13 asker hayat\u0131n\u0131 kaybetti. Trump, bu say\u0131y\u0131 \u201cfazla, ama beklenenden d\u00fc\u015f\u00fck\u201d olarak nitelendirdi.<\/p>\n\n\n\n<p>ABD Ba\u015fkan\u0131 ayr\u0131ca askeri harek\u00e2tlar\u0131n \u0130ran\u2019\u0131n liderlik yap\u0131s\u0131n\u0131 ve deniz kuvvetlerini etkisiz hale getirdi\u011fini s\u00f6yledi. <a href=\"https:\/\/epochtimestr.com\/index.php\/abd-temsilciler-meclisi-irana-karsi-askeri-mudahaleyi-engelledi\" target=\"_blank\" rel=\"noreferrer noopener\">\u0130ran ve ABD aras\u0131nda<\/a> ate\u015fkes s\u00fcr\u00fcyor ve m\u00fczakereler olumlu ilerliyor. Trump, mevcut \u0130ran y\u00f6netimi ile iyi diyalog kurduklar\u0131n\u0131 ifade etti ve bu y\u00f6netimi \u00f6nceki gruplardan farkl\u0131 buldu\u011funu belirtti.<\/p>\n\n\n\n<p>D\u0131\u015fi\u015fleri Bakan\u0131 Marco Rubio, \u0130ran yetkililerinin n\u00fckleer programlar\u0131n\u0131 tart\u0131\u015fmaya a\u00e7\u0131k oldu\u011funu senat\u00f6rlere iletti. Ayr\u0131ca Trump da, \u0130ran\u2019\u0131n n\u00fckleer silah edinmeyece\u011fini kabul etti\u011fini aktard\u0131. \u0130ran ile ABD\u2019nin birlikte n\u00fckleer stoklar\u0131 ortadan kald\u0131rabilece\u011fini ve uranyumun g\u00fcvenli \u015fekilde yok edilebilece\u011fini belirtti. \u201cAnla\u015fma sa\u011flan\u0131rsa birlikte hareket ederiz. Uranyumu sahada ya da ba\u015fka yerde yok ederiz\u201d dedi.<\/p>\n\n\n\n<p>Ancak Trump, anla\u015fma sa\u011flanamazsa askeri m\u00fcdahaleye haz\u0131r oldu\u011funu da vurgulad\u0131. Bu durumda ABD g\u00fc\u00e7leri \u0130ran\u2019\u0131n uranyumunu zorla etkisiz hale getirecek.<\/p>\n\n\n\n<p>Buna kar\u015f\u0131n, ABD H\u00fcrm\u00fcz Bo\u011faz\u0131\u2019nda uygulanan ambargoyu s\u00fcrd\u00fcr\u00fcyor. Trump, \u0130ran\u2019\u0131n g\u00fcnl\u00fck 400\u2013500 milyon dolar kaybetti\u011fini ve ekonomisinin s\u00fcrd\u00fcr\u00fclemez durumda oldu\u011funu s\u00f6yledi.<\/p>\n\n\n\n<p>Trump, mevcut durum i\u00e7in \u201cs\u0131cak \u00e7at\u0131\u015fma\u201d ifadesini kullanmad\u0131 ancak operasyonu \u201caskeri tatbikat\u201d olarak nitelendirdi.<\/p>\n","protected":false},"excerpt":{"rendered":"<p>ABD Ba\u015fkan\u0131 Donald Trump, Orta Do\u011fu\u2019daki Amerikan birliklerinin \u0130ran operasyonu tamamlanana kadar b\u00f6lgede kalaca\u011f\u0131n\u0131 a\u00e7\u0131klad\u0131. Trump, 7 Haziran&#8217;da NBC\u2019ye verdi\u011fi r\u00f6portajda, \u201cOnlar\u0131 orada tutman\u0131n maliyeti \u00e7ok d\u00fc\u015f\u00fck, tehlikede de\u011filler\u201d dedi. Ba\u015fkan, operasyonun tamamlanmas\u0131n\u0131n ard\u0131ndan sonu\u00e7lar\u0131n dikkat \u00e7ekici olaca\u011f\u0131n\u0131 belirtti. \u015eu anda b\u00f6lgede yakla\u015f\u0131k 50 bin Amerikan askeri g\u00f6rev yap\u0131yor. \u00c7at\u0131\u015fmalar 28 \u015eubat&#8217;ta ba\u015flad\u0131 ve bug\u00fcne [&hellip;]<\/p>\n","protected":false},"author":13996,"featured_media":167743,"comment_status":"open","ping_status":"open","sticky":false,"template":"","format":"standard","meta":{"_yoast_wpseo_focuskw":"Trump - \u0130ran","_yoast_wpseo_title":"","_yoast_wpseo_metadesc":"Trump, \u0130ran operasyonu tamamlanana kadar ABD askerlerinin b\u00f6lgede kalaca\u011f\u0131n\u0131 a\u00e7\u0131klayarak n\u00fckleer m\u00fczakereleri de\u011ferlendirdi.","_bbp_topic_count":0,"_bbp_reply_count":0,"_bbp_total_topic_count":0,"_bbp_total_reply_count":0,"_bbp_voice_count":0,"_bbp_anonymous_reply_count":0,"_bbp_topic_count_hidden":0,"_bbp_reply_count_hidden":0,"_bbp_forum_subforum_count":0,"footnotes":"","_yoast_wpseo_focuskw_text_input":""},"categories":[5,1,8138],"tags":[10503,11166,10522,10498,5764,11518],"yoast_head":"<!-- This site is optimized with the Yoast SEO plugin v23.0 - https:\/\/yoast.com\/wordpress\/plugins\/seo\/ -->\n<title>Trump \u0130ran Operasyonunun S\u00fcrece\u011fini A\u00e7\u0131klad\u0131 - The Epoch Times TR<\/title>\n<meta name=\"description\" content=\"Trump, \u0130ran operasyonu tamamlanana kadar ABD askerlerinin b\u00f6lgede kalaca\u011f\u0131n\u0131 a\u00e7\u0131klayarak n\u00fckleer m\u00fczakereleri de\u011ferlendirdi.\" \/>\n<meta name=\"robots\" content=\"index, follow, max-snippet:-1, max-image-preview:large, max-video-preview:-1\" \/>\n<link rel=\"canonical\" href=\"https:\/\/epochtimestr.com\/index.php\/trump-iran-operasyonunun-surecegini-acikladi\" \/>\n<meta property=\"og:locale\" content=\"tr_TR\" \/>\n<meta property=\"og:type\" content=\"article\" \/>\n<meta property=\"og:title\" content=\"Trump \u0130ran Operasyonunun S\u00fcrece\u011fini A\u00e7\u0131klad\u0131 - The Epoch Times TR\" \/>\n<meta property=\"og:description\" content=\"Trump, \u0130ran operasyonu tamamlanana kadar ABD askerlerinin b\u00f6lgede kalaca\u011f\u0131n\u0131 a\u00e7\u0131klayarak n\u00fckleer m\u00fczakereleri de\u011ferlendirdi.\" \/>\n<meta property=\"og:url\" content=\"https:\/\/epochtimestr.com\/index.php\/trump-iran-operasyonunun-surecegini-acikladi\" \/>\n<meta property=\"og:site_name\" content=\"The Epoch Times TR\" \/>\n<meta property=\"article:publisher\" content=\"https:\/\/www.facebook.com\/theepochtimestr\" \/>\n<meta property=\"article:published_time\" content=\"2026-06-08T10:10:12+00:00\" \/>\n<meta property=\"article:modified_time\" content=\"2026-06-08T10:10:14+00:00\" \/>\n<meta property=\"og:image\" content=\"https:\/\/epochtimestr.com\/wp-content\/uploads\/2011y\/1000039869.jpg\" \/>\n\t<meta property=\"og:image:width\" content=\"1200\" \/>\n\t<meta property=\"og:image:height\" content=\"800\" \/>\n\t<meta property=\"og:image:type\" content=\"image\/jpeg\" \/>\n<meta name=\"author\" content=\"Leo Bajelan\" \/>\n<meta name=\"twitter:card\" content=\"summary_large_image\" \/>\n<meta name=\"twitter:creator\" content=\"@TheEpochTimesTR\" \/>\n<meta name=\"twitter:site\" content=\"@TheEpochTimesTR\" \/>\n<meta name=\"twitter:label1\" content=\"Yazan:\" \/>\n\t<meta name=\"twitter:data1\" content=\"Leo Bajelan\" \/>\n\t<meta name=\"twitter:label2\" content=\"Tahmini okuma s\u00fcresi\" \/>\n\t<meta name=\"twitter:data2\" content=\"2 dakika\" \/>\n<script type=\"application\/ld+json\" class=\"yoast-schema-graph\">{\"@context\":\"https:\/\/schema.org\",\"@graph\":[{\"@type\":\"Article\",\"@id\":\"https:\/\/epochtimestr.com\/index.php\/trump-iran-operasyonunun-surecegini-acikladi#article\",\"isPartOf\":{\"@id\":\"https:\/\/epochtimestr.com\/index.php\/trump-iran-operasyonunun-surecegini-acikladi\"},\"author\":{\"name\":\"Leo Bajelan\",\"@id\":\"https:\/\/epochtimestr.com\/#\/schema\/person\/5fef218711d76d8f232b0e1f1d7e4c0d\"},\"headline\":\"Trump \u0130ran Operasyonunun S\u00fcrece\u011fini A\u00e7\u0131klad\u0131\",\"datePublished\":\"2026-06-08T10:10:12+00:00\",\"dateModified\":\"2026-06-08T10:10:14+00:00\",\"mainEntityOfPage\":{\"@id\":\"https:\/\/epochtimestr.com\/index.php\/trump-iran-operasyonunun-surecegini-acikladi\"},\"wordCount\":352,\"commentCount\":0,\"publisher\":{\"@id\":\"https:\/\/epochtimestr.com\/#organization\"},\"image\":{\"@id\":\"https:\/\/epochtimestr.com\/index.php\/trump-iran-operasyonunun-surecegini-acikladi#primaryimage\"},\"thumbnailUrl\":\"https:\/\/epochtimestr.com\/wp-content\/uploads\/2011y\/1000039869.jpg\",\"keywords\":[\"ABD \u0130ran sava\u015f\u0131\",\"ABD operasyonlar\u0131\",\"H\u00fcrm\u00fcz bo\u011faz\u0131\",\"\u0130ran y\u00f6netimi\",\"Trump\",\"Uranyum\"],\"articleSection\":[\"D\u00dcNYA\",\"G\u00dcNDEM\",\"MAN\u015eET\"],\"inLanguage\":\"tr\",\"potentialAction\":[{\"@type\":\"CommentAction\",\"name\":\"Comment\",\"target\":[\"https:\/\/epochtimestr.com\/index.php\/trump-iran-operasyonunun-surecegini-acikladi#respond\"]}]},{\"@type\":\"WebPage\",\"@id\":\"https:\/\/epochtimestr.com\/index.php\/trump-iran-operasyonunun-surecegini-acikladi\",\"url\":\"https:\/\/epochtimestr.com\/index.php\/trump-iran-operasyonunun-surecegini-acikladi\",\"name\":\"Trump \u0130ran Operasyonunun S\u00fcrece\u011fini A\u00e7\u0131klad\u0131 - The Epoch Times TR\",\"isPartOf\":{\"@id\":\"https:\/\/epochtimestr.com\/#website\"},\"primaryImageOfPage\":{\"@id\":\"https:\/\/epochtimestr.com\/index.php\/trump-iran-operasyonunun-surecegini-acikladi#primaryimage\"},\"image\":{\"@id\":\"https:\/\/epochtimestr.com\/index.php\/trump-iran-operasyonunun-surecegini-acikladi#primaryimage\"},\"thumbnailUrl\":\"https:\/\/epochtimestr.com\/wp-content\/uploads\/2011y\/1000039869.jpg\",\"datePublished\":\"2026-06-08T10:10:12+00:00\",\"dateModified\":\"2026-06-08T10:10:14+00:00\",\"description\":\"Trump, \u0130ran operasyonu tamamlanana kadar ABD askerlerinin b\u00f6lgede kalaca\u011f\u0131n\u0131 a\u00e7\u0131klayarak n\u00fckleer m\u00fczakereleri de\u011ferlendirdi.\",\"inLanguage\":\"tr\",\"potentialAction\":[{\"@type\":\"ReadAction\",\"target\":[\"https:\/\/epochtimestr.com\/index.php\/trump-iran-operasyonunun-surecegini-acikladi\"]}]},{\"@type\":\"ImageObject\",\"inLanguage\":\"tr\",\"@id\":\"https:\/\/epochtimestr.com\/index.php\/trump-iran-operasyonunun-surecegini-acikladi#primaryimage\",\"url\":\"https:\/\/epochtimestr.com\/wp-content\/uploads\/2011y\/1000039869.jpg\",\"contentUrl\":\"https:\/\/epochtimestr.com\/wp-content\/uploads\/2011y\/1000039869.jpg\",\"width\":1200,\"height\":800},{\"@type\":\"WebSite\",\"@id\":\"https:\/\/epochtimestr.com\/#website\",\"url\":\"https:\/\/epochtimestr.com\/\",\"name\":\"The Epoch Times TR\",\"description\":\"De\u011fi\u015fen D\u00fcnyam\u0131za Taze Bir Bak\u0131\u015f\",\"publisher\":{\"@id\":\"https:\/\/epochtimestr.com\/#organization\"},\"potentialAction\":[{\"@type\":\"SearchAction\",\"target\":{\"@type\":\"EntryPoint\",\"urlTemplate\":\"https:\/\/epochtimestr.com\/?s={search_term_string}\"},\"query-input\":\"required name=search_term_string\"}],\"inLanguage\":\"tr\"},{\"@type\":\"Organization\",\"@id\":\"https:\/\/epochtimestr.com\/#organization\",\"name\":\"The EpochTimes T\u00fcrkiye\",\"url\":\"https:\/\/epochtimestr.com\/\",\"logo\":{\"@type\":\"ImageObject\",\"inLanguage\":\"tr\",\"@id\":\"https:\/\/epochtimestr.com\/#\/schema\/logo\/image\/\",\"url\":\"https:\/\/epochtimestr.com\/wp-content\/uploads\/2011y\/ET-Logo-YG.jpg\",\"contentUrl\":\"https:\/\/epochtimestr.com\/wp-content\/uploads\/2011y\/ET-Logo-YG.jpg\",\"width\":346,\"height\":29,\"caption\":\"The EpochTimes T\u00fcrkiye\"},\"image\":{\"@id\":\"https:\/\/epochtimestr.com\/#\/schema\/logo\/image\/\"},\"sameAs\":[\"https:\/\/www.facebook.com\/theepochtimestr\",\"https:\/\/x.com\/TheEpochTimesTR\",\"https:\/\/www.instagram.com\/epochtimestr\"]},{\"@type\":\"Person\",\"@id\":\"https:\/\/epochtimestr.com\/#\/schema\/person\/5fef218711d76d8f232b0e1f1d7e4c0d\",\"name\":\"Leo Bajelan\",\"image\":{\"@type\":\"ImageObject\",\"inLanguage\":\"tr\",\"@id\":\"https:\/\/epochtimestr.com\/#\/schema\/person\/image\/\",\"url\":\"https:\/\/secure.gravatar.com\/avatar\/917669146f489549e548a2e9af272df5?s=96&d=mm&r=g\",\"contentUrl\":\"https:\/\/secure.gravatar.com\/avatar\/917669146f489549e548a2e9af272df5?s=96&d=mm&r=g\",\"caption\":\"Leo Bajelan\"},\"url\":\"https:\/\/epochtimestr.com\/index.php\/author\/leo\"}]}<\/script>\n<!-- \/ Yoast SEO plugin. -->","yoast_head_json":{"title":"Trump \u0130ran Operasyonunun S\u00fcrece\u011fini A\u00e7\u0131klad\u0131 - The Epoch Times TR","description":"Trump, \u0130ran operasyonu tamamlanana kadar ABD askerlerinin b\u00f6lgede kalaca\u011f\u0131n\u0131 a\u00e7\u0131klayarak n\u00fckleer m\u00fczakereleri de\u011ferlendirdi.","robots":{"index":"index","follow":"follow","max-snippet":"max-snippet:-1","max-image-preview":"max-image-preview:large","max-video-preview":"max-video-preview:-1"},"canonical":"https:\/\/epochtimestr.com\/index.php\/trump-iran-operasyonunun-surecegini-acikladi","og_locale":"tr_TR","og_type":"article","og_title":"Trump \u0130ran Operasyonunun S\u00fcrece\u011fini A\u00e7\u0131klad\u0131 - The Epoch Times TR","og_description":"Trump, \u0130ran operasyonu tamamlanana kadar ABD askerlerinin b\u00f6lgede kalaca\u011f\u0131n\u0131 a\u00e7\u0131klayarak n\u00fckleer m\u00fczakereleri de\u011ferlendirdi.","og_url":"https:\/\/epochtimestr.com\/index.php\/trump-iran-operasyonunun-surecegini-acikladi","og_site_name":"The Epoch Times TR","article_publisher":"https:\/\/www.facebook.com\/theepochtimestr","article_published_time":"2026-06-08T10:10:12+00:00","article_modified_time":"2026-06-08T10:10:14+00:00","og_image":[{"width":1200,"height":800,"url":"https:\/\/epochtimestr.com\/wp-content\/uploads\/2011y\/1000039869.jpg","type":"image\/jpeg"}],"author":"Leo Bajelan","twitter_card":"summary_large_image","twitter_creator":"@TheEpochTimesTR","twitter_site":"@TheEpochTimesTR","twitter_misc":{"Yazan:":"Leo Bajelan","Tahmini okuma s\u00fcresi":"2 dakika"},"schema":{"@context":"https:\/\/schema.org","@graph":[{"@type":"Article","@id":"https:\/\/epochtimestr.com\/index.php\/trump-iran-operasyonunun-surecegini-acikladi#article","isPartOf":{"@id":"https:\/\/epochtimestr.com\/index.php\/trump-iran-operasyonunun-surecegini-acikladi"},"author":{"name":"Leo Bajelan","@id":"https:\/\/epochtimestr.com\/#\/schema\/person\/5fef218711d76d8f232b0e1f1d7e4c0d"},"headline":"Trump \u0130ran Operasyonunun S\u00fcrece\u011fini A\u00e7\u0131klad\u0131","datePublished":"2026-06-08T10:10:12+00:00","dateModified":"2026-06-08T10:10:14+00:00","mainEntityOfPage":{"@id":"https:\/\/epochtimestr.com\/index.php\/trump-iran-operasyonunun-surecegini-acikladi"},"wordCount":352,"commentCount":0,"publisher":{"@id":"https:\/\/epochtimestr.com\/#organization"},"image":{"@id":"https:\/\/epochtimestr.com\/index.php\/trump-iran-operasyonunun-surecegini-acikladi#primaryimage"},"thumbnailUrl":"https:\/\/epochtimestr.com\/wp-content\/uploads\/2011y\/1000039869.jpg","keywords":["ABD \u0130ran sava\u015f\u0131","ABD operasyonlar\u0131","H\u00fcrm\u00fcz bo\u011faz\u0131","\u0130ran y\u00f6netimi","Trump","Uranyum"],"articleSection":["D\u00dcNYA","G\u00dcNDEM","MAN\u015eET"],"inLanguage":"tr","potentialAction":[{"@type":"CommentAction","name":"Comment","target":["https:\/\/epochtimestr.com\/index.php\/trump-iran-operasyonunun-surecegini-acikladi#respond"]}]},{"@type":"WebPage","@id":"https:\/\/epochtimestr.com\/index.php\/trump-iran-operasyonunun-surecegini-acikladi","url":"https:\/\/epochtimestr.com\/index.php\/trump-iran-operasyonunun-surecegini-acikladi","name":"Trump \u0130ran Operasyonunun S\u00fcrece\u011fini A\u00e7\u0131klad\u0131 - The Epoch Times TR","isPartOf":{"@id":"https:\/\/epochtimestr.com\/#website"},"primaryImageOfPage":{"@id":"https:\/\/epochtimestr.com\/index.php\/trump-iran-operasyonunun-surecegini-acikladi#primaryimage"},"image":{"@id":"https:\/\/epochtimestr.com\/index.php\/trump-iran-operasyonunun-surecegini-acikladi#primaryimage"},"thumbnailUrl":"https:\/\/epochtimestr.com\/wp-content\/uploads\/2011y\/1000039869.jpg","datePublished":"2026-06-08T10:10:12+00:00","dateModified":"2026-06-08T10:10:14+00:00","description":"Trump, \u0130ran operasyonu tamamlanana kadar ABD askerlerinin b\u00f6lgede kalaca\u011f\u0131n\u0131 a\u00e7\u0131klayarak n\u00fckleer m\u00fczakereleri de\u011ferlendirdi.","inLanguage":"tr","potentialAction":[{"@type":"ReadAction","target":["https:\/\/epochtimestr.com\/index.php\/trump-iran-operasyonunun-surecegini-acikladi"]}]},{"@type":"ImageObject","inLanguage":"tr","@id":"https:\/\/epochtimestr.com\/index.php\/trump-iran-operasyonunun-surecegini-acikladi#primaryimage","url":"https:\/\/epochtimestr.com\/wp-content\/uploads\/2011y\/1000039869.jpg","contentUrl":"https:\/\/epochtimestr.com\/wp-content\/uploads\/2011y\/1000039869.jpg","width":1200,"height":800},{"@type":"WebSite","@id":"https:\/\/epochtimestr.com\/#website","url":"https:\/\/epochtimestr.com\/","name":"The Epoch Times TR","description":"De\u011fi\u015fen D\u00fcnyam\u0131za Taze Bir Bak\u0131\u015f","publisher":{"@id":"https:\/\/epochtimestr.com\/#organization"},"potentialAction":[{"@type":"SearchAction","target":{"@type":"EntryPoint","urlTemplate":"https:\/\/epochtimestr.com\/?s={search_term_string}"},"query-input":"required name=search_term_string"}],"inLanguage":"tr"},{"@type":"Organization","@id":"https:\/\/epochtimestr.com\/#organization","name":"The EpochTimes T\u00fcrkiye","url":"https:\/\/epochtimestr.com\/","logo":{"@type":"ImageObject","inLanguage":"tr","@id":"https:\/\/epochtimestr.com\/#\/schema\/logo\/image\/","url":"https:\/\/epochtimestr.com\/wp-content\/uploads\/2011y\/ET-Logo-YG.jpg","contentUrl":"https:\/\/epochtimestr.com\/wp-content\/uploads\/2011y\/ET-Logo-YG.jpg","width":346,"height":29,"caption":"The EpochTimes T\u00fcrkiye"},"image":{"@id":"https:\/\/epochtimestr.com\/#\/schema\/logo\/image\/"},"sameAs":["https:\/\/www.facebook.com\/theepochtimestr","https:\/\/x.com\/TheEpochTimesTR","https:\/\/www.instagram.com\/epochtimestr"]},{"@type":"Person","@id":"https:\/\/epochtimestr.com\/#\/schema\/person\/5fef218711d76d8f232b0e1f1d7e4c0d","name":"Leo Bajelan","image":{"@type":"ImageObject","inLanguage":"tr","@id":"https:\/\/epochtimestr.com\/#\/schema\/person\/image\/","url":"https:\/\/secure.gravatar.com\/avatar\/917669146f489549e548a2e9af272df5?s=96&d=mm&r=g","contentUrl":"https:\/\/secure.gravatar.com\/avatar\/917669146f489549e548a2e9af272df5?s=96&d=mm&r=g","caption":"Leo Bajelan"},"url":"https:\/\/epochtimestr.com\/index.php\/author\/leo"}]}},"_links":{"self":[{"href":"https:\/\/epochtimestr.com\/index.php\/wp-json\/wp\/v2\/posts\/167741"}],"collection":[{"href":"https:\/\/epochtimestr.com\/index.php\/wp-json\/wp\/v2\/posts"}],"about":[{"href":"https:\/\/epochtimestr.com\/index.php\/wp-json\/wp\/v2\/types\/post"}],"author":[{"embeddable":true,"href":"https:\/\/epochtimestr.com\/index.php\/wp-json\/wp\/v2\/users\/13996"}],"replies":[{"embeddable":true,"href":"https:\/\/epochtimestr.com\/index.php\/wp-json\/wp\/v2\/comments?post=167741"}],"version-history":[{"count":2,"href":"https:\/\/epochtimestr.com\/index.php\/wp-json\/wp\/v2\/posts\/167741\/revisions"}],"predecessor-version":[{"id":167749,"href":"https:\/\/epochtimestr.com\/index.php\/wp-json\/wp\/v2\/posts\/167741\/revisions\/167749"}],"wp:featuredmedia":[{"embeddable":true,"href":"https:\/\/epochtimestr.com\/index.php\/wp-json\/wp\/v2\/media\/167743"}],"wp:attachment":[{"href":"https:\/\/epochtimestr.com\/index.php\/wp-json\/wp\/v2\/media?parent=167741"}],"wp:term":[{"taxonomy":"category","embeddable":true,"href":"https:\/\/epochtimestr.com\/index.php\/wp-json\/wp\/v2\/categories?post=167741"},{"taxonomy":"post_tag","embeddable":true,"href":"https:\/\/epochtimestr.com\/index.php\/wp-json\/wp\/v2\/tags?post=167741"}],"curies":[{"name":"wp","href":"https:\/\/api.w.org\/{rel}","templated":true}]}}