{"id":167752,"date":"2026-06-09T08:30:00","date_gmt":"2026-06-09T05:30:00","guid":{"rendered":"https:\/\/epochtimestr.com\/?p=167752"},"modified":"2026-06-08T20:48:08","modified_gmt":"2026-06-08T17:48:08","slug":"meslek-adamlari-birliginden-ornek-girisim","status":"publish","type":"post","link":"https:\/\/epochtimestr.com\/index.php\/meslek-adamlari-birliginden-ornek-girisim","title":{"rendered":"Meslek Adamlar\u0131 Birli\u011finden \u00d6rnek Giri\u015fim"},"content":{"rendered":"\n<p class=\"has-text-align-right\">\u201cNe zaman iyi bir \u015fey olmaya \u00e7al\u0131\u015fsa, k\u00f6t\u00fc bir \u015fey \u00f6nlemeye \u00e7al\u0131\u015f\u0131r\u201d<\/p>\n\n\n\n<p>3 Haziran tarihinde Meslek Adamlar\u0131 Birli\u011fi binas\u0131nda sosyal dan\u0131\u015fman Ali Kekliktepe, \u2018madde ba\u011f\u0131ml\u0131l\u0131\u011f\u0131na son\u2019 sunumu ger\u00e7ekle\u015ftirdi. MAB Ba\u015fkan\u0131 Nihat Kad\u0131o\u011flu oturumu y\u00f6netti. Sunum, dikkatli ve duyarl\u0131 izleyici kitlesi taraf\u0131ndan ilgiyle takip edildi ve yerinde sorular soruldu. Madde ba\u011f\u0131ml\u0131l\u0131\u011f\u0131n\u0131 \u00f6nlemeye y\u00f6nelik fikir egzersizleri yap\u0131ld\u0131. Davetliler konuya samimi ilgi g\u00f6sterdi. Zira \u2018herkes bir ba\u011f\u0131ml\u0131 aday\u0131d\u0131r\u2019. Engelliler i\u00e7in s\u00f6ylenen bu s\u00f6z pek\u00e2l\u00e2 madde ba\u011f\u0131ml\u0131l\u0131\u011f\u0131 i\u00e7in de kullan\u0131labilir.<\/p>\n\n\n\n<p>G\u00fcn\u00fcm\u00fczde ne yaz\u0131k ki her t\u00fcrden ba\u011f\u0131ml\u0131l\u0131k yapan sentetik ve do\u011fal uyu\u015fturucular, \u00fclkemizin en \u00fccra k\u00f6\u015felerine d\u00e2hi s\u0131zm\u0131\u015ft\u0131r. Meseleyi sadece b\u00fcy\u00fck\u015fehirler baz\u0131nda ele almak \u00e7ok yan\u0131lt\u0131c\u0131 olur. Kar\u015f\u0131m\u0131zda e\u015fi benzeri g\u00f6r\u00fclmemi\u015f, \u015feytani ve sinsi bir sorun vard\u0131r. \u00d6yle ki \u00fclkenin gen\u00e7leri, \u00e7ocuklar\u0131, k\u0131saca gelece\u011fi, b\u00fcy\u00fck risk alt\u0131ndad\u0131r.<\/p>\n\n\n\n<p>N\u00fcfus azalmas\u0131 beka sorunu iken, madde ba\u011f\u0131ml\u0131l\u0131\u011f\u0131 da ilave bir tehlike getirmektedir. Hem gen\u00e7 n\u00fcfus azl\u0131\u011f\u0131 var, hem de var olan gen\u00e7ler uyu\u015fturucu pen\u00e7esine d\u00fc\u015fmekteler. Bu durum \u00fclkemize iki kat y\u00fck getirmektedir. Meslek Adamlar\u0131 Birli\u011fi ba\u015fkan\u0131 ve \u00fcyeleri, sanayide eleman s\u0131k\u0131nt\u0131s\u0131 \u00e7ektiklerini her ortamda dile getirmektedirler. Onlar meslek sahibi olabilecek gen\u00e7ler ararken, gen\u00e7leri uyu\u015fturucu batakl\u0131\u011f\u0131na s\u00fcr\u00fcklemeye \u00e7al\u0131\u015fan mekanizmaya asla tahamm\u00fcl edilemez. Bununla her t\u00fcrl\u00fc imk\u00e2n\u0131 kullanarak m\u00fccadele edilmesi gerekir. Meslek Adamlar\u0131 Birli\u011fi \u00fcyeleri gen\u00e7lere kap\u0131lar\u0131n\u0131n a\u00e7\u0131k oldu\u011funu vurgulad\u0131lar ve onlar\u0131 meslek \u00f6\u011frenmeye davet ettiler.<\/p>\n\n\n\n<p>Dan\u0131\u015fman Kekliktepe, gen\u00e7lere \u00e7ok \u00f6nemli tavsiyelerde bulundu. \u201cBir kereden bir \u015fey olmaz\u201d s\u00f6z\u00fcn\u00fcn gen\u00e7ler i\u00e7in sinsi bir s\u00f6z oldu\u011funu ve b\u00fcy\u00fck tehlike arz etti\u011fini vurgulad\u0131. O s\u00f6z ayn\u0131 zamanda ba\u011f\u0131ml\u0131l\u0131\u011f\u0131 ba\u015flatan s\u00f6zd\u00fcr. Hi\u00e7bir ba\u011f\u0131ml\u0131l\u0131\u011f\u0131n masum ve tek kerelik oldu\u011funu d\u00fc\u015f\u00fcnmemek gerekir. Evet, bir kereden \u00e7ok \u015fey olur. E\u011fer arkada\u015f hat\u0131r\u0131na yan\u0131l\u0131p, kap\u0131l\u0131p yanl\u0131\u015f i\u015flere bula\u015f\u0131rsan\u0131z bu, t\u00fcm toplumu olumsuz y\u00f6nde etkileyen dramlara sahne olmaktad\u0131r &#8211; ki bug\u00fcn bir polis baba, maalesef tart\u0131\u015ft\u0131\u011f\u0131 ba\u011f\u0131ml\u0131 o\u011flunu \u00f6ld\u00fcrm\u00fc\u015ft\u00fcr. T\u00fcm \u00fclkede \u015fok etkisi yaratan elim hadise, herkesi \u00fcz\u00fcnt\u00fcye bo\u011fmu\u015ftur.<\/p>\n\n\n\n<p>Fark\u0131ndal\u0131k geli\u015ftirmek ve \u00e7ocu\u011fun davran\u0131\u015f de\u011fi\u015fikliklerini g\u00f6zlemlemek, ba\u011f\u0131ml\u0131l\u0131\u011f\u0131n ilk ba\u015flar\u0131nda \u00f6nemlidir, hayat kurtar\u0131r. Aileye, okula, i\u015fyerine burada b\u00fcy\u00fck sorumluluklar d\u00fc\u015fmektedir. \u00c7ocuktaki garip davran\u0131\u015f bozukluklar\u0131n\u0131 fark ederek gerekli ilgiliyi, m\u00fcdahaleyi ve sevgiyi ona g\u00f6stermemiz gerekmektedir. Sevgi ve ilgiyle b\u00fcy\u00fcyen \u00e7ocuklar genellikle madde ba\u011f\u0131ml\u0131l\u0131\u011f\u0131na yakalanmamaktad\u0131r.<\/p>\n\n\n\n<p>Bu durumda b\u00f6l\u00fcnm\u00fc\u015f aileler risk alt\u0131ndad\u0131r. Bo\u015fanm\u0131\u015f \u00e7iftler en b\u00fcy\u00fck zarar\u0131 yaln\u0131z kalan \u00e7ocuklara vermektedir. Anne veya baban\u0131n sevgi ve ilgisinden yoksun \u00e7ocuklar ve gen\u00e7ler daha kolay dolamba\u00e7l\u0131 yollara sapmaktad\u0131r.<\/p>\n\n\n\n<p>\u201cHay\u0131r\u201d demek \u00e7ok \u00f6nemli ve gereklidir. Gelen tad\u0131ml\u0131k tekliflere dur demeyi bilmek laz\u0131md\u0131r. Ba\u011f\u0131ml\u0131lar ba\u015fta aileye olmak \u00fczere t\u00fcm topluma tehdittir. Doz art\u0131r\u0131m\u0131 \u00f6l\u00fcme kadar g\u00f6t\u00fcr\u00fcr. Bor\u00e7lanma, \u015fiddet e\u011filimi, gasp, h\u0131rs\u0131zl\u0131k, hapse d\u00fc\u015fme tehlikesi ve her t\u00fcrl\u00fc k\u00f6t\u00fcl\u00fck, ba\u011f\u0131ml\u0131lar\u0131 beklemektedir.<\/p>\n\n\n\n<p>Ba\u011f\u0131ml\u0131l\u0131\u011fa g\u00f6t\u00fcren bir di\u011fer yol da bo\u015flu\u011fa d\u00fc\u015fmektir. Hedefsiz insan, s\u0131k\u0131lan insan, k\u00f6t\u00fc al\u0131\u015fkanl\u0131klara yatk\u0131nd\u0131r. Meslek \u00f6\u011frenmek, \u00e7al\u0131\u015fmak, hobiler edinmek, spor yapmak, kendini herhangi bir konuda geli\u015ftirmeye \u00e7al\u0131\u015fmak, \u00f6\u011frenme iste\u011fi, insan\u0131 bir\u00e7ok k\u00f6t\u00fcl\u00fcklerden korur.<\/p>\n\n\n\n<p>Sosyal medyada ama\u00e7s\u0131zca video kayd\u0131ran, cep telefonundan k\u00f6t\u00fc al\u0131\u015fkanl\u0131klar edinen \u00e7ocuk ve gen\u00e7lerimize farkl\u0131 se\u00e7enekler sunmak zorunday\u0131z. Ba\u011f\u0131ml\u0131l\u0131\u011f\u0131n her t\u00fcrl\u00fcs\u00fc k\u00f6t\u00fcd\u00fcr. Fakat \u00e7aresi de vard\u0131r. Tedavisi, ilac\u0131, dan\u0131\u015fma merkezleri, rehabilitasyon klinikleri vard\u0131r.<\/p>\n\n\n\n<p>Sa\u011fl\u0131k Bakanl\u0131\u011f\u0131 dan\u0131\u015fma hatt\u0131 191\u2019e g\u00fcn\u00fcn her saati ula\u015f\u0131labilir. Telefondaki dan\u0131\u015fman sizinle ilgilenecek, yol g\u00f6sterecektir. \u00c7ekinmeden aramak gerekir. Yine Ye\u015filay dan\u0131\u015fma hatt\u0131 da vatanda\u015f\u0131n her daim hizmetindedir.<\/p>\n","protected":false},"excerpt":{"rendered":"<p>\u201cNe zaman iyi bir \u015fey olmaya \u00e7al\u0131\u015fsa, k\u00f6t\u00fc bir \u015fey \u00f6nlemeye \u00e7al\u0131\u015f\u0131r\u201d 3 Haziran tarihinde Meslek Adamlar\u0131 Birli\u011fi binas\u0131nda sosyal dan\u0131\u015fman Ali Kekliktepe, \u2018madde ba\u011f\u0131ml\u0131l\u0131\u011f\u0131na son\u2019 sunumu ger\u00e7ekle\u015ftirdi. MAB Ba\u015fkan\u0131 Nihat Kad\u0131o\u011flu oturumu y\u00f6netti. Sunum, dikkatli ve duyarl\u0131 izleyici kitlesi taraf\u0131ndan ilgiyle takip edildi ve yerinde sorular soruldu. Madde ba\u011f\u0131ml\u0131l\u0131\u011f\u0131n\u0131 \u00f6nlemeye y\u00f6nelik fikir egzersizleri yap\u0131ld\u0131. [&hellip;]<\/p>\n","protected":false},"author":14001,"featured_media":161038,"comment_status":"open","ping_status":"open","sticky":false,"template":"","format":"standard","meta":{"_yoast_wpseo_focuskw":"madde ba\u011f\u0131ml\u0131l\u0131\u011f\u0131","_yoast_wpseo_title":"","_yoast_wpseo_metadesc":"3 Haziran tarihinde Meslek Adamlar\u0131 Birli\u011fi binas\u0131nda sosyal dan\u0131\u015fman Ali Kekliktepe, \u2018madde ba\u011f\u0131ml\u0131l\u0131\u011f\u0131na son\u2019 sunumu ger\u00e7ekle\u015ftirdi.","_bbp_topic_count":0,"_bbp_reply_count":0,"_bbp_total_topic_count":0,"_bbp_total_reply_count":0,"_bbp_voice_count":0,"_bbp_anonymous_reply_count":0,"_bbp_topic_count_hidden":0,"_bbp_reply_count_hidden":0,"_bbp_forum_subforum_count":0,"footnotes":"","_yoast_wpseo_focuskw_text_input":""},"categories":[9170],"tags":[],"yoast_head":"<!-- This site is optimized with the Yoast SEO plugin v23.0 - https:\/\/yoast.com\/wordpress\/plugins\/seo\/ -->\n<title>Meslek Adamlar\u0131 Birli\u011finden \u00d6rnek Giri\u015fim - The Epoch Times TR<\/title>\n<meta name=\"description\" content=\"3 Haziran tarihinde Meslek Adamlar\u0131 Birli\u011fi binas\u0131nda sosyal dan\u0131\u015fman Ali Kekliktepe, \u2018madde ba\u011f\u0131ml\u0131l\u0131\u011f\u0131na son\u2019 sunumu ger\u00e7ekle\u015ftirdi.\" \/>\n<meta name=\"robots\" content=\"index, follow, max-snippet:-1, max-image-preview:large, max-video-preview:-1\" \/>\n<link rel=\"canonical\" href=\"https:\/\/epochtimestr.com\/index.php\/meslek-adamlari-birliginden-ornek-girisim\" \/>\n<meta property=\"og:locale\" content=\"tr_TR\" \/>\n<meta property=\"og:type\" content=\"article\" \/>\n<meta property=\"og:title\" content=\"Meslek Adamlar\u0131 Birli\u011finden \u00d6rnek Giri\u015fim - The Epoch Times TR\" \/>\n<meta property=\"og:description\" content=\"3 Haziran tarihinde Meslek Adamlar\u0131 Birli\u011fi binas\u0131nda sosyal dan\u0131\u015fman Ali Kekliktepe, \u2018madde ba\u011f\u0131ml\u0131l\u0131\u011f\u0131na son\u2019 sunumu ger\u00e7ekle\u015ftirdi.\" \/>\n<meta property=\"og:url\" content=\"https:\/\/epochtimestr.com\/index.php\/meslek-adamlari-birliginden-ornek-girisim\" \/>\n<meta property=\"og:site_name\" content=\"The Epoch Times TR\" \/>\n<meta property=\"article:publisher\" content=\"https:\/\/www.facebook.com\/theepochtimestr\" \/>\n<meta property=\"article:published_time\" content=\"2026-06-09T05:30:00+00:00\" \/>\n<meta property=\"article:modified_time\" content=\"2026-06-08T17:48:08+00:00\" \/>\n<meta property=\"og:image\" content=\"https:\/\/epochtimestr.com\/wp-content\/uploads\/2011y\/BEKIR-ZORBA-SM-2.png\" \/>\n\t<meta property=\"og:image:width\" content=\"1200\" \/>\n\t<meta property=\"og:image:height\" content=\"630\" \/>\n\t<meta property=\"og:image:type\" content=\"image\/png\" \/>\n<meta name=\"author\" content=\"Bekir Zorba\" \/>\n<meta name=\"twitter:card\" content=\"summary_large_image\" \/>\n<meta name=\"twitter:creator\" content=\"@TheEpochTimesTR\" \/>\n<meta name=\"twitter:site\" content=\"@TheEpochTimesTR\" \/>\n<meta name=\"twitter:label1\" content=\"Yazan:\" \/>\n\t<meta name=\"twitter:data1\" content=\"Bekir Zorba\" \/>\n\t<meta name=\"twitter:label2\" content=\"Tahmini okuma s\u00fcresi\" \/>\n\t<meta name=\"twitter:data2\" content=\"4 dakika\" \/>\n<script type=\"application\/ld+json\" class=\"yoast-schema-graph\">{\"@context\":\"https:\/\/schema.org\",\"@graph\":[{\"@type\":\"Article\",\"@id\":\"https:\/\/epochtimestr.com\/index.php\/meslek-adamlari-birliginden-ornek-girisim#article\",\"isPartOf\":{\"@id\":\"https:\/\/epochtimestr.com\/index.php\/meslek-adamlari-birliginden-ornek-girisim\"},\"author\":{\"name\":\"Bekir Zorba\",\"@id\":\"https:\/\/epochtimestr.com\/#\/schema\/person\/da1ad104599611965442ed3e7e9acb2b\"},\"headline\":\"Meslek Adamlar\u0131 Birli\u011finden \u00d6rnek Giri\u015fim\",\"datePublished\":\"2026-06-09T05:30:00+00:00\",\"dateModified\":\"2026-06-08T17:48:08+00:00\",\"mainEntityOfPage\":{\"@id\":\"https:\/\/epochtimestr.com\/index.php\/meslek-adamlari-birliginden-ornek-girisim\"},\"wordCount\":773,\"commentCount\":1,\"publisher\":{\"@id\":\"https:\/\/epochtimestr.com\/#organization\"},\"image\":{\"@id\":\"https:\/\/epochtimestr.com\/index.php\/meslek-adamlari-birliginden-ornek-girisim#primaryimage\"},\"thumbnailUrl\":\"https:\/\/epochtimestr.com\/wp-content\/uploads\/2011y\/Bekir-Zorba.png\",\"articleSection\":[\"K\u00f6\u015fe Yaz\u0131lar\u0131 Bekir Zorba\"],\"inLanguage\":\"tr\",\"potentialAction\":[{\"@type\":\"CommentAction\",\"name\":\"Comment\",\"target\":[\"https:\/\/epochtimestr.com\/index.php\/meslek-adamlari-birliginden-ornek-girisim#respond\"]}]},{\"@type\":\"WebPage\",\"@id\":\"https:\/\/epochtimestr.com\/index.php\/meslek-adamlari-birliginden-ornek-girisim\",\"url\":\"https:\/\/epochtimestr.com\/index.php\/meslek-adamlari-birliginden-ornek-girisim\",\"name\":\"Meslek Adamlar\u0131 Birli\u011finden \u00d6rnek Giri\u015fim - The Epoch Times TR\",\"isPartOf\":{\"@id\":\"https:\/\/epochtimestr.com\/#website\"},\"primaryImageOfPage\":{\"@id\":\"https:\/\/epochtimestr.com\/index.php\/meslek-adamlari-birliginden-ornek-girisim#primaryimage\"},\"image\":{\"@id\":\"https:\/\/epochtimestr.com\/index.php\/meslek-adamlari-birliginden-ornek-girisim#primaryimage\"},\"thumbnailUrl\":\"https:\/\/epochtimestr.com\/wp-content\/uploads\/2011y\/Bekir-Zorba.png\",\"datePublished\":\"2026-06-09T05:30:00+00:00\",\"dateModified\":\"2026-06-08T17:48:08+00:00\",\"description\":\"3 Haziran tarihinde Meslek Adamlar\u0131 Birli\u011fi binas\u0131nda sosyal dan\u0131\u015fman Ali Kekliktepe, \u2018madde ba\u011f\u0131ml\u0131l\u0131\u011f\u0131na son\u2019 sunumu ger\u00e7ekle\u015ftirdi.\",\"inLanguage\":\"tr\",\"potentialAction\":[{\"@type\":\"ReadAction\",\"target\":[\"https:\/\/epochtimestr.com\/index.php\/meslek-adamlari-birliginden-ornek-girisim\"]}]},{\"@type\":\"ImageObject\",\"inLanguage\":\"tr\",\"@id\":\"https:\/\/epochtimestr.com\/index.php\/meslek-adamlari-birliginden-ornek-girisim#primaryimage\",\"url\":\"https:\/\/epochtimestr.com\/wp-content\/uploads\/2011y\/Bekir-Zorba.png\",\"contentUrl\":\"https:\/\/epochtimestr.com\/wp-content\/uploads\/2011y\/Bekir-Zorba.png\",\"width\":600,\"height\":600},{\"@type\":\"WebSite\",\"@id\":\"https:\/\/epochtimestr.com\/#website\",\"url\":\"https:\/\/epochtimestr.com\/\",\"name\":\"The Epoch Times TR\",\"description\":\"De\u011fi\u015fen D\u00fcnyam\u0131za Taze Bir Bak\u0131\u015f\",\"publisher\":{\"@id\":\"https:\/\/epochtimestr.com\/#organization\"},\"potentialAction\":[{\"@type\":\"SearchAction\",\"target\":{\"@type\":\"EntryPoint\",\"urlTemplate\":\"https:\/\/epochtimestr.com\/?s={search_term_string}\"},\"query-input\":\"required name=search_term_string\"}],\"inLanguage\":\"tr\"},{\"@type\":\"Organization\",\"@id\":\"https:\/\/epochtimestr.com\/#organization\",\"name\":\"The EpochTimes T\u00fcrkiye\",\"url\":\"https:\/\/epochtimestr.com\/\",\"logo\":{\"@type\":\"ImageObject\",\"inLanguage\":\"tr\",\"@id\":\"https:\/\/epochtimestr.com\/#\/schema\/logo\/image\/\",\"url\":\"https:\/\/epochtimestr.com\/wp-content\/uploads\/2011y\/ET-Logo-YG.jpg\",\"contentUrl\":\"https:\/\/epochtimestr.com\/wp-content\/uploads\/2011y\/ET-Logo-YG.jpg\",\"width\":346,\"height\":29,\"caption\":\"The EpochTimes T\u00fcrkiye\"},\"image\":{\"@id\":\"https:\/\/epochtimestr.com\/#\/schema\/logo\/image\/\"},\"sameAs\":[\"https:\/\/www.facebook.com\/theepochtimestr\",\"https:\/\/x.com\/TheEpochTimesTR\",\"https:\/\/www.instagram.com\/epochtimestr\"]},{\"@type\":\"Person\",\"@id\":\"https:\/\/epochtimestr.com\/#\/schema\/person\/da1ad104599611965442ed3e7e9acb2b\",\"name\":\"Bekir Zorba\",\"image\":{\"@type\":\"ImageObject\",\"inLanguage\":\"tr\",\"@id\":\"https:\/\/epochtimestr.com\/#\/schema\/person\/image\/\",\"url\":\"https:\/\/secure.gravatar.com\/avatar\/eafd40d9b77b1fbf7c565a3d4916b79c?s=96&d=mm&r=g\",\"contentUrl\":\"https:\/\/secure.gravatar.com\/avatar\/eafd40d9b77b1fbf7c565a3d4916b79c?s=96&d=mm&r=g\",\"caption\":\"Bekir Zorba\"},\"url\":\"https:\/\/epochtimestr.com\/index.php\/author\/bekir\"}]}<\/script>\n<!-- \/ Yoast SEO plugin. -->","yoast_head_json":{"title":"Meslek Adamlar\u0131 Birli\u011finden \u00d6rnek Giri\u015fim - The Epoch Times TR","description":"3 Haziran tarihinde Meslek Adamlar\u0131 Birli\u011fi binas\u0131nda sosyal dan\u0131\u015fman Ali Kekliktepe, \u2018madde ba\u011f\u0131ml\u0131l\u0131\u011f\u0131na son\u2019 sunumu ger\u00e7ekle\u015ftirdi.","robots":{"index":"index","follow":"follow","max-snippet":"max-snippet:-1","max-image-preview":"max-image-preview:large","max-video-preview":"max-video-preview:-1"},"canonical":"https:\/\/epochtimestr.com\/index.php\/meslek-adamlari-birliginden-ornek-girisim","og_locale":"tr_TR","og_type":"article","og_title":"Meslek Adamlar\u0131 Birli\u011finden \u00d6rnek Giri\u015fim - The Epoch Times TR","og_description":"3 Haziran tarihinde Meslek Adamlar\u0131 Birli\u011fi binas\u0131nda sosyal dan\u0131\u015fman Ali Kekliktepe, \u2018madde ba\u011f\u0131ml\u0131l\u0131\u011f\u0131na son\u2019 sunumu ger\u00e7ekle\u015ftirdi.","og_url":"https:\/\/epochtimestr.com\/index.php\/meslek-adamlari-birliginden-ornek-girisim","og_site_name":"The Epoch Times TR","article_publisher":"https:\/\/www.facebook.com\/theepochtimestr","article_published_time":"2026-06-09T05:30:00+00:00","article_modified_time":"2026-06-08T17:48:08+00:00","og_image":[{"width":1200,"height":630,"url":"https:\/\/epochtimestr.com\/wp-content\/uploads\/2011y\/BEKIR-ZORBA-SM-2.png","type":"image\/png"}],"author":"Bekir Zorba","twitter_card":"summary_large_image","twitter_creator":"@TheEpochTimesTR","twitter_site":"@TheEpochTimesTR","twitter_misc":{"Yazan:":"Bekir Zorba","Tahmini okuma s\u00fcresi":"4 dakika"},"schema":{"@context":"https:\/\/schema.org","@graph":[{"@type":"Article","@id":"https:\/\/epochtimestr.com\/index.php\/meslek-adamlari-birliginden-ornek-girisim#article","isPartOf":{"@id":"https:\/\/epochtimestr.com\/index.php\/meslek-adamlari-birliginden-ornek-girisim"},"author":{"name":"Bekir Zorba","@id":"https:\/\/epochtimestr.com\/#\/schema\/person\/da1ad104599611965442ed3e7e9acb2b"},"headline":"Meslek Adamlar\u0131 Birli\u011finden \u00d6rnek Giri\u015fim","datePublished":"2026-06-09T05:30:00+00:00","dateModified":"2026-06-08T17:48:08+00:00","mainEntityOfPage":{"@id":"https:\/\/epochtimestr.com\/index.php\/meslek-adamlari-birliginden-ornek-girisim"},"wordCount":773,"commentCount":1,"publisher":{"@id":"https:\/\/epochtimestr.com\/#organization"},"image":{"@id":"https:\/\/epochtimestr.com\/index.php\/meslek-adamlari-birliginden-ornek-girisim#primaryimage"},"thumbnailUrl":"https:\/\/epochtimestr.com\/wp-content\/uploads\/2011y\/Bekir-Zorba.png","articleSection":["K\u00f6\u015fe Yaz\u0131lar\u0131 Bekir Zorba"],"inLanguage":"tr","potentialAction":[{"@type":"CommentAction","name":"Comment","target":["https:\/\/epochtimestr.com\/index.php\/meslek-adamlari-birliginden-ornek-girisim#respond"]}]},{"@type":"WebPage","@id":"https:\/\/epochtimestr.com\/index.php\/meslek-adamlari-birliginden-ornek-girisim","url":"https:\/\/epochtimestr.com\/index.php\/meslek-adamlari-birliginden-ornek-girisim","name":"Meslek Adamlar\u0131 Birli\u011finden \u00d6rnek Giri\u015fim - The Epoch Times TR","isPartOf":{"@id":"https:\/\/epochtimestr.com\/#website"},"primaryImageOfPage":{"@id":"https:\/\/epochtimestr.com\/index.php\/meslek-adamlari-birliginden-ornek-girisim#primaryimage"},"image":{"@id":"https:\/\/epochtimestr.com\/index.php\/meslek-adamlari-birliginden-ornek-girisim#primaryimage"},"thumbnailUrl":"https:\/\/epochtimestr.com\/wp-content\/uploads\/2011y\/Bekir-Zorba.png","datePublished":"2026-06-09T05:30:00+00:00","dateModified":"2026-06-08T17:48:08+00:00","description":"3 Haziran tarihinde Meslek Adamlar\u0131 Birli\u011fi binas\u0131nda sosyal dan\u0131\u015fman Ali Kekliktepe, \u2018madde ba\u011f\u0131ml\u0131l\u0131\u011f\u0131na son\u2019 sunumu ger\u00e7ekle\u015ftirdi.","inLanguage":"tr","potentialAction":[{"@type":"ReadAction","target":["https:\/\/epochtimestr.com\/index.php\/meslek-adamlari-birliginden-ornek-girisim"]}]},{"@type":"ImageObject","inLanguage":"tr","@id":"https:\/\/epochtimestr.com\/index.php\/meslek-adamlari-birliginden-ornek-girisim#primaryimage","url":"https:\/\/epochtimestr.com\/wp-content\/uploads\/2011y\/Bekir-Zorba.png","contentUrl":"https:\/\/epochtimestr.com\/wp-content\/uploads\/2011y\/Bekir-Zorba.png","width":600,"height":600},{"@type":"WebSite","@id":"https:\/\/epochtimestr.com\/#website","url":"https:\/\/epochtimestr.com\/","name":"The Epoch Times TR","description":"De\u011fi\u015fen D\u00fcnyam\u0131za Taze Bir Bak\u0131\u015f","publisher":{"@id":"https:\/\/epochtimestr.com\/#organization"},"potentialAction":[{"@type":"SearchAction","target":{"@type":"EntryPoint","urlTemplate":"https:\/\/epochtimestr.com\/?s={search_term_string}"},"query-input":"required name=search_term_string"}],"inLanguage":"tr"},{"@type":"Organization","@id":"https:\/\/epochtimestr.com\/#organization","name":"The EpochTimes T\u00fcrkiye","url":"https:\/\/epochtimestr.com\/","logo":{"@type":"ImageObject","inLanguage":"tr","@id":"https:\/\/epochtimestr.com\/#\/schema\/logo\/image\/","url":"https:\/\/epochtimestr.com\/wp-content\/uploads\/2011y\/ET-Logo-YG.jpg","contentUrl":"https:\/\/epochtimestr.com\/wp-content\/uploads\/2011y\/ET-Logo-YG.jpg","width":346,"height":29,"caption":"The EpochTimes T\u00fcrkiye"},"image":{"@id":"https:\/\/epochtimestr.com\/#\/schema\/logo\/image\/"},"sameAs":["https:\/\/www.facebook.com\/theepochtimestr","https:\/\/x.com\/TheEpochTimesTR","https:\/\/www.instagram.com\/epochtimestr"]},{"@type":"Person","@id":"https:\/\/epochtimestr.com\/#\/schema\/person\/da1ad104599611965442ed3e7e9acb2b","name":"Bekir Zorba","image":{"@type":"ImageObject","inLanguage":"tr","@id":"https:\/\/epochtimestr.com\/#\/schema\/person\/image\/","url":"https:\/\/secure.gravatar.com\/avatar\/eafd40d9b77b1fbf7c565a3d4916b79c?s=96&d=mm&r=g","contentUrl":"https:\/\/secure.gravatar.com\/avatar\/eafd40d9b77b1fbf7c565a3d4916b79c?s=96&d=mm&r=g","caption":"Bekir Zorba"},"url":"https:\/\/epochtimestr.com\/index.php\/author\/bekir"}]}},"_links":{"self":[{"href":"https:\/\/epochtimestr.com\/index.php\/wp-json\/wp\/v2\/posts\/167752"}],"collection":[{"href":"https:\/\/epochtimestr.com\/index.php\/wp-json\/wp\/v2\/posts"}],"about":[{"href":"https:\/\/epochtimestr.com\/index.php\/wp-json\/wp\/v2\/types\/post"}],"author":[{"embeddable":true,"href":"https:\/\/epochtimestr.com\/index.php\/wp-json\/wp\/v2\/users\/14001"}],"replies":[{"embeddable":true,"href":"https:\/\/epochtimestr.com\/index.php\/wp-json\/wp\/v2\/comments?post=167752"}],"version-history":[{"count":1,"href":"https:\/\/epochtimestr.com\/index.php\/wp-json\/wp\/v2\/posts\/167752\/revisions"}],"predecessor-version":[{"id":167753,"href":"https:\/\/epochtimestr.com\/index.php\/wp-json\/wp\/v2\/posts\/167752\/revisions\/167753"}],"wp:featuredmedia":[{"embeddable":true,"href":"https:\/\/epochtimestr.com\/index.php\/wp-json\/wp\/v2\/media\/161038"}],"wp:attachment":[{"href":"https:\/\/epochtimestr.com\/index.php\/wp-json\/wp\/v2\/media?parent=167752"}],"wp:term":[{"taxonomy":"category","embeddable":true,"href":"https:\/\/epochtimestr.com\/index.php\/wp-json\/wp\/v2\/categories?post=167752"},{"taxonomy":"post_tag","embeddable":true,"href":"https:\/\/epochtimestr.com\/index.php\/wp-json\/wp\/v2\/tags?post=167752"}],"curies":[{"name":"wp","href":"https:\/\/api.w.org\/{rel}","templated":true}]}}