{"id":167773,"date":"2026-06-10T09:38:08","date_gmt":"2026-06-10T06:38:08","guid":{"rendered":"https:\/\/epochtimestr.com\/?p=167773"},"modified":"2026-06-10T09:40:12","modified_gmt":"2026-06-10T06:40:12","slug":"yaz-yagmurlu-bir-gunden","status":"publish","type":"post","link":"https:\/\/epochtimestr.com\/index.php\/yaz-yagmurlu-bir-gunden","title":{"rendered":"Yaz Ya\u011fmurlu Bir G\u00fcnden"},"content":{"rendered":"\n<p><em>Bizim yaylada, d\u00fc\u015ferek \u00e7atlatt\u0131\u011f\u0131m aya\u011f\u0131m\u0131n \u00fcst\u00fcne basmamam gerekti\u011fi i\u00e7in, bol ya\u011fmurlu manzara seyrederken, y\u0131llar\u0131 biraz geriye sararak yazd\u0131\u011f\u0131m yaz\u0131m\u0131 sizlerle payla\u015fmak istiyorum.<\/em><\/p>\n\n\n<div class=\"wp-block-image\">\n<figure class=\"aligncenter size-full\"><img loading=\"lazy\" decoding=\"async\" width=\"387\" height=\"463\" src=\"https:\/\/epochtimestr.com\/wp-content\/uploads\/2011y\/image-399.png\" alt=\"\" class=\"wp-image-167775\" srcset=\"https:\/\/epochtimestr.com\/wp-content\/uploads\/2011y\/image-399.png 387w, https:\/\/epochtimestr.com\/wp-content\/uploads\/2011y\/image-399-251x300.png 251w, https:\/\/epochtimestr.com\/wp-content\/uploads\/2011y\/image-399-125x150.png 125w\" sizes=\"(max-width: 387px) 100vw, 387px\" \/><figcaption class=\"wp-element-caption\">Foto\u011fraf: \u015eerife Eser<\/figcaption><\/figure><\/div>\n\n\n<p>Laleli Yaz Soka\u011f\u0131&#8217;n\u0131n \u00fcst\u00fcne \u00e7\u00f6ken gri bulutlar sabah\u0131n erken saatlerinden beri da\u011f\u0131lm\u0131yordu. G\u00f6ky\u00fcz\u00fc sanki g\u00fcnlerdir i\u00e7inde biriktirdi\u011fi hasreti topra\u011fa b\u0131rakmak ister gibi a\u011f\u0131r a\u011f\u0131r karar\u0131yordu. Vadiye bakan evimin penceresinden d\u0131\u015far\u0131y\u0131 seyrediyordum. Kar\u015f\u0131 tepelerdeki a\u011fa\u00e7lar r\u00fczg\u00e2r\u0131n \u00f6n\u00fcnde e\u011filip kalk\u0131yor, dallar\u0131ndaki yapraklar f\u0131rt\u0131nan\u0131n sert nefesiyle savruluyordu.<\/p>\n\n\n\n<p>Hayallerim kom\u015fu d\u00fc\u015f\u00fcncelere hi\u00e7 uymuyor art\u0131k. Eskiden bu sokaklarda \u00e7ocuk sesleri yank\u0131lan\u0131rd\u0131. Ak\u015fam\u00fcstleri evlerin \u00f6n\u00fcne sandalyeler \u00e7\u0131kar\u0131l\u0131r, kad\u0131nlar sohbet eder, gen\u00e7ler gelecek hayalleri kurard\u0131. \u015eimdi ise gen\u00e7ler kalmad\u0131 buralarda. Memleket dertleriyle bo\u011fu\u015furken, ekmek kavgas\u0131n\u0131n pe\u015fine d\u00fc\u015f\u00fcp do\u011fup b\u00fcy\u00fcd\u00fckleri yerleri anne ve babalar\u0131na b\u0131rakt\u0131lar.<\/p>\n\n\n\n<p>Soka\u011f\u0131n ba\u015f\u0131ndaki evin pencereleri aylard\u0131r a\u00e7\u0131lm\u0131yor. Kar\u015f\u0131 kom\u015funun bah\u00e7esindeki erik a\u011fac\u0131 yine meyve verdi ama toplayacak kimse yok. Birka\u00e7 evde yaln\u0131z ya\u015fayan ya\u015fl\u0131 insanlar kald\u0131. Her biri g\u00fcn boyu bir telefon sesi duymay\u0131, kap\u0131n\u0131n \u00e7almas\u0131n\u0131 bekliyor. Gidenler \u00f6zl\u00fcyor, kalanlar \u00f6zl\u00fcyor. Hasret iki tarafl\u0131 bir yara gibi b\u00fcy\u00fcyor.<\/p>\n\n\n\n<p>Belki oralarda da inciniyorlard\u0131r. Belki i\u015f \u00e7\u0131k\u0131\u015f\u0131 yorgun arg\u0131n d\u00f6nerken \u00e7ocukluklar\u0131n\u0131n ge\u00e7ti\u011fi bu sokaklar\u0131 hat\u0131rl\u0131yorlard\u0131r; kim bilir? \u0130nsan bazen en \u00e7ok uza\u011f\u0131nda kald\u0131\u011f\u0131 yerlere \u00f6zlem duyar.<\/p>\n\n\n\n<p>O s\u0131rada g\u00f6ky\u00fcz\u00fc birden g\u00fcrledi. \u015eim\u015fekler vadiyi ba\u015ftan sona ayd\u0131nlatt\u0131. Ard\u0131ndan iri ya\u011fmur damlalar\u0131 d\u00fc\u015fmeye ba\u015flad\u0131. F\u0131rt\u0131nayla gelen ya\u011fmur, Laleli Yaz Soka\u011f\u0131&#8217;n\u0131 k\u0131sa s\u00fcrede sessizli\u011fe g\u00f6md\u00fc. Ya\u011fmurun sesi o kadar g\u00fc\u00e7l\u00fcyd\u00fc ki sanki g\u00f6k yar\u0131lm\u0131\u015ft\u0131. R\u00fczg\u00e2r\u0131n u\u011fultusu evlerin aras\u0131ndan ge\u00e7erken insan\u0131n i\u00e7ine bilinmeyen korkular sal\u0131yordu.<\/p>\n\n\n\n<p>Pencerenin \u00f6n\u00fcnde duran sardunyalar\u0131n \u00e7i\u00e7ekleri birer birer d\u00f6k\u00fcl\u00fcyordu. Onlar\u0131n savrulu\u015funu seyrederken i\u00e7imde eski y\u0131llar\u0131n hat\u0131ralar\u0131 canland\u0131. Bir zamanlar bu sokakta d\u00fc\u011f\u00fcnler yap\u0131l\u0131rd\u0131. Bayram sabahlar\u0131 \u00e7ocuklar ko\u015farak kap\u0131lara gelir, \u015feker toplard\u0131. \u015eimdi ise an\u0131lar kalm\u0131\u015ft\u0131 geriye. \u0130nsan bazen kendi ge\u00e7mi\u015finin bek\u00e7isi oluyor.<\/p>\n\n\n\n<p>\u00c7ay\u0131n buhar\u0131 ince ince y\u00fckselirken masan\u0131n \u00fczerindeki simide uzand\u0131m. G\u00fcn\u00fcn men\u00fcs\u00fc buydu. Bir bardak \u00e7ay, bir simit ve koca bir yaln\u0131zl\u0131k&#8230; Ya\u011fmurun sesiyle kar\u0131\u015fan sessizlik odan\u0131n i\u00e7ine doluyordu.<\/p>\n\n\n\n<p>Radyoyu a\u00e7t\u0131m. Eski bir t\u00fcrk\u00fc \u00e7almaya ba\u015flad\u0131. T\u00fcrk\u00fcn\u00fcn s\u00f6zleri y\u0131llar\u0131n i\u00e7inden \u00e7\u0131k\u0131p gelmi\u015f gibiydi. Her notas\u0131na bir \u00f6zlem, her dizesine bir ayr\u0131l\u0131k sinmi\u015fti. \u0130\u00e7imdeki g\u00f6r\u00fcnmez yara yeniden s\u0131zlad\u0131. T\u00fcrk\u00fc, y\u00fcre\u011fimin en derin yerini eliyle koymu\u015f gibi buldu.<\/p>\n\n\n\n<p>Battaniyeyi omuzlar\u0131ma \u00e7ekip koltu\u011fa yasland\u0131m. \u0130nsan bazen e\u015fyalarla bile dertle\u015fiyor. Ya\u011fmurla konu\u015ftum biraz. R\u00fczg\u00e2ra i\u00e7imi d\u00f6kt\u00fcm. Sessiz duvarlar dinledi beni. Sonra evdeki b\u00fct\u00fcn endi\u015feleri sal\u0131verdim ya\u011fmurun pe\u015fine. Belki vadinin \u00f6b\u00fcr ucuna giderler, belki uzak \u015fehirlerde ya\u015fayan \u00e7ocuklar\u0131n pencerelerine kadar ula\u015f\u0131rlar diye d\u00fc\u015f\u00fcnd\u00fcm.<\/p>\n\n\n\n<p>Ak\u015fam yava\u015f yava\u015f inerken ya\u011fmur da hafifledi. Bulutlar\u0131n aras\u0131ndan s\u00fcz\u00fclen solgun \u0131\u015f\u0131k, \u0131slanm\u0131\u015f yapraklar\u0131n \u00fczerinde parl\u0131yordu. Laleli Yaz Soka\u011f\u0131 yine sessizdi ama bu sessizli\u011fin i\u00e7inde y\u0131llar\u0131n hik\u00e2yeleri vard\u0131. Her evin penceresinde bir bekleyi\u015f, her y\u00fcrekte bir \u00f6zlem sakl\u0131yd\u0131.<\/p>\n\n\n\n<p>Ben de pencerenin \u00f6n\u00fcnde oturup uzaklara bakt\u0131m. Belki bir g\u00fcn yine \u00e7ocuk sesleri dolar bu sokaklara. Belki gidenler d\u00f6ner, belki torunlar ko\u015far bah\u00e7elerde. Umut dedi\u011fimiz \u015fey biraz da budur zaten, insan\u0131n en yaln\u0131z g\u00fcn\u00fcnde bile i\u00e7indeki \u0131\u015f\u0131\u011f\u0131 s\u00f6nd\u00fcrmemesi.<\/p>\n\n\n\n<p>\u0130\u015fte Laleli Yaz Soka\u011f\u0131&#8217;nda ya\u011fmurlu bir g\u00fcnden geriye kalanlar bunlard\u0131.<\/p>\n\n\n\n<p>Laleli Yaz Soka\u011f\u0131&#8217;nda g\u00f6r\u00fc\u015fmek dile\u011fiyle&#8230;<\/p>\n","protected":false},"excerpt":{"rendered":"<p>Bizim yaylada, d\u00fc\u015ferek \u00e7atlatt\u0131\u011f\u0131m aya\u011f\u0131m\u0131n \u00fcst\u00fcne basmamam gerekti\u011fi i\u00e7in, bol ya\u011fmurlu manzara seyrederken, y\u0131llar\u0131 biraz geriye sararak yazd\u0131\u011f\u0131m yaz\u0131m\u0131 sizlerle payla\u015fmak istiyorum. Laleli Yaz Soka\u011f\u0131&#8217;n\u0131n \u00fcst\u00fcne \u00e7\u00f6ken gri bulutlar sabah\u0131n erken saatlerinden beri da\u011f\u0131lm\u0131yordu. G\u00f6ky\u00fcz\u00fc sanki g\u00fcnlerdir i\u00e7inde biriktirdi\u011fi hasreti topra\u011fa b\u0131rakmak ister gibi a\u011f\u0131r a\u011f\u0131r karar\u0131yordu. Vadiye bakan evimin penceresinden d\u0131\u015far\u0131y\u0131 seyrediyordum. Kar\u015f\u0131 tepelerdeki [&hellip;]<\/p>\n","protected":false},"author":13998,"featured_media":160116,"comment_status":"open","ping_status":"open","sticky":false,"template":"","format":"standard","meta":{"_yoast_wpseo_focuskw":"Ya\u011fmurlu","_yoast_wpseo_title":"","_yoast_wpseo_metadesc":"Bizim yaylada, bol ya\u011fmurlu manzara seyrederken, y\u0131llar\u0131 biraz geriye sararak yazd\u0131\u011f\u0131m yaz\u0131m\u0131 sizlerle payla\u015fmak istiyorum.","_bbp_topic_count":0,"_bbp_reply_count":0,"_bbp_total_topic_count":0,"_bbp_total_reply_count":0,"_bbp_voice_count":0,"_bbp_anonymous_reply_count":0,"_bbp_topic_count_hidden":0,"_bbp_reply_count_hidden":0,"_bbp_forum_subforum_count":0,"footnotes":"","_yoast_wpseo_focuskw_text_input":""},"categories":[8889],"tags":[],"yoast_head":"<!-- This site is optimized with the Yoast SEO plugin v23.0 - https:\/\/yoast.com\/wordpress\/plugins\/seo\/ -->\n<title>Yaz Ya\u011fmurlu Bir G\u00fcnden - The Epoch Times TR<\/title>\n<meta name=\"description\" content=\"Bizim yaylada, bol ya\u011fmurlu manzara seyrederken, y\u0131llar\u0131 biraz geriye sararak yazd\u0131\u011f\u0131m yaz\u0131m\u0131 sizlerle payla\u015fmak istiyorum.\" \/>\n<meta name=\"robots\" content=\"index, follow, max-snippet:-1, max-image-preview:large, max-video-preview:-1\" \/>\n<link rel=\"canonical\" href=\"https:\/\/epochtimestr.com\/index.php\/yaz-yagmurlu-bir-gunden\" \/>\n<meta property=\"og:locale\" content=\"tr_TR\" \/>\n<meta property=\"og:type\" content=\"article\" \/>\n<meta property=\"og:title\" content=\"Yaz Ya\u011fmurlu Bir G\u00fcnden - The Epoch Times TR\" \/>\n<meta property=\"og:description\" content=\"Bizim yaylada, bol ya\u011fmurlu manzara seyrederken, y\u0131llar\u0131 biraz geriye sararak yazd\u0131\u011f\u0131m yaz\u0131m\u0131 sizlerle payla\u015fmak istiyorum.\" \/>\n<meta property=\"og:url\" content=\"https:\/\/epochtimestr.com\/index.php\/yaz-yagmurlu-bir-gunden\" \/>\n<meta property=\"og:site_name\" content=\"The Epoch Times TR\" \/>\n<meta property=\"article:publisher\" content=\"https:\/\/www.facebook.com\/theepochtimestr\" \/>\n<meta property=\"article:published_time\" content=\"2026-06-10T06:38:08+00:00\" \/>\n<meta property=\"article:modified_time\" content=\"2026-06-10T06:40:12+00:00\" \/>\n<meta property=\"og:image\" content=\"https:\/\/epochtimestr.com\/wp-content\/uploads\/2011y\/SERIFE-ESER-SM.png\" \/>\n\t<meta property=\"og:image:width\" content=\"1200\" \/>\n\t<meta property=\"og:image:height\" content=\"630\" \/>\n\t<meta property=\"og:image:type\" content=\"image\/png\" \/>\n<meta name=\"author\" content=\"\u015eerife Eser\" \/>\n<meta name=\"twitter:card\" content=\"summary_large_image\" \/>\n<meta name=\"twitter:creator\" content=\"@TheEpochTimesTR\" \/>\n<meta name=\"twitter:site\" content=\"@TheEpochTimesTR\" \/>\n<meta name=\"twitter:label1\" content=\"Yazan:\" \/>\n\t<meta name=\"twitter:data1\" content=\"\u015eerife Eser\" \/>\n\t<meta name=\"twitter:label2\" content=\"Tahmini okuma s\u00fcresi\" \/>\n\t<meta name=\"twitter:data2\" content=\"4 dakika\" \/>\n<script type=\"application\/ld+json\" class=\"yoast-schema-graph\">{\"@context\":\"https:\/\/schema.org\",\"@graph\":[{\"@type\":\"Article\",\"@id\":\"https:\/\/epochtimestr.com\/index.php\/yaz-yagmurlu-bir-gunden#article\",\"isPartOf\":{\"@id\":\"https:\/\/epochtimestr.com\/index.php\/yaz-yagmurlu-bir-gunden\"},\"author\":{\"name\":\"\u015eerife Eser\",\"@id\":\"https:\/\/epochtimestr.com\/#\/schema\/person\/82b65a1390e2b0717a679b57ed38d466\"},\"headline\":\"Yaz Ya\u011fmurlu Bir G\u00fcnden\",\"datePublished\":\"2026-06-10T06:38:08+00:00\",\"dateModified\":\"2026-06-10T06:40:12+00:00\",\"mainEntityOfPage\":{\"@id\":\"https:\/\/epochtimestr.com\/index.php\/yaz-yagmurlu-bir-gunden\"},\"wordCount\":724,\"commentCount\":0,\"publisher\":{\"@id\":\"https:\/\/epochtimestr.com\/#organization\"},\"image\":{\"@id\":\"https:\/\/epochtimestr.com\/index.php\/yaz-yagmurlu-bir-gunden#primaryimage\"},\"thumbnailUrl\":\"https:\/\/epochtimestr.com\/wp-content\/uploads\/2011y\/Serife-Eser-Profil-1.png\",\"articleSection\":[\"K\u00f6\u015fe Yaz\u0131lar\u0131 \u015eerife Eser\"],\"inLanguage\":\"tr\",\"potentialAction\":[{\"@type\":\"CommentAction\",\"name\":\"Comment\",\"target\":[\"https:\/\/epochtimestr.com\/index.php\/yaz-yagmurlu-bir-gunden#respond\"]}]},{\"@type\":\"WebPage\",\"@id\":\"https:\/\/epochtimestr.com\/index.php\/yaz-yagmurlu-bir-gunden\",\"url\":\"https:\/\/epochtimestr.com\/index.php\/yaz-yagmurlu-bir-gunden\",\"name\":\"Yaz Ya\u011fmurlu Bir G\u00fcnden - The Epoch Times TR\",\"isPartOf\":{\"@id\":\"https:\/\/epochtimestr.com\/#website\"},\"primaryImageOfPage\":{\"@id\":\"https:\/\/epochtimestr.com\/index.php\/yaz-yagmurlu-bir-gunden#primaryimage\"},\"image\":{\"@id\":\"https:\/\/epochtimestr.com\/index.php\/yaz-yagmurlu-bir-gunden#primaryimage\"},\"thumbnailUrl\":\"https:\/\/epochtimestr.com\/wp-content\/uploads\/2011y\/Serife-Eser-Profil-1.png\",\"datePublished\":\"2026-06-10T06:38:08+00:00\",\"dateModified\":\"2026-06-10T06:40:12+00:00\",\"description\":\"Bizim yaylada, bol ya\u011fmurlu manzara seyrederken, y\u0131llar\u0131 biraz geriye sararak yazd\u0131\u011f\u0131m yaz\u0131m\u0131 sizlerle payla\u015fmak istiyorum.\",\"inLanguage\":\"tr\",\"potentialAction\":[{\"@type\":\"ReadAction\",\"target\":[\"https:\/\/epochtimestr.com\/index.php\/yaz-yagmurlu-bir-gunden\"]}]},{\"@type\":\"ImageObject\",\"inLanguage\":\"tr\",\"@id\":\"https:\/\/epochtimestr.com\/index.php\/yaz-yagmurlu-bir-gunden#primaryimage\",\"url\":\"https:\/\/epochtimestr.com\/wp-content\/uploads\/2011y\/Serife-Eser-Profil-1.png\",\"contentUrl\":\"https:\/\/epochtimestr.com\/wp-content\/uploads\/2011y\/Serife-Eser-Profil-1.png\",\"width\":600,\"height\":600},{\"@type\":\"WebSite\",\"@id\":\"https:\/\/epochtimestr.com\/#website\",\"url\":\"https:\/\/epochtimestr.com\/\",\"name\":\"The Epoch Times TR\",\"description\":\"De\u011fi\u015fen D\u00fcnyam\u0131za Taze Bir Bak\u0131\u015f\",\"publisher\":{\"@id\":\"https:\/\/epochtimestr.com\/#organization\"},\"potentialAction\":[{\"@type\":\"SearchAction\",\"target\":{\"@type\":\"EntryPoint\",\"urlTemplate\":\"https:\/\/epochtimestr.com\/?s={search_term_string}\"},\"query-input\":\"required name=search_term_string\"}],\"inLanguage\":\"tr\"},{\"@type\":\"Organization\",\"@id\":\"https:\/\/epochtimestr.com\/#organization\",\"name\":\"The EpochTimes T\u00fcrkiye\",\"url\":\"https:\/\/epochtimestr.com\/\",\"logo\":{\"@type\":\"ImageObject\",\"inLanguage\":\"tr\",\"@id\":\"https:\/\/epochtimestr.com\/#\/schema\/logo\/image\/\",\"url\":\"https:\/\/epochtimestr.com\/wp-content\/uploads\/2011y\/ET-Logo-YG.jpg\",\"contentUrl\":\"https:\/\/epochtimestr.com\/wp-content\/uploads\/2011y\/ET-Logo-YG.jpg\",\"width\":346,\"height\":29,\"caption\":\"The EpochTimes T\u00fcrkiye\"},\"image\":{\"@id\":\"https:\/\/epochtimestr.com\/#\/schema\/logo\/image\/\"},\"sameAs\":[\"https:\/\/www.facebook.com\/theepochtimestr\",\"https:\/\/x.com\/TheEpochTimesTR\",\"https:\/\/www.instagram.com\/epochtimestr\"]},{\"@type\":\"Person\",\"@id\":\"https:\/\/epochtimestr.com\/#\/schema\/person\/82b65a1390e2b0717a679b57ed38d466\",\"name\":\"\u015eerife Eser\",\"image\":{\"@type\":\"ImageObject\",\"inLanguage\":\"tr\",\"@id\":\"https:\/\/epochtimestr.com\/#\/schema\/person\/image\/\",\"url\":\"https:\/\/secure.gravatar.com\/avatar\/240b2d469e089f3ae0f677fcc7925228?s=96&d=mm&r=g\",\"contentUrl\":\"https:\/\/secure.gravatar.com\/avatar\/240b2d469e089f3ae0f677fcc7925228?s=96&d=mm&r=g\",\"caption\":\"\u015eerife Eser\"},\"url\":\"https:\/\/epochtimestr.com\/index.php\/author\/serife\"}]}<\/script>\n<!-- \/ Yoast SEO plugin. -->","yoast_head_json":{"title":"Yaz Ya\u011fmurlu Bir G\u00fcnden - The Epoch Times TR","description":"Bizim yaylada, bol ya\u011fmurlu manzara seyrederken, y\u0131llar\u0131 biraz geriye sararak yazd\u0131\u011f\u0131m yaz\u0131m\u0131 sizlerle payla\u015fmak istiyorum.","robots":{"index":"index","follow":"follow","max-snippet":"max-snippet:-1","max-image-preview":"max-image-preview:large","max-video-preview":"max-video-preview:-1"},"canonical":"https:\/\/epochtimestr.com\/index.php\/yaz-yagmurlu-bir-gunden","og_locale":"tr_TR","og_type":"article","og_title":"Yaz Ya\u011fmurlu Bir G\u00fcnden - The Epoch Times TR","og_description":"Bizim yaylada, bol ya\u011fmurlu manzara seyrederken, y\u0131llar\u0131 biraz geriye sararak yazd\u0131\u011f\u0131m yaz\u0131m\u0131 sizlerle payla\u015fmak istiyorum.","og_url":"https:\/\/epochtimestr.com\/index.php\/yaz-yagmurlu-bir-gunden","og_site_name":"The Epoch Times TR","article_publisher":"https:\/\/www.facebook.com\/theepochtimestr","article_published_time":"2026-06-10T06:38:08+00:00","article_modified_time":"2026-06-10T06:40:12+00:00","og_image":[{"width":1200,"height":630,"url":"https:\/\/epochtimestr.com\/wp-content\/uploads\/2011y\/SERIFE-ESER-SM.png","type":"image\/png"}],"author":"\u015eerife Eser","twitter_card":"summary_large_image","twitter_creator":"@TheEpochTimesTR","twitter_site":"@TheEpochTimesTR","twitter_misc":{"Yazan:":"\u015eerife Eser","Tahmini okuma s\u00fcresi":"4 dakika"},"schema":{"@context":"https:\/\/schema.org","@graph":[{"@type":"Article","@id":"https:\/\/epochtimestr.com\/index.php\/yaz-yagmurlu-bir-gunden#article","isPartOf":{"@id":"https:\/\/epochtimestr.com\/index.php\/yaz-yagmurlu-bir-gunden"},"author":{"name":"\u015eerife Eser","@id":"https:\/\/epochtimestr.com\/#\/schema\/person\/82b65a1390e2b0717a679b57ed38d466"},"headline":"Yaz Ya\u011fmurlu Bir G\u00fcnden","datePublished":"2026-06-10T06:38:08+00:00","dateModified":"2026-06-10T06:40:12+00:00","mainEntityOfPage":{"@id":"https:\/\/epochtimestr.com\/index.php\/yaz-yagmurlu-bir-gunden"},"wordCount":724,"commentCount":0,"publisher":{"@id":"https:\/\/epochtimestr.com\/#organization"},"image":{"@id":"https:\/\/epochtimestr.com\/index.php\/yaz-yagmurlu-bir-gunden#primaryimage"},"thumbnailUrl":"https:\/\/epochtimestr.com\/wp-content\/uploads\/2011y\/Serife-Eser-Profil-1.png","articleSection":["K\u00f6\u015fe Yaz\u0131lar\u0131 \u015eerife Eser"],"inLanguage":"tr","potentialAction":[{"@type":"CommentAction","name":"Comment","target":["https:\/\/epochtimestr.com\/index.php\/yaz-yagmurlu-bir-gunden#respond"]}]},{"@type":"WebPage","@id":"https:\/\/epochtimestr.com\/index.php\/yaz-yagmurlu-bir-gunden","url":"https:\/\/epochtimestr.com\/index.php\/yaz-yagmurlu-bir-gunden","name":"Yaz Ya\u011fmurlu Bir G\u00fcnden - The Epoch Times TR","isPartOf":{"@id":"https:\/\/epochtimestr.com\/#website"},"primaryImageOfPage":{"@id":"https:\/\/epochtimestr.com\/index.php\/yaz-yagmurlu-bir-gunden#primaryimage"},"image":{"@id":"https:\/\/epochtimestr.com\/index.php\/yaz-yagmurlu-bir-gunden#primaryimage"},"thumbnailUrl":"https:\/\/epochtimestr.com\/wp-content\/uploads\/2011y\/Serife-Eser-Profil-1.png","datePublished":"2026-06-10T06:38:08+00:00","dateModified":"2026-06-10T06:40:12+00:00","description":"Bizim yaylada, bol ya\u011fmurlu manzara seyrederken, y\u0131llar\u0131 biraz geriye sararak yazd\u0131\u011f\u0131m yaz\u0131m\u0131 sizlerle payla\u015fmak istiyorum.","inLanguage":"tr","potentialAction":[{"@type":"ReadAction","target":["https:\/\/epochtimestr.com\/index.php\/yaz-yagmurlu-bir-gunden"]}]},{"@type":"ImageObject","inLanguage":"tr","@id":"https:\/\/epochtimestr.com\/index.php\/yaz-yagmurlu-bir-gunden#primaryimage","url":"https:\/\/epochtimestr.com\/wp-content\/uploads\/2011y\/Serife-Eser-Profil-1.png","contentUrl":"https:\/\/epochtimestr.com\/wp-content\/uploads\/2011y\/Serife-Eser-Profil-1.png","width":600,"height":600},{"@type":"WebSite","@id":"https:\/\/epochtimestr.com\/#website","url":"https:\/\/epochtimestr.com\/","name":"The Epoch Times TR","description":"De\u011fi\u015fen D\u00fcnyam\u0131za Taze Bir Bak\u0131\u015f","publisher":{"@id":"https:\/\/epochtimestr.com\/#organization"},"potentialAction":[{"@type":"SearchAction","target":{"@type":"EntryPoint","urlTemplate":"https:\/\/epochtimestr.com\/?s={search_term_string}"},"query-input":"required name=search_term_string"}],"inLanguage":"tr"},{"@type":"Organization","@id":"https:\/\/epochtimestr.com\/#organization","name":"The EpochTimes T\u00fcrkiye","url":"https:\/\/epochtimestr.com\/","logo":{"@type":"ImageObject","inLanguage":"tr","@id":"https:\/\/epochtimestr.com\/#\/schema\/logo\/image\/","url":"https:\/\/epochtimestr.com\/wp-content\/uploads\/2011y\/ET-Logo-YG.jpg","contentUrl":"https:\/\/epochtimestr.com\/wp-content\/uploads\/2011y\/ET-Logo-YG.jpg","width":346,"height":29,"caption":"The EpochTimes T\u00fcrkiye"},"image":{"@id":"https:\/\/epochtimestr.com\/#\/schema\/logo\/image\/"},"sameAs":["https:\/\/www.facebook.com\/theepochtimestr","https:\/\/x.com\/TheEpochTimesTR","https:\/\/www.instagram.com\/epochtimestr"]},{"@type":"Person","@id":"https:\/\/epochtimestr.com\/#\/schema\/person\/82b65a1390e2b0717a679b57ed38d466","name":"\u015eerife Eser","image":{"@type":"ImageObject","inLanguage":"tr","@id":"https:\/\/epochtimestr.com\/#\/schema\/person\/image\/","url":"https:\/\/secure.gravatar.com\/avatar\/240b2d469e089f3ae0f677fcc7925228?s=96&d=mm&r=g","contentUrl":"https:\/\/secure.gravatar.com\/avatar\/240b2d469e089f3ae0f677fcc7925228?s=96&d=mm&r=g","caption":"\u015eerife Eser"},"url":"https:\/\/epochtimestr.com\/index.php\/author\/serife"}]}},"_links":{"self":[{"href":"https:\/\/epochtimestr.com\/index.php\/wp-json\/wp\/v2\/posts\/167773"}],"collection":[{"href":"https:\/\/epochtimestr.com\/index.php\/wp-json\/wp\/v2\/posts"}],"about":[{"href":"https:\/\/epochtimestr.com\/index.php\/wp-json\/wp\/v2\/types\/post"}],"author":[{"embeddable":true,"href":"https:\/\/epochtimestr.com\/index.php\/wp-json\/wp\/v2\/users\/13998"}],"replies":[{"embeddable":true,"href":"https:\/\/epochtimestr.com\/index.php\/wp-json\/wp\/v2\/comments?post=167773"}],"version-history":[{"count":2,"href":"https:\/\/epochtimestr.com\/index.php\/wp-json\/wp\/v2\/posts\/167773\/revisions"}],"predecessor-version":[{"id":167776,"href":"https:\/\/epochtimestr.com\/index.php\/wp-json\/wp\/v2\/posts\/167773\/revisions\/167776"}],"wp:featuredmedia":[{"embeddable":true,"href":"https:\/\/epochtimestr.com\/index.php\/wp-json\/wp\/v2\/media\/160116"}],"wp:attachment":[{"href":"https:\/\/epochtimestr.com\/index.php\/wp-json\/wp\/v2\/media?parent=167773"}],"wp:term":[{"taxonomy":"category","embeddable":true,"href":"https:\/\/epochtimestr.com\/index.php\/wp-json\/wp\/v2\/categories?post=167773"},{"taxonomy":"post_tag","embeddable":true,"href":"https:\/\/epochtimestr.com\/index.php\/wp-json\/wp\/v2\/tags?post=167773"}],"curies":[{"name":"wp","href":"https:\/\/api.w.org\/{rel}","templated":true}]}}