{"id":167779,"date":"2026-06-11T07:00:00","date_gmt":"2026-06-11T04:00:00","guid":{"rendered":"https:\/\/epochtimestr.com\/?p=167779"},"modified":"2026-06-10T21:17:29","modified_gmt":"2026-06-10T18:17:29","slug":"turklerin-islamlasma-surecine-bir-bakis","status":"publish","type":"post","link":"https:\/\/epochtimestr.com\/index.php\/turklerin-islamlasma-surecine-bir-bakis","title":{"rendered":"T\u00fcrklerin \u0130slamla\u015fma S\u00fcrecine Bir Bak\u0131\u015f"},"content":{"rendered":"\n<p>Tarihin sayfalar\u0131, g\u00fc\u00e7 dengelerinin de\u011fi\u015fti\u011fi b\u00fcy\u00fck k\u0131r\u0131lma anlar\u0131yla doludur. 642 y\u0131l\u0131nda Nihavent Sava\u015f\u0131 ile Sasanilerin y\u0131k\u0131l\u0131\u015f\u0131, \u0130slam d\u00fcnyas\u0131 i\u00e7in &#8220;Fethu\u2019l-F\u00fctuh&#8221; yani &#8220;fetihlerin fetihi&#8221; olarak adland\u0131r\u0131lan yeni bir d\u00f6nemin kap\u0131lar\u0131n\u0131 aralam\u0131\u015ft\u0131. Ancak bu kutlu kap\u0131dan ge\u00e7i\u015fin, Orta Asya bozk\u0131rlar\u0131nda ya\u015fayan T\u00fcrkler i\u00e7in hi\u00e7 de huzurlu bir s\u00fcre\u00e7 olmad\u0131\u011f\u0131n\u0131, tarihsel ger\u00e7ekler t\u00fcm \u00e7\u0131plakl\u0131\u011f\u0131yla y\u00fcz\u00fcm\u00fcze vuruyor.<\/p>\n\n\n\n<p>Emeviler d\u00f6neminde b\u00f6lgeye g\u00f6nderilen Kuteybe bin M\u00fcslim, tarihe &#8220;fetih&#8221; ad\u0131yla ge\u00e7en ancak \u00f6z\u00fcnde kanl\u0131 bir korku politikas\u0131n\u0131 bar\u0131nd\u0131ran icraat\u0131n uygulay\u0131c\u0131s\u0131yd\u0131. Bug\u00fcn kaynaklarda, Talkan\u2019da ya\u015fanan deh\u015fet, kad\u0131n &#8211; \u00e7ocuk g\u00f6zetmeksizin yap\u0131lan k\u0131y\u0131mlar ve C\u00fcrcan\u2019da verilen s\u00f6zlerin \u00e7i\u011fnenerek 40 bin insan\u0131n hunharca katledilmesi, d\u00f6nemin karanl\u0131k y\u00fcz\u00fcn\u00fc simgeleyen ac\u0131 \u00f6rneklerdir. \u015eair el-E\u015fkari\u2019nin dizeleri ve Taberi\u2019nin eserlerinde yer alan o t\u00fcyler \u00fcrpertici betimlemeler, bu co\u011frafyada sadece bir dinin de\u011fil, bir halk\u0131n a\u011f\u0131r bedeller \u00f6dedi\u011finin kan\u0131t\u0131d\u0131r.<\/p>\n\n\n\n<p>Din, do\u011fas\u0131 gere\u011fi insan\u0131n \u00f6zg\u00fcr iradesiyle, huzur ve saadet aray\u0131\u015f\u0131yla se\u00e7ti\u011fi bir de\u011ferdir. Ancak T\u00fcrklerin \u0130slam\u2019a ge\u00e7i\u015f s\u00fcrecinde bu tabu, &#8220;k\u0131l\u0131\u00e7 zoru&#8221; ve &#8220;korku iklimi&#8221; ile \u015fekillenmi\u015ftir. Emevilerin a\u011f\u0131r bask\u0131s\u0131 ve mezalim alt\u0131nda ezilen T\u00fcrk toplumu, uzun bir s\u00fcre bu politikan\u0131n do\u011frudan ma\u011fduru olmu\u015ftur.<\/p>\n\n\n\n<p>D\u00f6nemin seyrini de\u011fi\u015ftiren ise Emevilerin y\u0131k\u0131l\u0131p Abbasilerin ba\u015fa ge\u00e7mesiyle gelen daha &#8220;\u0131l\u0131ml\u0131&#8221; politikalar olmu\u015ftur. Abbasi idaresi alt\u0131nda devlet mekanizmas\u0131na entegre olmaya ba\u015flayan T\u00fcrkler, Talas Sava\u015f\u0131 gibi d\u00f6n\u00fcm noktalar\u0131nda \u0130slam d\u00fcnyas\u0131n\u0131n savunucusu haline gelmi\u015flerdir.<\/p>\n\n\n\n<p>Bug\u00fcn, T\u00fcrklerin \u0130slamiyet\u2019e katk\u0131lar\u0131n\u0131 ve dini onurland\u0131rma \u00e7abalar\u0131n\u0131 kimse ink\u00e2r edemez. \u0130slam medeniyetine katt\u0131klar\u0131 de\u011ferler, bug\u00fcn \u0130slam tarihinin ayr\u0131lmaz bir par\u00e7as\u0131d\u0131r. Ancak bu b\u00fcy\u00fck tarihsel d\u00f6n\u00fc\u015f\u00fcm\u00fcn, k\u0131l\u0131\u00e7 darbeleriyle, kaz\u0131klara oturtulan cesetlerle ve b\u00fcy\u00fck bir kan d\u00f6kme s\u00fcrecinin ard\u0131ndan ba\u015flad\u0131\u011f\u0131n\u0131 unutmak, tarihin vicdan\u0131na haks\u0131zl\u0131k etmek olur. \u0130slam\u2019a ge\u00e7i\u015fimiz onurlu bir s\u00fcre\u00e7tir, ancak kabul etmek gerekir ki bu yol, maalesef ziyadesiyle kanl\u0131 bir ba\u015flang\u0131ca sahne olmu\u015ftur.<\/p>\n\n\n\n<p>Ge\u00e7mi\u015fiyle y\u00fczle\u015febilen toplumlar, gelece\u011fi daha sa\u011fl\u0131kl\u0131 in\u015fa edebilirler. Tarihi, hamasetle de\u011fil, belgelere ve ya\u015fanan ac\u0131lara duyulan sayg\u0131yla okumak, o d\u00f6nemde hayat\u0131n\u0131 kaybeden insanlar\u0131n aziz hat\u0131ras\u0131na kar\u015f\u0131 bir borcumuzdur.<\/p>\n","protected":false},"excerpt":{"rendered":"<p>Tarihin sayfalar\u0131, g\u00fc\u00e7 dengelerinin de\u011fi\u015fti\u011fi b\u00fcy\u00fck k\u0131r\u0131lma anlar\u0131yla doludur. 642 y\u0131l\u0131nda Nihavent Sava\u015f\u0131 ile Sasanilerin y\u0131k\u0131l\u0131\u015f\u0131, \u0130slam d\u00fcnyas\u0131 i\u00e7in &#8220;Fethu\u2019l-F\u00fctuh&#8221; yani &#8220;fetihlerin fetihi&#8221; olarak adland\u0131r\u0131lan yeni bir d\u00f6nemin kap\u0131lar\u0131n\u0131 aralam\u0131\u015ft\u0131. Ancak bu kutlu kap\u0131dan ge\u00e7i\u015fin, Orta Asya bozk\u0131rlar\u0131nda ya\u015fayan T\u00fcrkler i\u00e7in hi\u00e7 de huzurlu bir s\u00fcre\u00e7 olmad\u0131\u011f\u0131n\u0131, tarihsel ger\u00e7ekler t\u00fcm \u00e7\u0131plakl\u0131\u011f\u0131yla y\u00fcz\u00fcm\u00fcze vuruyor. Emeviler d\u00f6neminde [&hellip;]<\/p>\n","protected":false},"author":14013,"featured_media":167144,"comment_status":"open","ping_status":"open","sticky":false,"template":"","format":"standard","meta":{"_yoast_wpseo_focuskw":"T\u00fcrkler - \u0130slam","_yoast_wpseo_title":"","_yoast_wpseo_metadesc":"T\u00fcrklerin \u0130slam\u2019a ge\u00e7i\u015fi onurlu bir s\u00fcre\u00e7tir, ancak kabul etmek gerekir ki bu yol, maalesef ziyadesiyle kanl\u0131 bir ba\u015flang\u0131ca sahne olmu\u015ftur.","_bbp_topic_count":0,"_bbp_reply_count":0,"_bbp_total_topic_count":0,"_bbp_total_reply_count":0,"_bbp_voice_count":0,"_bbp_anonymous_reply_count":0,"_bbp_topic_count_hidden":0,"_bbp_reply_count_hidden":0,"_bbp_forum_subforum_count":0,"footnotes":"","_yoast_wpseo_focuskw_text_input":""},"categories":[11361],"tags":[],"yoast_head":"<!-- This site is optimized with the Yoast SEO plugin v23.0 - https:\/\/yoast.com\/wordpress\/plugins\/seo\/ -->\n<title>T\u00fcrklerin \u0130slamla\u015fma S\u00fcrecine Bir Bak\u0131\u015f - The Epoch Times TR<\/title>\n<meta name=\"description\" content=\"T\u00fcrklerin \u0130slam\u2019a ge\u00e7i\u015fi onurlu bir s\u00fcre\u00e7tir, ancak kabul etmek gerekir ki bu yol, maalesef ziyadesiyle kanl\u0131 bir ba\u015flang\u0131ca sahne olmu\u015ftur.\" \/>\n<meta name=\"robots\" content=\"index, follow, max-snippet:-1, max-image-preview:large, max-video-preview:-1\" \/>\n<link rel=\"canonical\" href=\"https:\/\/epochtimestr.com\/index.php\/turklerin-islamlasma-surecine-bir-bakis\" \/>\n<meta property=\"og:locale\" content=\"tr_TR\" \/>\n<meta property=\"og:type\" content=\"article\" \/>\n<meta property=\"og:title\" content=\"T\u00fcrklerin \u0130slamla\u015fma S\u00fcrecine Bir Bak\u0131\u015f - The Epoch Times TR\" \/>\n<meta property=\"og:description\" content=\"T\u00fcrklerin \u0130slam\u2019a ge\u00e7i\u015fi onurlu bir s\u00fcre\u00e7tir, ancak kabul etmek gerekir ki bu yol, maalesef ziyadesiyle kanl\u0131 bir ba\u015flang\u0131ca sahne olmu\u015ftur.\" \/>\n<meta property=\"og:url\" content=\"https:\/\/epochtimestr.com\/index.php\/turklerin-islamlasma-surecine-bir-bakis\" \/>\n<meta property=\"og:site_name\" content=\"The Epoch Times TR\" \/>\n<meta property=\"article:publisher\" content=\"https:\/\/www.facebook.com\/theepochtimestr\" \/>\n<meta property=\"article:published_time\" content=\"2026-06-11T04:00:00+00:00\" \/>\n<meta property=\"article:modified_time\" content=\"2026-06-10T18:17:29+00:00\" \/>\n<meta property=\"og:image\" content=\"https:\/\/epochtimestr.com\/wp-content\/uploads\/2011y\/ali-kekliktepe-SM.jpeg\" \/>\n\t<meta property=\"og:image:width\" content=\"1200\" \/>\n\t<meta property=\"og:image:height\" content=\"630\" \/>\n\t<meta property=\"og:image:type\" content=\"image\/jpeg\" \/>\n<meta name=\"author\" content=\"Ali Kekliktepe\" \/>\n<meta name=\"twitter:card\" content=\"summary_large_image\" \/>\n<meta name=\"twitter:creator\" content=\"@TheEpochTimesTR\" \/>\n<meta name=\"twitter:site\" content=\"@TheEpochTimesTR\" \/>\n<meta name=\"twitter:label1\" content=\"Yazan:\" \/>\n\t<meta name=\"twitter:data1\" content=\"Ali Kekliktepe\" \/>\n\t<meta name=\"twitter:label2\" content=\"Tahmini okuma s\u00fcresi\" \/>\n\t<meta name=\"twitter:data2\" content=\"2 dakika\" \/>\n<script type=\"application\/ld+json\" class=\"yoast-schema-graph\">{\"@context\":\"https:\/\/schema.org\",\"@graph\":[{\"@type\":\"Article\",\"@id\":\"https:\/\/epochtimestr.com\/index.php\/turklerin-islamlasma-surecine-bir-bakis#article\",\"isPartOf\":{\"@id\":\"https:\/\/epochtimestr.com\/index.php\/turklerin-islamlasma-surecine-bir-bakis\"},\"author\":{\"name\":\"Ali Kekliktepe\",\"@id\":\"https:\/\/epochtimestr.com\/#\/schema\/person\/da94a416fed1aed029d0a47e85673b95\"},\"headline\":\"T\u00fcrklerin \u0130slamla\u015fma S\u00fcrecine Bir Bak\u0131\u015f\",\"datePublished\":\"2026-06-11T04:00:00+00:00\",\"dateModified\":\"2026-06-10T18:17:29+00:00\",\"mainEntityOfPage\":{\"@id\":\"https:\/\/epochtimestr.com\/index.php\/turklerin-islamlasma-surecine-bir-bakis\"},\"wordCount\":482,\"commentCount\":0,\"publisher\":{\"@id\":\"https:\/\/epochtimestr.com\/#organization\"},\"image\":{\"@id\":\"https:\/\/epochtimestr.com\/index.php\/turklerin-islamlasma-surecine-bir-bakis#primaryimage\"},\"thumbnailUrl\":\"https:\/\/epochtimestr.com\/wp-content\/uploads\/2011y\/Ali-Kekliktepe.jpg\",\"articleSection\":[\"K\u00f6\u015fe Yaz\u0131lar\u0131 Ali Kekliktepe\"],\"inLanguage\":\"tr\",\"potentialAction\":[{\"@type\":\"CommentAction\",\"name\":\"Comment\",\"target\":[\"https:\/\/epochtimestr.com\/index.php\/turklerin-islamlasma-surecine-bir-bakis#respond\"]}]},{\"@type\":\"WebPage\",\"@id\":\"https:\/\/epochtimestr.com\/index.php\/turklerin-islamlasma-surecine-bir-bakis\",\"url\":\"https:\/\/epochtimestr.com\/index.php\/turklerin-islamlasma-surecine-bir-bakis\",\"name\":\"T\u00fcrklerin \u0130slamla\u015fma S\u00fcrecine Bir Bak\u0131\u015f - The Epoch Times TR\",\"isPartOf\":{\"@id\":\"https:\/\/epochtimestr.com\/#website\"},\"primaryImageOfPage\":{\"@id\":\"https:\/\/epochtimestr.com\/index.php\/turklerin-islamlasma-surecine-bir-bakis#primaryimage\"},\"image\":{\"@id\":\"https:\/\/epochtimestr.com\/index.php\/turklerin-islamlasma-surecine-bir-bakis#primaryimage\"},\"thumbnailUrl\":\"https:\/\/epochtimestr.com\/wp-content\/uploads\/2011y\/Ali-Kekliktepe.jpg\",\"datePublished\":\"2026-06-11T04:00:00+00:00\",\"dateModified\":\"2026-06-10T18:17:29+00:00\",\"description\":\"T\u00fcrklerin \u0130slam\u2019a ge\u00e7i\u015fi onurlu bir s\u00fcre\u00e7tir, ancak kabul etmek gerekir ki bu yol, maalesef ziyadesiyle kanl\u0131 bir ba\u015flang\u0131ca sahne olmu\u015ftur.\",\"inLanguage\":\"tr\",\"potentialAction\":[{\"@type\":\"ReadAction\",\"target\":[\"https:\/\/epochtimestr.com\/index.php\/turklerin-islamlasma-surecine-bir-bakis\"]}]},{\"@type\":\"ImageObject\",\"inLanguage\":\"tr\",\"@id\":\"https:\/\/epochtimestr.com\/index.php\/turklerin-islamlasma-surecine-bir-bakis#primaryimage\",\"url\":\"https:\/\/epochtimestr.com\/wp-content\/uploads\/2011y\/Ali-Kekliktepe.jpg\",\"contentUrl\":\"https:\/\/epochtimestr.com\/wp-content\/uploads\/2011y\/Ali-Kekliktepe.jpg\",\"width\":600,\"height\":600},{\"@type\":\"WebSite\",\"@id\":\"https:\/\/epochtimestr.com\/#website\",\"url\":\"https:\/\/epochtimestr.com\/\",\"name\":\"The Epoch Times TR\",\"description\":\"De\u011fi\u015fen D\u00fcnyam\u0131za Taze Bir Bak\u0131\u015f\",\"publisher\":{\"@id\":\"https:\/\/epochtimestr.com\/#organization\"},\"potentialAction\":[{\"@type\":\"SearchAction\",\"target\":{\"@type\":\"EntryPoint\",\"urlTemplate\":\"https:\/\/epochtimestr.com\/?s={search_term_string}\"},\"query-input\":\"required name=search_term_string\"}],\"inLanguage\":\"tr\"},{\"@type\":\"Organization\",\"@id\":\"https:\/\/epochtimestr.com\/#organization\",\"name\":\"The EpochTimes T\u00fcrkiye\",\"url\":\"https:\/\/epochtimestr.com\/\",\"logo\":{\"@type\":\"ImageObject\",\"inLanguage\":\"tr\",\"@id\":\"https:\/\/epochtimestr.com\/#\/schema\/logo\/image\/\",\"url\":\"https:\/\/epochtimestr.com\/wp-content\/uploads\/2011y\/ET-Logo-YG.jpg\",\"contentUrl\":\"https:\/\/epochtimestr.com\/wp-content\/uploads\/2011y\/ET-Logo-YG.jpg\",\"width\":346,\"height\":29,\"caption\":\"The EpochTimes T\u00fcrkiye\"},\"image\":{\"@id\":\"https:\/\/epochtimestr.com\/#\/schema\/logo\/image\/\"},\"sameAs\":[\"https:\/\/www.facebook.com\/theepochtimestr\",\"https:\/\/x.com\/TheEpochTimesTR\",\"https:\/\/www.instagram.com\/epochtimestr\"]},{\"@type\":\"Person\",\"@id\":\"https:\/\/epochtimestr.com\/#\/schema\/person\/da94a416fed1aed029d0a47e85673b95\",\"name\":\"Ali Kekliktepe\",\"image\":{\"@type\":\"ImageObject\",\"inLanguage\":\"tr\",\"@id\":\"https:\/\/epochtimestr.com\/#\/schema\/person\/image\/\",\"url\":\"https:\/\/secure.gravatar.com\/avatar\/6c965c3fc374c8f4af759baef4f38bcd?s=96&d=mm&r=g\",\"contentUrl\":\"https:\/\/secure.gravatar.com\/avatar\/6c965c3fc374c8f4af759baef4f38bcd?s=96&d=mm&r=g\",\"caption\":\"Ali Kekliktepe\"},\"description\":\"Ben Ali Kekliktepe; hayat\u0131n\u0131 \u00f6\u011frenmeye, \u00f6\u011fretmeye ve toplumsal fayda yaratmaya adam\u0131\u015f bir yazar ve profesyonelim. Kalemi sadece ka\u011f\u0131da dokunan bir ara\u00e7 de\u011fil, toplumun aksayan y\u00f6nlerine \u015fifa olan bir enstr\u00fcman olarak g\u00f6r\u00fcyorum.\",\"sameAs\":[\"https:\/\/alikekliktepemersin33.blogspot.com\/\"],\"url\":\"https:\/\/epochtimestr.com\/index.php\/author\/ali\"}]}<\/script>\n<!-- \/ Yoast SEO plugin. -->","yoast_head_json":{"title":"T\u00fcrklerin \u0130slamla\u015fma S\u00fcrecine Bir Bak\u0131\u015f - The Epoch Times TR","description":"T\u00fcrklerin \u0130slam\u2019a ge\u00e7i\u015fi onurlu bir s\u00fcre\u00e7tir, ancak kabul etmek gerekir ki bu yol, maalesef ziyadesiyle kanl\u0131 bir ba\u015flang\u0131ca sahne olmu\u015ftur.","robots":{"index":"index","follow":"follow","max-snippet":"max-snippet:-1","max-image-preview":"max-image-preview:large","max-video-preview":"max-video-preview:-1"},"canonical":"https:\/\/epochtimestr.com\/index.php\/turklerin-islamlasma-surecine-bir-bakis","og_locale":"tr_TR","og_type":"article","og_title":"T\u00fcrklerin \u0130slamla\u015fma S\u00fcrecine Bir Bak\u0131\u015f - The Epoch Times TR","og_description":"T\u00fcrklerin \u0130slam\u2019a ge\u00e7i\u015fi onurlu bir s\u00fcre\u00e7tir, ancak kabul etmek gerekir ki bu yol, maalesef ziyadesiyle kanl\u0131 bir ba\u015flang\u0131ca sahne olmu\u015ftur.","og_url":"https:\/\/epochtimestr.com\/index.php\/turklerin-islamlasma-surecine-bir-bakis","og_site_name":"The Epoch Times TR","article_publisher":"https:\/\/www.facebook.com\/theepochtimestr","article_published_time":"2026-06-11T04:00:00+00:00","article_modified_time":"2026-06-10T18:17:29+00:00","og_image":[{"width":1200,"height":630,"url":"https:\/\/epochtimestr.com\/wp-content\/uploads\/2011y\/ali-kekliktepe-SM.jpeg","type":"image\/jpeg"}],"author":"Ali Kekliktepe","twitter_card":"summary_large_image","twitter_creator":"@TheEpochTimesTR","twitter_site":"@TheEpochTimesTR","twitter_misc":{"Yazan:":"Ali Kekliktepe","Tahmini okuma s\u00fcresi":"2 dakika"},"schema":{"@context":"https:\/\/schema.org","@graph":[{"@type":"Article","@id":"https:\/\/epochtimestr.com\/index.php\/turklerin-islamlasma-surecine-bir-bakis#article","isPartOf":{"@id":"https:\/\/epochtimestr.com\/index.php\/turklerin-islamlasma-surecine-bir-bakis"},"author":{"name":"Ali Kekliktepe","@id":"https:\/\/epochtimestr.com\/#\/schema\/person\/da94a416fed1aed029d0a47e85673b95"},"headline":"T\u00fcrklerin \u0130slamla\u015fma S\u00fcrecine Bir Bak\u0131\u015f","datePublished":"2026-06-11T04:00:00+00:00","dateModified":"2026-06-10T18:17:29+00:00","mainEntityOfPage":{"@id":"https:\/\/epochtimestr.com\/index.php\/turklerin-islamlasma-surecine-bir-bakis"},"wordCount":482,"commentCount":0,"publisher":{"@id":"https:\/\/epochtimestr.com\/#organization"},"image":{"@id":"https:\/\/epochtimestr.com\/index.php\/turklerin-islamlasma-surecine-bir-bakis#primaryimage"},"thumbnailUrl":"https:\/\/epochtimestr.com\/wp-content\/uploads\/2011y\/Ali-Kekliktepe.jpg","articleSection":["K\u00f6\u015fe Yaz\u0131lar\u0131 Ali Kekliktepe"],"inLanguage":"tr","potentialAction":[{"@type":"CommentAction","name":"Comment","target":["https:\/\/epochtimestr.com\/index.php\/turklerin-islamlasma-surecine-bir-bakis#respond"]}]},{"@type":"WebPage","@id":"https:\/\/epochtimestr.com\/index.php\/turklerin-islamlasma-surecine-bir-bakis","url":"https:\/\/epochtimestr.com\/index.php\/turklerin-islamlasma-surecine-bir-bakis","name":"T\u00fcrklerin \u0130slamla\u015fma S\u00fcrecine Bir Bak\u0131\u015f - The Epoch Times TR","isPartOf":{"@id":"https:\/\/epochtimestr.com\/#website"},"primaryImageOfPage":{"@id":"https:\/\/epochtimestr.com\/index.php\/turklerin-islamlasma-surecine-bir-bakis#primaryimage"},"image":{"@id":"https:\/\/epochtimestr.com\/index.php\/turklerin-islamlasma-surecine-bir-bakis#primaryimage"},"thumbnailUrl":"https:\/\/epochtimestr.com\/wp-content\/uploads\/2011y\/Ali-Kekliktepe.jpg","datePublished":"2026-06-11T04:00:00+00:00","dateModified":"2026-06-10T18:17:29+00:00","description":"T\u00fcrklerin \u0130slam\u2019a ge\u00e7i\u015fi onurlu bir s\u00fcre\u00e7tir, ancak kabul etmek gerekir ki bu yol, maalesef ziyadesiyle kanl\u0131 bir ba\u015flang\u0131ca sahne olmu\u015ftur.","inLanguage":"tr","potentialAction":[{"@type":"ReadAction","target":["https:\/\/epochtimestr.com\/index.php\/turklerin-islamlasma-surecine-bir-bakis"]}]},{"@type":"ImageObject","inLanguage":"tr","@id":"https:\/\/epochtimestr.com\/index.php\/turklerin-islamlasma-surecine-bir-bakis#primaryimage","url":"https:\/\/epochtimestr.com\/wp-content\/uploads\/2011y\/Ali-Kekliktepe.jpg","contentUrl":"https:\/\/epochtimestr.com\/wp-content\/uploads\/2011y\/Ali-Kekliktepe.jpg","width":600,"height":600},{"@type":"WebSite","@id":"https:\/\/epochtimestr.com\/#website","url":"https:\/\/epochtimestr.com\/","name":"The Epoch Times TR","description":"De\u011fi\u015fen D\u00fcnyam\u0131za Taze Bir Bak\u0131\u015f","publisher":{"@id":"https:\/\/epochtimestr.com\/#organization"},"potentialAction":[{"@type":"SearchAction","target":{"@type":"EntryPoint","urlTemplate":"https:\/\/epochtimestr.com\/?s={search_term_string}"},"query-input":"required name=search_term_string"}],"inLanguage":"tr"},{"@type":"Organization","@id":"https:\/\/epochtimestr.com\/#organization","name":"The EpochTimes T\u00fcrkiye","url":"https:\/\/epochtimestr.com\/","logo":{"@type":"ImageObject","inLanguage":"tr","@id":"https:\/\/epochtimestr.com\/#\/schema\/logo\/image\/","url":"https:\/\/epochtimestr.com\/wp-content\/uploads\/2011y\/ET-Logo-YG.jpg","contentUrl":"https:\/\/epochtimestr.com\/wp-content\/uploads\/2011y\/ET-Logo-YG.jpg","width":346,"height":29,"caption":"The EpochTimes T\u00fcrkiye"},"image":{"@id":"https:\/\/epochtimestr.com\/#\/schema\/logo\/image\/"},"sameAs":["https:\/\/www.facebook.com\/theepochtimestr","https:\/\/x.com\/TheEpochTimesTR","https:\/\/www.instagram.com\/epochtimestr"]},{"@type":"Person","@id":"https:\/\/epochtimestr.com\/#\/schema\/person\/da94a416fed1aed029d0a47e85673b95","name":"Ali Kekliktepe","image":{"@type":"ImageObject","inLanguage":"tr","@id":"https:\/\/epochtimestr.com\/#\/schema\/person\/image\/","url":"https:\/\/secure.gravatar.com\/avatar\/6c965c3fc374c8f4af759baef4f38bcd?s=96&d=mm&r=g","contentUrl":"https:\/\/secure.gravatar.com\/avatar\/6c965c3fc374c8f4af759baef4f38bcd?s=96&d=mm&r=g","caption":"Ali Kekliktepe"},"description":"Ben Ali Kekliktepe; hayat\u0131n\u0131 \u00f6\u011frenmeye, \u00f6\u011fretmeye ve toplumsal fayda yaratmaya adam\u0131\u015f bir yazar ve profesyonelim. Kalemi sadece ka\u011f\u0131da dokunan bir ara\u00e7 de\u011fil, toplumun aksayan y\u00f6nlerine \u015fifa olan bir enstr\u00fcman olarak g\u00f6r\u00fcyorum.","sameAs":["https:\/\/alikekliktepemersin33.blogspot.com\/"],"url":"https:\/\/epochtimestr.com\/index.php\/author\/ali"}]}},"_links":{"self":[{"href":"https:\/\/epochtimestr.com\/index.php\/wp-json\/wp\/v2\/posts\/167779"}],"collection":[{"href":"https:\/\/epochtimestr.com\/index.php\/wp-json\/wp\/v2\/posts"}],"about":[{"href":"https:\/\/epochtimestr.com\/index.php\/wp-json\/wp\/v2\/types\/post"}],"author":[{"embeddable":true,"href":"https:\/\/epochtimestr.com\/index.php\/wp-json\/wp\/v2\/users\/14013"}],"replies":[{"embeddable":true,"href":"https:\/\/epochtimestr.com\/index.php\/wp-json\/wp\/v2\/comments?post=167779"}],"version-history":[{"count":1,"href":"https:\/\/epochtimestr.com\/index.php\/wp-json\/wp\/v2\/posts\/167779\/revisions"}],"predecessor-version":[{"id":167780,"href":"https:\/\/epochtimestr.com\/index.php\/wp-json\/wp\/v2\/posts\/167779\/revisions\/167780"}],"wp:featuredmedia":[{"embeddable":true,"href":"https:\/\/epochtimestr.com\/index.php\/wp-json\/wp\/v2\/media\/167144"}],"wp:attachment":[{"href":"https:\/\/epochtimestr.com\/index.php\/wp-json\/wp\/v2\/media?parent=167779"}],"wp:term":[{"taxonomy":"category","embeddable":true,"href":"https:\/\/epochtimestr.com\/index.php\/wp-json\/wp\/v2\/categories?post=167779"},{"taxonomy":"post_tag","embeddable":true,"href":"https:\/\/epochtimestr.com\/index.php\/wp-json\/wp\/v2\/tags?post=167779"}],"curies":[{"name":"wp","href":"https:\/\/api.w.org\/{rel}","templated":true}]}}