{"id":167784,"date":"2026-06-11T16:23:57","date_gmt":"2026-06-11T13:23:57","guid":{"rendered":"https:\/\/epochtimestr.com\/?p=167784"},"modified":"2026-06-11T16:23:58","modified_gmt":"2026-06-11T13:23:58","slug":"iran-milli-takimi-abdye-gidiyor","status":"publish","type":"post","link":"https:\/\/epochtimestr.com\/index.php\/iran-milli-takimi-abdye-gidiyor","title":{"rendered":"\u0130ran Milli Tak\u0131m\u0131 ABD&#8217;ye Gidiyor"},"content":{"rendered":"<div class=\"wp-block-image\">\n<figure class=\"aligncenter size-full\"><img loading=\"lazy\" decoding=\"async\" width=\"1200\" height=\"800\" src=\"https:\/\/epochtimestr.com\/wp-content\/uploads\/2011y\/1000039987.jpg\" alt=\"\u0130ran Milli Tak\u0131m\u0131'n\u0131n 2026 D\u00fcnya Kupas\u0131 ma\u00e7lar\u0131 \u00f6ncesinde ABD'ye giri\u015fine izin verildi. ABD D\u0131\u015fi\u015fleri Bakan\u0131 Marco Rubio, 2 Haziran 2026\u2019da Washington\u2019daki Capitol Hill\u2019de Senato D\u0131\u015f \u0130li\u015fkiler Komitesi \u00f6n\u00fcnde ifade vermek \u00fczere geldi. (Foto\u011fraf: Madalina Kilroy\/The Epoch Times)\" class=\"wp-image-167787\" srcset=\"https:\/\/epochtimestr.com\/wp-content\/uploads\/2011y\/1000039987.jpg 1200w, https:\/\/epochtimestr.com\/wp-content\/uploads\/2011y\/1000039987-300x200.jpg 300w, https:\/\/epochtimestr.com\/wp-content\/uploads\/2011y\/1000039987-150x100.jpg 150w, https:\/\/epochtimestr.com\/wp-content\/uploads\/2011y\/1000039987-768x512.jpg 768w\" sizes=\"(max-width: 1200px) 100vw, 1200px\" \/><figcaption class=\"wp-element-caption\">\u0130ran Milli Tak\u0131m\u0131&#8217;n\u0131n 2026 D\u00fcnya Kupas\u0131 ma\u00e7lar\u0131 \u00f6ncesinde ABD&#8217;ye giri\u015fine izin verildi. ABD D\u0131\u015fi\u015fleri Bakan\u0131 Marco Rubio, 2 Haziran 2026\u2019da Washington\u2019daki Capitol Hill\u2019de Senato D\u0131\u015f \u0130li\u015fkiler Komitesi \u00f6n\u00fcnde. (Foto\u011fraf: Madalina Kilroy, The Epoch Times)<\/figcaption><\/figure><\/div>\n\n\n<p>\u0130ran Milli Futbol Tak\u0131m\u0131, 2026 D\u00fcnya Kupas\u0131 grup ma\u00e7lar\u0131 i\u00e7in ABD\u2019ye giri\u015f yapabilecek. ABD \u0130\u00e7 G\u00fcvenlik Bakanl\u0131\u011f\u0131, tak\u0131m\u0131n ma\u00e7lardan bir g\u00fcn \u00f6nce \u00fclkeye gelebilece\u011fini a\u00e7\u0131klad\u0131. \u0130ran, ilk grup ma\u00e7\u0131nda 15 Haziran 2026\u2019da Yeni Zelanda ile kar\u015f\u0131la\u015facak. Tak\u0131m, ikinci ma\u00e7\u0131n\u0131 ise 21 Haziran 2026\u2019da Bel\u00e7ika\u2019ya kar\u015f\u0131 oynayacak. Her iki m\u00fccadele de Los Angeles\u2019ta d\u00fczenlenecek. \u0130ran, \u00fc\u00e7\u00fcnc\u00fc grup ma\u00e7\u0131nda 26 Haziran 2026\u2019da M\u0131s\u0131r ile kar\u015f\u0131la\u015facak. Ayr\u0131ca bu kar\u015f\u0131la\u015fma da Seattle\u2019da oynanacak.<\/p>\n\n\n\n<p>Tak\u0131m \u015fu anda Meksika\u2019n\u0131n Tijuana kentinde kamp yap\u0131yor. \u0130ran, daha \u00f6nce Arizona\u2019da kamp kurmay\u0131 planl\u0131yordu. Ancak ABD\u2019nin 28 \u015eubat 2026\u2019da ba\u015flatt\u0131\u011f\u0131 Operation Epic Fury sonras\u0131nda bu plan ger\u00e7ekle\u015fmedi.<\/p>\n\n\n\n<p>\u00d6te yandan Meksika Devlet Ba\u015fkan\u0131 Claudia Sheinbaum, <a href=\"https:\/\/www.theepochtimes.com\/us\/iranian-world-cup-players-can-enter-us-the-day-before-matches-dhs-6045881\">25 May\u0131s 2026\u2019da<\/a> \u0130ran tak\u0131m\u0131n\u0131n Tijuana\u2019da konu\u015flanaca\u011f\u0131n\u0131 duyurmu\u015ftu. Hafta sonu baz\u0131 medya kurulu\u015flar\u0131, \u0130ran\u2019\u0131n Meksika B\u00fcy\u00fckel\u00e7isi Ebulfaz\u0131l Pasandideh\u2019in a\u00e7\u0131klamalar\u0131na yer verdi. Haberlere g\u00f6re \u0130ran ekibine, ma\u00e7 g\u00fcnlerinde ABD\u2019ye girip ayn\u0131 g\u00fcn ayr\u0131lmas\u0131 gerekti\u011fi bildirildi.<\/p>\n\n\n\n<p>Ancak ABD \u0130\u00e7 G\u00fcvenlik Bakanl\u0131\u011f\u0131 bu iddiay\u0131 reddetti. Bakanl\u0131k s\u00f6zc\u00fcs\u00fc, s\u00f6z konusu a\u00e7\u0131klamalar\u0131n ger\u00e7e\u011fi yans\u0131tmad\u0131\u011f\u0131n\u0131 belirtti. S\u00f6zc\u00fc, tak\u0131m\u0131n ma\u00e7lardan bir g\u00fcn \u00f6nce ABD\u2019ye giri\u015f yapabilece\u011fini ifade etti. \u0130ranl\u0131 oyuncular\u0131n tamam\u0131, 5 Haziran 2026 tarihinde vize ald\u0131. B\u00f6ylece ilk kar\u015f\u0131la\u015fmadan 10 g\u00fcn \u00f6nce giri\u015f i\u015flemleri tamamland\u0131.<\/p>\n\n\n\n<h3 class=\"wp-block-heading\">Vize s\u00fcrecinde baz\u0131 isimler d\u0131\u015far\u0131da kald\u0131<\/h3>\n\n\n\n<p>Bununla birlikte \u0130ran Futbol Federasyonu, baz\u0131 idari g\u00f6revlilerin vize alamad\u0131\u011f\u0131n\u0131 a\u00e7\u0131klad\u0131. Federasyona g\u00f6re tak\u0131m menajeri, iki analiz uzman\u0131 ve medya direkt\u00f6r\u00fc, vize alamayan isimler aras\u0131nda yer ald\u0131. Ayr\u0131ca \u0130ran\u2019\u0131n <a href=\"https:\/\/epochtimestr.com\/index.php\/abd-dis-isleri-bakanligi-meksika-seyahat-uyarisini-guncelledi\" target=\"_blank\" rel=\"noreferrer noopener\">Meksika<\/a> B\u00fcy\u00fckel\u00e7ili\u011fi, D\u0131\u015fi\u015fleri Bakanl\u0131\u011f\u0131 temsilcisinin de vize alamad\u0131\u011f\u0131n\u0131 duyurdu.<\/p>\n\n\n\n<p>ABD D\u0131\u015fi\u015fleri Bakan\u0131 Marco Rubio, 23 Nisan\u2019da konuya ili\u015fkin a\u00e7\u0131klamas\u0131nda, \u0130ran\u2019\u0131n turnuvaya kat\u0131l\u0131m\u0131na kar\u015f\u0131 olmad\u0131klar\u0131n\u0131 s\u00f6yledi. Ancak \u0130ran Devrim Muhaf\u0131zlar\u0131 Ordusu ile ba\u011flant\u0131l\u0131 ki\u015filerin \u00fclkeye al\u0131nmayaca\u011f\u0131n\u0131 belirtti.<\/p>\n\n\n\n<p>Son olarak \u0130\u00e7 G\u00fcvenlik Bakan\u0131 Markwayne Mullin, D\u00fcnya Kupas\u0131 g\u00fcvenli\u011fi i\u00e7in kapsaml\u0131 \u00e7al\u0131\u015fmalar y\u00fcr\u00fct\u00fcld\u00fc\u011f\u00fcn\u00fc a\u00e7\u0131klad\u0131. Mullin, yerel ve uluslararas\u0131 g\u00fcvenlik birimleriyle koordinasyon sa\u011flanaca\u011f\u0131n\u0131 bildirdi.<\/p>\n","protected":false},"excerpt":{"rendered":"<p>\u0130ran Milli Futbol Tak\u0131m\u0131, 2026 D\u00fcnya Kupas\u0131 grup ma\u00e7lar\u0131 i\u00e7in ABD\u2019ye giri\u015f yapabilecek. ABD \u0130\u00e7 G\u00fcvenlik Bakanl\u0131\u011f\u0131, tak\u0131m\u0131n ma\u00e7lardan bir g\u00fcn \u00f6nce \u00fclkeye gelebilece\u011fini a\u00e7\u0131klad\u0131. \u0130ran, ilk grup ma\u00e7\u0131nda 15 Haziran 2026\u2019da Yeni Zelanda ile kar\u015f\u0131la\u015facak. Tak\u0131m, ikinci ma\u00e7\u0131n\u0131 ise 21 Haziran 2026\u2019da Bel\u00e7ika\u2019ya kar\u015f\u0131 oynayacak. Her iki m\u00fccadele de Los Angeles\u2019ta d\u00fczenlenecek. \u0130ran, \u00fc\u00e7\u00fcnc\u00fc [&hellip;]<\/p>\n","protected":false},"author":13996,"featured_media":167787,"comment_status":"open","ping_status":"open","sticky":false,"template":"","format":"standard","meta":{"_yoast_wpseo_focuskw":"\u0130ran Milli","_yoast_wpseo_title":"","_yoast_wpseo_metadesc":"\u0130ran Milli Tak\u0131m\u0131'n\u0131n 2026 D\u00fcnya Kupas\u0131 ma\u00e7lar\u0131 \u00f6ncesinde ABD'ye giri\u015fine izin verildi. Ancak baz\u0131 idari g\u00f6revlilere vize verilmedi.","_bbp_topic_count":0,"_bbp_reply_count":0,"_bbp_total_topic_count":0,"_bbp_total_reply_count":0,"_bbp_voice_count":0,"_bbp_anonymous_reply_count":0,"_bbp_topic_count_hidden":0,"_bbp_reply_count_hidden":0,"_bbp_forum_subforum_count":0,"footnotes":"","_yoast_wpseo_focuskw_text_input":""},"categories":[5,1,8138],"tags":[11531,407,10503,11530,8598,6536],"yoast_head":"<!-- This site is optimized with the Yoast SEO plugin v23.0 - https:\/\/yoast.com\/wordpress\/plugins\/seo\/ -->\n<title>\u0130ran Milli Tak\u0131m\u0131 ABD&#039;ye Gidiyor - The Epoch Times TR<\/title>\n<meta name=\"description\" content=\"\u0130ran Milli Tak\u0131m\u0131&#039;n\u0131n 2026 D\u00fcnya Kupas\u0131 ma\u00e7lar\u0131 \u00f6ncesinde ABD&#039;ye giri\u015fine izin verildi. Ancak baz\u0131 idari g\u00f6revlilere vize verilmedi.\" \/>\n<meta name=\"robots\" content=\"index, follow, max-snippet:-1, max-image-preview:large, max-video-preview:-1\" \/>\n<link rel=\"canonical\" href=\"https:\/\/epochtimestr.com\/index.php\/iran-milli-takimi-abdye-gidiyor\" \/>\n<meta property=\"og:locale\" content=\"tr_TR\" \/>\n<meta property=\"og:type\" content=\"article\" \/>\n<meta property=\"og:title\" content=\"\u0130ran Milli Tak\u0131m\u0131 ABD&#039;ye Gidiyor - The Epoch Times TR\" \/>\n<meta property=\"og:description\" content=\"\u0130ran Milli Tak\u0131m\u0131&#039;n\u0131n 2026 D\u00fcnya Kupas\u0131 ma\u00e7lar\u0131 \u00f6ncesinde ABD&#039;ye giri\u015fine izin verildi. Ancak baz\u0131 idari g\u00f6revlilere vize verilmedi.\" \/>\n<meta property=\"og:url\" content=\"https:\/\/epochtimestr.com\/index.php\/iran-milli-takimi-abdye-gidiyor\" \/>\n<meta property=\"og:site_name\" content=\"The Epoch Times TR\" \/>\n<meta property=\"article:publisher\" content=\"https:\/\/www.facebook.com\/theepochtimestr\" \/>\n<meta property=\"article:published_time\" content=\"2026-06-11T13:23:57+00:00\" \/>\n<meta property=\"article:modified_time\" content=\"2026-06-11T13:23:58+00:00\" \/>\n<meta property=\"og:image\" content=\"https:\/\/epochtimestr.com\/wp-content\/uploads\/2011y\/1000039987.jpg\" \/>\n\t<meta property=\"og:image:width\" content=\"1200\" \/>\n\t<meta property=\"og:image:height\" content=\"800\" \/>\n\t<meta property=\"og:image:type\" content=\"image\/jpeg\" \/>\n<meta name=\"author\" content=\"Leo Bajelan\" \/>\n<meta name=\"twitter:card\" content=\"summary_large_image\" \/>\n<meta name=\"twitter:creator\" content=\"@TheEpochTimesTR\" \/>\n<meta name=\"twitter:site\" content=\"@TheEpochTimesTR\" \/>\n<meta name=\"twitter:label1\" content=\"Yazan:\" \/>\n\t<meta name=\"twitter:data1\" content=\"Leo Bajelan\" \/>\n\t<meta name=\"twitter:label2\" content=\"Tahmini okuma s\u00fcresi\" \/>\n\t<meta name=\"twitter:data2\" content=\"3 dakika\" \/>\n<script type=\"application\/ld+json\" class=\"yoast-schema-graph\">{\"@context\":\"https:\/\/schema.org\",\"@graph\":[{\"@type\":\"Article\",\"@id\":\"https:\/\/epochtimestr.com\/index.php\/iran-milli-takimi-abdye-gidiyor#article\",\"isPartOf\":{\"@id\":\"https:\/\/epochtimestr.com\/index.php\/iran-milli-takimi-abdye-gidiyor\"},\"author\":{\"name\":\"Leo Bajelan\",\"@id\":\"https:\/\/epochtimestr.com\/#\/schema\/person\/5fef218711d76d8f232b0e1f1d7e4c0d\"},\"headline\":\"\u0130ran Milli Tak\u0131m\u0131 ABD&#8217;ye Gidiyor\",\"datePublished\":\"2026-06-11T13:23:57+00:00\",\"dateModified\":\"2026-06-11T13:23:58+00:00\",\"mainEntityOfPage\":{\"@id\":\"https:\/\/epochtimestr.com\/index.php\/iran-milli-takimi-abdye-gidiyor\"},\"wordCount\":458,\"commentCount\":0,\"publisher\":{\"@id\":\"https:\/\/epochtimestr.com\/#organization\"},\"image\":{\"@id\":\"https:\/\/epochtimestr.com\/index.php\/iran-milli-takimi-abdye-gidiyor#primaryimage\"},\"thumbnailUrl\":\"https:\/\/epochtimestr.com\/wp-content\/uploads\/2011y\/1000039987.jpg\",\"keywords\":[\"2026 D\u00fcnya Kupas\u0131\",\"ABD\",\"ABD \u0130ran sava\u015f\u0131\",\"\u0130ran milli tak\u0131m\u0131\",\"Marco Rubio\",\"meksika\"],\"articleSection\":[\"D\u00dcNYA\",\"G\u00dcNDEM\",\"MAN\u015eET\"],\"inLanguage\":\"tr\",\"potentialAction\":[{\"@type\":\"CommentAction\",\"name\":\"Comment\",\"target\":[\"https:\/\/epochtimestr.com\/index.php\/iran-milli-takimi-abdye-gidiyor#respond\"]}]},{\"@type\":\"WebPage\",\"@id\":\"https:\/\/epochtimestr.com\/index.php\/iran-milli-takimi-abdye-gidiyor\",\"url\":\"https:\/\/epochtimestr.com\/index.php\/iran-milli-takimi-abdye-gidiyor\",\"name\":\"\u0130ran Milli Tak\u0131m\u0131 ABD'ye Gidiyor - The Epoch Times TR\",\"isPartOf\":{\"@id\":\"https:\/\/epochtimestr.com\/#website\"},\"primaryImageOfPage\":{\"@id\":\"https:\/\/epochtimestr.com\/index.php\/iran-milli-takimi-abdye-gidiyor#primaryimage\"},\"image\":{\"@id\":\"https:\/\/epochtimestr.com\/index.php\/iran-milli-takimi-abdye-gidiyor#primaryimage\"},\"thumbnailUrl\":\"https:\/\/epochtimestr.com\/wp-content\/uploads\/2011y\/1000039987.jpg\",\"datePublished\":\"2026-06-11T13:23:57+00:00\",\"dateModified\":\"2026-06-11T13:23:58+00:00\",\"description\":\"\u0130ran Milli Tak\u0131m\u0131'n\u0131n 2026 D\u00fcnya Kupas\u0131 ma\u00e7lar\u0131 \u00f6ncesinde ABD'ye giri\u015fine izin verildi. Ancak baz\u0131 idari g\u00f6revlilere vize verilmedi.\",\"inLanguage\":\"tr\",\"potentialAction\":[{\"@type\":\"ReadAction\",\"target\":[\"https:\/\/epochtimestr.com\/index.php\/iran-milli-takimi-abdye-gidiyor\"]}]},{\"@type\":\"ImageObject\",\"inLanguage\":\"tr\",\"@id\":\"https:\/\/epochtimestr.com\/index.php\/iran-milli-takimi-abdye-gidiyor#primaryimage\",\"url\":\"https:\/\/epochtimestr.com\/wp-content\/uploads\/2011y\/1000039987.jpg\",\"contentUrl\":\"https:\/\/epochtimestr.com\/wp-content\/uploads\/2011y\/1000039987.jpg\",\"width\":1200,\"height\":800},{\"@type\":\"WebSite\",\"@id\":\"https:\/\/epochtimestr.com\/#website\",\"url\":\"https:\/\/epochtimestr.com\/\",\"name\":\"The Epoch Times TR\",\"description\":\"De\u011fi\u015fen D\u00fcnyam\u0131za Taze Bir Bak\u0131\u015f\",\"publisher\":{\"@id\":\"https:\/\/epochtimestr.com\/#organization\"},\"potentialAction\":[{\"@type\":\"SearchAction\",\"target\":{\"@type\":\"EntryPoint\",\"urlTemplate\":\"https:\/\/epochtimestr.com\/?s={search_term_string}\"},\"query-input\":\"required name=search_term_string\"}],\"inLanguage\":\"tr\"},{\"@type\":\"Organization\",\"@id\":\"https:\/\/epochtimestr.com\/#organization\",\"name\":\"The EpochTimes T\u00fcrkiye\",\"url\":\"https:\/\/epochtimestr.com\/\",\"logo\":{\"@type\":\"ImageObject\",\"inLanguage\":\"tr\",\"@id\":\"https:\/\/epochtimestr.com\/#\/schema\/logo\/image\/\",\"url\":\"https:\/\/epochtimestr.com\/wp-content\/uploads\/2011y\/ET-Logo-YG.jpg\",\"contentUrl\":\"https:\/\/epochtimestr.com\/wp-content\/uploads\/2011y\/ET-Logo-YG.jpg\",\"width\":346,\"height\":29,\"caption\":\"The EpochTimes T\u00fcrkiye\"},\"image\":{\"@id\":\"https:\/\/epochtimestr.com\/#\/schema\/logo\/image\/\"},\"sameAs\":[\"https:\/\/www.facebook.com\/theepochtimestr\",\"https:\/\/x.com\/TheEpochTimesTR\",\"https:\/\/www.instagram.com\/epochtimestr\"]},{\"@type\":\"Person\",\"@id\":\"https:\/\/epochtimestr.com\/#\/schema\/person\/5fef218711d76d8f232b0e1f1d7e4c0d\",\"name\":\"Leo Bajelan\",\"image\":{\"@type\":\"ImageObject\",\"inLanguage\":\"tr\",\"@id\":\"https:\/\/epochtimestr.com\/#\/schema\/person\/image\/\",\"url\":\"https:\/\/secure.gravatar.com\/avatar\/917669146f489549e548a2e9af272df5?s=96&d=mm&r=g\",\"contentUrl\":\"https:\/\/secure.gravatar.com\/avatar\/917669146f489549e548a2e9af272df5?s=96&d=mm&r=g\",\"caption\":\"Leo Bajelan\"},\"url\":\"https:\/\/epochtimestr.com\/index.php\/author\/leo\"}]}<\/script>\n<!-- \/ Yoast SEO plugin. -->","yoast_head_json":{"title":"\u0130ran Milli Tak\u0131m\u0131 ABD'ye Gidiyor - The Epoch Times TR","description":"\u0130ran Milli Tak\u0131m\u0131'n\u0131n 2026 D\u00fcnya Kupas\u0131 ma\u00e7lar\u0131 \u00f6ncesinde ABD'ye giri\u015fine izin verildi. Ancak baz\u0131 idari g\u00f6revlilere vize verilmedi.","robots":{"index":"index","follow":"follow","max-snippet":"max-snippet:-1","max-image-preview":"max-image-preview:large","max-video-preview":"max-video-preview:-1"},"canonical":"https:\/\/epochtimestr.com\/index.php\/iran-milli-takimi-abdye-gidiyor","og_locale":"tr_TR","og_type":"article","og_title":"\u0130ran Milli Tak\u0131m\u0131 ABD'ye Gidiyor - The Epoch Times TR","og_description":"\u0130ran Milli Tak\u0131m\u0131'n\u0131n 2026 D\u00fcnya Kupas\u0131 ma\u00e7lar\u0131 \u00f6ncesinde ABD'ye giri\u015fine izin verildi. Ancak baz\u0131 idari g\u00f6revlilere vize verilmedi.","og_url":"https:\/\/epochtimestr.com\/index.php\/iran-milli-takimi-abdye-gidiyor","og_site_name":"The Epoch Times TR","article_publisher":"https:\/\/www.facebook.com\/theepochtimestr","article_published_time":"2026-06-11T13:23:57+00:00","article_modified_time":"2026-06-11T13:23:58+00:00","og_image":[{"width":1200,"height":800,"url":"https:\/\/epochtimestr.com\/wp-content\/uploads\/2011y\/1000039987.jpg","type":"image\/jpeg"}],"author":"Leo Bajelan","twitter_card":"summary_large_image","twitter_creator":"@TheEpochTimesTR","twitter_site":"@TheEpochTimesTR","twitter_misc":{"Yazan:":"Leo Bajelan","Tahmini okuma s\u00fcresi":"3 dakika"},"schema":{"@context":"https:\/\/schema.org","@graph":[{"@type":"Article","@id":"https:\/\/epochtimestr.com\/index.php\/iran-milli-takimi-abdye-gidiyor#article","isPartOf":{"@id":"https:\/\/epochtimestr.com\/index.php\/iran-milli-takimi-abdye-gidiyor"},"author":{"name":"Leo Bajelan","@id":"https:\/\/epochtimestr.com\/#\/schema\/person\/5fef218711d76d8f232b0e1f1d7e4c0d"},"headline":"\u0130ran Milli Tak\u0131m\u0131 ABD&#8217;ye Gidiyor","datePublished":"2026-06-11T13:23:57+00:00","dateModified":"2026-06-11T13:23:58+00:00","mainEntityOfPage":{"@id":"https:\/\/epochtimestr.com\/index.php\/iran-milli-takimi-abdye-gidiyor"},"wordCount":458,"commentCount":0,"publisher":{"@id":"https:\/\/epochtimestr.com\/#organization"},"image":{"@id":"https:\/\/epochtimestr.com\/index.php\/iran-milli-takimi-abdye-gidiyor#primaryimage"},"thumbnailUrl":"https:\/\/epochtimestr.com\/wp-content\/uploads\/2011y\/1000039987.jpg","keywords":["2026 D\u00fcnya Kupas\u0131","ABD","ABD \u0130ran sava\u015f\u0131","\u0130ran milli tak\u0131m\u0131","Marco Rubio","meksika"],"articleSection":["D\u00dcNYA","G\u00dcNDEM","MAN\u015eET"],"inLanguage":"tr","potentialAction":[{"@type":"CommentAction","name":"Comment","target":["https:\/\/epochtimestr.com\/index.php\/iran-milli-takimi-abdye-gidiyor#respond"]}]},{"@type":"WebPage","@id":"https:\/\/epochtimestr.com\/index.php\/iran-milli-takimi-abdye-gidiyor","url":"https:\/\/epochtimestr.com\/index.php\/iran-milli-takimi-abdye-gidiyor","name":"\u0130ran Milli Tak\u0131m\u0131 ABD'ye Gidiyor - The Epoch Times TR","isPartOf":{"@id":"https:\/\/epochtimestr.com\/#website"},"primaryImageOfPage":{"@id":"https:\/\/epochtimestr.com\/index.php\/iran-milli-takimi-abdye-gidiyor#primaryimage"},"image":{"@id":"https:\/\/epochtimestr.com\/index.php\/iran-milli-takimi-abdye-gidiyor#primaryimage"},"thumbnailUrl":"https:\/\/epochtimestr.com\/wp-content\/uploads\/2011y\/1000039987.jpg","datePublished":"2026-06-11T13:23:57+00:00","dateModified":"2026-06-11T13:23:58+00:00","description":"\u0130ran Milli Tak\u0131m\u0131'n\u0131n 2026 D\u00fcnya Kupas\u0131 ma\u00e7lar\u0131 \u00f6ncesinde ABD'ye giri\u015fine izin verildi. Ancak baz\u0131 idari g\u00f6revlilere vize verilmedi.","inLanguage":"tr","potentialAction":[{"@type":"ReadAction","target":["https:\/\/epochtimestr.com\/index.php\/iran-milli-takimi-abdye-gidiyor"]}]},{"@type":"ImageObject","inLanguage":"tr","@id":"https:\/\/epochtimestr.com\/index.php\/iran-milli-takimi-abdye-gidiyor#primaryimage","url":"https:\/\/epochtimestr.com\/wp-content\/uploads\/2011y\/1000039987.jpg","contentUrl":"https:\/\/epochtimestr.com\/wp-content\/uploads\/2011y\/1000039987.jpg","width":1200,"height":800},{"@type":"WebSite","@id":"https:\/\/epochtimestr.com\/#website","url":"https:\/\/epochtimestr.com\/","name":"The Epoch Times TR","description":"De\u011fi\u015fen D\u00fcnyam\u0131za Taze Bir Bak\u0131\u015f","publisher":{"@id":"https:\/\/epochtimestr.com\/#organization"},"potentialAction":[{"@type":"SearchAction","target":{"@type":"EntryPoint","urlTemplate":"https:\/\/epochtimestr.com\/?s={search_term_string}"},"query-input":"required name=search_term_string"}],"inLanguage":"tr"},{"@type":"Organization","@id":"https:\/\/epochtimestr.com\/#organization","name":"The EpochTimes T\u00fcrkiye","url":"https:\/\/epochtimestr.com\/","logo":{"@type":"ImageObject","inLanguage":"tr","@id":"https:\/\/epochtimestr.com\/#\/schema\/logo\/image\/","url":"https:\/\/epochtimestr.com\/wp-content\/uploads\/2011y\/ET-Logo-YG.jpg","contentUrl":"https:\/\/epochtimestr.com\/wp-content\/uploads\/2011y\/ET-Logo-YG.jpg","width":346,"height":29,"caption":"The EpochTimes T\u00fcrkiye"},"image":{"@id":"https:\/\/epochtimestr.com\/#\/schema\/logo\/image\/"},"sameAs":["https:\/\/www.facebook.com\/theepochtimestr","https:\/\/x.com\/TheEpochTimesTR","https:\/\/www.instagram.com\/epochtimestr"]},{"@type":"Person","@id":"https:\/\/epochtimestr.com\/#\/schema\/person\/5fef218711d76d8f232b0e1f1d7e4c0d","name":"Leo Bajelan","image":{"@type":"ImageObject","inLanguage":"tr","@id":"https:\/\/epochtimestr.com\/#\/schema\/person\/image\/","url":"https:\/\/secure.gravatar.com\/avatar\/917669146f489549e548a2e9af272df5?s=96&d=mm&r=g","contentUrl":"https:\/\/secure.gravatar.com\/avatar\/917669146f489549e548a2e9af272df5?s=96&d=mm&r=g","caption":"Leo Bajelan"},"url":"https:\/\/epochtimestr.com\/index.php\/author\/leo"}]}},"_links":{"self":[{"href":"https:\/\/epochtimestr.com\/index.php\/wp-json\/wp\/v2\/posts\/167784"}],"collection":[{"href":"https:\/\/epochtimestr.com\/index.php\/wp-json\/wp\/v2\/posts"}],"about":[{"href":"https:\/\/epochtimestr.com\/index.php\/wp-json\/wp\/v2\/types\/post"}],"author":[{"embeddable":true,"href":"https:\/\/epochtimestr.com\/index.php\/wp-json\/wp\/v2\/users\/13996"}],"replies":[{"embeddable":true,"href":"https:\/\/epochtimestr.com\/index.php\/wp-json\/wp\/v2\/comments?post=167784"}],"version-history":[{"count":2,"href":"https:\/\/epochtimestr.com\/index.php\/wp-json\/wp\/v2\/posts\/167784\/revisions"}],"predecessor-version":[{"id":167795,"href":"https:\/\/epochtimestr.com\/index.php\/wp-json\/wp\/v2\/posts\/167784\/revisions\/167795"}],"wp:featuredmedia":[{"embeddable":true,"href":"https:\/\/epochtimestr.com\/index.php\/wp-json\/wp\/v2\/media\/167787"}],"wp:attachment":[{"href":"https:\/\/epochtimestr.com\/index.php\/wp-json\/wp\/v2\/media?parent=167784"}],"wp:term":[{"taxonomy":"category","embeddable":true,"href":"https:\/\/epochtimestr.com\/index.php\/wp-json\/wp\/v2\/categories?post=167784"},{"taxonomy":"post_tag","embeddable":true,"href":"https:\/\/epochtimestr.com\/index.php\/wp-json\/wp\/v2\/tags?post=167784"}],"curies":[{"name":"wp","href":"https:\/\/api.w.org\/{rel}","templated":true}]}}