{"id":167789,"date":"2026-06-11T16:34:57","date_gmt":"2026-06-11T13:34:57","guid":{"rendered":"https:\/\/epochtimestr.com\/?p=167789"},"modified":"2026-06-11T16:35:02","modified_gmt":"2026-06-11T13:35:02","slug":"abd-irak-icin-seyahat-uyarisini-yineledi","status":"publish","type":"post","link":"https:\/\/epochtimestr.com\/index.php\/abd-irak-icin-seyahat-uyarisini-yineledi","title":{"rendered":"ABD Irak \u0130\u00e7in Seyahat Uyar\u0131s\u0131n\u0131 Yineledi"},"content":{"rendered":"<div class=\"wp-block-image\">\n<figure class=\"aligncenter size-full\"><img loading=\"lazy\" decoding=\"async\" width=\"1200\" height=\"800\" src=\"https:\/\/epochtimestr.com\/wp-content\/uploads\/2011y\/1000039998.webp\" alt=\"ABD vatanda\u015flar\u0131na Irak seyahati konusunda uyar\u0131 yap\u0131ld\u0131. ABD bayra\u011f\u0131, 17 Mart 2026\u2019da Ba\u011fdat\u2019taki g\u00fc\u00e7lendirilmi\u015f Ye\u015fil B\u00f6lge\u2019deki ABD B\u00fcy\u00fckel\u00e7ili\u011fi\u2019nin d\u0131\u015f\u0131nda, F\u0131rat Nehri kar\u015f\u0131s\u0131nda dalgalan\u0131yor. (Foto\u011fraf: Ahmad al-Rubaye\/AFP via Getty Images)\" class=\"wp-image-167790\" srcset=\"https:\/\/epochtimestr.com\/wp-content\/uploads\/2011y\/1000039998.webp 1200w, https:\/\/epochtimestr.com\/wp-content\/uploads\/2011y\/1000039998-300x200.webp 300w, https:\/\/epochtimestr.com\/wp-content\/uploads\/2011y\/1000039998-150x100.webp 150w, https:\/\/epochtimestr.com\/wp-content\/uploads\/2011y\/1000039998-768x512.webp 768w\" sizes=\"(max-width: 1200px) 100vw, 1200px\" \/><figcaption class=\"wp-element-caption\">Ba\u011fdat B\u00fcy\u00fckel\u00e7ili\u011fi, ABD vatanda\u015flar\u0131na Irak seyahati konusunda uyar\u0131 yapt\u0131. ABD bayra\u011f\u0131, 17 Mart 2026\u2019da Ba\u011fdat\u2019taki g\u00fc\u00e7lendirilmi\u015f Ye\u015fil B\u00f6lge\u2019deki ABD B\u00fcy\u00fckel\u00e7ili\u011fi\u2019nin d\u0131\u015f\u0131nda, F\u0131rat Nehri kar\u015f\u0131s\u0131nda dalgalan\u0131rken. (Foto\u011fraf: Ahmad al-Rubaye, AFP &#8211; Getty Images, The Epoch Times arac\u0131l\u0131\u011f\u0131yla)<\/figcaption><\/figure><\/div>\n\n\n<p>ABD\u2019nin Ba\u011fdat B\u00fcy\u00fckel\u00e7ili\u011fi, Irak\u2019taki Amerikal\u0131lara artan gerilimler nedeniyle haz\u0131rl\u0131kl\u0131 olmalar\u0131 \u00e7a\u011fr\u0131s\u0131nda bulundu. B\u00fcy\u00fckel\u00e7ilik, \u00fclke genelinde zaten ge\u00e7erli olan Seviye 4 \u201cSeyahat Etmeyin\u201d uyar\u0131s\u0131n\u0131 hat\u0131rlatt\u0131.<\/p>\n\n\n\n<p>B\u00fcy\u00fckel\u00e7ilik, X hesab\u0131ndan yapt\u0131\u011f\u0131 a\u00e7\u0131klamada, ABD vatanda\u015flar\u0131n\u0131n \u201c<a href=\"https:\/\/www.theepochtimes.com\/world\/us-embassy-in-baghdad-advises-heightened-readiness-among-americans-in-iraq-6046348\" target=\"_blank\" rel=\"noreferrer noopener\">y\u00fcksek dikkat<\/a>\u201d g\u00f6stermesi ve yerel haber kaynaklar\u0131n\u0131 takip etmesi gerekti\u011fini belirtti. Ayr\u0131ca, seyahat k\u0131s\u0131tlamalar\u0131 ve hava sahas\u0131 kapan\u0131\u015flar\u0131nda k\u0131sa s\u00fcreli bildirim uygulanabilece\u011fi uyar\u0131s\u0131 yer ald\u0131.<\/p>\n\n\n\n<p>B\u00fcy\u00fckel\u00e7ilik, Amerikal\u0131lara Irak\u2019a seyahat etmemelerini ve \u00fclkede bulunanlar\u0131n m\u00fcmk\u00fcnse hemen ayr\u0131lmalar\u0131n\u0131 tavsiye etti. Ayr\u0131ca, hava yolu \u015firketlerinden u\u00e7u\u015f g\u00fcncellemelerini do\u011frudan takip etmelerini istedi. Havaliman\u0131 operasyonlar\u0131yla ilgili olarak, resmi kanallardan bilgi alabileceklerini belirtti.<\/p>\n\n\n\n<p>Bu uyar\u0131, <a href=\"https:\/\/epochtimestr.com\/index.php\/iran-destekli-terorist-gruplar-irakta-amerikalilara-saldiri-planliyor\" target=\"_blank\" rel=\"noreferrer noopener\">ABD\u2019nin \u0130ran\u2019a kar\u015f\u0131<\/a> ger\u00e7ekle\u015ftirdi\u011fi misilleme sald\u0131r\u0131lar\u0131n\u0131n hemen ard\u0131ndan geldi. Bu arada ABD Merkez Komutanl\u0131\u011f\u0131 (CENTCOM), 9 Haziran\u2019da bir sald\u0131r\u0131 d\u00fczenledi. Sald\u0131r\u0131, bir g\u00fcn \u00f6nce H\u00fcrm\u00fcz Bo\u011faz\u0131 yak\u0131n\u0131nda d\u00fc\u015f\u00fcr\u00fclen bir Amerikan Apache helikopterine yan\u0131t oldu. <\/p>\n\n\n\n<p>CENTCOM a\u00e7\u0131klamas\u0131nda, \u201c\u0130ran\u2019\u0131n hava savunma ve yer kontrol noktalar\u0131 ile radar tesislerini, hassas m\u00fchimmatlarla hedef ald\u0131k\u201d dedi. A\u00e7\u0131klamada ayr\u0131ca operasyonun uluslararas\u0131 ticaret gemilerine yap\u0131lan sald\u0131r\u0131lara orant\u0131l\u0131 bir yan\u0131t oldu\u011fu vurgusu yer ald\u0131.<\/p>\n\n\n\n<p>ABD Ba\u015fkan\u0131 Donald Trump, olay\u0131 Truth Social \u00fczerinden do\u011frulayarak helikopterdeki iki pilotun g\u00fcvenli \u015fekilde kurtar\u0131ld\u0131\u011f\u0131n\u0131 bildirdi. Trump, sald\u0131r\u0131ya yan\u0131t\u0131n gerekli oldu\u011funu, ancak asl\u0131nda kendisinin, diplomatik \u00e7\u00f6z\u00fcm\u00fc tercih etti\u011fini s\u00f6yledi.<\/p>\n\n\n\n<p>Trump, \u201cSald\u0131r\u0131 sonras\u0131nda m\u00fczakereler son a\u015famadayd\u0131. Bombalama yerine g\u00fc\u00e7l\u00fc bir anla\u015fma istiyoruz\u201d dedi. CENTCOM, operasyonun \u201chaks\u0131z \u0130ran sald\u0131r\u0131s\u0131na orant\u0131l\u0131 yan\u0131t\u201d oldu\u011funu a\u00e7\u0131klad\u0131. <\/p>\n\n\n\n<p>B\u00fcy\u00fckel\u00e7ilik, Irak\u2019ta seyahat eden vatanda\u015flar\u0131n dikkatli olmas\u0131 ve geli\u015fmeleri yak\u0131ndan takip etmesi gerekti\u011fini belirtti.<\/p>\n","protected":false},"excerpt":{"rendered":"<p>ABD\u2019nin Ba\u011fdat B\u00fcy\u00fckel\u00e7ili\u011fi, Irak\u2019taki Amerikal\u0131lara artan gerilimler nedeniyle haz\u0131rl\u0131kl\u0131 olmalar\u0131 \u00e7a\u011fr\u0131s\u0131nda bulundu. B\u00fcy\u00fckel\u00e7ilik, \u00fclke genelinde zaten ge\u00e7erli olan Seviye 4 \u201cSeyahat Etmeyin\u201d uyar\u0131s\u0131n\u0131 hat\u0131rlatt\u0131. B\u00fcy\u00fckel\u00e7ilik, X hesab\u0131ndan yapt\u0131\u011f\u0131 a\u00e7\u0131klamada, ABD vatanda\u015flar\u0131n\u0131n \u201cy\u00fcksek dikkat\u201d g\u00f6stermesi ve yerel haber kaynaklar\u0131n\u0131 takip etmesi gerekti\u011fini belirtti. Ayr\u0131ca, seyahat k\u0131s\u0131tlamalar\u0131 ve hava sahas\u0131 kapan\u0131\u015flar\u0131nda k\u0131sa s\u00fcreli bildirim uygulanabilece\u011fi uyar\u0131s\u0131 yer [&hellip;]<\/p>\n","protected":false},"author":13996,"featured_media":167790,"comment_status":"open","ping_status":"open","sticky":false,"template":"","format":"standard","meta":{"_yoast_wpseo_focuskw":"ABD - Irak","_yoast_wpseo_title":"","_yoast_wpseo_metadesc":"ABD vatanda\u015flar\u0131na Irak seyahati konusunda uyar\u0131 yap\u0131ld\u0131. B\u00fcy\u00fckel\u00e7ilik, olas\u0131 g\u00fcvenlik risklerine kar\u015f\u0131 haz\u0131rl\u0131kl\u0131 olunmas\u0131n\u0131 istedi.","_bbp_topic_count":0,"_bbp_reply_count":0,"_bbp_total_topic_count":0,"_bbp_total_reply_count":0,"_bbp_voice_count":0,"_bbp_anonymous_reply_count":0,"_bbp_topic_count_hidden":0,"_bbp_reply_count_hidden":0,"_bbp_forum_subforum_count":0,"footnotes":"","_yoast_wpseo_focuskw_text_input":""},"categories":[5,1,8138],"tags":[10503,11532,9876,7687],"yoast_head":"<!-- This site is optimized with the Yoast SEO plugin v23.0 - https:\/\/yoast.com\/wordpress\/plugins\/seo\/ -->\n<title>ABD Irak \u0130\u00e7in Seyahat Uyar\u0131s\u0131n\u0131 Yineledi - The Epoch Times TR<\/title>\n<meta name=\"description\" content=\"ABD vatanda\u015flar\u0131na Irak seyahati konusunda uyar\u0131 yap\u0131ld\u0131. B\u00fcy\u00fckel\u00e7ilik, olas\u0131 g\u00fcvenlik risklerine kar\u015f\u0131 haz\u0131rl\u0131kl\u0131 olunmas\u0131n\u0131 istedi.\" \/>\n<meta name=\"robots\" content=\"index, follow, max-snippet:-1, max-image-preview:large, max-video-preview:-1\" \/>\n<link rel=\"canonical\" href=\"https:\/\/epochtimestr.com\/index.php\/abd-irak-icin-seyahat-uyarisini-yineledi\" \/>\n<meta property=\"og:locale\" content=\"tr_TR\" \/>\n<meta property=\"og:type\" content=\"article\" \/>\n<meta property=\"og:title\" content=\"ABD Irak \u0130\u00e7in Seyahat Uyar\u0131s\u0131n\u0131 Yineledi - The Epoch Times TR\" \/>\n<meta property=\"og:description\" content=\"ABD vatanda\u015flar\u0131na Irak seyahati konusunda uyar\u0131 yap\u0131ld\u0131. B\u00fcy\u00fckel\u00e7ilik, olas\u0131 g\u00fcvenlik risklerine kar\u015f\u0131 haz\u0131rl\u0131kl\u0131 olunmas\u0131n\u0131 istedi.\" \/>\n<meta property=\"og:url\" content=\"https:\/\/epochtimestr.com\/index.php\/abd-irak-icin-seyahat-uyarisini-yineledi\" \/>\n<meta property=\"og:site_name\" content=\"The Epoch Times TR\" \/>\n<meta property=\"article:publisher\" content=\"https:\/\/www.facebook.com\/theepochtimestr\" \/>\n<meta property=\"article:published_time\" content=\"2026-06-11T13:34:57+00:00\" \/>\n<meta property=\"article:modified_time\" content=\"2026-06-11T13:35:02+00:00\" \/>\n<meta property=\"og:image\" content=\"https:\/\/epochtimestr.com\/wp-content\/uploads\/2011y\/1000039998.webp\" \/>\n\t<meta property=\"og:image:width\" content=\"1200\" \/>\n\t<meta property=\"og:image:height\" content=\"800\" \/>\n\t<meta property=\"og:image:type\" content=\"image\/webp\" \/>\n<meta name=\"author\" content=\"Leo Bajelan\" \/>\n<meta name=\"twitter:card\" content=\"summary_large_image\" \/>\n<meta name=\"twitter:creator\" content=\"@TheEpochTimesTR\" \/>\n<meta name=\"twitter:site\" content=\"@TheEpochTimesTR\" \/>\n<meta name=\"twitter:label1\" content=\"Yazan:\" \/>\n\t<meta name=\"twitter:data1\" content=\"Leo Bajelan\" \/>\n\t<meta name=\"twitter:label2\" content=\"Tahmini okuma s\u00fcresi\" \/>\n\t<meta name=\"twitter:data2\" content=\"2 dakika\" \/>\n<script type=\"application\/ld+json\" class=\"yoast-schema-graph\">{\"@context\":\"https:\/\/schema.org\",\"@graph\":[{\"@type\":\"Article\",\"@id\":\"https:\/\/epochtimestr.com\/index.php\/abd-irak-icin-seyahat-uyarisini-yineledi#article\",\"isPartOf\":{\"@id\":\"https:\/\/epochtimestr.com\/index.php\/abd-irak-icin-seyahat-uyarisini-yineledi\"},\"author\":{\"name\":\"Leo Bajelan\",\"@id\":\"https:\/\/epochtimestr.com\/#\/schema\/person\/5fef218711d76d8f232b0e1f1d7e4c0d\"},\"headline\":\"ABD Irak \u0130\u00e7in Seyahat Uyar\u0131s\u0131n\u0131 Yineledi\",\"datePublished\":\"2026-06-11T13:34:57+00:00\",\"dateModified\":\"2026-06-11T13:35:02+00:00\",\"mainEntityOfPage\":{\"@id\":\"https:\/\/epochtimestr.com\/index.php\/abd-irak-icin-seyahat-uyarisini-yineledi\"},\"wordCount\":417,\"commentCount\":0,\"publisher\":{\"@id\":\"https:\/\/epochtimestr.com\/#organization\"},\"image\":{\"@id\":\"https:\/\/epochtimestr.com\/index.php\/abd-irak-icin-seyahat-uyarisini-yineledi#primaryimage\"},\"thumbnailUrl\":\"https:\/\/epochtimestr.com\/wp-content\/uploads\/2011y\/1000039998.webp\",\"keywords\":[\"ABD \u0130ran sava\u015f\u0131\",\"ABD seyahat uyar\u0131s\u0131\",\"CENTCOM\",\"Irak\"],\"articleSection\":[\"D\u00dcNYA\",\"G\u00dcNDEM\",\"MAN\u015eET\"],\"inLanguage\":\"tr\",\"potentialAction\":[{\"@type\":\"CommentAction\",\"name\":\"Comment\",\"target\":[\"https:\/\/epochtimestr.com\/index.php\/abd-irak-icin-seyahat-uyarisini-yineledi#respond\"]}]},{\"@type\":\"WebPage\",\"@id\":\"https:\/\/epochtimestr.com\/index.php\/abd-irak-icin-seyahat-uyarisini-yineledi\",\"url\":\"https:\/\/epochtimestr.com\/index.php\/abd-irak-icin-seyahat-uyarisini-yineledi\",\"name\":\"ABD Irak \u0130\u00e7in Seyahat Uyar\u0131s\u0131n\u0131 Yineledi - The Epoch Times TR\",\"isPartOf\":{\"@id\":\"https:\/\/epochtimestr.com\/#website\"},\"primaryImageOfPage\":{\"@id\":\"https:\/\/epochtimestr.com\/index.php\/abd-irak-icin-seyahat-uyarisini-yineledi#primaryimage\"},\"image\":{\"@id\":\"https:\/\/epochtimestr.com\/index.php\/abd-irak-icin-seyahat-uyarisini-yineledi#primaryimage\"},\"thumbnailUrl\":\"https:\/\/epochtimestr.com\/wp-content\/uploads\/2011y\/1000039998.webp\",\"datePublished\":\"2026-06-11T13:34:57+00:00\",\"dateModified\":\"2026-06-11T13:35:02+00:00\",\"description\":\"ABD vatanda\u015flar\u0131na Irak seyahati konusunda uyar\u0131 yap\u0131ld\u0131. B\u00fcy\u00fckel\u00e7ilik, olas\u0131 g\u00fcvenlik risklerine kar\u015f\u0131 haz\u0131rl\u0131kl\u0131 olunmas\u0131n\u0131 istedi.\",\"inLanguage\":\"tr\",\"potentialAction\":[{\"@type\":\"ReadAction\",\"target\":[\"https:\/\/epochtimestr.com\/index.php\/abd-irak-icin-seyahat-uyarisini-yineledi\"]}]},{\"@type\":\"ImageObject\",\"inLanguage\":\"tr\",\"@id\":\"https:\/\/epochtimestr.com\/index.php\/abd-irak-icin-seyahat-uyarisini-yineledi#primaryimage\",\"url\":\"https:\/\/epochtimestr.com\/wp-content\/uploads\/2011y\/1000039998.webp\",\"contentUrl\":\"https:\/\/epochtimestr.com\/wp-content\/uploads\/2011y\/1000039998.webp\",\"width\":1200,\"height\":800},{\"@type\":\"WebSite\",\"@id\":\"https:\/\/epochtimestr.com\/#website\",\"url\":\"https:\/\/epochtimestr.com\/\",\"name\":\"The Epoch Times TR\",\"description\":\"De\u011fi\u015fen D\u00fcnyam\u0131za Taze Bir Bak\u0131\u015f\",\"publisher\":{\"@id\":\"https:\/\/epochtimestr.com\/#organization\"},\"potentialAction\":[{\"@type\":\"SearchAction\",\"target\":{\"@type\":\"EntryPoint\",\"urlTemplate\":\"https:\/\/epochtimestr.com\/?s={search_term_string}\"},\"query-input\":\"required name=search_term_string\"}],\"inLanguage\":\"tr\"},{\"@type\":\"Organization\",\"@id\":\"https:\/\/epochtimestr.com\/#organization\",\"name\":\"The EpochTimes T\u00fcrkiye\",\"url\":\"https:\/\/epochtimestr.com\/\",\"logo\":{\"@type\":\"ImageObject\",\"inLanguage\":\"tr\",\"@id\":\"https:\/\/epochtimestr.com\/#\/schema\/logo\/image\/\",\"url\":\"https:\/\/epochtimestr.com\/wp-content\/uploads\/2011y\/ET-Logo-YG.jpg\",\"contentUrl\":\"https:\/\/epochtimestr.com\/wp-content\/uploads\/2011y\/ET-Logo-YG.jpg\",\"width\":346,\"height\":29,\"caption\":\"The EpochTimes T\u00fcrkiye\"},\"image\":{\"@id\":\"https:\/\/epochtimestr.com\/#\/schema\/logo\/image\/\"},\"sameAs\":[\"https:\/\/www.facebook.com\/theepochtimestr\",\"https:\/\/x.com\/TheEpochTimesTR\",\"https:\/\/www.instagram.com\/epochtimestr\"]},{\"@type\":\"Person\",\"@id\":\"https:\/\/epochtimestr.com\/#\/schema\/person\/5fef218711d76d8f232b0e1f1d7e4c0d\",\"name\":\"Leo Bajelan\",\"image\":{\"@type\":\"ImageObject\",\"inLanguage\":\"tr\",\"@id\":\"https:\/\/epochtimestr.com\/#\/schema\/person\/image\/\",\"url\":\"https:\/\/secure.gravatar.com\/avatar\/917669146f489549e548a2e9af272df5?s=96&d=mm&r=g\",\"contentUrl\":\"https:\/\/secure.gravatar.com\/avatar\/917669146f489549e548a2e9af272df5?s=96&d=mm&r=g\",\"caption\":\"Leo Bajelan\"},\"url\":\"https:\/\/epochtimestr.com\/index.php\/author\/leo\"}]}<\/script>\n<!-- \/ Yoast SEO plugin. -->","yoast_head_json":{"title":"ABD Irak \u0130\u00e7in Seyahat Uyar\u0131s\u0131n\u0131 Yineledi - The Epoch Times TR","description":"ABD vatanda\u015flar\u0131na Irak seyahati konusunda uyar\u0131 yap\u0131ld\u0131. B\u00fcy\u00fckel\u00e7ilik, olas\u0131 g\u00fcvenlik risklerine kar\u015f\u0131 haz\u0131rl\u0131kl\u0131 olunmas\u0131n\u0131 istedi.","robots":{"index":"index","follow":"follow","max-snippet":"max-snippet:-1","max-image-preview":"max-image-preview:large","max-video-preview":"max-video-preview:-1"},"canonical":"https:\/\/epochtimestr.com\/index.php\/abd-irak-icin-seyahat-uyarisini-yineledi","og_locale":"tr_TR","og_type":"article","og_title":"ABD Irak \u0130\u00e7in Seyahat Uyar\u0131s\u0131n\u0131 Yineledi - The Epoch Times TR","og_description":"ABD vatanda\u015flar\u0131na Irak seyahati konusunda uyar\u0131 yap\u0131ld\u0131. B\u00fcy\u00fckel\u00e7ilik, olas\u0131 g\u00fcvenlik risklerine kar\u015f\u0131 haz\u0131rl\u0131kl\u0131 olunmas\u0131n\u0131 istedi.","og_url":"https:\/\/epochtimestr.com\/index.php\/abd-irak-icin-seyahat-uyarisini-yineledi","og_site_name":"The Epoch Times TR","article_publisher":"https:\/\/www.facebook.com\/theepochtimestr","article_published_time":"2026-06-11T13:34:57+00:00","article_modified_time":"2026-06-11T13:35:02+00:00","og_image":[{"width":1200,"height":800,"url":"https:\/\/epochtimestr.com\/wp-content\/uploads\/2011y\/1000039998.webp","type":"image\/webp"}],"author":"Leo Bajelan","twitter_card":"summary_large_image","twitter_creator":"@TheEpochTimesTR","twitter_site":"@TheEpochTimesTR","twitter_misc":{"Yazan:":"Leo Bajelan","Tahmini okuma s\u00fcresi":"2 dakika"},"schema":{"@context":"https:\/\/schema.org","@graph":[{"@type":"Article","@id":"https:\/\/epochtimestr.com\/index.php\/abd-irak-icin-seyahat-uyarisini-yineledi#article","isPartOf":{"@id":"https:\/\/epochtimestr.com\/index.php\/abd-irak-icin-seyahat-uyarisini-yineledi"},"author":{"name":"Leo Bajelan","@id":"https:\/\/epochtimestr.com\/#\/schema\/person\/5fef218711d76d8f232b0e1f1d7e4c0d"},"headline":"ABD Irak \u0130\u00e7in Seyahat Uyar\u0131s\u0131n\u0131 Yineledi","datePublished":"2026-06-11T13:34:57+00:00","dateModified":"2026-06-11T13:35:02+00:00","mainEntityOfPage":{"@id":"https:\/\/epochtimestr.com\/index.php\/abd-irak-icin-seyahat-uyarisini-yineledi"},"wordCount":417,"commentCount":0,"publisher":{"@id":"https:\/\/epochtimestr.com\/#organization"},"image":{"@id":"https:\/\/epochtimestr.com\/index.php\/abd-irak-icin-seyahat-uyarisini-yineledi#primaryimage"},"thumbnailUrl":"https:\/\/epochtimestr.com\/wp-content\/uploads\/2011y\/1000039998.webp","keywords":["ABD \u0130ran sava\u015f\u0131","ABD seyahat uyar\u0131s\u0131","CENTCOM","Irak"],"articleSection":["D\u00dcNYA","G\u00dcNDEM","MAN\u015eET"],"inLanguage":"tr","potentialAction":[{"@type":"CommentAction","name":"Comment","target":["https:\/\/epochtimestr.com\/index.php\/abd-irak-icin-seyahat-uyarisini-yineledi#respond"]}]},{"@type":"WebPage","@id":"https:\/\/epochtimestr.com\/index.php\/abd-irak-icin-seyahat-uyarisini-yineledi","url":"https:\/\/epochtimestr.com\/index.php\/abd-irak-icin-seyahat-uyarisini-yineledi","name":"ABD Irak \u0130\u00e7in Seyahat Uyar\u0131s\u0131n\u0131 Yineledi - The Epoch Times TR","isPartOf":{"@id":"https:\/\/epochtimestr.com\/#website"},"primaryImageOfPage":{"@id":"https:\/\/epochtimestr.com\/index.php\/abd-irak-icin-seyahat-uyarisini-yineledi#primaryimage"},"image":{"@id":"https:\/\/epochtimestr.com\/index.php\/abd-irak-icin-seyahat-uyarisini-yineledi#primaryimage"},"thumbnailUrl":"https:\/\/epochtimestr.com\/wp-content\/uploads\/2011y\/1000039998.webp","datePublished":"2026-06-11T13:34:57+00:00","dateModified":"2026-06-11T13:35:02+00:00","description":"ABD vatanda\u015flar\u0131na Irak seyahati konusunda uyar\u0131 yap\u0131ld\u0131. B\u00fcy\u00fckel\u00e7ilik, olas\u0131 g\u00fcvenlik risklerine kar\u015f\u0131 haz\u0131rl\u0131kl\u0131 olunmas\u0131n\u0131 istedi.","inLanguage":"tr","potentialAction":[{"@type":"ReadAction","target":["https:\/\/epochtimestr.com\/index.php\/abd-irak-icin-seyahat-uyarisini-yineledi"]}]},{"@type":"ImageObject","inLanguage":"tr","@id":"https:\/\/epochtimestr.com\/index.php\/abd-irak-icin-seyahat-uyarisini-yineledi#primaryimage","url":"https:\/\/epochtimestr.com\/wp-content\/uploads\/2011y\/1000039998.webp","contentUrl":"https:\/\/epochtimestr.com\/wp-content\/uploads\/2011y\/1000039998.webp","width":1200,"height":800},{"@type":"WebSite","@id":"https:\/\/epochtimestr.com\/#website","url":"https:\/\/epochtimestr.com\/","name":"The Epoch Times TR","description":"De\u011fi\u015fen D\u00fcnyam\u0131za Taze Bir Bak\u0131\u015f","publisher":{"@id":"https:\/\/epochtimestr.com\/#organization"},"potentialAction":[{"@type":"SearchAction","target":{"@type":"EntryPoint","urlTemplate":"https:\/\/epochtimestr.com\/?s={search_term_string}"},"query-input":"required name=search_term_string"}],"inLanguage":"tr"},{"@type":"Organization","@id":"https:\/\/epochtimestr.com\/#organization","name":"The EpochTimes T\u00fcrkiye","url":"https:\/\/epochtimestr.com\/","logo":{"@type":"ImageObject","inLanguage":"tr","@id":"https:\/\/epochtimestr.com\/#\/schema\/logo\/image\/","url":"https:\/\/epochtimestr.com\/wp-content\/uploads\/2011y\/ET-Logo-YG.jpg","contentUrl":"https:\/\/epochtimestr.com\/wp-content\/uploads\/2011y\/ET-Logo-YG.jpg","width":346,"height":29,"caption":"The EpochTimes T\u00fcrkiye"},"image":{"@id":"https:\/\/epochtimestr.com\/#\/schema\/logo\/image\/"},"sameAs":["https:\/\/www.facebook.com\/theepochtimestr","https:\/\/x.com\/TheEpochTimesTR","https:\/\/www.instagram.com\/epochtimestr"]},{"@type":"Person","@id":"https:\/\/epochtimestr.com\/#\/schema\/person\/5fef218711d76d8f232b0e1f1d7e4c0d","name":"Leo Bajelan","image":{"@type":"ImageObject","inLanguage":"tr","@id":"https:\/\/epochtimestr.com\/#\/schema\/person\/image\/","url":"https:\/\/secure.gravatar.com\/avatar\/917669146f489549e548a2e9af272df5?s=96&d=mm&r=g","contentUrl":"https:\/\/secure.gravatar.com\/avatar\/917669146f489549e548a2e9af272df5?s=96&d=mm&r=g","caption":"Leo Bajelan"},"url":"https:\/\/epochtimestr.com\/index.php\/author\/leo"}]}},"_links":{"self":[{"href":"https:\/\/epochtimestr.com\/index.php\/wp-json\/wp\/v2\/posts\/167789"}],"collection":[{"href":"https:\/\/epochtimestr.com\/index.php\/wp-json\/wp\/v2\/posts"}],"about":[{"href":"https:\/\/epochtimestr.com\/index.php\/wp-json\/wp\/v2\/types\/post"}],"author":[{"embeddable":true,"href":"https:\/\/epochtimestr.com\/index.php\/wp-json\/wp\/v2\/users\/13996"}],"replies":[{"embeddable":true,"href":"https:\/\/epochtimestr.com\/index.php\/wp-json\/wp\/v2\/comments?post=167789"}],"version-history":[{"count":2,"href":"https:\/\/epochtimestr.com\/index.php\/wp-json\/wp\/v2\/posts\/167789\/revisions"}],"predecessor-version":[{"id":167797,"href":"https:\/\/epochtimestr.com\/index.php\/wp-json\/wp\/v2\/posts\/167789\/revisions\/167797"}],"wp:featuredmedia":[{"embeddable":true,"href":"https:\/\/epochtimestr.com\/index.php\/wp-json\/wp\/v2\/media\/167790"}],"wp:attachment":[{"href":"https:\/\/epochtimestr.com\/index.php\/wp-json\/wp\/v2\/media?parent=167789"}],"wp:term":[{"taxonomy":"category","embeddable":true,"href":"https:\/\/epochtimestr.com\/index.php\/wp-json\/wp\/v2\/categories?post=167789"},{"taxonomy":"post_tag","embeddable":true,"href":"https:\/\/epochtimestr.com\/index.php\/wp-json\/wp\/v2\/tags?post=167789"}],"curies":[{"name":"wp","href":"https:\/\/api.w.org\/{rel}","templated":true}]}}