{"id":167798,"date":"2026-06-12T07:00:00","date_gmt":"2026-06-12T04:00:00","guid":{"rendered":"https:\/\/epochtimestr.com\/?p=167798"},"modified":"2026-06-11T20:23:41","modified_gmt":"2026-06-11T17:23:41","slug":"calisma-belgesi","status":"publish","type":"post","link":"https:\/\/epochtimestr.com\/index.php\/calisma-belgesi","title":{"rendered":"\u00c7al\u0131\u015fma Belgesi"},"content":{"rendered":"\n<p>\u0130\u015f hayat\u0131 bir ser\u00fcvendir. Kimimiz i\u00e7in uzun soluklu bir yolculuk, kimimiz i\u00e7inse bir duraktan di\u011ferine ge\u00e7i\u015f&#8230; Bir kap\u0131 kapan\u0131rken ard\u0131nda b\u0131rak\u0131lanlar sadece an\u0131lar de\u011fil ayn\u0131 zamanda o kurumda ge\u00e7irilen eme\u011fin somut birer ni\u015fanesidir. \u0130\u015f Kanunu\u2019nun i\u015f\u00e7iye tan\u0131d\u0131\u011f\u0131 en temel haklardan biri olan \u00e7al\u0131\u015fma belgesi, i\u015fte bu vedan\u0131n ve yeni ba\u015flang\u0131\u00e7lar\u0131n resmi belgesidir.<\/p>\n\n\n\n<p>\u00c7o\u011fu zaman basit bir formalite gibi g\u00f6r\u00fclse de \u00e7al\u0131\u015fma belgesi, i\u015f\u00e7inin profesyonel ge\u00e7mi\u015finin aynas\u0131d\u0131r. \u0130\u015fveren taraf\u0131ndan verilmesi zorunlu olan bu belge, yap\u0131lan i\u015fin niteli\u011fini, s\u00fcresini ve i\u015f\u00e7inin \u00e7al\u0131\u015fma ge\u00e7mi\u015fini tarafs\u0131z bir dille ortaya koyar. \u0130\u00e7erisinde i\u015f\u00e7inin performans\u0131na dair \u00f6znel yorumlar veya \u00f6vg\u00fcler yer almaz. Yaln\u0131zca hakikatin, yani &#8220;nerede, ne kadar s\u00fcreyle, ne yap\u0131ld\u0131\u011f\u0131n\u0131n&#8221; kayd\u0131 tutulur.<\/p>\n\n\n\n<p>Peki, bu belge neden bu kadar \u00f6nemlidir?<\/p>\n\n\n\n<ul>\n<li><strong>G\u00fcvenin Resmi Kayd\u0131:<\/strong> Yeni bir i\u015f kap\u0131s\u0131n\u0131 aralarken, aday ile i\u015fveren aras\u0131ndaki g\u00fcvenin ilk k\u00f6pr\u00fcs\u00fcn\u00fc olu\u015fturur. Ge\u00e7mi\u015fteki deneyimin kan\u0131t\u0131, belirsizli\u011fi ortadan kald\u0131r\u0131r.<\/li>\n\n\n\n<li><strong>Hak Kay\u0131plar\u0131n\u0131n \u00d6nlenmesi:<\/strong> \u00d6zellikle k\u0131dem ve ihbar tazminat\u0131 hesaplamalar\u0131nda veya i\u015fsizlik maa\u015f\u0131 gibi s\u00fcre\u00e7lerde, \u00e7al\u0131\u015f\u0131lan s\u00fcrenin resmi olarak ispat\u0131 b\u00fcy\u00fck \u00f6nem ta\u015f\u0131r. \u00c7al\u0131\u015fma belgesi, i\u015f\u00e7inin eme\u011finin hukuki g\u00fcvencesidir.<\/li>\n\n\n\n<li><strong>Profesyonel Bir Veda:<\/strong> \u0130\u015f ili\u015fkisi sona ererken i\u015fverenin bu belgeyi geciktirmeden sunmas\u0131, i\u015f\u00e7iye g\u00f6sterilen kurumsal sayg\u0131n\u0131n bir g\u00f6stergesidir.<\/li>\n<\/ul>\n\n\n\n<p>Unutmamak gerekir ki i\u015f\u00e7inin eme\u011fi, onun en de\u011ferli sermayesidir. Bu sermayeyi bir i\u015f yerinde b\u0131rak\u0131p yeni ufuklara yelken a\u00e7arken o eme\u011fin &#8220;tescil edilmi\u015f&#8221; olmas\u0131, i\u015f\u00e7inin gelece\u011fe daha g\u00fcvenle bakmas\u0131n\u0131 sa\u011flar.<\/p>\n\n\n\n<p>Bir \u00e7al\u0131\u015fma hayat\u0131 sonlan\u0131rken, o s\u00fcreci sadece bir &#8220;ayr\u0131l\u0131k&#8221; olarak de\u011fil, edinilen tecr\u00fcbelerin onayland\u0131\u011f\u0131 ve yeni yollara haz\u0131r olundu\u011fu bir a\u015fama olarak g\u00f6rmek gerekir. \u0130\u015fverenlerin yasal bir y\u00fck\u00fcml\u00fcl\u00fck olarak, i\u015f\u00e7ilerin ise hakk\u0131 olarak bu belgeye hak etti\u011fi de\u011feri vermesi, \u00e7al\u0131\u015fma hayat\u0131ndaki profesyonellik k\u00fclt\u00fcr\u00fcn\u00fc de bir ad\u0131m \u00f6teye ta\u015f\u0131yacakt\u0131r.<\/p>\n\n\n\n<p>Yeni ba\u015flang\u0131\u00e7lar\u0131n\u0131z\u0131n, ba\u015far\u0131larla dolu bir \u00e7al\u0131\u015fma belgesine d\u00f6n\u00fc\u015fmesi dile\u011fiyle.<\/p>\n","protected":false},"excerpt":{"rendered":"<p>\u0130\u015f hayat\u0131 bir ser\u00fcvendir. Kimimiz i\u00e7in uzun soluklu bir yolculuk, kimimiz i\u00e7inse bir duraktan di\u011ferine ge\u00e7i\u015f&#8230; Bir kap\u0131 kapan\u0131rken ard\u0131nda b\u0131rak\u0131lanlar sadece an\u0131lar de\u011fil ayn\u0131 zamanda o kurumda ge\u00e7irilen eme\u011fin somut birer ni\u015fanesidir. \u0130\u015f Kanunu\u2019nun i\u015f\u00e7iye tan\u0131d\u0131\u011f\u0131 en temel haklardan biri olan \u00e7al\u0131\u015fma belgesi, i\u015fte bu vedan\u0131n ve yeni ba\u015flang\u0131\u00e7lar\u0131n resmi belgesidir. \u00c7o\u011fu zaman basit [&hellip;]<\/p>\n","protected":false},"author":14013,"featured_media":167144,"comment_status":"open","ping_status":"open","sticky":false,"template":"","format":"standard","meta":{"_yoast_wpseo_focuskw":"\u00e7al\u0131\u015fma belgesi","_yoast_wpseo_title":"","_yoast_wpseo_metadesc":"\u0130\u015f hayat\u0131 bir ser\u00fcvendir. Kimimiz i\u00e7in uzun soluklu bir yolculuk, kimimiz i\u00e7inse bir duraktan di\u011ferine ge\u00e7i\u015f.","_bbp_topic_count":0,"_bbp_reply_count":0,"_bbp_total_topic_count":0,"_bbp_total_reply_count":0,"_bbp_voice_count":0,"_bbp_anonymous_reply_count":0,"_bbp_topic_count_hidden":0,"_bbp_reply_count_hidden":0,"_bbp_forum_subforum_count":0,"footnotes":"","_yoast_wpseo_focuskw_text_input":""},"categories":[11361],"tags":[],"yoast_head":"<!-- This site is optimized with the Yoast SEO plugin v23.0 - https:\/\/yoast.com\/wordpress\/plugins\/seo\/ -->\n<title>\u00c7al\u0131\u015fma Belgesi - The Epoch Times TR<\/title>\n<meta name=\"description\" content=\"\u0130\u015f hayat\u0131 bir ser\u00fcvendir. Kimimiz i\u00e7in uzun soluklu bir yolculuk, kimimiz i\u00e7inse bir duraktan di\u011ferine ge\u00e7i\u015f.\" \/>\n<meta name=\"robots\" content=\"index, follow, max-snippet:-1, max-image-preview:large, max-video-preview:-1\" \/>\n<link rel=\"canonical\" href=\"https:\/\/epochtimestr.com\/index.php\/calisma-belgesi\" \/>\n<meta property=\"og:locale\" content=\"tr_TR\" \/>\n<meta property=\"og:type\" content=\"article\" \/>\n<meta property=\"og:title\" content=\"\u00c7al\u0131\u015fma Belgesi - The Epoch Times TR\" \/>\n<meta property=\"og:description\" content=\"\u0130\u015f hayat\u0131 bir ser\u00fcvendir. Kimimiz i\u00e7in uzun soluklu bir yolculuk, kimimiz i\u00e7inse bir duraktan di\u011ferine ge\u00e7i\u015f.\" \/>\n<meta property=\"og:url\" content=\"https:\/\/epochtimestr.com\/index.php\/calisma-belgesi\" \/>\n<meta property=\"og:site_name\" content=\"The Epoch Times TR\" \/>\n<meta property=\"article:publisher\" content=\"https:\/\/www.facebook.com\/theepochtimestr\" \/>\n<meta property=\"article:published_time\" content=\"2026-06-12T04:00:00+00:00\" \/>\n<meta property=\"article:modified_time\" content=\"2026-06-11T17:23:41+00:00\" \/>\n<meta property=\"og:image\" content=\"https:\/\/epochtimestr.com\/wp-content\/uploads\/2011y\/ali-kekliktepe-SM.jpeg\" \/>\n\t<meta property=\"og:image:width\" content=\"1200\" \/>\n\t<meta property=\"og:image:height\" content=\"630\" \/>\n\t<meta property=\"og:image:type\" content=\"image\/jpeg\" \/>\n<meta name=\"author\" content=\"Ali Kekliktepe\" \/>\n<meta name=\"twitter:card\" content=\"summary_large_image\" \/>\n<meta name=\"twitter:creator\" content=\"@TheEpochTimesTR\" \/>\n<meta name=\"twitter:site\" content=\"@TheEpochTimesTR\" \/>\n<meta name=\"twitter:label1\" content=\"Yazan:\" \/>\n\t<meta name=\"twitter:data1\" content=\"Ali Kekliktepe\" \/>\n\t<meta name=\"twitter:label2\" content=\"Tahmini okuma s\u00fcresi\" \/>\n\t<meta name=\"twitter:data2\" content=\"2 dakika\" \/>\n<script type=\"application\/ld+json\" class=\"yoast-schema-graph\">{\"@context\":\"https:\/\/schema.org\",\"@graph\":[{\"@type\":\"Article\",\"@id\":\"https:\/\/epochtimestr.com\/index.php\/calisma-belgesi#article\",\"isPartOf\":{\"@id\":\"https:\/\/epochtimestr.com\/index.php\/calisma-belgesi\"},\"author\":{\"name\":\"Ali Kekliktepe\",\"@id\":\"https:\/\/epochtimestr.com\/#\/schema\/person\/da94a416fed1aed029d0a47e85673b95\"},\"headline\":\"\u00c7al\u0131\u015fma Belgesi\",\"datePublished\":\"2026-06-12T04:00:00+00:00\",\"dateModified\":\"2026-06-11T17:23:41+00:00\",\"mainEntityOfPage\":{\"@id\":\"https:\/\/epochtimestr.com\/index.php\/calisma-belgesi\"},\"wordCount\":408,\"commentCount\":0,\"publisher\":{\"@id\":\"https:\/\/epochtimestr.com\/#organization\"},\"image\":{\"@id\":\"https:\/\/epochtimestr.com\/index.php\/calisma-belgesi#primaryimage\"},\"thumbnailUrl\":\"https:\/\/epochtimestr.com\/wp-content\/uploads\/2011y\/Ali-Kekliktepe.jpg\",\"articleSection\":[\"K\u00f6\u015fe Yaz\u0131lar\u0131 Ali Kekliktepe\"],\"inLanguage\":\"tr\",\"potentialAction\":[{\"@type\":\"CommentAction\",\"name\":\"Comment\",\"target\":[\"https:\/\/epochtimestr.com\/index.php\/calisma-belgesi#respond\"]}]},{\"@type\":\"WebPage\",\"@id\":\"https:\/\/epochtimestr.com\/index.php\/calisma-belgesi\",\"url\":\"https:\/\/epochtimestr.com\/index.php\/calisma-belgesi\",\"name\":\"\u00c7al\u0131\u015fma Belgesi - The Epoch Times TR\",\"isPartOf\":{\"@id\":\"https:\/\/epochtimestr.com\/#website\"},\"primaryImageOfPage\":{\"@id\":\"https:\/\/epochtimestr.com\/index.php\/calisma-belgesi#primaryimage\"},\"image\":{\"@id\":\"https:\/\/epochtimestr.com\/index.php\/calisma-belgesi#primaryimage\"},\"thumbnailUrl\":\"https:\/\/epochtimestr.com\/wp-content\/uploads\/2011y\/Ali-Kekliktepe.jpg\",\"datePublished\":\"2026-06-12T04:00:00+00:00\",\"dateModified\":\"2026-06-11T17:23:41+00:00\",\"description\":\"\u0130\u015f hayat\u0131 bir ser\u00fcvendir. Kimimiz i\u00e7in uzun soluklu bir yolculuk, kimimiz i\u00e7inse bir duraktan di\u011ferine ge\u00e7i\u015f.\",\"inLanguage\":\"tr\",\"potentialAction\":[{\"@type\":\"ReadAction\",\"target\":[\"https:\/\/epochtimestr.com\/index.php\/calisma-belgesi\"]}]},{\"@type\":\"ImageObject\",\"inLanguage\":\"tr\",\"@id\":\"https:\/\/epochtimestr.com\/index.php\/calisma-belgesi#primaryimage\",\"url\":\"https:\/\/epochtimestr.com\/wp-content\/uploads\/2011y\/Ali-Kekliktepe.jpg\",\"contentUrl\":\"https:\/\/epochtimestr.com\/wp-content\/uploads\/2011y\/Ali-Kekliktepe.jpg\",\"width\":600,\"height\":600},{\"@type\":\"WebSite\",\"@id\":\"https:\/\/epochtimestr.com\/#website\",\"url\":\"https:\/\/epochtimestr.com\/\",\"name\":\"The Epoch Times TR\",\"description\":\"De\u011fi\u015fen D\u00fcnyam\u0131za Taze Bir Bak\u0131\u015f\",\"publisher\":{\"@id\":\"https:\/\/epochtimestr.com\/#organization\"},\"potentialAction\":[{\"@type\":\"SearchAction\",\"target\":{\"@type\":\"EntryPoint\",\"urlTemplate\":\"https:\/\/epochtimestr.com\/?s={search_term_string}\"},\"query-input\":\"required name=search_term_string\"}],\"inLanguage\":\"tr\"},{\"@type\":\"Organization\",\"@id\":\"https:\/\/epochtimestr.com\/#organization\",\"name\":\"The EpochTimes T\u00fcrkiye\",\"url\":\"https:\/\/epochtimestr.com\/\",\"logo\":{\"@type\":\"ImageObject\",\"inLanguage\":\"tr\",\"@id\":\"https:\/\/epochtimestr.com\/#\/schema\/logo\/image\/\",\"url\":\"https:\/\/epochtimestr.com\/wp-content\/uploads\/2011y\/ET-Logo-YG.jpg\",\"contentUrl\":\"https:\/\/epochtimestr.com\/wp-content\/uploads\/2011y\/ET-Logo-YG.jpg\",\"width\":346,\"height\":29,\"caption\":\"The EpochTimes T\u00fcrkiye\"},\"image\":{\"@id\":\"https:\/\/epochtimestr.com\/#\/schema\/logo\/image\/\"},\"sameAs\":[\"https:\/\/www.facebook.com\/theepochtimestr\",\"https:\/\/x.com\/TheEpochTimesTR\",\"https:\/\/www.instagram.com\/epochtimestr\"]},{\"@type\":\"Person\",\"@id\":\"https:\/\/epochtimestr.com\/#\/schema\/person\/da94a416fed1aed029d0a47e85673b95\",\"name\":\"Ali Kekliktepe\",\"image\":{\"@type\":\"ImageObject\",\"inLanguage\":\"tr\",\"@id\":\"https:\/\/epochtimestr.com\/#\/schema\/person\/image\/\",\"url\":\"https:\/\/secure.gravatar.com\/avatar\/6c965c3fc374c8f4af759baef4f38bcd?s=96&d=mm&r=g\",\"contentUrl\":\"https:\/\/secure.gravatar.com\/avatar\/6c965c3fc374c8f4af759baef4f38bcd?s=96&d=mm&r=g\",\"caption\":\"Ali Kekliktepe\"},\"description\":\"Ben Ali Kekliktepe; hayat\u0131n\u0131 \u00f6\u011frenmeye, \u00f6\u011fretmeye ve toplumsal fayda yaratmaya adam\u0131\u015f bir yazar ve profesyonelim. Kalemi sadece ka\u011f\u0131da dokunan bir ara\u00e7 de\u011fil, toplumun aksayan y\u00f6nlerine \u015fifa olan bir enstr\u00fcman olarak g\u00f6r\u00fcyorum.\",\"sameAs\":[\"https:\/\/alikekliktepemersin33.blogspot.com\/\"],\"url\":\"https:\/\/epochtimestr.com\/index.php\/author\/ali\"}]}<\/script>\n<!-- \/ Yoast SEO plugin. -->","yoast_head_json":{"title":"\u00c7al\u0131\u015fma Belgesi - The Epoch Times TR","description":"\u0130\u015f hayat\u0131 bir ser\u00fcvendir. Kimimiz i\u00e7in uzun soluklu bir yolculuk, kimimiz i\u00e7inse bir duraktan di\u011ferine ge\u00e7i\u015f.","robots":{"index":"index","follow":"follow","max-snippet":"max-snippet:-1","max-image-preview":"max-image-preview:large","max-video-preview":"max-video-preview:-1"},"canonical":"https:\/\/epochtimestr.com\/index.php\/calisma-belgesi","og_locale":"tr_TR","og_type":"article","og_title":"\u00c7al\u0131\u015fma Belgesi - The Epoch Times TR","og_description":"\u0130\u015f hayat\u0131 bir ser\u00fcvendir. Kimimiz i\u00e7in uzun soluklu bir yolculuk, kimimiz i\u00e7inse bir duraktan di\u011ferine ge\u00e7i\u015f.","og_url":"https:\/\/epochtimestr.com\/index.php\/calisma-belgesi","og_site_name":"The Epoch Times TR","article_publisher":"https:\/\/www.facebook.com\/theepochtimestr","article_published_time":"2026-06-12T04:00:00+00:00","article_modified_time":"2026-06-11T17:23:41+00:00","og_image":[{"width":1200,"height":630,"url":"https:\/\/epochtimestr.com\/wp-content\/uploads\/2011y\/ali-kekliktepe-SM.jpeg","type":"image\/jpeg"}],"author":"Ali Kekliktepe","twitter_card":"summary_large_image","twitter_creator":"@TheEpochTimesTR","twitter_site":"@TheEpochTimesTR","twitter_misc":{"Yazan:":"Ali Kekliktepe","Tahmini okuma s\u00fcresi":"2 dakika"},"schema":{"@context":"https:\/\/schema.org","@graph":[{"@type":"Article","@id":"https:\/\/epochtimestr.com\/index.php\/calisma-belgesi#article","isPartOf":{"@id":"https:\/\/epochtimestr.com\/index.php\/calisma-belgesi"},"author":{"name":"Ali Kekliktepe","@id":"https:\/\/epochtimestr.com\/#\/schema\/person\/da94a416fed1aed029d0a47e85673b95"},"headline":"\u00c7al\u0131\u015fma Belgesi","datePublished":"2026-06-12T04:00:00+00:00","dateModified":"2026-06-11T17:23:41+00:00","mainEntityOfPage":{"@id":"https:\/\/epochtimestr.com\/index.php\/calisma-belgesi"},"wordCount":408,"commentCount":0,"publisher":{"@id":"https:\/\/epochtimestr.com\/#organization"},"image":{"@id":"https:\/\/epochtimestr.com\/index.php\/calisma-belgesi#primaryimage"},"thumbnailUrl":"https:\/\/epochtimestr.com\/wp-content\/uploads\/2011y\/Ali-Kekliktepe.jpg","articleSection":["K\u00f6\u015fe Yaz\u0131lar\u0131 Ali Kekliktepe"],"inLanguage":"tr","potentialAction":[{"@type":"CommentAction","name":"Comment","target":["https:\/\/epochtimestr.com\/index.php\/calisma-belgesi#respond"]}]},{"@type":"WebPage","@id":"https:\/\/epochtimestr.com\/index.php\/calisma-belgesi","url":"https:\/\/epochtimestr.com\/index.php\/calisma-belgesi","name":"\u00c7al\u0131\u015fma Belgesi - The Epoch Times TR","isPartOf":{"@id":"https:\/\/epochtimestr.com\/#website"},"primaryImageOfPage":{"@id":"https:\/\/epochtimestr.com\/index.php\/calisma-belgesi#primaryimage"},"image":{"@id":"https:\/\/epochtimestr.com\/index.php\/calisma-belgesi#primaryimage"},"thumbnailUrl":"https:\/\/epochtimestr.com\/wp-content\/uploads\/2011y\/Ali-Kekliktepe.jpg","datePublished":"2026-06-12T04:00:00+00:00","dateModified":"2026-06-11T17:23:41+00:00","description":"\u0130\u015f hayat\u0131 bir ser\u00fcvendir. Kimimiz i\u00e7in uzun soluklu bir yolculuk, kimimiz i\u00e7inse bir duraktan di\u011ferine ge\u00e7i\u015f.","inLanguage":"tr","potentialAction":[{"@type":"ReadAction","target":["https:\/\/epochtimestr.com\/index.php\/calisma-belgesi"]}]},{"@type":"ImageObject","inLanguage":"tr","@id":"https:\/\/epochtimestr.com\/index.php\/calisma-belgesi#primaryimage","url":"https:\/\/epochtimestr.com\/wp-content\/uploads\/2011y\/Ali-Kekliktepe.jpg","contentUrl":"https:\/\/epochtimestr.com\/wp-content\/uploads\/2011y\/Ali-Kekliktepe.jpg","width":600,"height":600},{"@type":"WebSite","@id":"https:\/\/epochtimestr.com\/#website","url":"https:\/\/epochtimestr.com\/","name":"The Epoch Times TR","description":"De\u011fi\u015fen D\u00fcnyam\u0131za Taze Bir Bak\u0131\u015f","publisher":{"@id":"https:\/\/epochtimestr.com\/#organization"},"potentialAction":[{"@type":"SearchAction","target":{"@type":"EntryPoint","urlTemplate":"https:\/\/epochtimestr.com\/?s={search_term_string}"},"query-input":"required name=search_term_string"}],"inLanguage":"tr"},{"@type":"Organization","@id":"https:\/\/epochtimestr.com\/#organization","name":"The EpochTimes T\u00fcrkiye","url":"https:\/\/epochtimestr.com\/","logo":{"@type":"ImageObject","inLanguage":"tr","@id":"https:\/\/epochtimestr.com\/#\/schema\/logo\/image\/","url":"https:\/\/epochtimestr.com\/wp-content\/uploads\/2011y\/ET-Logo-YG.jpg","contentUrl":"https:\/\/epochtimestr.com\/wp-content\/uploads\/2011y\/ET-Logo-YG.jpg","width":346,"height":29,"caption":"The EpochTimes T\u00fcrkiye"},"image":{"@id":"https:\/\/epochtimestr.com\/#\/schema\/logo\/image\/"},"sameAs":["https:\/\/www.facebook.com\/theepochtimestr","https:\/\/x.com\/TheEpochTimesTR","https:\/\/www.instagram.com\/epochtimestr"]},{"@type":"Person","@id":"https:\/\/epochtimestr.com\/#\/schema\/person\/da94a416fed1aed029d0a47e85673b95","name":"Ali Kekliktepe","image":{"@type":"ImageObject","inLanguage":"tr","@id":"https:\/\/epochtimestr.com\/#\/schema\/person\/image\/","url":"https:\/\/secure.gravatar.com\/avatar\/6c965c3fc374c8f4af759baef4f38bcd?s=96&d=mm&r=g","contentUrl":"https:\/\/secure.gravatar.com\/avatar\/6c965c3fc374c8f4af759baef4f38bcd?s=96&d=mm&r=g","caption":"Ali Kekliktepe"},"description":"Ben Ali Kekliktepe; hayat\u0131n\u0131 \u00f6\u011frenmeye, \u00f6\u011fretmeye ve toplumsal fayda yaratmaya adam\u0131\u015f bir yazar ve profesyonelim. Kalemi sadece ka\u011f\u0131da dokunan bir ara\u00e7 de\u011fil, toplumun aksayan y\u00f6nlerine \u015fifa olan bir enstr\u00fcman olarak g\u00f6r\u00fcyorum.","sameAs":["https:\/\/alikekliktepemersin33.blogspot.com\/"],"url":"https:\/\/epochtimestr.com\/index.php\/author\/ali"}]}},"_links":{"self":[{"href":"https:\/\/epochtimestr.com\/index.php\/wp-json\/wp\/v2\/posts\/167798"}],"collection":[{"href":"https:\/\/epochtimestr.com\/index.php\/wp-json\/wp\/v2\/posts"}],"about":[{"href":"https:\/\/epochtimestr.com\/index.php\/wp-json\/wp\/v2\/types\/post"}],"author":[{"embeddable":true,"href":"https:\/\/epochtimestr.com\/index.php\/wp-json\/wp\/v2\/users\/14013"}],"replies":[{"embeddable":true,"href":"https:\/\/epochtimestr.com\/index.php\/wp-json\/wp\/v2\/comments?post=167798"}],"version-history":[{"count":1,"href":"https:\/\/epochtimestr.com\/index.php\/wp-json\/wp\/v2\/posts\/167798\/revisions"}],"predecessor-version":[{"id":167799,"href":"https:\/\/epochtimestr.com\/index.php\/wp-json\/wp\/v2\/posts\/167798\/revisions\/167799"}],"wp:featuredmedia":[{"embeddable":true,"href":"https:\/\/epochtimestr.com\/index.php\/wp-json\/wp\/v2\/media\/167144"}],"wp:attachment":[{"href":"https:\/\/epochtimestr.com\/index.php\/wp-json\/wp\/v2\/media?parent=167798"}],"wp:term":[{"taxonomy":"category","embeddable":true,"href":"https:\/\/epochtimestr.com\/index.php\/wp-json\/wp\/v2\/categories?post=167798"},{"taxonomy":"post_tag","embeddable":true,"href":"https:\/\/epochtimestr.com\/index.php\/wp-json\/wp\/v2\/tags?post=167798"}],"curies":[{"name":"wp","href":"https:\/\/api.w.org\/{rel}","templated":true}]}}