{"id":167812,"date":"2026-06-13T08:30:00","date_gmt":"2026-06-13T05:30:00","guid":{"rendered":"https:\/\/epochtimestr.com\/?p=167812"},"modified":"2026-06-12T22:20:25","modified_gmt":"2026-06-12T19:20:25","slug":"felsefe-derken","status":"publish","type":"post","link":"https:\/\/epochtimestr.com\/index.php\/felsefe-derken","title":{"rendered":"Felsefe Derken&#8230;"},"content":{"rendered":"\n<p><em>Bu yaz\u0131 ilk olarak 12 Ekim 2017 tarihinde inovatifhaber.com\u2019da yay\u0131nlanm\u0131\u015ft\u0131r.<\/em><\/p>\n\n\n\n<p class=\"has-text-align-right\">\u201cBilim do\u011fan\u0131n verebildikleri i\u00e7in, din veremedikleri i\u00e7in vard\u0131r\u201d \u00d6. Demir<\/p>\n\n\n\n<p>Felsefe, a\u011f\u0131r ve karma\u015f\u0131k bir konu san\u0131lsa da fark\u0131nda de\u011filiz belki ama \u00e7o\u011fumuz hemen her f\u0131rsatta felsefeye ilgi g\u00f6steririz veya felsefi s\u00f6zleri severek payla\u015f\u0131r, anlamland\u0131rmaya \u00e7al\u0131\u015f\u0131r\u0131z. Felsefeye ilgiyi g\u00f6rmek i\u00e7in sosyal medyaya \u015f\u00f6yle bir g\u00f6z atmak yeterlidir. Bu biraz da \u015funa benzer: \u00fclkede \u00e7o\u011fu kimse politika yapmak ya da politikaya bula\u015fmak istemiyordur fakat imk\u00e2n buldu\u011funda politik konularda g\u00f6r\u00fc\u015f belirtmeden de geri durulmaz. \u0130\u015fte onun i\u00e7indir ki \u201cBen politikadan anlamam, bilmem\u201d diyen biri, bu s\u00f6z\u00fcyle dahi politika yapm\u0131\u015f say\u0131l\u0131r. Felsefe de biraz \u00f6yledir. Hem felsefeye kitabi anlamda olduk\u00e7a uza\u011f\u0131zd\u0131r ve \u201cFelsefe yapma!\u201d uyar\u0131s\u0131yla kar\u015f\u0131la\u015f\u0131r\u0131z, hem de f\u0131rsat\u0131n\u0131 yakalad\u0131\u011f\u0131m\u0131zda felsefi bir s\u00f6zle \u00e7\u0131kar\u0131z ortaya.<\/p>\n\n\n\n<p>Felsefe, T\u00fcrk\u00e7eye giren binlerce Arap\u00e7a isimden biridir. \u201cBilgelik sevgisi, bilgi sevgisi\u201d anlam\u0131n\u0131 ta\u015f\u0131r. \u015eu halde bilgiyi seven herkes fark\u0131nda olmadan felsefe yap\u0131yordur veya felsefe ile bir bi\u00e7imde yak\u0131ndan alakal\u0131d\u0131r. Fakat kabul etmek gerekir ki konu y\u00fczeysellikten akademik bir ortama do\u011fru kayd\u0131k\u00e7a, metodoloji, bilimsel nitelik kazand\u0131k\u00e7a, s\u0131k\u0131c\u0131l\u0131k devreye girer. Bir\u00e7ok insan\u0131 oradan uzakla\u015ft\u0131r\u0131r. Ama felsefeye ilgi duyan insanlar da hayli fazlad\u0131r. \u0130\u015fte bug\u00fcn felsefe ile amat\u00f6rce ilgilenen bir felsefe okuyucusu ile bulu\u015ftuk.<\/p>\n\n\n\n<p>Amac\u0131m, \u00d6zg\u00fcr Demir ile s\u0131k\u0131c\u0131l\u0131\u011fa ka\u00e7madan s\u00f6yle\u015fmek. \u00d6zg\u00fcr, m\u00fchendislik okumu\u015f. Felsefeyi ileride akademik d\u00fczlemde icra etmek niyeti ta\u015f\u0131yor. \u201c\u00dcniversite y\u0131llar\u0131mda felsefi krizler ya\u015fayarak ba\u015flad\u0131m. Felsefi d\u00fc\u015f\u00fcn\u00fc\u015f \u015feklimle, temas halinde oldu\u011fum inan\u00e7lar aras\u0131ndaki \u00e7eli\u015fkiler, bende felsefi krizlere yol a\u00e7t\u0131. Bu y\u00fczden okulu ge\u00e7 bitirdim\u201d diyor.<\/p>\n\n\n\n<p>Ona g\u00f6re filozof olunmaz, filozof do\u011fulur. \u0130nsan\u0131n kafas\u0131na felsefi konular kendili\u011finden, do\u011fal olarak tak\u0131l\u0131r ve insan bunun pe\u015fine d\u00fc\u015fer. Bu d\u00fc\u015fsel seyahat esnas\u0131nda biriken d\u00fc\u015f\u00fcnceler, topluma yararl\u0131d\u0131r ya da yarar ta\u015f\u0131maz. Yarar\u0131 olsun veya olmas\u0131n, sorular\u0131 kafas\u0131na takan insan, felsefe yapacakt\u0131r. O bundan ka\u00e7amaz. Felsefenin getirisi yine felsefedir. Mesleki bak\u0131mdan u\u011fra\u015fmayanlara, kitap vs. \u00e7\u0131kartmayanlara da maddi bir getiri sunmaz felsefe.<\/p>\n\n\n\n<p>Biz, ya\u015fad\u0131\u011f\u0131m\u0131z co\u011frafya itibar\u0131yla, Bat\u0131 felsefesine aitiz. Elbette \u00c7in ve Do\u011fu felsefesinin de k\u00f6kl\u00fc gelenekleri vard\u0131r. Ama biz Bat\u0131 felsefesini baz alarak konu\u015furuz. Ve felsefeyi antik Yunan ile ba\u015flat\u0131r\u0131z. T\u0131p gibi, di\u011fer bilim alanlar\u0131 gibi felsefe de \u00e7\u0131k\u0131\u015f noktas\u0131na g\u00f6re, g\u00fcn\u00fcm\u00fczde iyice dallan\u0131p, bran\u015fla\u015fm\u0131\u015ft\u0131r.<\/p>\n\n\n\n<p>T\u00fcrkiye\u2019de felsefe, k\u0131sa, \u00f6zl\u00fc s\u00f6zlerin d\u0131\u015f\u0131nda pek ilgi g\u00f6rmez. Felsefe dersleri kald\u0131r\u0131lmakta, \u00f6\u011fretmenler atanamamaktad\u0131r. \u00dclkemizde daha \u00e7ok dogmatik, mitolojik, otoriter dinsel yakla\u015f\u0131mlar h\u00e2kimdir. Sorgulayan, d\u00fc\u015f\u00fcnen insanlar pek istenmez. Felsefeye meyilli insanlar ayk\u0131r\u0131 ki\u015filik olarak addedilir. Bu anlay\u0131\u015f cumhuriyetin kurulmas\u0131yla birlikte de\u011fi\u015fmeye, k\u0131r\u0131lmaya ba\u015flad\u0131. Ancak yeni felsefi anlay\u0131\u015f bu kez de geleneksel din\u00ee kanaatlerle \u00e7eli\u015fti ve giderek bir kutupla\u015fmaya yol a\u00e7t\u0131.<\/p>\n\n\n\n<p>Felsefi bak\u0131\u015f a\u00e7\u0131\u015f\u0131, ki\u015finin d\u00fc\u015f\u00fcnme yetisini geli\u015ftirir, rafine eder, sorgulama iste\u011fini \u00e7\u0131kart\u0131r ortaya. Felsefe siyasetin d\u00fc\u015f\u00fcnce ambar\u0131d\u0131r. Siyaseti me\u015frula\u015ft\u0131racak veya muhalif tav\u0131rlar\u0131 besleyecek \u015fekilde bi\u00e7imlenir. \u00d6zg\u00fcr, \u201c\u00c7ok bilgi sahibi olmak, bilge insan olmay\u0131 garantilemez. Bizim T\u00fcrk k\u00fclt\u00fcr\u00fc bilgelik \u00fczerinedir. T\u00fcrk k\u00fclt\u00fcr\u00fcnde tasavvuf ile felsefe i\u00e7 i\u00e7e ge\u00e7mi\u015ftir. Bir insan sadece kutsal metinlere harfiyen ba\u011fl\u0131 kalarak felsefe yapamaz ama dini metinleri incelemek, ona at\u0131fta bulunmak, metinlerin tarihsel ve bilimsel niteli\u011fini ortaya \u00e7\u0131kartmak i\u00e7in kullan\u0131lmal\u0131d\u0131r. Felsefeye ilgi duyan insan en ba\u015fta medya ile aras\u0131na bir mesafe koymal\u0131d\u0131r. Felsefe youtube\u2019dan, face\u2019ten, \u00f6zl\u00fc s\u00f6zlerden \u00f6\u011frenilmez. Bunun olmazsa olmaz\u0131 kitap okumakt\u0131r\u201d diyerek g\u00f6r\u00fc\u015flerini s\u0131ral\u0131yor.<\/p>\n\n\n\n<p>Mersin kozmopolit bir yer olmas\u0131na ra\u011fmen, \u015fehirde felsefe yapmak te\u015fvik edilmiyor. Felsefe sanat\u0131n, k\u00fclt\u00fcr\u00fcn geli\u015fmesine etki eder. \u015eehirle\u015fmeye de sirayet eder. Ruhsuz binalar, plans\u0131z yap\u0131lar, felsefesizli\u011fin \u00fcr\u00fcn\u00fcd\u00fcr.<\/p>\n\n\n\n<p>\u201cDaha \u00e7ok okumak ve duyarl\u0131 olmak\u201d ortak temennisini seslendirerek, bitiriyoruz.<\/p>\n","protected":false},"excerpt":{"rendered":"<p>Bu yaz\u0131 ilk olarak 12 Ekim 2017 tarihinde inovatifhaber.com\u2019da yay\u0131nlanm\u0131\u015ft\u0131r. \u201cBilim do\u011fan\u0131n verebildikleri i\u00e7in, din veremedikleri i\u00e7in vard\u0131r\u201d \u00d6. Demir Felsefe, a\u011f\u0131r ve karma\u015f\u0131k bir konu san\u0131lsa da fark\u0131nda de\u011filiz belki ama \u00e7o\u011fumuz hemen her f\u0131rsatta felsefeye ilgi g\u00f6steririz veya felsefi s\u00f6zleri severek payla\u015f\u0131r, anlamland\u0131rmaya \u00e7al\u0131\u015f\u0131r\u0131z. Felsefeye ilgiyi g\u00f6rmek i\u00e7in sosyal medyaya \u015f\u00f6yle bir g\u00f6z [&hellip;]<\/p>\n","protected":false},"author":14001,"featured_media":161038,"comment_status":"open","ping_status":"open","sticky":false,"template":"","format":"standard","meta":{"_yoast_wpseo_focuskw":"Felsefe","_yoast_wpseo_title":"","_yoast_wpseo_metadesc":"Felsefe, a\u011f\u0131r ve karma\u015f\u0131k bir konu san\u0131lsa da \u00e7o\u011fumuz her f\u0131rsatta felsefeye ilgi g\u00f6steririz veya felsefi s\u00f6zleri severek payla\u015f\u0131r\u0131z.","_bbp_topic_count":0,"_bbp_reply_count":0,"_bbp_total_topic_count":0,"_bbp_total_reply_count":0,"_bbp_voice_count":0,"_bbp_anonymous_reply_count":0,"_bbp_topic_count_hidden":0,"_bbp_reply_count_hidden":0,"_bbp_forum_subforum_count":0,"footnotes":"","_yoast_wpseo_focuskw_text_input":""},"categories":[9170],"tags":[],"yoast_head":"<!-- This site is optimized with the Yoast SEO plugin v23.0 - https:\/\/yoast.com\/wordpress\/plugins\/seo\/ -->\n<title>Felsefe Derken... - The Epoch Times TR<\/title>\n<meta name=\"description\" content=\"Felsefe, a\u011f\u0131r ve karma\u015f\u0131k bir konu san\u0131lsa da \u00e7o\u011fumuz her f\u0131rsatta felsefeye ilgi g\u00f6steririz veya felsefi s\u00f6zleri severek payla\u015f\u0131r\u0131z.\" \/>\n<meta name=\"robots\" content=\"index, follow, max-snippet:-1, max-image-preview:large, max-video-preview:-1\" \/>\n<link rel=\"canonical\" href=\"https:\/\/epochtimestr.com\/index.php\/felsefe-derken\" \/>\n<meta property=\"og:locale\" content=\"tr_TR\" \/>\n<meta property=\"og:type\" content=\"article\" \/>\n<meta property=\"og:title\" content=\"Felsefe Derken... - The Epoch Times TR\" \/>\n<meta property=\"og:description\" content=\"Felsefe, a\u011f\u0131r ve karma\u015f\u0131k bir konu san\u0131lsa da \u00e7o\u011fumuz her f\u0131rsatta felsefeye ilgi g\u00f6steririz veya felsefi s\u00f6zleri severek payla\u015f\u0131r\u0131z.\" \/>\n<meta property=\"og:url\" content=\"https:\/\/epochtimestr.com\/index.php\/felsefe-derken\" \/>\n<meta property=\"og:site_name\" content=\"The Epoch Times TR\" \/>\n<meta property=\"article:publisher\" content=\"https:\/\/www.facebook.com\/theepochtimestr\" \/>\n<meta property=\"article:published_time\" content=\"2026-06-13T05:30:00+00:00\" \/>\n<meta property=\"article:modified_time\" content=\"2026-06-12T19:20:25+00:00\" \/>\n<meta property=\"og:image\" content=\"https:\/\/epochtimestr.com\/wp-content\/uploads\/2011y\/bzct-od.jpg\" \/>\n\t<meta property=\"og:image:width\" content=\"1200\" \/>\n\t<meta property=\"og:image:height\" content=\"630\" \/>\n\t<meta property=\"og:image:type\" content=\"image\/jpeg\" \/>\n<meta name=\"author\" content=\"Bekir Zorba\" \/>\n<meta name=\"twitter:card\" content=\"summary_large_image\" \/>\n<meta name=\"twitter:creator\" content=\"@TheEpochTimesTR\" \/>\n<meta name=\"twitter:site\" content=\"@TheEpochTimesTR\" \/>\n<meta name=\"twitter:label1\" content=\"Yazan:\" \/>\n\t<meta name=\"twitter:data1\" content=\"Bekir Zorba\" \/>\n\t<meta name=\"twitter:label2\" content=\"Tahmini okuma s\u00fcresi\" \/>\n\t<meta name=\"twitter:data2\" content=\"4 dakika\" \/>\n<script type=\"application\/ld+json\" class=\"yoast-schema-graph\">{\"@context\":\"https:\/\/schema.org\",\"@graph\":[{\"@type\":\"Article\",\"@id\":\"https:\/\/epochtimestr.com\/index.php\/felsefe-derken#article\",\"isPartOf\":{\"@id\":\"https:\/\/epochtimestr.com\/index.php\/felsefe-derken\"},\"author\":{\"name\":\"Bekir Zorba\",\"@id\":\"https:\/\/epochtimestr.com\/#\/schema\/person\/da1ad104599611965442ed3e7e9acb2b\"},\"headline\":\"Felsefe Derken&#8230;\",\"datePublished\":\"2026-06-13T05:30:00+00:00\",\"dateModified\":\"2026-06-12T19:20:25+00:00\",\"mainEntityOfPage\":{\"@id\":\"https:\/\/epochtimestr.com\/index.php\/felsefe-derken\"},\"wordCount\":768,\"commentCount\":0,\"publisher\":{\"@id\":\"https:\/\/epochtimestr.com\/#organization\"},\"image\":{\"@id\":\"https:\/\/epochtimestr.com\/index.php\/felsefe-derken#primaryimage\"},\"thumbnailUrl\":\"https:\/\/epochtimestr.com\/wp-content\/uploads\/2011y\/Bekir-Zorba.png\",\"articleSection\":[\"K\u00f6\u015fe Yaz\u0131lar\u0131 Bekir Zorba\"],\"inLanguage\":\"tr\",\"potentialAction\":[{\"@type\":\"CommentAction\",\"name\":\"Comment\",\"target\":[\"https:\/\/epochtimestr.com\/index.php\/felsefe-derken#respond\"]}]},{\"@type\":\"WebPage\",\"@id\":\"https:\/\/epochtimestr.com\/index.php\/felsefe-derken\",\"url\":\"https:\/\/epochtimestr.com\/index.php\/felsefe-derken\",\"name\":\"Felsefe Derken... - The Epoch Times TR\",\"isPartOf\":{\"@id\":\"https:\/\/epochtimestr.com\/#website\"},\"primaryImageOfPage\":{\"@id\":\"https:\/\/epochtimestr.com\/index.php\/felsefe-derken#primaryimage\"},\"image\":{\"@id\":\"https:\/\/epochtimestr.com\/index.php\/felsefe-derken#primaryimage\"},\"thumbnailUrl\":\"https:\/\/epochtimestr.com\/wp-content\/uploads\/2011y\/Bekir-Zorba.png\",\"datePublished\":\"2026-06-13T05:30:00+00:00\",\"dateModified\":\"2026-06-12T19:20:25+00:00\",\"description\":\"Felsefe, a\u011f\u0131r ve karma\u015f\u0131k bir konu san\u0131lsa da \u00e7o\u011fumuz her f\u0131rsatta felsefeye ilgi g\u00f6steririz veya felsefi s\u00f6zleri severek payla\u015f\u0131r\u0131z.\",\"inLanguage\":\"tr\",\"potentialAction\":[{\"@type\":\"ReadAction\",\"target\":[\"https:\/\/epochtimestr.com\/index.php\/felsefe-derken\"]}]},{\"@type\":\"ImageObject\",\"inLanguage\":\"tr\",\"@id\":\"https:\/\/epochtimestr.com\/index.php\/felsefe-derken#primaryimage\",\"url\":\"https:\/\/epochtimestr.com\/wp-content\/uploads\/2011y\/Bekir-Zorba.png\",\"contentUrl\":\"https:\/\/epochtimestr.com\/wp-content\/uploads\/2011y\/Bekir-Zorba.png\",\"width\":600,\"height\":600},{\"@type\":\"WebSite\",\"@id\":\"https:\/\/epochtimestr.com\/#website\",\"url\":\"https:\/\/epochtimestr.com\/\",\"name\":\"The Epoch Times TR\",\"description\":\"De\u011fi\u015fen D\u00fcnyam\u0131za Taze Bir Bak\u0131\u015f\",\"publisher\":{\"@id\":\"https:\/\/epochtimestr.com\/#organization\"},\"potentialAction\":[{\"@type\":\"SearchAction\",\"target\":{\"@type\":\"EntryPoint\",\"urlTemplate\":\"https:\/\/epochtimestr.com\/?s={search_term_string}\"},\"query-input\":\"required name=search_term_string\"}],\"inLanguage\":\"tr\"},{\"@type\":\"Organization\",\"@id\":\"https:\/\/epochtimestr.com\/#organization\",\"name\":\"The EpochTimes T\u00fcrkiye\",\"url\":\"https:\/\/epochtimestr.com\/\",\"logo\":{\"@type\":\"ImageObject\",\"inLanguage\":\"tr\",\"@id\":\"https:\/\/epochtimestr.com\/#\/schema\/logo\/image\/\",\"url\":\"https:\/\/epochtimestr.com\/wp-content\/uploads\/2011y\/ET-Logo-YG.jpg\",\"contentUrl\":\"https:\/\/epochtimestr.com\/wp-content\/uploads\/2011y\/ET-Logo-YG.jpg\",\"width\":346,\"height\":29,\"caption\":\"The EpochTimes T\u00fcrkiye\"},\"image\":{\"@id\":\"https:\/\/epochtimestr.com\/#\/schema\/logo\/image\/\"},\"sameAs\":[\"https:\/\/www.facebook.com\/theepochtimestr\",\"https:\/\/x.com\/TheEpochTimesTR\",\"https:\/\/www.instagram.com\/epochtimestr\"]},{\"@type\":\"Person\",\"@id\":\"https:\/\/epochtimestr.com\/#\/schema\/person\/da1ad104599611965442ed3e7e9acb2b\",\"name\":\"Bekir Zorba\",\"image\":{\"@type\":\"ImageObject\",\"inLanguage\":\"tr\",\"@id\":\"https:\/\/epochtimestr.com\/#\/schema\/person\/image\/\",\"url\":\"https:\/\/secure.gravatar.com\/avatar\/eafd40d9b77b1fbf7c565a3d4916b79c?s=96&d=mm&r=g\",\"contentUrl\":\"https:\/\/secure.gravatar.com\/avatar\/eafd40d9b77b1fbf7c565a3d4916b79c?s=96&d=mm&r=g\",\"caption\":\"Bekir Zorba\"},\"url\":\"https:\/\/epochtimestr.com\/index.php\/author\/bekir\"}]}<\/script>\n<!-- \/ Yoast SEO plugin. -->","yoast_head_json":{"title":"Felsefe Derken... - The Epoch Times TR","description":"Felsefe, a\u011f\u0131r ve karma\u015f\u0131k bir konu san\u0131lsa da \u00e7o\u011fumuz her f\u0131rsatta felsefeye ilgi g\u00f6steririz veya felsefi s\u00f6zleri severek payla\u015f\u0131r\u0131z.","robots":{"index":"index","follow":"follow","max-snippet":"max-snippet:-1","max-image-preview":"max-image-preview:large","max-video-preview":"max-video-preview:-1"},"canonical":"https:\/\/epochtimestr.com\/index.php\/felsefe-derken","og_locale":"tr_TR","og_type":"article","og_title":"Felsefe Derken... - The Epoch Times TR","og_description":"Felsefe, a\u011f\u0131r ve karma\u015f\u0131k bir konu san\u0131lsa da \u00e7o\u011fumuz her f\u0131rsatta felsefeye ilgi g\u00f6steririz veya felsefi s\u00f6zleri severek payla\u015f\u0131r\u0131z.","og_url":"https:\/\/epochtimestr.com\/index.php\/felsefe-derken","og_site_name":"The Epoch Times TR","article_publisher":"https:\/\/www.facebook.com\/theepochtimestr","article_published_time":"2026-06-13T05:30:00+00:00","article_modified_time":"2026-06-12T19:20:25+00:00","og_image":[{"width":1200,"height":630,"url":"https:\/\/epochtimestr.com\/wp-content\/uploads\/2011y\/bzct-od.jpg","type":"image\/jpeg"}],"author":"Bekir Zorba","twitter_card":"summary_large_image","twitter_creator":"@TheEpochTimesTR","twitter_site":"@TheEpochTimesTR","twitter_misc":{"Yazan:":"Bekir Zorba","Tahmini okuma s\u00fcresi":"4 dakika"},"schema":{"@context":"https:\/\/schema.org","@graph":[{"@type":"Article","@id":"https:\/\/epochtimestr.com\/index.php\/felsefe-derken#article","isPartOf":{"@id":"https:\/\/epochtimestr.com\/index.php\/felsefe-derken"},"author":{"name":"Bekir Zorba","@id":"https:\/\/epochtimestr.com\/#\/schema\/person\/da1ad104599611965442ed3e7e9acb2b"},"headline":"Felsefe Derken&#8230;","datePublished":"2026-06-13T05:30:00+00:00","dateModified":"2026-06-12T19:20:25+00:00","mainEntityOfPage":{"@id":"https:\/\/epochtimestr.com\/index.php\/felsefe-derken"},"wordCount":768,"commentCount":0,"publisher":{"@id":"https:\/\/epochtimestr.com\/#organization"},"image":{"@id":"https:\/\/epochtimestr.com\/index.php\/felsefe-derken#primaryimage"},"thumbnailUrl":"https:\/\/epochtimestr.com\/wp-content\/uploads\/2011y\/Bekir-Zorba.png","articleSection":["K\u00f6\u015fe Yaz\u0131lar\u0131 Bekir Zorba"],"inLanguage":"tr","potentialAction":[{"@type":"CommentAction","name":"Comment","target":["https:\/\/epochtimestr.com\/index.php\/felsefe-derken#respond"]}]},{"@type":"WebPage","@id":"https:\/\/epochtimestr.com\/index.php\/felsefe-derken","url":"https:\/\/epochtimestr.com\/index.php\/felsefe-derken","name":"Felsefe Derken... - The Epoch Times TR","isPartOf":{"@id":"https:\/\/epochtimestr.com\/#website"},"primaryImageOfPage":{"@id":"https:\/\/epochtimestr.com\/index.php\/felsefe-derken#primaryimage"},"image":{"@id":"https:\/\/epochtimestr.com\/index.php\/felsefe-derken#primaryimage"},"thumbnailUrl":"https:\/\/epochtimestr.com\/wp-content\/uploads\/2011y\/Bekir-Zorba.png","datePublished":"2026-06-13T05:30:00+00:00","dateModified":"2026-06-12T19:20:25+00:00","description":"Felsefe, a\u011f\u0131r ve karma\u015f\u0131k bir konu san\u0131lsa da \u00e7o\u011fumuz her f\u0131rsatta felsefeye ilgi g\u00f6steririz veya felsefi s\u00f6zleri severek payla\u015f\u0131r\u0131z.","inLanguage":"tr","potentialAction":[{"@type":"ReadAction","target":["https:\/\/epochtimestr.com\/index.php\/felsefe-derken"]}]},{"@type":"ImageObject","inLanguage":"tr","@id":"https:\/\/epochtimestr.com\/index.php\/felsefe-derken#primaryimage","url":"https:\/\/epochtimestr.com\/wp-content\/uploads\/2011y\/Bekir-Zorba.png","contentUrl":"https:\/\/epochtimestr.com\/wp-content\/uploads\/2011y\/Bekir-Zorba.png","width":600,"height":600},{"@type":"WebSite","@id":"https:\/\/epochtimestr.com\/#website","url":"https:\/\/epochtimestr.com\/","name":"The Epoch Times TR","description":"De\u011fi\u015fen D\u00fcnyam\u0131za Taze Bir Bak\u0131\u015f","publisher":{"@id":"https:\/\/epochtimestr.com\/#organization"},"potentialAction":[{"@type":"SearchAction","target":{"@type":"EntryPoint","urlTemplate":"https:\/\/epochtimestr.com\/?s={search_term_string}"},"query-input":"required name=search_term_string"}],"inLanguage":"tr"},{"@type":"Organization","@id":"https:\/\/epochtimestr.com\/#organization","name":"The EpochTimes T\u00fcrkiye","url":"https:\/\/epochtimestr.com\/","logo":{"@type":"ImageObject","inLanguage":"tr","@id":"https:\/\/epochtimestr.com\/#\/schema\/logo\/image\/","url":"https:\/\/epochtimestr.com\/wp-content\/uploads\/2011y\/ET-Logo-YG.jpg","contentUrl":"https:\/\/epochtimestr.com\/wp-content\/uploads\/2011y\/ET-Logo-YG.jpg","width":346,"height":29,"caption":"The EpochTimes T\u00fcrkiye"},"image":{"@id":"https:\/\/epochtimestr.com\/#\/schema\/logo\/image\/"},"sameAs":["https:\/\/www.facebook.com\/theepochtimestr","https:\/\/x.com\/TheEpochTimesTR","https:\/\/www.instagram.com\/epochtimestr"]},{"@type":"Person","@id":"https:\/\/epochtimestr.com\/#\/schema\/person\/da1ad104599611965442ed3e7e9acb2b","name":"Bekir Zorba","image":{"@type":"ImageObject","inLanguage":"tr","@id":"https:\/\/epochtimestr.com\/#\/schema\/person\/image\/","url":"https:\/\/secure.gravatar.com\/avatar\/eafd40d9b77b1fbf7c565a3d4916b79c?s=96&d=mm&r=g","contentUrl":"https:\/\/secure.gravatar.com\/avatar\/eafd40d9b77b1fbf7c565a3d4916b79c?s=96&d=mm&r=g","caption":"Bekir Zorba"},"url":"https:\/\/epochtimestr.com\/index.php\/author\/bekir"}]}},"_links":{"self":[{"href":"https:\/\/epochtimestr.com\/index.php\/wp-json\/wp\/v2\/posts\/167812"}],"collection":[{"href":"https:\/\/epochtimestr.com\/index.php\/wp-json\/wp\/v2\/posts"}],"about":[{"href":"https:\/\/epochtimestr.com\/index.php\/wp-json\/wp\/v2\/types\/post"}],"author":[{"embeddable":true,"href":"https:\/\/epochtimestr.com\/index.php\/wp-json\/wp\/v2\/users\/14001"}],"replies":[{"embeddable":true,"href":"https:\/\/epochtimestr.com\/index.php\/wp-json\/wp\/v2\/comments?post=167812"}],"version-history":[{"count":1,"href":"https:\/\/epochtimestr.com\/index.php\/wp-json\/wp\/v2\/posts\/167812\/revisions"}],"predecessor-version":[{"id":167814,"href":"https:\/\/epochtimestr.com\/index.php\/wp-json\/wp\/v2\/posts\/167812\/revisions\/167814"}],"wp:featuredmedia":[{"embeddable":true,"href":"https:\/\/epochtimestr.com\/index.php\/wp-json\/wp\/v2\/media\/161038"}],"wp:attachment":[{"href":"https:\/\/epochtimestr.com\/index.php\/wp-json\/wp\/v2\/media?parent=167812"}],"wp:term":[{"taxonomy":"category","embeddable":true,"href":"https:\/\/epochtimestr.com\/index.php\/wp-json\/wp\/v2\/categories?post=167812"},{"taxonomy":"post_tag","embeddable":true,"href":"https:\/\/epochtimestr.com\/index.php\/wp-json\/wp\/v2\/tags?post=167812"}],"curies":[{"name":"wp","href":"https:\/\/api.w.org\/{rel}","templated":true}]}}