{"id":167815,"date":"2026-06-13T10:11:24","date_gmt":"2026-06-13T07:11:24","guid":{"rendered":"https:\/\/epochtimestr.com\/?p=167815"},"modified":"2026-06-13T10:11:27","modified_gmt":"2026-06-13T07:11:27","slug":"iran-abd-anlasmasinda-gelismeler","status":"publish","type":"post","link":"https:\/\/epochtimestr.com\/index.php\/iran-abd-anlasmasinda-gelismeler","title":{"rendered":"\u0130ran ABD Anla\u015fmas\u0131nda Geli\u015fmeler"},"content":{"rendered":"<div class=\"wp-block-image\">\n<figure class=\"aligncenter size-large is-resized\"><img loading=\"lazy\" decoding=\"async\" width=\"1801\" height=\"1200\" src=\"https:\/\/epochtimestr.com\/wp-content\/uploads\/2011y\/1000040100-1801x1200.jpg\" alt=\"ABD ve \u0130ran aras\u0131nda y\u00fcr\u00fct\u00fclen taslak anla\u015fman\u0131n g\u00fcnler i\u00e7inde imzalanabilece\u011fi a\u00e7\u0131kland\u0131. G\u00f6r\u00fc\u015fmelere, \u0130ran heyeti MINAB 168 kapsam\u0131nda kat\u0131lacak. Heyete, \u0130ran \u0130slami Dan\u0131\u015fma Meclisi Ba\u015fkan\u0131 Dr. Muhammed Bak\u0131r Galibaf ba\u015fkanl\u0131k edecek. Bununla birlikte ABD heyetini ABD Ba\u015fkan Yard\u0131mc\u0131s\u0131 J.D. Vance y\u00f6netecek. Ayr\u0131ca taraflar\u0131n \u0130slamabad\u2019da bir araya gelece\u011fi belirtildi. (Foto\u011fraf: Wikimedia) \" class=\"wp-image-167816\" style=\"width:840px;height:auto\" srcset=\"https:\/\/epochtimestr.com\/wp-content\/uploads\/2011y\/1000040100-1801x1200.jpg 1801w, https:\/\/epochtimestr.com\/wp-content\/uploads\/2011y\/1000040100-300x200.jpg 300w, https:\/\/epochtimestr.com\/wp-content\/uploads\/2011y\/1000040100-150x100.jpg 150w, https:\/\/epochtimestr.com\/wp-content\/uploads\/2011y\/1000040100-768x512.jpg 768w, https:\/\/epochtimestr.com\/wp-content\/uploads\/2011y\/1000040100-1536x1023.jpg 1536w, https:\/\/epochtimestr.com\/wp-content\/uploads\/2011y\/1000040100.jpg 1920w\" sizes=\"(max-width: 1801px) 100vw, 1801px\" \/><figcaption class=\"wp-element-caption\">ABD ve \u0130ran heyetlerinin \u0130slamabad\u2019da bir araya gelerek taslak anla\u015fmay\u0131 g\u00fcnler i\u00e7inde imzalayabilece\u011fi a\u00e7\u0131kland\u0131. \u0130ran \u0130slami Dan\u0131\u015fma Meclisi Ba\u015fkan\u0131 Dr. Muhammed Bak\u0131r Galibaf ba\u015fkanl\u0131\u011f\u0131ndaki \u0130ran heyeti, g\u00f6r\u00fc\u015fmelere MINAB 168 kapsam\u0131nda kat\u0131lacak. ABD heyetini de ABD Ba\u015fkan Yard\u0131mc\u0131s\u0131 J.D. Vance y\u00f6netecek. (Foto\u011fraf: Wikimedia)<\/figcaption><\/figure><\/div>\n\n\n<p>\u00dcst d\u00fczey bir ABD yetkilisi, \u0130ran ile y\u00fcr\u00fct\u00fclen taslak anla\u015fmaya ili\u015fkin yapt\u0131\u011f\u0131 a\u00e7\u0131klamada, anla\u015fman\u0131n \u00f6n\u00fcm\u00fczdeki g\u00fcnlerde imzalanabilece\u011fini belirtti. Bununla birlikte, \u0130ran\u2019a y\u00f6nelik ekonomik yard\u0131m iddialar\u0131n\u0131n ger\u00e7e\u011fi yans\u0131tmad\u0131\u011f\u0131n\u0131 s\u00f6yledi.<\/p>\n\n\n\n<p>Yetkili, \u0130ran\u2019\u0131n anla\u015fmaya imza atmas\u0131 halinde 12 milyar dolara kadar <a href=\"https:\/\/www.theepochtimes.com\/world\/us-official-reveals-details-of-tentative-iran-deal-expects-signing-in-coming-days-6047232\" target=\"_blank\" rel=\"noreferrer noopener\">ekonomik yard\u0131m<\/a> alaca\u011f\u0131 y\u00f6n\u00fcndeki haberleri reddetti. Buna kar\u015f\u0131n, ekonomik rahatlaman\u0131n yaln\u0131zca \u0130ran\u2019\u0131n y\u00fck\u00fcml\u00fcl\u00fcklerini yerine getirmesine ba\u011fl\u0131 olaca\u011f\u0131n\u0131 vurgulad\u0131.<\/p>\n\n\n\n<p>Taslak \u00e7er\u00e7eveye g\u00f6re H\u00fcrm\u00fcz Bo\u011faz\u0131 yeniden t\u00fcm taraflara a\u00e7\u0131k hale gelecek. Ayr\u0131ca \u0130ran limanlar\u0131na y\u00f6nelik ablukan\u0131n kald\u0131r\u0131lmas\u0131 da g\u00fcndemde yer al\u0131yor. \u00d6te yandan y\u00fcksek oranda zenginle\u015ftirilmi\u015f n\u00fckleer materyalin \u0130ran\u2019dan teslim al\u0131narak imha edilmesi plan\u0131 da var.<\/p>\n\n\n\n<p>Yetkili, anla\u015fman\u0131n uygulanmas\u0131n\u0131n tamamen kar\u015f\u0131l\u0131kl\u0131 y\u00fck\u00fcml\u00fcl\u00fcklere ba\u011fl\u0131 oldu\u011funu ifade etti. Ancak \u0130ran\u2019\u0131n taahh\u00fctlerine uymamas\u0131 halinde herhangi bir ekonomik kazan\u00e7 elde edemeyece\u011fi belirtti.<\/p>\n\n\n\n<p>Anla\u015fma s\u00fcrecinde \u0130srail\u2019in b\u00f6lgedeki askeri faaliyetleri de tart\u0131\u015fma konusu oldu. \u0130srail y\u00f6netimi, \u0130ran\u2019a kar\u015f\u0131 gerekli g\u00f6r\u00fcld\u00fc\u011f\u00fc takdirde ba\u011f\u0131ms\u0131z hareket etme hakk\u0131n\u0131 sakl\u0131 tuttu\u011funu a\u00e7\u0131klad\u0131. Ayr\u0131ca mevcut askeri varl\u0131\u011f\u0131n\u0131 korunaca\u011f\u0131n\u0131 ifade etti.<\/p>\n\n\n\n<p>Bunlara ek olarak Pakistan Ba\u015fbakan\u0131 \u015eehbaz \u015eerif, y\u00fcr\u00fct\u00fclen <a href=\"https:\/\/epochtimestr.com\/index.php\/abd-iran-gorusmelerinde-ilerleme-kaydetti\" target=\"_blank\" rel=\"noreferrer noopener\">m\u00fczakerelere<\/a> destek verdiklerini a\u00e7\u0131klad\u0131. \u0130ran D\u0131\u015fi\u015fleri Bakan\u0131 Abbas Arak\u00e7i ise g\u00f6r\u00fc\u015fmelere olumlu yakla\u015ft\u0131klar\u0131n\u0131 ve detaylar\u0131n ilerleyen s\u00fcre\u00e7te payla\u015f\u0131laca\u011f\u0131n\u0131 belirtti. ABD taraf\u0131 ise anla\u015fman\u0131n k\u0131sa s\u00fcre i\u00e7inde sonu\u00e7lanabilece\u011fini bildirdi.<\/p>\n","protected":false},"excerpt":{"rendered":"<p>\u00dcst d\u00fczey bir ABD yetkilisi, \u0130ran ile y\u00fcr\u00fct\u00fclen taslak anla\u015fmaya ili\u015fkin yapt\u0131\u011f\u0131 a\u00e7\u0131klamada, anla\u015fman\u0131n \u00f6n\u00fcm\u00fczdeki g\u00fcnlerde imzalanabilece\u011fini belirtti. Bununla birlikte, \u0130ran\u2019a y\u00f6nelik ekonomik yard\u0131m iddialar\u0131n\u0131n ger\u00e7e\u011fi yans\u0131tmad\u0131\u011f\u0131n\u0131 s\u00f6yledi. Yetkili, \u0130ran\u2019\u0131n anla\u015fmaya imza atmas\u0131 halinde 12 milyar dolara kadar ekonomik yard\u0131m alaca\u011f\u0131 y\u00f6n\u00fcndeki haberleri reddetti. Buna kar\u015f\u0131n, ekonomik rahatlaman\u0131n yaln\u0131zca \u0130ran\u2019\u0131n y\u00fck\u00fcml\u00fcl\u00fcklerini yerine getirmesine ba\u011fl\u0131 olaca\u011f\u0131n\u0131 [&hellip;]<\/p>\n","protected":false},"author":13996,"featured_media":167816,"comment_status":"open","ping_status":"open","sticky":false,"template":"","format":"standard","meta":{"_yoast_wpseo_focuskw":"ABD - \u0130ran","_yoast_wpseo_title":"","_yoast_wpseo_metadesc":"\u00dcst d\u00fczey bir ABD yetkilisi, \u0130ran ile y\u00fcr\u00fct\u00fclen taslak anla\u015fman\u0131n \u00f6n\u00fcm\u00fczdeki g\u00fcnlerde imzalanabilece\u011fini belirtti.","_bbp_topic_count":0,"_bbp_reply_count":0,"_bbp_total_topic_count":0,"_bbp_total_reply_count":0,"_bbp_voice_count":0,"_bbp_anonymous_reply_count":0,"_bbp_topic_count_hidden":0,"_bbp_reply_count_hidden":0,"_bbp_forum_subforum_count":0,"footnotes":"","_yoast_wpseo_focuskw_text_input":""},"categories":[5,1,8138],"tags":[9496,10503,11143,8828,1313,11537],"yoast_head":"<!-- This site is optimized with the Yoast SEO plugin v23.0 - https:\/\/yoast.com\/wordpress\/plugins\/seo\/ -->\n<title>\u0130ran ABD Anla\u015fmas\u0131nda Geli\u015fmeler - The Epoch Times TR<\/title>\n<meta name=\"description\" content=\"\u00dcst d\u00fczey bir ABD yetkilisi, \u0130ran ile y\u00fcr\u00fct\u00fclen taslak anla\u015fman\u0131n \u00f6n\u00fcm\u00fczdeki g\u00fcnlerde imzalanabilece\u011fini belirtti.\" \/>\n<meta name=\"robots\" content=\"index, follow, max-snippet:-1, max-image-preview:large, max-video-preview:-1\" \/>\n<link rel=\"canonical\" href=\"https:\/\/epochtimestr.com\/index.php\/iran-abd-anlasmasinda-gelismeler\" \/>\n<meta property=\"og:locale\" content=\"tr_TR\" \/>\n<meta property=\"og:type\" content=\"article\" \/>\n<meta property=\"og:title\" content=\"\u0130ran ABD Anla\u015fmas\u0131nda Geli\u015fmeler - The Epoch Times TR\" \/>\n<meta property=\"og:description\" content=\"\u00dcst d\u00fczey bir ABD yetkilisi, \u0130ran ile y\u00fcr\u00fct\u00fclen taslak anla\u015fman\u0131n \u00f6n\u00fcm\u00fczdeki g\u00fcnlerde imzalanabilece\u011fini belirtti.\" \/>\n<meta property=\"og:url\" content=\"https:\/\/epochtimestr.com\/index.php\/iran-abd-anlasmasinda-gelismeler\" \/>\n<meta property=\"og:site_name\" content=\"The Epoch Times TR\" \/>\n<meta property=\"article:publisher\" content=\"https:\/\/www.facebook.com\/theepochtimestr\" \/>\n<meta property=\"article:published_time\" content=\"2026-06-13T07:11:24+00:00\" \/>\n<meta property=\"article:modified_time\" content=\"2026-06-13T07:11:27+00:00\" \/>\n<meta property=\"og:image\" content=\"https:\/\/epochtimestr.com\/wp-content\/uploads\/2011y\/1000040100.jpg\" \/>\n\t<meta property=\"og:image:width\" content=\"1920\" \/>\n\t<meta property=\"og:image:height\" content=\"1279\" \/>\n\t<meta property=\"og:image:type\" content=\"image\/jpeg\" \/>\n<meta name=\"author\" content=\"Leo Bajelan\" \/>\n<meta name=\"twitter:card\" content=\"summary_large_image\" \/>\n<meta name=\"twitter:creator\" content=\"@TheEpochTimesTR\" \/>\n<meta name=\"twitter:site\" content=\"@TheEpochTimesTR\" \/>\n<meta name=\"twitter:label1\" content=\"Yazan:\" \/>\n\t<meta name=\"twitter:data1\" content=\"Leo Bajelan\" \/>\n\t<meta name=\"twitter:label2\" content=\"Tahmini okuma s\u00fcresi\" \/>\n\t<meta name=\"twitter:data2\" content=\"2 dakika\" \/>\n<script type=\"application\/ld+json\" class=\"yoast-schema-graph\">{\"@context\":\"https:\/\/schema.org\",\"@graph\":[{\"@type\":\"Article\",\"@id\":\"https:\/\/epochtimestr.com\/index.php\/iran-abd-anlasmasinda-gelismeler#article\",\"isPartOf\":{\"@id\":\"https:\/\/epochtimestr.com\/index.php\/iran-abd-anlasmasinda-gelismeler\"},\"author\":{\"name\":\"Leo Bajelan\",\"@id\":\"https:\/\/epochtimestr.com\/#\/schema\/person\/5fef218711d76d8f232b0e1f1d7e4c0d\"},\"headline\":\"\u0130ran ABD Anla\u015fmas\u0131nda Geli\u015fmeler\",\"datePublished\":\"2026-06-13T07:11:24+00:00\",\"dateModified\":\"2026-06-13T07:11:27+00:00\",\"mainEntityOfPage\":{\"@id\":\"https:\/\/epochtimestr.com\/index.php\/iran-abd-anlasmasinda-gelismeler\"},\"wordCount\":365,\"commentCount\":0,\"publisher\":{\"@id\":\"https:\/\/epochtimestr.com\/#organization\"},\"image\":{\"@id\":\"https:\/\/epochtimestr.com\/index.php\/iran-abd-anlasmasinda-gelismeler#primaryimage\"},\"thumbnailUrl\":\"https:\/\/epochtimestr.com\/wp-content\/uploads\/2011y\/1000040100.jpg\",\"keywords\":[\"Abbas Arak\u00e7i\",\"ABD \u0130ran sava\u015f\u0131\",\"\u0130ran m\u00fczakereleri\",\"\u0130ran n\u00fckleer\",\"Pakistan\",\"\u015eehbaz \u015eerif\"],\"articleSection\":[\"D\u00dcNYA\",\"G\u00dcNDEM\",\"MAN\u015eET\"],\"inLanguage\":\"tr\",\"potentialAction\":[{\"@type\":\"CommentAction\",\"name\":\"Comment\",\"target\":[\"https:\/\/epochtimestr.com\/index.php\/iran-abd-anlasmasinda-gelismeler#respond\"]}]},{\"@type\":\"WebPage\",\"@id\":\"https:\/\/epochtimestr.com\/index.php\/iran-abd-anlasmasinda-gelismeler\",\"url\":\"https:\/\/epochtimestr.com\/index.php\/iran-abd-anlasmasinda-gelismeler\",\"name\":\"\u0130ran ABD Anla\u015fmas\u0131nda Geli\u015fmeler - The Epoch Times TR\",\"isPartOf\":{\"@id\":\"https:\/\/epochtimestr.com\/#website\"},\"primaryImageOfPage\":{\"@id\":\"https:\/\/epochtimestr.com\/index.php\/iran-abd-anlasmasinda-gelismeler#primaryimage\"},\"image\":{\"@id\":\"https:\/\/epochtimestr.com\/index.php\/iran-abd-anlasmasinda-gelismeler#primaryimage\"},\"thumbnailUrl\":\"https:\/\/epochtimestr.com\/wp-content\/uploads\/2011y\/1000040100.jpg\",\"datePublished\":\"2026-06-13T07:11:24+00:00\",\"dateModified\":\"2026-06-13T07:11:27+00:00\",\"description\":\"\u00dcst d\u00fczey bir ABD yetkilisi, \u0130ran ile y\u00fcr\u00fct\u00fclen taslak anla\u015fman\u0131n \u00f6n\u00fcm\u00fczdeki g\u00fcnlerde imzalanabilece\u011fini belirtti.\",\"inLanguage\":\"tr\",\"potentialAction\":[{\"@type\":\"ReadAction\",\"target\":[\"https:\/\/epochtimestr.com\/index.php\/iran-abd-anlasmasinda-gelismeler\"]}]},{\"@type\":\"ImageObject\",\"inLanguage\":\"tr\",\"@id\":\"https:\/\/epochtimestr.com\/index.php\/iran-abd-anlasmasinda-gelismeler#primaryimage\",\"url\":\"https:\/\/epochtimestr.com\/wp-content\/uploads\/2011y\/1000040100.jpg\",\"contentUrl\":\"https:\/\/epochtimestr.com\/wp-content\/uploads\/2011y\/1000040100.jpg\",\"width\":1920,\"height\":1279},{\"@type\":\"WebSite\",\"@id\":\"https:\/\/epochtimestr.com\/#website\",\"url\":\"https:\/\/epochtimestr.com\/\",\"name\":\"The Epoch Times TR\",\"description\":\"De\u011fi\u015fen D\u00fcnyam\u0131za Taze Bir Bak\u0131\u015f\",\"publisher\":{\"@id\":\"https:\/\/epochtimestr.com\/#organization\"},\"potentialAction\":[{\"@type\":\"SearchAction\",\"target\":{\"@type\":\"EntryPoint\",\"urlTemplate\":\"https:\/\/epochtimestr.com\/?s={search_term_string}\"},\"query-input\":\"required name=search_term_string\"}],\"inLanguage\":\"tr\"},{\"@type\":\"Organization\",\"@id\":\"https:\/\/epochtimestr.com\/#organization\",\"name\":\"The EpochTimes T\u00fcrkiye\",\"url\":\"https:\/\/epochtimestr.com\/\",\"logo\":{\"@type\":\"ImageObject\",\"inLanguage\":\"tr\",\"@id\":\"https:\/\/epochtimestr.com\/#\/schema\/logo\/image\/\",\"url\":\"https:\/\/epochtimestr.com\/wp-content\/uploads\/2011y\/ET-Logo-YG.jpg\",\"contentUrl\":\"https:\/\/epochtimestr.com\/wp-content\/uploads\/2011y\/ET-Logo-YG.jpg\",\"width\":346,\"height\":29,\"caption\":\"The EpochTimes T\u00fcrkiye\"},\"image\":{\"@id\":\"https:\/\/epochtimestr.com\/#\/schema\/logo\/image\/\"},\"sameAs\":[\"https:\/\/www.facebook.com\/theepochtimestr\",\"https:\/\/x.com\/TheEpochTimesTR\",\"https:\/\/www.instagram.com\/epochtimestr\"]},{\"@type\":\"Person\",\"@id\":\"https:\/\/epochtimestr.com\/#\/schema\/person\/5fef218711d76d8f232b0e1f1d7e4c0d\",\"name\":\"Leo Bajelan\",\"image\":{\"@type\":\"ImageObject\",\"inLanguage\":\"tr\",\"@id\":\"https:\/\/epochtimestr.com\/#\/schema\/person\/image\/\",\"url\":\"https:\/\/secure.gravatar.com\/avatar\/917669146f489549e548a2e9af272df5?s=96&d=mm&r=g\",\"contentUrl\":\"https:\/\/secure.gravatar.com\/avatar\/917669146f489549e548a2e9af272df5?s=96&d=mm&r=g\",\"caption\":\"Leo Bajelan\"},\"url\":\"https:\/\/epochtimestr.com\/index.php\/author\/leo\"}]}<\/script>\n<!-- \/ Yoast SEO plugin. -->","yoast_head_json":{"title":"\u0130ran ABD Anla\u015fmas\u0131nda Geli\u015fmeler - The Epoch Times TR","description":"\u00dcst d\u00fczey bir ABD yetkilisi, \u0130ran ile y\u00fcr\u00fct\u00fclen taslak anla\u015fman\u0131n \u00f6n\u00fcm\u00fczdeki g\u00fcnlerde imzalanabilece\u011fini belirtti.","robots":{"index":"index","follow":"follow","max-snippet":"max-snippet:-1","max-image-preview":"max-image-preview:large","max-video-preview":"max-video-preview:-1"},"canonical":"https:\/\/epochtimestr.com\/index.php\/iran-abd-anlasmasinda-gelismeler","og_locale":"tr_TR","og_type":"article","og_title":"\u0130ran ABD Anla\u015fmas\u0131nda Geli\u015fmeler - The Epoch Times TR","og_description":"\u00dcst d\u00fczey bir ABD yetkilisi, \u0130ran ile y\u00fcr\u00fct\u00fclen taslak anla\u015fman\u0131n \u00f6n\u00fcm\u00fczdeki g\u00fcnlerde imzalanabilece\u011fini belirtti.","og_url":"https:\/\/epochtimestr.com\/index.php\/iran-abd-anlasmasinda-gelismeler","og_site_name":"The Epoch Times TR","article_publisher":"https:\/\/www.facebook.com\/theepochtimestr","article_published_time":"2026-06-13T07:11:24+00:00","article_modified_time":"2026-06-13T07:11:27+00:00","og_image":[{"width":1920,"height":1279,"url":"https:\/\/epochtimestr.com\/wp-content\/uploads\/2011y\/1000040100.jpg","type":"image\/jpeg"}],"author":"Leo Bajelan","twitter_card":"summary_large_image","twitter_creator":"@TheEpochTimesTR","twitter_site":"@TheEpochTimesTR","twitter_misc":{"Yazan:":"Leo Bajelan","Tahmini okuma s\u00fcresi":"2 dakika"},"schema":{"@context":"https:\/\/schema.org","@graph":[{"@type":"Article","@id":"https:\/\/epochtimestr.com\/index.php\/iran-abd-anlasmasinda-gelismeler#article","isPartOf":{"@id":"https:\/\/epochtimestr.com\/index.php\/iran-abd-anlasmasinda-gelismeler"},"author":{"name":"Leo Bajelan","@id":"https:\/\/epochtimestr.com\/#\/schema\/person\/5fef218711d76d8f232b0e1f1d7e4c0d"},"headline":"\u0130ran ABD Anla\u015fmas\u0131nda Geli\u015fmeler","datePublished":"2026-06-13T07:11:24+00:00","dateModified":"2026-06-13T07:11:27+00:00","mainEntityOfPage":{"@id":"https:\/\/epochtimestr.com\/index.php\/iran-abd-anlasmasinda-gelismeler"},"wordCount":365,"commentCount":0,"publisher":{"@id":"https:\/\/epochtimestr.com\/#organization"},"image":{"@id":"https:\/\/epochtimestr.com\/index.php\/iran-abd-anlasmasinda-gelismeler#primaryimage"},"thumbnailUrl":"https:\/\/epochtimestr.com\/wp-content\/uploads\/2011y\/1000040100.jpg","keywords":["Abbas Arak\u00e7i","ABD \u0130ran sava\u015f\u0131","\u0130ran m\u00fczakereleri","\u0130ran n\u00fckleer","Pakistan","\u015eehbaz \u015eerif"],"articleSection":["D\u00dcNYA","G\u00dcNDEM","MAN\u015eET"],"inLanguage":"tr","potentialAction":[{"@type":"CommentAction","name":"Comment","target":["https:\/\/epochtimestr.com\/index.php\/iran-abd-anlasmasinda-gelismeler#respond"]}]},{"@type":"WebPage","@id":"https:\/\/epochtimestr.com\/index.php\/iran-abd-anlasmasinda-gelismeler","url":"https:\/\/epochtimestr.com\/index.php\/iran-abd-anlasmasinda-gelismeler","name":"\u0130ran ABD Anla\u015fmas\u0131nda Geli\u015fmeler - The Epoch Times TR","isPartOf":{"@id":"https:\/\/epochtimestr.com\/#website"},"primaryImageOfPage":{"@id":"https:\/\/epochtimestr.com\/index.php\/iran-abd-anlasmasinda-gelismeler#primaryimage"},"image":{"@id":"https:\/\/epochtimestr.com\/index.php\/iran-abd-anlasmasinda-gelismeler#primaryimage"},"thumbnailUrl":"https:\/\/epochtimestr.com\/wp-content\/uploads\/2011y\/1000040100.jpg","datePublished":"2026-06-13T07:11:24+00:00","dateModified":"2026-06-13T07:11:27+00:00","description":"\u00dcst d\u00fczey bir ABD yetkilisi, \u0130ran ile y\u00fcr\u00fct\u00fclen taslak anla\u015fman\u0131n \u00f6n\u00fcm\u00fczdeki g\u00fcnlerde imzalanabilece\u011fini belirtti.","inLanguage":"tr","potentialAction":[{"@type":"ReadAction","target":["https:\/\/epochtimestr.com\/index.php\/iran-abd-anlasmasinda-gelismeler"]}]},{"@type":"ImageObject","inLanguage":"tr","@id":"https:\/\/epochtimestr.com\/index.php\/iran-abd-anlasmasinda-gelismeler#primaryimage","url":"https:\/\/epochtimestr.com\/wp-content\/uploads\/2011y\/1000040100.jpg","contentUrl":"https:\/\/epochtimestr.com\/wp-content\/uploads\/2011y\/1000040100.jpg","width":1920,"height":1279},{"@type":"WebSite","@id":"https:\/\/epochtimestr.com\/#website","url":"https:\/\/epochtimestr.com\/","name":"The Epoch Times TR","description":"De\u011fi\u015fen D\u00fcnyam\u0131za Taze Bir Bak\u0131\u015f","publisher":{"@id":"https:\/\/epochtimestr.com\/#organization"},"potentialAction":[{"@type":"SearchAction","target":{"@type":"EntryPoint","urlTemplate":"https:\/\/epochtimestr.com\/?s={search_term_string}"},"query-input":"required name=search_term_string"}],"inLanguage":"tr"},{"@type":"Organization","@id":"https:\/\/epochtimestr.com\/#organization","name":"The EpochTimes T\u00fcrkiye","url":"https:\/\/epochtimestr.com\/","logo":{"@type":"ImageObject","inLanguage":"tr","@id":"https:\/\/epochtimestr.com\/#\/schema\/logo\/image\/","url":"https:\/\/epochtimestr.com\/wp-content\/uploads\/2011y\/ET-Logo-YG.jpg","contentUrl":"https:\/\/epochtimestr.com\/wp-content\/uploads\/2011y\/ET-Logo-YG.jpg","width":346,"height":29,"caption":"The EpochTimes T\u00fcrkiye"},"image":{"@id":"https:\/\/epochtimestr.com\/#\/schema\/logo\/image\/"},"sameAs":["https:\/\/www.facebook.com\/theepochtimestr","https:\/\/x.com\/TheEpochTimesTR","https:\/\/www.instagram.com\/epochtimestr"]},{"@type":"Person","@id":"https:\/\/epochtimestr.com\/#\/schema\/person\/5fef218711d76d8f232b0e1f1d7e4c0d","name":"Leo Bajelan","image":{"@type":"ImageObject","inLanguage":"tr","@id":"https:\/\/epochtimestr.com\/#\/schema\/person\/image\/","url":"https:\/\/secure.gravatar.com\/avatar\/917669146f489549e548a2e9af272df5?s=96&d=mm&r=g","contentUrl":"https:\/\/secure.gravatar.com\/avatar\/917669146f489549e548a2e9af272df5?s=96&d=mm&r=g","caption":"Leo Bajelan"},"url":"https:\/\/epochtimestr.com\/index.php\/author\/leo"}]}},"_links":{"self":[{"href":"https:\/\/epochtimestr.com\/index.php\/wp-json\/wp\/v2\/posts\/167815"}],"collection":[{"href":"https:\/\/epochtimestr.com\/index.php\/wp-json\/wp\/v2\/posts"}],"about":[{"href":"https:\/\/epochtimestr.com\/index.php\/wp-json\/wp\/v2\/types\/post"}],"author":[{"embeddable":true,"href":"https:\/\/epochtimestr.com\/index.php\/wp-json\/wp\/v2\/users\/13996"}],"replies":[{"embeddable":true,"href":"https:\/\/epochtimestr.com\/index.php\/wp-json\/wp\/v2\/comments?post=167815"}],"version-history":[{"count":2,"href":"https:\/\/epochtimestr.com\/index.php\/wp-json\/wp\/v2\/posts\/167815\/revisions"}],"predecessor-version":[{"id":167819,"href":"https:\/\/epochtimestr.com\/index.php\/wp-json\/wp\/v2\/posts\/167815\/revisions\/167819"}],"wp:featuredmedia":[{"embeddable":true,"href":"https:\/\/epochtimestr.com\/index.php\/wp-json\/wp\/v2\/media\/167816"}],"wp:attachment":[{"href":"https:\/\/epochtimestr.com\/index.php\/wp-json\/wp\/v2\/media?parent=167815"}],"wp:term":[{"taxonomy":"category","embeddable":true,"href":"https:\/\/epochtimestr.com\/index.php\/wp-json\/wp\/v2\/categories?post=167815"},{"taxonomy":"post_tag","embeddable":true,"href":"https:\/\/epochtimestr.com\/index.php\/wp-json\/wp\/v2\/tags?post=167815"}],"curies":[{"name":"wp","href":"https:\/\/api.w.org\/{rel}","templated":true}]}}