{"id":167825,"date":"2026-06-14T07:00:00","date_gmt":"2026-06-14T04:00:00","guid":{"rendered":"https:\/\/epochtimestr.com\/?p=167825"},"modified":"2026-06-13T22:05:30","modified_gmt":"2026-06-13T19:05:30","slug":"etik-sadece-insan-icin-midir","status":"publish","type":"post","link":"https:\/\/epochtimestr.com\/index.php\/etik-sadece-insan-icin-midir","title":{"rendered":"Etik Sadece \u0130nsan \u0130\u00e7in midir?"},"content":{"rendered":"\n<p>Ge\u00e7ti\u011fimiz g\u00fcnlerde kar\u015f\u0131ma \u00e7\u0131kan bir s\u0131nav sorusu, \u00fczerine uzun uzun d\u00fc\u015f\u00fcn\u00fclmesi gereken bir toplumsal ger\u00e7e\u011fi \u00f6n\u00fcme serdi. Soru olduk\u00e7a netti: \u201cA\u015fa\u011f\u0131dakilerden hangisi etik kurallar\u0131n ortaya \u00e7\u0131kmas\u0131nda \u00f6nemli olamaz?\u201d \u015e\u0131klar aras\u0131nda i\u015fveren &#8211; i\u015f\u00e7i ili\u015fkilerinden mesleki yetkinli\u011fe, toplumsal bilinci uyand\u0131rmaktan yaln\u0131zl\u0131\u011fa kadar uzanan se\u00e7enekler vard\u0131. Do\u011fru cevap ise insan merkezli kibrimizi y\u00fcz\u00fcm\u00fcze \u00e7arpan o c\u00fcmleydi: \u201cYaln\u0131zca insanlar i\u00e7in d\u00fc\u015f\u00fcnmek.\u201d<\/p>\n\n\n\n<p>\u0130lk bak\u0131\u015fta eti\u011fi, sadece insanlar aras\u0131nda d\u00f6n\u00fcp duran bir kurallar silsilesi olarak g\u00f6rmeye meyilliyizdir. &#8220;Yalan s\u00f6yleme&#8221;, &#8220;\u00e7alma&#8221;, &#8220;i\u015f\u00e7inin hakk\u0131n\u0131 ver&#8221;, &#8220;mesle\u011finde yetkin ol&#8221;&#8230; Hepsi insan\u0131 insana kar\u015f\u0131 koruyan, toplumsal d\u00fczeni sa\u011flayan de\u011ferli ilkeler. Ancak evreni ve ya\u015fam\u0131 sadece &#8220;insan&#8221; eksenine s\u0131k\u0131\u015ft\u0131rmak, eti\u011fin as\u0131l varolu\u015f felsefesini \u0131skalamak demektir. \u00c7\u00fcnk\u00fc etik, sadece bizim birbirimize kar\u015f\u0131 olan sorumluluklar\u0131m\u0131zdan ibaret de\u011fildir, bizim d\u0131\u015f\u0131m\u0131zdaki d\u00fcnyaya, yani nefes alan her canl\u0131ya ve par\u00e7as\u0131 oldu\u011fumuz do\u011faya kar\u015f\u0131 borcumuzdur.<\/p>\n\n\n\n<p>Bug\u00fcn \u00e7evre kirlili\u011finden k\u00fcresel iklim krizine, nesli t\u00fckenen hayvanlardan yok edilen ormanlara kadar ya\u015fad\u0131\u011f\u0131m\u0131z pek \u00e7ok felaketin temelinde tam olarak bu s\u0131\u011f bak\u0131\u015f a\u00e7\u0131s\u0131 yat\u0131yor: Yaln\u0131zca insanlar i\u00e7in d\u00fc\u015f\u00fcnmek. D\u00fcnyay\u0131 sadece kendi konforumuz, kendi kazanc\u0131m\u0131z ve kendi gelece\u011fimiz i\u00e7in tasarlayabilece\u011fimizi sand\u0131k. Hayvanlar\u0131n ya\u015fam alanlar\u0131n\u0131 gasp ederken, denizleri kirletirken ya da bir orman\u0131 ranta a\u00e7arken insani bir &#8220;etik&#8221; aray\u0131\u015f\u0131na girmedik. Oysa ger\u00e7ek bir toplumsal ve evrensel bilin\u00e7, bizden zay\u0131f olan\u0131, dili olmay\u0131p hakk\u0131n\u0131 arayamayan\u0131 da korumay\u0131 gerektirir.<\/p>\n\n\n\n<p>Etik kurallar\u0131n ortaya \u00e7\u0131k\u0131\u015f\u0131, i\u015f\u00e7i ile i\u015fveren aras\u0131ndaki ba\u011f\u0131 kurmaktan ya da bir mesle\u011fi hakk\u0131yla yapmaktan \u00e7ok daha b\u00fcy\u00fck bir uyan\u0131\u015f\u0131n eseridir. O uyan\u0131\u015f, ekosistemin bir par\u00e7as\u0131 oldu\u011fumuzu hat\u0131rlama uyan\u0131\u015f\u0131d\u0131r. Bir nehrin temiz akma hakk\u0131n\u0131 g\u00f6zetmeyen m\u00fchendislik eti\u011fi, bir hayvan\u0131n ya\u015fam hakk\u0131n\u0131 savunmayan t\u0131p eti\u011fi, ya da do\u011fan\u0131n dengesini hi\u00e7e sayan bir ticaret eti\u011fi eksiktir, kusurludur.<\/p>\n\n\n\n<p>K\u0131sacas\u0131, etik kurallar bizi sadece &#8220;iyi birer vatanda\u015f&#8221; yapmak i\u00e7in de\u011fil &#8220;iyi birer d\u00fcnya vatanda\u015f\u0131&#8221; yapmak i\u00e7in vard\u0131r. \u00c7evremizi, hayvanlar\u0131, a\u011fa\u00e7lar\u0131 ve t\u00fcm ekosistemi kapsayan geni\u015f bir vizyona sahip olmad\u0131\u011f\u0131m\u0131z s\u00fcrece yazd\u0131\u011f\u0131m\u0131z hi\u00e7bir kural bizi tam anlam\u0131yla ahlaki bir olgunlu\u011fa ula\u015ft\u0131ramaz.<\/p>\n\n\n\n<p>Unutmayal\u0131m, etik sadece insan\u0131n insanla kurdu\u011fu ba\u011fda de\u011fil, insan\u0131n evrenle kurdu\u011fu vicdan k\u00f6pr\u00fcs\u00fcnde gizlidir. Yaln\u0131zca kendimizi d\u00fc\u015f\u00fcnd\u00fc\u011f\u00fcm\u00fcz bir d\u00fcnya, en nihayetinde yine bizim sonumuz olacakt\u0131r.<\/p>\n","protected":false},"excerpt":{"rendered":"<p>Ge\u00e7ti\u011fimiz g\u00fcnlerde kar\u015f\u0131ma \u00e7\u0131kan bir s\u0131nav sorusu, \u00fczerine uzun uzun d\u00fc\u015f\u00fcn\u00fclmesi gereken bir toplumsal ger\u00e7e\u011fi \u00f6n\u00fcme serdi. Soru olduk\u00e7a netti: \u201cA\u015fa\u011f\u0131dakilerden hangisi etik kurallar\u0131n ortaya \u00e7\u0131kmas\u0131nda \u00f6nemli olamaz?\u201d \u015e\u0131klar aras\u0131nda i\u015fveren &#8211; i\u015f\u00e7i ili\u015fkilerinden mesleki yetkinli\u011fe, toplumsal bilinci uyand\u0131rmaktan yaln\u0131zl\u0131\u011fa kadar uzanan se\u00e7enekler vard\u0131. Do\u011fru cevap ise insan merkezli kibrimizi y\u00fcz\u00fcm\u00fcze \u00e7arpan o c\u00fcmleydi: \u201cYaln\u0131zca [&hellip;]<\/p>\n","protected":false},"author":14013,"featured_media":167144,"comment_status":"open","ping_status":"open","sticky":false,"template":"","format":"standard","meta":{"_yoast_wpseo_focuskw":"etik","_yoast_wpseo_title":"","_yoast_wpseo_metadesc":"Ge\u00e7ti\u011fimiz g\u00fcnlerde kar\u015f\u0131ma \u00e7\u0131kan bir s\u0131nav sorusu, \u00fczerine uzun uzun d\u00fc\u015f\u00fcn\u00fclmesi gereken bir toplumsal ger\u00e7e\u011fi \u00f6n\u00fcme serdi.","_bbp_topic_count":0,"_bbp_reply_count":0,"_bbp_total_topic_count":0,"_bbp_total_reply_count":0,"_bbp_voice_count":0,"_bbp_anonymous_reply_count":0,"_bbp_topic_count_hidden":0,"_bbp_reply_count_hidden":0,"_bbp_forum_subforum_count":0,"footnotes":"","_yoast_wpseo_focuskw_text_input":""},"categories":[11361],"tags":[],"yoast_head":"<!-- This site is optimized with the Yoast SEO plugin v23.0 - https:\/\/yoast.com\/wordpress\/plugins\/seo\/ -->\n<title>Etik Sadece \u0130nsan \u0130\u00e7in midir? - The Epoch Times TR<\/title>\n<meta name=\"description\" content=\"Ge\u00e7ti\u011fimiz g\u00fcnlerde kar\u015f\u0131ma \u00e7\u0131kan bir s\u0131nav sorusu, \u00fczerine uzun uzun d\u00fc\u015f\u00fcn\u00fclmesi gereken bir toplumsal ger\u00e7e\u011fi \u00f6n\u00fcme serdi.\" \/>\n<meta name=\"robots\" content=\"index, follow, max-snippet:-1, max-image-preview:large, max-video-preview:-1\" \/>\n<link rel=\"canonical\" href=\"https:\/\/epochtimestr.com\/index.php\/etik-sadece-insan-icin-midir\" \/>\n<meta property=\"og:locale\" content=\"tr_TR\" \/>\n<meta property=\"og:type\" content=\"article\" \/>\n<meta property=\"og:title\" content=\"Etik Sadece \u0130nsan \u0130\u00e7in midir? - The Epoch Times TR\" \/>\n<meta property=\"og:description\" content=\"Ge\u00e7ti\u011fimiz g\u00fcnlerde kar\u015f\u0131ma \u00e7\u0131kan bir s\u0131nav sorusu, \u00fczerine uzun uzun d\u00fc\u015f\u00fcn\u00fclmesi gereken bir toplumsal ger\u00e7e\u011fi \u00f6n\u00fcme serdi.\" \/>\n<meta property=\"og:url\" content=\"https:\/\/epochtimestr.com\/index.php\/etik-sadece-insan-icin-midir\" \/>\n<meta property=\"og:site_name\" content=\"The Epoch Times TR\" \/>\n<meta property=\"article:publisher\" content=\"https:\/\/www.facebook.com\/theepochtimestr\" \/>\n<meta property=\"article:published_time\" content=\"2026-06-14T04:00:00+00:00\" \/>\n<meta property=\"article:modified_time\" content=\"2026-06-13T19:05:30+00:00\" \/>\n<meta property=\"og:image\" content=\"https:\/\/epochtimestr.com\/wp-content\/uploads\/2011y\/ali-kekliktepe-SM.jpeg\" \/>\n\t<meta property=\"og:image:width\" content=\"1200\" \/>\n\t<meta property=\"og:image:height\" content=\"630\" \/>\n\t<meta property=\"og:image:type\" content=\"image\/jpeg\" \/>\n<meta name=\"author\" content=\"Ali Kekliktepe\" \/>\n<meta name=\"twitter:card\" content=\"summary_large_image\" \/>\n<meta name=\"twitter:creator\" content=\"@TheEpochTimesTR\" \/>\n<meta name=\"twitter:site\" content=\"@TheEpochTimesTR\" \/>\n<meta name=\"twitter:label1\" content=\"Yazan:\" \/>\n\t<meta name=\"twitter:data1\" content=\"Ali Kekliktepe\" \/>\n\t<meta name=\"twitter:label2\" content=\"Tahmini okuma s\u00fcresi\" \/>\n\t<meta name=\"twitter:data2\" content=\"3 dakika\" \/>\n<script type=\"application\/ld+json\" class=\"yoast-schema-graph\">{\"@context\":\"https:\/\/schema.org\",\"@graph\":[{\"@type\":\"Article\",\"@id\":\"https:\/\/epochtimestr.com\/index.php\/etik-sadece-insan-icin-midir#article\",\"isPartOf\":{\"@id\":\"https:\/\/epochtimestr.com\/index.php\/etik-sadece-insan-icin-midir\"},\"author\":{\"name\":\"Ali Kekliktepe\",\"@id\":\"https:\/\/epochtimestr.com\/#\/schema\/person\/da94a416fed1aed029d0a47e85673b95\"},\"headline\":\"Etik Sadece \u0130nsan \u0130\u00e7in midir?\",\"datePublished\":\"2026-06-14T04:00:00+00:00\",\"dateModified\":\"2026-06-13T19:05:30+00:00\",\"mainEntityOfPage\":{\"@id\":\"https:\/\/epochtimestr.com\/index.php\/etik-sadece-insan-icin-midir\"},\"wordCount\":483,\"commentCount\":0,\"publisher\":{\"@id\":\"https:\/\/epochtimestr.com\/#organization\"},\"image\":{\"@id\":\"https:\/\/epochtimestr.com\/index.php\/etik-sadece-insan-icin-midir#primaryimage\"},\"thumbnailUrl\":\"https:\/\/epochtimestr.com\/wp-content\/uploads\/2011y\/Ali-Kekliktepe.jpg\",\"articleSection\":[\"K\u00f6\u015fe Yaz\u0131lar\u0131 Ali Kekliktepe\"],\"inLanguage\":\"tr\",\"potentialAction\":[{\"@type\":\"CommentAction\",\"name\":\"Comment\",\"target\":[\"https:\/\/epochtimestr.com\/index.php\/etik-sadece-insan-icin-midir#respond\"]}]},{\"@type\":\"WebPage\",\"@id\":\"https:\/\/epochtimestr.com\/index.php\/etik-sadece-insan-icin-midir\",\"url\":\"https:\/\/epochtimestr.com\/index.php\/etik-sadece-insan-icin-midir\",\"name\":\"Etik Sadece \u0130nsan \u0130\u00e7in midir? - The Epoch Times TR\",\"isPartOf\":{\"@id\":\"https:\/\/epochtimestr.com\/#website\"},\"primaryImageOfPage\":{\"@id\":\"https:\/\/epochtimestr.com\/index.php\/etik-sadece-insan-icin-midir#primaryimage\"},\"image\":{\"@id\":\"https:\/\/epochtimestr.com\/index.php\/etik-sadece-insan-icin-midir#primaryimage\"},\"thumbnailUrl\":\"https:\/\/epochtimestr.com\/wp-content\/uploads\/2011y\/Ali-Kekliktepe.jpg\",\"datePublished\":\"2026-06-14T04:00:00+00:00\",\"dateModified\":\"2026-06-13T19:05:30+00:00\",\"description\":\"Ge\u00e7ti\u011fimiz g\u00fcnlerde kar\u015f\u0131ma \u00e7\u0131kan bir s\u0131nav sorusu, \u00fczerine uzun uzun d\u00fc\u015f\u00fcn\u00fclmesi gereken bir toplumsal ger\u00e7e\u011fi \u00f6n\u00fcme serdi.\",\"inLanguage\":\"tr\",\"potentialAction\":[{\"@type\":\"ReadAction\",\"target\":[\"https:\/\/epochtimestr.com\/index.php\/etik-sadece-insan-icin-midir\"]}]},{\"@type\":\"ImageObject\",\"inLanguage\":\"tr\",\"@id\":\"https:\/\/epochtimestr.com\/index.php\/etik-sadece-insan-icin-midir#primaryimage\",\"url\":\"https:\/\/epochtimestr.com\/wp-content\/uploads\/2011y\/Ali-Kekliktepe.jpg\",\"contentUrl\":\"https:\/\/epochtimestr.com\/wp-content\/uploads\/2011y\/Ali-Kekliktepe.jpg\",\"width\":600,\"height\":600},{\"@type\":\"WebSite\",\"@id\":\"https:\/\/epochtimestr.com\/#website\",\"url\":\"https:\/\/epochtimestr.com\/\",\"name\":\"The Epoch Times TR\",\"description\":\"De\u011fi\u015fen D\u00fcnyam\u0131za Taze Bir Bak\u0131\u015f\",\"publisher\":{\"@id\":\"https:\/\/epochtimestr.com\/#organization\"},\"potentialAction\":[{\"@type\":\"SearchAction\",\"target\":{\"@type\":\"EntryPoint\",\"urlTemplate\":\"https:\/\/epochtimestr.com\/?s={search_term_string}\"},\"query-input\":\"required name=search_term_string\"}],\"inLanguage\":\"tr\"},{\"@type\":\"Organization\",\"@id\":\"https:\/\/epochtimestr.com\/#organization\",\"name\":\"The EpochTimes T\u00fcrkiye\",\"url\":\"https:\/\/epochtimestr.com\/\",\"logo\":{\"@type\":\"ImageObject\",\"inLanguage\":\"tr\",\"@id\":\"https:\/\/epochtimestr.com\/#\/schema\/logo\/image\/\",\"url\":\"https:\/\/epochtimestr.com\/wp-content\/uploads\/2011y\/ET-Logo-YG.jpg\",\"contentUrl\":\"https:\/\/epochtimestr.com\/wp-content\/uploads\/2011y\/ET-Logo-YG.jpg\",\"width\":346,\"height\":29,\"caption\":\"The EpochTimes T\u00fcrkiye\"},\"image\":{\"@id\":\"https:\/\/epochtimestr.com\/#\/schema\/logo\/image\/\"},\"sameAs\":[\"https:\/\/www.facebook.com\/theepochtimestr\",\"https:\/\/x.com\/TheEpochTimesTR\",\"https:\/\/www.instagram.com\/epochtimestr\"]},{\"@type\":\"Person\",\"@id\":\"https:\/\/epochtimestr.com\/#\/schema\/person\/da94a416fed1aed029d0a47e85673b95\",\"name\":\"Ali Kekliktepe\",\"image\":{\"@type\":\"ImageObject\",\"inLanguage\":\"tr\",\"@id\":\"https:\/\/epochtimestr.com\/#\/schema\/person\/image\/\",\"url\":\"https:\/\/secure.gravatar.com\/avatar\/6c965c3fc374c8f4af759baef4f38bcd?s=96&d=mm&r=g\",\"contentUrl\":\"https:\/\/secure.gravatar.com\/avatar\/6c965c3fc374c8f4af759baef4f38bcd?s=96&d=mm&r=g\",\"caption\":\"Ali Kekliktepe\"},\"description\":\"Ben Ali Kekliktepe; hayat\u0131n\u0131 \u00f6\u011frenmeye, \u00f6\u011fretmeye ve toplumsal fayda yaratmaya adam\u0131\u015f bir yazar ve profesyonelim. Kalemi sadece ka\u011f\u0131da dokunan bir ara\u00e7 de\u011fil, toplumun aksayan y\u00f6nlerine \u015fifa olan bir enstr\u00fcman olarak g\u00f6r\u00fcyorum.\",\"sameAs\":[\"https:\/\/alikekliktepemersin33.blogspot.com\/\"],\"url\":\"https:\/\/epochtimestr.com\/index.php\/author\/ali\"}]}<\/script>\n<!-- \/ Yoast SEO plugin. -->","yoast_head_json":{"title":"Etik Sadece \u0130nsan \u0130\u00e7in midir? - The Epoch Times TR","description":"Ge\u00e7ti\u011fimiz g\u00fcnlerde kar\u015f\u0131ma \u00e7\u0131kan bir s\u0131nav sorusu, \u00fczerine uzun uzun d\u00fc\u015f\u00fcn\u00fclmesi gereken bir toplumsal ger\u00e7e\u011fi \u00f6n\u00fcme serdi.","robots":{"index":"index","follow":"follow","max-snippet":"max-snippet:-1","max-image-preview":"max-image-preview:large","max-video-preview":"max-video-preview:-1"},"canonical":"https:\/\/epochtimestr.com\/index.php\/etik-sadece-insan-icin-midir","og_locale":"tr_TR","og_type":"article","og_title":"Etik Sadece \u0130nsan \u0130\u00e7in midir? - The Epoch Times TR","og_description":"Ge\u00e7ti\u011fimiz g\u00fcnlerde kar\u015f\u0131ma \u00e7\u0131kan bir s\u0131nav sorusu, \u00fczerine uzun uzun d\u00fc\u015f\u00fcn\u00fclmesi gereken bir toplumsal ger\u00e7e\u011fi \u00f6n\u00fcme serdi.","og_url":"https:\/\/epochtimestr.com\/index.php\/etik-sadece-insan-icin-midir","og_site_name":"The Epoch Times TR","article_publisher":"https:\/\/www.facebook.com\/theepochtimestr","article_published_time":"2026-06-14T04:00:00+00:00","article_modified_time":"2026-06-13T19:05:30+00:00","og_image":[{"width":1200,"height":630,"url":"https:\/\/epochtimestr.com\/wp-content\/uploads\/2011y\/ali-kekliktepe-SM.jpeg","type":"image\/jpeg"}],"author":"Ali Kekliktepe","twitter_card":"summary_large_image","twitter_creator":"@TheEpochTimesTR","twitter_site":"@TheEpochTimesTR","twitter_misc":{"Yazan:":"Ali Kekliktepe","Tahmini okuma s\u00fcresi":"3 dakika"},"schema":{"@context":"https:\/\/schema.org","@graph":[{"@type":"Article","@id":"https:\/\/epochtimestr.com\/index.php\/etik-sadece-insan-icin-midir#article","isPartOf":{"@id":"https:\/\/epochtimestr.com\/index.php\/etik-sadece-insan-icin-midir"},"author":{"name":"Ali Kekliktepe","@id":"https:\/\/epochtimestr.com\/#\/schema\/person\/da94a416fed1aed029d0a47e85673b95"},"headline":"Etik Sadece \u0130nsan \u0130\u00e7in midir?","datePublished":"2026-06-14T04:00:00+00:00","dateModified":"2026-06-13T19:05:30+00:00","mainEntityOfPage":{"@id":"https:\/\/epochtimestr.com\/index.php\/etik-sadece-insan-icin-midir"},"wordCount":483,"commentCount":0,"publisher":{"@id":"https:\/\/epochtimestr.com\/#organization"},"image":{"@id":"https:\/\/epochtimestr.com\/index.php\/etik-sadece-insan-icin-midir#primaryimage"},"thumbnailUrl":"https:\/\/epochtimestr.com\/wp-content\/uploads\/2011y\/Ali-Kekliktepe.jpg","articleSection":["K\u00f6\u015fe Yaz\u0131lar\u0131 Ali Kekliktepe"],"inLanguage":"tr","potentialAction":[{"@type":"CommentAction","name":"Comment","target":["https:\/\/epochtimestr.com\/index.php\/etik-sadece-insan-icin-midir#respond"]}]},{"@type":"WebPage","@id":"https:\/\/epochtimestr.com\/index.php\/etik-sadece-insan-icin-midir","url":"https:\/\/epochtimestr.com\/index.php\/etik-sadece-insan-icin-midir","name":"Etik Sadece \u0130nsan \u0130\u00e7in midir? - The Epoch Times TR","isPartOf":{"@id":"https:\/\/epochtimestr.com\/#website"},"primaryImageOfPage":{"@id":"https:\/\/epochtimestr.com\/index.php\/etik-sadece-insan-icin-midir#primaryimage"},"image":{"@id":"https:\/\/epochtimestr.com\/index.php\/etik-sadece-insan-icin-midir#primaryimage"},"thumbnailUrl":"https:\/\/epochtimestr.com\/wp-content\/uploads\/2011y\/Ali-Kekliktepe.jpg","datePublished":"2026-06-14T04:00:00+00:00","dateModified":"2026-06-13T19:05:30+00:00","description":"Ge\u00e7ti\u011fimiz g\u00fcnlerde kar\u015f\u0131ma \u00e7\u0131kan bir s\u0131nav sorusu, \u00fczerine uzun uzun d\u00fc\u015f\u00fcn\u00fclmesi gereken bir toplumsal ger\u00e7e\u011fi \u00f6n\u00fcme serdi.","inLanguage":"tr","potentialAction":[{"@type":"ReadAction","target":["https:\/\/epochtimestr.com\/index.php\/etik-sadece-insan-icin-midir"]}]},{"@type":"ImageObject","inLanguage":"tr","@id":"https:\/\/epochtimestr.com\/index.php\/etik-sadece-insan-icin-midir#primaryimage","url":"https:\/\/epochtimestr.com\/wp-content\/uploads\/2011y\/Ali-Kekliktepe.jpg","contentUrl":"https:\/\/epochtimestr.com\/wp-content\/uploads\/2011y\/Ali-Kekliktepe.jpg","width":600,"height":600},{"@type":"WebSite","@id":"https:\/\/epochtimestr.com\/#website","url":"https:\/\/epochtimestr.com\/","name":"The Epoch Times TR","description":"De\u011fi\u015fen D\u00fcnyam\u0131za Taze Bir Bak\u0131\u015f","publisher":{"@id":"https:\/\/epochtimestr.com\/#organization"},"potentialAction":[{"@type":"SearchAction","target":{"@type":"EntryPoint","urlTemplate":"https:\/\/epochtimestr.com\/?s={search_term_string}"},"query-input":"required name=search_term_string"}],"inLanguage":"tr"},{"@type":"Organization","@id":"https:\/\/epochtimestr.com\/#organization","name":"The EpochTimes T\u00fcrkiye","url":"https:\/\/epochtimestr.com\/","logo":{"@type":"ImageObject","inLanguage":"tr","@id":"https:\/\/epochtimestr.com\/#\/schema\/logo\/image\/","url":"https:\/\/epochtimestr.com\/wp-content\/uploads\/2011y\/ET-Logo-YG.jpg","contentUrl":"https:\/\/epochtimestr.com\/wp-content\/uploads\/2011y\/ET-Logo-YG.jpg","width":346,"height":29,"caption":"The EpochTimes T\u00fcrkiye"},"image":{"@id":"https:\/\/epochtimestr.com\/#\/schema\/logo\/image\/"},"sameAs":["https:\/\/www.facebook.com\/theepochtimestr","https:\/\/x.com\/TheEpochTimesTR","https:\/\/www.instagram.com\/epochtimestr"]},{"@type":"Person","@id":"https:\/\/epochtimestr.com\/#\/schema\/person\/da94a416fed1aed029d0a47e85673b95","name":"Ali Kekliktepe","image":{"@type":"ImageObject","inLanguage":"tr","@id":"https:\/\/epochtimestr.com\/#\/schema\/person\/image\/","url":"https:\/\/secure.gravatar.com\/avatar\/6c965c3fc374c8f4af759baef4f38bcd?s=96&d=mm&r=g","contentUrl":"https:\/\/secure.gravatar.com\/avatar\/6c965c3fc374c8f4af759baef4f38bcd?s=96&d=mm&r=g","caption":"Ali Kekliktepe"},"description":"Ben Ali Kekliktepe; hayat\u0131n\u0131 \u00f6\u011frenmeye, \u00f6\u011fretmeye ve toplumsal fayda yaratmaya adam\u0131\u015f bir yazar ve profesyonelim. Kalemi sadece ka\u011f\u0131da dokunan bir ara\u00e7 de\u011fil, toplumun aksayan y\u00f6nlerine \u015fifa olan bir enstr\u00fcman olarak g\u00f6r\u00fcyorum.","sameAs":["https:\/\/alikekliktepemersin33.blogspot.com\/"],"url":"https:\/\/epochtimestr.com\/index.php\/author\/ali"}]}},"_links":{"self":[{"href":"https:\/\/epochtimestr.com\/index.php\/wp-json\/wp\/v2\/posts\/167825"}],"collection":[{"href":"https:\/\/epochtimestr.com\/index.php\/wp-json\/wp\/v2\/posts"}],"about":[{"href":"https:\/\/epochtimestr.com\/index.php\/wp-json\/wp\/v2\/types\/post"}],"author":[{"embeddable":true,"href":"https:\/\/epochtimestr.com\/index.php\/wp-json\/wp\/v2\/users\/14013"}],"replies":[{"embeddable":true,"href":"https:\/\/epochtimestr.com\/index.php\/wp-json\/wp\/v2\/comments?post=167825"}],"version-history":[{"count":1,"href":"https:\/\/epochtimestr.com\/index.php\/wp-json\/wp\/v2\/posts\/167825\/revisions"}],"predecessor-version":[{"id":167826,"href":"https:\/\/epochtimestr.com\/index.php\/wp-json\/wp\/v2\/posts\/167825\/revisions\/167826"}],"wp:featuredmedia":[{"embeddable":true,"href":"https:\/\/epochtimestr.com\/index.php\/wp-json\/wp\/v2\/media\/167144"}],"wp:attachment":[{"href":"https:\/\/epochtimestr.com\/index.php\/wp-json\/wp\/v2\/media?parent=167825"}],"wp:term":[{"taxonomy":"category","embeddable":true,"href":"https:\/\/epochtimestr.com\/index.php\/wp-json\/wp\/v2\/categories?post=167825"},{"taxonomy":"post_tag","embeddable":true,"href":"https:\/\/epochtimestr.com\/index.php\/wp-json\/wp\/v2\/tags?post=167825"}],"curies":[{"name":"wp","href":"https:\/\/api.w.org\/{rel}","templated":true}]}}