{"id":167827,"date":"2026-06-14T08:00:00","date_gmt":"2026-06-14T05:00:00","guid":{"rendered":"https:\/\/epochtimestr.com\/?p=167827"},"modified":"2026-06-13T22:26:04","modified_gmt":"2026-06-13T19:26:04","slug":"haziranda-yasamak-zor","status":"publish","type":"post","link":"https:\/\/epochtimestr.com\/index.php\/haziranda-yasamak-zor","title":{"rendered":"Haziran\u2019da Ya\u015famak Zor"},"content":{"rendered":"\n<p>\u0130\u015fte yine bir haziran mevsimi daha\u2026 Y\u0131lda bir kez olur bu, d\u00fcnyan\u0131n May\u0131s\u2019ta ye\u015ferip, g\u00f6k maviye d\u00f6nen damar\u0131 Haziran\u2019da laciverte bulan\u0131r. Eriyen kar sular\u0131 ovalara, topra\u011fa, ekinlere can katar. Her y\u0131l tekrarlanmas\u0131na ra\u011fmen Haziran\u2019\u0131 kan\u0131ksayamay\u0131z. Her Haziran ba\u015fka bir heyecanla gelir ama heybesinde h\u00fcz\u00fcn de gizlidir. Haziran, edebiyat d\u00fcnyam\u0131z\u0131n \u00f6nemli isimlerinin topra\u011fa s\u0131rland\u0131\u011f\u0131 mevsimdir \u00e7\u00fcnk\u00fc.<\/p>\n\n\n\n<p>\u201cHaziran\u2019da \u00d6lmek Zor\u201d bunu \u00e7ok\u00e7a duymu\u015fsunuzdur. Merhum \u015fair Hasan H\u00fcseyin Korkmazgil, Orhan Kemal\u2019e at\u0131fla yazd\u0131\u011f\u0131 bu \u00fcnl\u00fc \u015fiirinde, yine Haziran\u2019da g\u00f6\u00e7en bir ba\u015fka dostunu, Naz\u0131m Hikmet\u2019i de y\u00e2d eder. Bu \u015fiirden yakla\u015f\u0131k yirmi y\u0131l sonra bir ba\u015fka \u015fiir \u00e7\u0131nar\u0131m\u0131z olan Ahmed Arif de, yine Orhan Kemal gibi 2 Haziran\u2019da d\u00fcnyaya g\u00f6zlerini yumar. O g\u00fcnden beridir \u201cHaziran\u2019da \u00d6lmek Zor\u201d ifadesi bu \u00fc\u00e7 b\u00fcy\u00fck edebiyat adam\u0131n\u0131 (Naz\u0131m Hikmet, Orhan Kemal, Ahmed Arif) anmak i\u00e7in s\u0131k\u00e7a kullan\u0131l\u0131r.<\/p>\n\n\n\n<p>Benim Haziran takvimimde bunlara ek olarak ba\u015fka isimler de var, Cahit Zarifo\u011flu, Abdurrahim Karako\u00e7 ve Mevl\u00e2n\u00e2 \u0130dris Zengin\u2026<\/p>\n\n\n\n<p>Benim \u015fiir d\u00fcnyam\u0131n kutup y\u0131ld\u0131zlar\u0131ndan olan bu \u00fc\u00e7 isim, ba\u015fta siyasal \/ ideolojik tercihleri olmak \u00fczere bir\u00e7ok sebeple yeterince g\u00fcndeme getirilmiyor, isimleri unutturulmaya \u00e7al\u0131\u015f\u0131l\u0131yor. Ben de tam da bu sebepten onlar\u0131 anmak, meydan yerinde tutmak istiyorum.<\/p>\n\n\n\n<p>\u2026<\/p>\n\n\n\n<p>Cahit Zarifo\u011flu, Abdurrahim Karako\u00e7, Mevl\u00e2n\u00e2 \u0130dris Zengin\u2026<\/p>\n\n\n\n<p>\u00dc\u00e7\u00fc de dostumdu, \u00fc\u00e7\u00fc de harikulade karakterlerdi, \u00fc\u00e7\u00fc de edebiyat d\u00fcnyam\u0131za damgas\u0131n\u0131 vuran muhte\u015fem \u015fairlerdi, \u00fc\u00e7\u00fc de Kahramanmara\u015fl\u0131yd\u0131, \u00fc\u00e7\u00fc de 7 Haziran g\u00fcn\u00fc \u00e2lem-i cemale g\u00f6\u00e7t\u00fcler.<\/p>\n\n\n\n<p>\u2026<\/p>\n\n\n\n<p>\u00dcniversite y\u0131llar\u0131mdan arkada\u015f\u0131m olan Mevl\u00e2n\u00e2 \u0130dris Zengin\u2019in vefat haberini al\u0131nca \u015funlar\u0131 yazm\u0131\u015f\u0131m:<\/p>\n\n\n\n<p><em>\u201cBu sabah \u015faka\u011f\u0131mda bir mermi patlad\u0131, bu sabah g\u00f6\u011f\u00fcm\u00fcn en parlak y\u0131ld\u0131z\u0131 kayd\u0131&#8230;<\/em><em><\/em><\/p>\n\n\n\n<p><em>O benden bir ya\u015f b\u00fcy\u00fckt\u00fc ama hep onu karde\u015fim san\u0131rd\u0131m. \u00c7op\u00e7ocuk bir y\u00fcre\u011fi vard\u0131. Ben yery\u00fcz\u00fcnde b\u00f6yle temiz adam \u00e7ok az g\u00f6rd\u00fcm. Bir kelebe\u011fin kanatlar\u0131ndan daha hassas bir kalbi vard\u0131. Ad\u0131na ve \u015fiirlerine hayrand\u0131m.<\/em><em><\/em><\/p>\n\n\n\n<p><em>Seksenli y\u0131llarda o Aksaray-Fatih aras\u0131nda bir evde kal\u0131rd\u0131. Ben o eve yak\u0131n bir yurtta, Siirt \u00d6\u011frenci yurdunda. O \u0130stanbul Hukuk&#8217;ta okurdu, ben Marmara Kamu&#8217;da. Hen\u00fcz o ya\u015flarda, hen\u00fcz yirmisini bulmadan kendini \u015fair olarak kabul ettirmi\u015fti piyasaya. Bir \u015fiir halesi olu\u015fmu\u015ftu \u00e7evresinde kendili\u011finden. Mona Rosa&#8217;y\u0131 \u00f6yle g\u00fczel okurdu ki, dinlemeliydiniz. <\/em><em><\/em><\/p>\n\n\n\n<p><em>Son g\u00f6r\u00fc\u015fmemiz Mara\u015f&#8217;ta bir k\u00fclt\u00fcr etkinli\u011finde olmu\u015ftu. Sanki d\u00fcnyay\u0131 daha iyice anlam\u0131\u015f bir s\u00fckunet vard\u0131 halinde, daha bir b\u00fcy\u00fcm\u00fc\u015ft\u00fc. <\/em><em><\/em><\/p>\n\n\n\n<p><em>&#8230;<\/em><em><\/em><\/p>\n\n\n\n<p><em>Alan als\u0131n, satan sats\u0131n bana ne, bu sabah d\u00fcnya \u00e7ok de\u011fer kaybetti.<\/em><em><\/em><\/p>\n\n\n\n<p><em>\u2026<\/em><em><\/em><\/p>\n\n\n\n<p>Abdurrahim Karako\u00e7 bana \u015fiiri sevdiren ilk ustalar\u0131mdand\u0131. Dilimizin g\u00fcndelik kelimeleriyle nas\u0131l s\u0131ra d\u0131\u015f\u0131 imajlar \u00f6r\u00fclebildi\u011fini, nas\u0131l orijinal mazmunlar \u00fcretilebilece\u011fini onda g\u00f6rm\u00fc\u015ft\u00fcm. Yunus gibi dervi\u015f me\u015frep, Karacao\u011flan gibi yan\u0131k y\u00fcrekli, K\u00f6ro\u011flu gibi haks\u0131zl\u0131\u011fa kar\u015f\u0131, serdenge\u00e7ti biriydi. Zaman i\u00e7inde bir\u00e7ok \u015fiir \u015f\u00f6leninde ayn\u0131 k\u00fcrs\u00fcden \u015fiirler okuduk. Ba\u015f ba\u015fa sohbetlerinizde o \u00f6fkeli, kab\u0131na s\u0131\u011fmaz, h\u0131r\u00e7\u0131n, kavgac\u0131 hicivleri yazan adam\u0131n, nas\u0131l melek bir kalbi oldu\u011funu hemen g\u00f6r\u00fcrd\u00fcn\u00fcz. G\u00fczel insan kavram\u0131n\u0131n s\u00f6zl\u00fc\u011f\u00fcmdeki kar\u015f\u0131l\u0131\u011f\u0131 odur.<\/p>\n\n\n\n<p>\u2026<\/p>\n\n\n\n<p>Cahit Zarifo\u011flu g\u00fcn\u00fcm\u00fcz tabiriyle <em>m\u00fcthi\u015f bir fenomendi<\/em> benim i\u00e7in, s\u0131k\u0131 hayran\u0131yd\u0131m. Yedi g\u00fczel adam\u0131n en fiyakal\u0131s\u0131yd\u0131. \u00c7ok yak\u0131\u015f\u0131kl\u0131yd\u0131, pilottu, Almancas\u0131 m\u00fckemmeldi, Avrupa\u2019y\u0131 ba\u015ftan sona otostopla gezmi\u015fti\u2026 \u015eair Ece Ayhan onun i\u00e7in, \u201cT\u00fcrk \u015fiirinde ke\u015ffedilmemi\u015f bir ada\u201d diyordu. Onu \u00e7ok do\u011fru tan\u0131mlayan bu tabir g\u00fcn\u00fcm\u00fczde de ge\u00e7erli\u2026<\/p>\n\n\n\n<p>T\u00fcrk dili ne kadar g\u00fczel kullan\u0131labilirmi\u015f, nerelere a\u00e7\u0131mlanabilirmi\u015f onu okuyunca anlars\u0131n\u0131z.<\/p>\n\n\n\n<p>\u2026<\/p>\n\n\n\n<p>1987 y\u0131l\u0131, \u00fcniversite ikinci s\u0131n\u0131f\u2026 \u201c<em>Cahit a\u011fabey Cerrahpa\u015fa\u2019da yat\u0131yormu\u015f, bir ziyaretine gidelim moral olur,\u201d <\/em>diyoruz arkada\u015flarla<em>. <\/em>Kald\u0131\u011f\u0131m\u0131z yurt Kocamustafapa\u015fa\u2019da, Cerrahpa\u015fa iki ad\u0131m yer. Gidece\u011fiz gitmesine de,<em> \u201cO klas \u015fair bize b\u00f6yle g\u00f6r\u00fcnmek ister mi, biz onu \u00f6yle g\u00f6rmek ister miyiz? Hem s\u0131navlar var, biraz d\u00fczelsin, toplas\u0131n kendini, biz de s\u0131navlar\u0131 atlatal\u0131m, \u00f6yle gidelim.\u201d <\/em>diyerek oyal\u0131yoruz kendimizi.<\/p>\n\n\n\n<p>S\u0131navlar bitmek \u00fczere\u2026 7 Haziran sabah\u0131 gazetede vefat haberini g\u00f6r\u00fcyorum, ellerim titriyor, g\u00f6zlerim karar\u0131yor, yere kapaklan\u0131yorum.<\/p>\n\n\n\n<p>Hi\u00e7 bir araya gelemedik onunla, ama hi\u00e7 ayr\u0131lmad\u0131k da. O benim hayalimdi, dostumdu d\u00fcnya g\u00f6z\u00fcyle g\u00f6remesem de\u2026 <em>G\u00f6ky\u00fcz\u00fcne bakmayanlar\u0131n kalbi daha \u00e7ok kirlenir <\/em>demi\u015fti bir \u015fiirinde, g\u00f6ky\u00fcz\u00fcne bak\u0131p onu d\u00fc\u015f\u00fcn\u00fcyorum. Ayn\u0131 g\u00f6ky\u00fcz\u00fc m\u00fcyd\u00fc alt\u0131nda ya\u015fad\u0131\u011f\u0131m\u0131z?<\/p>\n\n\n\n<p>Bizi dost yapan bir g\u00f6ky\u00fcz\u00fcnden fazlas\u0131yd\u0131.<\/p>\n\n\n\n<p>\u2026<\/p>\n\n\n\n<p><em>An\u0131lar defterinde g\u00fcl yapra\u011f\u0131<br \/>Gibi unutuldum kurudum<\/em><\/p>\n\n\n\n<p>diyordu bir \u015fiirinde de, \u00f6yle olmas\u0131n diye yazd\u0131m b\u00fct\u00fcn bunlar\u0131.<\/p>\n\n\n\n<p>Bu \u00fc\u00e7 g\u00fczel adam, Cahit Zarifo\u011flu, Abdurrahim Karako\u00e7, Mevl\u00e2n\u00e2 \u0130dris Zengin unutulmas\u0131n, kurumas\u0131n diye.<\/p>\n\n\n\n<p>O g\u00fczel insanlar g\u00fczel atlara binip gittiler, benim s\u0131navlar\u0131m devam ediyor.<\/p>\n\n\n\n<p>Ve onlars\u0131z bir d\u00fcnyada, Haziran\u2019da ya\u015famak zor\u2026<\/p>\n","protected":false},"excerpt":{"rendered":"<p>\u0130\u015fte yine bir haziran mevsimi daha\u2026 Y\u0131lda bir kez olur bu, d\u00fcnyan\u0131n May\u0131s\u2019ta ye\u015ferip, g\u00f6k maviye d\u00f6nen damar\u0131 Haziran\u2019da laciverte bulan\u0131r. Eriyen kar sular\u0131 ovalara, topra\u011fa, ekinlere can katar. Her y\u0131l tekrarlanmas\u0131na ra\u011fmen Haziran\u2019\u0131 kan\u0131ksayamay\u0131z. Her Haziran ba\u015fka bir heyecanla gelir ama heybesinde h\u00fcz\u00fcn de gizlidir. Haziran, edebiyat d\u00fcnyam\u0131z\u0131n \u00f6nemli isimlerinin topra\u011fa s\u0131rland\u0131\u011f\u0131 mevsimdir \u00e7\u00fcnk\u00fc. [&hellip;]<\/p>\n","protected":false},"author":14002,"featured_media":161248,"comment_status":"open","ping_status":"open","sticky":false,"template":"","format":"standard","meta":{"_yoast_wpseo_focuskw":"haziran","_yoast_wpseo_title":"","_yoast_wpseo_metadesc":"\u0130\u015fte yine bir haziran mevsimi daha\u2026 Y\u0131lda bir kez olur bu, d\u00fcnyan\u0131n May\u0131s\u2019ta ye\u015ferip, g\u00f6k maviye d\u00f6nen damar\u0131 Haziran\u2019da laciverte bulan\u0131r.","_bbp_topic_count":0,"_bbp_reply_count":0,"_bbp_total_topic_count":0,"_bbp_total_reply_count":0,"_bbp_voice_count":0,"_bbp_anonymous_reply_count":0,"_bbp_topic_count_hidden":0,"_bbp_reply_count_hidden":0,"_bbp_forum_subforum_count":0,"footnotes":"","_yoast_wpseo_focuskw_text_input":""},"categories":[9240],"tags":[],"yoast_head":"<!-- This site is optimized with the Yoast SEO plugin v23.0 - https:\/\/yoast.com\/wordpress\/plugins\/seo\/ -->\n<title>Haziran\u2019da Ya\u015famak Zor - The Epoch Times TR<\/title>\n<meta name=\"description\" content=\"\u0130\u015fte yine bir haziran mevsimi daha\u2026 Y\u0131lda bir kez olur bu, d\u00fcnyan\u0131n May\u0131s\u2019ta ye\u015ferip, g\u00f6k maviye d\u00f6nen damar\u0131 Haziran\u2019da laciverte bulan\u0131r.\" \/>\n<meta name=\"robots\" content=\"index, follow, max-snippet:-1, max-image-preview:large, max-video-preview:-1\" \/>\n<link rel=\"canonical\" href=\"https:\/\/epochtimestr.com\/index.php\/haziranda-yasamak-zor\" \/>\n<meta property=\"og:locale\" content=\"tr_TR\" \/>\n<meta property=\"og:type\" content=\"article\" \/>\n<meta property=\"og:title\" content=\"Haziran\u2019da Ya\u015famak Zor - The Epoch Times TR\" \/>\n<meta property=\"og:description\" content=\"\u0130\u015fte yine bir haziran mevsimi daha\u2026 Y\u0131lda bir kez olur bu, d\u00fcnyan\u0131n May\u0131s\u2019ta ye\u015ferip, g\u00f6k maviye d\u00f6nen damar\u0131 Haziran\u2019da laciverte bulan\u0131r.\" \/>\n<meta property=\"og:url\" content=\"https:\/\/epochtimestr.com\/index.php\/haziranda-yasamak-zor\" \/>\n<meta property=\"og:site_name\" content=\"The Epoch Times TR\" \/>\n<meta property=\"article:publisher\" content=\"https:\/\/www.facebook.com\/theepochtimestr\" \/>\n<meta property=\"article:published_time\" content=\"2026-06-14T05:00:00+00:00\" \/>\n<meta property=\"article:modified_time\" content=\"2026-06-13T19:26:04+00:00\" \/>\n<meta property=\"og:image\" content=\"https:\/\/epochtimestr.com\/wp-content\/uploads\/2011y\/Omer-Karayilan-SM-2.jpg\" \/>\n\t<meta property=\"og:image:width\" content=\"1200\" \/>\n\t<meta property=\"og:image:height\" content=\"630\" \/>\n\t<meta property=\"og:image:type\" content=\"image\/jpeg\" \/>\n<meta name=\"author\" content=\"\u00d6mer Karay\u0131lan\" \/>\n<meta name=\"twitter:card\" content=\"summary_large_image\" \/>\n<meta name=\"twitter:creator\" content=\"@TheEpochTimesTR\" \/>\n<meta name=\"twitter:site\" content=\"@TheEpochTimesTR\" \/>\n<meta name=\"twitter:label1\" content=\"Yazan:\" \/>\n\t<meta name=\"twitter:data1\" content=\"\u00d6mer Karay\u0131lan\" \/>\n\t<meta name=\"twitter:label2\" content=\"Tahmini okuma s\u00fcresi\" \/>\n\t<meta name=\"twitter:data2\" content=\"5 dakika\" \/>\n<script type=\"application\/ld+json\" class=\"yoast-schema-graph\">{\"@context\":\"https:\/\/schema.org\",\"@graph\":[{\"@type\":\"Article\",\"@id\":\"https:\/\/epochtimestr.com\/index.php\/haziranda-yasamak-zor#article\",\"isPartOf\":{\"@id\":\"https:\/\/epochtimestr.com\/index.php\/haziranda-yasamak-zor\"},\"author\":{\"name\":\"\u00d6mer Karay\u0131lan\",\"@id\":\"https:\/\/epochtimestr.com\/#\/schema\/person\/ee101079be4d8fb9fb88cca6784e219b\"},\"headline\":\"Haziran\u2019da Ya\u015famak Zor\",\"datePublished\":\"2026-06-14T05:00:00+00:00\",\"dateModified\":\"2026-06-13T19:26:04+00:00\",\"mainEntityOfPage\":{\"@id\":\"https:\/\/epochtimestr.com\/index.php\/haziranda-yasamak-zor\"},\"wordCount\":925,\"commentCount\":0,\"publisher\":{\"@id\":\"https:\/\/epochtimestr.com\/#organization\"},\"image\":{\"@id\":\"https:\/\/epochtimestr.com\/index.php\/haziranda-yasamak-zor#primaryimage\"},\"thumbnailUrl\":\"https:\/\/epochtimestr.com\/wp-content\/uploads\/2011y\/Karayilan-Profil.png\",\"articleSection\":[\"K\u00f6\u015fe Yaz\u0131lar\u0131 \u00d6mer Karay\u0131lan\"],\"inLanguage\":\"tr\",\"potentialAction\":[{\"@type\":\"CommentAction\",\"name\":\"Comment\",\"target\":[\"https:\/\/epochtimestr.com\/index.php\/haziranda-yasamak-zor#respond\"]}]},{\"@type\":\"WebPage\",\"@id\":\"https:\/\/epochtimestr.com\/index.php\/haziranda-yasamak-zor\",\"url\":\"https:\/\/epochtimestr.com\/index.php\/haziranda-yasamak-zor\",\"name\":\"Haziran\u2019da Ya\u015famak Zor - The Epoch Times TR\",\"isPartOf\":{\"@id\":\"https:\/\/epochtimestr.com\/#website\"},\"primaryImageOfPage\":{\"@id\":\"https:\/\/epochtimestr.com\/index.php\/haziranda-yasamak-zor#primaryimage\"},\"image\":{\"@id\":\"https:\/\/epochtimestr.com\/index.php\/haziranda-yasamak-zor#primaryimage\"},\"thumbnailUrl\":\"https:\/\/epochtimestr.com\/wp-content\/uploads\/2011y\/Karayilan-Profil.png\",\"datePublished\":\"2026-06-14T05:00:00+00:00\",\"dateModified\":\"2026-06-13T19:26:04+00:00\",\"description\":\"\u0130\u015fte yine bir haziran mevsimi daha\u2026 Y\u0131lda bir kez olur bu, d\u00fcnyan\u0131n May\u0131s\u2019ta ye\u015ferip, g\u00f6k maviye d\u00f6nen damar\u0131 Haziran\u2019da laciverte bulan\u0131r.\",\"inLanguage\":\"tr\",\"potentialAction\":[{\"@type\":\"ReadAction\",\"target\":[\"https:\/\/epochtimestr.com\/index.php\/haziranda-yasamak-zor\"]}]},{\"@type\":\"ImageObject\",\"inLanguage\":\"tr\",\"@id\":\"https:\/\/epochtimestr.com\/index.php\/haziranda-yasamak-zor#primaryimage\",\"url\":\"https:\/\/epochtimestr.com\/wp-content\/uploads\/2011y\/Karayilan-Profil.png\",\"contentUrl\":\"https:\/\/epochtimestr.com\/wp-content\/uploads\/2011y\/Karayilan-Profil.png\",\"width\":600,\"height\":600},{\"@type\":\"WebSite\",\"@id\":\"https:\/\/epochtimestr.com\/#website\",\"url\":\"https:\/\/epochtimestr.com\/\",\"name\":\"The Epoch Times TR\",\"description\":\"De\u011fi\u015fen D\u00fcnyam\u0131za Taze Bir Bak\u0131\u015f\",\"publisher\":{\"@id\":\"https:\/\/epochtimestr.com\/#organization\"},\"potentialAction\":[{\"@type\":\"SearchAction\",\"target\":{\"@type\":\"EntryPoint\",\"urlTemplate\":\"https:\/\/epochtimestr.com\/?s={search_term_string}\"},\"query-input\":\"required name=search_term_string\"}],\"inLanguage\":\"tr\"},{\"@type\":\"Organization\",\"@id\":\"https:\/\/epochtimestr.com\/#organization\",\"name\":\"The EpochTimes T\u00fcrkiye\",\"url\":\"https:\/\/epochtimestr.com\/\",\"logo\":{\"@type\":\"ImageObject\",\"inLanguage\":\"tr\",\"@id\":\"https:\/\/epochtimestr.com\/#\/schema\/logo\/image\/\",\"url\":\"https:\/\/epochtimestr.com\/wp-content\/uploads\/2011y\/ET-Logo-YG.jpg\",\"contentUrl\":\"https:\/\/epochtimestr.com\/wp-content\/uploads\/2011y\/ET-Logo-YG.jpg\",\"width\":346,\"height\":29,\"caption\":\"The EpochTimes T\u00fcrkiye\"},\"image\":{\"@id\":\"https:\/\/epochtimestr.com\/#\/schema\/logo\/image\/\"},\"sameAs\":[\"https:\/\/www.facebook.com\/theepochtimestr\",\"https:\/\/x.com\/TheEpochTimesTR\",\"https:\/\/www.instagram.com\/epochtimestr\"]},{\"@type\":\"Person\",\"@id\":\"https:\/\/epochtimestr.com\/#\/schema\/person\/ee101079be4d8fb9fb88cca6784e219b\",\"name\":\"\u00d6mer Karay\u0131lan\",\"image\":{\"@type\":\"ImageObject\",\"inLanguage\":\"tr\",\"@id\":\"https:\/\/epochtimestr.com\/#\/schema\/person\/image\/\",\"url\":\"https:\/\/secure.gravatar.com\/avatar\/23a8932f0189c3fe4c0e2731cb5eb5dd?s=96&d=mm&r=g\",\"contentUrl\":\"https:\/\/secure.gravatar.com\/avatar\/23a8932f0189c3fe4c0e2731cb5eb5dd?s=96&d=mm&r=g\",\"caption\":\"\u00d6mer Karay\u0131lan\"},\"url\":\"https:\/\/epochtimestr.com\/index.php\/author\/omer\"}]}<\/script>\n<!-- \/ Yoast SEO plugin. -->","yoast_head_json":{"title":"Haziran\u2019da Ya\u015famak Zor - The Epoch Times TR","description":"\u0130\u015fte yine bir haziran mevsimi daha\u2026 Y\u0131lda bir kez olur bu, d\u00fcnyan\u0131n May\u0131s\u2019ta ye\u015ferip, g\u00f6k maviye d\u00f6nen damar\u0131 Haziran\u2019da laciverte bulan\u0131r.","robots":{"index":"index","follow":"follow","max-snippet":"max-snippet:-1","max-image-preview":"max-image-preview:large","max-video-preview":"max-video-preview:-1"},"canonical":"https:\/\/epochtimestr.com\/index.php\/haziranda-yasamak-zor","og_locale":"tr_TR","og_type":"article","og_title":"Haziran\u2019da Ya\u015famak Zor - The Epoch Times TR","og_description":"\u0130\u015fte yine bir haziran mevsimi daha\u2026 Y\u0131lda bir kez olur bu, d\u00fcnyan\u0131n May\u0131s\u2019ta ye\u015ferip, g\u00f6k maviye d\u00f6nen damar\u0131 Haziran\u2019da laciverte bulan\u0131r.","og_url":"https:\/\/epochtimestr.com\/index.php\/haziranda-yasamak-zor","og_site_name":"The Epoch Times TR","article_publisher":"https:\/\/www.facebook.com\/theepochtimestr","article_published_time":"2026-06-14T05:00:00+00:00","article_modified_time":"2026-06-13T19:26:04+00:00","og_image":[{"width":1200,"height":630,"url":"https:\/\/epochtimestr.com\/wp-content\/uploads\/2011y\/Omer-Karayilan-SM-2.jpg","type":"image\/jpeg"}],"author":"\u00d6mer Karay\u0131lan","twitter_card":"summary_large_image","twitter_creator":"@TheEpochTimesTR","twitter_site":"@TheEpochTimesTR","twitter_misc":{"Yazan:":"\u00d6mer Karay\u0131lan","Tahmini okuma s\u00fcresi":"5 dakika"},"schema":{"@context":"https:\/\/schema.org","@graph":[{"@type":"Article","@id":"https:\/\/epochtimestr.com\/index.php\/haziranda-yasamak-zor#article","isPartOf":{"@id":"https:\/\/epochtimestr.com\/index.php\/haziranda-yasamak-zor"},"author":{"name":"\u00d6mer Karay\u0131lan","@id":"https:\/\/epochtimestr.com\/#\/schema\/person\/ee101079be4d8fb9fb88cca6784e219b"},"headline":"Haziran\u2019da Ya\u015famak Zor","datePublished":"2026-06-14T05:00:00+00:00","dateModified":"2026-06-13T19:26:04+00:00","mainEntityOfPage":{"@id":"https:\/\/epochtimestr.com\/index.php\/haziranda-yasamak-zor"},"wordCount":925,"commentCount":0,"publisher":{"@id":"https:\/\/epochtimestr.com\/#organization"},"image":{"@id":"https:\/\/epochtimestr.com\/index.php\/haziranda-yasamak-zor#primaryimage"},"thumbnailUrl":"https:\/\/epochtimestr.com\/wp-content\/uploads\/2011y\/Karayilan-Profil.png","articleSection":["K\u00f6\u015fe Yaz\u0131lar\u0131 \u00d6mer Karay\u0131lan"],"inLanguage":"tr","potentialAction":[{"@type":"CommentAction","name":"Comment","target":["https:\/\/epochtimestr.com\/index.php\/haziranda-yasamak-zor#respond"]}]},{"@type":"WebPage","@id":"https:\/\/epochtimestr.com\/index.php\/haziranda-yasamak-zor","url":"https:\/\/epochtimestr.com\/index.php\/haziranda-yasamak-zor","name":"Haziran\u2019da Ya\u015famak Zor - The Epoch Times TR","isPartOf":{"@id":"https:\/\/epochtimestr.com\/#website"},"primaryImageOfPage":{"@id":"https:\/\/epochtimestr.com\/index.php\/haziranda-yasamak-zor#primaryimage"},"image":{"@id":"https:\/\/epochtimestr.com\/index.php\/haziranda-yasamak-zor#primaryimage"},"thumbnailUrl":"https:\/\/epochtimestr.com\/wp-content\/uploads\/2011y\/Karayilan-Profil.png","datePublished":"2026-06-14T05:00:00+00:00","dateModified":"2026-06-13T19:26:04+00:00","description":"\u0130\u015fte yine bir haziran mevsimi daha\u2026 Y\u0131lda bir kez olur bu, d\u00fcnyan\u0131n May\u0131s\u2019ta ye\u015ferip, g\u00f6k maviye d\u00f6nen damar\u0131 Haziran\u2019da laciverte bulan\u0131r.","inLanguage":"tr","potentialAction":[{"@type":"ReadAction","target":["https:\/\/epochtimestr.com\/index.php\/haziranda-yasamak-zor"]}]},{"@type":"ImageObject","inLanguage":"tr","@id":"https:\/\/epochtimestr.com\/index.php\/haziranda-yasamak-zor#primaryimage","url":"https:\/\/epochtimestr.com\/wp-content\/uploads\/2011y\/Karayilan-Profil.png","contentUrl":"https:\/\/epochtimestr.com\/wp-content\/uploads\/2011y\/Karayilan-Profil.png","width":600,"height":600},{"@type":"WebSite","@id":"https:\/\/epochtimestr.com\/#website","url":"https:\/\/epochtimestr.com\/","name":"The Epoch Times TR","description":"De\u011fi\u015fen D\u00fcnyam\u0131za Taze Bir Bak\u0131\u015f","publisher":{"@id":"https:\/\/epochtimestr.com\/#organization"},"potentialAction":[{"@type":"SearchAction","target":{"@type":"EntryPoint","urlTemplate":"https:\/\/epochtimestr.com\/?s={search_term_string}"},"query-input":"required name=search_term_string"}],"inLanguage":"tr"},{"@type":"Organization","@id":"https:\/\/epochtimestr.com\/#organization","name":"The EpochTimes T\u00fcrkiye","url":"https:\/\/epochtimestr.com\/","logo":{"@type":"ImageObject","inLanguage":"tr","@id":"https:\/\/epochtimestr.com\/#\/schema\/logo\/image\/","url":"https:\/\/epochtimestr.com\/wp-content\/uploads\/2011y\/ET-Logo-YG.jpg","contentUrl":"https:\/\/epochtimestr.com\/wp-content\/uploads\/2011y\/ET-Logo-YG.jpg","width":346,"height":29,"caption":"The EpochTimes T\u00fcrkiye"},"image":{"@id":"https:\/\/epochtimestr.com\/#\/schema\/logo\/image\/"},"sameAs":["https:\/\/www.facebook.com\/theepochtimestr","https:\/\/x.com\/TheEpochTimesTR","https:\/\/www.instagram.com\/epochtimestr"]},{"@type":"Person","@id":"https:\/\/epochtimestr.com\/#\/schema\/person\/ee101079be4d8fb9fb88cca6784e219b","name":"\u00d6mer Karay\u0131lan","image":{"@type":"ImageObject","inLanguage":"tr","@id":"https:\/\/epochtimestr.com\/#\/schema\/person\/image\/","url":"https:\/\/secure.gravatar.com\/avatar\/23a8932f0189c3fe4c0e2731cb5eb5dd?s=96&d=mm&r=g","contentUrl":"https:\/\/secure.gravatar.com\/avatar\/23a8932f0189c3fe4c0e2731cb5eb5dd?s=96&d=mm&r=g","caption":"\u00d6mer Karay\u0131lan"},"url":"https:\/\/epochtimestr.com\/index.php\/author\/omer"}]}},"_links":{"self":[{"href":"https:\/\/epochtimestr.com\/index.php\/wp-json\/wp\/v2\/posts\/167827"}],"collection":[{"href":"https:\/\/epochtimestr.com\/index.php\/wp-json\/wp\/v2\/posts"}],"about":[{"href":"https:\/\/epochtimestr.com\/index.php\/wp-json\/wp\/v2\/types\/post"}],"author":[{"embeddable":true,"href":"https:\/\/epochtimestr.com\/index.php\/wp-json\/wp\/v2\/users\/14002"}],"replies":[{"embeddable":true,"href":"https:\/\/epochtimestr.com\/index.php\/wp-json\/wp\/v2\/comments?post=167827"}],"version-history":[{"count":2,"href":"https:\/\/epochtimestr.com\/index.php\/wp-json\/wp\/v2\/posts\/167827\/revisions"}],"predecessor-version":[{"id":167830,"href":"https:\/\/epochtimestr.com\/index.php\/wp-json\/wp\/v2\/posts\/167827\/revisions\/167830"}],"wp:featuredmedia":[{"embeddable":true,"href":"https:\/\/epochtimestr.com\/index.php\/wp-json\/wp\/v2\/media\/161248"}],"wp:attachment":[{"href":"https:\/\/epochtimestr.com\/index.php\/wp-json\/wp\/v2\/media?parent=167827"}],"wp:term":[{"taxonomy":"category","embeddable":true,"href":"https:\/\/epochtimestr.com\/index.php\/wp-json\/wp\/v2\/categories?post=167827"},{"taxonomy":"post_tag","embeddable":true,"href":"https:\/\/epochtimestr.com\/index.php\/wp-json\/wp\/v2\/tags?post=167827"}],"curies":[{"name":"wp","href":"https:\/\/api.w.org\/{rel}","templated":true}]}}