{"id":167845,"date":"2026-06-16T07:00:00","date_gmt":"2026-06-16T04:00:00","guid":{"rendered":"https:\/\/epochtimestr.com\/?p=167845"},"modified":"2026-06-15T22:27:37","modified_gmt":"2026-06-15T19:27:37","slug":"adalet-terazisinde-bir-aile-drami","status":"publish","type":"post","link":"https:\/\/epochtimestr.com\/index.php\/adalet-terazisinde-bir-aile-drami","title":{"rendered":"Adalet Terazisinde Bir Aile Dram\u0131"},"content":{"rendered":"\n<h2 class=\"wp-block-heading\">&#8220;Vasilik&#8221; Kalkan\u0131 ve Adaletin \u00c7\u0131\u011fl\u0131\u011f\u0131<\/h2>\n\n\n\n<p>Modern hukuk sistemimizde &#8220;vesayet&#8221; kurumu, k\u0131s\u0131tl\u0131 ki\u015filerin haklar\u0131n\u0131 korumak, onlar\u0131n ya\u015fam kalitesini g\u00fcvence alt\u0131na almak i\u00e7in tasarlanm\u0131\u015f kutsal bir kalkand\u0131r. Ancak g\u00fcn\u00fcm\u00fczde bu kalkan\u0131n, bazen bireysel \u00e7\u0131karlar, miras h\u0131rslar\u0131 ve aile i\u00e7i hesapla\u015fmalar i\u00e7in bir &#8220;k\u0131l\u0131\u00e7&#8221; gibi kullan\u0131ld\u0131\u011f\u0131na \u015fahit oluyoruz.<\/p>\n\n\n\n<p>Bir evlad\u0131n, kendi \u00f6z babas\u0131n\u0131 ve karde\u015fini &#8220;tehdit&#8221; gerek\u00e7esiyle \u015fik\u00e2yet etmesi, kolluk kuvvetlerini kap\u0131ya y\u0131\u011fmas\u0131 ve uzakla\u015ft\u0131rma kararlar\u0131yla aile ba\u011flar\u0131n\u0131 tamamen koparmas\u0131; \u00fczerine d\u00fc\u015f\u00fcn\u00fclmesi gereken derin bir yarad\u0131r.<\/p>\n\n\n\n<p><strong>\u0130ftiran\u0131n Hukuki Bask\u0131 Arac\u0131na D\u00f6n\u00fc\u015f\u00fcm\u00fc<\/strong><\/p>\n\n\n\n<p>Son d\u00f6nemde \u00f6zellikle miras \u00e7eki\u015fmeleri ve gayrimenkul payla\u015f\u0131m\u0131 gibi konularda, &#8220;aile i\u00e7i \u015fiddetle m\u00fccadele&#8221; yasalar\u0131m\u0131z\u0131n (6284 say\u0131l\u0131 kanun) bazen manip\u00fcle edildi\u011fini g\u00f6r\u00fcyoruz. Bir taraf, di\u011ferini evden uzakla\u015ft\u0131rmak veya mal varl\u0131\u011f\u0131 \u00fczerinde tek ba\u015f\u0131na s\u00f6z sahibi olmak i\u00e7in, hukukun sundu\u011fu koruyucu tedbirleri bir silah olarak kullanabiliyor. Ma\u011fdurun &#8220;\u015fiddet g\u00f6rmedim&#8221; diye ba\u011f\u0131rmas\u0131, vasinin &#8220;onun iyili\u011fi i\u00e7in yap\u0131yorum&#8221; \u015feklindeki so\u011fuk beyan\u0131 kar\u015f\u0131s\u0131nda \u00e7o\u011fu zaman \u00e7aresiz kal\u0131yor.<\/p>\n\n\n\n<p><strong>Adaletin &#8220;Sa\u011fduyusu&#8221;<\/strong><\/p>\n\n\n\n<p>Ancak t\u00fcm bu karma\u015fan\u0131n i\u00e7inde, adalet terazisi bazen bekledi\u011fimizden daha hassas \u00e7al\u0131\u015f\u0131yor. Bir k\u0131s\u0131tl\u0131n\u0131n, yani vasisi taraf\u0131ndan kontrol alt\u0131nda tutulan baban\u0131n, savc\u0131l\u0131k huzurunda &#8220;Ben \u015fiddet g\u00f6rmedim&#8221; diyebilmesi, sistemin i\u00e7indeki t\u00fcm kurgular\u0131 sarsmaya yetiyor. Bu beyan, sadece bir baba-o\u011ful ili\u015fkisini de\u011fil, vasinin \u00fczerindeki &#8220;koruyucu maskeyi&#8221; de d\u00fc\u015f\u00fcr\u00fcyor.<\/p>\n\n\n\n<p>Peki, bu s\u00fcre\u00e7te birey ne yapmal\u0131? \u0130ftiraya u\u011frad\u0131\u011f\u0131nda, uzakla\u015ft\u0131r\u0131ld\u0131\u011f\u0131nda, kendi evinden edildi\u011finde?<\/p>\n\n\n\n<p><strong>Hukuka S\u0131\u011f\u0131nmak:<\/strong> \u0130lk tepki duygusal olmamal\u0131. Kararlara itiraz etmek, s\u00fcreci avukatla y\u00f6netmek ve hukuki disiplinden kopmamak en b\u00fcy\u00fck g\u00fc\u00e7t\u00fcr.<\/p>\n\n\n\n<p><strong>Ger\u00e7ekleri Belgelemek:<\/strong> \u0130ftiray\u0131 \u00e7\u00fcr\u00fctecek tan\u0131klar\u0131, bask\u0131y\u0131 kan\u0131tlayacak yaz\u0131\u015fmalar\u0131 ve en \u00f6nemlisi miras odakl\u0131 \u00e7eki\u015fmeyi ortaya koyacak belgeleri dosyaya d\u00e2hil etmek, savunman\u0131n temel dire\u011fidir.<\/p>\n\n\n\n<p><strong>Sab\u0131r:<\/strong> Soru\u015fturma a\u015famas\u0131, insan\u0131n sabr\u0131n\u0131 zorlayan bir s\u00fcre\u00e7tir. Ancak &#8220;temiz bir sicil&#8221; ve &#8220;kararlara uyum&#8221;, h\u00e2kim ve savc\u0131 nezdinde en b\u00fcy\u00fck referans\u0131n\u0131zd\u0131r.<\/p>\n\n\n\n<h3 class=\"wp-block-heading\">Sonu\u00e7 Olarak<\/h3>\n\n\n\n<p>Adalet, sadece su\u00e7luyu cezaland\u0131rmak de\u011fildir; ayn\u0131 zamanda iftira ile yaftalanan, \u00f6z babas\u0131ndan kopar\u0131lan ve evinden s\u00fcr\u00fclen insan\u0131n hakk\u0131n\u0131 teslim etmektir. Bir aileyi miras kavgas\u0131 u\u011fruna par\u00e7alayanlara kar\u015f\u0131, hukuk sistemi &#8220;k\u0131s\u0131tl\u0131n\u0131n \u00f6zg\u00fcr iradesini&#8221; ve &#8220;ger\u00e7ekleri&#8221; koruyabildi\u011fi s\u00fcrece, adalete olan inanc\u0131m\u0131z ye\u015ferir.<\/p>\n\n\n\n<p>Unutmay\u0131n, vasilik ki\u015fiyi bir yerlere kapatma yetkisi de\u011fil, ona \u015fefkatle hizmet etme g\u00f6revidir. E\u011fer bu g\u00f6rev bir kalkan de\u011fil de k\u0131l\u0131\u00e7 olarak kullan\u0131l\u0131yorsa, hukuk bir g\u00fcn o k\u0131l\u0131c\u0131 tutan eli mutlaka durduracakt\u0131r.<\/p>\n\n\n\n<p>*** Bu yaz\u0131, genel hukuki s\u00fcre\u00e7lerden yola \u00e7\u0131k\u0131larak, ya\u015fad\u0131\u011f\u0131n\u0131z ma\u011fduriyete ve benzeri durumlara dikkat \u00e7ekmek amac\u0131yla kaleme al\u0131nm\u0131\u015ft\u0131r. Hakk\u0131n\u0131z\u0131 arad\u0131\u011f\u0131n\u0131z her an, ger\u00e7e\u011fin er ya da ge\u00e7 ortaya \u00e7\u0131kaca\u011f\u0131n\u0131 unutmay\u0131n.<\/p>\n","protected":false},"excerpt":{"rendered":"<p>&#8220;Vasilik&#8221; Kalkan\u0131 ve Adaletin \u00c7\u0131\u011fl\u0131\u011f\u0131 Modern hukuk sistemimizde &#8220;vesayet&#8221; kurumu, k\u0131s\u0131tl\u0131 ki\u015filerin haklar\u0131n\u0131 korumak, onlar\u0131n ya\u015fam kalitesini g\u00fcvence alt\u0131na almak i\u00e7in tasarlanm\u0131\u015f kutsal bir kalkand\u0131r. Ancak g\u00fcn\u00fcm\u00fczde bu kalkan\u0131n, bazen bireysel \u00e7\u0131karlar, miras h\u0131rslar\u0131 ve aile i\u00e7i hesapla\u015fmalar i\u00e7in bir &#8220;k\u0131l\u0131\u00e7&#8221; gibi kullan\u0131ld\u0131\u011f\u0131na \u015fahit oluyoruz. Bir evlad\u0131n, kendi \u00f6z babas\u0131n\u0131 ve karde\u015fini &#8220;tehdit&#8221; gerek\u00e7esiyle \u015fik\u00e2yet [&hellip;]<\/p>\n","protected":false},"author":14013,"featured_media":167144,"comment_status":"open","ping_status":"open","sticky":false,"template":"","format":"standard","meta":{"_yoast_wpseo_focuskw":"adalet","_yoast_wpseo_title":"","_yoast_wpseo_metadesc":"Modern hukuk sistemimizde \"vesayet\", k\u0131s\u0131tl\u0131 ki\u015filerin haklar\u0131n\u0131 korumak, ya\u015fam kalitesini g\u00fcvenceye almak i\u00e7in tasarlanm\u0131\u015f bir kalkand\u0131r.","_bbp_topic_count":0,"_bbp_reply_count":0,"_bbp_total_topic_count":0,"_bbp_total_reply_count":0,"_bbp_voice_count":0,"_bbp_anonymous_reply_count":0,"_bbp_topic_count_hidden":0,"_bbp_reply_count_hidden":0,"_bbp_forum_subforum_count":0,"footnotes":"","_yoast_wpseo_focuskw_text_input":""},"categories":[11361],"tags":[],"yoast_head":"<!-- This site is optimized with the Yoast SEO plugin v23.0 - https:\/\/yoast.com\/wordpress\/plugins\/seo\/ -->\n<title>Adalet Terazisinde Bir Aile Dram\u0131 - The Epoch Times TR<\/title>\n<meta name=\"description\" content=\"Modern hukuk sistemimizde &quot;vesayet&quot;, k\u0131s\u0131tl\u0131 ki\u015filerin haklar\u0131n\u0131 korumak, ya\u015fam kalitesini g\u00fcvenceye almak i\u00e7in tasarlanm\u0131\u015f bir kalkand\u0131r.\" \/>\n<meta name=\"robots\" content=\"index, follow, max-snippet:-1, max-image-preview:large, max-video-preview:-1\" \/>\n<link rel=\"canonical\" href=\"https:\/\/epochtimestr.com\/index.php\/adalet-terazisinde-bir-aile-drami\" \/>\n<meta property=\"og:locale\" content=\"tr_TR\" \/>\n<meta property=\"og:type\" content=\"article\" \/>\n<meta property=\"og:title\" content=\"Adalet Terazisinde Bir Aile Dram\u0131 - The Epoch Times TR\" \/>\n<meta property=\"og:description\" content=\"Modern hukuk sistemimizde &quot;vesayet&quot;, k\u0131s\u0131tl\u0131 ki\u015filerin haklar\u0131n\u0131 korumak, ya\u015fam kalitesini g\u00fcvenceye almak i\u00e7in tasarlanm\u0131\u015f bir kalkand\u0131r.\" \/>\n<meta property=\"og:url\" content=\"https:\/\/epochtimestr.com\/index.php\/adalet-terazisinde-bir-aile-drami\" \/>\n<meta property=\"og:site_name\" content=\"The Epoch Times TR\" \/>\n<meta property=\"article:publisher\" content=\"https:\/\/www.facebook.com\/theepochtimestr\" \/>\n<meta property=\"article:published_time\" content=\"2026-06-16T04:00:00+00:00\" \/>\n<meta property=\"article:modified_time\" content=\"2026-06-15T19:27:37+00:00\" \/>\n<meta property=\"og:image\" content=\"https:\/\/epochtimestr.com\/wp-content\/uploads\/2011y\/ali-kekliktepe-SM.jpeg\" \/>\n\t<meta property=\"og:image:width\" content=\"1200\" \/>\n\t<meta property=\"og:image:height\" content=\"630\" \/>\n\t<meta property=\"og:image:type\" content=\"image\/jpeg\" \/>\n<meta name=\"author\" content=\"Ali Kekliktepe\" \/>\n<meta name=\"twitter:card\" content=\"summary_large_image\" \/>\n<meta name=\"twitter:creator\" content=\"@TheEpochTimesTR\" \/>\n<meta name=\"twitter:site\" content=\"@TheEpochTimesTR\" \/>\n<meta name=\"twitter:label1\" content=\"Yazan:\" \/>\n\t<meta name=\"twitter:data1\" content=\"Ali Kekliktepe\" \/>\n\t<meta name=\"twitter:label2\" content=\"Tahmini okuma s\u00fcresi\" \/>\n\t<meta name=\"twitter:data2\" content=\"3 dakika\" \/>\n<script type=\"application\/ld+json\" class=\"yoast-schema-graph\">{\"@context\":\"https:\/\/schema.org\",\"@graph\":[{\"@type\":\"Article\",\"@id\":\"https:\/\/epochtimestr.com\/index.php\/adalet-terazisinde-bir-aile-drami#article\",\"isPartOf\":{\"@id\":\"https:\/\/epochtimestr.com\/index.php\/adalet-terazisinde-bir-aile-drami\"},\"author\":{\"name\":\"Ali Kekliktepe\",\"@id\":\"https:\/\/epochtimestr.com\/#\/schema\/person\/da94a416fed1aed029d0a47e85673b95\"},\"headline\":\"Adalet Terazisinde Bir Aile Dram\u0131\",\"datePublished\":\"2026-06-16T04:00:00+00:00\",\"dateModified\":\"2026-06-15T19:27:37+00:00\",\"mainEntityOfPage\":{\"@id\":\"https:\/\/epochtimestr.com\/index.php\/adalet-terazisinde-bir-aile-drami\"},\"wordCount\":561,\"commentCount\":0,\"publisher\":{\"@id\":\"https:\/\/epochtimestr.com\/#organization\"},\"image\":{\"@id\":\"https:\/\/epochtimestr.com\/index.php\/adalet-terazisinde-bir-aile-drami#primaryimage\"},\"thumbnailUrl\":\"https:\/\/epochtimestr.com\/wp-content\/uploads\/2011y\/Ali-Kekliktepe.jpg\",\"articleSection\":[\"K\u00f6\u015fe Yaz\u0131lar\u0131 Ali Kekliktepe\"],\"inLanguage\":\"tr\",\"potentialAction\":[{\"@type\":\"CommentAction\",\"name\":\"Comment\",\"target\":[\"https:\/\/epochtimestr.com\/index.php\/adalet-terazisinde-bir-aile-drami#respond\"]}]},{\"@type\":\"WebPage\",\"@id\":\"https:\/\/epochtimestr.com\/index.php\/adalet-terazisinde-bir-aile-drami\",\"url\":\"https:\/\/epochtimestr.com\/index.php\/adalet-terazisinde-bir-aile-drami\",\"name\":\"Adalet Terazisinde Bir Aile Dram\u0131 - The Epoch Times TR\",\"isPartOf\":{\"@id\":\"https:\/\/epochtimestr.com\/#website\"},\"primaryImageOfPage\":{\"@id\":\"https:\/\/epochtimestr.com\/index.php\/adalet-terazisinde-bir-aile-drami#primaryimage\"},\"image\":{\"@id\":\"https:\/\/epochtimestr.com\/index.php\/adalet-terazisinde-bir-aile-drami#primaryimage\"},\"thumbnailUrl\":\"https:\/\/epochtimestr.com\/wp-content\/uploads\/2011y\/Ali-Kekliktepe.jpg\",\"datePublished\":\"2026-06-16T04:00:00+00:00\",\"dateModified\":\"2026-06-15T19:27:37+00:00\",\"description\":\"Modern hukuk sistemimizde \\\"vesayet\\\", k\u0131s\u0131tl\u0131 ki\u015filerin haklar\u0131n\u0131 korumak, ya\u015fam kalitesini g\u00fcvenceye almak i\u00e7in tasarlanm\u0131\u015f bir kalkand\u0131r.\",\"inLanguage\":\"tr\",\"potentialAction\":[{\"@type\":\"ReadAction\",\"target\":[\"https:\/\/epochtimestr.com\/index.php\/adalet-terazisinde-bir-aile-drami\"]}]},{\"@type\":\"ImageObject\",\"inLanguage\":\"tr\",\"@id\":\"https:\/\/epochtimestr.com\/index.php\/adalet-terazisinde-bir-aile-drami#primaryimage\",\"url\":\"https:\/\/epochtimestr.com\/wp-content\/uploads\/2011y\/Ali-Kekliktepe.jpg\",\"contentUrl\":\"https:\/\/epochtimestr.com\/wp-content\/uploads\/2011y\/Ali-Kekliktepe.jpg\",\"width\":600,\"height\":600},{\"@type\":\"WebSite\",\"@id\":\"https:\/\/epochtimestr.com\/#website\",\"url\":\"https:\/\/epochtimestr.com\/\",\"name\":\"The Epoch Times TR\",\"description\":\"De\u011fi\u015fen D\u00fcnyam\u0131za Taze Bir Bak\u0131\u015f\",\"publisher\":{\"@id\":\"https:\/\/epochtimestr.com\/#organization\"},\"potentialAction\":[{\"@type\":\"SearchAction\",\"target\":{\"@type\":\"EntryPoint\",\"urlTemplate\":\"https:\/\/epochtimestr.com\/?s={search_term_string}\"},\"query-input\":\"required name=search_term_string\"}],\"inLanguage\":\"tr\"},{\"@type\":\"Organization\",\"@id\":\"https:\/\/epochtimestr.com\/#organization\",\"name\":\"The EpochTimes T\u00fcrkiye\",\"url\":\"https:\/\/epochtimestr.com\/\",\"logo\":{\"@type\":\"ImageObject\",\"inLanguage\":\"tr\",\"@id\":\"https:\/\/epochtimestr.com\/#\/schema\/logo\/image\/\",\"url\":\"https:\/\/epochtimestr.com\/wp-content\/uploads\/2011y\/ET-Logo-YG.jpg\",\"contentUrl\":\"https:\/\/epochtimestr.com\/wp-content\/uploads\/2011y\/ET-Logo-YG.jpg\",\"width\":346,\"height\":29,\"caption\":\"The EpochTimes T\u00fcrkiye\"},\"image\":{\"@id\":\"https:\/\/epochtimestr.com\/#\/schema\/logo\/image\/\"},\"sameAs\":[\"https:\/\/www.facebook.com\/theepochtimestr\",\"https:\/\/x.com\/TheEpochTimesTR\",\"https:\/\/www.instagram.com\/epochtimestr\"]},{\"@type\":\"Person\",\"@id\":\"https:\/\/epochtimestr.com\/#\/schema\/person\/da94a416fed1aed029d0a47e85673b95\",\"name\":\"Ali Kekliktepe\",\"image\":{\"@type\":\"ImageObject\",\"inLanguage\":\"tr\",\"@id\":\"https:\/\/epochtimestr.com\/#\/schema\/person\/image\/\",\"url\":\"https:\/\/secure.gravatar.com\/avatar\/6c965c3fc374c8f4af759baef4f38bcd?s=96&d=mm&r=g\",\"contentUrl\":\"https:\/\/secure.gravatar.com\/avatar\/6c965c3fc374c8f4af759baef4f38bcd?s=96&d=mm&r=g\",\"caption\":\"Ali Kekliktepe\"},\"description\":\"Ben Ali Kekliktepe; hayat\u0131n\u0131 \u00f6\u011frenmeye, \u00f6\u011fretmeye ve toplumsal fayda yaratmaya adam\u0131\u015f bir yazar ve profesyonelim. Kalemi sadece ka\u011f\u0131da dokunan bir ara\u00e7 de\u011fil, toplumun aksayan y\u00f6nlerine \u015fifa olan bir enstr\u00fcman olarak g\u00f6r\u00fcyorum.\",\"sameAs\":[\"https:\/\/alikekliktepemersin33.blogspot.com\/\"],\"url\":\"https:\/\/epochtimestr.com\/index.php\/author\/ali\"}]}<\/script>\n<!-- \/ Yoast SEO plugin. -->","yoast_head_json":{"title":"Adalet Terazisinde Bir Aile Dram\u0131 - The Epoch Times TR","description":"Modern hukuk sistemimizde \"vesayet\", k\u0131s\u0131tl\u0131 ki\u015filerin haklar\u0131n\u0131 korumak, ya\u015fam kalitesini g\u00fcvenceye almak i\u00e7in tasarlanm\u0131\u015f bir kalkand\u0131r.","robots":{"index":"index","follow":"follow","max-snippet":"max-snippet:-1","max-image-preview":"max-image-preview:large","max-video-preview":"max-video-preview:-1"},"canonical":"https:\/\/epochtimestr.com\/index.php\/adalet-terazisinde-bir-aile-drami","og_locale":"tr_TR","og_type":"article","og_title":"Adalet Terazisinde Bir Aile Dram\u0131 - The Epoch Times TR","og_description":"Modern hukuk sistemimizde \"vesayet\", k\u0131s\u0131tl\u0131 ki\u015filerin haklar\u0131n\u0131 korumak, ya\u015fam kalitesini g\u00fcvenceye almak i\u00e7in tasarlanm\u0131\u015f bir kalkand\u0131r.","og_url":"https:\/\/epochtimestr.com\/index.php\/adalet-terazisinde-bir-aile-drami","og_site_name":"The Epoch Times TR","article_publisher":"https:\/\/www.facebook.com\/theepochtimestr","article_published_time":"2026-06-16T04:00:00+00:00","article_modified_time":"2026-06-15T19:27:37+00:00","og_image":[{"width":1200,"height":630,"url":"https:\/\/epochtimestr.com\/wp-content\/uploads\/2011y\/ali-kekliktepe-SM.jpeg","type":"image\/jpeg"}],"author":"Ali Kekliktepe","twitter_card":"summary_large_image","twitter_creator":"@TheEpochTimesTR","twitter_site":"@TheEpochTimesTR","twitter_misc":{"Yazan:":"Ali Kekliktepe","Tahmini okuma s\u00fcresi":"3 dakika"},"schema":{"@context":"https:\/\/schema.org","@graph":[{"@type":"Article","@id":"https:\/\/epochtimestr.com\/index.php\/adalet-terazisinde-bir-aile-drami#article","isPartOf":{"@id":"https:\/\/epochtimestr.com\/index.php\/adalet-terazisinde-bir-aile-drami"},"author":{"name":"Ali Kekliktepe","@id":"https:\/\/epochtimestr.com\/#\/schema\/person\/da94a416fed1aed029d0a47e85673b95"},"headline":"Adalet Terazisinde Bir Aile Dram\u0131","datePublished":"2026-06-16T04:00:00+00:00","dateModified":"2026-06-15T19:27:37+00:00","mainEntityOfPage":{"@id":"https:\/\/epochtimestr.com\/index.php\/adalet-terazisinde-bir-aile-drami"},"wordCount":561,"commentCount":0,"publisher":{"@id":"https:\/\/epochtimestr.com\/#organization"},"image":{"@id":"https:\/\/epochtimestr.com\/index.php\/adalet-terazisinde-bir-aile-drami#primaryimage"},"thumbnailUrl":"https:\/\/epochtimestr.com\/wp-content\/uploads\/2011y\/Ali-Kekliktepe.jpg","articleSection":["K\u00f6\u015fe Yaz\u0131lar\u0131 Ali Kekliktepe"],"inLanguage":"tr","potentialAction":[{"@type":"CommentAction","name":"Comment","target":["https:\/\/epochtimestr.com\/index.php\/adalet-terazisinde-bir-aile-drami#respond"]}]},{"@type":"WebPage","@id":"https:\/\/epochtimestr.com\/index.php\/adalet-terazisinde-bir-aile-drami","url":"https:\/\/epochtimestr.com\/index.php\/adalet-terazisinde-bir-aile-drami","name":"Adalet Terazisinde Bir Aile Dram\u0131 - The Epoch Times TR","isPartOf":{"@id":"https:\/\/epochtimestr.com\/#website"},"primaryImageOfPage":{"@id":"https:\/\/epochtimestr.com\/index.php\/adalet-terazisinde-bir-aile-drami#primaryimage"},"image":{"@id":"https:\/\/epochtimestr.com\/index.php\/adalet-terazisinde-bir-aile-drami#primaryimage"},"thumbnailUrl":"https:\/\/epochtimestr.com\/wp-content\/uploads\/2011y\/Ali-Kekliktepe.jpg","datePublished":"2026-06-16T04:00:00+00:00","dateModified":"2026-06-15T19:27:37+00:00","description":"Modern hukuk sistemimizde \"vesayet\", k\u0131s\u0131tl\u0131 ki\u015filerin haklar\u0131n\u0131 korumak, ya\u015fam kalitesini g\u00fcvenceye almak i\u00e7in tasarlanm\u0131\u015f bir kalkand\u0131r.","inLanguage":"tr","potentialAction":[{"@type":"ReadAction","target":["https:\/\/epochtimestr.com\/index.php\/adalet-terazisinde-bir-aile-drami"]}]},{"@type":"ImageObject","inLanguage":"tr","@id":"https:\/\/epochtimestr.com\/index.php\/adalet-terazisinde-bir-aile-drami#primaryimage","url":"https:\/\/epochtimestr.com\/wp-content\/uploads\/2011y\/Ali-Kekliktepe.jpg","contentUrl":"https:\/\/epochtimestr.com\/wp-content\/uploads\/2011y\/Ali-Kekliktepe.jpg","width":600,"height":600},{"@type":"WebSite","@id":"https:\/\/epochtimestr.com\/#website","url":"https:\/\/epochtimestr.com\/","name":"The Epoch Times TR","description":"De\u011fi\u015fen D\u00fcnyam\u0131za Taze Bir Bak\u0131\u015f","publisher":{"@id":"https:\/\/epochtimestr.com\/#organization"},"potentialAction":[{"@type":"SearchAction","target":{"@type":"EntryPoint","urlTemplate":"https:\/\/epochtimestr.com\/?s={search_term_string}"},"query-input":"required name=search_term_string"}],"inLanguage":"tr"},{"@type":"Organization","@id":"https:\/\/epochtimestr.com\/#organization","name":"The EpochTimes T\u00fcrkiye","url":"https:\/\/epochtimestr.com\/","logo":{"@type":"ImageObject","inLanguage":"tr","@id":"https:\/\/epochtimestr.com\/#\/schema\/logo\/image\/","url":"https:\/\/epochtimestr.com\/wp-content\/uploads\/2011y\/ET-Logo-YG.jpg","contentUrl":"https:\/\/epochtimestr.com\/wp-content\/uploads\/2011y\/ET-Logo-YG.jpg","width":346,"height":29,"caption":"The EpochTimes T\u00fcrkiye"},"image":{"@id":"https:\/\/epochtimestr.com\/#\/schema\/logo\/image\/"},"sameAs":["https:\/\/www.facebook.com\/theepochtimestr","https:\/\/x.com\/TheEpochTimesTR","https:\/\/www.instagram.com\/epochtimestr"]},{"@type":"Person","@id":"https:\/\/epochtimestr.com\/#\/schema\/person\/da94a416fed1aed029d0a47e85673b95","name":"Ali Kekliktepe","image":{"@type":"ImageObject","inLanguage":"tr","@id":"https:\/\/epochtimestr.com\/#\/schema\/person\/image\/","url":"https:\/\/secure.gravatar.com\/avatar\/6c965c3fc374c8f4af759baef4f38bcd?s=96&d=mm&r=g","contentUrl":"https:\/\/secure.gravatar.com\/avatar\/6c965c3fc374c8f4af759baef4f38bcd?s=96&d=mm&r=g","caption":"Ali Kekliktepe"},"description":"Ben Ali Kekliktepe; hayat\u0131n\u0131 \u00f6\u011frenmeye, \u00f6\u011fretmeye ve toplumsal fayda yaratmaya adam\u0131\u015f bir yazar ve profesyonelim. Kalemi sadece ka\u011f\u0131da dokunan bir ara\u00e7 de\u011fil, toplumun aksayan y\u00f6nlerine \u015fifa olan bir enstr\u00fcman olarak g\u00f6r\u00fcyorum.","sameAs":["https:\/\/alikekliktepemersin33.blogspot.com\/"],"url":"https:\/\/epochtimestr.com\/index.php\/author\/ali"}]}},"_links":{"self":[{"href":"https:\/\/epochtimestr.com\/index.php\/wp-json\/wp\/v2\/posts\/167845"}],"collection":[{"href":"https:\/\/epochtimestr.com\/index.php\/wp-json\/wp\/v2\/posts"}],"about":[{"href":"https:\/\/epochtimestr.com\/index.php\/wp-json\/wp\/v2\/types\/post"}],"author":[{"embeddable":true,"href":"https:\/\/epochtimestr.com\/index.php\/wp-json\/wp\/v2\/users\/14013"}],"replies":[{"embeddable":true,"href":"https:\/\/epochtimestr.com\/index.php\/wp-json\/wp\/v2\/comments?post=167845"}],"version-history":[{"count":1,"href":"https:\/\/epochtimestr.com\/index.php\/wp-json\/wp\/v2\/posts\/167845\/revisions"}],"predecessor-version":[{"id":167846,"href":"https:\/\/epochtimestr.com\/index.php\/wp-json\/wp\/v2\/posts\/167845\/revisions\/167846"}],"wp:featuredmedia":[{"embeddable":true,"href":"https:\/\/epochtimestr.com\/index.php\/wp-json\/wp\/v2\/media\/167144"}],"wp:attachment":[{"href":"https:\/\/epochtimestr.com\/index.php\/wp-json\/wp\/v2\/media?parent=167845"}],"wp:term":[{"taxonomy":"category","embeddable":true,"href":"https:\/\/epochtimestr.com\/index.php\/wp-json\/wp\/v2\/categories?post=167845"},{"taxonomy":"post_tag","embeddable":true,"href":"https:\/\/epochtimestr.com\/index.php\/wp-json\/wp\/v2\/tags?post=167845"}],"curies":[{"name":"wp","href":"https:\/\/api.w.org\/{rel}","templated":true}]}}