{"id":167857,"date":"2026-06-17T07:00:00","date_gmt":"2026-06-17T04:00:00","guid":{"rendered":"https:\/\/epochtimestr.com\/?p=167857"},"modified":"2026-06-16T17:38:56","modified_gmt":"2026-06-16T14:38:56","slug":"silifkede-sivrisineksiz-bir-yaz-mumkun","status":"publish","type":"post","link":"https:\/\/epochtimestr.com\/index.php\/silifkede-sivrisineksiz-bir-yaz-mumkun","title":{"rendered":"Silifke&#8217;de Sivrisineksiz Bir Yaz M\u00fcmk\u00fcn"},"content":{"rendered":"\n<p>Akdeniz\u2019in bereketli topraklar\u0131, G\u00f6ksu\u2019nun serinli\u011fi ve Silifke\u2019mizin kendine has iklimi&#8230; Hepsi bir araya gelince ortaya e\u015fsiz bir ya\u015fam alan\u0131 \u00e7\u0131k\u0131yor. Ancak bu co\u011frafyan\u0131n ka\u00e7\u0131n\u0131lmaz bir misafiri var: sivrisinekler. \u00d6zellikle ak\u015fam saatlerinde balkon keyfimizi b\u00f6len, uykular\u0131m\u0131z\u0131 ka\u00e7\u0131ran bu davetsiz misafirlerle ya\u015famak zorunda m\u0131y\u0131z? Elbette hay\u0131r.<\/p>\n\n\n\n<p>Silifke\u2019de sivrisinek pop\u00fclasyonunu kontrol alt\u0131na almak ve yaz ak\u015famlar\u0131n\u0131 huzurlu k\u0131lmak i\u00e7in topyek\u00fbn bir m\u00fccadele \u015fart. \u0130\u015fte bu konuda at\u0131labilecek en etkili ad\u0131mlar:<\/p>\n\n\n\n<h3 class=\"wp-block-heading\">1. Kaynakta M\u00fccadele: &#8220;Su Birikintisi&#8221; Operasyonu<\/h3>\n\n\n\n<p>Sivrisineklerin en sevdi\u011fi yer durgun sulard\u0131r. M\u00fccadele ila\u00e7lamadan \u00e7ok \u00f6nce, yumurtlama alanlar\u0131n\u0131 yok etmekle ba\u015flar.<\/p>\n\n\n\n<p><strong>\u00c7\u00f6p ve At\u0131k Y\u00f6netimi:<\/strong> Bah\u00e7elerde, teraslarda veya sokak aralar\u0131nda su tutabilecek eski lastikler, kovalar, kaplar ve saks\u0131 altlar\u0131 mutlaka bo\u015falt\u0131lmal\u0131 veya ters \u00e7evrilmelidir.<\/p>\n\n\n\n<p><strong>Durgun Su Alanlar\u0131:<\/strong> Evlerimizin \u00e7evresindeki k\u00fc\u00e7\u00fck su birikintileri, drenaj kanallar\u0131 ve giderler d\u00fczenli olarak kontrol edilmeli, gerekirse belediyenin vekt\u00f6rle m\u00fccadele ekipleriyle i\u015f birli\u011fi yap\u0131lmal\u0131d\u0131r.<\/p>\n\n\n\n<h3 class=\"wp-block-heading\">2. Do\u011fal ve Biyolojik Y\u00f6ntemler<\/h3>\n\n\n\n<p>Kimyasal ila\u00e7lar k\u0131sa vadeli \u00e7\u00f6z\u00fcm sunsa da, do\u011fay\u0131 korumak ad\u0131na biyolojik alternatifleri g\u00fc\u00e7lendirmeliyiz.<\/p>\n\n\n\n<p><strong>Do\u011fal D\u00fc\u015fmanlar:<\/strong> Sivrisineklerin larvalar\u0131n\u0131 yiyen bal\u0131k t\u00fcrlerinin s\u00fcs havuzlar\u0131na b\u0131rak\u0131lmas\u0131 veya yarasa gibi bu canl\u0131larla beslenen do\u011fal pop\u00fclasyonlar\u0131n korunmas\u0131, uzun vadede ciddi fark yarat\u0131r.<\/p>\n\n\n\n<p><strong>Bitkisel Kalkan:<\/strong> Bah\u00e7elerde ve balkonlarda sivrisineklerin ho\u015flanmad\u0131\u011f\u0131 fesle\u011fen, lavanta, biberiye, nane ve sardunya gibi bitkileri \u00e7o\u011faltmak hem dekoratif bir \u00e7\u00f6z\u00fcm sunar hem de do\u011fal bir bariyer g\u00f6revi g\u00f6r\u00fcr.<\/p>\n\n\n\n<h3 class=\"wp-block-heading\">3. Bireysel Korunmada Ak\u0131ll\u0131 Se\u00e7imler<\/h3>\n\n\n\n<p>M\u00fccadele sadece d\u0131\u015far\u0131da de\u011fil, evlerimizde de devam etmeli.<\/p>\n\n\n\n<p><strong>S\u0131k\u0131 Koruma:<\/strong> Pencerelere ve kap\u0131lara tak\u0131lan kaliteli sineklikler, sivrisinekle m\u00fccadelenin &#8220;alt\u0131n kural\u0131d\u0131r&#8221;.<\/p>\n\n\n\n<p><strong>Do\u011fal Kokular:<\/strong> Kimyasal spreyler yerine; okalipt\u00fcs, sitronella veya limon otu ya\u011f\u0131 i\u00e7eren do\u011fal kar\u0131\u015f\u0131mlar\u0131 kullanmak, hem sa\u011fl\u0131\u011f\u0131m\u0131z hem de ya\u015fam kalitemiz i\u00e7in \u00e7ok daha s\u00fcrd\u00fcr\u00fclebilirdir.<\/p>\n\n\n\n<h3 class=\"wp-block-heading\">4. Toplumsal Fark\u0131ndal\u0131k<\/h3>\n\n\n\n<p>Unutmayal\u0131m ki bir evin bah\u00e7esinde temizlenen tek bir kap, y\u00fczlerce sivrisine\u011fin \u00fcremesini engeller. Silifke Belediyesi&#8217;nin ila\u00e7lama \u00e7al\u0131\u015fmalar\u0131na destek olmak, sular\u0131m\u0131za sahip \u00e7\u0131kmak ve \u00e7evremizdeki durgun sular\u0131 temiz tutmak, hepimizin sorumlulu\u011fudur.<\/p>\n\n\n\n<p>Sivrisineksiz, serin ve huzurlu bir Silifke yaz\u0131 ge\u00e7irmek imk\u00e2ns\u0131z de\u011fil, sadece biraz daha dikkatli ve bilin\u00e7li olmaya bak\u0131yor. Bu yaz, &#8220;sinek avlamak&#8221; yerine, G\u00f6ksu&#8217;nun ve Akdeniz&#8217;in tad\u0131n\u0131 \u00e7\u0131karmaya ne dersiniz?<\/p>\n","protected":false},"excerpt":{"rendered":"<p>Akdeniz\u2019in bereketli topraklar\u0131, G\u00f6ksu\u2019nun serinli\u011fi ve Silifke\u2019mizin kendine has iklimi&#8230; Hepsi bir araya gelince ortaya e\u015fsiz bir ya\u015fam alan\u0131 \u00e7\u0131k\u0131yor. Ancak bu co\u011frafyan\u0131n ka\u00e7\u0131n\u0131lmaz bir misafiri var: sivrisinekler. \u00d6zellikle ak\u015fam saatlerinde balkon keyfimizi b\u00f6len, uykular\u0131m\u0131z\u0131 ka\u00e7\u0131ran bu davetsiz misafirlerle ya\u015famak zorunda m\u0131y\u0131z? Elbette hay\u0131r. Silifke\u2019de sivrisinek pop\u00fclasyonunu kontrol alt\u0131na almak ve yaz ak\u015famlar\u0131n\u0131 huzurlu k\u0131lmak [&hellip;]<\/p>\n","protected":false},"author":14013,"featured_media":167144,"comment_status":"open","ping_status":"open","sticky":false,"template":"","format":"standard","meta":{"_yoast_wpseo_focuskw":"Sivrisineksiz","_yoast_wpseo_title":"","_yoast_wpseo_metadesc":"Sivrisineksiz, serin ve huzurlu bir Silifke yaz\u0131 ge\u00e7irmek imk\u00e2ns\u0131z de\u011fil, sadece biraz daha dikkatli ve bilin\u00e7li olmaya bak\u0131yor.","_bbp_topic_count":0,"_bbp_reply_count":0,"_bbp_total_topic_count":0,"_bbp_total_reply_count":0,"_bbp_voice_count":0,"_bbp_anonymous_reply_count":0,"_bbp_topic_count_hidden":0,"_bbp_reply_count_hidden":0,"_bbp_forum_subforum_count":0,"footnotes":"","_yoast_wpseo_focuskw_text_input":""},"categories":[11361],"tags":[],"yoast_head":"<!-- This site is optimized with the Yoast SEO plugin v23.0 - https:\/\/yoast.com\/wordpress\/plugins\/seo\/ -->\n<title>Silifke&#039;de Sivrisineksiz Bir Yaz M\u00fcmk\u00fcn - The Epoch Times TR<\/title>\n<meta name=\"description\" content=\"Sivrisineksiz, serin ve huzurlu bir Silifke yaz\u0131 ge\u00e7irmek imk\u00e2ns\u0131z de\u011fil, sadece biraz daha dikkatli ve bilin\u00e7li olmaya bak\u0131yor.\" \/>\n<meta name=\"robots\" content=\"index, follow, max-snippet:-1, max-image-preview:large, max-video-preview:-1\" \/>\n<link rel=\"canonical\" href=\"https:\/\/epochtimestr.com\/index.php\/silifkede-sivrisineksiz-bir-yaz-mumkun\" \/>\n<meta property=\"og:locale\" content=\"tr_TR\" \/>\n<meta property=\"og:type\" content=\"article\" \/>\n<meta property=\"og:title\" content=\"Silifke&#039;de Sivrisineksiz Bir Yaz M\u00fcmk\u00fcn - The Epoch Times TR\" \/>\n<meta property=\"og:description\" content=\"Sivrisineksiz, serin ve huzurlu bir Silifke yaz\u0131 ge\u00e7irmek imk\u00e2ns\u0131z de\u011fil, sadece biraz daha dikkatli ve bilin\u00e7li olmaya bak\u0131yor.\" \/>\n<meta property=\"og:url\" content=\"https:\/\/epochtimestr.com\/index.php\/silifkede-sivrisineksiz-bir-yaz-mumkun\" \/>\n<meta property=\"og:site_name\" content=\"The Epoch Times TR\" \/>\n<meta property=\"article:publisher\" content=\"https:\/\/www.facebook.com\/theepochtimestr\" \/>\n<meta property=\"article:published_time\" content=\"2026-06-17T04:00:00+00:00\" \/>\n<meta property=\"article:modified_time\" content=\"2026-06-16T14:38:56+00:00\" \/>\n<meta property=\"og:image\" content=\"https:\/\/epochtimestr.com\/wp-content\/uploads\/2011y\/ali-kekliktepe-SM.jpeg\" \/>\n\t<meta property=\"og:image:width\" content=\"1200\" \/>\n\t<meta property=\"og:image:height\" content=\"630\" \/>\n\t<meta property=\"og:image:type\" content=\"image\/jpeg\" \/>\n<meta name=\"author\" content=\"Ali Kekliktepe\" \/>\n<meta name=\"twitter:card\" content=\"summary_large_image\" \/>\n<meta name=\"twitter:creator\" content=\"@TheEpochTimesTR\" \/>\n<meta name=\"twitter:site\" content=\"@TheEpochTimesTR\" \/>\n<meta name=\"twitter:label1\" content=\"Yazan:\" \/>\n\t<meta name=\"twitter:data1\" content=\"Ali Kekliktepe\" \/>\n\t<meta name=\"twitter:label2\" content=\"Tahmini okuma s\u00fcresi\" \/>\n\t<meta name=\"twitter:data2\" content=\"3 dakika\" \/>\n<script type=\"application\/ld+json\" class=\"yoast-schema-graph\">{\"@context\":\"https:\/\/schema.org\",\"@graph\":[{\"@type\":\"Article\",\"@id\":\"https:\/\/epochtimestr.com\/index.php\/silifkede-sivrisineksiz-bir-yaz-mumkun#article\",\"isPartOf\":{\"@id\":\"https:\/\/epochtimestr.com\/index.php\/silifkede-sivrisineksiz-bir-yaz-mumkun\"},\"author\":{\"name\":\"Ali Kekliktepe\",\"@id\":\"https:\/\/epochtimestr.com\/#\/schema\/person\/da94a416fed1aed029d0a47e85673b95\"},\"headline\":\"Silifke&#8217;de Sivrisineksiz Bir Yaz M\u00fcmk\u00fcn\",\"datePublished\":\"2026-06-17T04:00:00+00:00\",\"dateModified\":\"2026-06-16T14:38:56+00:00\",\"mainEntityOfPage\":{\"@id\":\"https:\/\/epochtimestr.com\/index.php\/silifkede-sivrisineksiz-bir-yaz-mumkun\"},\"wordCount\":451,\"commentCount\":0,\"publisher\":{\"@id\":\"https:\/\/epochtimestr.com\/#organization\"},\"image\":{\"@id\":\"https:\/\/epochtimestr.com\/index.php\/silifkede-sivrisineksiz-bir-yaz-mumkun#primaryimage\"},\"thumbnailUrl\":\"https:\/\/epochtimestr.com\/wp-content\/uploads\/2011y\/Ali-Kekliktepe.jpg\",\"articleSection\":[\"K\u00f6\u015fe Yaz\u0131lar\u0131 Ali Kekliktepe\"],\"inLanguage\":\"tr\",\"potentialAction\":[{\"@type\":\"CommentAction\",\"name\":\"Comment\",\"target\":[\"https:\/\/epochtimestr.com\/index.php\/silifkede-sivrisineksiz-bir-yaz-mumkun#respond\"]}]},{\"@type\":\"WebPage\",\"@id\":\"https:\/\/epochtimestr.com\/index.php\/silifkede-sivrisineksiz-bir-yaz-mumkun\",\"url\":\"https:\/\/epochtimestr.com\/index.php\/silifkede-sivrisineksiz-bir-yaz-mumkun\",\"name\":\"Silifke'de Sivrisineksiz Bir Yaz M\u00fcmk\u00fcn - The Epoch Times TR\",\"isPartOf\":{\"@id\":\"https:\/\/epochtimestr.com\/#website\"},\"primaryImageOfPage\":{\"@id\":\"https:\/\/epochtimestr.com\/index.php\/silifkede-sivrisineksiz-bir-yaz-mumkun#primaryimage\"},\"image\":{\"@id\":\"https:\/\/epochtimestr.com\/index.php\/silifkede-sivrisineksiz-bir-yaz-mumkun#primaryimage\"},\"thumbnailUrl\":\"https:\/\/epochtimestr.com\/wp-content\/uploads\/2011y\/Ali-Kekliktepe.jpg\",\"datePublished\":\"2026-06-17T04:00:00+00:00\",\"dateModified\":\"2026-06-16T14:38:56+00:00\",\"description\":\"Sivrisineksiz, serin ve huzurlu bir Silifke yaz\u0131 ge\u00e7irmek imk\u00e2ns\u0131z de\u011fil, sadece biraz daha dikkatli ve bilin\u00e7li olmaya bak\u0131yor.\",\"inLanguage\":\"tr\",\"potentialAction\":[{\"@type\":\"ReadAction\",\"target\":[\"https:\/\/epochtimestr.com\/index.php\/silifkede-sivrisineksiz-bir-yaz-mumkun\"]}]},{\"@type\":\"ImageObject\",\"inLanguage\":\"tr\",\"@id\":\"https:\/\/epochtimestr.com\/index.php\/silifkede-sivrisineksiz-bir-yaz-mumkun#primaryimage\",\"url\":\"https:\/\/epochtimestr.com\/wp-content\/uploads\/2011y\/Ali-Kekliktepe.jpg\",\"contentUrl\":\"https:\/\/epochtimestr.com\/wp-content\/uploads\/2011y\/Ali-Kekliktepe.jpg\",\"width\":600,\"height\":600},{\"@type\":\"WebSite\",\"@id\":\"https:\/\/epochtimestr.com\/#website\",\"url\":\"https:\/\/epochtimestr.com\/\",\"name\":\"The Epoch Times TR\",\"description\":\"De\u011fi\u015fen D\u00fcnyam\u0131za Taze Bir Bak\u0131\u015f\",\"publisher\":{\"@id\":\"https:\/\/epochtimestr.com\/#organization\"},\"potentialAction\":[{\"@type\":\"SearchAction\",\"target\":{\"@type\":\"EntryPoint\",\"urlTemplate\":\"https:\/\/epochtimestr.com\/?s={search_term_string}\"},\"query-input\":\"required name=search_term_string\"}],\"inLanguage\":\"tr\"},{\"@type\":\"Organization\",\"@id\":\"https:\/\/epochtimestr.com\/#organization\",\"name\":\"The EpochTimes T\u00fcrkiye\",\"url\":\"https:\/\/epochtimestr.com\/\",\"logo\":{\"@type\":\"ImageObject\",\"inLanguage\":\"tr\",\"@id\":\"https:\/\/epochtimestr.com\/#\/schema\/logo\/image\/\",\"url\":\"https:\/\/epochtimestr.com\/wp-content\/uploads\/2011y\/ET-Logo-YG.jpg\",\"contentUrl\":\"https:\/\/epochtimestr.com\/wp-content\/uploads\/2011y\/ET-Logo-YG.jpg\",\"width\":346,\"height\":29,\"caption\":\"The EpochTimes T\u00fcrkiye\"},\"image\":{\"@id\":\"https:\/\/epochtimestr.com\/#\/schema\/logo\/image\/\"},\"sameAs\":[\"https:\/\/www.facebook.com\/theepochtimestr\",\"https:\/\/x.com\/TheEpochTimesTR\",\"https:\/\/www.instagram.com\/epochtimestr\"]},{\"@type\":\"Person\",\"@id\":\"https:\/\/epochtimestr.com\/#\/schema\/person\/da94a416fed1aed029d0a47e85673b95\",\"name\":\"Ali Kekliktepe\",\"image\":{\"@type\":\"ImageObject\",\"inLanguage\":\"tr\",\"@id\":\"https:\/\/epochtimestr.com\/#\/schema\/person\/image\/\",\"url\":\"https:\/\/secure.gravatar.com\/avatar\/6c965c3fc374c8f4af759baef4f38bcd?s=96&d=mm&r=g\",\"contentUrl\":\"https:\/\/secure.gravatar.com\/avatar\/6c965c3fc374c8f4af759baef4f38bcd?s=96&d=mm&r=g\",\"caption\":\"Ali Kekliktepe\"},\"description\":\"Ben Ali Kekliktepe; hayat\u0131n\u0131 \u00f6\u011frenmeye, \u00f6\u011fretmeye ve toplumsal fayda yaratmaya adam\u0131\u015f bir yazar ve profesyonelim. Kalemi sadece ka\u011f\u0131da dokunan bir ara\u00e7 de\u011fil, toplumun aksayan y\u00f6nlerine \u015fifa olan bir enstr\u00fcman olarak g\u00f6r\u00fcyorum.\",\"sameAs\":[\"https:\/\/alikekliktepemersin33.blogspot.com\/\"],\"url\":\"https:\/\/epochtimestr.com\/index.php\/author\/ali\"}]}<\/script>\n<!-- \/ Yoast SEO plugin. -->","yoast_head_json":{"title":"Silifke'de Sivrisineksiz Bir Yaz M\u00fcmk\u00fcn - The Epoch Times TR","description":"Sivrisineksiz, serin ve huzurlu bir Silifke yaz\u0131 ge\u00e7irmek imk\u00e2ns\u0131z de\u011fil, sadece biraz daha dikkatli ve bilin\u00e7li olmaya bak\u0131yor.","robots":{"index":"index","follow":"follow","max-snippet":"max-snippet:-1","max-image-preview":"max-image-preview:large","max-video-preview":"max-video-preview:-1"},"canonical":"https:\/\/epochtimestr.com\/index.php\/silifkede-sivrisineksiz-bir-yaz-mumkun","og_locale":"tr_TR","og_type":"article","og_title":"Silifke'de Sivrisineksiz Bir Yaz M\u00fcmk\u00fcn - The Epoch Times TR","og_description":"Sivrisineksiz, serin ve huzurlu bir Silifke yaz\u0131 ge\u00e7irmek imk\u00e2ns\u0131z de\u011fil, sadece biraz daha dikkatli ve bilin\u00e7li olmaya bak\u0131yor.","og_url":"https:\/\/epochtimestr.com\/index.php\/silifkede-sivrisineksiz-bir-yaz-mumkun","og_site_name":"The Epoch Times TR","article_publisher":"https:\/\/www.facebook.com\/theepochtimestr","article_published_time":"2026-06-17T04:00:00+00:00","article_modified_time":"2026-06-16T14:38:56+00:00","og_image":[{"width":1200,"height":630,"url":"https:\/\/epochtimestr.com\/wp-content\/uploads\/2011y\/ali-kekliktepe-SM.jpeg","type":"image\/jpeg"}],"author":"Ali Kekliktepe","twitter_card":"summary_large_image","twitter_creator":"@TheEpochTimesTR","twitter_site":"@TheEpochTimesTR","twitter_misc":{"Yazan:":"Ali Kekliktepe","Tahmini okuma s\u00fcresi":"3 dakika"},"schema":{"@context":"https:\/\/schema.org","@graph":[{"@type":"Article","@id":"https:\/\/epochtimestr.com\/index.php\/silifkede-sivrisineksiz-bir-yaz-mumkun#article","isPartOf":{"@id":"https:\/\/epochtimestr.com\/index.php\/silifkede-sivrisineksiz-bir-yaz-mumkun"},"author":{"name":"Ali Kekliktepe","@id":"https:\/\/epochtimestr.com\/#\/schema\/person\/da94a416fed1aed029d0a47e85673b95"},"headline":"Silifke&#8217;de Sivrisineksiz Bir Yaz M\u00fcmk\u00fcn","datePublished":"2026-06-17T04:00:00+00:00","dateModified":"2026-06-16T14:38:56+00:00","mainEntityOfPage":{"@id":"https:\/\/epochtimestr.com\/index.php\/silifkede-sivrisineksiz-bir-yaz-mumkun"},"wordCount":451,"commentCount":0,"publisher":{"@id":"https:\/\/epochtimestr.com\/#organization"},"image":{"@id":"https:\/\/epochtimestr.com\/index.php\/silifkede-sivrisineksiz-bir-yaz-mumkun#primaryimage"},"thumbnailUrl":"https:\/\/epochtimestr.com\/wp-content\/uploads\/2011y\/Ali-Kekliktepe.jpg","articleSection":["K\u00f6\u015fe Yaz\u0131lar\u0131 Ali Kekliktepe"],"inLanguage":"tr","potentialAction":[{"@type":"CommentAction","name":"Comment","target":["https:\/\/epochtimestr.com\/index.php\/silifkede-sivrisineksiz-bir-yaz-mumkun#respond"]}]},{"@type":"WebPage","@id":"https:\/\/epochtimestr.com\/index.php\/silifkede-sivrisineksiz-bir-yaz-mumkun","url":"https:\/\/epochtimestr.com\/index.php\/silifkede-sivrisineksiz-bir-yaz-mumkun","name":"Silifke'de Sivrisineksiz Bir Yaz M\u00fcmk\u00fcn - The Epoch Times TR","isPartOf":{"@id":"https:\/\/epochtimestr.com\/#website"},"primaryImageOfPage":{"@id":"https:\/\/epochtimestr.com\/index.php\/silifkede-sivrisineksiz-bir-yaz-mumkun#primaryimage"},"image":{"@id":"https:\/\/epochtimestr.com\/index.php\/silifkede-sivrisineksiz-bir-yaz-mumkun#primaryimage"},"thumbnailUrl":"https:\/\/epochtimestr.com\/wp-content\/uploads\/2011y\/Ali-Kekliktepe.jpg","datePublished":"2026-06-17T04:00:00+00:00","dateModified":"2026-06-16T14:38:56+00:00","description":"Sivrisineksiz, serin ve huzurlu bir Silifke yaz\u0131 ge\u00e7irmek imk\u00e2ns\u0131z de\u011fil, sadece biraz daha dikkatli ve bilin\u00e7li olmaya bak\u0131yor.","inLanguage":"tr","potentialAction":[{"@type":"ReadAction","target":["https:\/\/epochtimestr.com\/index.php\/silifkede-sivrisineksiz-bir-yaz-mumkun"]}]},{"@type":"ImageObject","inLanguage":"tr","@id":"https:\/\/epochtimestr.com\/index.php\/silifkede-sivrisineksiz-bir-yaz-mumkun#primaryimage","url":"https:\/\/epochtimestr.com\/wp-content\/uploads\/2011y\/Ali-Kekliktepe.jpg","contentUrl":"https:\/\/epochtimestr.com\/wp-content\/uploads\/2011y\/Ali-Kekliktepe.jpg","width":600,"height":600},{"@type":"WebSite","@id":"https:\/\/epochtimestr.com\/#website","url":"https:\/\/epochtimestr.com\/","name":"The Epoch Times TR","description":"De\u011fi\u015fen D\u00fcnyam\u0131za Taze Bir Bak\u0131\u015f","publisher":{"@id":"https:\/\/epochtimestr.com\/#organization"},"potentialAction":[{"@type":"SearchAction","target":{"@type":"EntryPoint","urlTemplate":"https:\/\/epochtimestr.com\/?s={search_term_string}"},"query-input":"required name=search_term_string"}],"inLanguage":"tr"},{"@type":"Organization","@id":"https:\/\/epochtimestr.com\/#organization","name":"The EpochTimes T\u00fcrkiye","url":"https:\/\/epochtimestr.com\/","logo":{"@type":"ImageObject","inLanguage":"tr","@id":"https:\/\/epochtimestr.com\/#\/schema\/logo\/image\/","url":"https:\/\/epochtimestr.com\/wp-content\/uploads\/2011y\/ET-Logo-YG.jpg","contentUrl":"https:\/\/epochtimestr.com\/wp-content\/uploads\/2011y\/ET-Logo-YG.jpg","width":346,"height":29,"caption":"The EpochTimes T\u00fcrkiye"},"image":{"@id":"https:\/\/epochtimestr.com\/#\/schema\/logo\/image\/"},"sameAs":["https:\/\/www.facebook.com\/theepochtimestr","https:\/\/x.com\/TheEpochTimesTR","https:\/\/www.instagram.com\/epochtimestr"]},{"@type":"Person","@id":"https:\/\/epochtimestr.com\/#\/schema\/person\/da94a416fed1aed029d0a47e85673b95","name":"Ali Kekliktepe","image":{"@type":"ImageObject","inLanguage":"tr","@id":"https:\/\/epochtimestr.com\/#\/schema\/person\/image\/","url":"https:\/\/secure.gravatar.com\/avatar\/6c965c3fc374c8f4af759baef4f38bcd?s=96&d=mm&r=g","contentUrl":"https:\/\/secure.gravatar.com\/avatar\/6c965c3fc374c8f4af759baef4f38bcd?s=96&d=mm&r=g","caption":"Ali Kekliktepe"},"description":"Ben Ali Kekliktepe; hayat\u0131n\u0131 \u00f6\u011frenmeye, \u00f6\u011fretmeye ve toplumsal fayda yaratmaya adam\u0131\u015f bir yazar ve profesyonelim. Kalemi sadece ka\u011f\u0131da dokunan bir ara\u00e7 de\u011fil, toplumun aksayan y\u00f6nlerine \u015fifa olan bir enstr\u00fcman olarak g\u00f6r\u00fcyorum.","sameAs":["https:\/\/alikekliktepemersin33.blogspot.com\/"],"url":"https:\/\/epochtimestr.com\/index.php\/author\/ali"}]}},"_links":{"self":[{"href":"https:\/\/epochtimestr.com\/index.php\/wp-json\/wp\/v2\/posts\/167857"}],"collection":[{"href":"https:\/\/epochtimestr.com\/index.php\/wp-json\/wp\/v2\/posts"}],"about":[{"href":"https:\/\/epochtimestr.com\/index.php\/wp-json\/wp\/v2\/types\/post"}],"author":[{"embeddable":true,"href":"https:\/\/epochtimestr.com\/index.php\/wp-json\/wp\/v2\/users\/14013"}],"replies":[{"embeddable":true,"href":"https:\/\/epochtimestr.com\/index.php\/wp-json\/wp\/v2\/comments?post=167857"}],"version-history":[{"count":1,"href":"https:\/\/epochtimestr.com\/index.php\/wp-json\/wp\/v2\/posts\/167857\/revisions"}],"predecessor-version":[{"id":167858,"href":"https:\/\/epochtimestr.com\/index.php\/wp-json\/wp\/v2\/posts\/167857\/revisions\/167858"}],"wp:featuredmedia":[{"embeddable":true,"href":"https:\/\/epochtimestr.com\/index.php\/wp-json\/wp\/v2\/media\/167144"}],"wp:attachment":[{"href":"https:\/\/epochtimestr.com\/index.php\/wp-json\/wp\/v2\/media?parent=167857"}],"wp:term":[{"taxonomy":"category","embeddable":true,"href":"https:\/\/epochtimestr.com\/index.php\/wp-json\/wp\/v2\/categories?post=167857"},{"taxonomy":"post_tag","embeddable":true,"href":"https:\/\/epochtimestr.com\/index.php\/wp-json\/wp\/v2\/tags?post=167857"}],"curies":[{"name":"wp","href":"https:\/\/api.w.org\/{rel}","templated":true}]}}